{"id":84061,"date":"2025-10-20T21:57:08","date_gmt":"2025-10-21T03:57:08","guid":{"rendered":"https:\/\/nitu.mx\/?p=84061"},"modified":"2025-10-20T21:57:09","modified_gmt":"2025-10-21T03:57:09","slug":"sectur-y-asetur-unen-esfuerzos-para-cumplir-el-programa-sectorial-de-turismo-2025-2030","status":"publish","type":"post","link":"https:\/\/nitu.mx\/index.php\/2025\/10\/20\/sectur-y-asetur-unen-esfuerzos-para-cumplir-el-programa-sectorial-de-turismo-2025-2030\/","title":{"rendered":"Sectur y Asetur unen esfuerzos para cumplir el Programa Sectorial de Turismo 2025-2030"},"content":{"rendered":"\n<p>Con el prop\u00f3sito de fortalecer la coordinaci\u00f3n entre los gobiernos estatales y el federal, y consolidar una visi\u00f3n conjunta para el desarrollo del turismo en el pa\u00eds como un generador de Prosperidad Compartida, la secretaria de Turismo federal, Josefina Rodr\u00edguez Zamora, sostuvo una reuni\u00f3n de trabajo con las y los secretarios de Turismo del pa\u00eds que conforman Asetur.<\/p>\n\n\n\n<p>Durante el encuentro se abordaron los principales temas de la agenda tur\u00edstica nacional, con la finalidad de alinear estrategias, consolidar acciones conjuntas que impulsen un turismo sostenible, competitivo e incluyente y compartir experiencias del sector.<\/p>\n\n\n\n<p>En su intervenci\u00f3n, la titular de la Secretar\u00eda de Turismo (Sectur) agradeci\u00f3 la participaci\u00f3n de las y los titulares estatales del ramo y destac\u00f3 que estas reuniones reflejan la uni\u00f3n y el compromiso del sector.<\/p>\n\n\n\n<p>\u201cAgradezco a todas y todos por su compromiso y por sumar esfuerzos en esta gran tarea de mostrar al mundo la riqueza de M\u00e9xico. Hoy reafirmamos que, trabajando en unidad, el turismo es una fuente de bienestar, orgullo y Prosperidad Compartida para nuestras comunidades\u201d, expres\u00f3.<\/p>\n\n\n\n<p>Por su parte, el presidente de la Asociaci\u00f3n de Secretarios de Turismo (Asetur), Bernardo Cueto Riestra, subray\u00f3 el valor del trabajo conjunto entre las entidades federativas y la Federaci\u00f3n para consolidar al turismo como una prioridad nacional.<\/p>\n\n\n\n<p>\u201cDesde la Asetur hemos asumido con plena convicci\u00f3n la tarea de articular esfuerzos y representar la voz de los estados en esta gran estrategia nacional. Asetur es hoy un espacio de coordinaci\u00f3n t\u00e9cnica y pol\u00edtica que promueve el intercambio de experiencias y la construcci\u00f3n de soluciones compartidas frente a los desaf\u00edos del turismo moderno\u201d, se\u00f1al\u00f3.<\/p>\n\n\n\n<p>Entre los temas tratados durante la jornada destac\u00f3 la presentaci\u00f3n del Programa Sectorial de Turismo 2025\u20132030 (Prosectur), instrumento rector que alinea los esfuerzos de los gobiernos federal y estatales para impulsar el desarrollo regional, la atracci\u00f3n de inversiones, la gobernanza tur\u00edstica, la innovaci\u00f3n, la sostenibilidad y la diversificaci\u00f3n de mercados.<\/p>\n\n\n\n<p>Asimismo, se analiz\u00f3 la Reforma a la Ley General de Turismo, que busca actualizar el marco normativo del sector para alinearlo con el Plan Nacional de Desarrollo, bajo un enfoque de turismo social y comunitario que contribuya a la Prosperidad Compartida, la equidad y el desarrollo regional.<\/p>\n\n\n\n<p>Durante la sesi\u00f3n se presentaron los preparativos para la participaci\u00f3n de M\u00e9xico como Pa\u00eds Invitado en la Feria Internacional de Turismo (FITUR 2026), que se llevar\u00e1 a cabo del 21 al 25 de enero en IFEMA Madrid, con la presencia de los 32 estados y una amplia agenda de actividades de promoci\u00f3n que incluir\u00e1 muestras gastron\u00f3micas, exposiciones, desfiles de moda, experiencias inmersivas y seminarios especializados.<\/p>\n\n\n\n<p>Tambi\u00e9n se dieron a conocer los avances del Tianguis Tur\u00edstico 2026, que tendr\u00e1 lugar en Acapulco, Guerrero, as\u00ed como los lineamientos para la participaci\u00f3n de los estados y la actualizaci\u00f3n de los Reconocimientos a la Innovaci\u00f3n del Producto Tur\u00edstico Mexicano.<\/p>\n\n\n\n<p>En el marco de las giras de promoci\u00f3n internacional, se invit\u00f3 a las y los representantes estatales a compartir sus prioridades para el pr\u00f3ximo a\u00f1o. Adem\u00e1s, se presentaron los proyectos especiales como M\u00e9xico de mis Sabores, que se realizar\u00e1 en Campo Marte durante la Copa Mundial de Futbol, y Casa M\u00e9xico Los \u00c1ngeles 2026, espacio de diplomacia tur\u00edstica y cultural para promover a M\u00e9xico en el extranjero.<\/p>\n\n\n\n<p>Asimismo, se anunciaron nuevos espacios de promoci\u00f3n tur\u00edstica como Punto M\u00e9xico, el Servicio Postal Mexicano (Sepomex) y Odisea M\u00e9xico, adem\u00e1s de los centros culturales de Cuba y Turqu\u00eda, los cuales permitir\u00e1n dar a conocer la riqueza artesanal, gastron\u00f3mica y cultural del pa\u00eds.<\/p>\n\n\n\n<p>Otro de los proyectos destacados fue Correos Clic, plataforma digital del Servicio Postal Mexicano que facilita la comercializaci\u00f3n de productos artesanales nacionales, fortaleciendo la econom\u00eda local y ampliando el alcance internacional de las y los creadores mexicanos.<\/p>\n\n\n\n<p>Finalmente, se acord\u00f3 impulsar campa\u00f1as de promoci\u00f3n y acciones solidarias en apoyo a los Pueblos M\u00e1gicos afectados por las recientes lluvias, con el objetivo de fortalecer su recuperaci\u00f3n econ\u00f3mica y social a trav\u00e9s del turismo.<\/p>\n\n\n\n<p>Con esta reuni\u00f3n, la Secretar\u00eda de Turismo refrenda su compromiso de trabajar de manera coordinada con las entidades federativas para fortalecer la unidad del sector e impulsar la innovaci\u00f3n, la sostenibilidad y la Prosperidad Compartida de las comunidades en todo el pa\u00eds. (<a href=\"https:\/\/nitu.mx\/index.php\/2025\/10\/16\/tulum-sectur-y-quintana-roo-acuerdan-fortalecer-acceso-a-playas-y-promocion-para-resarcir-situacion\/\">Tulum: Sectur y Quintana Roo acuerdan fortalecer acceso a playas y promoci\u00f3n para resarcir situaci\u00f3n<\/a>).<\/p>\n","protected":false},"excerpt":{"rendered":"<p>Con el prop\u00f3sito de fortalecer la coordinaci\u00f3n entre los gobiernos estatales y el federal, y consolidar una visi\u00f3n conjunta para el desarrollo del turismo en el pa\u00eds como un generador de Prosperidad Compartida, la secretaria de Turismo federal, Josefina Rodr\u00edguez Zamora, sostuvo una reuni\u00f3n de trabajo con las y los secretarios de Turismo del pa\u00eds [&hellip;]<\/p>\n","protected":false},"author":17,"featured_media":84064,"comment_status":"closed","ping_status":"closed","sticky":false,"template":"","format":"standard","meta":{"footnotes":""},"categories":[12],"tags":[1118,13931,2703,25659,335,93,1064],"yoast_head":"<!-- This site is optimized with the Yoast SEO plugin v22.2 - https:\/\/yoast.com\/wordpress\/plugins\/seo\/ -->\n<title>Sectur y Asetur unen esfuerzos para cumplir el Programa Sectorial de Turismo 2025-2030 - Nitu - Noticias de la Industria Turistica<\/title>\n<meta name=\"robots\" content=\"index, follow, max-snippet:-1, max-image-preview:large, max-video-preview:-1\" \/>\n<link rel=\"canonical\" href=\"https:\/\/nitu.mx\/index.php\/2025\/10\/20\/sectur-y-asetur-unen-esfuerzos-para-cumplir-el-programa-sectorial-de-turismo-2025-2030\/\" \/>\n<meta name=\"twitter:card\" content=\"summary_large_image\" \/>\n<meta name=\"twitter:title\" content=\"Sectur y Asetur unen esfuerzos para cumplir el Programa Sectorial de Turismo 2025-2030 - Nitu - Noticias de la Industria Turistica\" \/>\n<meta name=\"twitter:description\" content=\"Con el prop\u00f3sito de fortalecer la coordinaci\u00f3n entre los gobiernos estatales y el federal, y consolidar una visi\u00f3n conjunta para el desarrollo del turismo en el pa\u00eds como un generador de Prosperidad Compartida, la secretaria de Turismo federal, Josefina Rodr\u00edguez Zamora, sostuvo una reuni\u00f3n de trabajo con las y los secretarios de Turismo del pa\u00eds [&hellip;]\" \/>\n<meta name=\"twitter:image\" content=\"https:\/\/nitu.mx\/wp-content\/uploads\/2025\/10\/Sectur-Asetur-Programa-Sectorial-de-Turismo.jpg\" \/>\n<meta name=\"twitter:creator\" content=\"@NITUmx\" \/>\n<meta name=\"twitter:site\" content=\"@Arturo_Medina_G\" \/>\n<meta name=\"twitter:label1\" content=\"Escrito por\" \/>\n\t<meta name=\"twitter:data1\" content=\"Redacci\u00f3n\" \/>\n\t<meta name=\"twitter:label2\" content=\"Tiempo de lectura\" \/>\n\t<meta name=\"twitter:data2\" content=\"4 minutos\" \/>\n<script type=\"application\/ld+json\" class=\"yoast-schema-graph\">{\"@context\":\"https:\/\/schema.org\",\"@graph\":[{\"@type\":\"Article\",\"@id\":\"https:\/\/nitu.mx\/index.php\/2025\/10\/20\/sectur-y-asetur-unen-esfuerzos-para-cumplir-el-programa-sectorial-de-turismo-2025-2030\/#article\",\"isPartOf\":{\"@id\":\"https:\/\/nitu.mx\/index.php\/2025\/10\/20\/sectur-y-asetur-unen-esfuerzos-para-cumplir-el-programa-sectorial-de-turismo-2025-2030\/\"},\"author\":{\"name\":\"Redacci\u00f3n\",\"@id\":\"https:\/\/nitu.mx\/#\/schema\/person\/4a28fe9bd65924f7c90623773daf1b0b\"},\"headline\":\"Sectur y Asetur unen esfuerzos para cumplir el Programa Sectorial de Turismo 2025-2030\",\"datePublished\":\"2025-10-21T03:57:08+00:00\",\"dateModified\":\"2025-10-21T03:57:09+00:00\",\"mainEntityOfPage\":{\"@id\":\"https:\/\/nitu.mx\/index.php\/2025\/10\/20\/sectur-y-asetur-unen-esfuerzos-para-cumplir-el-programa-sectorial-de-turismo-2025-2030\/\"},\"wordCount\":781,\"publisher\":{\"@id\":\"https:\/\/nitu.mx\/#\/schema\/person\/ae7a53426417292d3dd07b45a33e01bc\"},\"image\":{\"@id\":\"https:\/\/nitu.mx\/index.php\/2025\/10\/20\/sectur-y-asetur-unen-esfuerzos-para-cumplir-el-programa-sectorial-de-turismo-2025-2030\/#primaryimage\"},\"thumbnailUrl\":\"https:\/\/nitu.mx\/wp-content\/uploads\/2025\/10\/Sectur-Asetur-Programa-Sectorial-de-Turismo.jpg\",\"keywords\":[\"Asetur\",\"Bernardo Cueto\",\"FITUR\",\"Josefina Rodr\u00edguez\",\"Pueblos M\u00e1gicos\",\"Sectur\",\"Tianguis Tur\u00edstico\"],\"articleSection\":[\"Marketing\"],\"inLanguage\":\"es-MX\"},{\"@type\":\"WebPage\",\"@id\":\"https:\/\/nitu.mx\/index.php\/2025\/10\/20\/sectur-y-asetur-unen-esfuerzos-para-cumplir-el-programa-sectorial-de-turismo-2025-2030\/\",\"url\":\"https:\/\/nitu.mx\/index.php\/2025\/10\/20\/sectur-y-asetur-unen-esfuerzos-para-cumplir-el-programa-sectorial-de-turismo-2025-2030\/\",\"name\":\"Sectur y Asetur unen esfuerzos para cumplir el Programa Sectorial de Turismo 2025-2030 - Nitu - Noticias de la Industria Turistica\",\"isPartOf\":{\"@id\":\"https:\/\/nitu.mx\/#website\"},\"primaryImageOfPage\":{\"@id\":\"https:\/\/nitu.mx\/index.php\/2025\/10\/20\/sectur-y-asetur-unen-esfuerzos-para-cumplir-el-programa-sectorial-de-turismo-2025-2030\/#primaryimage\"},\"image\":{\"@id\":\"https:\/\/nitu.mx\/index.php\/2025\/10\/20\/sectur-y-asetur-unen-esfuerzos-para-cumplir-el-programa-sectorial-de-turismo-2025-2030\/#primaryimage\"},\"thumbnailUrl\":\"https:\/\/nitu.mx\/wp-content\/uploads\/2025\/10\/Sectur-Asetur-Programa-Sectorial-de-Turismo.jpg\",\"datePublished\":\"2025-10-21T03:57:08+00:00\",\"dateModified\":\"2025-10-21T03:57:09+00:00\",\"breadcrumb\":{\"@id\":\"https:\/\/nitu.mx\/index.php\/2025\/10\/20\/sectur-y-asetur-unen-esfuerzos-para-cumplir-el-programa-sectorial-de-turismo-2025-2030\/#breadcrumb\"},\"inLanguage\":\"es-MX\",\"potentialAction\":[{\"@type\":\"ReadAction\",\"target\":[\"https:\/\/nitu.mx\/index.php\/2025\/10\/20\/sectur-y-asetur-unen-esfuerzos-para-cumplir-el-programa-sectorial-de-turismo-2025-2030\/\"]}]},{\"@type\":\"ImageObject\",\"inLanguage\":\"es-MX\",\"@id\":\"https:\/\/nitu.mx\/index.php\/2025\/10\/20\/sectur-y-asetur-unen-esfuerzos-para-cumplir-el-programa-sectorial-de-turismo-2025-2030\/#primaryimage\",\"url\":\"https:\/\/nitu.mx\/wp-content\/uploads\/2025\/10\/Sectur-Asetur-Programa-Sectorial-de-Turismo.jpg\",\"contentUrl\":\"https:\/\/nitu.mx\/wp-content\/uploads\/2025\/10\/Sectur-Asetur-Programa-Sectorial-de-Turismo.jpg\",\"width\":1200,\"height\":675,\"caption\":\"Sectur Asetur Programa Sectorial de Turismo\"},{\"@type\":\"BreadcrumbList\",\"@id\":\"https:\/\/nitu.mx\/index.php\/2025\/10\/20\/sectur-y-asetur-unen-esfuerzos-para-cumplir-el-programa-sectorial-de-turismo-2025-2030\/#breadcrumb\",\"itemListElement\":[{\"@type\":\"ListItem\",\"position\":1,\"name\":\"Inicio\",\"item\":\"https:\/\/nitu.mx\/\"},{\"@type\":\"ListItem\",\"position\":2,\"name\":\"Sectur y Asetur unen esfuerzos para cumplir el Programa Sectorial de Turismo 2025-2030\"}]},{\"@type\":\"WebSite\",\"@id\":\"https:\/\/nitu.mx\/#website\",\"url\":\"https:\/\/nitu.mx\/\",\"name\":\"Nitu - Noticias de la Industria Turistica\",\"description\":\"Noticias de la Industria Turistica\",\"publisher\":{\"@id\":\"https:\/\/nitu.mx\/#\/schema\/person\/ae7a53426417292d3dd07b45a33e01bc\"},\"alternateName\":\"Noticias de la Industria Turistica\",\"potentialAction\":[{\"@type\":\"SearchAction\",\"target\":{\"@type\":\"EntryPoint\",\"urlTemplate\":\"https:\/\/nitu.mx\/?s={search_term_string}\"},\"query-input\":\"required name=search_term_string\"}],\"inLanguage\":\"es-MX\"},{\"@type\":[\"Person\",\"Organization\"],\"@id\":\"https:\/\/nitu.mx\/#\/schema\/person\/ae7a53426417292d3dd07b45a33e01bc\",\"name\":\"Arturo Medina\",\"image\":{\"@type\":\"ImageObject\",\"inLanguage\":\"es-MX\",\"@id\":\"https:\/\/nitu.mx\/#\/schema\/person\/image\/\",\"url\":\"https:\/\/nitu.mx\/wp-content\/uploads\/2024\/04\/4A315622-1904-4D5C-B022-878CDC840E04-90x90-1.jpeg\",\"contentUrl\":\"https:\/\/nitu.mx\/wp-content\/uploads\/2024\/04\/4A315622-1904-4D5C-B022-878CDC840E04-90x90-1.jpeg\",\"width\":90,\"height\":90,\"caption\":\"Arturo Medina\"},\"logo\":{\"@id\":\"https:\/\/nitu.mx\/#\/schema\/person\/image\/\"},\"description\":\"Director NITU.mx, Egresado de la Escuela de Periodismo Carlos Septi\u00e9n Garc\u00eda. Periodista y analista especializado en turismo desde hace 35 a\u00f1os, radicado en Canc\u00fan Q.Roo. arturo@nitu.mx\",\"sameAs\":[\"https:\/\/nitu.mx\",\"https:\/\/www.facebook.com\/NITUmx\/\",\"medinacancun\",\"https:\/\/twitter.com\/@Arturo_Medina_G\"]},{\"@type\":\"Person\",\"@id\":\"https:\/\/nitu.mx\/#\/schema\/person\/4a28fe9bd65924f7c90623773daf1b0b\",\"name\":\"Redacci\u00f3n\",\"image\":{\"@type\":\"ImageObject\",\"inLanguage\":\"es-MX\",\"@id\":\"https:\/\/nitu.mx\/#\/schema\/person\/image\/\",\"url\":\"https:\/\/secure.gravatar.com\/avatar\/5dd011c8ccfc5cd7e4c81e42252aab38?s=96&d=mm&r=g\",\"contentUrl\":\"https:\/\/secure.gravatar.com\/avatar\/5dd011c8ccfc5cd7e4c81e42252aab38?s=96&d=mm&r=g\",\"caption\":\"Redacci\u00f3n\"},\"url\":\"https:\/\/nitu.mx\/index.php\/author\/redaccion\/\"}]}<\/script>\n<!-- \/ Yoast SEO plugin. -->","yoast_head_json":{"title":"Sectur y Asetur unen esfuerzos para cumplir el Programa Sectorial de Turismo 2025-2030 - Nitu - Noticias de la Industria Turistica","robots":{"index":"index","follow":"follow","max-snippet":"max-snippet:-1","max-image-preview":"max-image-preview:large","max-video-preview":"max-video-preview:-1"},"canonical":"https:\/\/nitu.mx\/index.php\/2025\/10\/20\/sectur-y-asetur-unen-esfuerzos-para-cumplir-el-programa-sectorial-de-turismo-2025-2030\/","twitter_card":"summary_large_image","twitter_title":"Sectur y Asetur unen esfuerzos para cumplir el Programa Sectorial de Turismo 2025-2030 - Nitu - Noticias de la Industria Turistica","twitter_description":"Con el prop\u00f3sito de fortalecer la coordinaci\u00f3n entre los gobiernos estatales y el federal, y consolidar una visi\u00f3n conjunta para el desarrollo del turismo en el pa\u00eds como un generador de Prosperidad Compartida, la secretaria de Turismo federal, Josefina Rodr\u00edguez Zamora, sostuvo una reuni\u00f3n de trabajo con las y los secretarios de Turismo del pa\u00eds [&hellip;]","twitter_image":"https:\/\/nitu.mx\/wp-content\/uploads\/2025\/10\/Sectur-Asetur-Programa-Sectorial-de-Turismo.jpg","twitter_creator":"@NITUmx","twitter_site":"@Arturo_Medina_G","twitter_misc":{"Escrito por":"Redacci\u00f3n","Tiempo de lectura":"4 minutos"},"schema":{"@context":"https:\/\/schema.org","@graph":[{"@type":"Article","@id":"https:\/\/nitu.mx\/index.php\/2025\/10\/20\/sectur-y-asetur-unen-esfuerzos-para-cumplir-el-programa-sectorial-de-turismo-2025-2030\/#article","isPartOf":{"@id":"https:\/\/nitu.mx\/index.php\/2025\/10\/20\/sectur-y-asetur-unen-esfuerzos-para-cumplir-el-programa-sectorial-de-turismo-2025-2030\/"},"author":{"name":"Redacci\u00f3n","@id":"https:\/\/nitu.mx\/#\/schema\/person\/4a28fe9bd65924f7c90623773daf1b0b"},"headline":"Sectur y Asetur unen esfuerzos para cumplir el Programa Sectorial de Turismo 2025-2030","datePublished":"2025-10-21T03:57:08+00:00","dateModified":"2025-10-21T03:57:09+00:00","mainEntityOfPage":{"@id":"https:\/\/nitu.mx\/index.php\/2025\/10\/20\/sectur-y-asetur-unen-esfuerzos-para-cumplir-el-programa-sectorial-de-turismo-2025-2030\/"},"wordCount":781,"publisher":{"@id":"https:\/\/nitu.mx\/#\/schema\/person\/ae7a53426417292d3dd07b45a33e01bc"},"image":{"@id":"https:\/\/nitu.mx\/index.php\/2025\/10\/20\/sectur-y-asetur-unen-esfuerzos-para-cumplir-el-programa-sectorial-de-turismo-2025-2030\/#primaryimage"},"thumbnailUrl":"https:\/\/nitu.mx\/wp-content\/uploads\/2025\/10\/Sectur-Asetur-Programa-Sectorial-de-Turismo.jpg","keywords":["Asetur","Bernardo Cueto","FITUR","Josefina Rodr\u00edguez","Pueblos M\u00e1gicos","Sectur","Tianguis Tur\u00edstico"],"articleSection":["Marketing"],"inLanguage":"es-MX"},{"@type":"WebPage","@id":"https:\/\/nitu.mx\/index.php\/2025\/10\/20\/sectur-y-asetur-unen-esfuerzos-para-cumplir-el-programa-sectorial-de-turismo-2025-2030\/","url":"https:\/\/nitu.mx\/index.php\/2025\/10\/20\/sectur-y-asetur-unen-esfuerzos-para-cumplir-el-programa-sectorial-de-turismo-2025-2030\/","name":"Sectur y Asetur unen esfuerzos para cumplir el Programa Sectorial de Turismo 2025-2030 - Nitu - Noticias de la Industria Turistica","isPartOf":{"@id":"https:\/\/nitu.mx\/#website"},"primaryImageOfPage":{"@id":"https:\/\/nitu.mx\/index.php\/2025\/10\/20\/sectur-y-asetur-unen-esfuerzos-para-cumplir-el-programa-sectorial-de-turismo-2025-2030\/#primaryimage"},"image":{"@id":"https:\/\/nitu.mx\/index.php\/2025\/10\/20\/sectur-y-asetur-unen-esfuerzos-para-cumplir-el-programa-sectorial-de-turismo-2025-2030\/#primaryimage"},"thumbnailUrl":"https:\/\/nitu.mx\/wp-content\/uploads\/2025\/10\/Sectur-Asetur-Programa-Sectorial-de-Turismo.jpg","datePublished":"2025-10-21T03:57:08+00:00","dateModified":"2025-10-21T03:57:09+00:00","breadcrumb":{"@id":"https:\/\/nitu.mx\/index.php\/2025\/10\/20\/sectur-y-asetur-unen-esfuerzos-para-cumplir-el-programa-sectorial-de-turismo-2025-2030\/#breadcrumb"},"inLanguage":"es-MX","potentialAction":[{"@type":"ReadAction","target":["https:\/\/nitu.mx\/index.php\/2025\/10\/20\/sectur-y-asetur-unen-esfuerzos-para-cumplir-el-programa-sectorial-de-turismo-2025-2030\/"]}]},{"@type":"ImageObject","inLanguage":"es-MX","@id":"https:\/\/nitu.mx\/index.php\/2025\/10\/20\/sectur-y-asetur-unen-esfuerzos-para-cumplir-el-programa-sectorial-de-turismo-2025-2030\/#primaryimage","url":"https:\/\/nitu.mx\/wp-content\/uploads\/2025\/10\/Sectur-Asetur-Programa-Sectorial-de-Turismo.jpg","contentUrl":"https:\/\/nitu.mx\/wp-content\/uploads\/2025\/10\/Sectur-Asetur-Programa-Sectorial-de-Turismo.jpg","width":1200,"height":675,"caption":"Sectur Asetur Programa Sectorial de Turismo"},{"@type":"BreadcrumbList","@id":"https:\/\/nitu.mx\/index.php\/2025\/10\/20\/sectur-y-asetur-unen-esfuerzos-para-cumplir-el-programa-sectorial-de-turismo-2025-2030\/#breadcrumb","itemListElement":[{"@type":"ListItem","position":1,"name":"Inicio","item":"https:\/\/nitu.mx\/"},{"@type":"ListItem","position":2,"name":"Sectur y Asetur unen esfuerzos para cumplir el Programa Sectorial de Turismo 2025-2030"}]},{"@type":"WebSite","@id":"https:\/\/nitu.mx\/#website","url":"https:\/\/nitu.mx\/","name":"Nitu - Noticias de la Industria Turistica","description":"Noticias de la Industria Turistica","publisher":{"@id":"https:\/\/nitu.mx\/#\/schema\/person\/ae7a53426417292d3dd07b45a33e01bc"},"alternateName":"Noticias de la Industria Turistica","potentialAction":[{"@type":"SearchAction","target":{"@type":"EntryPoint","urlTemplate":"https:\/\/nitu.mx\/?s={search_term_string}"},"query-input":"required name=search_term_string"}],"inLanguage":"es-MX"},{"@type":["Person","Organization"],"@id":"https:\/\/nitu.mx\/#\/schema\/person\/ae7a53426417292d3dd07b45a33e01bc","name":"Arturo Medina","image":{"@type":"ImageObject","inLanguage":"es-MX","@id":"https:\/\/nitu.mx\/#\/schema\/person\/image\/","url":"https:\/\/nitu.mx\/wp-content\/uploads\/2024\/04\/4A315622-1904-4D5C-B022-878CDC840E04-90x90-1.jpeg","contentUrl":"https:\/\/nitu.mx\/wp-content\/uploads\/2024\/04\/4A315622-1904-4D5C-B022-878CDC840E04-90x90-1.jpeg","width":90,"height":90,"caption":"Arturo Medina"},"logo":{"@id":"https:\/\/nitu.mx\/#\/schema\/person\/image\/"},"description":"Director NITU.mx, Egresado de la Escuela de Periodismo Carlos Septi\u00e9n Garc\u00eda. Periodista y analista especializado en turismo desde hace 35 a\u00f1os, radicado en Canc\u00fan Q.Roo. arturo@nitu.mx","sameAs":["https:\/\/nitu.mx","https:\/\/www.facebook.com\/NITUmx\/","medinacancun","https:\/\/twitter.com\/@Arturo_Medina_G"]},{"@type":"Person","@id":"https:\/\/nitu.mx\/#\/schema\/person\/4a28fe9bd65924f7c90623773daf1b0b","name":"Redacci\u00f3n","image":{"@type":"ImageObject","inLanguage":"es-MX","@id":"https:\/\/nitu.mx\/#\/schema\/person\/image\/","url":"https:\/\/secure.gravatar.com\/avatar\/5dd011c8ccfc5cd7e4c81e42252aab38?s=96&d=mm&r=g","contentUrl":"https:\/\/secure.gravatar.com\/avatar\/5dd011c8ccfc5cd7e4c81e42252aab38?s=96&d=mm&r=g","caption":"Redacci\u00f3n"},"url":"https:\/\/nitu.mx\/index.php\/author\/redaccion\/"}]}},"views":670,"_links":{"self":[{"href":"https:\/\/nitu.mx\/index.php\/wp-json\/wp\/v2\/posts\/84061"}],"collection":[{"href":"https:\/\/nitu.mx\/index.php\/wp-json\/wp\/v2\/posts"}],"about":[{"href":"https:\/\/nitu.mx\/index.php\/wp-json\/wp\/v2\/types\/post"}],"author":[{"embeddable":true,"href":"https:\/\/nitu.mx\/index.php\/wp-json\/wp\/v2\/users\/17"}],"replies":[{"embeddable":true,"href":"https:\/\/nitu.mx\/index.php\/wp-json\/wp\/v2\/comments?post=84061"}],"version-history":[{"count":1,"href":"https:\/\/nitu.mx\/index.php\/wp-json\/wp\/v2\/posts\/84061\/revisions"}],"predecessor-version":[{"id":84063,"href":"https:\/\/nitu.mx\/index.php\/wp-json\/wp\/v2\/posts\/84061\/revisions\/84063"}],"wp:featuredmedia":[{"embeddable":true,"href":"https:\/\/nitu.mx\/index.php\/wp-json\/wp\/v2\/media\/84064"}],"wp:attachment":[{"href":"https:\/\/nitu.mx\/index.php\/wp-json\/wp\/v2\/media?parent=84061"}],"wp:term":[{"taxonomy":"category","embeddable":true,"href":"https:\/\/nitu.mx\/index.php\/wp-json\/wp\/v2\/categories?post=84061"},{"taxonomy":"post_tag","embeddable":true,"href":"https:\/\/nitu.mx\/index.php\/wp-json\/wp\/v2\/tags?post=84061"}],"curies":[{"name":"wp","href":"https:\/\/api.w.org\/{rel}","templated":true}]}}