{"id":84049,"date":"2025-10-19T22:24:00","date_gmt":"2025-10-20T04:24:00","guid":{"rendered":"https:\/\/nitu.mx\/?p=84049"},"modified":"2025-10-19T22:24:00","modified_gmt":"2025-10-20T04:24:00","slug":"fernando-famania-es-electo-para-presidir-pcma-mexico-chapter","status":"publish","type":"post","link":"https:\/\/nitu.mx\/index.php\/2025\/10\/19\/fernando-famania-es-electo-para-presidir-pcma-mexico-chapter\/","title":{"rendered":"Fernando Faman\u00eda es electo para presidir PCMA M\u00e9xico Chapter"},"content":{"rendered":"\n<p>PCMA (Professional Convention Management Association), la asociaci\u00f3n m\u00e1s importante de Turismo de Reuniones a nivel global, anunci\u00f3 la conformaci\u00f3n de la nueva Mesa Directiva de su cap\u00edtulo en M\u00e9xico para el periodo 2026 \u2013 2028, que ser\u00e1 presidida por Fernando Faman\u00eda.<\/p>\n\n\n\n<p>Con m\u00e1s de 8,000 miembros y una audiencia que supera las 50,000 personas, PCMA es la red de negocios m\u00e1s extensa de la industria de reuniones, con presencia en Estados Unidos, Europa, Oriente y Asia, y actividad en 37 pa\u00edses. El cap\u00edtulo M\u00e9xico, constituido el 15 de octubre de 2010, cuenta actualmente con m\u00e1s de 100 miembros activos y promueve la importancia del sector a trav\u00e9s de la inclusi\u00f3n de toda su cadena de valor, la profesionalizaci\u00f3n y el impulso de relaciones estrat\u00e9gicas que generan oportunidades de negocio.<\/p>\n\n\n\n<p><strong>La&nbsp; Mesa Directiva electa 2026 \u2013 2028 estar\u00e1 integrada por:<\/strong><\/p>\n\n\n\n<ul>\n<li>President: Fernando Faman\u00eda<\/li>\n\n\n\n<li>Immediate Past President: David Hidalgo<\/li>\n\n\n\n<li>Treasure: Ivonne Toquero<\/li>\n\n\n\n<li>Secretary: Stephanie Haza<\/li>\n\n\n\n<li>VP Social Sustainability: Francisco Cachafeiro<\/li>\n\n\n\n<li>VP Events: Adriana Huerta<\/li>\n\n\n\n<li>VP Young Professional: Eduardo Yarto<\/li>\n\n\n\n<li>VP Institutional Relations: Paulina Aguilar<\/li>\n\n\n\n<li>VP Marketing &amp; Communications: Rosa Mar\u00eda Pe\u00f1a<\/li>\n\n\n\n<li>VP Sponsorships: Laura Bassan<\/li>\n\n\n\n<li>VP Business Development: Daniela Caballero<\/li>\n\n\n\n<li>Admin: Vanesa Salazar<\/li>\n<\/ul>\n\n\n\n<p>\u201cFernando recibe un legado que se ha construido con el esfuerzo de todos los presidentes, mesas directivas y l\u00edderes que han formado parte del cap\u00edtulo en M\u00e9xico. Estoy seguro de que sabr\u00e1 darle continuidad a ese camino y mantener vivo el esp\u00edritu de construcci\u00f3n compartida. Para nosotros, como mesa directiva en funciones hasta enero de 2026, es un orgullo ver que Fernando y su nuevo equipo tomar\u00e1n la estafeta para seguir poniendo en alto el nombre del Cap\u00edtulo\u201d, expres\u00f3 David Hidalgo, presidente actual del cap\u00edtulo.<\/p>\n\n\n\n<p>La toma de protesta de este nuevo equipo de liderazgo se llevar\u00e1 a cabo el pr\u00f3ximo 15 de enero de 2026, con la presencia de representantes y l\u00edderes de la industria.<\/p>\n\n\n\n<p>\u201cMe llena de orgullo y emoci\u00f3n asumir la presidencia del PCMA M\u00e9xico Chapter. Este nuevo ciclo representa una gran responsabilidad, pero sobre todo una oportunidad para seguir construyendo comunidad, impulsando el talento local y fortaleciendo nuestra industria en el pa\u00eds. Estoy convencido de que, junto con el board 2026\u20132028, lograremos dejar huella trabajando con pasi\u00f3n, colaboraci\u00f3n y prop\u00f3sito\u201d, se\u00f1al\u00f3 Fernando Faman\u00eda,\u00a0presidente electo del cap\u00edtulo.<\/p>\n\n\n\n<p>La Mesa Directiva electa encabezada por Fernando Faman\u00eda asumir\u00e1 funciones en enero de 2026, reflejando la continuidad y el crecimiento que caracteriza a PCMA M\u00e9xico. Hasta entonces, la actual Mesa Directiva seguir\u00e1 trabajando con el mismo compromiso para fortalecer al cap\u00edtulo y preparar una transici\u00f3n ordenada hacia el nuevo equipo de liderazgo. (<a href=\"https:\/\/nitu.mx\/index.php\/2022\/04\/04\/pcma-y-marriott-se-alian-para-fortalecer-al-segmento-mice\/\">PCMA y Marriott se al\u00edan para fortalecer al segmento MICE<\/a>).<\/p>\n","protected":false},"excerpt":{"rendered":"<p>PCMA (Professional Convention Management Association), la asociaci\u00f3n m\u00e1s importante de Turismo de Reuniones a nivel global, anunci\u00f3 la conformaci\u00f3n de la nueva Mesa Directiva de su cap\u00edtulo en M\u00e9xico para el periodo 2026 \u2013 2028, que ser\u00e1 presidida por Fernando Faman\u00eda. Con m\u00e1s de 8,000 miembros y una audiencia que supera las 50,000 personas, PCMA [&hellip;]<\/p>\n","protected":false},"author":17,"featured_media":84051,"comment_status":"closed","ping_status":"closed","sticky":false,"template":"","format":"standard","meta":{"footnotes":""},"categories":[12],"tags":[27768,970,10772,27767,710],"yoast_head":"<!-- This site is optimized with the Yoast SEO plugin v22.2 - https:\/\/yoast.com\/wordpress\/plugins\/seo\/ -->\n<title>Fernando Faman\u00eda es electo para presidir PCMA M\u00e9xico Chapter - Nitu - Noticias de la Industria Turistica<\/title>\n<meta name=\"robots\" content=\"index, follow, max-snippet:-1, max-image-preview:large, max-video-preview:-1\" \/>\n<link rel=\"canonical\" href=\"https:\/\/nitu.mx\/index.php\/2025\/10\/19\/fernando-famania-es-electo-para-presidir-pcma-mexico-chapter\/\" \/>\n<meta name=\"twitter:card\" content=\"summary_large_image\" \/>\n<meta name=\"twitter:title\" content=\"Fernando Faman\u00eda es electo para presidir PCMA M\u00e9xico Chapter - Nitu - Noticias de la Industria Turistica\" \/>\n<meta name=\"twitter:description\" content=\"PCMA (Professional Convention Management Association), la asociaci\u00f3n m\u00e1s importante de Turismo de Reuniones a nivel global, anunci\u00f3 la conformaci\u00f3n de la nueva Mesa Directiva de su cap\u00edtulo en M\u00e9xico para el periodo 2026 \u2013 2028, que ser\u00e1 presidida por Fernando Faman\u00eda. Con m\u00e1s de 8,000 miembros y una audiencia que supera las 50,000 personas, PCMA [&hellip;]\" \/>\n<meta name=\"twitter:image\" content=\"https:\/\/nitu.mx\/wp-content\/uploads\/2025\/10\/PCMA-MEXICO-CHAPTER-FERNANDO-FAMANIA.jpg\" \/>\n<meta name=\"twitter:creator\" content=\"@NITUmx\" \/>\n<meta name=\"twitter:site\" content=\"@Arturo_Medina_G\" \/>\n<meta name=\"twitter:label1\" content=\"Escrito por\" \/>\n\t<meta name=\"twitter:data1\" content=\"Redacci\u00f3n\" \/>\n\t<meta name=\"twitter:label2\" content=\"Tiempo de lectura\" \/>\n\t<meta name=\"twitter:data2\" content=\"2 minutos\" \/>\n<script type=\"application\/ld+json\" class=\"yoast-schema-graph\">{\"@context\":\"https:\/\/schema.org\",\"@graph\":[{\"@type\":\"Article\",\"@id\":\"https:\/\/nitu.mx\/index.php\/2025\/10\/19\/fernando-famania-es-electo-para-presidir-pcma-mexico-chapter\/#article\",\"isPartOf\":{\"@id\":\"https:\/\/nitu.mx\/index.php\/2025\/10\/19\/fernando-famania-es-electo-para-presidir-pcma-mexico-chapter\/\"},\"author\":{\"name\":\"Redacci\u00f3n\",\"@id\":\"https:\/\/nitu.mx\/#\/schema\/person\/4a28fe9bd65924f7c90623773daf1b0b\"},\"headline\":\"Fernando Faman\u00eda es electo para presidir PCMA M\u00e9xico Chapter\",\"datePublished\":\"2025-10-20T04:24:00+00:00\",\"dateModified\":\"2025-10-20T04:24:00+00:00\",\"mainEntityOfPage\":{\"@id\":\"https:\/\/nitu.mx\/index.php\/2025\/10\/19\/fernando-famania-es-electo-para-presidir-pcma-mexico-chapter\/\"},\"wordCount\":472,\"publisher\":{\"@id\":\"https:\/\/nitu.mx\/#\/schema\/person\/ae7a53426417292d3dd07b45a33e01bc\"},\"image\":{\"@id\":\"https:\/\/nitu.mx\/index.php\/2025\/10\/19\/fernando-famania-es-electo-para-presidir-pcma-mexico-chapter\/#primaryimage\"},\"thumbnailUrl\":\"https:\/\/nitu.mx\/wp-content\/uploads\/2025\/10\/PCMA-MEXICO-CHAPTER-FERNANDO-FAMANIA.jpg\",\"keywords\":[\"Fernando Faman\u00eda\",\"MICE\",\"PCMA\",\"PCMA M\u00e9xico Chapter\",\"Turismo de reuniones\"],\"articleSection\":[\"Marketing\"],\"inLanguage\":\"es-MX\"},{\"@type\":\"WebPage\",\"@id\":\"https:\/\/nitu.mx\/index.php\/2025\/10\/19\/fernando-famania-es-electo-para-presidir-pcma-mexico-chapter\/\",\"url\":\"https:\/\/nitu.mx\/index.php\/2025\/10\/19\/fernando-famania-es-electo-para-presidir-pcma-mexico-chapter\/\",\"name\":\"Fernando Faman\u00eda es electo para presidir PCMA M\u00e9xico Chapter - Nitu - Noticias de la Industria Turistica\",\"isPartOf\":{\"@id\":\"https:\/\/nitu.mx\/#website\"},\"primaryImageOfPage\":{\"@id\":\"https:\/\/nitu.mx\/index.php\/2025\/10\/19\/fernando-famania-es-electo-para-presidir-pcma-mexico-chapter\/#primaryimage\"},\"image\":{\"@id\":\"https:\/\/nitu.mx\/index.php\/2025\/10\/19\/fernando-famania-es-electo-para-presidir-pcma-mexico-chapter\/#primaryimage\"},\"thumbnailUrl\":\"https:\/\/nitu.mx\/wp-content\/uploads\/2025\/10\/PCMA-MEXICO-CHAPTER-FERNANDO-FAMANIA.jpg\",\"datePublished\":\"2025-10-20T04:24:00+00:00\",\"dateModified\":\"2025-10-20T04:24:00+00:00\",\"breadcrumb\":{\"@id\":\"https:\/\/nitu.mx\/index.php\/2025\/10\/19\/fernando-famania-es-electo-para-presidir-pcma-mexico-chapter\/#breadcrumb\"},\"inLanguage\":\"es-MX\",\"potentialAction\":[{\"@type\":\"ReadAction\",\"target\":[\"https:\/\/nitu.mx\/index.php\/2025\/10\/19\/fernando-famania-es-electo-para-presidir-pcma-mexico-chapter\/\"]}]},{\"@type\":\"ImageObject\",\"inLanguage\":\"es-MX\",\"@id\":\"https:\/\/nitu.mx\/index.php\/2025\/10\/19\/fernando-famania-es-electo-para-presidir-pcma-mexico-chapter\/#primaryimage\",\"url\":\"https:\/\/nitu.mx\/wp-content\/uploads\/2025\/10\/PCMA-MEXICO-CHAPTER-FERNANDO-FAMANIA.jpg\",\"contentUrl\":\"https:\/\/nitu.mx\/wp-content\/uploads\/2025\/10\/PCMA-MEXICO-CHAPTER-FERNANDO-FAMANIA.jpg\",\"width\":1200,\"height\":675,\"caption\":\"PCMA MEXICO CHAPTER FERNANDO FAMANIA\"},{\"@type\":\"BreadcrumbList\",\"@id\":\"https:\/\/nitu.mx\/index.php\/2025\/10\/19\/fernando-famania-es-electo-para-presidir-pcma-mexico-chapter\/#breadcrumb\",\"itemListElement\":[{\"@type\":\"ListItem\",\"position\":1,\"name\":\"Inicio\",\"item\":\"https:\/\/nitu.mx\/\"},{\"@type\":\"ListItem\",\"position\":2,\"name\":\"Fernando Faman\u00eda es electo para presidir PCMA M\u00e9xico Chapter\"}]},{\"@type\":\"WebSite\",\"@id\":\"https:\/\/nitu.mx\/#website\",\"url\":\"https:\/\/nitu.mx\/\",\"name\":\"Nitu - Noticias de la Industria Turistica\",\"description\":\"Noticias de la Industria Turistica\",\"publisher\":{\"@id\":\"https:\/\/nitu.mx\/#\/schema\/person\/ae7a53426417292d3dd07b45a33e01bc\"},\"alternateName\":\"Noticias de la Industria Turistica\",\"potentialAction\":[{\"@type\":\"SearchAction\",\"target\":{\"@type\":\"EntryPoint\",\"urlTemplate\":\"https:\/\/nitu.mx\/?s={search_term_string}\"},\"query-input\":\"required name=search_term_string\"}],\"inLanguage\":\"es-MX\"},{\"@type\":[\"Person\",\"Organization\"],\"@id\":\"https:\/\/nitu.mx\/#\/schema\/person\/ae7a53426417292d3dd07b45a33e01bc\",\"name\":\"Arturo Medina\",\"image\":{\"@type\":\"ImageObject\",\"inLanguage\":\"es-MX\",\"@id\":\"https:\/\/nitu.mx\/#\/schema\/person\/image\/\",\"url\":\"https:\/\/nitu.mx\/wp-content\/uploads\/2024\/04\/4A315622-1904-4D5C-B022-878CDC840E04-90x90-1.jpeg\",\"contentUrl\":\"https:\/\/nitu.mx\/wp-content\/uploads\/2024\/04\/4A315622-1904-4D5C-B022-878CDC840E04-90x90-1.jpeg\",\"width\":90,\"height\":90,\"caption\":\"Arturo Medina\"},\"logo\":{\"@id\":\"https:\/\/nitu.mx\/#\/schema\/person\/image\/\"},\"description\":\"Director NITU.mx, Egresado de la Escuela de Periodismo Carlos Septi\u00e9n Garc\u00eda. Periodista y analista especializado en turismo desde hace 35 a\u00f1os, radicado en Canc\u00fan Q.Roo. arturo@nitu.mx\",\"sameAs\":[\"https:\/\/nitu.mx\",\"https:\/\/www.facebook.com\/NITUmx\/\",\"medinacancun\",\"https:\/\/twitter.com\/@Arturo_Medina_G\"]},{\"@type\":\"Person\",\"@id\":\"https:\/\/nitu.mx\/#\/schema\/person\/4a28fe9bd65924f7c90623773daf1b0b\",\"name\":\"Redacci\u00f3n\",\"image\":{\"@type\":\"ImageObject\",\"inLanguage\":\"es-MX\",\"@id\":\"https:\/\/nitu.mx\/#\/schema\/person\/image\/\",\"url\":\"https:\/\/secure.gravatar.com\/avatar\/5dd011c8ccfc5cd7e4c81e42252aab38?s=96&d=mm&r=g\",\"contentUrl\":\"https:\/\/secure.gravatar.com\/avatar\/5dd011c8ccfc5cd7e4c81e42252aab38?s=96&d=mm&r=g\",\"caption\":\"Redacci\u00f3n\"},\"url\":\"https:\/\/nitu.mx\/index.php\/author\/redaccion\/\"}]}<\/script>\n<!-- \/ Yoast SEO plugin. -->","yoast_head_json":{"title":"Fernando Faman\u00eda es electo para presidir PCMA M\u00e9xico Chapter - Nitu - Noticias de la Industria Turistica","robots":{"index":"index","follow":"follow","max-snippet":"max-snippet:-1","max-image-preview":"max-image-preview:large","max-video-preview":"max-video-preview:-1"},"canonical":"https:\/\/nitu.mx\/index.php\/2025\/10\/19\/fernando-famania-es-electo-para-presidir-pcma-mexico-chapter\/","twitter_card":"summary_large_image","twitter_title":"Fernando Faman\u00eda es electo para presidir PCMA M\u00e9xico Chapter - Nitu - Noticias de la Industria Turistica","twitter_description":"PCMA (Professional Convention Management Association), la asociaci\u00f3n m\u00e1s importante de Turismo de Reuniones a nivel global, anunci\u00f3 la conformaci\u00f3n de la nueva Mesa Directiva de su cap\u00edtulo en M\u00e9xico para el periodo 2026 \u2013 2028, que ser\u00e1 presidida por Fernando Faman\u00eda. Con m\u00e1s de 8,000 miembros y una audiencia que supera las 50,000 personas, PCMA [&hellip;]","twitter_image":"https:\/\/nitu.mx\/wp-content\/uploads\/2025\/10\/PCMA-MEXICO-CHAPTER-FERNANDO-FAMANIA.jpg","twitter_creator":"@NITUmx","twitter_site":"@Arturo_Medina_G","twitter_misc":{"Escrito por":"Redacci\u00f3n","Tiempo de lectura":"2 minutos"},"schema":{"@context":"https:\/\/schema.org","@graph":[{"@type":"Article","@id":"https:\/\/nitu.mx\/index.php\/2025\/10\/19\/fernando-famania-es-electo-para-presidir-pcma-mexico-chapter\/#article","isPartOf":{"@id":"https:\/\/nitu.mx\/index.php\/2025\/10\/19\/fernando-famania-es-electo-para-presidir-pcma-mexico-chapter\/"},"author":{"name":"Redacci\u00f3n","@id":"https:\/\/nitu.mx\/#\/schema\/person\/4a28fe9bd65924f7c90623773daf1b0b"},"headline":"Fernando Faman\u00eda es electo para presidir PCMA M\u00e9xico Chapter","datePublished":"2025-10-20T04:24:00+00:00","dateModified":"2025-10-20T04:24:00+00:00","mainEntityOfPage":{"@id":"https:\/\/nitu.mx\/index.php\/2025\/10\/19\/fernando-famania-es-electo-para-presidir-pcma-mexico-chapter\/"},"wordCount":472,"publisher":{"@id":"https:\/\/nitu.mx\/#\/schema\/person\/ae7a53426417292d3dd07b45a33e01bc"},"image":{"@id":"https:\/\/nitu.mx\/index.php\/2025\/10\/19\/fernando-famania-es-electo-para-presidir-pcma-mexico-chapter\/#primaryimage"},"thumbnailUrl":"https:\/\/nitu.mx\/wp-content\/uploads\/2025\/10\/PCMA-MEXICO-CHAPTER-FERNANDO-FAMANIA.jpg","keywords":["Fernando Faman\u00eda","MICE","PCMA","PCMA M\u00e9xico Chapter","Turismo de reuniones"],"articleSection":["Marketing"],"inLanguage":"es-MX"},{"@type":"WebPage","@id":"https:\/\/nitu.mx\/index.php\/2025\/10\/19\/fernando-famania-es-electo-para-presidir-pcma-mexico-chapter\/","url":"https:\/\/nitu.mx\/index.php\/2025\/10\/19\/fernando-famania-es-electo-para-presidir-pcma-mexico-chapter\/","name":"Fernando Faman\u00eda es electo para presidir PCMA M\u00e9xico Chapter - Nitu - Noticias de la Industria Turistica","isPartOf":{"@id":"https:\/\/nitu.mx\/#website"},"primaryImageOfPage":{"@id":"https:\/\/nitu.mx\/index.php\/2025\/10\/19\/fernando-famania-es-electo-para-presidir-pcma-mexico-chapter\/#primaryimage"},"image":{"@id":"https:\/\/nitu.mx\/index.php\/2025\/10\/19\/fernando-famania-es-electo-para-presidir-pcma-mexico-chapter\/#primaryimage"},"thumbnailUrl":"https:\/\/nitu.mx\/wp-content\/uploads\/2025\/10\/PCMA-MEXICO-CHAPTER-FERNANDO-FAMANIA.jpg","datePublished":"2025-10-20T04:24:00+00:00","dateModified":"2025-10-20T04:24:00+00:00","breadcrumb":{"@id":"https:\/\/nitu.mx\/index.php\/2025\/10\/19\/fernando-famania-es-electo-para-presidir-pcma-mexico-chapter\/#breadcrumb"},"inLanguage":"es-MX","potentialAction":[{"@type":"ReadAction","target":["https:\/\/nitu.mx\/index.php\/2025\/10\/19\/fernando-famania-es-electo-para-presidir-pcma-mexico-chapter\/"]}]},{"@type":"ImageObject","inLanguage":"es-MX","@id":"https:\/\/nitu.mx\/index.php\/2025\/10\/19\/fernando-famania-es-electo-para-presidir-pcma-mexico-chapter\/#primaryimage","url":"https:\/\/nitu.mx\/wp-content\/uploads\/2025\/10\/PCMA-MEXICO-CHAPTER-FERNANDO-FAMANIA.jpg","contentUrl":"https:\/\/nitu.mx\/wp-content\/uploads\/2025\/10\/PCMA-MEXICO-CHAPTER-FERNANDO-FAMANIA.jpg","width":1200,"height":675,"caption":"PCMA MEXICO CHAPTER FERNANDO FAMANIA"},{"@type":"BreadcrumbList","@id":"https:\/\/nitu.mx\/index.php\/2025\/10\/19\/fernando-famania-es-electo-para-presidir-pcma-mexico-chapter\/#breadcrumb","itemListElement":[{"@type":"ListItem","position":1,"name":"Inicio","item":"https:\/\/nitu.mx\/"},{"@type":"ListItem","position":2,"name":"Fernando Faman\u00eda es electo para presidir PCMA M\u00e9xico Chapter"}]},{"@type":"WebSite","@id":"https:\/\/nitu.mx\/#website","url":"https:\/\/nitu.mx\/","name":"Nitu - Noticias de la Industria Turistica","description":"Noticias de la Industria Turistica","publisher":{"@id":"https:\/\/nitu.mx\/#\/schema\/person\/ae7a53426417292d3dd07b45a33e01bc"},"alternateName":"Noticias de la Industria Turistica","potentialAction":[{"@type":"SearchAction","target":{"@type":"EntryPoint","urlTemplate":"https:\/\/nitu.mx\/?s={search_term_string}"},"query-input":"required name=search_term_string"}],"inLanguage":"es-MX"},{"@type":["Person","Organization"],"@id":"https:\/\/nitu.mx\/#\/schema\/person\/ae7a53426417292d3dd07b45a33e01bc","name":"Arturo Medina","image":{"@type":"ImageObject","inLanguage":"es-MX","@id":"https:\/\/nitu.mx\/#\/schema\/person\/image\/","url":"https:\/\/nitu.mx\/wp-content\/uploads\/2024\/04\/4A315622-1904-4D5C-B022-878CDC840E04-90x90-1.jpeg","contentUrl":"https:\/\/nitu.mx\/wp-content\/uploads\/2024\/04\/4A315622-1904-4D5C-B022-878CDC840E04-90x90-1.jpeg","width":90,"height":90,"caption":"Arturo Medina"},"logo":{"@id":"https:\/\/nitu.mx\/#\/schema\/person\/image\/"},"description":"Director NITU.mx, Egresado de la Escuela de Periodismo Carlos Septi\u00e9n Garc\u00eda. Periodista y analista especializado en turismo desde hace 35 a\u00f1os, radicado en Canc\u00fan Q.Roo. arturo@nitu.mx","sameAs":["https:\/\/nitu.mx","https:\/\/www.facebook.com\/NITUmx\/","medinacancun","https:\/\/twitter.com\/@Arturo_Medina_G"]},{"@type":"Person","@id":"https:\/\/nitu.mx\/#\/schema\/person\/4a28fe9bd65924f7c90623773daf1b0b","name":"Redacci\u00f3n","image":{"@type":"ImageObject","inLanguage":"es-MX","@id":"https:\/\/nitu.mx\/#\/schema\/person\/image\/","url":"https:\/\/secure.gravatar.com\/avatar\/5dd011c8ccfc5cd7e4c81e42252aab38?s=96&d=mm&r=g","contentUrl":"https:\/\/secure.gravatar.com\/avatar\/5dd011c8ccfc5cd7e4c81e42252aab38?s=96&d=mm&r=g","caption":"Redacci\u00f3n"},"url":"https:\/\/nitu.mx\/index.php\/author\/redaccion\/"}]}},"views":466,"_links":{"self":[{"href":"https:\/\/nitu.mx\/index.php\/wp-json\/wp\/v2\/posts\/84049"}],"collection":[{"href":"https:\/\/nitu.mx\/index.php\/wp-json\/wp\/v2\/posts"}],"about":[{"href":"https:\/\/nitu.mx\/index.php\/wp-json\/wp\/v2\/types\/post"}],"author":[{"embeddable":true,"href":"https:\/\/nitu.mx\/index.php\/wp-json\/wp\/v2\/users\/17"}],"replies":[{"embeddable":true,"href":"https:\/\/nitu.mx\/index.php\/wp-json\/wp\/v2\/comments?post=84049"}],"version-history":[{"count":1,"href":"https:\/\/nitu.mx\/index.php\/wp-json\/wp\/v2\/posts\/84049\/revisions"}],"predecessor-version":[{"id":84052,"href":"https:\/\/nitu.mx\/index.php\/wp-json\/wp\/v2\/posts\/84049\/revisions\/84052"}],"wp:featuredmedia":[{"embeddable":true,"href":"https:\/\/nitu.mx\/index.php\/wp-json\/wp\/v2\/media\/84051"}],"wp:attachment":[{"href":"https:\/\/nitu.mx\/index.php\/wp-json\/wp\/v2\/media?parent=84049"}],"wp:term":[{"taxonomy":"category","embeddable":true,"href":"https:\/\/nitu.mx\/index.php\/wp-json\/wp\/v2\/categories?post=84049"},{"taxonomy":"post_tag","embeddable":true,"href":"https:\/\/nitu.mx\/index.php\/wp-json\/wp\/v2\/tags?post=84049"}],"curies":[{"name":"wp","href":"https:\/\/api.w.org\/{rel}","templated":true}]}}