{"id":84031,"date":"2025-10-16T21:10:59","date_gmt":"2025-10-17T03:10:59","guid":{"rendered":"https:\/\/nitu.mx\/?p=84031"},"modified":"2025-10-16T21:11:00","modified_gmt":"2025-10-17T03:11:00","slug":"riviera-nayarit-recibe-el-wmf-summit-2025","status":"publish","type":"post","link":"https:\/\/nitu.mx\/index.php\/2025\/10\/16\/riviera-nayarit-recibe-el-wmf-summit-2025\/","title":{"rendered":"Riviera Nayarit recibe el WMF Summit 2025"},"content":{"rendered":"\n<p>Con gran entusiasmo, los asistentes comienzan a llegar al Hotel \u00daNICO 20\u00b0105\u00b0 Riviera Nayarit, sede oficial del WMF Summit, importante encuentro internacional. Durante su registro, cada participante recibe su kit de bienvenida, un detalle preparado con esmero por el Gobierno del Estado de Nayarit que refleja la esencia, cultura y hospitalidad que nos distingue.<\/p>\n\n\n\n<p>Cada elemento de este kit est\u00e1 inspirado en los colores, sabores y tradiciones que hacen de nuestro estado un destino \u00fanico, reafirmando el compromiso de Nayarit con la excelencia y la promoci\u00f3n tur\u00edstica de alto nivel.<\/p>\n\n\n\n<p>Conectando oportunidades, fortaleciendo el turismo de reuniones.<\/p>\n\n\n\n<p>El WMF Riviera Nayarit es un evento donde se concretan citas de negocio, un espacio donde compradores y suppliers del sector MICE establecieron alianzas estrat\u00e9gicas, comparten experiencias y exploraron nuevas oportunidades para el desarrollo de eventos en el Pac\u00edfico Mexicano.<\/p>\n\n\n\n<p>En un ambiente de energ\u00eda y profesionalismo, se concretaron los primeros acuerdos que impulsan la diversificaci\u00f3n y consolidaci\u00f3n de la oferta tur\u00edstica de Nayarit, posicionando al estado como un referente en hospitalidad y organizaci\u00f3n de grandes encuentros.<\/p>\n\n\n\n<p>Adem\u00e1s, se vivi\u00f3 una jornada de aprendizaje y colaboraci\u00f3n que inici\u00f3 con conferencias magistrales a cargo de expertos de la industria, quienes compartieron tendencias y estrategias para fortalecer el turismo de reuniones en M\u00e9xico.<\/p>\n\n\n\n<p>Posteriormente, se llev\u00f3 a cabo la presentaci\u00f3n de destino, donde se destacaron los avances en seguridad, conectividad a\u00e9rea y terrestre, as\u00ed como la capacidad de Nayarit para recibir eventos de alto nivel en un entorno confiable y competitivo.<\/p>\n\n\n\n<p>La jornada concluy\u00f3 con la segunda ronda de citas de negocio, consolidando alianzas entre compradores y proveedores del segmento MICE y reafirmando la posici\u00f3n de Nayarit como un destino de excelencia para la industria de reuniones. (<a href=\"https:\/\/nitu.mx\/index.php\/2025\/09\/17\/nauka-riviera-nayarit-fortalece-la-oferta-de-lujo-y-golf-en-costa-canuva\/\">Nauka Riviera Nayarit fortalece la oferta de lujo y golf en Costa Canuva<\/a>).<\/p>\n","protected":false},"excerpt":{"rendered":"<p>Con gran entusiasmo, los asistentes comienzan a llegar al Hotel \u00daNICO 20\u00b0105\u00b0 Riviera Nayarit, sede oficial del WMF Summit, importante encuentro internacional. Durante su registro, cada participante recibe su kit de bienvenida, un detalle preparado con esmero por el Gobierno del Estado de Nayarit que refleja la esencia, cultura y hospitalidad que nos distingue. Cada [&hellip;]<\/p>\n","protected":false},"author":17,"featured_media":84033,"comment_status":"closed","ping_status":"closed","sticky":false,"template":"","format":"standard","meta":{"footnotes":""},"categories":[5],"tags":[970,537,27517,11323],"yoast_head":"<!-- This site is optimized with the Yoast SEO plugin v22.2 - https:\/\/yoast.com\/wordpress\/plugins\/seo\/ -->\n<title>Riviera Nayarit recibe el WMF Summit 2025 - Nitu - Noticias de la Industria Turistica<\/title>\n<meta name=\"robots\" content=\"index, follow, max-snippet:-1, max-image-preview:large, max-video-preview:-1\" \/>\n<link rel=\"canonical\" href=\"https:\/\/nitu.mx\/index.php\/2025\/10\/16\/riviera-nayarit-recibe-el-wmf-summit-2025\/\" \/>\n<meta name=\"twitter:card\" content=\"summary_large_image\" \/>\n<meta name=\"twitter:title\" content=\"Riviera Nayarit recibe el WMF Summit 2025 - Nitu - Noticias de la Industria Turistica\" \/>\n<meta name=\"twitter:description\" content=\"Con gran entusiasmo, los asistentes comienzan a llegar al Hotel \u00daNICO 20\u00b0105\u00b0 Riviera Nayarit, sede oficial del WMF Summit, importante encuentro internacional. Durante su registro, cada participante recibe su kit de bienvenida, un detalle preparado con esmero por el Gobierno del Estado de Nayarit que refleja la esencia, cultura y hospitalidad que nos distingue. Cada [&hellip;]\" \/>\n<meta name=\"twitter:image\" content=\"https:\/\/nitu.mx\/wp-content\/uploads\/2025\/10\/WMF-Summit-2025-Riviera-Nayarit-inauguracion.jpg\" \/>\n<meta name=\"twitter:creator\" content=\"@NITUmx\" \/>\n<meta name=\"twitter:site\" content=\"@Arturo_Medina_G\" \/>\n<meta name=\"twitter:label1\" content=\"Escrito por\" \/>\n\t<meta name=\"twitter:data1\" content=\"Redacci\u00f3n\" \/>\n\t<meta name=\"twitter:label2\" content=\"Tiempo de lectura\" \/>\n\t<meta name=\"twitter:data2\" content=\"2 minutos\" \/>\n<script type=\"application\/ld+json\" class=\"yoast-schema-graph\">{\"@context\":\"https:\/\/schema.org\",\"@graph\":[{\"@type\":\"Article\",\"@id\":\"https:\/\/nitu.mx\/index.php\/2025\/10\/16\/riviera-nayarit-recibe-el-wmf-summit-2025\/#article\",\"isPartOf\":{\"@id\":\"https:\/\/nitu.mx\/index.php\/2025\/10\/16\/riviera-nayarit-recibe-el-wmf-summit-2025\/\"},\"author\":{\"name\":\"Redacci\u00f3n\",\"@id\":\"https:\/\/nitu.mx\/#\/schema\/person\/4a28fe9bd65924f7c90623773daf1b0b\"},\"headline\":\"Riviera Nayarit recibe el WMF Summit 2025\",\"datePublished\":\"2025-10-17T03:10:59+00:00\",\"dateModified\":\"2025-10-17T03:11:00+00:00\",\"mainEntityOfPage\":{\"@id\":\"https:\/\/nitu.mx\/index.php\/2025\/10\/16\/riviera-nayarit-recibe-el-wmf-summit-2025\/\"},\"wordCount\":315,\"publisher\":{\"@id\":\"https:\/\/nitu.mx\/#\/schema\/person\/ae7a53426417292d3dd07b45a33e01bc\"},\"image\":{\"@id\":\"https:\/\/nitu.mx\/index.php\/2025\/10\/16\/riviera-nayarit-recibe-el-wmf-summit-2025\/#primaryimage\"},\"thumbnailUrl\":\"https:\/\/nitu.mx\/wp-content\/uploads\/2025\/10\/WMF-Summit-2025-Riviera-Nayarit-inauguracion.jpg\",\"keywords\":[\"MICE\",\"Riviera Nayarit\",\"UNICO 20\u00b0 105\u00b0 Riviera Nayarit\",\"WMF\"],\"articleSection\":[\"Destinos\"],\"inLanguage\":\"es-MX\"},{\"@type\":\"WebPage\",\"@id\":\"https:\/\/nitu.mx\/index.php\/2025\/10\/16\/riviera-nayarit-recibe-el-wmf-summit-2025\/\",\"url\":\"https:\/\/nitu.mx\/index.php\/2025\/10\/16\/riviera-nayarit-recibe-el-wmf-summit-2025\/\",\"name\":\"Riviera Nayarit recibe el WMF Summit 2025 - Nitu - Noticias de la Industria Turistica\",\"isPartOf\":{\"@id\":\"https:\/\/nitu.mx\/#website\"},\"primaryImageOfPage\":{\"@id\":\"https:\/\/nitu.mx\/index.php\/2025\/10\/16\/riviera-nayarit-recibe-el-wmf-summit-2025\/#primaryimage\"},\"image\":{\"@id\":\"https:\/\/nitu.mx\/index.php\/2025\/10\/16\/riviera-nayarit-recibe-el-wmf-summit-2025\/#primaryimage\"},\"thumbnailUrl\":\"https:\/\/nitu.mx\/wp-content\/uploads\/2025\/10\/WMF-Summit-2025-Riviera-Nayarit-inauguracion.jpg\",\"datePublished\":\"2025-10-17T03:10:59+00:00\",\"dateModified\":\"2025-10-17T03:11:00+00:00\",\"breadcrumb\":{\"@id\":\"https:\/\/nitu.mx\/index.php\/2025\/10\/16\/riviera-nayarit-recibe-el-wmf-summit-2025\/#breadcrumb\"},\"inLanguage\":\"es-MX\",\"potentialAction\":[{\"@type\":\"ReadAction\",\"target\":[\"https:\/\/nitu.mx\/index.php\/2025\/10\/16\/riviera-nayarit-recibe-el-wmf-summit-2025\/\"]}]},{\"@type\":\"ImageObject\",\"inLanguage\":\"es-MX\",\"@id\":\"https:\/\/nitu.mx\/index.php\/2025\/10\/16\/riviera-nayarit-recibe-el-wmf-summit-2025\/#primaryimage\",\"url\":\"https:\/\/nitu.mx\/wp-content\/uploads\/2025\/10\/WMF-Summit-2025-Riviera-Nayarit-inauguracion.jpg\",\"contentUrl\":\"https:\/\/nitu.mx\/wp-content\/uploads\/2025\/10\/WMF-Summit-2025-Riviera-Nayarit-inauguracion.jpg\",\"width\":1200,\"height\":675,\"caption\":\"WMF Summit 2025 Riviera Nayarit inauguraci\u00f3n\"},{\"@type\":\"BreadcrumbList\",\"@id\":\"https:\/\/nitu.mx\/index.php\/2025\/10\/16\/riviera-nayarit-recibe-el-wmf-summit-2025\/#breadcrumb\",\"itemListElement\":[{\"@type\":\"ListItem\",\"position\":1,\"name\":\"Inicio\",\"item\":\"https:\/\/nitu.mx\/\"},{\"@type\":\"ListItem\",\"position\":2,\"name\":\"Riviera Nayarit recibe el WMF Summit 2025\"}]},{\"@type\":\"WebSite\",\"@id\":\"https:\/\/nitu.mx\/#website\",\"url\":\"https:\/\/nitu.mx\/\",\"name\":\"Nitu - Noticias de la Industria Turistica\",\"description\":\"Noticias de la Industria Turistica\",\"publisher\":{\"@id\":\"https:\/\/nitu.mx\/#\/schema\/person\/ae7a53426417292d3dd07b45a33e01bc\"},\"alternateName\":\"Noticias de la Industria Turistica\",\"potentialAction\":[{\"@type\":\"SearchAction\",\"target\":{\"@type\":\"EntryPoint\",\"urlTemplate\":\"https:\/\/nitu.mx\/?s={search_term_string}\"},\"query-input\":\"required name=search_term_string\"}],\"inLanguage\":\"es-MX\"},{\"@type\":[\"Person\",\"Organization\"],\"@id\":\"https:\/\/nitu.mx\/#\/schema\/person\/ae7a53426417292d3dd07b45a33e01bc\",\"name\":\"Arturo Medina\",\"image\":{\"@type\":\"ImageObject\",\"inLanguage\":\"es-MX\",\"@id\":\"https:\/\/nitu.mx\/#\/schema\/person\/image\/\",\"url\":\"https:\/\/nitu.mx\/wp-content\/uploads\/2024\/04\/4A315622-1904-4D5C-B022-878CDC840E04-90x90-1.jpeg\",\"contentUrl\":\"https:\/\/nitu.mx\/wp-content\/uploads\/2024\/04\/4A315622-1904-4D5C-B022-878CDC840E04-90x90-1.jpeg\",\"width\":90,\"height\":90,\"caption\":\"Arturo Medina\"},\"logo\":{\"@id\":\"https:\/\/nitu.mx\/#\/schema\/person\/image\/\"},\"description\":\"Director NITU.mx, Egresado de la Escuela de Periodismo Carlos Septi\u00e9n Garc\u00eda. Periodista y analista especializado en turismo desde hace 35 a\u00f1os, radicado en Canc\u00fan Q.Roo. arturo@nitu.mx\",\"sameAs\":[\"https:\/\/nitu.mx\",\"https:\/\/www.facebook.com\/NITUmx\/\",\"medinacancun\",\"https:\/\/twitter.com\/@Arturo_Medina_G\"]},{\"@type\":\"Person\",\"@id\":\"https:\/\/nitu.mx\/#\/schema\/person\/4a28fe9bd65924f7c90623773daf1b0b\",\"name\":\"Redacci\u00f3n\",\"image\":{\"@type\":\"ImageObject\",\"inLanguage\":\"es-MX\",\"@id\":\"https:\/\/nitu.mx\/#\/schema\/person\/image\/\",\"url\":\"https:\/\/secure.gravatar.com\/avatar\/5dd011c8ccfc5cd7e4c81e42252aab38?s=96&d=mm&r=g\",\"contentUrl\":\"https:\/\/secure.gravatar.com\/avatar\/5dd011c8ccfc5cd7e4c81e42252aab38?s=96&d=mm&r=g\",\"caption\":\"Redacci\u00f3n\"},\"url\":\"https:\/\/nitu.mx\/index.php\/author\/redaccion\/\"}]}<\/script>\n<!-- \/ Yoast SEO plugin. -->","yoast_head_json":{"title":"Riviera Nayarit recibe el WMF Summit 2025 - Nitu - Noticias de la Industria Turistica","robots":{"index":"index","follow":"follow","max-snippet":"max-snippet:-1","max-image-preview":"max-image-preview:large","max-video-preview":"max-video-preview:-1"},"canonical":"https:\/\/nitu.mx\/index.php\/2025\/10\/16\/riviera-nayarit-recibe-el-wmf-summit-2025\/","twitter_card":"summary_large_image","twitter_title":"Riviera Nayarit recibe el WMF Summit 2025 - Nitu - Noticias de la Industria Turistica","twitter_description":"Con gran entusiasmo, los asistentes comienzan a llegar al Hotel \u00daNICO 20\u00b0105\u00b0 Riviera Nayarit, sede oficial del WMF Summit, importante encuentro internacional. Durante su registro, cada participante recibe su kit de bienvenida, un detalle preparado con esmero por el Gobierno del Estado de Nayarit que refleja la esencia, cultura y hospitalidad que nos distingue. Cada [&hellip;]","twitter_image":"https:\/\/nitu.mx\/wp-content\/uploads\/2025\/10\/WMF-Summit-2025-Riviera-Nayarit-inauguracion.jpg","twitter_creator":"@NITUmx","twitter_site":"@Arturo_Medina_G","twitter_misc":{"Escrito por":"Redacci\u00f3n","Tiempo de lectura":"2 minutos"},"schema":{"@context":"https:\/\/schema.org","@graph":[{"@type":"Article","@id":"https:\/\/nitu.mx\/index.php\/2025\/10\/16\/riviera-nayarit-recibe-el-wmf-summit-2025\/#article","isPartOf":{"@id":"https:\/\/nitu.mx\/index.php\/2025\/10\/16\/riviera-nayarit-recibe-el-wmf-summit-2025\/"},"author":{"name":"Redacci\u00f3n","@id":"https:\/\/nitu.mx\/#\/schema\/person\/4a28fe9bd65924f7c90623773daf1b0b"},"headline":"Riviera Nayarit recibe el WMF Summit 2025","datePublished":"2025-10-17T03:10:59+00:00","dateModified":"2025-10-17T03:11:00+00:00","mainEntityOfPage":{"@id":"https:\/\/nitu.mx\/index.php\/2025\/10\/16\/riviera-nayarit-recibe-el-wmf-summit-2025\/"},"wordCount":315,"publisher":{"@id":"https:\/\/nitu.mx\/#\/schema\/person\/ae7a53426417292d3dd07b45a33e01bc"},"image":{"@id":"https:\/\/nitu.mx\/index.php\/2025\/10\/16\/riviera-nayarit-recibe-el-wmf-summit-2025\/#primaryimage"},"thumbnailUrl":"https:\/\/nitu.mx\/wp-content\/uploads\/2025\/10\/WMF-Summit-2025-Riviera-Nayarit-inauguracion.jpg","keywords":["MICE","Riviera Nayarit","UNICO 20\u00b0 105\u00b0 Riviera Nayarit","WMF"],"articleSection":["Destinos"],"inLanguage":"es-MX"},{"@type":"WebPage","@id":"https:\/\/nitu.mx\/index.php\/2025\/10\/16\/riviera-nayarit-recibe-el-wmf-summit-2025\/","url":"https:\/\/nitu.mx\/index.php\/2025\/10\/16\/riviera-nayarit-recibe-el-wmf-summit-2025\/","name":"Riviera Nayarit recibe el WMF Summit 2025 - Nitu - Noticias de la Industria Turistica","isPartOf":{"@id":"https:\/\/nitu.mx\/#website"},"primaryImageOfPage":{"@id":"https:\/\/nitu.mx\/index.php\/2025\/10\/16\/riviera-nayarit-recibe-el-wmf-summit-2025\/#primaryimage"},"image":{"@id":"https:\/\/nitu.mx\/index.php\/2025\/10\/16\/riviera-nayarit-recibe-el-wmf-summit-2025\/#primaryimage"},"thumbnailUrl":"https:\/\/nitu.mx\/wp-content\/uploads\/2025\/10\/WMF-Summit-2025-Riviera-Nayarit-inauguracion.jpg","datePublished":"2025-10-17T03:10:59+00:00","dateModified":"2025-10-17T03:11:00+00:00","breadcrumb":{"@id":"https:\/\/nitu.mx\/index.php\/2025\/10\/16\/riviera-nayarit-recibe-el-wmf-summit-2025\/#breadcrumb"},"inLanguage":"es-MX","potentialAction":[{"@type":"ReadAction","target":["https:\/\/nitu.mx\/index.php\/2025\/10\/16\/riviera-nayarit-recibe-el-wmf-summit-2025\/"]}]},{"@type":"ImageObject","inLanguage":"es-MX","@id":"https:\/\/nitu.mx\/index.php\/2025\/10\/16\/riviera-nayarit-recibe-el-wmf-summit-2025\/#primaryimage","url":"https:\/\/nitu.mx\/wp-content\/uploads\/2025\/10\/WMF-Summit-2025-Riviera-Nayarit-inauguracion.jpg","contentUrl":"https:\/\/nitu.mx\/wp-content\/uploads\/2025\/10\/WMF-Summit-2025-Riviera-Nayarit-inauguracion.jpg","width":1200,"height":675,"caption":"WMF Summit 2025 Riviera Nayarit inauguraci\u00f3n"},{"@type":"BreadcrumbList","@id":"https:\/\/nitu.mx\/index.php\/2025\/10\/16\/riviera-nayarit-recibe-el-wmf-summit-2025\/#breadcrumb","itemListElement":[{"@type":"ListItem","position":1,"name":"Inicio","item":"https:\/\/nitu.mx\/"},{"@type":"ListItem","position":2,"name":"Riviera Nayarit recibe el WMF Summit 2025"}]},{"@type":"WebSite","@id":"https:\/\/nitu.mx\/#website","url":"https:\/\/nitu.mx\/","name":"Nitu - Noticias de la Industria Turistica","description":"Noticias de la Industria Turistica","publisher":{"@id":"https:\/\/nitu.mx\/#\/schema\/person\/ae7a53426417292d3dd07b45a33e01bc"},"alternateName":"Noticias de la Industria Turistica","potentialAction":[{"@type":"SearchAction","target":{"@type":"EntryPoint","urlTemplate":"https:\/\/nitu.mx\/?s={search_term_string}"},"query-input":"required name=search_term_string"}],"inLanguage":"es-MX"},{"@type":["Person","Organization"],"@id":"https:\/\/nitu.mx\/#\/schema\/person\/ae7a53426417292d3dd07b45a33e01bc","name":"Arturo Medina","image":{"@type":"ImageObject","inLanguage":"es-MX","@id":"https:\/\/nitu.mx\/#\/schema\/person\/image\/","url":"https:\/\/nitu.mx\/wp-content\/uploads\/2024\/04\/4A315622-1904-4D5C-B022-878CDC840E04-90x90-1.jpeg","contentUrl":"https:\/\/nitu.mx\/wp-content\/uploads\/2024\/04\/4A315622-1904-4D5C-B022-878CDC840E04-90x90-1.jpeg","width":90,"height":90,"caption":"Arturo Medina"},"logo":{"@id":"https:\/\/nitu.mx\/#\/schema\/person\/image\/"},"description":"Director NITU.mx, Egresado de la Escuela de Periodismo Carlos Septi\u00e9n Garc\u00eda. Periodista y analista especializado en turismo desde hace 35 a\u00f1os, radicado en Canc\u00fan Q.Roo. arturo@nitu.mx","sameAs":["https:\/\/nitu.mx","https:\/\/www.facebook.com\/NITUmx\/","medinacancun","https:\/\/twitter.com\/@Arturo_Medina_G"]},{"@type":"Person","@id":"https:\/\/nitu.mx\/#\/schema\/person\/4a28fe9bd65924f7c90623773daf1b0b","name":"Redacci\u00f3n","image":{"@type":"ImageObject","inLanguage":"es-MX","@id":"https:\/\/nitu.mx\/#\/schema\/person\/image\/","url":"https:\/\/secure.gravatar.com\/avatar\/5dd011c8ccfc5cd7e4c81e42252aab38?s=96&d=mm&r=g","contentUrl":"https:\/\/secure.gravatar.com\/avatar\/5dd011c8ccfc5cd7e4c81e42252aab38?s=96&d=mm&r=g","caption":"Redacci\u00f3n"},"url":"https:\/\/nitu.mx\/index.php\/author\/redaccion\/"}]}},"views":544,"_links":{"self":[{"href":"https:\/\/nitu.mx\/index.php\/wp-json\/wp\/v2\/posts\/84031"}],"collection":[{"href":"https:\/\/nitu.mx\/index.php\/wp-json\/wp\/v2\/posts"}],"about":[{"href":"https:\/\/nitu.mx\/index.php\/wp-json\/wp\/v2\/types\/post"}],"author":[{"embeddable":true,"href":"https:\/\/nitu.mx\/index.php\/wp-json\/wp\/v2\/users\/17"}],"replies":[{"embeddable":true,"href":"https:\/\/nitu.mx\/index.php\/wp-json\/wp\/v2\/comments?post=84031"}],"version-history":[{"count":1,"href":"https:\/\/nitu.mx\/index.php\/wp-json\/wp\/v2\/posts\/84031\/revisions"}],"predecessor-version":[{"id":84034,"href":"https:\/\/nitu.mx\/index.php\/wp-json\/wp\/v2\/posts\/84031\/revisions\/84034"}],"wp:featuredmedia":[{"embeddable":true,"href":"https:\/\/nitu.mx\/index.php\/wp-json\/wp\/v2\/media\/84033"}],"wp:attachment":[{"href":"https:\/\/nitu.mx\/index.php\/wp-json\/wp\/v2\/media?parent=84031"}],"wp:term":[{"taxonomy":"category","embeddable":true,"href":"https:\/\/nitu.mx\/index.php\/wp-json\/wp\/v2\/categories?post=84031"},{"taxonomy":"post_tag","embeddable":true,"href":"https:\/\/nitu.mx\/index.php\/wp-json\/wp\/v2\/tags?post=84031"}],"curies":[{"name":"wp","href":"https:\/\/api.w.org\/{rel}","templated":true}]}}