{"id":84027,"date":"2025-10-16T21:06:12","date_gmt":"2025-10-17T03:06:12","guid":{"rendered":"https:\/\/nitu.mx\/?p=84027"},"modified":"2025-10-16T21:06:13","modified_gmt":"2025-10-17T03:06:13","slug":"sector-de-viajes-y-turismo-reduce-sus-emisiones-de-gases-de-efecto-invernadero-wttc","status":"publish","type":"post","link":"https:\/\/nitu.mx\/index.php\/2025\/10\/16\/sector-de-viajes-y-turismo-reduce-sus-emisiones-de-gases-de-efecto-invernadero-wttc\/","title":{"rendered":"Sector de Viajes y Turismo reduce sus emisiones de gases de efecto invernadero: WTTC"},"content":{"rendered":"\n<p>El Consejo Mundial de Viajes y Turismo (WTTC), en colaboraci\u00f3n con Omran, present\u00f3 hoy su Investigaci\u00f3n Ambiental y Social (ESR) 2025, que muestra que, aunque el sector ha superado sus niveles de contribuci\u00f3n a la econom\u00eda previo a a la pandemia, su huella de carbono se mantiene por debajo de los niveles de 2019 y su impacto social positivo contin\u00faa creciendo.<\/p>\n\n\n\n<p>Seg\u00fan el organismo global de turismo, las emisiones mundiales de gases de efecto invernadero (GEI) del sector de Viajes y Turismo en 2024 disminuyeron un 9,3 % respecto a 2019, cuando el sector alcanz\u00f3 su punto m\u00e1ximo, y ahora representan el 7,3 % del total global de emisiones, frente al 8,3 % en 2019.<\/p>\n\n\n\n<p>Mientras disminuy\u00f3 el impacto ambiental del sector, su contribuci\u00f3n al PIB creci\u00f3 un 6 % por encima de su nivel prepandemia, pasando de 10,3 billones de d\u00f3lares en 2019 a 10,9 billones el a\u00f1o pasado.<\/p>\n\n\n\n<p>Este descenso refleja una reducci\u00f3n en la intensidad de emisiones (emisiones por unidad de producci\u00f3n econ\u00f3mica), que ha ca\u00eddo un 15 % desde 2019, con un sector que genera cada vez m\u00e1s valor econ\u00f3mico produciendo menos emisiones.<\/p>\n\n\n\n<p>La mayor parte de esta disminuci\u00f3n en la intensidad se debe a mejoras en eficiencia, incluyendo un aumento del 16,6 % en la adopci\u00f3n de energ\u00eda baja en carbono en todo el sector y una reducci\u00f3n del 5,7 % en el uso de combustibles f\u00f3siles.<\/p>\n\n\n\n<p>La CEO interina del WTTC, Gloria Guevara, afirm\u00f3: \u201cEsto es una prueba clara de que el sector de Viajes y Turismo puede crecer mientras reduce su impacto ambiental. Pero debemos seguir acelerando la acci\u00f3n. Nuestros datos muestran que el 40 % de nuestras emisiones proviene del transporte y un 19 % adicional de la electricidad adquirida. Tambi\u00e9n sabemos que el 57,4 % de nuestras emisiones proviene de nuestra cadena de suministro.<br><br>Debemos redoblar los esfuerzos en combustibles sostenibles, energ\u00edas renovables e infraestructura baja en carbono, y para lograrlo son clave las alianzas p\u00fablico-privadas efectivas.\u201d<\/p>\n\n\n\n<p><strong>Impacto social: m\u00e1s empleos, m\u00e1s oportunidades<\/strong><\/p>\n\n\n\n<p>El sector de Viajes y Turismo sostiene uno de cada diez empleos en el mundo. De forma crucial, desempe\u00f1a un papel importante en la inclusi\u00f3n social, brindando oportunidades laborales clave para mujeres y j\u00f3venes, promoviendo as\u00ed un cambio social positivo.<\/p>\n\n\n\n<p>En 2024, el sector emple\u00f3 a 126 millones de mujeres, un aumento de 6,3 millones respecto al a\u00f1o anterior y superando en 4,3 millones el nivel prepandemia.<\/p>\n\n\n\n<p>El empleo de j\u00f3venes en el sector creci\u00f3 en 2,3 millones en 2024, superando en 2,4 millones los niveles de 2019. La proporci\u00f3n de j\u00f3venes en el empleo directo del sector supera al promedio de la econom\u00eda en general, con un 15,7 % frente al 13,7 %.<\/p>\n\n\n\n<p>Los resultados de la ESR confirman el papel creciente del sector en el avance ambiental y social.<\/p>\n\n\n\n<p>Hashil Al Mahrouqi, director general de Oman Tourism Development Company, declar\u00f3: &#8220;En OMRAN Group, estamos orgullosos de ser socios del WTTC como Proveedor de Datos de Sostenibilidad, reforzando el compromiso de Om\u00e1n con el desarrollo del turismo sostenible. Esta colaboraci\u00f3n nos permite aportar datos e informaci\u00f3n s\u00f3lidos al escenario global, ayudando a dise\u00f1ar estrategias basadas en evidencia que equilibren el crecimiento econ\u00f3mico con el liderazgo en sostenibilidad.<\/p>\n\n\n\n<p>\u201cVemos esta alianza como un catalizador para acelerar nuestra propia agenda de sostenibilidad, inspirar a nuestros socios y contribuir a los esfuerzos globales en la transici\u00f3n hacia un turismo sostenible y en el empoderamiento de las comunidades locales&#8221;.<\/p>\n\n\n\n<p>\u201cEl sector de Viajes y Turismo est\u00e1 generando un cambio positivo en econom\u00edas y sociedades\u201d, a\u00f1adi\u00f3 Guevara. \u201cDesde la creaci\u00f3n de empleos de calidad hasta la reducci\u00f3n de nuestra participaci\u00f3n en las emisiones globales, nuestro sector demuestra que puede ser resiliente y responsable. Con las alianzas adecuadas, el sector seguir\u00e1 siendo una fuerza positiva para las personas, el planeta y la prosperidad&#8221;.<\/p>\n\n\n\n<p><strong>Contribuci\u00f3n fiscal<\/strong><\/p>\n\n\n\n<p>En 2024, el sector gener\u00f3 3,5 billones de d\u00f3lares en ingresos fiscales, frente a los 3,3 billones de 2019, lo que representa un aumento del 6,1 % y equivale a una d\u00e9cima parte de los ingresos gubernamentales globales.<\/p>\n\n\n\n<p>El WTTC insta a los responsables pol\u00edticos a reconocer esta importante contribuci\u00f3n antes de implementar nuevos impuestos espec\u00edficos al turismo y a asegurar que los ingresos se reinviertan estrat\u00e9gicamente en las comunidades locales e infraestructuras para generar impactos ambientales y sociales positivos. (<a href=\"https:\/\/nitu.mx\/index.php\/2025\/10\/09\/wttc-elige-a-malta-como-sede-para-su-cumbre-global-2026\/\">WTTC elige a Malta como sede para su Cumbre Global 2026<\/a>).<\/p>\n","protected":false},"excerpt":{"rendered":"<p>El Consejo Mundial de Viajes y Turismo (WTTC), en colaboraci\u00f3n con Omran, present\u00f3 hoy su Investigaci\u00f3n Ambiental y Social (ESR) 2025, que muestra que, aunque el sector ha superado sus niveles de contribuci\u00f3n a la econom\u00eda previo a a la pandemia, su huella de carbono se mantiene por debajo de los niveles de 2019 y [&hellip;]<\/p>\n","protected":false},"author":17,"featured_media":84029,"comment_status":"closed","ping_status":"closed","sticky":false,"template":"","format":"standard","meta":{"footnotes":""},"categories":[12],"tags":[27763,1494,27762,4931],"yoast_head":"<!-- This site is optimized with the Yoast SEO plugin v22.2 - https:\/\/yoast.com\/wordpress\/plugins\/seo\/ -->\n<title>Sector de Viajes y Turismo reduce sus emisiones de gases de efecto invernadero: WTTC - Nitu - Noticias de la Industria Turistica<\/title>\n<meta name=\"robots\" content=\"index, follow, max-snippet:-1, max-image-preview:large, max-video-preview:-1\" \/>\n<link rel=\"canonical\" href=\"https:\/\/nitu.mx\/index.php\/2025\/10\/16\/sector-de-viajes-y-turismo-reduce-sus-emisiones-de-gases-de-efecto-invernadero-wttc\/\" \/>\n<meta name=\"twitter:card\" content=\"summary_large_image\" \/>\n<meta name=\"twitter:title\" content=\"Sector de Viajes y Turismo reduce sus emisiones de gases de efecto invernadero: WTTC - Nitu - Noticias de la Industria Turistica\" \/>\n<meta name=\"twitter:description\" content=\"El Consejo Mundial de Viajes y Turismo (WTTC), en colaboraci\u00f3n con Omran, present\u00f3 hoy su Investigaci\u00f3n Ambiental y Social (ESR) 2025, que muestra que, aunque el sector ha superado sus niveles de contribuci\u00f3n a la econom\u00eda previo a a la pandemia, su huella de carbono se mantiene por debajo de los niveles de 2019 y [&hellip;]\" \/>\n<meta name=\"twitter:image\" content=\"https:\/\/nitu.mx\/wp-content\/uploads\/2025\/10\/WTTC-emisiones-de-gases-efecto-invernadero.jpg\" \/>\n<meta name=\"twitter:creator\" content=\"@NITUmx\" \/>\n<meta name=\"twitter:site\" content=\"@Arturo_Medina_G\" \/>\n<meta name=\"twitter:label1\" content=\"Escrito por\" \/>\n\t<meta name=\"twitter:data1\" content=\"Redacci\u00f3n\" \/>\n\t<meta name=\"twitter:label2\" content=\"Tiempo de lectura\" \/>\n\t<meta name=\"twitter:data2\" content=\"4 minutos\" \/>\n<script type=\"application\/ld+json\" class=\"yoast-schema-graph\">{\"@context\":\"https:\/\/schema.org\",\"@graph\":[{\"@type\":\"Article\",\"@id\":\"https:\/\/nitu.mx\/index.php\/2025\/10\/16\/sector-de-viajes-y-turismo-reduce-sus-emisiones-de-gases-de-efecto-invernadero-wttc\/#article\",\"isPartOf\":{\"@id\":\"https:\/\/nitu.mx\/index.php\/2025\/10\/16\/sector-de-viajes-y-turismo-reduce-sus-emisiones-de-gases-de-efecto-invernadero-wttc\/\"},\"author\":{\"name\":\"Redacci\u00f3n\",\"@id\":\"https:\/\/nitu.mx\/#\/schema\/person\/4a28fe9bd65924f7c90623773daf1b0b\"},\"headline\":\"Sector de Viajes y Turismo reduce sus emisiones de gases de efecto invernadero: WTTC\",\"datePublished\":\"2025-10-17T03:06:12+00:00\",\"dateModified\":\"2025-10-17T03:06:13+00:00\",\"mainEntityOfPage\":{\"@id\":\"https:\/\/nitu.mx\/index.php\/2025\/10\/16\/sector-de-viajes-y-turismo-reduce-sus-emisiones-de-gases-de-efecto-invernadero-wttc\/\"},\"wordCount\":743,\"publisher\":{\"@id\":\"https:\/\/nitu.mx\/#\/schema\/person\/ae7a53426417292d3dd07b45a33e01bc\"},\"image\":{\"@id\":\"https:\/\/nitu.mx\/index.php\/2025\/10\/16\/sector-de-viajes-y-turismo-reduce-sus-emisiones-de-gases-de-efecto-invernadero-wttc\/#primaryimage\"},\"thumbnailUrl\":\"https:\/\/nitu.mx\/wp-content\/uploads\/2025\/10\/WTTC-emisiones-de-gases-efecto-invernadero.jpg\",\"keywords\":[\"efecto invernadero\",\"Gloria Guevara\",\"Omran\",\"WTTC\"],\"articleSection\":[\"Marketing\"],\"inLanguage\":\"es-MX\"},{\"@type\":\"WebPage\",\"@id\":\"https:\/\/nitu.mx\/index.php\/2025\/10\/16\/sector-de-viajes-y-turismo-reduce-sus-emisiones-de-gases-de-efecto-invernadero-wttc\/\",\"url\":\"https:\/\/nitu.mx\/index.php\/2025\/10\/16\/sector-de-viajes-y-turismo-reduce-sus-emisiones-de-gases-de-efecto-invernadero-wttc\/\",\"name\":\"Sector de Viajes y Turismo reduce sus emisiones de gases de efecto invernadero: WTTC - Nitu - Noticias de la Industria Turistica\",\"isPartOf\":{\"@id\":\"https:\/\/nitu.mx\/#website\"},\"primaryImageOfPage\":{\"@id\":\"https:\/\/nitu.mx\/index.php\/2025\/10\/16\/sector-de-viajes-y-turismo-reduce-sus-emisiones-de-gases-de-efecto-invernadero-wttc\/#primaryimage\"},\"image\":{\"@id\":\"https:\/\/nitu.mx\/index.php\/2025\/10\/16\/sector-de-viajes-y-turismo-reduce-sus-emisiones-de-gases-de-efecto-invernadero-wttc\/#primaryimage\"},\"thumbnailUrl\":\"https:\/\/nitu.mx\/wp-content\/uploads\/2025\/10\/WTTC-emisiones-de-gases-efecto-invernadero.jpg\",\"datePublished\":\"2025-10-17T03:06:12+00:00\",\"dateModified\":\"2025-10-17T03:06:13+00:00\",\"breadcrumb\":{\"@id\":\"https:\/\/nitu.mx\/index.php\/2025\/10\/16\/sector-de-viajes-y-turismo-reduce-sus-emisiones-de-gases-de-efecto-invernadero-wttc\/#breadcrumb\"},\"inLanguage\":\"es-MX\",\"potentialAction\":[{\"@type\":\"ReadAction\",\"target\":[\"https:\/\/nitu.mx\/index.php\/2025\/10\/16\/sector-de-viajes-y-turismo-reduce-sus-emisiones-de-gases-de-efecto-invernadero-wttc\/\"]}]},{\"@type\":\"ImageObject\",\"inLanguage\":\"es-MX\",\"@id\":\"https:\/\/nitu.mx\/index.php\/2025\/10\/16\/sector-de-viajes-y-turismo-reduce-sus-emisiones-de-gases-de-efecto-invernadero-wttc\/#primaryimage\",\"url\":\"https:\/\/nitu.mx\/wp-content\/uploads\/2025\/10\/WTTC-emisiones-de-gases-efecto-invernadero.jpg\",\"contentUrl\":\"https:\/\/nitu.mx\/wp-content\/uploads\/2025\/10\/WTTC-emisiones-de-gases-efecto-invernadero.jpg\",\"width\":1200,\"height\":675,\"caption\":\"WTTC emisiones de gases efecto invernadero\"},{\"@type\":\"BreadcrumbList\",\"@id\":\"https:\/\/nitu.mx\/index.php\/2025\/10\/16\/sector-de-viajes-y-turismo-reduce-sus-emisiones-de-gases-de-efecto-invernadero-wttc\/#breadcrumb\",\"itemListElement\":[{\"@type\":\"ListItem\",\"position\":1,\"name\":\"Inicio\",\"item\":\"https:\/\/nitu.mx\/\"},{\"@type\":\"ListItem\",\"position\":2,\"name\":\"Sector de Viajes y Turismo reduce sus emisiones de gases de efecto invernadero: WTTC\"}]},{\"@type\":\"WebSite\",\"@id\":\"https:\/\/nitu.mx\/#website\",\"url\":\"https:\/\/nitu.mx\/\",\"name\":\"Nitu - Noticias de la Industria Turistica\",\"description\":\"Noticias de la Industria Turistica\",\"publisher\":{\"@id\":\"https:\/\/nitu.mx\/#\/schema\/person\/ae7a53426417292d3dd07b45a33e01bc\"},\"alternateName\":\"Noticias de la Industria Turistica\",\"potentialAction\":[{\"@type\":\"SearchAction\",\"target\":{\"@type\":\"EntryPoint\",\"urlTemplate\":\"https:\/\/nitu.mx\/?s={search_term_string}\"},\"query-input\":\"required name=search_term_string\"}],\"inLanguage\":\"es-MX\"},{\"@type\":[\"Person\",\"Organization\"],\"@id\":\"https:\/\/nitu.mx\/#\/schema\/person\/ae7a53426417292d3dd07b45a33e01bc\",\"name\":\"Arturo Medina\",\"image\":{\"@type\":\"ImageObject\",\"inLanguage\":\"es-MX\",\"@id\":\"https:\/\/nitu.mx\/#\/schema\/person\/image\/\",\"url\":\"https:\/\/nitu.mx\/wp-content\/uploads\/2024\/04\/4A315622-1904-4D5C-B022-878CDC840E04-90x90-1.jpeg\",\"contentUrl\":\"https:\/\/nitu.mx\/wp-content\/uploads\/2024\/04\/4A315622-1904-4D5C-B022-878CDC840E04-90x90-1.jpeg\",\"width\":90,\"height\":90,\"caption\":\"Arturo Medina\"},\"logo\":{\"@id\":\"https:\/\/nitu.mx\/#\/schema\/person\/image\/\"},\"description\":\"Director NITU.mx, Egresado de la Escuela de Periodismo Carlos Septi\u00e9n Garc\u00eda. Periodista y analista especializado en turismo desde hace 35 a\u00f1os, radicado en Canc\u00fan Q.Roo. arturo@nitu.mx\",\"sameAs\":[\"https:\/\/nitu.mx\",\"https:\/\/www.facebook.com\/NITUmx\/\",\"medinacancun\",\"https:\/\/twitter.com\/@Arturo_Medina_G\"]},{\"@type\":\"Person\",\"@id\":\"https:\/\/nitu.mx\/#\/schema\/person\/4a28fe9bd65924f7c90623773daf1b0b\",\"name\":\"Redacci\u00f3n\",\"image\":{\"@type\":\"ImageObject\",\"inLanguage\":\"es-MX\",\"@id\":\"https:\/\/nitu.mx\/#\/schema\/person\/image\/\",\"url\":\"https:\/\/secure.gravatar.com\/avatar\/5dd011c8ccfc5cd7e4c81e42252aab38?s=96&d=mm&r=g\",\"contentUrl\":\"https:\/\/secure.gravatar.com\/avatar\/5dd011c8ccfc5cd7e4c81e42252aab38?s=96&d=mm&r=g\",\"caption\":\"Redacci\u00f3n\"},\"url\":\"https:\/\/nitu.mx\/index.php\/author\/redaccion\/\"}]}<\/script>\n<!-- \/ Yoast SEO plugin. -->","yoast_head_json":{"title":"Sector de Viajes y Turismo reduce sus emisiones de gases de efecto invernadero: WTTC - Nitu - Noticias de la Industria Turistica","robots":{"index":"index","follow":"follow","max-snippet":"max-snippet:-1","max-image-preview":"max-image-preview:large","max-video-preview":"max-video-preview:-1"},"canonical":"https:\/\/nitu.mx\/index.php\/2025\/10\/16\/sector-de-viajes-y-turismo-reduce-sus-emisiones-de-gases-de-efecto-invernadero-wttc\/","twitter_card":"summary_large_image","twitter_title":"Sector de Viajes y Turismo reduce sus emisiones de gases de efecto invernadero: WTTC - Nitu - Noticias de la Industria Turistica","twitter_description":"El Consejo Mundial de Viajes y Turismo (WTTC), en colaboraci\u00f3n con Omran, present\u00f3 hoy su Investigaci\u00f3n Ambiental y Social (ESR) 2025, que muestra que, aunque el sector ha superado sus niveles de contribuci\u00f3n a la econom\u00eda previo a a la pandemia, su huella de carbono se mantiene por debajo de los niveles de 2019 y [&hellip;]","twitter_image":"https:\/\/nitu.mx\/wp-content\/uploads\/2025\/10\/WTTC-emisiones-de-gases-efecto-invernadero.jpg","twitter_creator":"@NITUmx","twitter_site":"@Arturo_Medina_G","twitter_misc":{"Escrito por":"Redacci\u00f3n","Tiempo de lectura":"4 minutos"},"schema":{"@context":"https:\/\/schema.org","@graph":[{"@type":"Article","@id":"https:\/\/nitu.mx\/index.php\/2025\/10\/16\/sector-de-viajes-y-turismo-reduce-sus-emisiones-de-gases-de-efecto-invernadero-wttc\/#article","isPartOf":{"@id":"https:\/\/nitu.mx\/index.php\/2025\/10\/16\/sector-de-viajes-y-turismo-reduce-sus-emisiones-de-gases-de-efecto-invernadero-wttc\/"},"author":{"name":"Redacci\u00f3n","@id":"https:\/\/nitu.mx\/#\/schema\/person\/4a28fe9bd65924f7c90623773daf1b0b"},"headline":"Sector de Viajes y Turismo reduce sus emisiones de gases de efecto invernadero: WTTC","datePublished":"2025-10-17T03:06:12+00:00","dateModified":"2025-10-17T03:06:13+00:00","mainEntityOfPage":{"@id":"https:\/\/nitu.mx\/index.php\/2025\/10\/16\/sector-de-viajes-y-turismo-reduce-sus-emisiones-de-gases-de-efecto-invernadero-wttc\/"},"wordCount":743,"publisher":{"@id":"https:\/\/nitu.mx\/#\/schema\/person\/ae7a53426417292d3dd07b45a33e01bc"},"image":{"@id":"https:\/\/nitu.mx\/index.php\/2025\/10\/16\/sector-de-viajes-y-turismo-reduce-sus-emisiones-de-gases-de-efecto-invernadero-wttc\/#primaryimage"},"thumbnailUrl":"https:\/\/nitu.mx\/wp-content\/uploads\/2025\/10\/WTTC-emisiones-de-gases-efecto-invernadero.jpg","keywords":["efecto invernadero","Gloria Guevara","Omran","WTTC"],"articleSection":["Marketing"],"inLanguage":"es-MX"},{"@type":"WebPage","@id":"https:\/\/nitu.mx\/index.php\/2025\/10\/16\/sector-de-viajes-y-turismo-reduce-sus-emisiones-de-gases-de-efecto-invernadero-wttc\/","url":"https:\/\/nitu.mx\/index.php\/2025\/10\/16\/sector-de-viajes-y-turismo-reduce-sus-emisiones-de-gases-de-efecto-invernadero-wttc\/","name":"Sector de Viajes y Turismo reduce sus emisiones de gases de efecto invernadero: WTTC - Nitu - Noticias de la Industria Turistica","isPartOf":{"@id":"https:\/\/nitu.mx\/#website"},"primaryImageOfPage":{"@id":"https:\/\/nitu.mx\/index.php\/2025\/10\/16\/sector-de-viajes-y-turismo-reduce-sus-emisiones-de-gases-de-efecto-invernadero-wttc\/#primaryimage"},"image":{"@id":"https:\/\/nitu.mx\/index.php\/2025\/10\/16\/sector-de-viajes-y-turismo-reduce-sus-emisiones-de-gases-de-efecto-invernadero-wttc\/#primaryimage"},"thumbnailUrl":"https:\/\/nitu.mx\/wp-content\/uploads\/2025\/10\/WTTC-emisiones-de-gases-efecto-invernadero.jpg","datePublished":"2025-10-17T03:06:12+00:00","dateModified":"2025-10-17T03:06:13+00:00","breadcrumb":{"@id":"https:\/\/nitu.mx\/index.php\/2025\/10\/16\/sector-de-viajes-y-turismo-reduce-sus-emisiones-de-gases-de-efecto-invernadero-wttc\/#breadcrumb"},"inLanguage":"es-MX","potentialAction":[{"@type":"ReadAction","target":["https:\/\/nitu.mx\/index.php\/2025\/10\/16\/sector-de-viajes-y-turismo-reduce-sus-emisiones-de-gases-de-efecto-invernadero-wttc\/"]}]},{"@type":"ImageObject","inLanguage":"es-MX","@id":"https:\/\/nitu.mx\/index.php\/2025\/10\/16\/sector-de-viajes-y-turismo-reduce-sus-emisiones-de-gases-de-efecto-invernadero-wttc\/#primaryimage","url":"https:\/\/nitu.mx\/wp-content\/uploads\/2025\/10\/WTTC-emisiones-de-gases-efecto-invernadero.jpg","contentUrl":"https:\/\/nitu.mx\/wp-content\/uploads\/2025\/10\/WTTC-emisiones-de-gases-efecto-invernadero.jpg","width":1200,"height":675,"caption":"WTTC emisiones de gases efecto invernadero"},{"@type":"BreadcrumbList","@id":"https:\/\/nitu.mx\/index.php\/2025\/10\/16\/sector-de-viajes-y-turismo-reduce-sus-emisiones-de-gases-de-efecto-invernadero-wttc\/#breadcrumb","itemListElement":[{"@type":"ListItem","position":1,"name":"Inicio","item":"https:\/\/nitu.mx\/"},{"@type":"ListItem","position":2,"name":"Sector de Viajes y Turismo reduce sus emisiones de gases de efecto invernadero: WTTC"}]},{"@type":"WebSite","@id":"https:\/\/nitu.mx\/#website","url":"https:\/\/nitu.mx\/","name":"Nitu - Noticias de la Industria Turistica","description":"Noticias de la Industria Turistica","publisher":{"@id":"https:\/\/nitu.mx\/#\/schema\/person\/ae7a53426417292d3dd07b45a33e01bc"},"alternateName":"Noticias de la Industria Turistica","potentialAction":[{"@type":"SearchAction","target":{"@type":"EntryPoint","urlTemplate":"https:\/\/nitu.mx\/?s={search_term_string}"},"query-input":"required name=search_term_string"}],"inLanguage":"es-MX"},{"@type":["Person","Organization"],"@id":"https:\/\/nitu.mx\/#\/schema\/person\/ae7a53426417292d3dd07b45a33e01bc","name":"Arturo Medina","image":{"@type":"ImageObject","inLanguage":"es-MX","@id":"https:\/\/nitu.mx\/#\/schema\/person\/image\/","url":"https:\/\/nitu.mx\/wp-content\/uploads\/2024\/04\/4A315622-1904-4D5C-B022-878CDC840E04-90x90-1.jpeg","contentUrl":"https:\/\/nitu.mx\/wp-content\/uploads\/2024\/04\/4A315622-1904-4D5C-B022-878CDC840E04-90x90-1.jpeg","width":90,"height":90,"caption":"Arturo Medina"},"logo":{"@id":"https:\/\/nitu.mx\/#\/schema\/person\/image\/"},"description":"Director NITU.mx, Egresado de la Escuela de Periodismo Carlos Septi\u00e9n Garc\u00eda. Periodista y analista especializado en turismo desde hace 35 a\u00f1os, radicado en Canc\u00fan Q.Roo. arturo@nitu.mx","sameAs":["https:\/\/nitu.mx","https:\/\/www.facebook.com\/NITUmx\/","medinacancun","https:\/\/twitter.com\/@Arturo_Medina_G"]},{"@type":"Person","@id":"https:\/\/nitu.mx\/#\/schema\/person\/4a28fe9bd65924f7c90623773daf1b0b","name":"Redacci\u00f3n","image":{"@type":"ImageObject","inLanguage":"es-MX","@id":"https:\/\/nitu.mx\/#\/schema\/person\/image\/","url":"https:\/\/secure.gravatar.com\/avatar\/5dd011c8ccfc5cd7e4c81e42252aab38?s=96&d=mm&r=g","contentUrl":"https:\/\/secure.gravatar.com\/avatar\/5dd011c8ccfc5cd7e4c81e42252aab38?s=96&d=mm&r=g","caption":"Redacci\u00f3n"},"url":"https:\/\/nitu.mx\/index.php\/author\/redaccion\/"}]}},"views":572,"_links":{"self":[{"href":"https:\/\/nitu.mx\/index.php\/wp-json\/wp\/v2\/posts\/84027"}],"collection":[{"href":"https:\/\/nitu.mx\/index.php\/wp-json\/wp\/v2\/posts"}],"about":[{"href":"https:\/\/nitu.mx\/index.php\/wp-json\/wp\/v2\/types\/post"}],"author":[{"embeddable":true,"href":"https:\/\/nitu.mx\/index.php\/wp-json\/wp\/v2\/users\/17"}],"replies":[{"embeddable":true,"href":"https:\/\/nitu.mx\/index.php\/wp-json\/wp\/v2\/comments?post=84027"}],"version-history":[{"count":1,"href":"https:\/\/nitu.mx\/index.php\/wp-json\/wp\/v2\/posts\/84027\/revisions"}],"predecessor-version":[{"id":84030,"href":"https:\/\/nitu.mx\/index.php\/wp-json\/wp\/v2\/posts\/84027\/revisions\/84030"}],"wp:featuredmedia":[{"embeddable":true,"href":"https:\/\/nitu.mx\/index.php\/wp-json\/wp\/v2\/media\/84029"}],"wp:attachment":[{"href":"https:\/\/nitu.mx\/index.php\/wp-json\/wp\/v2\/media?parent=84027"}],"wp:term":[{"taxonomy":"category","embeddable":true,"href":"https:\/\/nitu.mx\/index.php\/wp-json\/wp\/v2\/categories?post=84027"},{"taxonomy":"post_tag","embeddable":true,"href":"https:\/\/nitu.mx\/index.php\/wp-json\/wp\/v2\/tags?post=84027"}],"curies":[{"name":"wp","href":"https:\/\/api.w.org\/{rel}","templated":true}]}}