{"id":84017,"date":"2025-10-16T20:44:15","date_gmt":"2025-10-17T02:44:15","guid":{"rendered":"https:\/\/nitu.mx\/?p=84017"},"modified":"2025-10-16T20:44:15","modified_gmt":"2025-10-17T02:44:15","slug":"tulum-sectur-y-quintana-roo-acuerdan-fortalecer-acceso-a-playas-y-promocion-para-resarcir-situacion","status":"publish","type":"post","link":"https:\/\/nitu.mx\/index.php\/2025\/10\/16\/tulum-sectur-y-quintana-roo-acuerdan-fortalecer-acceso-a-playas-y-promocion-para-resarcir-situacion\/","title":{"rendered":"Tulum: Sectur y Quintana Roo acuerdan fortalecer acceso a playas y promoci\u00f3n para resarcir situaci\u00f3n"},"content":{"rendered":"\n<p>La secretaria de Turismo federal,\u00a0Josefina Rodr\u00edguez Zamora, realiz\u00f3\u00a0una visita de trabajo en\u00a0Tulum, Quintana Roo, acompa\u00f1ada de la gobernadora Mara Lezama Espinosa, donde sostuvieron encuentros con\u00a0hoteleros, prestadores de servicios y representantes de los distintos sectores econ\u00f3micos y tur\u00edsticos del estado.<\/p>\n\n\n\n<p>La titular de la Secretar\u00eda de Turismo (Sectur) explic\u00f3 que la visita, que se realiza previo a la temporada alta de fin de a\u00f1o, tiene como objetivo analizar integralmente la situaci\u00f3n actual y definir acciones inmediatas, as\u00ed como estrategias de corto y largo plazo que fortalezcan el flujo de turistas nacionales y extranjeros. Adem\u00e1s, busca implementar mecanismos que consoliden la sostenibilidad del destino y respondan a las necesidades del sector.<\/p>\n\n\n\n<p>Dos acuerdos quedaron sobre la mesa para trabajarlas en conjunto: la corresponsabilidad para fortalecer los accesos a las playas, por lo que se analiza con el INAH, la SEDENA y la CONANP la infraestructura para habilitar el acceso principal, donde est\u00e1n los artesanos, al Parque del Jaguar. Por su parte, los hoteleros propondr\u00e1n abrir tambi\u00e9n accesos p\u00fablicos de modo que entre todos se cree un registro de accesos p\u00fablicos a la zona costera.<\/p>\n\n\n\n<p>La siguiente semana habr\u00e1 otra reuni\u00f3n de trabajo con el director de la unidad de pol\u00edtica tur\u00edstica de SECTUR para revisar el tema y crear una planeaci\u00f3n estrat\u00e9gica del destino, junto con FONATUR, que llevar\u00e1 tener un Plan Maestro de Tulum.<\/p>\n\n\n\n<p>El segundo acuerdo vers\u00f3 sobre el fortalecimiento de la promoci\u00f3n del destino, la Gobernadora detall\u00f3 acciones orientadas al reposicionamiento de mercados clave y el lanzamiento de una imagen renovada para la marca Tulum con sus atributos clave, as\u00ed como acciones orientadas a la comercializaci\u00f3n de campa\u00f1as cooperativas con socios comerciales para fortalecer la conectividad a\u00e9rea hacia el Aeropuerto Internacional de Tulum. Por otra parte, se acord\u00f3 trabajar en la sensibilizaci\u00f3n y profesionalizaci\u00f3n de prestadores de servicios tur\u00edsticos.<\/p>\n\n\n\n<p>\u201cTenemos una instrucci\u00f3n de nuestra presidenta: el turismo es una prioridad. Hoy lo dijo en \u2018La ma\u00f1anera\u2019; estamos atendiendo m\u00faltiples factores y tambi\u00e9n generando buenas noticias para nuestro gran destino que es Tulum. Durante este recorrido se instal\u00f3 una mesa interinstitucional, y lo m\u00e1s importante es que estaremos trabajando directamente con cada sector. Escuchamos sus necesidades, que no son recientes; as\u00ed que en pr\u00f3ximas semanas, como anunci\u00f3 la Presidenta, estaremos informando sobre los resultados de esta visita\u201d, detall\u00f3 la titular de Sectur.<\/p>\n\n\n\n<p>Destac\u00f3 que la mesa interinstitucional avanza en la implementaci\u00f3n de una pol\u00edtica integral de recuperaci\u00f3n y sostenibilidad que fortalezca la promoci\u00f3n, la seguridad y la accesibilidad de Tulum, asegurando que los visitantes disfruten plenamente de sus playas, su patrimonio cultural y su riqueza natural.<\/p>\n\n\n\n<p>Por su parte, la gobernadora Mara Lezama destac\u00f3 la importancia de esta reuni\u00f3n, en la que se tuvo la oportunidad de tomar decisiones para hacer de Tulum el mejor destino del mundo.<\/p>\n\n\n\n<h2 class=\"wp-block-heading\">Autoridades participan en el Foro Participativo Turismo Comunitario<\/h2>\n\n\n\n<p>Asimismo, como parte del Pacto Legislativo por el Turismo Nacional, la Comisi\u00f3n de Turismo del Senado de la Rep\u00fablica llev\u00f3 a cabo el Foro de Turismo Comunitario en esta ciudad, en la que estuvieron presentes Mara Lezama y Josefina Rodr\u00edguez, en gira de trabajo.<\/p>\n\n\n\n<p>Mara Lezama, Josefina Rodr\u00edguez y Eugenio Segura destacaron la importancia de Maya Ka\u00b4an como un modelo de desarrollo tur\u00edstico comunitario que responde al impulso que la Presidenta Claudia Sheinbaum les da a las comunidades rurales.<\/p>\n\n\n\n<p>Rodr\u00edguez Zamora subray\u00f3: \u201cNuestro pa\u00eds, como potencia tur\u00edstica, ofrece una infinidad de oportunidades culturales, naturales, deportivas y de aventura. Contamos con 111 \u00e1reas protegidas con vocaci\u00f3n tur\u00edstica, 33 sitios inscritos en la lista de Patrimonio Mundial de la UNESCO \u2014lo que coloca a M\u00e9xico como el quinto pa\u00eds con m\u00e1s sitios a nivel mundial y el primero en Am\u00e9rica Latina\u2014, y m\u00e1s de 12 mil comunidades ind\u00edgenas administradas por autoridades tradicionales o asambleas\u201d.<\/p>\n\n\n\n<p>La gira de trabajo concluy\u00f3 con un recorrido por el Parque del Jaguar. Mara Lezama, Josefina Rodr\u00edguez y Diego Casta\u00f1\u00f3n, presidente de Tulum, accedieron por la entrada principal, por donde se encuentran artesanos, negocios, y donde se centra la actividad econ\u00f3mica.<\/p>\n\n\n\n<p>Este recorrido permiti\u00f3 constatar la experiencia y las vivencias que tienen los turistas. Platicaron con los trabajadores del parador y escucharon de viva voz la operaci\u00f3n que se aplica; recorrieron el estacionamiento, escucharon a comerciantes, artesanas y artesanos, gu\u00edas de turistas, vendedores de tours. Finalmente, tuvieron una atenci\u00f3n a medios en el acceso sur del parque. (<a href=\"https:\/\/nitu.mx\/index.php\/2025\/10\/13\/playa-del-carmen-alcaldesa-se-solidariza-y-pide-abrazar-a-tulum\/\">Playa del Carmen: Alcaldesa se solidariza y pide \u201cabrazar\u201d a Tulum<\/a>).<\/p>\n","protected":false},"excerpt":{"rendered":"<p>La secretaria de Turismo federal,\u00a0Josefina Rodr\u00edguez Zamora, realiz\u00f3\u00a0una visita de trabajo en\u00a0Tulum, Quintana Roo, acompa\u00f1ada de la gobernadora Mara Lezama Espinosa, donde sostuvieron encuentros con\u00a0hoteleros, prestadores de servicios y representantes de los distintos sectores econ\u00f3micos y tur\u00edsticos del estado. La titular de la Secretar\u00eda de Turismo (Sectur) explic\u00f3 que la visita, que se realiza previo [&hellip;]<\/p>\n","protected":false},"author":17,"featured_media":84020,"comment_status":"closed","ping_status":"closed","sticky":false,"template":"","format":"standard","meta":{"footnotes":""},"categories":[18475],"tags":[25659,14028,93,390],"yoast_head":"<!-- This site is optimized with the Yoast SEO plugin v22.2 - https:\/\/yoast.com\/wordpress\/plugins\/seo\/ -->\n<title>Tulum: Sectur y Quintana Roo acuerdan fortalecer acceso a playas y promoci\u00f3n para resarcir situaci\u00f3n - Nitu - Noticias de la Industria Turistica<\/title>\n<meta name=\"robots\" content=\"index, follow, max-snippet:-1, max-image-preview:large, max-video-preview:-1\" \/>\n<link rel=\"canonical\" href=\"https:\/\/nitu.mx\/index.php\/2025\/10\/16\/tulum-sectur-y-quintana-roo-acuerdan-fortalecer-acceso-a-playas-y-promocion-para-resarcir-situacion\/\" \/>\n<meta name=\"twitter:card\" content=\"summary_large_image\" \/>\n<meta name=\"twitter:title\" content=\"Tulum: Sectur y Quintana Roo acuerdan fortalecer acceso a playas y promoci\u00f3n para resarcir situaci\u00f3n - Nitu - Noticias de la Industria Turistica\" \/>\n<meta name=\"twitter:description\" content=\"La secretaria de Turismo federal,\u00a0Josefina Rodr\u00edguez Zamora, realiz\u00f3\u00a0una visita de trabajo en\u00a0Tulum, Quintana Roo, acompa\u00f1ada de la gobernadora Mara Lezama Espinosa, donde sostuvieron encuentros con\u00a0hoteleros, prestadores de servicios y representantes de los distintos sectores econ\u00f3micos y tur\u00edsticos del estado. La titular de la Secretar\u00eda de Turismo (Sectur) explic\u00f3 que la visita, que se realiza previo [&hellip;]\" \/>\n<meta name=\"twitter:image\" content=\"https:\/\/nitu.mx\/wp-content\/uploads\/2025\/10\/Tulum-Sectur-Quintana-Roo-acuerdos.jpg\" \/>\n<meta name=\"twitter:creator\" content=\"@NITUmx\" \/>\n<meta name=\"twitter:site\" content=\"@Arturo_Medina_G\" \/>\n<meta name=\"twitter:label1\" content=\"Escrito por\" \/>\n\t<meta name=\"twitter:data1\" content=\"Redacci\u00f3n\" \/>\n\t<meta name=\"twitter:label2\" content=\"Tiempo de lectura\" \/>\n\t<meta name=\"twitter:data2\" content=\"4 minutos\" \/>\n<script type=\"application\/ld+json\" class=\"yoast-schema-graph\">{\"@context\":\"https:\/\/schema.org\",\"@graph\":[{\"@type\":\"Article\",\"@id\":\"https:\/\/nitu.mx\/index.php\/2025\/10\/16\/tulum-sectur-y-quintana-roo-acuerdan-fortalecer-acceso-a-playas-y-promocion-para-resarcir-situacion\/#article\",\"isPartOf\":{\"@id\":\"https:\/\/nitu.mx\/index.php\/2025\/10\/16\/tulum-sectur-y-quintana-roo-acuerdan-fortalecer-acceso-a-playas-y-promocion-para-resarcir-situacion\/\"},\"author\":{\"name\":\"Redacci\u00f3n\",\"@id\":\"https:\/\/nitu.mx\/#\/schema\/person\/4a28fe9bd65924f7c90623773daf1b0b\"},\"headline\":\"Tulum: Sectur y Quintana Roo acuerdan fortalecer acceso a playas y promoci\u00f3n para resarcir situaci\u00f3n\",\"datePublished\":\"2025-10-17T02:44:15+00:00\",\"dateModified\":\"2025-10-17T02:44:15+00:00\",\"mainEntityOfPage\":{\"@id\":\"https:\/\/nitu.mx\/index.php\/2025\/10\/16\/tulum-sectur-y-quintana-roo-acuerdan-fortalecer-acceso-a-playas-y-promocion-para-resarcir-situacion\/\"},\"wordCount\":803,\"publisher\":{\"@id\":\"https:\/\/nitu.mx\/#\/schema\/person\/ae7a53426417292d3dd07b45a33e01bc\"},\"image\":{\"@id\":\"https:\/\/nitu.mx\/index.php\/2025\/10\/16\/tulum-sectur-y-quintana-roo-acuerdan-fortalecer-acceso-a-playas-y-promocion-para-resarcir-situacion\/#primaryimage\"},\"thumbnailUrl\":\"https:\/\/nitu.mx\/wp-content\/uploads\/2025\/10\/Tulum-Sectur-Quintana-Roo-acuerdos.jpg\",\"keywords\":[\"Josefina Rodr\u00edguez\",\"Mara Lezama\",\"Sectur\",\"Tulum\"],\"articleSection\":[\"Caribe Mexicano\"],\"inLanguage\":\"es-MX\"},{\"@type\":\"WebPage\",\"@id\":\"https:\/\/nitu.mx\/index.php\/2025\/10\/16\/tulum-sectur-y-quintana-roo-acuerdan-fortalecer-acceso-a-playas-y-promocion-para-resarcir-situacion\/\",\"url\":\"https:\/\/nitu.mx\/index.php\/2025\/10\/16\/tulum-sectur-y-quintana-roo-acuerdan-fortalecer-acceso-a-playas-y-promocion-para-resarcir-situacion\/\",\"name\":\"Tulum: Sectur y Quintana Roo acuerdan fortalecer acceso a playas y promoci\u00f3n para resarcir situaci\u00f3n - Nitu - Noticias de la Industria Turistica\",\"isPartOf\":{\"@id\":\"https:\/\/nitu.mx\/#website\"},\"primaryImageOfPage\":{\"@id\":\"https:\/\/nitu.mx\/index.php\/2025\/10\/16\/tulum-sectur-y-quintana-roo-acuerdan-fortalecer-acceso-a-playas-y-promocion-para-resarcir-situacion\/#primaryimage\"},\"image\":{\"@id\":\"https:\/\/nitu.mx\/index.php\/2025\/10\/16\/tulum-sectur-y-quintana-roo-acuerdan-fortalecer-acceso-a-playas-y-promocion-para-resarcir-situacion\/#primaryimage\"},\"thumbnailUrl\":\"https:\/\/nitu.mx\/wp-content\/uploads\/2025\/10\/Tulum-Sectur-Quintana-Roo-acuerdos.jpg\",\"datePublished\":\"2025-10-17T02:44:15+00:00\",\"dateModified\":\"2025-10-17T02:44:15+00:00\",\"breadcrumb\":{\"@id\":\"https:\/\/nitu.mx\/index.php\/2025\/10\/16\/tulum-sectur-y-quintana-roo-acuerdan-fortalecer-acceso-a-playas-y-promocion-para-resarcir-situacion\/#breadcrumb\"},\"inLanguage\":\"es-MX\",\"potentialAction\":[{\"@type\":\"ReadAction\",\"target\":[\"https:\/\/nitu.mx\/index.php\/2025\/10\/16\/tulum-sectur-y-quintana-roo-acuerdan-fortalecer-acceso-a-playas-y-promocion-para-resarcir-situacion\/\"]}]},{\"@type\":\"ImageObject\",\"inLanguage\":\"es-MX\",\"@id\":\"https:\/\/nitu.mx\/index.php\/2025\/10\/16\/tulum-sectur-y-quintana-roo-acuerdan-fortalecer-acceso-a-playas-y-promocion-para-resarcir-situacion\/#primaryimage\",\"url\":\"https:\/\/nitu.mx\/wp-content\/uploads\/2025\/10\/Tulum-Sectur-Quintana-Roo-acuerdos.jpg\",\"contentUrl\":\"https:\/\/nitu.mx\/wp-content\/uploads\/2025\/10\/Tulum-Sectur-Quintana-Roo-acuerdos.jpg\",\"width\":1200,\"height\":675,\"caption\":\"Tulum Sectur Quintana Roo acuerdos\"},{\"@type\":\"BreadcrumbList\",\"@id\":\"https:\/\/nitu.mx\/index.php\/2025\/10\/16\/tulum-sectur-y-quintana-roo-acuerdan-fortalecer-acceso-a-playas-y-promocion-para-resarcir-situacion\/#breadcrumb\",\"itemListElement\":[{\"@type\":\"ListItem\",\"position\":1,\"name\":\"Inicio\",\"item\":\"https:\/\/nitu.mx\/\"},{\"@type\":\"ListItem\",\"position\":2,\"name\":\"Tulum: Sectur y Quintana Roo acuerdan fortalecer acceso a playas y promoci\u00f3n para resarcir situaci\u00f3n\"}]},{\"@type\":\"WebSite\",\"@id\":\"https:\/\/nitu.mx\/#website\",\"url\":\"https:\/\/nitu.mx\/\",\"name\":\"Nitu - Noticias de la Industria Turistica\",\"description\":\"Noticias de la Industria Turistica\",\"publisher\":{\"@id\":\"https:\/\/nitu.mx\/#\/schema\/person\/ae7a53426417292d3dd07b45a33e01bc\"},\"alternateName\":\"Noticias de la Industria Turistica\",\"potentialAction\":[{\"@type\":\"SearchAction\",\"target\":{\"@type\":\"EntryPoint\",\"urlTemplate\":\"https:\/\/nitu.mx\/?s={search_term_string}\"},\"query-input\":\"required name=search_term_string\"}],\"inLanguage\":\"es-MX\"},{\"@type\":[\"Person\",\"Organization\"],\"@id\":\"https:\/\/nitu.mx\/#\/schema\/person\/ae7a53426417292d3dd07b45a33e01bc\",\"name\":\"Arturo Medina\",\"image\":{\"@type\":\"ImageObject\",\"inLanguage\":\"es-MX\",\"@id\":\"https:\/\/nitu.mx\/#\/schema\/person\/image\/\",\"url\":\"https:\/\/nitu.mx\/wp-content\/uploads\/2024\/04\/4A315622-1904-4D5C-B022-878CDC840E04-90x90-1.jpeg\",\"contentUrl\":\"https:\/\/nitu.mx\/wp-content\/uploads\/2024\/04\/4A315622-1904-4D5C-B022-878CDC840E04-90x90-1.jpeg\",\"width\":90,\"height\":90,\"caption\":\"Arturo Medina\"},\"logo\":{\"@id\":\"https:\/\/nitu.mx\/#\/schema\/person\/image\/\"},\"description\":\"Director NITU.mx, Egresado de la Escuela de Periodismo Carlos Septi\u00e9n Garc\u00eda. Periodista y analista especializado en turismo desde hace 35 a\u00f1os, radicado en Canc\u00fan Q.Roo. arturo@nitu.mx\",\"sameAs\":[\"https:\/\/nitu.mx\",\"https:\/\/www.facebook.com\/NITUmx\/\",\"medinacancun\",\"https:\/\/twitter.com\/@Arturo_Medina_G\"]},{\"@type\":\"Person\",\"@id\":\"https:\/\/nitu.mx\/#\/schema\/person\/4a28fe9bd65924f7c90623773daf1b0b\",\"name\":\"Redacci\u00f3n\",\"image\":{\"@type\":\"ImageObject\",\"inLanguage\":\"es-MX\",\"@id\":\"https:\/\/nitu.mx\/#\/schema\/person\/image\/\",\"url\":\"https:\/\/secure.gravatar.com\/avatar\/5dd011c8ccfc5cd7e4c81e42252aab38?s=96&d=mm&r=g\",\"contentUrl\":\"https:\/\/secure.gravatar.com\/avatar\/5dd011c8ccfc5cd7e4c81e42252aab38?s=96&d=mm&r=g\",\"caption\":\"Redacci\u00f3n\"},\"url\":\"https:\/\/nitu.mx\/index.php\/author\/redaccion\/\"}]}<\/script>\n<!-- \/ Yoast SEO plugin. -->","yoast_head_json":{"title":"Tulum: Sectur y Quintana Roo acuerdan fortalecer acceso a playas y promoci\u00f3n para resarcir situaci\u00f3n - Nitu - Noticias de la Industria Turistica","robots":{"index":"index","follow":"follow","max-snippet":"max-snippet:-1","max-image-preview":"max-image-preview:large","max-video-preview":"max-video-preview:-1"},"canonical":"https:\/\/nitu.mx\/index.php\/2025\/10\/16\/tulum-sectur-y-quintana-roo-acuerdan-fortalecer-acceso-a-playas-y-promocion-para-resarcir-situacion\/","twitter_card":"summary_large_image","twitter_title":"Tulum: Sectur y Quintana Roo acuerdan fortalecer acceso a playas y promoci\u00f3n para resarcir situaci\u00f3n - Nitu - Noticias de la Industria Turistica","twitter_description":"La secretaria de Turismo federal,\u00a0Josefina Rodr\u00edguez Zamora, realiz\u00f3\u00a0una visita de trabajo en\u00a0Tulum, Quintana Roo, acompa\u00f1ada de la gobernadora Mara Lezama Espinosa, donde sostuvieron encuentros con\u00a0hoteleros, prestadores de servicios y representantes de los distintos sectores econ\u00f3micos y tur\u00edsticos del estado. La titular de la Secretar\u00eda de Turismo (Sectur) explic\u00f3 que la visita, que se realiza previo [&hellip;]","twitter_image":"https:\/\/nitu.mx\/wp-content\/uploads\/2025\/10\/Tulum-Sectur-Quintana-Roo-acuerdos.jpg","twitter_creator":"@NITUmx","twitter_site":"@Arturo_Medina_G","twitter_misc":{"Escrito por":"Redacci\u00f3n","Tiempo de lectura":"4 minutos"},"schema":{"@context":"https:\/\/schema.org","@graph":[{"@type":"Article","@id":"https:\/\/nitu.mx\/index.php\/2025\/10\/16\/tulum-sectur-y-quintana-roo-acuerdan-fortalecer-acceso-a-playas-y-promocion-para-resarcir-situacion\/#article","isPartOf":{"@id":"https:\/\/nitu.mx\/index.php\/2025\/10\/16\/tulum-sectur-y-quintana-roo-acuerdan-fortalecer-acceso-a-playas-y-promocion-para-resarcir-situacion\/"},"author":{"name":"Redacci\u00f3n","@id":"https:\/\/nitu.mx\/#\/schema\/person\/4a28fe9bd65924f7c90623773daf1b0b"},"headline":"Tulum: Sectur y Quintana Roo acuerdan fortalecer acceso a playas y promoci\u00f3n para resarcir situaci\u00f3n","datePublished":"2025-10-17T02:44:15+00:00","dateModified":"2025-10-17T02:44:15+00:00","mainEntityOfPage":{"@id":"https:\/\/nitu.mx\/index.php\/2025\/10\/16\/tulum-sectur-y-quintana-roo-acuerdan-fortalecer-acceso-a-playas-y-promocion-para-resarcir-situacion\/"},"wordCount":803,"publisher":{"@id":"https:\/\/nitu.mx\/#\/schema\/person\/ae7a53426417292d3dd07b45a33e01bc"},"image":{"@id":"https:\/\/nitu.mx\/index.php\/2025\/10\/16\/tulum-sectur-y-quintana-roo-acuerdan-fortalecer-acceso-a-playas-y-promocion-para-resarcir-situacion\/#primaryimage"},"thumbnailUrl":"https:\/\/nitu.mx\/wp-content\/uploads\/2025\/10\/Tulum-Sectur-Quintana-Roo-acuerdos.jpg","keywords":["Josefina Rodr\u00edguez","Mara Lezama","Sectur","Tulum"],"articleSection":["Caribe Mexicano"],"inLanguage":"es-MX"},{"@type":"WebPage","@id":"https:\/\/nitu.mx\/index.php\/2025\/10\/16\/tulum-sectur-y-quintana-roo-acuerdan-fortalecer-acceso-a-playas-y-promocion-para-resarcir-situacion\/","url":"https:\/\/nitu.mx\/index.php\/2025\/10\/16\/tulum-sectur-y-quintana-roo-acuerdan-fortalecer-acceso-a-playas-y-promocion-para-resarcir-situacion\/","name":"Tulum: Sectur y Quintana Roo acuerdan fortalecer acceso a playas y promoci\u00f3n para resarcir situaci\u00f3n - Nitu - Noticias de la Industria Turistica","isPartOf":{"@id":"https:\/\/nitu.mx\/#website"},"primaryImageOfPage":{"@id":"https:\/\/nitu.mx\/index.php\/2025\/10\/16\/tulum-sectur-y-quintana-roo-acuerdan-fortalecer-acceso-a-playas-y-promocion-para-resarcir-situacion\/#primaryimage"},"image":{"@id":"https:\/\/nitu.mx\/index.php\/2025\/10\/16\/tulum-sectur-y-quintana-roo-acuerdan-fortalecer-acceso-a-playas-y-promocion-para-resarcir-situacion\/#primaryimage"},"thumbnailUrl":"https:\/\/nitu.mx\/wp-content\/uploads\/2025\/10\/Tulum-Sectur-Quintana-Roo-acuerdos.jpg","datePublished":"2025-10-17T02:44:15+00:00","dateModified":"2025-10-17T02:44:15+00:00","breadcrumb":{"@id":"https:\/\/nitu.mx\/index.php\/2025\/10\/16\/tulum-sectur-y-quintana-roo-acuerdan-fortalecer-acceso-a-playas-y-promocion-para-resarcir-situacion\/#breadcrumb"},"inLanguage":"es-MX","potentialAction":[{"@type":"ReadAction","target":["https:\/\/nitu.mx\/index.php\/2025\/10\/16\/tulum-sectur-y-quintana-roo-acuerdan-fortalecer-acceso-a-playas-y-promocion-para-resarcir-situacion\/"]}]},{"@type":"ImageObject","inLanguage":"es-MX","@id":"https:\/\/nitu.mx\/index.php\/2025\/10\/16\/tulum-sectur-y-quintana-roo-acuerdan-fortalecer-acceso-a-playas-y-promocion-para-resarcir-situacion\/#primaryimage","url":"https:\/\/nitu.mx\/wp-content\/uploads\/2025\/10\/Tulum-Sectur-Quintana-Roo-acuerdos.jpg","contentUrl":"https:\/\/nitu.mx\/wp-content\/uploads\/2025\/10\/Tulum-Sectur-Quintana-Roo-acuerdos.jpg","width":1200,"height":675,"caption":"Tulum Sectur Quintana Roo acuerdos"},{"@type":"BreadcrumbList","@id":"https:\/\/nitu.mx\/index.php\/2025\/10\/16\/tulum-sectur-y-quintana-roo-acuerdan-fortalecer-acceso-a-playas-y-promocion-para-resarcir-situacion\/#breadcrumb","itemListElement":[{"@type":"ListItem","position":1,"name":"Inicio","item":"https:\/\/nitu.mx\/"},{"@type":"ListItem","position":2,"name":"Tulum: Sectur y Quintana Roo acuerdan fortalecer acceso a playas y promoci\u00f3n para resarcir situaci\u00f3n"}]},{"@type":"WebSite","@id":"https:\/\/nitu.mx\/#website","url":"https:\/\/nitu.mx\/","name":"Nitu - Noticias de la Industria Turistica","description":"Noticias de la Industria Turistica","publisher":{"@id":"https:\/\/nitu.mx\/#\/schema\/person\/ae7a53426417292d3dd07b45a33e01bc"},"alternateName":"Noticias de la Industria Turistica","potentialAction":[{"@type":"SearchAction","target":{"@type":"EntryPoint","urlTemplate":"https:\/\/nitu.mx\/?s={search_term_string}"},"query-input":"required name=search_term_string"}],"inLanguage":"es-MX"},{"@type":["Person","Organization"],"@id":"https:\/\/nitu.mx\/#\/schema\/person\/ae7a53426417292d3dd07b45a33e01bc","name":"Arturo Medina","image":{"@type":"ImageObject","inLanguage":"es-MX","@id":"https:\/\/nitu.mx\/#\/schema\/person\/image\/","url":"https:\/\/nitu.mx\/wp-content\/uploads\/2024\/04\/4A315622-1904-4D5C-B022-878CDC840E04-90x90-1.jpeg","contentUrl":"https:\/\/nitu.mx\/wp-content\/uploads\/2024\/04\/4A315622-1904-4D5C-B022-878CDC840E04-90x90-1.jpeg","width":90,"height":90,"caption":"Arturo Medina"},"logo":{"@id":"https:\/\/nitu.mx\/#\/schema\/person\/image\/"},"description":"Director NITU.mx, Egresado de la Escuela de Periodismo Carlos Septi\u00e9n Garc\u00eda. Periodista y analista especializado en turismo desde hace 35 a\u00f1os, radicado en Canc\u00fan Q.Roo. arturo@nitu.mx","sameAs":["https:\/\/nitu.mx","https:\/\/www.facebook.com\/NITUmx\/","medinacancun","https:\/\/twitter.com\/@Arturo_Medina_G"]},{"@type":"Person","@id":"https:\/\/nitu.mx\/#\/schema\/person\/4a28fe9bd65924f7c90623773daf1b0b","name":"Redacci\u00f3n","image":{"@type":"ImageObject","inLanguage":"es-MX","@id":"https:\/\/nitu.mx\/#\/schema\/person\/image\/","url":"https:\/\/secure.gravatar.com\/avatar\/5dd011c8ccfc5cd7e4c81e42252aab38?s=96&d=mm&r=g","contentUrl":"https:\/\/secure.gravatar.com\/avatar\/5dd011c8ccfc5cd7e4c81e42252aab38?s=96&d=mm&r=g","caption":"Redacci\u00f3n"},"url":"https:\/\/nitu.mx\/index.php\/author\/redaccion\/"}]}},"views":508,"_links":{"self":[{"href":"https:\/\/nitu.mx\/index.php\/wp-json\/wp\/v2\/posts\/84017"}],"collection":[{"href":"https:\/\/nitu.mx\/index.php\/wp-json\/wp\/v2\/posts"}],"about":[{"href":"https:\/\/nitu.mx\/index.php\/wp-json\/wp\/v2\/types\/post"}],"author":[{"embeddable":true,"href":"https:\/\/nitu.mx\/index.php\/wp-json\/wp\/v2\/users\/17"}],"replies":[{"embeddable":true,"href":"https:\/\/nitu.mx\/index.php\/wp-json\/wp\/v2\/comments?post=84017"}],"version-history":[{"count":1,"href":"https:\/\/nitu.mx\/index.php\/wp-json\/wp\/v2\/posts\/84017\/revisions"}],"predecessor-version":[{"id":84019,"href":"https:\/\/nitu.mx\/index.php\/wp-json\/wp\/v2\/posts\/84017\/revisions\/84019"}],"wp:featuredmedia":[{"embeddable":true,"href":"https:\/\/nitu.mx\/index.php\/wp-json\/wp\/v2\/media\/84020"}],"wp:attachment":[{"href":"https:\/\/nitu.mx\/index.php\/wp-json\/wp\/v2\/media?parent=84017"}],"wp:term":[{"taxonomy":"category","embeddable":true,"href":"https:\/\/nitu.mx\/index.php\/wp-json\/wp\/v2\/categories?post=84017"},{"taxonomy":"post_tag","embeddable":true,"href":"https:\/\/nitu.mx\/index.php\/wp-json\/wp\/v2\/tags?post=84017"}],"curies":[{"name":"wp","href":"https:\/\/api.w.org\/{rel}","templated":true}]}}