{"id":84000,"date":"2025-10-15T21:38:12","date_gmt":"2025-10-16T03:38:12","guid":{"rendered":"https:\/\/nitu.mx\/?p=84000"},"modified":"2025-10-15T21:38:13","modified_gmt":"2025-10-16T03:38:13","slug":"latam-airlines-nombra-a-nicolas-poitevin-como-su-director-general-para-mexico","status":"publish","type":"post","link":"https:\/\/nitu.mx\/index.php\/2025\/10\/15\/latam-airlines-nombra-a-nicolas-poitevin-como-su-director-general-para-mexico\/","title":{"rendered":"LATAM Airlines nombra a Nicol\u00e1s Poitevin como su director general para M\u00e9xico"},"content":{"rendered":"\n<p>LATAM Airlines anunci\u00f3 la designaci\u00f3n de\u00a0Nicol\u00e1s Poitevin como nuevo director general para M\u00e9xico,\u00a0quien ser\u00e1 responsable de liderar la estrategia comercial y operativa del grupo en estos mercados, impulsando su crecimiento sostenible y la conectividad de los pasajeros hacia Sudam\u00e9rica, como parte del proceso de fortalecimiento regional de la l\u00ednea a\u00e9rea.<\/p>\n\n\n\n<p>La compa\u00f1\u00eda reafirma su compromiso con el mercado mexicano y la regi\u00f3n, al compartir los avances m\u00e1s recientes en su estrategia de modernizaci\u00f3n de flota e innovaci\u00f3n en la experiencia de viaje, consolidando su liderazgo como el grupo de aerol\u00edneas m\u00e1s importante de Sudam\u00e9rica.<\/p>\n\n\n\n<p>Nicol\u00e1s Poitevin sucede en el cargo a Diana Olivares quien estuvo en este cargo desde mayo de 2019, y en agosto de 2025 inform\u00f3 su salida de la direcci\u00f3n de la aerol\u00ednea para M\u00e9xico. <\/p>\n\n\n\n<p>Poitevin cuenta con m\u00e1s de 15 a\u00f1os de experiencia en planeaci\u00f3n estrat\u00e9gica, desarrollo de productos y liderazgo financiero en empresas internacionales como Mercado Libre, Konf\u00edo y American Express M\u00e9xico. <\/p>\n\n\n\n<p>Regresa a LATAM Airlines, donde trabaj\u00f3 entre 2010 y 2014 en \u00e1reas de planeaci\u00f3n y operaciones de carga en M\u00e9xico, liderando proyectos que optimizaron la eficiencia operativa y generaron ahorros significativos, adem\u00e1s de impulsar un crecimiento del 55% en los ingresos de manejo de carga.<\/p>\n\n\n\n<p>Con 17 a\u00f1os de residencia en M\u00e9xico, Poitevin asume este nuevo reto con la misi\u00f3n de seguir consolidando la presencia de LATAM en un mercado estrat\u00e9gico dentro de la red de la compa\u00f1\u00eda.<\/p>\n\n\n\n<p>\u201cEs un orgullo regresar a una compa\u00f1\u00eda con la trayectoria y liderazgo de LATAM Airlines. M\u00e9xico representa una oportunidad estrat\u00e9gica para seguir fortaleciendo nuestra red de destinos y ofrecer una experiencia de viaje que conecte a las personas con lo mejor de Sudam\u00e9rica. Estoy convencido de que, junto a un gran equipo, seguiremos consolidando el crecimiento de LATAM en el pa\u00eds\u201d, se\u00f1al\u00f3 Nicol\u00e1s Poitevin, director general de LATAM Airlines M\u00e9xico.<\/p>\n\n\n\n<p>LATAM Airlines ofrece a los pasajeros una amplia red de conexiones que une a M\u00e9xico con m\u00e1s de 160 destinos en 27 pa\u00edses de Sudam\u00e9rica, incluyendo vuelos directos desde la Ciudad de M\u00e9xico y Canc\u00fan hacia Santiago, S\u00e3o Paulo y Lima. Estas rutas, operadas con una de las flotas m\u00e1s modernas y eficientes de la regi\u00f3n, refuerzan la conectividad del grupo y facilitan la experiencia de viaje de los pasajeros, consolidando a M\u00e9xico como un mercado estrat\u00e9gico dentro de la red de LATAM.<\/p>\n\n\n\n<p>En el marco de su estrategia de crecimiento, el grupo anunci\u00f3 recientemente un acuerdo con Embraer para la adquisici\u00f3n de hasta 74 aeronaves E195-E2, con 24 pedidos en firme y 50 opciones de compra. Las entregas comenzar\u00e1n en 2026 y estar\u00e1n destinadas inicialmente a LATAM Airlines Brasil, aunque podr\u00edan operar en otras filiales del grupo en el futuro, fortaleciendo las operaciones dom\u00e9sticas y regionales y aumentando la flexibilidad y eficiencia operativa.<\/p>\n\n\n\n<p>Adem\u00e1s, LATAM contin\u00faa avanzando en su plan de renovaci\u00f3n y modernizaci\u00f3n de flota, con 362 aeronaves actualmente en operaci\u00f3n y 86 de \u00faltima generaci\u00f3n, lo que la posiciona como una de las flotas m\u00e1s modernas y sostenibles de Sudam\u00e9rica. <\/p>\n\n\n\n<p>Para 2030, el grupo espera tener 200 aviones de \u00faltima generaci\u00f3n, logrando as\u00ed que m\u00e1s del 50% de su flota est\u00e9 compuesta por este tipo de aeronaves.<\/p>\n\n\n\n<p>Como parte de su compromiso con la experiencia del pasajero, el grupo ha implementado nuevas Premium Business Suites con puertas para mayor privacidad, siendo la primera aerol\u00ednea en Sudam\u00e9rica en ofrecerlo. Su dise\u00f1o est\u00e1 inspirado en paisajes naturales sudamericanos y cuenta con asientos cama, acceso directo al pasillo y mayor privacidad.<\/p>\n\n\n\n<p>Adem\u00e1s, presentaron la cabina Premium Comfort para empezar a implementar en 2027. Ubicada entre Premium Business y Economy, ofrecer\u00e1 m\u00e1s espacio, privacidad y comodidad en vuelos de largo alcance. Destacan sus asientos m\u00e1s anchos, pantallas 4K de 16&#8221;, conectividad Bluetooth y dise\u00f1o inspirado en los paisajes de Sudam\u00e9rica. Todo pensado para un equilibrio perfecto entre descanso, productividad y estilo.<\/p>\n\n\n\n<p>Por su parte, Federico J\u00e4ger, VP Global Indirect Sales &amp; Strategy de LATAM Airlines, destac\u00f3: \u201cNicol\u00e1s aporta una mirada estrat\u00e9gica y una s\u00f3lida experiencia en gesti\u00f3n y desarrollo de negocios. Su liderazgo ser\u00e1 clave para seguir potenciando la presencia del grupo en M\u00e9xico y fortalecer nuestra relaci\u00f3n con clientes y socios comerciales\u201d.<br><br>Estos esfuerzos se han reflejado en m\u00faltiples premios internacionales recibidos en 2024 y 2025, entre ellos los World Airline Awards (Skytrax) como Mejor Aerol\u00ednea de Sudam\u00e9rica, Mejor Clase Ejecutiva y Mejor Staff de Aerol\u00ednea en la regi\u00f3n. Asimismo, LATAM fue reconocida por APEX como Aerol\u00ednea Global Cinco Estrellas y por los PAX Readership Awards por su servicio de comida, entretenimiento y dise\u00f1o de cabinas.<\/p>\n\n\n\n<p>Con presencia en cinco mercados dom\u00e9sticos \u2014Brasil, Chile, Colombia, Ecuador y Per\u00fa\u2014, LATAM contin\u00faa fortaleciendo su red de conectividad que une a M\u00e9xico con lo mejor de Sudam\u00e9rica, reafirmando su liderazgo en la regi\u00f3n. (<a href=\"https:\/\/nitu.mx\/index.php\/2025\/05\/29\/latam-airlines-se-muda-a-la-terminal-1-del-aicm-el-15-de-junio\/\">LATAM Airlines se muda a la Terminal 1 del AICM el 15 de junio<\/a>).<\/p>\n","protected":false},"excerpt":{"rendered":"<p>LATAM Airlines anunci\u00f3 la designaci\u00f3n de\u00a0Nicol\u00e1s Poitevin como nuevo director general para M\u00e9xico,\u00a0quien ser\u00e1 responsable de liderar la estrategia comercial y operativa del grupo en estos mercados, impulsando su crecimiento sostenible y la conectividad de los pasajeros hacia Sudam\u00e9rica, como parte del proceso de fortalecimiento regional de la l\u00ednea a\u00e9rea. La compa\u00f1\u00eda reafirma su compromiso [&hellip;]<\/p>\n","protected":false},"author":17,"featured_media":54630,"comment_status":"closed","ping_status":"closed","sticky":false,"template":"","format":"standard","meta":{"footnotes":""},"categories":[29],"tags":[11849,165,27753,249],"yoast_head":"<!-- This site is optimized with the Yoast SEO plugin v22.2 - https:\/\/yoast.com\/wordpress\/plugins\/seo\/ -->\n<title>LATAM Airlines nombra a Nicol\u00e1s Poitevin como su director general para M\u00e9xico - Nitu - Noticias de la Industria Turistica<\/title>\n<meta name=\"robots\" content=\"index, follow, max-snippet:-1, max-image-preview:large, max-video-preview:-1\" \/>\n<link rel=\"canonical\" href=\"https:\/\/nitu.mx\/index.php\/2025\/10\/15\/latam-airlines-nombra-a-nicolas-poitevin-como-su-director-general-para-mexico\/\" \/>\n<meta name=\"twitter:card\" content=\"summary_large_image\" \/>\n<meta name=\"twitter:title\" content=\"LATAM Airlines nombra a Nicol\u00e1s Poitevin como su director general para M\u00e9xico - Nitu - Noticias de la Industria Turistica\" \/>\n<meta name=\"twitter:description\" content=\"LATAM Airlines anunci\u00f3 la designaci\u00f3n de\u00a0Nicol\u00e1s Poitevin como nuevo director general para M\u00e9xico,\u00a0quien ser\u00e1 responsable de liderar la estrategia comercial y operativa del grupo en estos mercados, impulsando su crecimiento sostenible y la conectividad de los pasajeros hacia Sudam\u00e9rica, como parte del proceso de fortalecimiento regional de la l\u00ednea a\u00e9rea. La compa\u00f1\u00eda reafirma su compromiso [&hellip;]\" \/>\n<meta name=\"twitter:image\" content=\"https:\/\/nitu.mx\/wp-content\/uploads\/2021\/08\/LATAM-Airlines.jpg\" \/>\n<meta name=\"twitter:creator\" content=\"@NITUmx\" \/>\n<meta name=\"twitter:site\" content=\"@Arturo_Medina_G\" \/>\n<meta name=\"twitter:label1\" content=\"Escrito por\" \/>\n\t<meta name=\"twitter:data1\" content=\"Redacci\u00f3n\" \/>\n\t<meta name=\"twitter:label2\" content=\"Tiempo de lectura\" \/>\n\t<meta name=\"twitter:data2\" content=\"4 minutos\" \/>\n<script type=\"application\/ld+json\" class=\"yoast-schema-graph\">{\"@context\":\"https:\/\/schema.org\",\"@graph\":[{\"@type\":\"Article\",\"@id\":\"https:\/\/nitu.mx\/index.php\/2025\/10\/15\/latam-airlines-nombra-a-nicolas-poitevin-como-su-director-general-para-mexico\/#article\",\"isPartOf\":{\"@id\":\"https:\/\/nitu.mx\/index.php\/2025\/10\/15\/latam-airlines-nombra-a-nicolas-poitevin-como-su-director-general-para-mexico\/\"},\"author\":{\"name\":\"Redacci\u00f3n\",\"@id\":\"https:\/\/nitu.mx\/#\/schema\/person\/4a28fe9bd65924f7c90623773daf1b0b\"},\"headline\":\"LATAM Airlines nombra a Nicol\u00e1s Poitevin como su director general para M\u00e9xico\",\"datePublished\":\"2025-10-16T03:38:12+00:00\",\"dateModified\":\"2025-10-16T03:38:13+00:00\",\"mainEntityOfPage\":{\"@id\":\"https:\/\/nitu.mx\/index.php\/2025\/10\/15\/latam-airlines-nombra-a-nicolas-poitevin-como-su-director-general-para-mexico\/\"},\"wordCount\":885,\"publisher\":{\"@id\":\"https:\/\/nitu.mx\/#\/schema\/person\/ae7a53426417292d3dd07b45a33e01bc\"},\"image\":{\"@id\":\"https:\/\/nitu.mx\/index.php\/2025\/10\/15\/latam-airlines-nombra-a-nicolas-poitevin-como-su-director-general-para-mexico\/#primaryimage\"},\"thumbnailUrl\":\"https:\/\/nitu.mx\/wp-content\/uploads\/2021\/08\/LATAM-Airlines.jpg\",\"keywords\":[\"Diana Olivares\",\"LATAM Airlines\",\"Nicol\u00e1s Poitevin\",\"Sudam\u00e9rica\"],\"articleSection\":[\"Aerol\u00edneas\"],\"inLanguage\":\"es-MX\"},{\"@type\":\"WebPage\",\"@id\":\"https:\/\/nitu.mx\/index.php\/2025\/10\/15\/latam-airlines-nombra-a-nicolas-poitevin-como-su-director-general-para-mexico\/\",\"url\":\"https:\/\/nitu.mx\/index.php\/2025\/10\/15\/latam-airlines-nombra-a-nicolas-poitevin-como-su-director-general-para-mexico\/\",\"name\":\"LATAM Airlines nombra a Nicol\u00e1s Poitevin como su director general para M\u00e9xico - Nitu - Noticias de la Industria Turistica\",\"isPartOf\":{\"@id\":\"https:\/\/nitu.mx\/#website\"},\"primaryImageOfPage\":{\"@id\":\"https:\/\/nitu.mx\/index.php\/2025\/10\/15\/latam-airlines-nombra-a-nicolas-poitevin-como-su-director-general-para-mexico\/#primaryimage\"},\"image\":{\"@id\":\"https:\/\/nitu.mx\/index.php\/2025\/10\/15\/latam-airlines-nombra-a-nicolas-poitevin-como-su-director-general-para-mexico\/#primaryimage\"},\"thumbnailUrl\":\"https:\/\/nitu.mx\/wp-content\/uploads\/2021\/08\/LATAM-Airlines.jpg\",\"datePublished\":\"2025-10-16T03:38:12+00:00\",\"dateModified\":\"2025-10-16T03:38:13+00:00\",\"breadcrumb\":{\"@id\":\"https:\/\/nitu.mx\/index.php\/2025\/10\/15\/latam-airlines-nombra-a-nicolas-poitevin-como-su-director-general-para-mexico\/#breadcrumb\"},\"inLanguage\":\"es-MX\",\"potentialAction\":[{\"@type\":\"ReadAction\",\"target\":[\"https:\/\/nitu.mx\/index.php\/2025\/10\/15\/latam-airlines-nombra-a-nicolas-poitevin-como-su-director-general-para-mexico\/\"]}]},{\"@type\":\"ImageObject\",\"inLanguage\":\"es-MX\",\"@id\":\"https:\/\/nitu.mx\/index.php\/2025\/10\/15\/latam-airlines-nombra-a-nicolas-poitevin-como-su-director-general-para-mexico\/#primaryimage\",\"url\":\"https:\/\/nitu.mx\/wp-content\/uploads\/2021\/08\/LATAM-Airlines.jpg\",\"contentUrl\":\"https:\/\/nitu.mx\/wp-content\/uploads\/2021\/08\/LATAM-Airlines.jpg\",\"width\":1200,\"height\":675,\"caption\":\"LATAM Airlines\"},{\"@type\":\"BreadcrumbList\",\"@id\":\"https:\/\/nitu.mx\/index.php\/2025\/10\/15\/latam-airlines-nombra-a-nicolas-poitevin-como-su-director-general-para-mexico\/#breadcrumb\",\"itemListElement\":[{\"@type\":\"ListItem\",\"position\":1,\"name\":\"Inicio\",\"item\":\"https:\/\/nitu.mx\/\"},{\"@type\":\"ListItem\",\"position\":2,\"name\":\"LATAM Airlines nombra a Nicol\u00e1s Poitevin como su director general para M\u00e9xico\"}]},{\"@type\":\"WebSite\",\"@id\":\"https:\/\/nitu.mx\/#website\",\"url\":\"https:\/\/nitu.mx\/\",\"name\":\"Nitu - Noticias de la Industria Turistica\",\"description\":\"Noticias de la Industria Turistica\",\"publisher\":{\"@id\":\"https:\/\/nitu.mx\/#\/schema\/person\/ae7a53426417292d3dd07b45a33e01bc\"},\"alternateName\":\"Noticias de la Industria Turistica\",\"potentialAction\":[{\"@type\":\"SearchAction\",\"target\":{\"@type\":\"EntryPoint\",\"urlTemplate\":\"https:\/\/nitu.mx\/?s={search_term_string}\"},\"query-input\":\"required name=search_term_string\"}],\"inLanguage\":\"es-MX\"},{\"@type\":[\"Person\",\"Organization\"],\"@id\":\"https:\/\/nitu.mx\/#\/schema\/person\/ae7a53426417292d3dd07b45a33e01bc\",\"name\":\"Arturo Medina\",\"image\":{\"@type\":\"ImageObject\",\"inLanguage\":\"es-MX\",\"@id\":\"https:\/\/nitu.mx\/#\/schema\/person\/image\/\",\"url\":\"https:\/\/nitu.mx\/wp-content\/uploads\/2024\/04\/4A315622-1904-4D5C-B022-878CDC840E04-90x90-1.jpeg\",\"contentUrl\":\"https:\/\/nitu.mx\/wp-content\/uploads\/2024\/04\/4A315622-1904-4D5C-B022-878CDC840E04-90x90-1.jpeg\",\"width\":90,\"height\":90,\"caption\":\"Arturo Medina\"},\"logo\":{\"@id\":\"https:\/\/nitu.mx\/#\/schema\/person\/image\/\"},\"description\":\"Director NITU.mx, Egresado de la Escuela de Periodismo Carlos Septi\u00e9n Garc\u00eda. Periodista y analista especializado en turismo desde hace 35 a\u00f1os, radicado en Canc\u00fan Q.Roo. arturo@nitu.mx\",\"sameAs\":[\"https:\/\/nitu.mx\",\"https:\/\/www.facebook.com\/NITUmx\/\",\"medinacancun\",\"https:\/\/twitter.com\/@Arturo_Medina_G\"]},{\"@type\":\"Person\",\"@id\":\"https:\/\/nitu.mx\/#\/schema\/person\/4a28fe9bd65924f7c90623773daf1b0b\",\"name\":\"Redacci\u00f3n\",\"image\":{\"@type\":\"ImageObject\",\"inLanguage\":\"es-MX\",\"@id\":\"https:\/\/nitu.mx\/#\/schema\/person\/image\/\",\"url\":\"https:\/\/secure.gravatar.com\/avatar\/5dd011c8ccfc5cd7e4c81e42252aab38?s=96&d=mm&r=g\",\"contentUrl\":\"https:\/\/secure.gravatar.com\/avatar\/5dd011c8ccfc5cd7e4c81e42252aab38?s=96&d=mm&r=g\",\"caption\":\"Redacci\u00f3n\"},\"url\":\"https:\/\/nitu.mx\/index.php\/author\/redaccion\/\"}]}<\/script>\n<!-- \/ Yoast SEO plugin. -->","yoast_head_json":{"title":"LATAM Airlines nombra a Nicol\u00e1s Poitevin como su director general para M\u00e9xico - Nitu - Noticias de la Industria Turistica","robots":{"index":"index","follow":"follow","max-snippet":"max-snippet:-1","max-image-preview":"max-image-preview:large","max-video-preview":"max-video-preview:-1"},"canonical":"https:\/\/nitu.mx\/index.php\/2025\/10\/15\/latam-airlines-nombra-a-nicolas-poitevin-como-su-director-general-para-mexico\/","twitter_card":"summary_large_image","twitter_title":"LATAM Airlines nombra a Nicol\u00e1s Poitevin como su director general para M\u00e9xico - Nitu - Noticias de la Industria Turistica","twitter_description":"LATAM Airlines anunci\u00f3 la designaci\u00f3n de\u00a0Nicol\u00e1s Poitevin como nuevo director general para M\u00e9xico,\u00a0quien ser\u00e1 responsable de liderar la estrategia comercial y operativa del grupo en estos mercados, impulsando su crecimiento sostenible y la conectividad de los pasajeros hacia Sudam\u00e9rica, como parte del proceso de fortalecimiento regional de la l\u00ednea a\u00e9rea. La compa\u00f1\u00eda reafirma su compromiso [&hellip;]","twitter_image":"https:\/\/nitu.mx\/wp-content\/uploads\/2021\/08\/LATAM-Airlines.jpg","twitter_creator":"@NITUmx","twitter_site":"@Arturo_Medina_G","twitter_misc":{"Escrito por":"Redacci\u00f3n","Tiempo de lectura":"4 minutos"},"schema":{"@context":"https:\/\/schema.org","@graph":[{"@type":"Article","@id":"https:\/\/nitu.mx\/index.php\/2025\/10\/15\/latam-airlines-nombra-a-nicolas-poitevin-como-su-director-general-para-mexico\/#article","isPartOf":{"@id":"https:\/\/nitu.mx\/index.php\/2025\/10\/15\/latam-airlines-nombra-a-nicolas-poitevin-como-su-director-general-para-mexico\/"},"author":{"name":"Redacci\u00f3n","@id":"https:\/\/nitu.mx\/#\/schema\/person\/4a28fe9bd65924f7c90623773daf1b0b"},"headline":"LATAM Airlines nombra a Nicol\u00e1s Poitevin como su director general para M\u00e9xico","datePublished":"2025-10-16T03:38:12+00:00","dateModified":"2025-10-16T03:38:13+00:00","mainEntityOfPage":{"@id":"https:\/\/nitu.mx\/index.php\/2025\/10\/15\/latam-airlines-nombra-a-nicolas-poitevin-como-su-director-general-para-mexico\/"},"wordCount":885,"publisher":{"@id":"https:\/\/nitu.mx\/#\/schema\/person\/ae7a53426417292d3dd07b45a33e01bc"},"image":{"@id":"https:\/\/nitu.mx\/index.php\/2025\/10\/15\/latam-airlines-nombra-a-nicolas-poitevin-como-su-director-general-para-mexico\/#primaryimage"},"thumbnailUrl":"https:\/\/nitu.mx\/wp-content\/uploads\/2021\/08\/LATAM-Airlines.jpg","keywords":["Diana Olivares","LATAM Airlines","Nicol\u00e1s Poitevin","Sudam\u00e9rica"],"articleSection":["Aerol\u00edneas"],"inLanguage":"es-MX"},{"@type":"WebPage","@id":"https:\/\/nitu.mx\/index.php\/2025\/10\/15\/latam-airlines-nombra-a-nicolas-poitevin-como-su-director-general-para-mexico\/","url":"https:\/\/nitu.mx\/index.php\/2025\/10\/15\/latam-airlines-nombra-a-nicolas-poitevin-como-su-director-general-para-mexico\/","name":"LATAM Airlines nombra a Nicol\u00e1s Poitevin como su director general para M\u00e9xico - Nitu - Noticias de la Industria Turistica","isPartOf":{"@id":"https:\/\/nitu.mx\/#website"},"primaryImageOfPage":{"@id":"https:\/\/nitu.mx\/index.php\/2025\/10\/15\/latam-airlines-nombra-a-nicolas-poitevin-como-su-director-general-para-mexico\/#primaryimage"},"image":{"@id":"https:\/\/nitu.mx\/index.php\/2025\/10\/15\/latam-airlines-nombra-a-nicolas-poitevin-como-su-director-general-para-mexico\/#primaryimage"},"thumbnailUrl":"https:\/\/nitu.mx\/wp-content\/uploads\/2021\/08\/LATAM-Airlines.jpg","datePublished":"2025-10-16T03:38:12+00:00","dateModified":"2025-10-16T03:38:13+00:00","breadcrumb":{"@id":"https:\/\/nitu.mx\/index.php\/2025\/10\/15\/latam-airlines-nombra-a-nicolas-poitevin-como-su-director-general-para-mexico\/#breadcrumb"},"inLanguage":"es-MX","potentialAction":[{"@type":"ReadAction","target":["https:\/\/nitu.mx\/index.php\/2025\/10\/15\/latam-airlines-nombra-a-nicolas-poitevin-como-su-director-general-para-mexico\/"]}]},{"@type":"ImageObject","inLanguage":"es-MX","@id":"https:\/\/nitu.mx\/index.php\/2025\/10\/15\/latam-airlines-nombra-a-nicolas-poitevin-como-su-director-general-para-mexico\/#primaryimage","url":"https:\/\/nitu.mx\/wp-content\/uploads\/2021\/08\/LATAM-Airlines.jpg","contentUrl":"https:\/\/nitu.mx\/wp-content\/uploads\/2021\/08\/LATAM-Airlines.jpg","width":1200,"height":675,"caption":"LATAM Airlines"},{"@type":"BreadcrumbList","@id":"https:\/\/nitu.mx\/index.php\/2025\/10\/15\/latam-airlines-nombra-a-nicolas-poitevin-como-su-director-general-para-mexico\/#breadcrumb","itemListElement":[{"@type":"ListItem","position":1,"name":"Inicio","item":"https:\/\/nitu.mx\/"},{"@type":"ListItem","position":2,"name":"LATAM Airlines nombra a Nicol\u00e1s Poitevin como su director general para M\u00e9xico"}]},{"@type":"WebSite","@id":"https:\/\/nitu.mx\/#website","url":"https:\/\/nitu.mx\/","name":"Nitu - Noticias de la Industria Turistica","description":"Noticias de la Industria Turistica","publisher":{"@id":"https:\/\/nitu.mx\/#\/schema\/person\/ae7a53426417292d3dd07b45a33e01bc"},"alternateName":"Noticias de la Industria Turistica","potentialAction":[{"@type":"SearchAction","target":{"@type":"EntryPoint","urlTemplate":"https:\/\/nitu.mx\/?s={search_term_string}"},"query-input":"required name=search_term_string"}],"inLanguage":"es-MX"},{"@type":["Person","Organization"],"@id":"https:\/\/nitu.mx\/#\/schema\/person\/ae7a53426417292d3dd07b45a33e01bc","name":"Arturo Medina","image":{"@type":"ImageObject","inLanguage":"es-MX","@id":"https:\/\/nitu.mx\/#\/schema\/person\/image\/","url":"https:\/\/nitu.mx\/wp-content\/uploads\/2024\/04\/4A315622-1904-4D5C-B022-878CDC840E04-90x90-1.jpeg","contentUrl":"https:\/\/nitu.mx\/wp-content\/uploads\/2024\/04\/4A315622-1904-4D5C-B022-878CDC840E04-90x90-1.jpeg","width":90,"height":90,"caption":"Arturo Medina"},"logo":{"@id":"https:\/\/nitu.mx\/#\/schema\/person\/image\/"},"description":"Director NITU.mx, Egresado de la Escuela de Periodismo Carlos Septi\u00e9n Garc\u00eda. Periodista y analista especializado en turismo desde hace 35 a\u00f1os, radicado en Canc\u00fan Q.Roo. arturo@nitu.mx","sameAs":["https:\/\/nitu.mx","https:\/\/www.facebook.com\/NITUmx\/","medinacancun","https:\/\/twitter.com\/@Arturo_Medina_G"]},{"@type":"Person","@id":"https:\/\/nitu.mx\/#\/schema\/person\/4a28fe9bd65924f7c90623773daf1b0b","name":"Redacci\u00f3n","image":{"@type":"ImageObject","inLanguage":"es-MX","@id":"https:\/\/nitu.mx\/#\/schema\/person\/image\/","url":"https:\/\/secure.gravatar.com\/avatar\/5dd011c8ccfc5cd7e4c81e42252aab38?s=96&d=mm&r=g","contentUrl":"https:\/\/secure.gravatar.com\/avatar\/5dd011c8ccfc5cd7e4c81e42252aab38?s=96&d=mm&r=g","caption":"Redacci\u00f3n"},"url":"https:\/\/nitu.mx\/index.php\/author\/redaccion\/"}]}},"views":552,"_links":{"self":[{"href":"https:\/\/nitu.mx\/index.php\/wp-json\/wp\/v2\/posts\/84000"}],"collection":[{"href":"https:\/\/nitu.mx\/index.php\/wp-json\/wp\/v2\/posts"}],"about":[{"href":"https:\/\/nitu.mx\/index.php\/wp-json\/wp\/v2\/types\/post"}],"author":[{"embeddable":true,"href":"https:\/\/nitu.mx\/index.php\/wp-json\/wp\/v2\/users\/17"}],"replies":[{"embeddable":true,"href":"https:\/\/nitu.mx\/index.php\/wp-json\/wp\/v2\/comments?post=84000"}],"version-history":[{"count":1,"href":"https:\/\/nitu.mx\/index.php\/wp-json\/wp\/v2\/posts\/84000\/revisions"}],"predecessor-version":[{"id":84002,"href":"https:\/\/nitu.mx\/index.php\/wp-json\/wp\/v2\/posts\/84000\/revisions\/84002"}],"wp:featuredmedia":[{"embeddable":true,"href":"https:\/\/nitu.mx\/index.php\/wp-json\/wp\/v2\/media\/54630"}],"wp:attachment":[{"href":"https:\/\/nitu.mx\/index.php\/wp-json\/wp\/v2\/media?parent=84000"}],"wp:term":[{"taxonomy":"category","embeddable":true,"href":"https:\/\/nitu.mx\/index.php\/wp-json\/wp\/v2\/categories?post=84000"},{"taxonomy":"post_tag","embeddable":true,"href":"https:\/\/nitu.mx\/index.php\/wp-json\/wp\/v2\/tags?post=84000"}],"curies":[{"name":"wp","href":"https:\/\/api.w.org\/{rel}","templated":true}]}}