{"id":83979,"date":"2025-10-14T21:55:25","date_gmt":"2025-10-15T03:55:25","guid":{"rendered":"https:\/\/nitu.mx\/?p=83979"},"modified":"2025-10-14T21:55:26","modified_gmt":"2025-10-15T03:55:26","slug":"mara-lezama-y-la-union-europea-impulsan-cooperacion-para-transformar-el-sargazo-en-desarrollo-sostenible","status":"publish","type":"post","link":"https:\/\/nitu.mx\/index.php\/2025\/10\/14\/mara-lezama-y-la-union-europea-impulsan-cooperacion-para-transformar-el-sargazo-en-desarrollo-sostenible\/","title":{"rendered":"Mara Lezama y la Uni\u00f3n Europea impulsan cooperaci\u00f3n para transformar el sargazo en desarrollo sostenible"},"content":{"rendered":"\n<p>La gobernadora de Quintana Roo, Mara Lezama Espinosa, sostuvo un encuentro con el Comisario Europeo, Josef S\u00edkela, y el secretario de cambio clim\u00e1tico y desarrollo de SEMARNAT Jos\u00e9 Luis Samaniego Leyva, con el prop\u00f3sito de fortalecer los lazos de cooperaci\u00f3n internacional en materia de econom\u00eda circular y aprovechamiento sostenible del sargazo.<\/p>\n\n\n\n<p>Durante un evento celebrado en el marco de la visita de la delegaci\u00f3n de la Uni\u00f3n Europea, la gobernadora destac\u00f3 que Quintana Roo se consolida como un referente mundial en innovaci\u00f3n ambiental al transformar un desaf\u00edo ecol\u00f3gico en una oportunidad de desarrollo.<\/p>\n\n\n\n<p>\u201cEl sargazo es un fen\u00f3meno natural que no podemos evitar, pero s\u00ed podemos decidir c\u00f3mo enfrentarlo. En Quintana Roo elegimos actuar con responsabilidad, innovaci\u00f3n y visi\u00f3n de futuro\u201d, subray\u00f3 la gobernadora.<\/p>\n\n\n\n<p>El titular de SEMA, Oscar Rebora Aguilera, destac\u00f3 la relevancia de que Quintana Roo cuente con la primera planta piloto de biog\u00e1s en M\u00e9xico. Explic\u00f3 que tras un estudio detallado, se identificaron factores que confieren viabilidad t\u00e9cnica al proyecto, el cual ya cuenta con certificaciones correspondientes.<\/p>\n\n\n\n<p>R\u00e9bora Aguilera explic\u00f3 los m\u00faltiples beneficios ambientales, econ\u00f3micos y sociales del proyecto, incluyendo el aprovechamiento energ\u00e9tico, la disminuci\u00f3n de emisiones de gases contaminantes, el financiamiento por captura de carbono, la generaci\u00f3n de empleo verde y la producci\u00f3n de fertilizantes org\u00e1nicos, entre otros usos.<\/p>\n\n\n\n<p>Se estima que dos plantas podr\u00edan procesar hasta 300 toneladas de sargazo por d\u00eda, lo que permitir\u00eda consolidar un c\u00edrculo virtuoso de detecci\u00f3n, monitoreo y atenci\u00f3n.<\/p>\n\n\n\n<p>El proyecto tiene particular relevancia para Europa, considerando que en Quintana Roo uno de cada tres cuartos de hotel representa inversi\u00f3n europea.<\/p>\n\n\n\n<p>Lezama Espinosa reconoci\u00f3 el respaldo del Gobierno de M\u00e9xico, y agradeci\u00f3 el acompa\u00f1amiento de la secretaria Alicia B\u00e1rcena, con quien impulsa el Polo de Desarrollo de Econom\u00eda Circular para el Bienestar, un modelo que promueve la sostenibilidad y la generaci\u00f3n de valor social.<\/p>\n\n\n\n<p>Asimismo, destac\u00f3 la puesta en marcha del Centro Integral de Saneamiento y Econom\u00eda Circular, iniciativa que permite transformar el sargazo en un activo econ\u00f3mico mediante procesos tecnol\u00f3gicos y de innovaci\u00f3n verde.<\/p>\n\n\n\n<p>\u201cNuestro compromiso es brindar certeza y seguridad a quienes invierten en proyectos sustentables. En Quintana Roo hay reglas claras, acompa\u00f1amiento t\u00e9cnico y voluntad pol\u00edtica para hacer de la econom\u00eda circular una realidad\u201d, afirm\u00f3.<\/p>\n\n\n\n<p>La gobernadora record\u00f3 que la estrategia estatal contra el sargazo incluye la colaboraci\u00f3n de la Secretar\u00eda de Marina, la Agencia Espacial Europea y el sector privado. Gracias a este esfuerzo conjunto, el estado cuenta con el primer Centro de Monitoreo Satelital de Sargazo de Am\u00e9rica Latina, que permite anticipar su llegada y coordinar acciones de contenci\u00f3n.<\/p>\n\n\n\n<p>Solo en este a\u00f1o, detall\u00f3, se han recolectado m\u00e1s de 87 mil toneladas de sargazo mediante una flota de buques especializados, embarcaciones menores y m\u00e1s de nueve mil metros de barreras instaladas en el litoral.<\/p>\n\n\n\n<p>\u201cM\u00e1s all\u00e1 de mantener las playas limpias, lo que buscamos es preservar el equilibrio de nuestros ecosistemas. En Quintana Roo entendemos que cuidar el mar es cuidar la vida\u201d, expres\u00f3.<\/p>\n\n\n\n<p>Mara Lezama reiter\u00f3 que la cooperaci\u00f3n con la Uni\u00f3n Europea representa una alianza estrat\u00e9gica para fortalecer la econom\u00eda verde y el desarrollo sustentable de la regi\u00f3n.<\/p>\n\n\n\n<p>Participaron en la reuni\u00f3n el director para Am\u00e9rica Latina y el Caribe en la Comisi\u00f3n Europea, F\u00e9lix Hern\u00e1ndez Shaw; el jefe de Cooperaci\u00f3n de la Uni\u00f3n Europea en M\u00e9xico, Stefan Agne; el asesor, as\u00ed como autoridades federales y estatales. (<a href=\"https:\/\/nitu.mx\/index.php\/2025\/09\/11\/marina-ha-recolectado-cerca-de-15-mil-toneladas-de-sargazo-en-este-ano\/\">Marina ha recolectado cerca de 15 mil toneladas de sargazo en este a\u00f1o<\/a>).<\/p>\n","protected":false},"excerpt":{"rendered":"<p>La gobernadora de Quintana Roo, Mara Lezama Espinosa, sostuvo un encuentro con el Comisario Europeo, Josef S\u00edkela, y el secretario de cambio clim\u00e1tico y desarrollo de SEMARNAT Jos\u00e9 Luis Samaniego Leyva, con el prop\u00f3sito de fortalecer los lazos de cooperaci\u00f3n internacional en materia de econom\u00eda circular y aprovechamiento sostenible del sargazo. Durante un evento celebrado [&hellip;]<\/p>\n","protected":false},"author":17,"featured_media":83981,"comment_status":"closed","ping_status":"closed","sticky":false,"template":"","format":"standard","meta":{"footnotes":""},"categories":[18475],"tags":[14028,260,10332,2379],"yoast_head":"<!-- This site is optimized with the Yoast SEO plugin v22.2 - https:\/\/yoast.com\/wordpress\/plugins\/seo\/ -->\n<title>Mara Lezama y la Uni\u00f3n Europea impulsan cooperaci\u00f3n para transformar el sargazo en desarrollo sostenible - Nitu - Noticias de la Industria Turistica<\/title>\n<meta name=\"robots\" content=\"index, follow, max-snippet:-1, max-image-preview:large, max-video-preview:-1\" \/>\n<link rel=\"canonical\" href=\"https:\/\/nitu.mx\/index.php\/2025\/10\/14\/mara-lezama-y-la-union-europea-impulsan-cooperacion-para-transformar-el-sargazo-en-desarrollo-sostenible\/\" \/>\n<meta name=\"twitter:card\" content=\"summary_large_image\" \/>\n<meta name=\"twitter:title\" content=\"Mara Lezama y la Uni\u00f3n Europea impulsan cooperaci\u00f3n para transformar el sargazo en desarrollo sostenible - Nitu - Noticias de la Industria Turistica\" \/>\n<meta name=\"twitter:description\" content=\"La gobernadora de Quintana Roo, Mara Lezama Espinosa, sostuvo un encuentro con el Comisario Europeo, Josef S\u00edkela, y el secretario de cambio clim\u00e1tico y desarrollo de SEMARNAT Jos\u00e9 Luis Samaniego Leyva, con el prop\u00f3sito de fortalecer los lazos de cooperaci\u00f3n internacional en materia de econom\u00eda circular y aprovechamiento sostenible del sargazo. Durante un evento celebrado [&hellip;]\" \/>\n<meta name=\"twitter:image\" content=\"https:\/\/nitu.mx\/wp-content\/uploads\/2025\/10\/Mara-Lezama-Union-Europa-sargazo.jpg\" \/>\n<meta name=\"twitter:creator\" content=\"@NITUmx\" \/>\n<meta name=\"twitter:site\" content=\"@Arturo_Medina_G\" \/>\n<meta name=\"twitter:label1\" content=\"Escrito por\" \/>\n\t<meta name=\"twitter:data1\" content=\"Redacci\u00f3n\" \/>\n\t<meta name=\"twitter:label2\" content=\"Tiempo de lectura\" \/>\n\t<meta name=\"twitter:data2\" content=\"3 minutos\" \/>\n<script type=\"application\/ld+json\" class=\"yoast-schema-graph\">{\"@context\":\"https:\/\/schema.org\",\"@graph\":[{\"@type\":\"Article\",\"@id\":\"https:\/\/nitu.mx\/index.php\/2025\/10\/14\/mara-lezama-y-la-union-europea-impulsan-cooperacion-para-transformar-el-sargazo-en-desarrollo-sostenible\/#article\",\"isPartOf\":{\"@id\":\"https:\/\/nitu.mx\/index.php\/2025\/10\/14\/mara-lezama-y-la-union-europea-impulsan-cooperacion-para-transformar-el-sargazo-en-desarrollo-sostenible\/\"},\"author\":{\"name\":\"Redacci\u00f3n\",\"@id\":\"https:\/\/nitu.mx\/#\/schema\/person\/4a28fe9bd65924f7c90623773daf1b0b\"},\"headline\":\"Mara Lezama y la Uni\u00f3n Europea impulsan cooperaci\u00f3n para transformar el sargazo en desarrollo sostenible\",\"datePublished\":\"2025-10-15T03:55:25+00:00\",\"dateModified\":\"2025-10-15T03:55:26+00:00\",\"mainEntityOfPage\":{\"@id\":\"https:\/\/nitu.mx\/index.php\/2025\/10\/14\/mara-lezama-y-la-union-europea-impulsan-cooperacion-para-transformar-el-sargazo-en-desarrollo-sostenible\/\"},\"wordCount\":648,\"publisher\":{\"@id\":\"https:\/\/nitu.mx\/#\/schema\/person\/ae7a53426417292d3dd07b45a33e01bc\"},\"image\":{\"@id\":\"https:\/\/nitu.mx\/index.php\/2025\/10\/14\/mara-lezama-y-la-union-europea-impulsan-cooperacion-para-transformar-el-sargazo-en-desarrollo-sostenible\/#primaryimage\"},\"thumbnailUrl\":\"https:\/\/nitu.mx\/wp-content\/uploads\/2025\/10\/Mara-Lezama-Union-Europa-sargazo.jpg\",\"keywords\":[\"Mara Lezama\",\"Quintana Roo\",\"sargazo\",\"Uni\u00f3n Europea\"],\"articleSection\":[\"Caribe Mexicano\"],\"inLanguage\":\"es-MX\"},{\"@type\":\"WebPage\",\"@id\":\"https:\/\/nitu.mx\/index.php\/2025\/10\/14\/mara-lezama-y-la-union-europea-impulsan-cooperacion-para-transformar-el-sargazo-en-desarrollo-sostenible\/\",\"url\":\"https:\/\/nitu.mx\/index.php\/2025\/10\/14\/mara-lezama-y-la-union-europea-impulsan-cooperacion-para-transformar-el-sargazo-en-desarrollo-sostenible\/\",\"name\":\"Mara Lezama y la Uni\u00f3n Europea impulsan cooperaci\u00f3n para transformar el sargazo en desarrollo sostenible - Nitu - Noticias de la Industria Turistica\",\"isPartOf\":{\"@id\":\"https:\/\/nitu.mx\/#website\"},\"primaryImageOfPage\":{\"@id\":\"https:\/\/nitu.mx\/index.php\/2025\/10\/14\/mara-lezama-y-la-union-europea-impulsan-cooperacion-para-transformar-el-sargazo-en-desarrollo-sostenible\/#primaryimage\"},\"image\":{\"@id\":\"https:\/\/nitu.mx\/index.php\/2025\/10\/14\/mara-lezama-y-la-union-europea-impulsan-cooperacion-para-transformar-el-sargazo-en-desarrollo-sostenible\/#primaryimage\"},\"thumbnailUrl\":\"https:\/\/nitu.mx\/wp-content\/uploads\/2025\/10\/Mara-Lezama-Union-Europa-sargazo.jpg\",\"datePublished\":\"2025-10-15T03:55:25+00:00\",\"dateModified\":\"2025-10-15T03:55:26+00:00\",\"breadcrumb\":{\"@id\":\"https:\/\/nitu.mx\/index.php\/2025\/10\/14\/mara-lezama-y-la-union-europea-impulsan-cooperacion-para-transformar-el-sargazo-en-desarrollo-sostenible\/#breadcrumb\"},\"inLanguage\":\"es-MX\",\"potentialAction\":[{\"@type\":\"ReadAction\",\"target\":[\"https:\/\/nitu.mx\/index.php\/2025\/10\/14\/mara-lezama-y-la-union-europea-impulsan-cooperacion-para-transformar-el-sargazo-en-desarrollo-sostenible\/\"]}]},{\"@type\":\"ImageObject\",\"inLanguage\":\"es-MX\",\"@id\":\"https:\/\/nitu.mx\/index.php\/2025\/10\/14\/mara-lezama-y-la-union-europea-impulsan-cooperacion-para-transformar-el-sargazo-en-desarrollo-sostenible\/#primaryimage\",\"url\":\"https:\/\/nitu.mx\/wp-content\/uploads\/2025\/10\/Mara-Lezama-Union-Europa-sargazo.jpg\",\"contentUrl\":\"https:\/\/nitu.mx\/wp-content\/uploads\/2025\/10\/Mara-Lezama-Union-Europa-sargazo.jpg\",\"width\":1200,\"height\":675,\"caption\":\"Mara Lezama Uni\u00f3n Europa sargazo\"},{\"@type\":\"BreadcrumbList\",\"@id\":\"https:\/\/nitu.mx\/index.php\/2025\/10\/14\/mara-lezama-y-la-union-europea-impulsan-cooperacion-para-transformar-el-sargazo-en-desarrollo-sostenible\/#breadcrumb\",\"itemListElement\":[{\"@type\":\"ListItem\",\"position\":1,\"name\":\"Inicio\",\"item\":\"https:\/\/nitu.mx\/\"},{\"@type\":\"ListItem\",\"position\":2,\"name\":\"Mara Lezama y la Uni\u00f3n Europea impulsan cooperaci\u00f3n para transformar el sargazo en desarrollo sostenible\"}]},{\"@type\":\"WebSite\",\"@id\":\"https:\/\/nitu.mx\/#website\",\"url\":\"https:\/\/nitu.mx\/\",\"name\":\"Nitu - Noticias de la Industria Turistica\",\"description\":\"Noticias de la Industria Turistica\",\"publisher\":{\"@id\":\"https:\/\/nitu.mx\/#\/schema\/person\/ae7a53426417292d3dd07b45a33e01bc\"},\"alternateName\":\"Noticias de la Industria Turistica\",\"potentialAction\":[{\"@type\":\"SearchAction\",\"target\":{\"@type\":\"EntryPoint\",\"urlTemplate\":\"https:\/\/nitu.mx\/?s={search_term_string}\"},\"query-input\":\"required name=search_term_string\"}],\"inLanguage\":\"es-MX\"},{\"@type\":[\"Person\",\"Organization\"],\"@id\":\"https:\/\/nitu.mx\/#\/schema\/person\/ae7a53426417292d3dd07b45a33e01bc\",\"name\":\"Arturo Medina\",\"image\":{\"@type\":\"ImageObject\",\"inLanguage\":\"es-MX\",\"@id\":\"https:\/\/nitu.mx\/#\/schema\/person\/image\/\",\"url\":\"https:\/\/nitu.mx\/wp-content\/uploads\/2024\/04\/4A315622-1904-4D5C-B022-878CDC840E04-90x90-1.jpeg\",\"contentUrl\":\"https:\/\/nitu.mx\/wp-content\/uploads\/2024\/04\/4A315622-1904-4D5C-B022-878CDC840E04-90x90-1.jpeg\",\"width\":90,\"height\":90,\"caption\":\"Arturo Medina\"},\"logo\":{\"@id\":\"https:\/\/nitu.mx\/#\/schema\/person\/image\/\"},\"description\":\"Director NITU.mx, Egresado de la Escuela de Periodismo Carlos Septi\u00e9n Garc\u00eda. Periodista y analista especializado en turismo desde hace 35 a\u00f1os, radicado en Canc\u00fan Q.Roo. arturo@nitu.mx\",\"sameAs\":[\"https:\/\/nitu.mx\",\"https:\/\/www.facebook.com\/NITUmx\/\",\"medinacancun\",\"https:\/\/twitter.com\/@Arturo_Medina_G\"]},{\"@type\":\"Person\",\"@id\":\"https:\/\/nitu.mx\/#\/schema\/person\/4a28fe9bd65924f7c90623773daf1b0b\",\"name\":\"Redacci\u00f3n\",\"image\":{\"@type\":\"ImageObject\",\"inLanguage\":\"es-MX\",\"@id\":\"https:\/\/nitu.mx\/#\/schema\/person\/image\/\",\"url\":\"https:\/\/secure.gravatar.com\/avatar\/5dd011c8ccfc5cd7e4c81e42252aab38?s=96&d=mm&r=g\",\"contentUrl\":\"https:\/\/secure.gravatar.com\/avatar\/5dd011c8ccfc5cd7e4c81e42252aab38?s=96&d=mm&r=g\",\"caption\":\"Redacci\u00f3n\"},\"url\":\"https:\/\/nitu.mx\/index.php\/author\/redaccion\/\"}]}<\/script>\n<!-- \/ Yoast SEO plugin. -->","yoast_head_json":{"title":"Mara Lezama y la Uni\u00f3n Europea impulsan cooperaci\u00f3n para transformar el sargazo en desarrollo sostenible - Nitu - Noticias de la Industria Turistica","robots":{"index":"index","follow":"follow","max-snippet":"max-snippet:-1","max-image-preview":"max-image-preview:large","max-video-preview":"max-video-preview:-1"},"canonical":"https:\/\/nitu.mx\/index.php\/2025\/10\/14\/mara-lezama-y-la-union-europea-impulsan-cooperacion-para-transformar-el-sargazo-en-desarrollo-sostenible\/","twitter_card":"summary_large_image","twitter_title":"Mara Lezama y la Uni\u00f3n Europea impulsan cooperaci\u00f3n para transformar el sargazo en desarrollo sostenible - Nitu - Noticias de la Industria Turistica","twitter_description":"La gobernadora de Quintana Roo, Mara Lezama Espinosa, sostuvo un encuentro con el Comisario Europeo, Josef S\u00edkela, y el secretario de cambio clim\u00e1tico y desarrollo de SEMARNAT Jos\u00e9 Luis Samaniego Leyva, con el prop\u00f3sito de fortalecer los lazos de cooperaci\u00f3n internacional en materia de econom\u00eda circular y aprovechamiento sostenible del sargazo. Durante un evento celebrado [&hellip;]","twitter_image":"https:\/\/nitu.mx\/wp-content\/uploads\/2025\/10\/Mara-Lezama-Union-Europa-sargazo.jpg","twitter_creator":"@NITUmx","twitter_site":"@Arturo_Medina_G","twitter_misc":{"Escrito por":"Redacci\u00f3n","Tiempo de lectura":"3 minutos"},"schema":{"@context":"https:\/\/schema.org","@graph":[{"@type":"Article","@id":"https:\/\/nitu.mx\/index.php\/2025\/10\/14\/mara-lezama-y-la-union-europea-impulsan-cooperacion-para-transformar-el-sargazo-en-desarrollo-sostenible\/#article","isPartOf":{"@id":"https:\/\/nitu.mx\/index.php\/2025\/10\/14\/mara-lezama-y-la-union-europea-impulsan-cooperacion-para-transformar-el-sargazo-en-desarrollo-sostenible\/"},"author":{"name":"Redacci\u00f3n","@id":"https:\/\/nitu.mx\/#\/schema\/person\/4a28fe9bd65924f7c90623773daf1b0b"},"headline":"Mara Lezama y la Uni\u00f3n Europea impulsan cooperaci\u00f3n para transformar el sargazo en desarrollo sostenible","datePublished":"2025-10-15T03:55:25+00:00","dateModified":"2025-10-15T03:55:26+00:00","mainEntityOfPage":{"@id":"https:\/\/nitu.mx\/index.php\/2025\/10\/14\/mara-lezama-y-la-union-europea-impulsan-cooperacion-para-transformar-el-sargazo-en-desarrollo-sostenible\/"},"wordCount":648,"publisher":{"@id":"https:\/\/nitu.mx\/#\/schema\/person\/ae7a53426417292d3dd07b45a33e01bc"},"image":{"@id":"https:\/\/nitu.mx\/index.php\/2025\/10\/14\/mara-lezama-y-la-union-europea-impulsan-cooperacion-para-transformar-el-sargazo-en-desarrollo-sostenible\/#primaryimage"},"thumbnailUrl":"https:\/\/nitu.mx\/wp-content\/uploads\/2025\/10\/Mara-Lezama-Union-Europa-sargazo.jpg","keywords":["Mara Lezama","Quintana Roo","sargazo","Uni\u00f3n Europea"],"articleSection":["Caribe Mexicano"],"inLanguage":"es-MX"},{"@type":"WebPage","@id":"https:\/\/nitu.mx\/index.php\/2025\/10\/14\/mara-lezama-y-la-union-europea-impulsan-cooperacion-para-transformar-el-sargazo-en-desarrollo-sostenible\/","url":"https:\/\/nitu.mx\/index.php\/2025\/10\/14\/mara-lezama-y-la-union-europea-impulsan-cooperacion-para-transformar-el-sargazo-en-desarrollo-sostenible\/","name":"Mara Lezama y la Uni\u00f3n Europea impulsan cooperaci\u00f3n para transformar el sargazo en desarrollo sostenible - Nitu - Noticias de la Industria Turistica","isPartOf":{"@id":"https:\/\/nitu.mx\/#website"},"primaryImageOfPage":{"@id":"https:\/\/nitu.mx\/index.php\/2025\/10\/14\/mara-lezama-y-la-union-europea-impulsan-cooperacion-para-transformar-el-sargazo-en-desarrollo-sostenible\/#primaryimage"},"image":{"@id":"https:\/\/nitu.mx\/index.php\/2025\/10\/14\/mara-lezama-y-la-union-europea-impulsan-cooperacion-para-transformar-el-sargazo-en-desarrollo-sostenible\/#primaryimage"},"thumbnailUrl":"https:\/\/nitu.mx\/wp-content\/uploads\/2025\/10\/Mara-Lezama-Union-Europa-sargazo.jpg","datePublished":"2025-10-15T03:55:25+00:00","dateModified":"2025-10-15T03:55:26+00:00","breadcrumb":{"@id":"https:\/\/nitu.mx\/index.php\/2025\/10\/14\/mara-lezama-y-la-union-europea-impulsan-cooperacion-para-transformar-el-sargazo-en-desarrollo-sostenible\/#breadcrumb"},"inLanguage":"es-MX","potentialAction":[{"@type":"ReadAction","target":["https:\/\/nitu.mx\/index.php\/2025\/10\/14\/mara-lezama-y-la-union-europea-impulsan-cooperacion-para-transformar-el-sargazo-en-desarrollo-sostenible\/"]}]},{"@type":"ImageObject","inLanguage":"es-MX","@id":"https:\/\/nitu.mx\/index.php\/2025\/10\/14\/mara-lezama-y-la-union-europea-impulsan-cooperacion-para-transformar-el-sargazo-en-desarrollo-sostenible\/#primaryimage","url":"https:\/\/nitu.mx\/wp-content\/uploads\/2025\/10\/Mara-Lezama-Union-Europa-sargazo.jpg","contentUrl":"https:\/\/nitu.mx\/wp-content\/uploads\/2025\/10\/Mara-Lezama-Union-Europa-sargazo.jpg","width":1200,"height":675,"caption":"Mara Lezama Uni\u00f3n Europa sargazo"},{"@type":"BreadcrumbList","@id":"https:\/\/nitu.mx\/index.php\/2025\/10\/14\/mara-lezama-y-la-union-europea-impulsan-cooperacion-para-transformar-el-sargazo-en-desarrollo-sostenible\/#breadcrumb","itemListElement":[{"@type":"ListItem","position":1,"name":"Inicio","item":"https:\/\/nitu.mx\/"},{"@type":"ListItem","position":2,"name":"Mara Lezama y la Uni\u00f3n Europea impulsan cooperaci\u00f3n para transformar el sargazo en desarrollo sostenible"}]},{"@type":"WebSite","@id":"https:\/\/nitu.mx\/#website","url":"https:\/\/nitu.mx\/","name":"Nitu - Noticias de la Industria Turistica","description":"Noticias de la Industria Turistica","publisher":{"@id":"https:\/\/nitu.mx\/#\/schema\/person\/ae7a53426417292d3dd07b45a33e01bc"},"alternateName":"Noticias de la Industria Turistica","potentialAction":[{"@type":"SearchAction","target":{"@type":"EntryPoint","urlTemplate":"https:\/\/nitu.mx\/?s={search_term_string}"},"query-input":"required name=search_term_string"}],"inLanguage":"es-MX"},{"@type":["Person","Organization"],"@id":"https:\/\/nitu.mx\/#\/schema\/person\/ae7a53426417292d3dd07b45a33e01bc","name":"Arturo Medina","image":{"@type":"ImageObject","inLanguage":"es-MX","@id":"https:\/\/nitu.mx\/#\/schema\/person\/image\/","url":"https:\/\/nitu.mx\/wp-content\/uploads\/2024\/04\/4A315622-1904-4D5C-B022-878CDC840E04-90x90-1.jpeg","contentUrl":"https:\/\/nitu.mx\/wp-content\/uploads\/2024\/04\/4A315622-1904-4D5C-B022-878CDC840E04-90x90-1.jpeg","width":90,"height":90,"caption":"Arturo Medina"},"logo":{"@id":"https:\/\/nitu.mx\/#\/schema\/person\/image\/"},"description":"Director NITU.mx, Egresado de la Escuela de Periodismo Carlos Septi\u00e9n Garc\u00eda. Periodista y analista especializado en turismo desde hace 35 a\u00f1os, radicado en Canc\u00fan Q.Roo. arturo@nitu.mx","sameAs":["https:\/\/nitu.mx","https:\/\/www.facebook.com\/NITUmx\/","medinacancun","https:\/\/twitter.com\/@Arturo_Medina_G"]},{"@type":"Person","@id":"https:\/\/nitu.mx\/#\/schema\/person\/4a28fe9bd65924f7c90623773daf1b0b","name":"Redacci\u00f3n","image":{"@type":"ImageObject","inLanguage":"es-MX","@id":"https:\/\/nitu.mx\/#\/schema\/person\/image\/","url":"https:\/\/secure.gravatar.com\/avatar\/5dd011c8ccfc5cd7e4c81e42252aab38?s=96&d=mm&r=g","contentUrl":"https:\/\/secure.gravatar.com\/avatar\/5dd011c8ccfc5cd7e4c81e42252aab38?s=96&d=mm&r=g","caption":"Redacci\u00f3n"},"url":"https:\/\/nitu.mx\/index.php\/author\/redaccion\/"}]}},"views":541,"_links":{"self":[{"href":"https:\/\/nitu.mx\/index.php\/wp-json\/wp\/v2\/posts\/83979"}],"collection":[{"href":"https:\/\/nitu.mx\/index.php\/wp-json\/wp\/v2\/posts"}],"about":[{"href":"https:\/\/nitu.mx\/index.php\/wp-json\/wp\/v2\/types\/post"}],"author":[{"embeddable":true,"href":"https:\/\/nitu.mx\/index.php\/wp-json\/wp\/v2\/users\/17"}],"replies":[{"embeddable":true,"href":"https:\/\/nitu.mx\/index.php\/wp-json\/wp\/v2\/comments?post=83979"}],"version-history":[{"count":1,"href":"https:\/\/nitu.mx\/index.php\/wp-json\/wp\/v2\/posts\/83979\/revisions"}],"predecessor-version":[{"id":83982,"href":"https:\/\/nitu.mx\/index.php\/wp-json\/wp\/v2\/posts\/83979\/revisions\/83982"}],"wp:featuredmedia":[{"embeddable":true,"href":"https:\/\/nitu.mx\/index.php\/wp-json\/wp\/v2\/media\/83981"}],"wp:attachment":[{"href":"https:\/\/nitu.mx\/index.php\/wp-json\/wp\/v2\/media?parent=83979"}],"wp:term":[{"taxonomy":"category","embeddable":true,"href":"https:\/\/nitu.mx\/index.php\/wp-json\/wp\/v2\/categories?post=83979"},{"taxonomy":"post_tag","embeddable":true,"href":"https:\/\/nitu.mx\/index.php\/wp-json\/wp\/v2\/tags?post=83979"}],"curies":[{"name":"wp","href":"https:\/\/api.w.org\/{rel}","templated":true}]}}