{"id":83969,"date":"2025-10-14T21:24:19","date_gmt":"2025-10-15T03:24:19","guid":{"rendered":"https:\/\/nitu.mx\/?p=83969"},"modified":"2025-10-14T21:24:20","modified_gmt":"2025-10-15T03:24:20","slug":"leon-espera-400-mil-asistentes-al-festival-internacional-del-globo-2025","status":"publish","type":"post","link":"https:\/\/nitu.mx\/index.php\/2025\/10\/14\/leon-espera-400-mil-asistentes-al-festival-internacional-del-globo-2025\/","title":{"rendered":"Le\u00f3n espera 400 mil asistentes al Festival Internacional del Globo 2025"},"content":{"rendered":"\n<p>Le\u00f3n, Guanajuato est\u00e1 listo para recibir a m\u00e1s de 400 mil visitantes en el Festival Internacional del Globo (FIG) denominado festival de festivales, presentado est\u00e1 ma\u00f1ana en la Ciudad de M\u00e9xico por la gobernadora Libia Dennise Garc\u00eda y la presidenta municipal, Alejandra Guti\u00e9rrez Campos.<\/p>\n\n\n\n<p>El Festival Internacional del Globo 2025 se llevar\u00e1 a cabo del 14 al 17 de noviembre en el Parque Metropolitano de Le\u00f3n, con noches m\u00e1gicas, espect\u00e1culos musicales y actividades para toda la familia, reafirmando que Le\u00f3n sigue creciendo, que vibra y que eleva el orgullo de Guanajuato ante el mundo.<\/p>\n\n\n\n<p>Con 22 ediciones ininterrumpidas, el festival de festivales se consolida como uno de los mejores y m\u00e1s espectaculares del mundo en su tipo. Est\u00e1 consolidaci\u00f3n, con el respaldo de Le\u00f3n y su gente, sigue creciendo para ofrecer cada vez mejores eventos y espacios para sus visitantes. Como ejemplo, est\u00e1 la ampliaci\u00f3n del Parque Metropolitano Norte, sede del evento que brinda mayor comodidad a los visitantes, afirm\u00f3 la edil.<\/p>\n\n\n\n<p>El FIG sorprender\u00e1 y emocionar\u00e1 al p\u00fablico con m\u00e1s de 200 globos aerost\u00e1ticos provenientes de 25 pa\u00edses, entre ellos Brasil, Espa\u00f1a, Estados Unidos, Taiw\u00e1n, Suiza, B\u00e9lgica, Austria y Lituania.<\/p>\n\n\n\n<p>Este a\u00f1o destacan 30 figuras especiales, 10 de ellas por primera vez en M\u00e9xico, como Swiss Cow (Suiza), Tibur\u00f3n Martelo (Brasil) y SAVE ME Rinoceronte (Lituania). Adem\u00e1s, se contar\u00e1 con la participaci\u00f3n especial del globo oficial de Disneyland, conmemorando su 70 aniversario.<\/p>\n\n\n\n<p>\u201cNosotros queremos invitarlos a Le\u00f3n, una ciudad que siempre lo recibe con los brazos abiertos y que el Festival Internacional del Globo, es uno de los eventos m\u00e1s importantes que tenemos en la ciudad. Pero sobre todo, que lo que ha hecho que la gente vaya y regrese, es la calidad de las personas\u201d, expres\u00f3 Guti\u00e9rrez Campos.<\/p>\n\n\n\n<p>Por su parte, gobernadora de Guanajuato, Libia Dennise Garc\u00eda, anunci\u00f3 que el viernes 14 de noviembre la entrada ser\u00e1 gratuita.<\/p>\n\n\n\n<p>\u201dEl d\u00eda que arranca el Festival Internacional del Globo, ser\u00e1 el viernes de la gente en donde podr\u00e1n entrar de manera gratuita para poder ver el despliegue de esta bandera monumental y de los aviones de la Fuerza A\u00e9rea Nacional\u201d, indic\u00f3.<\/p>\n\n\n\n<p>Con una derrama econ\u00f3mica estimada a los 800 millones de pesos; el evento contar\u00e1 con la infraestructura y el acompa\u00f1amiento de la Secretar\u00eda de Seguridad, Prevenci\u00f3n y Protecci\u00f3n Ciudadana de Le\u00f3n, que garantizar\u00e1 un entorno seguro para visitantes y participantes.<\/p>\n\n\n\n<p>Asimismo, la ciudad dispone de m\u00e1s de 9 mil habitaciones de hotel y una red de conectividad que la acerca al 60% de la poblaci\u00f3n nacional en menos de cuatro horas, consolidando a Le\u00f3n como un destino accesible y confiable.<\/p>\n\n\n\n<p>Durante la presentaci\u00f3n, la directora general de Innovaci\u00f3n del Producto Tur\u00edstico de Sectur federal, Marcela Camacho reconoci\u00f3 la constancia y liderazgo de Le\u00f3n en la organizaci\u00f3n de este evento.<\/p>\n\n\n\n<p>\u201cFelicitamos a la ciudad de Le\u00f3n, por ser la sede de este evento que se fortalece como uno de los productos tur\u00edsticos de aventura m\u00e1s importantes del estado de Guanajuato\u201d, expres\u00f3. (<a href=\"https:\/\/nitu.mx\/index.php\/2024\/10\/28\/festival-internacional-del-globo-estima-la-asistencia-de-400-mil-visitantes\/\">Festival Internacional del Globo estima la asistencia de 400 mil visitantes<\/a>).<\/p>\n","protected":false},"excerpt":{"rendered":"<p>Le\u00f3n, Guanajuato est\u00e1 listo para recibir a m\u00e1s de 400 mil visitantes en el Festival Internacional del Globo (FIG) denominado festival de festivales, presentado est\u00e1 ma\u00f1ana en la Ciudad de M\u00e9xico por la gobernadora Libia Dennise Garc\u00eda y la presidenta municipal, Alejandra Guti\u00e9rrez Campos. El Festival Internacional del Globo 2025 se llevar\u00e1 a cabo del [&hellip;]<\/p>\n","protected":false},"author":18,"featured_media":83971,"comment_status":"closed","ping_status":"closed","sticky":false,"template":"","format":"standard","meta":{"footnotes":""},"categories":[5],"tags":[26311,24225,511,60,26576],"yoast_head":"<!-- This site is optimized with the Yoast SEO plugin v22.2 - https:\/\/yoast.com\/wordpress\/plugins\/seo\/ -->\n<title>Le\u00f3n espera 400 mil asistentes al Festival Internacional del Globo 2025 - Nitu - Noticias de la Industria Turistica<\/title>\n<meta name=\"robots\" content=\"index, follow, max-snippet:-1, max-image-preview:large, max-video-preview:-1\" \/>\n<link rel=\"canonical\" href=\"https:\/\/nitu.mx\/index.php\/2025\/10\/14\/leon-espera-400-mil-asistentes-al-festival-internacional-del-globo-2025\/\" \/>\n<meta name=\"twitter:card\" content=\"summary_large_image\" \/>\n<meta name=\"twitter:title\" content=\"Le\u00f3n espera 400 mil asistentes al Festival Internacional del Globo 2025 - Nitu - Noticias de la Industria Turistica\" \/>\n<meta name=\"twitter:description\" content=\"Le\u00f3n, Guanajuato est\u00e1 listo para recibir a m\u00e1s de 400 mil visitantes en el Festival Internacional del Globo (FIG) denominado festival de festivales, presentado est\u00e1 ma\u00f1ana en la Ciudad de M\u00e9xico por la gobernadora Libia Dennise Garc\u00eda y la presidenta municipal, Alejandra Guti\u00e9rrez Campos. El Festival Internacional del Globo 2025 se llevar\u00e1 a cabo del [&hellip;]\" \/>\n<meta name=\"twitter:image\" content=\"https:\/\/nitu.mx\/wp-content\/uploads\/2025\/10\/Leon-FIG-2025-conferencia.jpg\" \/>\n<meta name=\"twitter:creator\" content=\"@NITUmx\" \/>\n<meta name=\"twitter:site\" content=\"@Arturo_Medina_G\" \/>\n<meta name=\"twitter:label1\" content=\"Escrito por\" \/>\n\t<meta name=\"twitter:data1\" content=\"Guadalupe Sixto\" \/>\n\t<meta name=\"twitter:label2\" content=\"Tiempo de lectura\" \/>\n\t<meta name=\"twitter:data2\" content=\"3 minutos\" \/>\n<script type=\"application\/ld+json\" class=\"yoast-schema-graph\">{\"@context\":\"https:\/\/schema.org\",\"@graph\":[{\"@type\":\"Article\",\"@id\":\"https:\/\/nitu.mx\/index.php\/2025\/10\/14\/leon-espera-400-mil-asistentes-al-festival-internacional-del-globo-2025\/#article\",\"isPartOf\":{\"@id\":\"https:\/\/nitu.mx\/index.php\/2025\/10\/14\/leon-espera-400-mil-asistentes-al-festival-internacional-del-globo-2025\/\"},\"author\":{\"name\":\"Guadalupe Sixto\",\"@id\":\"https:\/\/nitu.mx\/#\/schema\/person\/3df3082b5e46037e3f13614d28ee0b77\"},\"headline\":\"Le\u00f3n espera 400 mil asistentes al Festival Internacional del Globo 2025\",\"datePublished\":\"2025-10-15T03:24:19+00:00\",\"dateModified\":\"2025-10-15T03:24:20+00:00\",\"mainEntityOfPage\":{\"@id\":\"https:\/\/nitu.mx\/index.php\/2025\/10\/14\/leon-espera-400-mil-asistentes-al-festival-internacional-del-globo-2025\/\"},\"wordCount\":547,\"publisher\":{\"@id\":\"https:\/\/nitu.mx\/#\/schema\/person\/ae7a53426417292d3dd07b45a33e01bc\"},\"image\":{\"@id\":\"https:\/\/nitu.mx\/index.php\/2025\/10\/14\/leon-espera-400-mil-asistentes-al-festival-internacional-del-globo-2025\/#primaryimage\"},\"thumbnailUrl\":\"https:\/\/nitu.mx\/wp-content\/uploads\/2025\/10\/Leon-FIG-2025-conferencia.jpg\",\"keywords\":[\"Alejandra Guti\u00e9rrez\",\"Festival Internacional del Globo\",\"Guanajuato\",\"Le\u00f3n\",\"Libia Garc\u00eda\"],\"articleSection\":[\"Destinos\"],\"inLanguage\":\"es-MX\"},{\"@type\":\"WebPage\",\"@id\":\"https:\/\/nitu.mx\/index.php\/2025\/10\/14\/leon-espera-400-mil-asistentes-al-festival-internacional-del-globo-2025\/\",\"url\":\"https:\/\/nitu.mx\/index.php\/2025\/10\/14\/leon-espera-400-mil-asistentes-al-festival-internacional-del-globo-2025\/\",\"name\":\"Le\u00f3n espera 400 mil asistentes al Festival Internacional del Globo 2025 - Nitu - Noticias de la Industria Turistica\",\"isPartOf\":{\"@id\":\"https:\/\/nitu.mx\/#website\"},\"primaryImageOfPage\":{\"@id\":\"https:\/\/nitu.mx\/index.php\/2025\/10\/14\/leon-espera-400-mil-asistentes-al-festival-internacional-del-globo-2025\/#primaryimage\"},\"image\":{\"@id\":\"https:\/\/nitu.mx\/index.php\/2025\/10\/14\/leon-espera-400-mil-asistentes-al-festival-internacional-del-globo-2025\/#primaryimage\"},\"thumbnailUrl\":\"https:\/\/nitu.mx\/wp-content\/uploads\/2025\/10\/Leon-FIG-2025-conferencia.jpg\",\"datePublished\":\"2025-10-15T03:24:19+00:00\",\"dateModified\":\"2025-10-15T03:24:20+00:00\",\"breadcrumb\":{\"@id\":\"https:\/\/nitu.mx\/index.php\/2025\/10\/14\/leon-espera-400-mil-asistentes-al-festival-internacional-del-globo-2025\/#breadcrumb\"},\"inLanguage\":\"es-MX\",\"potentialAction\":[{\"@type\":\"ReadAction\",\"target\":[\"https:\/\/nitu.mx\/index.php\/2025\/10\/14\/leon-espera-400-mil-asistentes-al-festival-internacional-del-globo-2025\/\"]}]},{\"@type\":\"ImageObject\",\"inLanguage\":\"es-MX\",\"@id\":\"https:\/\/nitu.mx\/index.php\/2025\/10\/14\/leon-espera-400-mil-asistentes-al-festival-internacional-del-globo-2025\/#primaryimage\",\"url\":\"https:\/\/nitu.mx\/wp-content\/uploads\/2025\/10\/Leon-FIG-2025-conferencia.jpg\",\"contentUrl\":\"https:\/\/nitu.mx\/wp-content\/uploads\/2025\/10\/Leon-FIG-2025-conferencia.jpg\",\"width\":1200,\"height\":675,\"caption\":\"Le\u00f3n FIG 2025 conferencia\"},{\"@type\":\"BreadcrumbList\",\"@id\":\"https:\/\/nitu.mx\/index.php\/2025\/10\/14\/leon-espera-400-mil-asistentes-al-festival-internacional-del-globo-2025\/#breadcrumb\",\"itemListElement\":[{\"@type\":\"ListItem\",\"position\":1,\"name\":\"Inicio\",\"item\":\"https:\/\/nitu.mx\/\"},{\"@type\":\"ListItem\",\"position\":2,\"name\":\"Le\u00f3n espera 400 mil asistentes al Festival Internacional del Globo 2025\"}]},{\"@type\":\"WebSite\",\"@id\":\"https:\/\/nitu.mx\/#website\",\"url\":\"https:\/\/nitu.mx\/\",\"name\":\"Nitu - Noticias de la Industria Turistica\",\"description\":\"Noticias de la Industria Turistica\",\"publisher\":{\"@id\":\"https:\/\/nitu.mx\/#\/schema\/person\/ae7a53426417292d3dd07b45a33e01bc\"},\"alternateName\":\"Noticias de la Industria Turistica\",\"potentialAction\":[{\"@type\":\"SearchAction\",\"target\":{\"@type\":\"EntryPoint\",\"urlTemplate\":\"https:\/\/nitu.mx\/?s={search_term_string}\"},\"query-input\":\"required name=search_term_string\"}],\"inLanguage\":\"es-MX\"},{\"@type\":[\"Person\",\"Organization\"],\"@id\":\"https:\/\/nitu.mx\/#\/schema\/person\/ae7a53426417292d3dd07b45a33e01bc\",\"name\":\"Arturo Medina\",\"image\":{\"@type\":\"ImageObject\",\"inLanguage\":\"es-MX\",\"@id\":\"https:\/\/nitu.mx\/#\/schema\/person\/image\/\",\"url\":\"https:\/\/nitu.mx\/wp-content\/uploads\/2024\/04\/4A315622-1904-4D5C-B022-878CDC840E04-90x90-1.jpeg\",\"contentUrl\":\"https:\/\/nitu.mx\/wp-content\/uploads\/2024\/04\/4A315622-1904-4D5C-B022-878CDC840E04-90x90-1.jpeg\",\"width\":90,\"height\":90,\"caption\":\"Arturo Medina\"},\"logo\":{\"@id\":\"https:\/\/nitu.mx\/#\/schema\/person\/image\/\"},\"description\":\"Director NITU.mx, Egresado de la Escuela de Periodismo Carlos Septi\u00e9n Garc\u00eda. Periodista y analista especializado en turismo desde hace 35 a\u00f1os, radicado en Canc\u00fan Q.Roo. arturo@nitu.mx\",\"sameAs\":[\"https:\/\/nitu.mx\",\"https:\/\/www.facebook.com\/NITUmx\/\",\"medinacancun\",\"https:\/\/twitter.com\/@Arturo_Medina_G\"]},{\"@type\":\"Person\",\"@id\":\"https:\/\/nitu.mx\/#\/schema\/person\/3df3082b5e46037e3f13614d28ee0b77\",\"name\":\"Guadalupe Sixto\",\"image\":{\"@type\":\"ImageObject\",\"inLanguage\":\"es-MX\",\"@id\":\"https:\/\/nitu.mx\/#\/schema\/person\/image\/\",\"url\":\"https:\/\/secure.gravatar.com\/avatar\/13914e1b0e1919e91f9539de4dc584c4?s=96&d=mm&r=g\",\"contentUrl\":\"https:\/\/secure.gravatar.com\/avatar\/13914e1b0e1919e91f9539de4dc584c4?s=96&d=mm&r=g\",\"caption\":\"Guadalupe Sixto\"},\"url\":\"https:\/\/nitu.mx\/index.php\/author\/gsixto\/\"}]}<\/script>\n<!-- \/ Yoast SEO plugin. -->","yoast_head_json":{"title":"Le\u00f3n espera 400 mil asistentes al Festival Internacional del Globo 2025 - Nitu - Noticias de la Industria Turistica","robots":{"index":"index","follow":"follow","max-snippet":"max-snippet:-1","max-image-preview":"max-image-preview:large","max-video-preview":"max-video-preview:-1"},"canonical":"https:\/\/nitu.mx\/index.php\/2025\/10\/14\/leon-espera-400-mil-asistentes-al-festival-internacional-del-globo-2025\/","twitter_card":"summary_large_image","twitter_title":"Le\u00f3n espera 400 mil asistentes al Festival Internacional del Globo 2025 - Nitu - Noticias de la Industria Turistica","twitter_description":"Le\u00f3n, Guanajuato est\u00e1 listo para recibir a m\u00e1s de 400 mil visitantes en el Festival Internacional del Globo (FIG) denominado festival de festivales, presentado est\u00e1 ma\u00f1ana en la Ciudad de M\u00e9xico por la gobernadora Libia Dennise Garc\u00eda y la presidenta municipal, Alejandra Guti\u00e9rrez Campos. El Festival Internacional del Globo 2025 se llevar\u00e1 a cabo del [&hellip;]","twitter_image":"https:\/\/nitu.mx\/wp-content\/uploads\/2025\/10\/Leon-FIG-2025-conferencia.jpg","twitter_creator":"@NITUmx","twitter_site":"@Arturo_Medina_G","twitter_misc":{"Escrito por":"Guadalupe Sixto","Tiempo de lectura":"3 minutos"},"schema":{"@context":"https:\/\/schema.org","@graph":[{"@type":"Article","@id":"https:\/\/nitu.mx\/index.php\/2025\/10\/14\/leon-espera-400-mil-asistentes-al-festival-internacional-del-globo-2025\/#article","isPartOf":{"@id":"https:\/\/nitu.mx\/index.php\/2025\/10\/14\/leon-espera-400-mil-asistentes-al-festival-internacional-del-globo-2025\/"},"author":{"name":"Guadalupe Sixto","@id":"https:\/\/nitu.mx\/#\/schema\/person\/3df3082b5e46037e3f13614d28ee0b77"},"headline":"Le\u00f3n espera 400 mil asistentes al Festival Internacional del Globo 2025","datePublished":"2025-10-15T03:24:19+00:00","dateModified":"2025-10-15T03:24:20+00:00","mainEntityOfPage":{"@id":"https:\/\/nitu.mx\/index.php\/2025\/10\/14\/leon-espera-400-mil-asistentes-al-festival-internacional-del-globo-2025\/"},"wordCount":547,"publisher":{"@id":"https:\/\/nitu.mx\/#\/schema\/person\/ae7a53426417292d3dd07b45a33e01bc"},"image":{"@id":"https:\/\/nitu.mx\/index.php\/2025\/10\/14\/leon-espera-400-mil-asistentes-al-festival-internacional-del-globo-2025\/#primaryimage"},"thumbnailUrl":"https:\/\/nitu.mx\/wp-content\/uploads\/2025\/10\/Leon-FIG-2025-conferencia.jpg","keywords":["Alejandra Guti\u00e9rrez","Festival Internacional del Globo","Guanajuato","Le\u00f3n","Libia Garc\u00eda"],"articleSection":["Destinos"],"inLanguage":"es-MX"},{"@type":"WebPage","@id":"https:\/\/nitu.mx\/index.php\/2025\/10\/14\/leon-espera-400-mil-asistentes-al-festival-internacional-del-globo-2025\/","url":"https:\/\/nitu.mx\/index.php\/2025\/10\/14\/leon-espera-400-mil-asistentes-al-festival-internacional-del-globo-2025\/","name":"Le\u00f3n espera 400 mil asistentes al Festival Internacional del Globo 2025 - Nitu - Noticias de la Industria Turistica","isPartOf":{"@id":"https:\/\/nitu.mx\/#website"},"primaryImageOfPage":{"@id":"https:\/\/nitu.mx\/index.php\/2025\/10\/14\/leon-espera-400-mil-asistentes-al-festival-internacional-del-globo-2025\/#primaryimage"},"image":{"@id":"https:\/\/nitu.mx\/index.php\/2025\/10\/14\/leon-espera-400-mil-asistentes-al-festival-internacional-del-globo-2025\/#primaryimage"},"thumbnailUrl":"https:\/\/nitu.mx\/wp-content\/uploads\/2025\/10\/Leon-FIG-2025-conferencia.jpg","datePublished":"2025-10-15T03:24:19+00:00","dateModified":"2025-10-15T03:24:20+00:00","breadcrumb":{"@id":"https:\/\/nitu.mx\/index.php\/2025\/10\/14\/leon-espera-400-mil-asistentes-al-festival-internacional-del-globo-2025\/#breadcrumb"},"inLanguage":"es-MX","potentialAction":[{"@type":"ReadAction","target":["https:\/\/nitu.mx\/index.php\/2025\/10\/14\/leon-espera-400-mil-asistentes-al-festival-internacional-del-globo-2025\/"]}]},{"@type":"ImageObject","inLanguage":"es-MX","@id":"https:\/\/nitu.mx\/index.php\/2025\/10\/14\/leon-espera-400-mil-asistentes-al-festival-internacional-del-globo-2025\/#primaryimage","url":"https:\/\/nitu.mx\/wp-content\/uploads\/2025\/10\/Leon-FIG-2025-conferencia.jpg","contentUrl":"https:\/\/nitu.mx\/wp-content\/uploads\/2025\/10\/Leon-FIG-2025-conferencia.jpg","width":1200,"height":675,"caption":"Le\u00f3n FIG 2025 conferencia"},{"@type":"BreadcrumbList","@id":"https:\/\/nitu.mx\/index.php\/2025\/10\/14\/leon-espera-400-mil-asistentes-al-festival-internacional-del-globo-2025\/#breadcrumb","itemListElement":[{"@type":"ListItem","position":1,"name":"Inicio","item":"https:\/\/nitu.mx\/"},{"@type":"ListItem","position":2,"name":"Le\u00f3n espera 400 mil asistentes al Festival Internacional del Globo 2025"}]},{"@type":"WebSite","@id":"https:\/\/nitu.mx\/#website","url":"https:\/\/nitu.mx\/","name":"Nitu - Noticias de la Industria Turistica","description":"Noticias de la Industria Turistica","publisher":{"@id":"https:\/\/nitu.mx\/#\/schema\/person\/ae7a53426417292d3dd07b45a33e01bc"},"alternateName":"Noticias de la Industria Turistica","potentialAction":[{"@type":"SearchAction","target":{"@type":"EntryPoint","urlTemplate":"https:\/\/nitu.mx\/?s={search_term_string}"},"query-input":"required name=search_term_string"}],"inLanguage":"es-MX"},{"@type":["Person","Organization"],"@id":"https:\/\/nitu.mx\/#\/schema\/person\/ae7a53426417292d3dd07b45a33e01bc","name":"Arturo Medina","image":{"@type":"ImageObject","inLanguage":"es-MX","@id":"https:\/\/nitu.mx\/#\/schema\/person\/image\/","url":"https:\/\/nitu.mx\/wp-content\/uploads\/2024\/04\/4A315622-1904-4D5C-B022-878CDC840E04-90x90-1.jpeg","contentUrl":"https:\/\/nitu.mx\/wp-content\/uploads\/2024\/04\/4A315622-1904-4D5C-B022-878CDC840E04-90x90-1.jpeg","width":90,"height":90,"caption":"Arturo Medina"},"logo":{"@id":"https:\/\/nitu.mx\/#\/schema\/person\/image\/"},"description":"Director NITU.mx, Egresado de la Escuela de Periodismo Carlos Septi\u00e9n Garc\u00eda. Periodista y analista especializado en turismo desde hace 35 a\u00f1os, radicado en Canc\u00fan Q.Roo. arturo@nitu.mx","sameAs":["https:\/\/nitu.mx","https:\/\/www.facebook.com\/NITUmx\/","medinacancun","https:\/\/twitter.com\/@Arturo_Medina_G"]},{"@type":"Person","@id":"https:\/\/nitu.mx\/#\/schema\/person\/3df3082b5e46037e3f13614d28ee0b77","name":"Guadalupe Sixto","image":{"@type":"ImageObject","inLanguage":"es-MX","@id":"https:\/\/nitu.mx\/#\/schema\/person\/image\/","url":"https:\/\/secure.gravatar.com\/avatar\/13914e1b0e1919e91f9539de4dc584c4?s=96&d=mm&r=g","contentUrl":"https:\/\/secure.gravatar.com\/avatar\/13914e1b0e1919e91f9539de4dc584c4?s=96&d=mm&r=g","caption":"Guadalupe Sixto"},"url":"https:\/\/nitu.mx\/index.php\/author\/gsixto\/"}]}},"views":624,"_links":{"self":[{"href":"https:\/\/nitu.mx\/index.php\/wp-json\/wp\/v2\/posts\/83969"}],"collection":[{"href":"https:\/\/nitu.mx\/index.php\/wp-json\/wp\/v2\/posts"}],"about":[{"href":"https:\/\/nitu.mx\/index.php\/wp-json\/wp\/v2\/types\/post"}],"author":[{"embeddable":true,"href":"https:\/\/nitu.mx\/index.php\/wp-json\/wp\/v2\/users\/18"}],"replies":[{"embeddable":true,"href":"https:\/\/nitu.mx\/index.php\/wp-json\/wp\/v2\/comments?post=83969"}],"version-history":[{"count":1,"href":"https:\/\/nitu.mx\/index.php\/wp-json\/wp\/v2\/posts\/83969\/revisions"}],"predecessor-version":[{"id":83972,"href":"https:\/\/nitu.mx\/index.php\/wp-json\/wp\/v2\/posts\/83969\/revisions\/83972"}],"wp:featuredmedia":[{"embeddable":true,"href":"https:\/\/nitu.mx\/index.php\/wp-json\/wp\/v2\/media\/83971"}],"wp:attachment":[{"href":"https:\/\/nitu.mx\/index.php\/wp-json\/wp\/v2\/media?parent=83969"}],"wp:term":[{"taxonomy":"category","embeddable":true,"href":"https:\/\/nitu.mx\/index.php\/wp-json\/wp\/v2\/categories?post=83969"},{"taxonomy":"post_tag","embeddable":true,"href":"https:\/\/nitu.mx\/index.php\/wp-json\/wp\/v2\/tags?post=83969"}],"curies":[{"name":"wp","href":"https:\/\/api.w.org\/{rel}","templated":true}]}}