{"id":83966,"date":"2025-10-14T21:11:02","date_gmt":"2025-10-15T03:11:02","guid":{"rendered":"https:\/\/nitu.mx\/?p=83966"},"modified":"2025-10-14T21:11:03","modified_gmt":"2025-10-15T03:11:03","slug":"iberia-volara-de-madrid-a-monterrey-desde-junio-de-2026","status":"publish","type":"post","link":"https:\/\/nitu.mx\/index.php\/2025\/10\/14\/iberia-volara-de-madrid-a-monterrey-desde-junio-de-2026\/","title":{"rendered":"Iberia volar\u00e1 de Madrid a Monterrey desde junio de 2026"},"content":{"rendered":"\n<p>Iberia, la aerol\u00ednea l\u00edder del mercado entre Europa y Las Am\u00e9ricas, volar\u00e1 a la ciudad de Monterrey desde el 2 de junio de 2026 y elevar\u00e1 a 800 mil asientos anuales la conexi\u00f3n entre Espa\u00f1a y M\u00e9xico.<\/p>\n\n\n\n<p>Los vuelos directos entre Madrid y Monterrey comenzar\u00e1n a operar con tres frecuencias a la semana, los martes, viernes y s\u00e1bados. Iberia volar\u00e1 la ruta con un Airbus A330-200, con capacidad para 288 pasajeros distribuidos en las clases Business y Turista.<\/p>\n\n\n\n<p>Los vuelos de Iberia saldr\u00e1n de la terminal A del Aeropuerto Internacional de Monterrey.<\/p>\n\n\n\n<p>\u201cReforzamos nuestra apuesta por un mercado tan importante, estrat\u00e9gico y querido como es el mexicano. Esto, sumado a los tres vuelos diarios que tenemos con Ciudad de M\u00e9xico, nos permitir\u00e1 contar con m\u00e1s de 800 mil asientos conectando ambos pa\u00edses, una cifra hist\u00f3rica en la ya larga historia entre Iberia y el mercado mexicano\u201d, asegur\u00f3 Mar\u00eda Jes\u00fas L\u00f3pez Sol\u00e1s, directora Comercial, de Clientes, Red y Alianzas de Iberia.<\/p>\n\n\n\n<p>Seg\u00fan la empresa, la ruta tambi\u00e9n operar\u00e1 en la temporada de invierno. (<a href=\"https:\/\/nitu.mx\/index.php\/2025\/09\/16\/iberia-prepara-un-invierno-con-nuevas-rutas-y-mas-frecuencias-en-america\/\">Iberia prepara un invierno con nuevas rutas y m\u00e1s frecuencias en Am\u00e9rica<\/a>).<\/p>\n","protected":false},"excerpt":{"rendered":"<p>Iberia, la aerol\u00ednea l\u00edder del mercado entre Europa y Las Am\u00e9ricas, volar\u00e1 a la ciudad de Monterrey desde el 2 de junio de 2026 y elevar\u00e1 a 800 mil asientos anuales la conexi\u00f3n entre Espa\u00f1a y M\u00e9xico. Los vuelos directos entre Madrid y Monterrey comenzar\u00e1n a operar con tres frecuencias a la semana, los martes, [&hellip;]<\/p>\n","protected":false},"author":17,"featured_media":56021,"comment_status":"closed","ping_status":"closed","sticky":false,"template":"","format":"standard","meta":{"footnotes":""},"categories":[29],"tags":[1304,126,491],"yoast_head":"<!-- This site is optimized with the Yoast SEO plugin v22.2 - https:\/\/yoast.com\/wordpress\/plugins\/seo\/ -->\n<title>Iberia volar\u00e1 de Madrid a Monterrey desde junio de 2026 - Nitu - Noticias de la Industria Turistica<\/title>\n<meta name=\"robots\" content=\"index, follow, max-snippet:-1, max-image-preview:large, max-video-preview:-1\" \/>\n<link rel=\"canonical\" href=\"https:\/\/nitu.mx\/index.php\/2025\/10\/14\/iberia-volara-de-madrid-a-monterrey-desde-junio-de-2026\/\" \/>\n<meta name=\"twitter:card\" content=\"summary_large_image\" \/>\n<meta name=\"twitter:title\" content=\"Iberia volar\u00e1 de Madrid a Monterrey desde junio de 2026 - Nitu - Noticias de la Industria Turistica\" \/>\n<meta name=\"twitter:description\" content=\"Iberia, la aerol\u00ednea l\u00edder del mercado entre Europa y Las Am\u00e9ricas, volar\u00e1 a la ciudad de Monterrey desde el 2 de junio de 2026 y elevar\u00e1 a 800 mil asientos anuales la conexi\u00f3n entre Espa\u00f1a y M\u00e9xico. Los vuelos directos entre Madrid y Monterrey comenzar\u00e1n a operar con tres frecuencias a la semana, los martes, [&hellip;]\" \/>\n<meta name=\"twitter:image\" content=\"https:\/\/nitu.mx\/wp-content\/uploads\/2021\/10\/Iberia-vuelos-invierno-2.jpg\" \/>\n<meta name=\"twitter:creator\" content=\"@NITUmx\" \/>\n<meta name=\"twitter:site\" content=\"@Arturo_Medina_G\" \/>\n<meta name=\"twitter:label1\" content=\"Escrito por\" \/>\n\t<meta name=\"twitter:data1\" content=\"Redacci\u00f3n\" \/>\n\t<meta name=\"twitter:label2\" content=\"Tiempo de lectura\" \/>\n\t<meta name=\"twitter:data2\" content=\"1 minuto\" \/>\n<script type=\"application\/ld+json\" class=\"yoast-schema-graph\">{\"@context\":\"https:\/\/schema.org\",\"@graph\":[{\"@type\":\"Article\",\"@id\":\"https:\/\/nitu.mx\/index.php\/2025\/10\/14\/iberia-volara-de-madrid-a-monterrey-desde-junio-de-2026\/#article\",\"isPartOf\":{\"@id\":\"https:\/\/nitu.mx\/index.php\/2025\/10\/14\/iberia-volara-de-madrid-a-monterrey-desde-junio-de-2026\/\"},\"author\":{\"name\":\"Redacci\u00f3n\",\"@id\":\"https:\/\/nitu.mx\/#\/schema\/person\/4a28fe9bd65924f7c90623773daf1b0b\"},\"headline\":\"Iberia volar\u00e1 de Madrid a Monterrey desde junio de 2026\",\"datePublished\":\"2025-10-15T03:11:02+00:00\",\"dateModified\":\"2025-10-15T03:11:03+00:00\",\"mainEntityOfPage\":{\"@id\":\"https:\/\/nitu.mx\/index.php\/2025\/10\/14\/iberia-volara-de-madrid-a-monterrey-desde-junio-de-2026\/\"},\"wordCount\":211,\"publisher\":{\"@id\":\"https:\/\/nitu.mx\/#\/schema\/person\/ae7a53426417292d3dd07b45a33e01bc\"},\"image\":{\"@id\":\"https:\/\/nitu.mx\/index.php\/2025\/10\/14\/iberia-volara-de-madrid-a-monterrey-desde-junio-de-2026\/#primaryimage\"},\"thumbnailUrl\":\"https:\/\/nitu.mx\/wp-content\/uploads\/2021\/10\/Iberia-vuelos-invierno-2.jpg\",\"keywords\":[\"Iberia\",\"Madrid\",\"Monterrey\"],\"articleSection\":[\"Aerol\u00edneas\"],\"inLanguage\":\"es-MX\"},{\"@type\":\"WebPage\",\"@id\":\"https:\/\/nitu.mx\/index.php\/2025\/10\/14\/iberia-volara-de-madrid-a-monterrey-desde-junio-de-2026\/\",\"url\":\"https:\/\/nitu.mx\/index.php\/2025\/10\/14\/iberia-volara-de-madrid-a-monterrey-desde-junio-de-2026\/\",\"name\":\"Iberia volar\u00e1 de Madrid a Monterrey desde junio de 2026 - Nitu - Noticias de la Industria Turistica\",\"isPartOf\":{\"@id\":\"https:\/\/nitu.mx\/#website\"},\"primaryImageOfPage\":{\"@id\":\"https:\/\/nitu.mx\/index.php\/2025\/10\/14\/iberia-volara-de-madrid-a-monterrey-desde-junio-de-2026\/#primaryimage\"},\"image\":{\"@id\":\"https:\/\/nitu.mx\/index.php\/2025\/10\/14\/iberia-volara-de-madrid-a-monterrey-desde-junio-de-2026\/#primaryimage\"},\"thumbnailUrl\":\"https:\/\/nitu.mx\/wp-content\/uploads\/2021\/10\/Iberia-vuelos-invierno-2.jpg\",\"datePublished\":\"2025-10-15T03:11:02+00:00\",\"dateModified\":\"2025-10-15T03:11:03+00:00\",\"breadcrumb\":{\"@id\":\"https:\/\/nitu.mx\/index.php\/2025\/10\/14\/iberia-volara-de-madrid-a-monterrey-desde-junio-de-2026\/#breadcrumb\"},\"inLanguage\":\"es-MX\",\"potentialAction\":[{\"@type\":\"ReadAction\",\"target\":[\"https:\/\/nitu.mx\/index.php\/2025\/10\/14\/iberia-volara-de-madrid-a-monterrey-desde-junio-de-2026\/\"]}]},{\"@type\":\"ImageObject\",\"inLanguage\":\"es-MX\",\"@id\":\"https:\/\/nitu.mx\/index.php\/2025\/10\/14\/iberia-volara-de-madrid-a-monterrey-desde-junio-de-2026\/#primaryimage\",\"url\":\"https:\/\/nitu.mx\/wp-content\/uploads\/2021\/10\/Iberia-vuelos-invierno-2.jpg\",\"contentUrl\":\"https:\/\/nitu.mx\/wp-content\/uploads\/2021\/10\/Iberia-vuelos-invierno-2.jpg\",\"width\":1200,\"height\":675,\"caption\":\"Iberia\"},{\"@type\":\"BreadcrumbList\",\"@id\":\"https:\/\/nitu.mx\/index.php\/2025\/10\/14\/iberia-volara-de-madrid-a-monterrey-desde-junio-de-2026\/#breadcrumb\",\"itemListElement\":[{\"@type\":\"ListItem\",\"position\":1,\"name\":\"Inicio\",\"item\":\"https:\/\/nitu.mx\/\"},{\"@type\":\"ListItem\",\"position\":2,\"name\":\"Iberia volar\u00e1 de Madrid a Monterrey desde junio de 2026\"}]},{\"@type\":\"WebSite\",\"@id\":\"https:\/\/nitu.mx\/#website\",\"url\":\"https:\/\/nitu.mx\/\",\"name\":\"Nitu - Noticias de la Industria Turistica\",\"description\":\"Noticias de la Industria Turistica\",\"publisher\":{\"@id\":\"https:\/\/nitu.mx\/#\/schema\/person\/ae7a53426417292d3dd07b45a33e01bc\"},\"alternateName\":\"Noticias de la Industria Turistica\",\"potentialAction\":[{\"@type\":\"SearchAction\",\"target\":{\"@type\":\"EntryPoint\",\"urlTemplate\":\"https:\/\/nitu.mx\/?s={search_term_string}\"},\"query-input\":\"required name=search_term_string\"}],\"inLanguage\":\"es-MX\"},{\"@type\":[\"Person\",\"Organization\"],\"@id\":\"https:\/\/nitu.mx\/#\/schema\/person\/ae7a53426417292d3dd07b45a33e01bc\",\"name\":\"Arturo Medina\",\"image\":{\"@type\":\"ImageObject\",\"inLanguage\":\"es-MX\",\"@id\":\"https:\/\/nitu.mx\/#\/schema\/person\/image\/\",\"url\":\"https:\/\/nitu.mx\/wp-content\/uploads\/2024\/04\/4A315622-1904-4D5C-B022-878CDC840E04-90x90-1.jpeg\",\"contentUrl\":\"https:\/\/nitu.mx\/wp-content\/uploads\/2024\/04\/4A315622-1904-4D5C-B022-878CDC840E04-90x90-1.jpeg\",\"width\":90,\"height\":90,\"caption\":\"Arturo Medina\"},\"logo\":{\"@id\":\"https:\/\/nitu.mx\/#\/schema\/person\/image\/\"},\"description\":\"Director NITU.mx, Egresado de la Escuela de Periodismo Carlos Septi\u00e9n Garc\u00eda. Periodista y analista especializado en turismo desde hace 35 a\u00f1os, radicado en Canc\u00fan Q.Roo. arturo@nitu.mx\",\"sameAs\":[\"https:\/\/nitu.mx\",\"https:\/\/www.facebook.com\/NITUmx\/\",\"medinacancun\",\"https:\/\/twitter.com\/@Arturo_Medina_G\"]},{\"@type\":\"Person\",\"@id\":\"https:\/\/nitu.mx\/#\/schema\/person\/4a28fe9bd65924f7c90623773daf1b0b\",\"name\":\"Redacci\u00f3n\",\"image\":{\"@type\":\"ImageObject\",\"inLanguage\":\"es-MX\",\"@id\":\"https:\/\/nitu.mx\/#\/schema\/person\/image\/\",\"url\":\"https:\/\/secure.gravatar.com\/avatar\/5dd011c8ccfc5cd7e4c81e42252aab38?s=96&d=mm&r=g\",\"contentUrl\":\"https:\/\/secure.gravatar.com\/avatar\/5dd011c8ccfc5cd7e4c81e42252aab38?s=96&d=mm&r=g\",\"caption\":\"Redacci\u00f3n\"},\"url\":\"https:\/\/nitu.mx\/index.php\/author\/redaccion\/\"}]}<\/script>\n<!-- \/ Yoast SEO plugin. -->","yoast_head_json":{"title":"Iberia volar\u00e1 de Madrid a Monterrey desde junio de 2026 - Nitu - Noticias de la Industria Turistica","robots":{"index":"index","follow":"follow","max-snippet":"max-snippet:-1","max-image-preview":"max-image-preview:large","max-video-preview":"max-video-preview:-1"},"canonical":"https:\/\/nitu.mx\/index.php\/2025\/10\/14\/iberia-volara-de-madrid-a-monterrey-desde-junio-de-2026\/","twitter_card":"summary_large_image","twitter_title":"Iberia volar\u00e1 de Madrid a Monterrey desde junio de 2026 - Nitu - Noticias de la Industria Turistica","twitter_description":"Iberia, la aerol\u00ednea l\u00edder del mercado entre Europa y Las Am\u00e9ricas, volar\u00e1 a la ciudad de Monterrey desde el 2 de junio de 2026 y elevar\u00e1 a 800 mil asientos anuales la conexi\u00f3n entre Espa\u00f1a y M\u00e9xico. Los vuelos directos entre Madrid y Monterrey comenzar\u00e1n a operar con tres frecuencias a la semana, los martes, [&hellip;]","twitter_image":"https:\/\/nitu.mx\/wp-content\/uploads\/2021\/10\/Iberia-vuelos-invierno-2.jpg","twitter_creator":"@NITUmx","twitter_site":"@Arturo_Medina_G","twitter_misc":{"Escrito por":"Redacci\u00f3n","Tiempo de lectura":"1 minuto"},"schema":{"@context":"https:\/\/schema.org","@graph":[{"@type":"Article","@id":"https:\/\/nitu.mx\/index.php\/2025\/10\/14\/iberia-volara-de-madrid-a-monterrey-desde-junio-de-2026\/#article","isPartOf":{"@id":"https:\/\/nitu.mx\/index.php\/2025\/10\/14\/iberia-volara-de-madrid-a-monterrey-desde-junio-de-2026\/"},"author":{"name":"Redacci\u00f3n","@id":"https:\/\/nitu.mx\/#\/schema\/person\/4a28fe9bd65924f7c90623773daf1b0b"},"headline":"Iberia volar\u00e1 de Madrid a Monterrey desde junio de 2026","datePublished":"2025-10-15T03:11:02+00:00","dateModified":"2025-10-15T03:11:03+00:00","mainEntityOfPage":{"@id":"https:\/\/nitu.mx\/index.php\/2025\/10\/14\/iberia-volara-de-madrid-a-monterrey-desde-junio-de-2026\/"},"wordCount":211,"publisher":{"@id":"https:\/\/nitu.mx\/#\/schema\/person\/ae7a53426417292d3dd07b45a33e01bc"},"image":{"@id":"https:\/\/nitu.mx\/index.php\/2025\/10\/14\/iberia-volara-de-madrid-a-monterrey-desde-junio-de-2026\/#primaryimage"},"thumbnailUrl":"https:\/\/nitu.mx\/wp-content\/uploads\/2021\/10\/Iberia-vuelos-invierno-2.jpg","keywords":["Iberia","Madrid","Monterrey"],"articleSection":["Aerol\u00edneas"],"inLanguage":"es-MX"},{"@type":"WebPage","@id":"https:\/\/nitu.mx\/index.php\/2025\/10\/14\/iberia-volara-de-madrid-a-monterrey-desde-junio-de-2026\/","url":"https:\/\/nitu.mx\/index.php\/2025\/10\/14\/iberia-volara-de-madrid-a-monterrey-desde-junio-de-2026\/","name":"Iberia volar\u00e1 de Madrid a Monterrey desde junio de 2026 - Nitu - Noticias de la Industria Turistica","isPartOf":{"@id":"https:\/\/nitu.mx\/#website"},"primaryImageOfPage":{"@id":"https:\/\/nitu.mx\/index.php\/2025\/10\/14\/iberia-volara-de-madrid-a-monterrey-desde-junio-de-2026\/#primaryimage"},"image":{"@id":"https:\/\/nitu.mx\/index.php\/2025\/10\/14\/iberia-volara-de-madrid-a-monterrey-desde-junio-de-2026\/#primaryimage"},"thumbnailUrl":"https:\/\/nitu.mx\/wp-content\/uploads\/2021\/10\/Iberia-vuelos-invierno-2.jpg","datePublished":"2025-10-15T03:11:02+00:00","dateModified":"2025-10-15T03:11:03+00:00","breadcrumb":{"@id":"https:\/\/nitu.mx\/index.php\/2025\/10\/14\/iberia-volara-de-madrid-a-monterrey-desde-junio-de-2026\/#breadcrumb"},"inLanguage":"es-MX","potentialAction":[{"@type":"ReadAction","target":["https:\/\/nitu.mx\/index.php\/2025\/10\/14\/iberia-volara-de-madrid-a-monterrey-desde-junio-de-2026\/"]}]},{"@type":"ImageObject","inLanguage":"es-MX","@id":"https:\/\/nitu.mx\/index.php\/2025\/10\/14\/iberia-volara-de-madrid-a-monterrey-desde-junio-de-2026\/#primaryimage","url":"https:\/\/nitu.mx\/wp-content\/uploads\/2021\/10\/Iberia-vuelos-invierno-2.jpg","contentUrl":"https:\/\/nitu.mx\/wp-content\/uploads\/2021\/10\/Iberia-vuelos-invierno-2.jpg","width":1200,"height":675,"caption":"Iberia"},{"@type":"BreadcrumbList","@id":"https:\/\/nitu.mx\/index.php\/2025\/10\/14\/iberia-volara-de-madrid-a-monterrey-desde-junio-de-2026\/#breadcrumb","itemListElement":[{"@type":"ListItem","position":1,"name":"Inicio","item":"https:\/\/nitu.mx\/"},{"@type":"ListItem","position":2,"name":"Iberia volar\u00e1 de Madrid a Monterrey desde junio de 2026"}]},{"@type":"WebSite","@id":"https:\/\/nitu.mx\/#website","url":"https:\/\/nitu.mx\/","name":"Nitu - Noticias de la Industria Turistica","description":"Noticias de la Industria Turistica","publisher":{"@id":"https:\/\/nitu.mx\/#\/schema\/person\/ae7a53426417292d3dd07b45a33e01bc"},"alternateName":"Noticias de la Industria Turistica","potentialAction":[{"@type":"SearchAction","target":{"@type":"EntryPoint","urlTemplate":"https:\/\/nitu.mx\/?s={search_term_string}"},"query-input":"required name=search_term_string"}],"inLanguage":"es-MX"},{"@type":["Person","Organization"],"@id":"https:\/\/nitu.mx\/#\/schema\/person\/ae7a53426417292d3dd07b45a33e01bc","name":"Arturo Medina","image":{"@type":"ImageObject","inLanguage":"es-MX","@id":"https:\/\/nitu.mx\/#\/schema\/person\/image\/","url":"https:\/\/nitu.mx\/wp-content\/uploads\/2024\/04\/4A315622-1904-4D5C-B022-878CDC840E04-90x90-1.jpeg","contentUrl":"https:\/\/nitu.mx\/wp-content\/uploads\/2024\/04\/4A315622-1904-4D5C-B022-878CDC840E04-90x90-1.jpeg","width":90,"height":90,"caption":"Arturo Medina"},"logo":{"@id":"https:\/\/nitu.mx\/#\/schema\/person\/image\/"},"description":"Director NITU.mx, Egresado de la Escuela de Periodismo Carlos Septi\u00e9n Garc\u00eda. Periodista y analista especializado en turismo desde hace 35 a\u00f1os, radicado en Canc\u00fan Q.Roo. arturo@nitu.mx","sameAs":["https:\/\/nitu.mx","https:\/\/www.facebook.com\/NITUmx\/","medinacancun","https:\/\/twitter.com\/@Arturo_Medina_G"]},{"@type":"Person","@id":"https:\/\/nitu.mx\/#\/schema\/person\/4a28fe9bd65924f7c90623773daf1b0b","name":"Redacci\u00f3n","image":{"@type":"ImageObject","inLanguage":"es-MX","@id":"https:\/\/nitu.mx\/#\/schema\/person\/image\/","url":"https:\/\/secure.gravatar.com\/avatar\/5dd011c8ccfc5cd7e4c81e42252aab38?s=96&d=mm&r=g","contentUrl":"https:\/\/secure.gravatar.com\/avatar\/5dd011c8ccfc5cd7e4c81e42252aab38?s=96&d=mm&r=g","caption":"Redacci\u00f3n"},"url":"https:\/\/nitu.mx\/index.php\/author\/redaccion\/"}]}},"views":513,"_links":{"self":[{"href":"https:\/\/nitu.mx\/index.php\/wp-json\/wp\/v2\/posts\/83966"}],"collection":[{"href":"https:\/\/nitu.mx\/index.php\/wp-json\/wp\/v2\/posts"}],"about":[{"href":"https:\/\/nitu.mx\/index.php\/wp-json\/wp\/v2\/types\/post"}],"author":[{"embeddable":true,"href":"https:\/\/nitu.mx\/index.php\/wp-json\/wp\/v2\/users\/17"}],"replies":[{"embeddable":true,"href":"https:\/\/nitu.mx\/index.php\/wp-json\/wp\/v2\/comments?post=83966"}],"version-history":[{"count":1,"href":"https:\/\/nitu.mx\/index.php\/wp-json\/wp\/v2\/posts\/83966\/revisions"}],"predecessor-version":[{"id":83968,"href":"https:\/\/nitu.mx\/index.php\/wp-json\/wp\/v2\/posts\/83966\/revisions\/83968"}],"wp:featuredmedia":[{"embeddable":true,"href":"https:\/\/nitu.mx\/index.php\/wp-json\/wp\/v2\/media\/56021"}],"wp:attachment":[{"href":"https:\/\/nitu.mx\/index.php\/wp-json\/wp\/v2\/media?parent=83966"}],"wp:term":[{"taxonomy":"category","embeddable":true,"href":"https:\/\/nitu.mx\/index.php\/wp-json\/wp\/v2\/categories?post=83966"},{"taxonomy":"post_tag","embeddable":true,"href":"https:\/\/nitu.mx\/index.php\/wp-json\/wp\/v2\/tags?post=83966"}],"curies":[{"name":"wp","href":"https:\/\/api.w.org\/{rel}","templated":true}]}}