{"id":83961,"date":"2025-10-14T19:26:46","date_gmt":"2025-10-15T01:26:46","guid":{"rendered":"https:\/\/nitu.mx\/?p=83961"},"modified":"2025-10-14T19:26:47","modified_gmt":"2025-10-15T01:26:47","slug":"puebla-gana-la-sede-para-el-tianguis-turistico-mexico-2027","status":"publish","type":"post","link":"https:\/\/nitu.mx\/index.php\/2025\/10\/14\/puebla-gana-la-sede-para-el-tianguis-turistico-mexico-2027\/","title":{"rendered":"Puebla gana la sede para el Tianguis Tur\u00edstico M\u00e9xico 2027"},"content":{"rendered":"\n<p>La secretaria de Turismo federal,\u00a0Josefina Rodr\u00edguez Zamora, anunci\u00f3 que Puebla ser\u00e1 la sede del\u00a0Tianguis Tur\u00edstico M\u00e9xico 2027, el evento m\u00e1s importante del sector en el pa\u00eds, tras un proceso de selecci\u00f3n t\u00e9cnico y transparente realizado por el Comit\u00e9 de Selecci\u00f3n.<\/p>\n\n\n\n<p>Durante el anuncio, la titular de la Sectur destac\u00f3 que la decisi\u00f3n fue un\u00e1nime y posterior a\u00a0un an\u00e1lisis detallado de las propuestas recibidas.<\/p>\n\n\n\n<p>\u201cDespu\u00e9s de un an\u00e1lisis t\u00e9cnico, documentado y muy riguroso para seleccionar la sede, llegamos a la conclusi\u00f3n, de manera un\u00e1nime, que el ganador para el\u00a0Tianguis Tur\u00edstico 2027\u00a0ser\u00e1 el estado de\u00a0Puebla.\u00a0Prep\u00e1rense para recibir a los 32 estados y a m\u00e1s de 45 pa\u00edses que nos visitar\u00e1n en 2027. Enhorabuena y muchas felicidades\u201d, expres\u00f3 la secretaria. <\/p>\n\n\n\n<p>La convocatoria para definir la sede del Tianguis Tur\u00edstico 2027 se public\u00f3 en el Diario Oficial de la Federaci\u00f3n el 18 de agosto, otorgando un plazo de 30 d\u00edas naturales para que las entidades federativas presentar\u00e1n sus propuestas, mismas que se recibieron hasta el 17 de septiembre. (<a href=\"https:\/\/nitu.mx\/index.php\/2025\/08\/18\/sectur-lanza-convocatoria-para-sede-del-tianguis-turistico-2027\/\">Sectur lanza convocatoria para la sede del Tianguis Tur\u00edstico 2027<\/a>).<\/p>\n\n\n\n<p>En total, cinco estados respondieron a la convocatoria: Ciudad de M\u00e9xico, Guanajuato, Nuevo Le\u00f3n, Puebla y Veracruz.<\/p>\n\n\n\n<p>El Comit\u00e9 de Selecci\u00f3n determin\u00f3 otorgar la sede a Puebla por la calidad de sus instalaciones, su conectividad, la oferta de servicios tur\u00edsticos, los compromisos asumidos por la entidad y los apoyos complementarios incluidos en su propuesta, por lo que ser\u00e1 la primera entidad que repite como sede del Tianguis Tur\u00edstico, desde que este evento inici\u00f3 su itinerancia en 2012, al salir de Acapulco, Guerrero, puerto que lo vio nacer hace 50 a\u00f1os.<\/p>\n\n\n\n<p>La titular de la Sectur estuvo acompa\u00f1ada por la subsecretaria de Turismo,\u00a0Nathalie Desplas Puel; el titular de la Unidad de Innovaci\u00f3n, Sustentabilidad y Profesionalizaci\u00f3n Tur\u00edstica,\u00a0Miguel Agu\u00ed\u00f1iga Rodr\u00edguez; la subdirectora de Ventas del Fondo Nacional de Fomento al Turismo (Fonatur),\u00a0Daniela D\u00e1vila Serv\u00edn; el presidente de la ASETUR y secretario de Turismo de Quintana Roo,\u00a0Bernardo Cueto Riestra; el presidente de la Confederaci\u00f3n de C\u00e1maras Nacionales de Comercio, Servicios y Turismo de M\u00e9xico (Concanaco Servytur),\u00a0Octavio de la Torre St\u00e9ffano; el presidente del Consejo Nacional Empresarial Tur\u00edstico (CNET),\u00a0Antonio Cos\u00edo Pando; la presidenta ejecutiva de la C\u00e1mara Nacional de la Industria de Restaurantes y Alimentos Condimentados (CANIRAC),\u00a0Claudia Ram\u00edrez del Palacio; el presidente de la Asociaci\u00f3n Mexicana de Hoteles y Moteles (AMHM),\u00a0Miguel \u00c1ngel Fong Gonz\u00e1lez; el presidente de la Asociaci\u00f3n Nacional de Cadenas Hoteleras (ANCH),\u00a0Jorge Paoli D\u00edaz; la consejera y gerente senior de Asuntos P\u00fablicos de Aerom\u00e9xico y de la C\u00e1mara Nacional de Aerotransportes (CANAERO),\u00a0Alejandra Reyes; el vicepresidente de Turismo de la C\u00e1mara Nacional del Autotransporte de Pasaje y Turismo (CANAPAT),\u00a0Jos\u00e9 Manuel de Alba; y el vicepresidente de Turismo de la Asociaci\u00f3n Mexicana de Agencias de Viajes (AMAV),\u00a0Jos\u00e9 Vicente Morales. (<a href=\"https:\/\/nitu.mx\/index.php\/2025\/09\/28\/tianguis-turistico-en-china-mexico-reune-a-400-tour-operadores-del-gigante-asiatico\/\">Tianguis Tur\u00edstico en China: M\u00e9xico re\u00fane a 400 tour operadores del gigante asi\u00e1tico<\/a>).<\/p>\n","protected":false},"excerpt":{"rendered":"<p>La secretaria de Turismo federal,\u00a0Josefina Rodr\u00edguez Zamora, anunci\u00f3 que Puebla ser\u00e1 la sede del\u00a0Tianguis Tur\u00edstico M\u00e9xico 2027, el evento m\u00e1s importante del sector en el pa\u00eds, tras un proceso de selecci\u00f3n t\u00e9cnico y transparente realizado por el Comit\u00e9 de Selecci\u00f3n. Durante el anuncio, la titular de la Sectur destac\u00f3 que la decisi\u00f3n fue un\u00e1nime y [&hellip;]<\/p>\n","protected":false},"author":17,"featured_media":83964,"comment_status":"closed","ping_status":"closed","sticky":false,"template":"","format":"standard","meta":{"footnotes":""},"categories":[23336],"tags":[25659,62,93,1064],"yoast_head":"<!-- This site is optimized with the Yoast SEO plugin v22.2 - https:\/\/yoast.com\/wordpress\/plugins\/seo\/ -->\n<title>Puebla gana la sede para el Tianguis Tur\u00edstico M\u00e9xico 2027 - Nitu - Noticias de la Industria Turistica<\/title>\n<meta name=\"robots\" content=\"index, follow, max-snippet:-1, max-image-preview:large, max-video-preview:-1\" \/>\n<link rel=\"canonical\" href=\"https:\/\/nitu.mx\/index.php\/2025\/10\/14\/puebla-gana-la-sede-para-el-tianguis-turistico-mexico-2027\/\" \/>\n<meta name=\"twitter:card\" content=\"summary_large_image\" \/>\n<meta name=\"twitter:title\" content=\"Puebla gana la sede para el Tianguis Tur\u00edstico M\u00e9xico 2027 - Nitu - Noticias de la Industria Turistica\" \/>\n<meta name=\"twitter:description\" content=\"La secretaria de Turismo federal,\u00a0Josefina Rodr\u00edguez Zamora, anunci\u00f3 que Puebla ser\u00e1 la sede del\u00a0Tianguis Tur\u00edstico M\u00e9xico 2027, el evento m\u00e1s importante del sector en el pa\u00eds, tras un proceso de selecci\u00f3n t\u00e9cnico y transparente realizado por el Comit\u00e9 de Selecci\u00f3n. Durante el anuncio, la titular de la Sectur destac\u00f3 que la decisi\u00f3n fue un\u00e1nime y [&hellip;]\" \/>\n<meta name=\"twitter:image\" content=\"https:\/\/nitu.mx\/wp-content\/uploads\/2025\/10\/Tianguis-Turistico-2027-comite-de-seleccion.jpg\" \/>\n<meta name=\"twitter:creator\" content=\"@NITUmx\" \/>\n<meta name=\"twitter:site\" content=\"@Arturo_Medina_G\" \/>\n<meta name=\"twitter:label1\" content=\"Escrito por\" \/>\n\t<meta name=\"twitter:data1\" content=\"Redacci\u00f3n\" \/>\n\t<meta name=\"twitter:label2\" content=\"Tiempo de lectura\" \/>\n\t<meta name=\"twitter:data2\" content=\"3 minutos\" \/>\n<script type=\"application\/ld+json\" class=\"yoast-schema-graph\">{\"@context\":\"https:\/\/schema.org\",\"@graph\":[{\"@type\":\"Article\",\"@id\":\"https:\/\/nitu.mx\/index.php\/2025\/10\/14\/puebla-gana-la-sede-para-el-tianguis-turistico-mexico-2027\/#article\",\"isPartOf\":{\"@id\":\"https:\/\/nitu.mx\/index.php\/2025\/10\/14\/puebla-gana-la-sede-para-el-tianguis-turistico-mexico-2027\/\"},\"author\":{\"name\":\"Redacci\u00f3n\",\"@id\":\"https:\/\/nitu.mx\/#\/schema\/person\/4a28fe9bd65924f7c90623773daf1b0b\"},\"headline\":\"Puebla gana la sede para el Tianguis Tur\u00edstico M\u00e9xico 2027\",\"datePublished\":\"2025-10-15T01:26:46+00:00\",\"dateModified\":\"2025-10-15T01:26:47+00:00\",\"mainEntityOfPage\":{\"@id\":\"https:\/\/nitu.mx\/index.php\/2025\/10\/14\/puebla-gana-la-sede-para-el-tianguis-turistico-mexico-2027\/\"},\"wordCount\":539,\"publisher\":{\"@id\":\"https:\/\/nitu.mx\/#\/schema\/person\/ae7a53426417292d3dd07b45a33e01bc\"},\"image\":{\"@id\":\"https:\/\/nitu.mx\/index.php\/2025\/10\/14\/puebla-gana-la-sede-para-el-tianguis-turistico-mexico-2027\/#primaryimage\"},\"thumbnailUrl\":\"https:\/\/nitu.mx\/wp-content\/uploads\/2025\/10\/Tianguis-Turistico-2027-comite-de-seleccion.jpg\",\"keywords\":[\"Josefina Rodr\u00edguez\",\"Puebla\",\"Sectur\",\"Tianguis Tur\u00edstico\"],\"articleSection\":[\"Tianguis Tur\u00edstico\"],\"inLanguage\":\"es-MX\"},{\"@type\":\"WebPage\",\"@id\":\"https:\/\/nitu.mx\/index.php\/2025\/10\/14\/puebla-gana-la-sede-para-el-tianguis-turistico-mexico-2027\/\",\"url\":\"https:\/\/nitu.mx\/index.php\/2025\/10\/14\/puebla-gana-la-sede-para-el-tianguis-turistico-mexico-2027\/\",\"name\":\"Puebla gana la sede para el Tianguis Tur\u00edstico M\u00e9xico 2027 - Nitu - Noticias de la Industria Turistica\",\"isPartOf\":{\"@id\":\"https:\/\/nitu.mx\/#website\"},\"primaryImageOfPage\":{\"@id\":\"https:\/\/nitu.mx\/index.php\/2025\/10\/14\/puebla-gana-la-sede-para-el-tianguis-turistico-mexico-2027\/#primaryimage\"},\"image\":{\"@id\":\"https:\/\/nitu.mx\/index.php\/2025\/10\/14\/puebla-gana-la-sede-para-el-tianguis-turistico-mexico-2027\/#primaryimage\"},\"thumbnailUrl\":\"https:\/\/nitu.mx\/wp-content\/uploads\/2025\/10\/Tianguis-Turistico-2027-comite-de-seleccion.jpg\",\"datePublished\":\"2025-10-15T01:26:46+00:00\",\"dateModified\":\"2025-10-15T01:26:47+00:00\",\"breadcrumb\":{\"@id\":\"https:\/\/nitu.mx\/index.php\/2025\/10\/14\/puebla-gana-la-sede-para-el-tianguis-turistico-mexico-2027\/#breadcrumb\"},\"inLanguage\":\"es-MX\",\"potentialAction\":[{\"@type\":\"ReadAction\",\"target\":[\"https:\/\/nitu.mx\/index.php\/2025\/10\/14\/puebla-gana-la-sede-para-el-tianguis-turistico-mexico-2027\/\"]}]},{\"@type\":\"ImageObject\",\"inLanguage\":\"es-MX\",\"@id\":\"https:\/\/nitu.mx\/index.php\/2025\/10\/14\/puebla-gana-la-sede-para-el-tianguis-turistico-mexico-2027\/#primaryimage\",\"url\":\"https:\/\/nitu.mx\/wp-content\/uploads\/2025\/10\/Tianguis-Turistico-2027-comite-de-seleccion.jpg\",\"contentUrl\":\"https:\/\/nitu.mx\/wp-content\/uploads\/2025\/10\/Tianguis-Turistico-2027-comite-de-seleccion.jpg\",\"width\":1200,\"height\":675,\"caption\":\"Tianguis Tur\u00edstico 2027 comit\u00e9 de selecci\u00f3n\"},{\"@type\":\"BreadcrumbList\",\"@id\":\"https:\/\/nitu.mx\/index.php\/2025\/10\/14\/puebla-gana-la-sede-para-el-tianguis-turistico-mexico-2027\/#breadcrumb\",\"itemListElement\":[{\"@type\":\"ListItem\",\"position\":1,\"name\":\"Inicio\",\"item\":\"https:\/\/nitu.mx\/\"},{\"@type\":\"ListItem\",\"position\":2,\"name\":\"Puebla gana la sede para el Tianguis Tur\u00edstico M\u00e9xico 2027\"}]},{\"@type\":\"WebSite\",\"@id\":\"https:\/\/nitu.mx\/#website\",\"url\":\"https:\/\/nitu.mx\/\",\"name\":\"Nitu - Noticias de la Industria Turistica\",\"description\":\"Noticias de la Industria Turistica\",\"publisher\":{\"@id\":\"https:\/\/nitu.mx\/#\/schema\/person\/ae7a53426417292d3dd07b45a33e01bc\"},\"alternateName\":\"Noticias de la Industria Turistica\",\"potentialAction\":[{\"@type\":\"SearchAction\",\"target\":{\"@type\":\"EntryPoint\",\"urlTemplate\":\"https:\/\/nitu.mx\/?s={search_term_string}\"},\"query-input\":\"required name=search_term_string\"}],\"inLanguage\":\"es-MX\"},{\"@type\":[\"Person\",\"Organization\"],\"@id\":\"https:\/\/nitu.mx\/#\/schema\/person\/ae7a53426417292d3dd07b45a33e01bc\",\"name\":\"Arturo Medina\",\"image\":{\"@type\":\"ImageObject\",\"inLanguage\":\"es-MX\",\"@id\":\"https:\/\/nitu.mx\/#\/schema\/person\/image\/\",\"url\":\"https:\/\/nitu.mx\/wp-content\/uploads\/2024\/04\/4A315622-1904-4D5C-B022-878CDC840E04-90x90-1.jpeg\",\"contentUrl\":\"https:\/\/nitu.mx\/wp-content\/uploads\/2024\/04\/4A315622-1904-4D5C-B022-878CDC840E04-90x90-1.jpeg\",\"width\":90,\"height\":90,\"caption\":\"Arturo Medina\"},\"logo\":{\"@id\":\"https:\/\/nitu.mx\/#\/schema\/person\/image\/\"},\"description\":\"Director NITU.mx, Egresado de la Escuela de Periodismo Carlos Septi\u00e9n Garc\u00eda. Periodista y analista especializado en turismo desde hace 35 a\u00f1os, radicado en Canc\u00fan Q.Roo. arturo@nitu.mx\",\"sameAs\":[\"https:\/\/nitu.mx\",\"https:\/\/www.facebook.com\/NITUmx\/\",\"medinacancun\",\"https:\/\/twitter.com\/@Arturo_Medina_G\"]},{\"@type\":\"Person\",\"@id\":\"https:\/\/nitu.mx\/#\/schema\/person\/4a28fe9bd65924f7c90623773daf1b0b\",\"name\":\"Redacci\u00f3n\",\"image\":{\"@type\":\"ImageObject\",\"inLanguage\":\"es-MX\",\"@id\":\"https:\/\/nitu.mx\/#\/schema\/person\/image\/\",\"url\":\"https:\/\/secure.gravatar.com\/avatar\/5dd011c8ccfc5cd7e4c81e42252aab38?s=96&d=mm&r=g\",\"contentUrl\":\"https:\/\/secure.gravatar.com\/avatar\/5dd011c8ccfc5cd7e4c81e42252aab38?s=96&d=mm&r=g\",\"caption\":\"Redacci\u00f3n\"},\"url\":\"https:\/\/nitu.mx\/index.php\/author\/redaccion\/\"}]}<\/script>\n<!-- \/ Yoast SEO plugin. -->","yoast_head_json":{"title":"Puebla gana la sede para el Tianguis Tur\u00edstico M\u00e9xico 2027 - Nitu - Noticias de la Industria Turistica","robots":{"index":"index","follow":"follow","max-snippet":"max-snippet:-1","max-image-preview":"max-image-preview:large","max-video-preview":"max-video-preview:-1"},"canonical":"https:\/\/nitu.mx\/index.php\/2025\/10\/14\/puebla-gana-la-sede-para-el-tianguis-turistico-mexico-2027\/","twitter_card":"summary_large_image","twitter_title":"Puebla gana la sede para el Tianguis Tur\u00edstico M\u00e9xico 2027 - Nitu - Noticias de la Industria Turistica","twitter_description":"La secretaria de Turismo federal,\u00a0Josefina Rodr\u00edguez Zamora, anunci\u00f3 que Puebla ser\u00e1 la sede del\u00a0Tianguis Tur\u00edstico M\u00e9xico 2027, el evento m\u00e1s importante del sector en el pa\u00eds, tras un proceso de selecci\u00f3n t\u00e9cnico y transparente realizado por el Comit\u00e9 de Selecci\u00f3n. Durante el anuncio, la titular de la Sectur destac\u00f3 que la decisi\u00f3n fue un\u00e1nime y [&hellip;]","twitter_image":"https:\/\/nitu.mx\/wp-content\/uploads\/2025\/10\/Tianguis-Turistico-2027-comite-de-seleccion.jpg","twitter_creator":"@NITUmx","twitter_site":"@Arturo_Medina_G","twitter_misc":{"Escrito por":"Redacci\u00f3n","Tiempo de lectura":"3 minutos"},"schema":{"@context":"https:\/\/schema.org","@graph":[{"@type":"Article","@id":"https:\/\/nitu.mx\/index.php\/2025\/10\/14\/puebla-gana-la-sede-para-el-tianguis-turistico-mexico-2027\/#article","isPartOf":{"@id":"https:\/\/nitu.mx\/index.php\/2025\/10\/14\/puebla-gana-la-sede-para-el-tianguis-turistico-mexico-2027\/"},"author":{"name":"Redacci\u00f3n","@id":"https:\/\/nitu.mx\/#\/schema\/person\/4a28fe9bd65924f7c90623773daf1b0b"},"headline":"Puebla gana la sede para el Tianguis Tur\u00edstico M\u00e9xico 2027","datePublished":"2025-10-15T01:26:46+00:00","dateModified":"2025-10-15T01:26:47+00:00","mainEntityOfPage":{"@id":"https:\/\/nitu.mx\/index.php\/2025\/10\/14\/puebla-gana-la-sede-para-el-tianguis-turistico-mexico-2027\/"},"wordCount":539,"publisher":{"@id":"https:\/\/nitu.mx\/#\/schema\/person\/ae7a53426417292d3dd07b45a33e01bc"},"image":{"@id":"https:\/\/nitu.mx\/index.php\/2025\/10\/14\/puebla-gana-la-sede-para-el-tianguis-turistico-mexico-2027\/#primaryimage"},"thumbnailUrl":"https:\/\/nitu.mx\/wp-content\/uploads\/2025\/10\/Tianguis-Turistico-2027-comite-de-seleccion.jpg","keywords":["Josefina Rodr\u00edguez","Puebla","Sectur","Tianguis Tur\u00edstico"],"articleSection":["Tianguis Tur\u00edstico"],"inLanguage":"es-MX"},{"@type":"WebPage","@id":"https:\/\/nitu.mx\/index.php\/2025\/10\/14\/puebla-gana-la-sede-para-el-tianguis-turistico-mexico-2027\/","url":"https:\/\/nitu.mx\/index.php\/2025\/10\/14\/puebla-gana-la-sede-para-el-tianguis-turistico-mexico-2027\/","name":"Puebla gana la sede para el Tianguis Tur\u00edstico M\u00e9xico 2027 - Nitu - Noticias de la Industria Turistica","isPartOf":{"@id":"https:\/\/nitu.mx\/#website"},"primaryImageOfPage":{"@id":"https:\/\/nitu.mx\/index.php\/2025\/10\/14\/puebla-gana-la-sede-para-el-tianguis-turistico-mexico-2027\/#primaryimage"},"image":{"@id":"https:\/\/nitu.mx\/index.php\/2025\/10\/14\/puebla-gana-la-sede-para-el-tianguis-turistico-mexico-2027\/#primaryimage"},"thumbnailUrl":"https:\/\/nitu.mx\/wp-content\/uploads\/2025\/10\/Tianguis-Turistico-2027-comite-de-seleccion.jpg","datePublished":"2025-10-15T01:26:46+00:00","dateModified":"2025-10-15T01:26:47+00:00","breadcrumb":{"@id":"https:\/\/nitu.mx\/index.php\/2025\/10\/14\/puebla-gana-la-sede-para-el-tianguis-turistico-mexico-2027\/#breadcrumb"},"inLanguage":"es-MX","potentialAction":[{"@type":"ReadAction","target":["https:\/\/nitu.mx\/index.php\/2025\/10\/14\/puebla-gana-la-sede-para-el-tianguis-turistico-mexico-2027\/"]}]},{"@type":"ImageObject","inLanguage":"es-MX","@id":"https:\/\/nitu.mx\/index.php\/2025\/10\/14\/puebla-gana-la-sede-para-el-tianguis-turistico-mexico-2027\/#primaryimage","url":"https:\/\/nitu.mx\/wp-content\/uploads\/2025\/10\/Tianguis-Turistico-2027-comite-de-seleccion.jpg","contentUrl":"https:\/\/nitu.mx\/wp-content\/uploads\/2025\/10\/Tianguis-Turistico-2027-comite-de-seleccion.jpg","width":1200,"height":675,"caption":"Tianguis Tur\u00edstico 2027 comit\u00e9 de selecci\u00f3n"},{"@type":"BreadcrumbList","@id":"https:\/\/nitu.mx\/index.php\/2025\/10\/14\/puebla-gana-la-sede-para-el-tianguis-turistico-mexico-2027\/#breadcrumb","itemListElement":[{"@type":"ListItem","position":1,"name":"Inicio","item":"https:\/\/nitu.mx\/"},{"@type":"ListItem","position":2,"name":"Puebla gana la sede para el Tianguis Tur\u00edstico M\u00e9xico 2027"}]},{"@type":"WebSite","@id":"https:\/\/nitu.mx\/#website","url":"https:\/\/nitu.mx\/","name":"Nitu - Noticias de la Industria Turistica","description":"Noticias de la Industria Turistica","publisher":{"@id":"https:\/\/nitu.mx\/#\/schema\/person\/ae7a53426417292d3dd07b45a33e01bc"},"alternateName":"Noticias de la Industria Turistica","potentialAction":[{"@type":"SearchAction","target":{"@type":"EntryPoint","urlTemplate":"https:\/\/nitu.mx\/?s={search_term_string}"},"query-input":"required name=search_term_string"}],"inLanguage":"es-MX"},{"@type":["Person","Organization"],"@id":"https:\/\/nitu.mx\/#\/schema\/person\/ae7a53426417292d3dd07b45a33e01bc","name":"Arturo Medina","image":{"@type":"ImageObject","inLanguage":"es-MX","@id":"https:\/\/nitu.mx\/#\/schema\/person\/image\/","url":"https:\/\/nitu.mx\/wp-content\/uploads\/2024\/04\/4A315622-1904-4D5C-B022-878CDC840E04-90x90-1.jpeg","contentUrl":"https:\/\/nitu.mx\/wp-content\/uploads\/2024\/04\/4A315622-1904-4D5C-B022-878CDC840E04-90x90-1.jpeg","width":90,"height":90,"caption":"Arturo Medina"},"logo":{"@id":"https:\/\/nitu.mx\/#\/schema\/person\/image\/"},"description":"Director NITU.mx, Egresado de la Escuela de Periodismo Carlos Septi\u00e9n Garc\u00eda. Periodista y analista especializado en turismo desde hace 35 a\u00f1os, radicado en Canc\u00fan Q.Roo. arturo@nitu.mx","sameAs":["https:\/\/nitu.mx","https:\/\/www.facebook.com\/NITUmx\/","medinacancun","https:\/\/twitter.com\/@Arturo_Medina_G"]},{"@type":"Person","@id":"https:\/\/nitu.mx\/#\/schema\/person\/4a28fe9bd65924f7c90623773daf1b0b","name":"Redacci\u00f3n","image":{"@type":"ImageObject","inLanguage":"es-MX","@id":"https:\/\/nitu.mx\/#\/schema\/person\/image\/","url":"https:\/\/secure.gravatar.com\/avatar\/5dd011c8ccfc5cd7e4c81e42252aab38?s=96&d=mm&r=g","contentUrl":"https:\/\/secure.gravatar.com\/avatar\/5dd011c8ccfc5cd7e4c81e42252aab38?s=96&d=mm&r=g","caption":"Redacci\u00f3n"},"url":"https:\/\/nitu.mx\/index.php\/author\/redaccion\/"}]}},"views":404,"_links":{"self":[{"href":"https:\/\/nitu.mx\/index.php\/wp-json\/wp\/v2\/posts\/83961"}],"collection":[{"href":"https:\/\/nitu.mx\/index.php\/wp-json\/wp\/v2\/posts"}],"about":[{"href":"https:\/\/nitu.mx\/index.php\/wp-json\/wp\/v2\/types\/post"}],"author":[{"embeddable":true,"href":"https:\/\/nitu.mx\/index.php\/wp-json\/wp\/v2\/users\/17"}],"replies":[{"embeddable":true,"href":"https:\/\/nitu.mx\/index.php\/wp-json\/wp\/v2\/comments?post=83961"}],"version-history":[{"count":1,"href":"https:\/\/nitu.mx\/index.php\/wp-json\/wp\/v2\/posts\/83961\/revisions"}],"predecessor-version":[{"id":83963,"href":"https:\/\/nitu.mx\/index.php\/wp-json\/wp\/v2\/posts\/83961\/revisions\/83963"}],"wp:featuredmedia":[{"embeddable":true,"href":"https:\/\/nitu.mx\/index.php\/wp-json\/wp\/v2\/media\/83964"}],"wp:attachment":[{"href":"https:\/\/nitu.mx\/index.php\/wp-json\/wp\/v2\/media?parent=83961"}],"wp:term":[{"taxonomy":"category","embeddable":true,"href":"https:\/\/nitu.mx\/index.php\/wp-json\/wp\/v2\/categories?post=83961"},{"taxonomy":"post_tag","embeddable":true,"href":"https:\/\/nitu.mx\/index.php\/wp-json\/wp\/v2\/tags?post=83961"}],"curies":[{"name":"wp","href":"https:\/\/api.w.org\/{rel}","templated":true}]}}