{"id":83956,"date":"2025-10-13T20:58:23","date_gmt":"2025-10-14T02:58:23","guid":{"rendered":"https:\/\/nitu.mx\/?p=83956"},"modified":"2025-10-13T20:58:24","modified_gmt":"2025-10-14T02:58:24","slug":"playa-del-carmen-alcaldesa-se-solidariza-y-pide-abrazar-a-tulum","status":"publish","type":"post","link":"https:\/\/nitu.mx\/index.php\/2025\/10\/13\/playa-del-carmen-alcaldesa-se-solidariza-y-pide-abrazar-a-tulum\/","title":{"rendered":"Playa del Carmen: Alcaldesa se solidariza y pide &#8220;abrazar&#8221; a Tulum"},"content":{"rendered":"\n<p>En el marco de la firma de convenio entre Grupo Xcaret y el Gobierno Municipal de Playa del Carmen, la presidenta municipal, Estefan\u00eda Mercado, expres\u00f3 un mensaje de solidaridad y unidad con el pueblo de Tulum, ante los retos que actualmente enfrenta.<\/p>\n\n\n\n<p>\u201cTodos los quintanarroenses debemos abrazar a Tulum. Recordar que lo que afecta aqu\u00ed en Playa del Carmen, para bien o para mal, tambi\u00e9n le hace da\u00f1o a Cozumel, tambi\u00e9n le hace da\u00f1o a Carrillo Puerto, tambi\u00e9n le hace da\u00f1o a Canc\u00fan y tambi\u00e9n le hace da\u00f1o a Tulum\u201d, afirm\u00f3 la presidenta municipal.<\/p>\n\n\n\n<p>Estefan\u00eda Mercado destac\u00f3 que la causa de Tulum debe ser abrazada por todos los quintanarroenses, reconociendo al pueblo tulumense como una comunidad trabajadora, noble y profundamente ligada a las ra\u00edces mayas que dan identidad a Quintana Roo.<\/p>\n\n\n\n<p>\u201cNuestra solidaridad, nuestro cari\u00f1o y nuestro respeto al pueblo hermano de Tulum, que se ha caracterizado por ser gente buena, muy trabajadora y orgullosa de su cultura. No tengo duda de que estos retos, al igual que los que hemos enfrentado en Playa del Carmen, se convertir\u00e1n en oportunidades para renacer desde otra perspectiva\u201d, subray\u00f3.<\/p>\n\n\n\n<p>La presidenta municipal reiter\u00f3 que desde Playa del Carmen se env\u00eda todo el cari\u00f1o y apoyo al pueblo de Tulum, convencida de que la uni\u00f3n entre los municipios es clave para el desarrollo regional.<\/p>\n\n\n\n<p>\u201cAs\u00ed como nosotros hemos convertido los retos en oportunidades, estoy segura de que el pueblo de Tulum tambi\u00e9n sabr\u00e1 ponerse de pie y salir adelante\u201d, concluy\u00f3.<\/p>\n\n\n\n<p>La firma del convenio con Grupo Xcaret forma parte de los esfuerzos del Gobierno de Playa del Carmen para impulsar la sostenibilidad, fortalecer el turismo local y promover la cooperaci\u00f3n entre el sector p\u00fablico y privado en beneficio de las familias playenses y de toda la Riviera Maya. <a href=\"https:\/\/nitu.mx\/index.php\/2025\/07\/11\/retiran-mas-de-19-mil-toneladas-de-sargazo-esta-temporada-en-playa-del-carmen\/\">(Retiran m\u00e1s de 19 mil toneladas de sargazo esta temporada en Playa del Carmen<\/a>).<\/p>\n","protected":false},"excerpt":{"rendered":"<p>En el marco de la firma de convenio entre Grupo Xcaret y el Gobierno Municipal de Playa del Carmen, la presidenta municipal, Estefan\u00eda Mercado, expres\u00f3 un mensaje de solidaridad y unidad con el pueblo de Tulum, ante los retos que actualmente enfrenta. \u201cTodos los quintanarroenses debemos abrazar a Tulum. Recordar que lo que afecta aqu\u00ed [&hellip;]<\/p>\n","protected":false},"author":17,"featured_media":83959,"comment_status":"closed","ping_status":"closed","sticky":false,"template":"","format":"standard","meta":{"footnotes":""},"categories":[18475],"tags":[26867,405,390,1603],"yoast_head":"<!-- This site is optimized with the Yoast SEO plugin v22.2 - https:\/\/yoast.com\/wordpress\/plugins\/seo\/ -->\n<title>Playa del Carmen: Alcaldesa se solidariza y pide &quot;abrazar&quot; a Tulum - Nitu - Noticias de la Industria Turistica<\/title>\n<meta name=\"robots\" content=\"index, follow, max-snippet:-1, max-image-preview:large, max-video-preview:-1\" \/>\n<link rel=\"canonical\" href=\"https:\/\/nitu.mx\/index.php\/2025\/10\/13\/playa-del-carmen-alcaldesa-se-solidariza-y-pide-abrazar-a-tulum\/\" \/>\n<meta name=\"twitter:card\" content=\"summary_large_image\" \/>\n<meta name=\"twitter:title\" content=\"Playa del Carmen: Alcaldesa se solidariza y pide &quot;abrazar&quot; a Tulum - Nitu - Noticias de la Industria Turistica\" \/>\n<meta name=\"twitter:description\" content=\"En el marco de la firma de convenio entre Grupo Xcaret y el Gobierno Municipal de Playa del Carmen, la presidenta municipal, Estefan\u00eda Mercado, expres\u00f3 un mensaje de solidaridad y unidad con el pueblo de Tulum, ante los retos que actualmente enfrenta. \u201cTodos los quintanarroenses debemos abrazar a Tulum. Recordar que lo que afecta aqu\u00ed [&hellip;]\" \/>\n<meta name=\"twitter:image\" content=\"https:\/\/nitu.mx\/wp-content\/uploads\/2025\/10\/Playa-del-Carmen-convenio-Xcaret.jpg\" \/>\n<meta name=\"twitter:creator\" content=\"@NITUmx\" \/>\n<meta name=\"twitter:site\" content=\"@Arturo_Medina_G\" \/>\n<meta name=\"twitter:label1\" content=\"Escrito por\" \/>\n\t<meta name=\"twitter:data1\" content=\"Redacci\u00f3n\" \/>\n\t<meta name=\"twitter:label2\" content=\"Tiempo de lectura\" \/>\n\t<meta name=\"twitter:data2\" content=\"2 minutos\" \/>\n<script type=\"application\/ld+json\" class=\"yoast-schema-graph\">{\"@context\":\"https:\/\/schema.org\",\"@graph\":[{\"@type\":\"Article\",\"@id\":\"https:\/\/nitu.mx\/index.php\/2025\/10\/13\/playa-del-carmen-alcaldesa-se-solidariza-y-pide-abrazar-a-tulum\/#article\",\"isPartOf\":{\"@id\":\"https:\/\/nitu.mx\/index.php\/2025\/10\/13\/playa-del-carmen-alcaldesa-se-solidariza-y-pide-abrazar-a-tulum\/\"},\"author\":{\"name\":\"Redacci\u00f3n\",\"@id\":\"https:\/\/nitu.mx\/#\/schema\/person\/4a28fe9bd65924f7c90623773daf1b0b\"},\"headline\":\"Playa del Carmen: Alcaldesa se solidariza y pide &#8220;abrazar&#8221; a Tulum\",\"datePublished\":\"2025-10-14T02:58:23+00:00\",\"dateModified\":\"2025-10-14T02:58:24+00:00\",\"mainEntityOfPage\":{\"@id\":\"https:\/\/nitu.mx\/index.php\/2025\/10\/13\/playa-del-carmen-alcaldesa-se-solidariza-y-pide-abrazar-a-tulum\/\"},\"wordCount\":339,\"publisher\":{\"@id\":\"https:\/\/nitu.mx\/#\/schema\/person\/ae7a53426417292d3dd07b45a33e01bc\"},\"image\":{\"@id\":\"https:\/\/nitu.mx\/index.php\/2025\/10\/13\/playa-del-carmen-alcaldesa-se-solidariza-y-pide-abrazar-a-tulum\/#primaryimage\"},\"thumbnailUrl\":\"https:\/\/nitu.mx\/wp-content\/uploads\/2025\/10\/Playa-del-Carmen-convenio-Xcaret.jpg\",\"keywords\":[\"Estefan\u00eda Mercado\",\"Playa del Carmen\",\"Tulum\",\"Xcaret\"],\"articleSection\":[\"Caribe Mexicano\"],\"inLanguage\":\"es-MX\"},{\"@type\":\"WebPage\",\"@id\":\"https:\/\/nitu.mx\/index.php\/2025\/10\/13\/playa-del-carmen-alcaldesa-se-solidariza-y-pide-abrazar-a-tulum\/\",\"url\":\"https:\/\/nitu.mx\/index.php\/2025\/10\/13\/playa-del-carmen-alcaldesa-se-solidariza-y-pide-abrazar-a-tulum\/\",\"name\":\"Playa del Carmen: Alcaldesa se solidariza y pide \\\"abrazar\\\" a Tulum - Nitu - Noticias de la Industria Turistica\",\"isPartOf\":{\"@id\":\"https:\/\/nitu.mx\/#website\"},\"primaryImageOfPage\":{\"@id\":\"https:\/\/nitu.mx\/index.php\/2025\/10\/13\/playa-del-carmen-alcaldesa-se-solidariza-y-pide-abrazar-a-tulum\/#primaryimage\"},\"image\":{\"@id\":\"https:\/\/nitu.mx\/index.php\/2025\/10\/13\/playa-del-carmen-alcaldesa-se-solidariza-y-pide-abrazar-a-tulum\/#primaryimage\"},\"thumbnailUrl\":\"https:\/\/nitu.mx\/wp-content\/uploads\/2025\/10\/Playa-del-Carmen-convenio-Xcaret.jpg\",\"datePublished\":\"2025-10-14T02:58:23+00:00\",\"dateModified\":\"2025-10-14T02:58:24+00:00\",\"breadcrumb\":{\"@id\":\"https:\/\/nitu.mx\/index.php\/2025\/10\/13\/playa-del-carmen-alcaldesa-se-solidariza-y-pide-abrazar-a-tulum\/#breadcrumb\"},\"inLanguage\":\"es-MX\",\"potentialAction\":[{\"@type\":\"ReadAction\",\"target\":[\"https:\/\/nitu.mx\/index.php\/2025\/10\/13\/playa-del-carmen-alcaldesa-se-solidariza-y-pide-abrazar-a-tulum\/\"]}]},{\"@type\":\"ImageObject\",\"inLanguage\":\"es-MX\",\"@id\":\"https:\/\/nitu.mx\/index.php\/2025\/10\/13\/playa-del-carmen-alcaldesa-se-solidariza-y-pide-abrazar-a-tulum\/#primaryimage\",\"url\":\"https:\/\/nitu.mx\/wp-content\/uploads\/2025\/10\/Playa-del-Carmen-convenio-Xcaret.jpg\",\"contentUrl\":\"https:\/\/nitu.mx\/wp-content\/uploads\/2025\/10\/Playa-del-Carmen-convenio-Xcaret.jpg\",\"width\":1200,\"height\":675,\"caption\":\"Playa del Carmen convenio Xcaret\"},{\"@type\":\"BreadcrumbList\",\"@id\":\"https:\/\/nitu.mx\/index.php\/2025\/10\/13\/playa-del-carmen-alcaldesa-se-solidariza-y-pide-abrazar-a-tulum\/#breadcrumb\",\"itemListElement\":[{\"@type\":\"ListItem\",\"position\":1,\"name\":\"Inicio\",\"item\":\"https:\/\/nitu.mx\/\"},{\"@type\":\"ListItem\",\"position\":2,\"name\":\"Playa del Carmen: Alcaldesa se solidariza y pide &#8220;abrazar&#8221; a Tulum\"}]},{\"@type\":\"WebSite\",\"@id\":\"https:\/\/nitu.mx\/#website\",\"url\":\"https:\/\/nitu.mx\/\",\"name\":\"Nitu - Noticias de la Industria Turistica\",\"description\":\"Noticias de la Industria Turistica\",\"publisher\":{\"@id\":\"https:\/\/nitu.mx\/#\/schema\/person\/ae7a53426417292d3dd07b45a33e01bc\"},\"alternateName\":\"Noticias de la Industria Turistica\",\"potentialAction\":[{\"@type\":\"SearchAction\",\"target\":{\"@type\":\"EntryPoint\",\"urlTemplate\":\"https:\/\/nitu.mx\/?s={search_term_string}\"},\"query-input\":\"required name=search_term_string\"}],\"inLanguage\":\"es-MX\"},{\"@type\":[\"Person\",\"Organization\"],\"@id\":\"https:\/\/nitu.mx\/#\/schema\/person\/ae7a53426417292d3dd07b45a33e01bc\",\"name\":\"Arturo Medina\",\"image\":{\"@type\":\"ImageObject\",\"inLanguage\":\"es-MX\",\"@id\":\"https:\/\/nitu.mx\/#\/schema\/person\/image\/\",\"url\":\"https:\/\/nitu.mx\/wp-content\/uploads\/2024\/04\/4A315622-1904-4D5C-B022-878CDC840E04-90x90-1.jpeg\",\"contentUrl\":\"https:\/\/nitu.mx\/wp-content\/uploads\/2024\/04\/4A315622-1904-4D5C-B022-878CDC840E04-90x90-1.jpeg\",\"width\":90,\"height\":90,\"caption\":\"Arturo Medina\"},\"logo\":{\"@id\":\"https:\/\/nitu.mx\/#\/schema\/person\/image\/\"},\"description\":\"Director NITU.mx, Egresado de la Escuela de Periodismo Carlos Septi\u00e9n Garc\u00eda. Periodista y analista especializado en turismo desde hace 35 a\u00f1os, radicado en Canc\u00fan Q.Roo. arturo@nitu.mx\",\"sameAs\":[\"https:\/\/nitu.mx\",\"https:\/\/www.facebook.com\/NITUmx\/\",\"medinacancun\",\"https:\/\/twitter.com\/@Arturo_Medina_G\"]},{\"@type\":\"Person\",\"@id\":\"https:\/\/nitu.mx\/#\/schema\/person\/4a28fe9bd65924f7c90623773daf1b0b\",\"name\":\"Redacci\u00f3n\",\"image\":{\"@type\":\"ImageObject\",\"inLanguage\":\"es-MX\",\"@id\":\"https:\/\/nitu.mx\/#\/schema\/person\/image\/\",\"url\":\"https:\/\/secure.gravatar.com\/avatar\/5dd011c8ccfc5cd7e4c81e42252aab38?s=96&d=mm&r=g\",\"contentUrl\":\"https:\/\/secure.gravatar.com\/avatar\/5dd011c8ccfc5cd7e4c81e42252aab38?s=96&d=mm&r=g\",\"caption\":\"Redacci\u00f3n\"},\"url\":\"https:\/\/nitu.mx\/index.php\/author\/redaccion\/\"}]}<\/script>\n<!-- \/ Yoast SEO plugin. -->","yoast_head_json":{"title":"Playa del Carmen: Alcaldesa se solidariza y pide \"abrazar\" a Tulum - Nitu - Noticias de la Industria Turistica","robots":{"index":"index","follow":"follow","max-snippet":"max-snippet:-1","max-image-preview":"max-image-preview:large","max-video-preview":"max-video-preview:-1"},"canonical":"https:\/\/nitu.mx\/index.php\/2025\/10\/13\/playa-del-carmen-alcaldesa-se-solidariza-y-pide-abrazar-a-tulum\/","twitter_card":"summary_large_image","twitter_title":"Playa del Carmen: Alcaldesa se solidariza y pide \"abrazar\" a Tulum - Nitu - Noticias de la Industria Turistica","twitter_description":"En el marco de la firma de convenio entre Grupo Xcaret y el Gobierno Municipal de Playa del Carmen, la presidenta municipal, Estefan\u00eda Mercado, expres\u00f3 un mensaje de solidaridad y unidad con el pueblo de Tulum, ante los retos que actualmente enfrenta. \u201cTodos los quintanarroenses debemos abrazar a Tulum. Recordar que lo que afecta aqu\u00ed [&hellip;]","twitter_image":"https:\/\/nitu.mx\/wp-content\/uploads\/2025\/10\/Playa-del-Carmen-convenio-Xcaret.jpg","twitter_creator":"@NITUmx","twitter_site":"@Arturo_Medina_G","twitter_misc":{"Escrito por":"Redacci\u00f3n","Tiempo de lectura":"2 minutos"},"schema":{"@context":"https:\/\/schema.org","@graph":[{"@type":"Article","@id":"https:\/\/nitu.mx\/index.php\/2025\/10\/13\/playa-del-carmen-alcaldesa-se-solidariza-y-pide-abrazar-a-tulum\/#article","isPartOf":{"@id":"https:\/\/nitu.mx\/index.php\/2025\/10\/13\/playa-del-carmen-alcaldesa-se-solidariza-y-pide-abrazar-a-tulum\/"},"author":{"name":"Redacci\u00f3n","@id":"https:\/\/nitu.mx\/#\/schema\/person\/4a28fe9bd65924f7c90623773daf1b0b"},"headline":"Playa del Carmen: Alcaldesa se solidariza y pide &#8220;abrazar&#8221; a Tulum","datePublished":"2025-10-14T02:58:23+00:00","dateModified":"2025-10-14T02:58:24+00:00","mainEntityOfPage":{"@id":"https:\/\/nitu.mx\/index.php\/2025\/10\/13\/playa-del-carmen-alcaldesa-se-solidariza-y-pide-abrazar-a-tulum\/"},"wordCount":339,"publisher":{"@id":"https:\/\/nitu.mx\/#\/schema\/person\/ae7a53426417292d3dd07b45a33e01bc"},"image":{"@id":"https:\/\/nitu.mx\/index.php\/2025\/10\/13\/playa-del-carmen-alcaldesa-se-solidariza-y-pide-abrazar-a-tulum\/#primaryimage"},"thumbnailUrl":"https:\/\/nitu.mx\/wp-content\/uploads\/2025\/10\/Playa-del-Carmen-convenio-Xcaret.jpg","keywords":["Estefan\u00eda Mercado","Playa del Carmen","Tulum","Xcaret"],"articleSection":["Caribe Mexicano"],"inLanguage":"es-MX"},{"@type":"WebPage","@id":"https:\/\/nitu.mx\/index.php\/2025\/10\/13\/playa-del-carmen-alcaldesa-se-solidariza-y-pide-abrazar-a-tulum\/","url":"https:\/\/nitu.mx\/index.php\/2025\/10\/13\/playa-del-carmen-alcaldesa-se-solidariza-y-pide-abrazar-a-tulum\/","name":"Playa del Carmen: Alcaldesa se solidariza y pide \"abrazar\" a Tulum - Nitu - Noticias de la Industria Turistica","isPartOf":{"@id":"https:\/\/nitu.mx\/#website"},"primaryImageOfPage":{"@id":"https:\/\/nitu.mx\/index.php\/2025\/10\/13\/playa-del-carmen-alcaldesa-se-solidariza-y-pide-abrazar-a-tulum\/#primaryimage"},"image":{"@id":"https:\/\/nitu.mx\/index.php\/2025\/10\/13\/playa-del-carmen-alcaldesa-se-solidariza-y-pide-abrazar-a-tulum\/#primaryimage"},"thumbnailUrl":"https:\/\/nitu.mx\/wp-content\/uploads\/2025\/10\/Playa-del-Carmen-convenio-Xcaret.jpg","datePublished":"2025-10-14T02:58:23+00:00","dateModified":"2025-10-14T02:58:24+00:00","breadcrumb":{"@id":"https:\/\/nitu.mx\/index.php\/2025\/10\/13\/playa-del-carmen-alcaldesa-se-solidariza-y-pide-abrazar-a-tulum\/#breadcrumb"},"inLanguage":"es-MX","potentialAction":[{"@type":"ReadAction","target":["https:\/\/nitu.mx\/index.php\/2025\/10\/13\/playa-del-carmen-alcaldesa-se-solidariza-y-pide-abrazar-a-tulum\/"]}]},{"@type":"ImageObject","inLanguage":"es-MX","@id":"https:\/\/nitu.mx\/index.php\/2025\/10\/13\/playa-del-carmen-alcaldesa-se-solidariza-y-pide-abrazar-a-tulum\/#primaryimage","url":"https:\/\/nitu.mx\/wp-content\/uploads\/2025\/10\/Playa-del-Carmen-convenio-Xcaret.jpg","contentUrl":"https:\/\/nitu.mx\/wp-content\/uploads\/2025\/10\/Playa-del-Carmen-convenio-Xcaret.jpg","width":1200,"height":675,"caption":"Playa del Carmen convenio Xcaret"},{"@type":"BreadcrumbList","@id":"https:\/\/nitu.mx\/index.php\/2025\/10\/13\/playa-del-carmen-alcaldesa-se-solidariza-y-pide-abrazar-a-tulum\/#breadcrumb","itemListElement":[{"@type":"ListItem","position":1,"name":"Inicio","item":"https:\/\/nitu.mx\/"},{"@type":"ListItem","position":2,"name":"Playa del Carmen: Alcaldesa se solidariza y pide &#8220;abrazar&#8221; a Tulum"}]},{"@type":"WebSite","@id":"https:\/\/nitu.mx\/#website","url":"https:\/\/nitu.mx\/","name":"Nitu - Noticias de la Industria Turistica","description":"Noticias de la Industria Turistica","publisher":{"@id":"https:\/\/nitu.mx\/#\/schema\/person\/ae7a53426417292d3dd07b45a33e01bc"},"alternateName":"Noticias de la Industria Turistica","potentialAction":[{"@type":"SearchAction","target":{"@type":"EntryPoint","urlTemplate":"https:\/\/nitu.mx\/?s={search_term_string}"},"query-input":"required name=search_term_string"}],"inLanguage":"es-MX"},{"@type":["Person","Organization"],"@id":"https:\/\/nitu.mx\/#\/schema\/person\/ae7a53426417292d3dd07b45a33e01bc","name":"Arturo Medina","image":{"@type":"ImageObject","inLanguage":"es-MX","@id":"https:\/\/nitu.mx\/#\/schema\/person\/image\/","url":"https:\/\/nitu.mx\/wp-content\/uploads\/2024\/04\/4A315622-1904-4D5C-B022-878CDC840E04-90x90-1.jpeg","contentUrl":"https:\/\/nitu.mx\/wp-content\/uploads\/2024\/04\/4A315622-1904-4D5C-B022-878CDC840E04-90x90-1.jpeg","width":90,"height":90,"caption":"Arturo Medina"},"logo":{"@id":"https:\/\/nitu.mx\/#\/schema\/person\/image\/"},"description":"Director NITU.mx, Egresado de la Escuela de Periodismo Carlos Septi\u00e9n Garc\u00eda. Periodista y analista especializado en turismo desde hace 35 a\u00f1os, radicado en Canc\u00fan Q.Roo. arturo@nitu.mx","sameAs":["https:\/\/nitu.mx","https:\/\/www.facebook.com\/NITUmx\/","medinacancun","https:\/\/twitter.com\/@Arturo_Medina_G"]},{"@type":"Person","@id":"https:\/\/nitu.mx\/#\/schema\/person\/4a28fe9bd65924f7c90623773daf1b0b","name":"Redacci\u00f3n","image":{"@type":"ImageObject","inLanguage":"es-MX","@id":"https:\/\/nitu.mx\/#\/schema\/person\/image\/","url":"https:\/\/secure.gravatar.com\/avatar\/5dd011c8ccfc5cd7e4c81e42252aab38?s=96&d=mm&r=g","contentUrl":"https:\/\/secure.gravatar.com\/avatar\/5dd011c8ccfc5cd7e4c81e42252aab38?s=96&d=mm&r=g","caption":"Redacci\u00f3n"},"url":"https:\/\/nitu.mx\/index.php\/author\/redaccion\/"}]}},"views":542,"_links":{"self":[{"href":"https:\/\/nitu.mx\/index.php\/wp-json\/wp\/v2\/posts\/83956"}],"collection":[{"href":"https:\/\/nitu.mx\/index.php\/wp-json\/wp\/v2\/posts"}],"about":[{"href":"https:\/\/nitu.mx\/index.php\/wp-json\/wp\/v2\/types\/post"}],"author":[{"embeddable":true,"href":"https:\/\/nitu.mx\/index.php\/wp-json\/wp\/v2\/users\/17"}],"replies":[{"embeddable":true,"href":"https:\/\/nitu.mx\/index.php\/wp-json\/wp\/v2\/comments?post=83956"}],"version-history":[{"count":1,"href":"https:\/\/nitu.mx\/index.php\/wp-json\/wp\/v2\/posts\/83956\/revisions"}],"predecessor-version":[{"id":83960,"href":"https:\/\/nitu.mx\/index.php\/wp-json\/wp\/v2\/posts\/83956\/revisions\/83960"}],"wp:featuredmedia":[{"embeddable":true,"href":"https:\/\/nitu.mx\/index.php\/wp-json\/wp\/v2\/media\/83959"}],"wp:attachment":[{"href":"https:\/\/nitu.mx\/index.php\/wp-json\/wp\/v2\/media?parent=83956"}],"wp:term":[{"taxonomy":"category","embeddable":true,"href":"https:\/\/nitu.mx\/index.php\/wp-json\/wp\/v2\/categories?post=83956"},{"taxonomy":"post_tag","embeddable":true,"href":"https:\/\/nitu.mx\/index.php\/wp-json\/wp\/v2\/tags?post=83956"}],"curies":[{"name":"wp","href":"https:\/\/api.w.org\/{rel}","templated":true}]}}