{"id":83945,"date":"2025-10-13T20:21:45","date_gmt":"2025-10-14T02:21:45","guid":{"rendered":"https:\/\/nitu.mx\/?p=83945"},"modified":"2025-10-13T20:21:46","modified_gmt":"2025-10-14T02:21:46","slug":"jalisco-afianza-su-presencia-en-europa-para-impulsar-mercados-turisticos-clave","status":"publish","type":"post","link":"https:\/\/nitu.mx\/index.php\/2025\/10\/13\/jalisco-afianza-su-presencia-en-europa-para-impulsar-mercados-turisticos-clave\/","title":{"rendered":"Jalisco afianza su presencia en Europa para impulsar mercados tur\u00edsticos clave"},"content":{"rendered":"\n<p>Jalisco consolida su presencia internacional como destino tur\u00edstico al realizar una gira de trabajo por Francia, Polonia, Alemania, Espa\u00f1a e Italia, con reuniones orientadas a establecer v\u00ednculos estrat\u00e9gicos y abrir nuevas rutas de colaboraci\u00f3n institucional y comercial.<\/p>\n\n\n\n<p>La agenda incluy\u00f3 encuentros en Par\u00eds, Varsovia, Frankfurt, Barcelona, Madrid, Roma, Mil\u00e1n y R\u00edmini, donde presentaron la oferta tur\u00edstica, cultural y gastron\u00f3mica del estado ante representantes clave del sector europeo.<\/p>\n\n\n\n<p>La Secretar\u00eda de Turismo del Estado realiz\u00f3 la gira para atraer inversiones en el sector, impulsar la creaci\u00f3n de nuevos productos tur\u00edsticos, obtener informaci\u00f3n directa sobre las tendencias de consumo, mediante el contacto con compradores, y consolidar los flujos tur\u00edsticos hacia Jalisco para las temporadas de invierno 2025, primavera y verano 2026.<\/p>\n\n\n\n<p>Durante la gira, se atendieron m\u00e1s de 805 empresas y profesionales del sector tur\u00edstico, y se realizaron entrevistas con m\u00e1s de 30 medios de comunicaci\u00f3n que generaron contenido editorial sobre Jalisco.<\/p>\n\n\n\n<p>Cada ciudad visitada permiti\u00f3 fortalecer el posicionamiento del estado en mercados emisores estrat\u00e9gicos, mediante acciones coordinadas con consulados, asociaciones locales y operadores especializados.<\/p>\n\n\n\n<p>A su paso por Varsovia, la comitiva jalisciense atendi\u00f3 a m\u00e1s de 67 empresas y estableci\u00f3 v\u00ednculos con agencias como Weco Travel, BCD, Wakacje y Misja Travel. Tambi\u00e9n concretaron citas de trabajo con LOT Polish Airlines, Itaka y Rainbow Tours, empresas l\u00edderes del mercado polaco que destacan por su innovaci\u00f3n y expansi\u00f3n constante.<\/p>\n\n\n\n<p>De igual forma se tuvo un acercamiento con la OSAT (Asociaci\u00f3n Nacional de Agentes de Viajes), que agrupa a m\u00e1s de 350 agencias y se perfila como un canal clave para alianzas comerciales. Polonia tiene el lugar once entre los mercados europeos para Jalisco, lo que representa un alto potencial de desarrollo.<\/p>\n\n\n\n<p>Con el respaldo del Consulado de M\u00e9xico, Frankfurt fue escenario de reuniones con 66 empresas y profesionales, entre ellas la Asociaci\u00f3n Alemana de Viajes (DRV), considerada la principal organizaci\u00f3n de la industria tur\u00edstica en Alemania, que representa a miles de empresas tur\u00edsticas y tres millones de empleos.<\/p>\n\n\n\n<p>Se sumaron encuentros con la revista especializada Touristik Aktuell, as\u00ed como con C\u00f3ndor Travel, Cono Sur, Native Trails y Touristik Aktuell. Alemania es el tercer mercado europeo para Jalisco.<\/p>\n\n\n\n<p>La agenda en Barcelona incluy\u00f3 la atenci\u00f3n a 41 empresas. Como acci\u00f3n cultural, inauguraron la muestra fotogr\u00e1fica \u201cJalisco es M\u00e9xico\u201d en Casa M\u00e8xic, organizada por MexCat, con presencia del C\u00f3nsul Alfonso Navarro y una degustaci\u00f3n de Raicilla a agencias de viajes y medios de comunicaci\u00f3n.<\/p>\n\n\n\n<p>En Madrid, se firm\u00f3 un convenio de colaboraci\u00f3n entre el Estado de Jalisco y el Ayuntamiento de Madrid.<\/p>\n\n\n\n<p>Este acuerdo establece una alianza estrat\u00e9gica para promover el turismo, la cultura, el sector audiovisual y los eventos profesionales en ambos territorios.<\/p>\n\n\n\n<p>A trav\u00e9s de este convenio, se impulsa la visibilidad de zonas no centrales, se diversifica la oferta cultural y gastron\u00f3mica, y se fortalecen segmentos como MICE, n\u00f3madas digitales, comunidad LGBTQ+, estudiantes y productores audiovisuales.<\/p>\n\n\n\n<p>Durante la visita, se recibi\u00f3 a m\u00e1s de 110 profesionales de la industria, entre ellos representantes de Viajes El Corte Ingl\u00e9s, World 2 Meet y eDreams. Impartieron una capacitaci\u00f3n de destino a 32 agentes de viaje en colaboraci\u00f3n con el turoperador CATAI. Realizaron reuniones con medios y actores clave como ESPN, Radio Marca, Paralelo 20, Travellers, Grupo Excelencias, Viajes El Corte Ingl\u00e9s, World2Meet y eDreams-ODIGEO.<\/p>\n\n\n\n<p>El cierre de la gira fue en Italia. En Roma atendieron m\u00e1s de 115 empresas tur\u00edsticas y medios de comunicaci\u00f3n, entre ellas 81 agencias de viaje como Konrad Travel, RA\u00cd y Guida di Viaggi. Sostuvieron una reuni\u00f3n con la embajada de M\u00e9xico en esa ciudad.<\/p>\n\n\n\n<p>En Mil\u00e1n, se capacit\u00f3 a 56 empresas en coordinaci\u00f3n con el Consulado Mexicano.<\/p>\n\n\n\n<p>La gira concluy\u00f3 en R\u00edmini con la participaci\u00f3n de Jalisco en la feria TTG, donde se atendieron m\u00e1s de 120 empresas, entre ellas agencias, mayoristas y organizadores de viajes grupales. La presencia incluy\u00f3 degustaciones de raicilla y muestras culturales que fortalecen la identidad del estado. (<a href=\"https:\/\/nitu.mx\/index.php\/2025\/06\/03\/jalisco-historica-inversion-de-20-mil-mdp-para-38-nuevos-hoteles\/\">Jalisco: Hist\u00f3rica inversi\u00f3n de 20 mil MDP para 38 nuevos hoteles<\/a>).<\/p>\n","protected":false},"excerpt":{"rendered":"<p>Jalisco consolida su presencia internacional como destino tur\u00edstico al realizar una gira de trabajo por Francia, Polonia, Alemania, Espa\u00f1a e Italia, con reuniones orientadas a establecer v\u00ednculos estrat\u00e9gicos y abrir nuevas rutas de colaboraci\u00f3n institucional y comercial. La agenda incluy\u00f3 encuentros en Par\u00eds, Varsovia, Frankfurt, Barcelona, Madrid, Roma, Mil\u00e1n y R\u00edmini, donde presentaron la oferta [&hellip;]<\/p>\n","protected":false},"author":17,"featured_media":83947,"comment_status":"closed","ping_status":"closed","sticky":false,"template":"","format":"standard","meta":{"footnotes":""},"categories":[5],"tags":[246,1754,93,17486],"yoast_head":"<!-- This site is optimized with the Yoast SEO plugin v22.2 - https:\/\/yoast.com\/wordpress\/plugins\/seo\/ -->\n<title>Jalisco afianza su presencia en Europa para impulsar mercados tur\u00edsticos clave - Nitu - Noticias de la Industria Turistica<\/title>\n<meta name=\"robots\" content=\"index, follow, max-snippet:-1, max-image-preview:large, max-video-preview:-1\" \/>\n<link rel=\"canonical\" href=\"https:\/\/nitu.mx\/index.php\/2025\/10\/13\/jalisco-afianza-su-presencia-en-europa-para-impulsar-mercados-turisticos-clave\/\" \/>\n<meta name=\"twitter:card\" content=\"summary_large_image\" \/>\n<meta name=\"twitter:title\" content=\"Jalisco afianza su presencia en Europa para impulsar mercados tur\u00edsticos clave - Nitu - Noticias de la Industria Turistica\" \/>\n<meta name=\"twitter:description\" content=\"Jalisco consolida su presencia internacional como destino tur\u00edstico al realizar una gira de trabajo por Francia, Polonia, Alemania, Espa\u00f1a e Italia, con reuniones orientadas a establecer v\u00ednculos estrat\u00e9gicos y abrir nuevas rutas de colaboraci\u00f3n institucional y comercial. La agenda incluy\u00f3 encuentros en Par\u00eds, Varsovia, Frankfurt, Barcelona, Madrid, Roma, Mil\u00e1n y R\u00edmini, donde presentaron la oferta [&hellip;]\" \/>\n<meta name=\"twitter:image\" content=\"https:\/\/nitu.mx\/wp-content\/uploads\/2025\/10\/Jalisco-turismo-europeo.jpg\" \/>\n<meta name=\"twitter:creator\" content=\"@NITUmx\" \/>\n<meta name=\"twitter:site\" content=\"@Arturo_Medina_G\" \/>\n<meta name=\"twitter:label1\" content=\"Escrito por\" \/>\n\t<meta name=\"twitter:data1\" content=\"Redacci\u00f3n\" \/>\n\t<meta name=\"twitter:label2\" content=\"Tiempo de lectura\" \/>\n\t<meta name=\"twitter:data2\" content=\"3 minutos\" \/>\n<script type=\"application\/ld+json\" class=\"yoast-schema-graph\">{\"@context\":\"https:\/\/schema.org\",\"@graph\":[{\"@type\":\"Article\",\"@id\":\"https:\/\/nitu.mx\/index.php\/2025\/10\/13\/jalisco-afianza-su-presencia-en-europa-para-impulsar-mercados-turisticos-clave\/#article\",\"isPartOf\":{\"@id\":\"https:\/\/nitu.mx\/index.php\/2025\/10\/13\/jalisco-afianza-su-presencia-en-europa-para-impulsar-mercados-turisticos-clave\/\"},\"author\":{\"name\":\"Redacci\u00f3n\",\"@id\":\"https:\/\/nitu.mx\/#\/schema\/person\/4a28fe9bd65924f7c90623773daf1b0b\"},\"headline\":\"Jalisco afianza su presencia en Europa para impulsar mercados tur\u00edsticos clave\",\"datePublished\":\"2025-10-14T02:21:45+00:00\",\"dateModified\":\"2025-10-14T02:21:46+00:00\",\"mainEntityOfPage\":{\"@id\":\"https:\/\/nitu.mx\/index.php\/2025\/10\/13\/jalisco-afianza-su-presencia-en-europa-para-impulsar-mercados-turisticos-clave\/\"},\"wordCount\":711,\"publisher\":{\"@id\":\"https:\/\/nitu.mx\/#\/schema\/person\/ae7a53426417292d3dd07b45a33e01bc\"},\"image\":{\"@id\":\"https:\/\/nitu.mx\/index.php\/2025\/10\/13\/jalisco-afianza-su-presencia-en-europa-para-impulsar-mercados-turisticos-clave\/#primaryimage\"},\"thumbnailUrl\":\"https:\/\/nitu.mx\/wp-content\/uploads\/2025\/10\/Jalisco-turismo-europeo.jpg\",\"keywords\":[\"agencias de viajes\",\"Jalisco\",\"Sectur\",\"turismo europeo\"],\"articleSection\":[\"Destinos\"],\"inLanguage\":\"es-MX\"},{\"@type\":\"WebPage\",\"@id\":\"https:\/\/nitu.mx\/index.php\/2025\/10\/13\/jalisco-afianza-su-presencia-en-europa-para-impulsar-mercados-turisticos-clave\/\",\"url\":\"https:\/\/nitu.mx\/index.php\/2025\/10\/13\/jalisco-afianza-su-presencia-en-europa-para-impulsar-mercados-turisticos-clave\/\",\"name\":\"Jalisco afianza su presencia en Europa para impulsar mercados tur\u00edsticos clave - Nitu - Noticias de la Industria Turistica\",\"isPartOf\":{\"@id\":\"https:\/\/nitu.mx\/#website\"},\"primaryImageOfPage\":{\"@id\":\"https:\/\/nitu.mx\/index.php\/2025\/10\/13\/jalisco-afianza-su-presencia-en-europa-para-impulsar-mercados-turisticos-clave\/#primaryimage\"},\"image\":{\"@id\":\"https:\/\/nitu.mx\/index.php\/2025\/10\/13\/jalisco-afianza-su-presencia-en-europa-para-impulsar-mercados-turisticos-clave\/#primaryimage\"},\"thumbnailUrl\":\"https:\/\/nitu.mx\/wp-content\/uploads\/2025\/10\/Jalisco-turismo-europeo.jpg\",\"datePublished\":\"2025-10-14T02:21:45+00:00\",\"dateModified\":\"2025-10-14T02:21:46+00:00\",\"breadcrumb\":{\"@id\":\"https:\/\/nitu.mx\/index.php\/2025\/10\/13\/jalisco-afianza-su-presencia-en-europa-para-impulsar-mercados-turisticos-clave\/#breadcrumb\"},\"inLanguage\":\"es-MX\",\"potentialAction\":[{\"@type\":\"ReadAction\",\"target\":[\"https:\/\/nitu.mx\/index.php\/2025\/10\/13\/jalisco-afianza-su-presencia-en-europa-para-impulsar-mercados-turisticos-clave\/\"]}]},{\"@type\":\"ImageObject\",\"inLanguage\":\"es-MX\",\"@id\":\"https:\/\/nitu.mx\/index.php\/2025\/10\/13\/jalisco-afianza-su-presencia-en-europa-para-impulsar-mercados-turisticos-clave\/#primaryimage\",\"url\":\"https:\/\/nitu.mx\/wp-content\/uploads\/2025\/10\/Jalisco-turismo-europeo.jpg\",\"contentUrl\":\"https:\/\/nitu.mx\/wp-content\/uploads\/2025\/10\/Jalisco-turismo-europeo.jpg\",\"width\":1200,\"height\":675,\"caption\":\"Jalisco turismo europeo\"},{\"@type\":\"BreadcrumbList\",\"@id\":\"https:\/\/nitu.mx\/index.php\/2025\/10\/13\/jalisco-afianza-su-presencia-en-europa-para-impulsar-mercados-turisticos-clave\/#breadcrumb\",\"itemListElement\":[{\"@type\":\"ListItem\",\"position\":1,\"name\":\"Inicio\",\"item\":\"https:\/\/nitu.mx\/\"},{\"@type\":\"ListItem\",\"position\":2,\"name\":\"Jalisco afianza su presencia en Europa para impulsar mercados tur\u00edsticos clave\"}]},{\"@type\":\"WebSite\",\"@id\":\"https:\/\/nitu.mx\/#website\",\"url\":\"https:\/\/nitu.mx\/\",\"name\":\"Nitu - Noticias de la Industria Turistica\",\"description\":\"Noticias de la Industria Turistica\",\"publisher\":{\"@id\":\"https:\/\/nitu.mx\/#\/schema\/person\/ae7a53426417292d3dd07b45a33e01bc\"},\"alternateName\":\"Noticias de la Industria Turistica\",\"potentialAction\":[{\"@type\":\"SearchAction\",\"target\":{\"@type\":\"EntryPoint\",\"urlTemplate\":\"https:\/\/nitu.mx\/?s={search_term_string}\"},\"query-input\":\"required name=search_term_string\"}],\"inLanguage\":\"es-MX\"},{\"@type\":[\"Person\",\"Organization\"],\"@id\":\"https:\/\/nitu.mx\/#\/schema\/person\/ae7a53426417292d3dd07b45a33e01bc\",\"name\":\"Arturo Medina\",\"image\":{\"@type\":\"ImageObject\",\"inLanguage\":\"es-MX\",\"@id\":\"https:\/\/nitu.mx\/#\/schema\/person\/image\/\",\"url\":\"https:\/\/nitu.mx\/wp-content\/uploads\/2024\/04\/4A315622-1904-4D5C-B022-878CDC840E04-90x90-1.jpeg\",\"contentUrl\":\"https:\/\/nitu.mx\/wp-content\/uploads\/2024\/04\/4A315622-1904-4D5C-B022-878CDC840E04-90x90-1.jpeg\",\"width\":90,\"height\":90,\"caption\":\"Arturo Medina\"},\"logo\":{\"@id\":\"https:\/\/nitu.mx\/#\/schema\/person\/image\/\"},\"description\":\"Director NITU.mx, Egresado de la Escuela de Periodismo Carlos Septi\u00e9n Garc\u00eda. Periodista y analista especializado en turismo desde hace 35 a\u00f1os, radicado en Canc\u00fan Q.Roo. arturo@nitu.mx\",\"sameAs\":[\"https:\/\/nitu.mx\",\"https:\/\/www.facebook.com\/NITUmx\/\",\"medinacancun\",\"https:\/\/twitter.com\/@Arturo_Medina_G\"]},{\"@type\":\"Person\",\"@id\":\"https:\/\/nitu.mx\/#\/schema\/person\/4a28fe9bd65924f7c90623773daf1b0b\",\"name\":\"Redacci\u00f3n\",\"image\":{\"@type\":\"ImageObject\",\"inLanguage\":\"es-MX\",\"@id\":\"https:\/\/nitu.mx\/#\/schema\/person\/image\/\",\"url\":\"https:\/\/secure.gravatar.com\/avatar\/5dd011c8ccfc5cd7e4c81e42252aab38?s=96&d=mm&r=g\",\"contentUrl\":\"https:\/\/secure.gravatar.com\/avatar\/5dd011c8ccfc5cd7e4c81e42252aab38?s=96&d=mm&r=g\",\"caption\":\"Redacci\u00f3n\"},\"url\":\"https:\/\/nitu.mx\/index.php\/author\/redaccion\/\"}]}<\/script>\n<!-- \/ Yoast SEO plugin. -->","yoast_head_json":{"title":"Jalisco afianza su presencia en Europa para impulsar mercados tur\u00edsticos clave - Nitu - Noticias de la Industria Turistica","robots":{"index":"index","follow":"follow","max-snippet":"max-snippet:-1","max-image-preview":"max-image-preview:large","max-video-preview":"max-video-preview:-1"},"canonical":"https:\/\/nitu.mx\/index.php\/2025\/10\/13\/jalisco-afianza-su-presencia-en-europa-para-impulsar-mercados-turisticos-clave\/","twitter_card":"summary_large_image","twitter_title":"Jalisco afianza su presencia en Europa para impulsar mercados tur\u00edsticos clave - Nitu - Noticias de la Industria Turistica","twitter_description":"Jalisco consolida su presencia internacional como destino tur\u00edstico al realizar una gira de trabajo por Francia, Polonia, Alemania, Espa\u00f1a e Italia, con reuniones orientadas a establecer v\u00ednculos estrat\u00e9gicos y abrir nuevas rutas de colaboraci\u00f3n institucional y comercial. La agenda incluy\u00f3 encuentros en Par\u00eds, Varsovia, Frankfurt, Barcelona, Madrid, Roma, Mil\u00e1n y R\u00edmini, donde presentaron la oferta [&hellip;]","twitter_image":"https:\/\/nitu.mx\/wp-content\/uploads\/2025\/10\/Jalisco-turismo-europeo.jpg","twitter_creator":"@NITUmx","twitter_site":"@Arturo_Medina_G","twitter_misc":{"Escrito por":"Redacci\u00f3n","Tiempo de lectura":"3 minutos"},"schema":{"@context":"https:\/\/schema.org","@graph":[{"@type":"Article","@id":"https:\/\/nitu.mx\/index.php\/2025\/10\/13\/jalisco-afianza-su-presencia-en-europa-para-impulsar-mercados-turisticos-clave\/#article","isPartOf":{"@id":"https:\/\/nitu.mx\/index.php\/2025\/10\/13\/jalisco-afianza-su-presencia-en-europa-para-impulsar-mercados-turisticos-clave\/"},"author":{"name":"Redacci\u00f3n","@id":"https:\/\/nitu.mx\/#\/schema\/person\/4a28fe9bd65924f7c90623773daf1b0b"},"headline":"Jalisco afianza su presencia en Europa para impulsar mercados tur\u00edsticos clave","datePublished":"2025-10-14T02:21:45+00:00","dateModified":"2025-10-14T02:21:46+00:00","mainEntityOfPage":{"@id":"https:\/\/nitu.mx\/index.php\/2025\/10\/13\/jalisco-afianza-su-presencia-en-europa-para-impulsar-mercados-turisticos-clave\/"},"wordCount":711,"publisher":{"@id":"https:\/\/nitu.mx\/#\/schema\/person\/ae7a53426417292d3dd07b45a33e01bc"},"image":{"@id":"https:\/\/nitu.mx\/index.php\/2025\/10\/13\/jalisco-afianza-su-presencia-en-europa-para-impulsar-mercados-turisticos-clave\/#primaryimage"},"thumbnailUrl":"https:\/\/nitu.mx\/wp-content\/uploads\/2025\/10\/Jalisco-turismo-europeo.jpg","keywords":["agencias de viajes","Jalisco","Sectur","turismo europeo"],"articleSection":["Destinos"],"inLanguage":"es-MX"},{"@type":"WebPage","@id":"https:\/\/nitu.mx\/index.php\/2025\/10\/13\/jalisco-afianza-su-presencia-en-europa-para-impulsar-mercados-turisticos-clave\/","url":"https:\/\/nitu.mx\/index.php\/2025\/10\/13\/jalisco-afianza-su-presencia-en-europa-para-impulsar-mercados-turisticos-clave\/","name":"Jalisco afianza su presencia en Europa para impulsar mercados tur\u00edsticos clave - Nitu - Noticias de la Industria Turistica","isPartOf":{"@id":"https:\/\/nitu.mx\/#website"},"primaryImageOfPage":{"@id":"https:\/\/nitu.mx\/index.php\/2025\/10\/13\/jalisco-afianza-su-presencia-en-europa-para-impulsar-mercados-turisticos-clave\/#primaryimage"},"image":{"@id":"https:\/\/nitu.mx\/index.php\/2025\/10\/13\/jalisco-afianza-su-presencia-en-europa-para-impulsar-mercados-turisticos-clave\/#primaryimage"},"thumbnailUrl":"https:\/\/nitu.mx\/wp-content\/uploads\/2025\/10\/Jalisco-turismo-europeo.jpg","datePublished":"2025-10-14T02:21:45+00:00","dateModified":"2025-10-14T02:21:46+00:00","breadcrumb":{"@id":"https:\/\/nitu.mx\/index.php\/2025\/10\/13\/jalisco-afianza-su-presencia-en-europa-para-impulsar-mercados-turisticos-clave\/#breadcrumb"},"inLanguage":"es-MX","potentialAction":[{"@type":"ReadAction","target":["https:\/\/nitu.mx\/index.php\/2025\/10\/13\/jalisco-afianza-su-presencia-en-europa-para-impulsar-mercados-turisticos-clave\/"]}]},{"@type":"ImageObject","inLanguage":"es-MX","@id":"https:\/\/nitu.mx\/index.php\/2025\/10\/13\/jalisco-afianza-su-presencia-en-europa-para-impulsar-mercados-turisticos-clave\/#primaryimage","url":"https:\/\/nitu.mx\/wp-content\/uploads\/2025\/10\/Jalisco-turismo-europeo.jpg","contentUrl":"https:\/\/nitu.mx\/wp-content\/uploads\/2025\/10\/Jalisco-turismo-europeo.jpg","width":1200,"height":675,"caption":"Jalisco turismo europeo"},{"@type":"BreadcrumbList","@id":"https:\/\/nitu.mx\/index.php\/2025\/10\/13\/jalisco-afianza-su-presencia-en-europa-para-impulsar-mercados-turisticos-clave\/#breadcrumb","itemListElement":[{"@type":"ListItem","position":1,"name":"Inicio","item":"https:\/\/nitu.mx\/"},{"@type":"ListItem","position":2,"name":"Jalisco afianza su presencia en Europa para impulsar mercados tur\u00edsticos clave"}]},{"@type":"WebSite","@id":"https:\/\/nitu.mx\/#website","url":"https:\/\/nitu.mx\/","name":"Nitu - Noticias de la Industria Turistica","description":"Noticias de la Industria Turistica","publisher":{"@id":"https:\/\/nitu.mx\/#\/schema\/person\/ae7a53426417292d3dd07b45a33e01bc"},"alternateName":"Noticias de la Industria Turistica","potentialAction":[{"@type":"SearchAction","target":{"@type":"EntryPoint","urlTemplate":"https:\/\/nitu.mx\/?s={search_term_string}"},"query-input":"required name=search_term_string"}],"inLanguage":"es-MX"},{"@type":["Person","Organization"],"@id":"https:\/\/nitu.mx\/#\/schema\/person\/ae7a53426417292d3dd07b45a33e01bc","name":"Arturo Medina","image":{"@type":"ImageObject","inLanguage":"es-MX","@id":"https:\/\/nitu.mx\/#\/schema\/person\/image\/","url":"https:\/\/nitu.mx\/wp-content\/uploads\/2024\/04\/4A315622-1904-4D5C-B022-878CDC840E04-90x90-1.jpeg","contentUrl":"https:\/\/nitu.mx\/wp-content\/uploads\/2024\/04\/4A315622-1904-4D5C-B022-878CDC840E04-90x90-1.jpeg","width":90,"height":90,"caption":"Arturo Medina"},"logo":{"@id":"https:\/\/nitu.mx\/#\/schema\/person\/image\/"},"description":"Director NITU.mx, Egresado de la Escuela de Periodismo Carlos Septi\u00e9n Garc\u00eda. Periodista y analista especializado en turismo desde hace 35 a\u00f1os, radicado en Canc\u00fan Q.Roo. arturo@nitu.mx","sameAs":["https:\/\/nitu.mx","https:\/\/www.facebook.com\/NITUmx\/","medinacancun","https:\/\/twitter.com\/@Arturo_Medina_G"]},{"@type":"Person","@id":"https:\/\/nitu.mx\/#\/schema\/person\/4a28fe9bd65924f7c90623773daf1b0b","name":"Redacci\u00f3n","image":{"@type":"ImageObject","inLanguage":"es-MX","@id":"https:\/\/nitu.mx\/#\/schema\/person\/image\/","url":"https:\/\/secure.gravatar.com\/avatar\/5dd011c8ccfc5cd7e4c81e42252aab38?s=96&d=mm&r=g","contentUrl":"https:\/\/secure.gravatar.com\/avatar\/5dd011c8ccfc5cd7e4c81e42252aab38?s=96&d=mm&r=g","caption":"Redacci\u00f3n"},"url":"https:\/\/nitu.mx\/index.php\/author\/redaccion\/"}]}},"views":505,"_links":{"self":[{"href":"https:\/\/nitu.mx\/index.php\/wp-json\/wp\/v2\/posts\/83945"}],"collection":[{"href":"https:\/\/nitu.mx\/index.php\/wp-json\/wp\/v2\/posts"}],"about":[{"href":"https:\/\/nitu.mx\/index.php\/wp-json\/wp\/v2\/types\/post"}],"author":[{"embeddable":true,"href":"https:\/\/nitu.mx\/index.php\/wp-json\/wp\/v2\/users\/17"}],"replies":[{"embeddable":true,"href":"https:\/\/nitu.mx\/index.php\/wp-json\/wp\/v2\/comments?post=83945"}],"version-history":[{"count":1,"href":"https:\/\/nitu.mx\/index.php\/wp-json\/wp\/v2\/posts\/83945\/revisions"}],"predecessor-version":[{"id":83948,"href":"https:\/\/nitu.mx\/index.php\/wp-json\/wp\/v2\/posts\/83945\/revisions\/83948"}],"wp:featuredmedia":[{"embeddable":true,"href":"https:\/\/nitu.mx\/index.php\/wp-json\/wp\/v2\/media\/83947"}],"wp:attachment":[{"href":"https:\/\/nitu.mx\/index.php\/wp-json\/wp\/v2\/media?parent=83945"}],"wp:term":[{"taxonomy":"category","embeddable":true,"href":"https:\/\/nitu.mx\/index.php\/wp-json\/wp\/v2\/categories?post=83945"},{"taxonomy":"post_tag","embeddable":true,"href":"https:\/\/nitu.mx\/index.php\/wp-json\/wp\/v2\/tags?post=83945"}],"curies":[{"name":"wp","href":"https:\/\/api.w.org\/{rel}","templated":true}]}}