{"id":83926,"date":"2025-10-12T17:00:00","date_gmt":"2025-10-12T23:00:00","guid":{"rendered":"https:\/\/nitu.mx\/?p=83926"},"modified":"2025-10-12T13:44:18","modified_gmt":"2025-10-12T19:44:18","slug":"guanajuato-celebrara-la-7a-edicion-del-festival-del-dia-de-los-muertos-vivelo-en-guanajuato","status":"publish","type":"post","link":"https:\/\/nitu.mx\/index.php\/2025\/10\/12\/guanajuato-celebrara-la-7a-edicion-del-festival-del-dia-de-los-muertos-vivelo-en-guanajuato\/","title":{"rendered":"Guanajuato celebrar\u00e1 la 7a edici\u00f3n del Festival del D\u00eda de los Muertos \u201c\u00a1V\u00edvelo en Guanajuato!\u201d"},"content":{"rendered":"\n<p>Guanajuato Capital se alista para celebrar la s\u00e9ptima edici\u00f3n del Festival del D\u00eda de los Muertos \u201c\u00a1V\u00edvelo en Guanajuato!\u201d, del 29 de octubre al 2 de noviembre, una de las festividades m\u00e1s representativas de M\u00e9xico y hoy una de las m\u00e1s esperadas en el calendario cultural del pa\u00eds.<\/p>\n\n\n\n<p>Alineado con el Programa Estatal de Turismo 2024\u20132030, este festival fortalece la identidad cultural del estado, impulsa el desarrollo tur\u00edstico de la regi\u00f3n y consolida a Guanajuato como un destino con vocaci\u00f3n cultural, art\u00edstica y espiritual.&nbsp;<\/p>\n\n\n\n<p>Este 2025, se espera una derrama econ\u00f3mica de 291 millones de pesos, una ocupaci\u00f3n hotelera del 100%, seg\u00fan organizadores y la generaci\u00f3n de 22 mil 346 cuartos noche y una asistencia total de 197 mil 800 personas.&nbsp;<\/p>\n\n\n\n<p>\u201cGracias al respaldo de nuestra gobernadora, Libia Dennise Garc\u00eda Mu\u00f1oz Ledo, hoy el turismo en Guanajuato tiene rumbo, identidad y prop\u00f3sito. Cada festival, cada calle llena y cada hotel ocupado representan m\u00e1s empleos, m\u00e1s oportunidades y m\u00e1s orgullo para nuestra gente\u201d, expres\u00f3 Guadalupe Robles, secretaria de Turismo e Identidad.<\/p>\n\n\n\n<p>El evento, organizado por la Direcci\u00f3n General de Turismo y Hospitalidad del Municipio de Guanajuato cont\u00f3 con una aportaci\u00f3n de 2.5 millones de pesos por parte de SECTURI, a trav\u00e9s del Consejo del Fondo para la Promoci\u00f3n Tur\u00edstica (COFOTUR).<\/p>\n\n\n\n<p>La Calle Subterr\u00e1nea, convertida nuevamente en el T\u00fanel de la Tradici\u00f3n, ser\u00e1 el epicentro de esta gran experiencia sensorial, art\u00edstica y cultural, que incluye el Xempa Circo Drag\u00f3n, mojigangas, calaveras monumentales, una ofrenda interactiva, videomapping, presentaciones musicales, artesanales y art\u00edsticas, adem\u00e1s de una ofrenda monumental en honor a Jos\u00e9 Alfredo Jim\u00e9nez en colaboraci\u00f3n con Dolores Hidalgo.<\/p>\n\n\n\n<p>El festival tambi\u00e9n contar\u00e1 con la Procesi\u00f3n de los Angelitos, el Desfile de Calaveras y Catrinas, el Tapete de la Muerte, y el espect\u00e1culo inmersivo Retorno al Mictl\u00e1n, que celebra la cosmovisi\u00f3n mexicana y la \u201cmuerte guanajuatense\u201d como s\u00edmbolo de reencuentro, color y vida.<\/p>\n\n\n\n<p>\u201cEl Festival del D\u00eda de los Muertos no solo preserva nuestras tradiciones, las reinventa con arte, color y emoci\u00f3n. Aqu\u00ed la muerte se convierte en vida, y el recuerdo en una experiencia sensorial que une el alma de M\u00e9xico con el mundo\u201d, destac\u00f3 Robles.<\/p>\n\n\n\n<p>Este 2025, San Luis Potos\u00ed ser\u00e1 el estado invitado, mientras que Real de Catorce (SLP) y Catemaco (Veracruz) participar\u00e1n como ciudades invitadas, junto con China como pa\u00eds invitado, fortaleciendo el intercambio cultural y la proyecci\u00f3n internacional del evento.<\/p>\n\n\n\n<p>El Festival \u201c\u00a1V\u00edvelo en Guanajuato!\u201d tambi\u00e9n genera un impacto social y econ\u00f3mico directo al emplear a 600 personas de forma directa y mil 200 de manera indirecta, consolidando a Guanajuato como una ciudad viva, hospitalaria y orgullosa de su herencia. (<a href=\"https:\/\/nitu.mx\/index.php\/2025\/09\/04\/presentan-el-festival-viva-guanajuato-con-mas-de-20-restaurantes-participantes\/\">Presentan el festival Viva Guanajuato con m\u00e1s de 20 restaurantes participantes<\/a>).<\/p>\n","protected":false},"excerpt":{"rendered":"<p>Guanajuato Capital se alista para celebrar la s\u00e9ptima edici\u00f3n del Festival del D\u00eda de los Muertos \u201c\u00a1V\u00edvelo en Guanajuato!\u201d, del 29 de octubre al 2 de noviembre, una de las festividades m\u00e1s representativas de M\u00e9xico y hoy una de las m\u00e1s esperadas en el calendario cultural del pa\u00eds. Alineado con el Programa Estatal de Turismo [&hellip;]<\/p>\n","protected":false},"author":17,"featured_media":83928,"comment_status":"closed","ping_status":"closed","sticky":false,"template":"","format":"standard","meta":{"footnotes":""},"categories":[5],"tags":[1374,26300,511,93],"yoast_head":"<!-- This site is optimized with the Yoast SEO plugin v22.2 - https:\/\/yoast.com\/wordpress\/plugins\/seo\/ -->\n<title>Guanajuato celebrar\u00e1 la 7a edici\u00f3n del Festival del D\u00eda de los Muertos \u201c\u00a1V\u00edvelo en Guanajuato!\u201d - Nitu - Noticias de la Industria Turistica<\/title>\n<meta name=\"robots\" content=\"index, follow, max-snippet:-1, max-image-preview:large, max-video-preview:-1\" \/>\n<link rel=\"canonical\" href=\"https:\/\/nitu.mx\/index.php\/2025\/10\/12\/guanajuato-celebrara-la-7a-edicion-del-festival-del-dia-de-los-muertos-vivelo-en-guanajuato\/\" \/>\n<meta name=\"twitter:card\" content=\"summary_large_image\" \/>\n<meta name=\"twitter:title\" content=\"Guanajuato celebrar\u00e1 la 7a edici\u00f3n del Festival del D\u00eda de los Muertos \u201c\u00a1V\u00edvelo en Guanajuato!\u201d - Nitu - Noticias de la Industria Turistica\" \/>\n<meta name=\"twitter:description\" content=\"Guanajuato Capital se alista para celebrar la s\u00e9ptima edici\u00f3n del Festival del D\u00eda de los Muertos \u201c\u00a1V\u00edvelo en Guanajuato!\u201d, del 29 de octubre al 2 de noviembre, una de las festividades m\u00e1s representativas de M\u00e9xico y hoy una de las m\u00e1s esperadas en el calendario cultural del pa\u00eds. Alineado con el Programa Estatal de Turismo [&hellip;]\" \/>\n<meta name=\"twitter:image\" content=\"https:\/\/nitu.mx\/wp-content\/uploads\/2025\/10\/Guanajuato-Conferencia-Prensa-Festival-dia-de-Muertos-2025.jpg\" \/>\n<meta name=\"twitter:creator\" content=\"@NITUmx\" \/>\n<meta name=\"twitter:site\" content=\"@Arturo_Medina_G\" \/>\n<meta name=\"twitter:label1\" content=\"Escrito por\" \/>\n\t<meta name=\"twitter:data1\" content=\"Redacci\u00f3n\" \/>\n\t<meta name=\"twitter:label2\" content=\"Tiempo de lectura\" \/>\n\t<meta name=\"twitter:data2\" content=\"2 minutos\" \/>\n<script type=\"application\/ld+json\" class=\"yoast-schema-graph\">{\"@context\":\"https:\/\/schema.org\",\"@graph\":[{\"@type\":\"Article\",\"@id\":\"https:\/\/nitu.mx\/index.php\/2025\/10\/12\/guanajuato-celebrara-la-7a-edicion-del-festival-del-dia-de-los-muertos-vivelo-en-guanajuato\/#article\",\"isPartOf\":{\"@id\":\"https:\/\/nitu.mx\/index.php\/2025\/10\/12\/guanajuato-celebrara-la-7a-edicion-del-festival-del-dia-de-los-muertos-vivelo-en-guanajuato\/\"},\"author\":{\"name\":\"Redacci\u00f3n\",\"@id\":\"https:\/\/nitu.mx\/#\/schema\/person\/4a28fe9bd65924f7c90623773daf1b0b\"},\"headline\":\"Guanajuato celebrar\u00e1 la 7a edici\u00f3n del Festival del D\u00eda de los Muertos \u201c\u00a1V\u00edvelo en Guanajuato!\u201d\",\"datePublished\":\"2025-10-12T23:00:00+00:00\",\"dateModified\":\"2025-10-12T19:44:18+00:00\",\"mainEntityOfPage\":{\"@id\":\"https:\/\/nitu.mx\/index.php\/2025\/10\/12\/guanajuato-celebrara-la-7a-edicion-del-festival-del-dia-de-los-muertos-vivelo-en-guanajuato\/\"},\"wordCount\":499,\"publisher\":{\"@id\":\"https:\/\/nitu.mx\/#\/schema\/person\/ae7a53426417292d3dd07b45a33e01bc\"},\"image\":{\"@id\":\"https:\/\/nitu.mx\/index.php\/2025\/10\/12\/guanajuato-celebrara-la-7a-edicion-del-festival-del-dia-de-los-muertos-vivelo-en-guanajuato\/#primaryimage\"},\"thumbnailUrl\":\"https:\/\/nitu.mx\/wp-content\/uploads\/2025\/10\/Guanajuato-Conferencia-Prensa-Festival-dia-de-Muertos-2025.jpg\",\"keywords\":[\"D\u00eda de Muertos\",\"Guadalupe Robles\",\"Guanajuato\",\"Sectur\"],\"articleSection\":[\"Destinos\"],\"inLanguage\":\"es-MX\"},{\"@type\":\"WebPage\",\"@id\":\"https:\/\/nitu.mx\/index.php\/2025\/10\/12\/guanajuato-celebrara-la-7a-edicion-del-festival-del-dia-de-los-muertos-vivelo-en-guanajuato\/\",\"url\":\"https:\/\/nitu.mx\/index.php\/2025\/10\/12\/guanajuato-celebrara-la-7a-edicion-del-festival-del-dia-de-los-muertos-vivelo-en-guanajuato\/\",\"name\":\"Guanajuato celebrar\u00e1 la 7a edici\u00f3n del Festival del D\u00eda de los Muertos \u201c\u00a1V\u00edvelo en Guanajuato!\u201d - Nitu - Noticias de la Industria Turistica\",\"isPartOf\":{\"@id\":\"https:\/\/nitu.mx\/#website\"},\"primaryImageOfPage\":{\"@id\":\"https:\/\/nitu.mx\/index.php\/2025\/10\/12\/guanajuato-celebrara-la-7a-edicion-del-festival-del-dia-de-los-muertos-vivelo-en-guanajuato\/#primaryimage\"},\"image\":{\"@id\":\"https:\/\/nitu.mx\/index.php\/2025\/10\/12\/guanajuato-celebrara-la-7a-edicion-del-festival-del-dia-de-los-muertos-vivelo-en-guanajuato\/#primaryimage\"},\"thumbnailUrl\":\"https:\/\/nitu.mx\/wp-content\/uploads\/2025\/10\/Guanajuato-Conferencia-Prensa-Festival-dia-de-Muertos-2025.jpg\",\"datePublished\":\"2025-10-12T23:00:00+00:00\",\"dateModified\":\"2025-10-12T19:44:18+00:00\",\"breadcrumb\":{\"@id\":\"https:\/\/nitu.mx\/index.php\/2025\/10\/12\/guanajuato-celebrara-la-7a-edicion-del-festival-del-dia-de-los-muertos-vivelo-en-guanajuato\/#breadcrumb\"},\"inLanguage\":\"es-MX\",\"potentialAction\":[{\"@type\":\"ReadAction\",\"target\":[\"https:\/\/nitu.mx\/index.php\/2025\/10\/12\/guanajuato-celebrara-la-7a-edicion-del-festival-del-dia-de-los-muertos-vivelo-en-guanajuato\/\"]}]},{\"@type\":\"ImageObject\",\"inLanguage\":\"es-MX\",\"@id\":\"https:\/\/nitu.mx\/index.php\/2025\/10\/12\/guanajuato-celebrara-la-7a-edicion-del-festival-del-dia-de-los-muertos-vivelo-en-guanajuato\/#primaryimage\",\"url\":\"https:\/\/nitu.mx\/wp-content\/uploads\/2025\/10\/Guanajuato-Conferencia-Prensa-Festival-dia-de-Muertos-2025.jpg\",\"contentUrl\":\"https:\/\/nitu.mx\/wp-content\/uploads\/2025\/10\/Guanajuato-Conferencia-Prensa-Festival-dia-de-Muertos-2025.jpg\",\"width\":1200,\"height\":675,\"caption\":\"Guanajuato Conferencia Prensa Festival di\u0301a de Muertos 2025\"},{\"@type\":\"BreadcrumbList\",\"@id\":\"https:\/\/nitu.mx\/index.php\/2025\/10\/12\/guanajuato-celebrara-la-7a-edicion-del-festival-del-dia-de-los-muertos-vivelo-en-guanajuato\/#breadcrumb\",\"itemListElement\":[{\"@type\":\"ListItem\",\"position\":1,\"name\":\"Inicio\",\"item\":\"https:\/\/nitu.mx\/\"},{\"@type\":\"ListItem\",\"position\":2,\"name\":\"Guanajuato celebrar\u00e1 la 7a edici\u00f3n del Festival del D\u00eda de los Muertos \u201c\u00a1V\u00edvelo en Guanajuato!\u201d\"}]},{\"@type\":\"WebSite\",\"@id\":\"https:\/\/nitu.mx\/#website\",\"url\":\"https:\/\/nitu.mx\/\",\"name\":\"Nitu - Noticias de la Industria Turistica\",\"description\":\"Noticias de la Industria Turistica\",\"publisher\":{\"@id\":\"https:\/\/nitu.mx\/#\/schema\/person\/ae7a53426417292d3dd07b45a33e01bc\"},\"alternateName\":\"Noticias de la Industria Turistica\",\"potentialAction\":[{\"@type\":\"SearchAction\",\"target\":{\"@type\":\"EntryPoint\",\"urlTemplate\":\"https:\/\/nitu.mx\/?s={search_term_string}\"},\"query-input\":\"required name=search_term_string\"}],\"inLanguage\":\"es-MX\"},{\"@type\":[\"Person\",\"Organization\"],\"@id\":\"https:\/\/nitu.mx\/#\/schema\/person\/ae7a53426417292d3dd07b45a33e01bc\",\"name\":\"Arturo Medina\",\"image\":{\"@type\":\"ImageObject\",\"inLanguage\":\"es-MX\",\"@id\":\"https:\/\/nitu.mx\/#\/schema\/person\/image\/\",\"url\":\"https:\/\/nitu.mx\/wp-content\/uploads\/2024\/04\/4A315622-1904-4D5C-B022-878CDC840E04-90x90-1.jpeg\",\"contentUrl\":\"https:\/\/nitu.mx\/wp-content\/uploads\/2024\/04\/4A315622-1904-4D5C-B022-878CDC840E04-90x90-1.jpeg\",\"width\":90,\"height\":90,\"caption\":\"Arturo Medina\"},\"logo\":{\"@id\":\"https:\/\/nitu.mx\/#\/schema\/person\/image\/\"},\"description\":\"Director NITU.mx, Egresado de la Escuela de Periodismo Carlos Septi\u00e9n Garc\u00eda. Periodista y analista especializado en turismo desde hace 35 a\u00f1os, radicado en Canc\u00fan Q.Roo. arturo@nitu.mx\",\"sameAs\":[\"https:\/\/nitu.mx\",\"https:\/\/www.facebook.com\/NITUmx\/\",\"medinacancun\",\"https:\/\/twitter.com\/@Arturo_Medina_G\"]},{\"@type\":\"Person\",\"@id\":\"https:\/\/nitu.mx\/#\/schema\/person\/4a28fe9bd65924f7c90623773daf1b0b\",\"name\":\"Redacci\u00f3n\",\"image\":{\"@type\":\"ImageObject\",\"inLanguage\":\"es-MX\",\"@id\":\"https:\/\/nitu.mx\/#\/schema\/person\/image\/\",\"url\":\"https:\/\/secure.gravatar.com\/avatar\/5dd011c8ccfc5cd7e4c81e42252aab38?s=96&d=mm&r=g\",\"contentUrl\":\"https:\/\/secure.gravatar.com\/avatar\/5dd011c8ccfc5cd7e4c81e42252aab38?s=96&d=mm&r=g\",\"caption\":\"Redacci\u00f3n\"},\"url\":\"https:\/\/nitu.mx\/index.php\/author\/redaccion\/\"}]}<\/script>\n<!-- \/ Yoast SEO plugin. -->","yoast_head_json":{"title":"Guanajuato celebrar\u00e1 la 7a edici\u00f3n del Festival del D\u00eda de los Muertos \u201c\u00a1V\u00edvelo en Guanajuato!\u201d - Nitu - Noticias de la Industria Turistica","robots":{"index":"index","follow":"follow","max-snippet":"max-snippet:-1","max-image-preview":"max-image-preview:large","max-video-preview":"max-video-preview:-1"},"canonical":"https:\/\/nitu.mx\/index.php\/2025\/10\/12\/guanajuato-celebrara-la-7a-edicion-del-festival-del-dia-de-los-muertos-vivelo-en-guanajuato\/","twitter_card":"summary_large_image","twitter_title":"Guanajuato celebrar\u00e1 la 7a edici\u00f3n del Festival del D\u00eda de los Muertos \u201c\u00a1V\u00edvelo en Guanajuato!\u201d - Nitu - Noticias de la Industria Turistica","twitter_description":"Guanajuato Capital se alista para celebrar la s\u00e9ptima edici\u00f3n del Festival del D\u00eda de los Muertos \u201c\u00a1V\u00edvelo en Guanajuato!\u201d, del 29 de octubre al 2 de noviembre, una de las festividades m\u00e1s representativas de M\u00e9xico y hoy una de las m\u00e1s esperadas en el calendario cultural del pa\u00eds. Alineado con el Programa Estatal de Turismo [&hellip;]","twitter_image":"https:\/\/nitu.mx\/wp-content\/uploads\/2025\/10\/Guanajuato-Conferencia-Prensa-Festival-dia-de-Muertos-2025.jpg","twitter_creator":"@NITUmx","twitter_site":"@Arturo_Medina_G","twitter_misc":{"Escrito por":"Redacci\u00f3n","Tiempo de lectura":"2 minutos"},"schema":{"@context":"https:\/\/schema.org","@graph":[{"@type":"Article","@id":"https:\/\/nitu.mx\/index.php\/2025\/10\/12\/guanajuato-celebrara-la-7a-edicion-del-festival-del-dia-de-los-muertos-vivelo-en-guanajuato\/#article","isPartOf":{"@id":"https:\/\/nitu.mx\/index.php\/2025\/10\/12\/guanajuato-celebrara-la-7a-edicion-del-festival-del-dia-de-los-muertos-vivelo-en-guanajuato\/"},"author":{"name":"Redacci\u00f3n","@id":"https:\/\/nitu.mx\/#\/schema\/person\/4a28fe9bd65924f7c90623773daf1b0b"},"headline":"Guanajuato celebrar\u00e1 la 7a edici\u00f3n del Festival del D\u00eda de los Muertos \u201c\u00a1V\u00edvelo en Guanajuato!\u201d","datePublished":"2025-10-12T23:00:00+00:00","dateModified":"2025-10-12T19:44:18+00:00","mainEntityOfPage":{"@id":"https:\/\/nitu.mx\/index.php\/2025\/10\/12\/guanajuato-celebrara-la-7a-edicion-del-festival-del-dia-de-los-muertos-vivelo-en-guanajuato\/"},"wordCount":499,"publisher":{"@id":"https:\/\/nitu.mx\/#\/schema\/person\/ae7a53426417292d3dd07b45a33e01bc"},"image":{"@id":"https:\/\/nitu.mx\/index.php\/2025\/10\/12\/guanajuato-celebrara-la-7a-edicion-del-festival-del-dia-de-los-muertos-vivelo-en-guanajuato\/#primaryimage"},"thumbnailUrl":"https:\/\/nitu.mx\/wp-content\/uploads\/2025\/10\/Guanajuato-Conferencia-Prensa-Festival-dia-de-Muertos-2025.jpg","keywords":["D\u00eda de Muertos","Guadalupe Robles","Guanajuato","Sectur"],"articleSection":["Destinos"],"inLanguage":"es-MX"},{"@type":"WebPage","@id":"https:\/\/nitu.mx\/index.php\/2025\/10\/12\/guanajuato-celebrara-la-7a-edicion-del-festival-del-dia-de-los-muertos-vivelo-en-guanajuato\/","url":"https:\/\/nitu.mx\/index.php\/2025\/10\/12\/guanajuato-celebrara-la-7a-edicion-del-festival-del-dia-de-los-muertos-vivelo-en-guanajuato\/","name":"Guanajuato celebrar\u00e1 la 7a edici\u00f3n del Festival del D\u00eda de los Muertos \u201c\u00a1V\u00edvelo en Guanajuato!\u201d - Nitu - Noticias de la Industria Turistica","isPartOf":{"@id":"https:\/\/nitu.mx\/#website"},"primaryImageOfPage":{"@id":"https:\/\/nitu.mx\/index.php\/2025\/10\/12\/guanajuato-celebrara-la-7a-edicion-del-festival-del-dia-de-los-muertos-vivelo-en-guanajuato\/#primaryimage"},"image":{"@id":"https:\/\/nitu.mx\/index.php\/2025\/10\/12\/guanajuato-celebrara-la-7a-edicion-del-festival-del-dia-de-los-muertos-vivelo-en-guanajuato\/#primaryimage"},"thumbnailUrl":"https:\/\/nitu.mx\/wp-content\/uploads\/2025\/10\/Guanajuato-Conferencia-Prensa-Festival-dia-de-Muertos-2025.jpg","datePublished":"2025-10-12T23:00:00+00:00","dateModified":"2025-10-12T19:44:18+00:00","breadcrumb":{"@id":"https:\/\/nitu.mx\/index.php\/2025\/10\/12\/guanajuato-celebrara-la-7a-edicion-del-festival-del-dia-de-los-muertos-vivelo-en-guanajuato\/#breadcrumb"},"inLanguage":"es-MX","potentialAction":[{"@type":"ReadAction","target":["https:\/\/nitu.mx\/index.php\/2025\/10\/12\/guanajuato-celebrara-la-7a-edicion-del-festival-del-dia-de-los-muertos-vivelo-en-guanajuato\/"]}]},{"@type":"ImageObject","inLanguage":"es-MX","@id":"https:\/\/nitu.mx\/index.php\/2025\/10\/12\/guanajuato-celebrara-la-7a-edicion-del-festival-del-dia-de-los-muertos-vivelo-en-guanajuato\/#primaryimage","url":"https:\/\/nitu.mx\/wp-content\/uploads\/2025\/10\/Guanajuato-Conferencia-Prensa-Festival-dia-de-Muertos-2025.jpg","contentUrl":"https:\/\/nitu.mx\/wp-content\/uploads\/2025\/10\/Guanajuato-Conferencia-Prensa-Festival-dia-de-Muertos-2025.jpg","width":1200,"height":675,"caption":"Guanajuato Conferencia Prensa Festival di\u0301a de Muertos 2025"},{"@type":"BreadcrumbList","@id":"https:\/\/nitu.mx\/index.php\/2025\/10\/12\/guanajuato-celebrara-la-7a-edicion-del-festival-del-dia-de-los-muertos-vivelo-en-guanajuato\/#breadcrumb","itemListElement":[{"@type":"ListItem","position":1,"name":"Inicio","item":"https:\/\/nitu.mx\/"},{"@type":"ListItem","position":2,"name":"Guanajuato celebrar\u00e1 la 7a edici\u00f3n del Festival del D\u00eda de los Muertos \u201c\u00a1V\u00edvelo en Guanajuato!\u201d"}]},{"@type":"WebSite","@id":"https:\/\/nitu.mx\/#website","url":"https:\/\/nitu.mx\/","name":"Nitu - Noticias de la Industria Turistica","description":"Noticias de la Industria Turistica","publisher":{"@id":"https:\/\/nitu.mx\/#\/schema\/person\/ae7a53426417292d3dd07b45a33e01bc"},"alternateName":"Noticias de la Industria Turistica","potentialAction":[{"@type":"SearchAction","target":{"@type":"EntryPoint","urlTemplate":"https:\/\/nitu.mx\/?s={search_term_string}"},"query-input":"required name=search_term_string"}],"inLanguage":"es-MX"},{"@type":["Person","Organization"],"@id":"https:\/\/nitu.mx\/#\/schema\/person\/ae7a53426417292d3dd07b45a33e01bc","name":"Arturo Medina","image":{"@type":"ImageObject","inLanguage":"es-MX","@id":"https:\/\/nitu.mx\/#\/schema\/person\/image\/","url":"https:\/\/nitu.mx\/wp-content\/uploads\/2024\/04\/4A315622-1904-4D5C-B022-878CDC840E04-90x90-1.jpeg","contentUrl":"https:\/\/nitu.mx\/wp-content\/uploads\/2024\/04\/4A315622-1904-4D5C-B022-878CDC840E04-90x90-1.jpeg","width":90,"height":90,"caption":"Arturo Medina"},"logo":{"@id":"https:\/\/nitu.mx\/#\/schema\/person\/image\/"},"description":"Director NITU.mx, Egresado de la Escuela de Periodismo Carlos Septi\u00e9n Garc\u00eda. Periodista y analista especializado en turismo desde hace 35 a\u00f1os, radicado en Canc\u00fan Q.Roo. arturo@nitu.mx","sameAs":["https:\/\/nitu.mx","https:\/\/www.facebook.com\/NITUmx\/","medinacancun","https:\/\/twitter.com\/@Arturo_Medina_G"]},{"@type":"Person","@id":"https:\/\/nitu.mx\/#\/schema\/person\/4a28fe9bd65924f7c90623773daf1b0b","name":"Redacci\u00f3n","image":{"@type":"ImageObject","inLanguage":"es-MX","@id":"https:\/\/nitu.mx\/#\/schema\/person\/image\/","url":"https:\/\/secure.gravatar.com\/avatar\/5dd011c8ccfc5cd7e4c81e42252aab38?s=96&d=mm&r=g","contentUrl":"https:\/\/secure.gravatar.com\/avatar\/5dd011c8ccfc5cd7e4c81e42252aab38?s=96&d=mm&r=g","caption":"Redacci\u00f3n"},"url":"https:\/\/nitu.mx\/index.php\/author\/redaccion\/"}]}},"views":475,"_links":{"self":[{"href":"https:\/\/nitu.mx\/index.php\/wp-json\/wp\/v2\/posts\/83926"}],"collection":[{"href":"https:\/\/nitu.mx\/index.php\/wp-json\/wp\/v2\/posts"}],"about":[{"href":"https:\/\/nitu.mx\/index.php\/wp-json\/wp\/v2\/types\/post"}],"author":[{"embeddable":true,"href":"https:\/\/nitu.mx\/index.php\/wp-json\/wp\/v2\/users\/17"}],"replies":[{"embeddable":true,"href":"https:\/\/nitu.mx\/index.php\/wp-json\/wp\/v2\/comments?post=83926"}],"version-history":[{"count":1,"href":"https:\/\/nitu.mx\/index.php\/wp-json\/wp\/v2\/posts\/83926\/revisions"}],"predecessor-version":[{"id":83929,"href":"https:\/\/nitu.mx\/index.php\/wp-json\/wp\/v2\/posts\/83926\/revisions\/83929"}],"wp:featuredmedia":[{"embeddable":true,"href":"https:\/\/nitu.mx\/index.php\/wp-json\/wp\/v2\/media\/83928"}],"wp:attachment":[{"href":"https:\/\/nitu.mx\/index.php\/wp-json\/wp\/v2\/media?parent=83926"}],"wp:term":[{"taxonomy":"category","embeddable":true,"href":"https:\/\/nitu.mx\/index.php\/wp-json\/wp\/v2\/categories?post=83926"},{"taxonomy":"post_tag","embeddable":true,"href":"https:\/\/nitu.mx\/index.php\/wp-json\/wp\/v2\/tags?post=83926"}],"curies":[{"name":"wp","href":"https:\/\/api.w.org\/{rel}","templated":true}]}}