{"id":83923,"date":"2025-10-12T15:00:00","date_gmt":"2025-10-12T21:00:00","guid":{"rendered":"https:\/\/nitu.mx\/?p=83923"},"modified":"2025-10-12T13:35:08","modified_gmt":"2025-10-12T19:35:08","slug":"profeco-calibra-190-basculas-de-aerolineas-en-el-aicm-en-atencion-a-solicitudes","status":"publish","type":"post","link":"https:\/\/nitu.mx\/index.php\/2025\/10\/12\/profeco-calibra-190-basculas-de-aerolineas-en-el-aicm-en-atencion-a-solicitudes\/","title":{"rendered":"Profeco calibra 190 b\u00e1sculas de aerol\u00edneas en el AICM en atenci\u00f3n a solicitudes"},"content":{"rendered":"\n<p>La Procuradur\u00eda Federal del Consumidor (Profeco) calibr\u00f3 190 b\u00e1sculas de diferentes aerol\u00edneas que prestan sus servicios en el Aeropuerto Internacional Benito Ju\u00e1rez de la Ciudad de M\u00e9xico (AICM).<\/p>\n\n\n\n<p>Las calibraciones respondieron a nueve solicitudes de verificaci\u00f3n que realizaron los proveedores, con el fin de ajustar los instrumentos de medici\u00f3n que son utilizados para el pesaje de equipaje y paqueter\u00eda.<\/p>\n\n\n\n<p>Las aerol\u00edneas que solicitaron el servicio de la Profeco para cumplir con la obligatoriedad de la verificaci\u00f3n, fueron: Aerom\u00e9xico, zona Hangares paqueter\u00eda, se le colocaron 42 hologramas; Aerom\u00e9xico, Terminal 2, 109 hologramas; Delta Air Lines, siete hologramas; Compa\u00f1\u00eda Paname\u00f1a de Aviaci\u00f3n, cinco hologramas; United Airlines, 11; British Airways, cuatro; American Airlines, ocho; e Iberia, cuatro hologramas.<\/p>\n\n\n\n<p>Con estas acciones, los proveedores dan certeza a las y los viajeros de que su equipaje o paqueter\u00eda est\u00e1 pesado correctamente; en tanto, la Procuradur\u00eda vigila que las personas consumidoras reciban lo justo por lo que pagan<\/p>\n\n\n\n<p>La instituci\u00f3n recuerda que el personal debe identificarse portando en todo momento el gafete oficial y los documentos donde se indica la orden para verificar el establecimiento. (<a href=\"https:\/\/nitu.mx\/index.php\/2025\/08\/31\/profeco-recupera-mas-de-3-7-millones-de-pesos-en-favor-de-los-turistas-estas-vacaciones\/\">Profeco recupera m\u00e1s de 3.7 millones de pesos en favor de los turistas estas vacaciones<\/a>).<\/p>\n","protected":false},"excerpt":{"rendered":"<p>La Procuradur\u00eda Federal del Consumidor (Profeco) calibr\u00f3 190 b\u00e1sculas de diferentes aerol\u00edneas que prestan sus servicios en el Aeropuerto Internacional Benito Ju\u00e1rez de la Ciudad de M\u00e9xico (AICM). Las calibraciones respondieron a nueve solicitudes de verificaci\u00f3n que realizaron los proveedores, con el fin de ajustar los instrumentos de medici\u00f3n que son utilizados para el pesaje [&hellip;]<\/p>\n","protected":false},"author":17,"featured_media":38344,"comment_status":"closed","ping_status":"closed","sticky":false,"template":"","format":"standard","meta":{"footnotes":""},"categories":[12],"tags":[30,294,27745,1520,31],"yoast_head":"<!-- This site is optimized with the Yoast SEO plugin v22.2 - https:\/\/yoast.com\/wordpress\/plugins\/seo\/ -->\n<title>Profeco calibra 190 b\u00e1sculas de aerol\u00edneas en el AICM en atenci\u00f3n a solicitudes - Nitu - Noticias de la Industria Turistica<\/title>\n<meta name=\"robots\" content=\"index, follow, max-snippet:-1, max-image-preview:large, max-video-preview:-1\" \/>\n<link rel=\"canonical\" href=\"https:\/\/nitu.mx\/index.php\/2025\/10\/12\/profeco-calibra-190-basculas-de-aerolineas-en-el-aicm-en-atencion-a-solicitudes\/\" \/>\n<meta name=\"twitter:card\" content=\"summary_large_image\" \/>\n<meta name=\"twitter:title\" content=\"Profeco calibra 190 b\u00e1sculas de aerol\u00edneas en el AICM en atenci\u00f3n a solicitudes - Nitu - Noticias de la Industria Turistica\" \/>\n<meta name=\"twitter:description\" content=\"La Procuradur\u00eda Federal del Consumidor (Profeco) calibr\u00f3 190 b\u00e1sculas de diferentes aerol\u00edneas que prestan sus servicios en el Aeropuerto Internacional Benito Ju\u00e1rez de la Ciudad de M\u00e9xico (AICM). Las calibraciones respondieron a nueve solicitudes de verificaci\u00f3n que realizaron los proveedores, con el fin de ajustar los instrumentos de medici\u00f3n que son utilizados para el pesaje [&hellip;]\" \/>\n<meta name=\"twitter:image\" content=\"https:\/\/nitu.mx\/wp-content\/uploads\/2019\/12\/aeromexico-aicm-.jpg\" \/>\n<meta name=\"twitter:creator\" content=\"@NITUmx\" \/>\n<meta name=\"twitter:site\" content=\"@Arturo_Medina_G\" \/>\n<meta name=\"twitter:label1\" content=\"Escrito por\" \/>\n\t<meta name=\"twitter:data1\" content=\"Redacci\u00f3n\" \/>\n\t<meta name=\"twitter:label2\" content=\"Tiempo de lectura\" \/>\n\t<meta name=\"twitter:data2\" content=\"1 minuto\" \/>\n<script type=\"application\/ld+json\" class=\"yoast-schema-graph\">{\"@context\":\"https:\/\/schema.org\",\"@graph\":[{\"@type\":\"Article\",\"@id\":\"https:\/\/nitu.mx\/index.php\/2025\/10\/12\/profeco-calibra-190-basculas-de-aerolineas-en-el-aicm-en-atencion-a-solicitudes\/#article\",\"isPartOf\":{\"@id\":\"https:\/\/nitu.mx\/index.php\/2025\/10\/12\/profeco-calibra-190-basculas-de-aerolineas-en-el-aicm-en-atencion-a-solicitudes\/\"},\"author\":{\"name\":\"Redacci\u00f3n\",\"@id\":\"https:\/\/nitu.mx\/#\/schema\/person\/4a28fe9bd65924f7c90623773daf1b0b\"},\"headline\":\"Profeco calibra 190 b\u00e1sculas de aerol\u00edneas en el AICM en atenci\u00f3n a solicitudes\",\"datePublished\":\"2025-10-12T21:00:00+00:00\",\"dateModified\":\"2025-10-12T19:35:08+00:00\",\"mainEntityOfPage\":{\"@id\":\"https:\/\/nitu.mx\/index.php\/2025\/10\/12\/profeco-calibra-190-basculas-de-aerolineas-en-el-aicm-en-atencion-a-solicitudes\/\"},\"wordCount\":223,\"publisher\":{\"@id\":\"https:\/\/nitu.mx\/#\/schema\/person\/ae7a53426417292d3dd07b45a33e01bc\"},\"image\":{\"@id\":\"https:\/\/nitu.mx\/index.php\/2025\/10\/12\/profeco-calibra-190-basculas-de-aerolineas-en-el-aicm-en-atencion-a-solicitudes\/#primaryimage\"},\"thumbnailUrl\":\"https:\/\/nitu.mx\/wp-content\/uploads\/2019\/12\/aeromexico-aicm-.jpg\",\"keywords\":[\"Aerom\u00e9xico\",\"AICM\",\"b\u00e1sculas\",\"Delta Air Lines\",\"Profeco\"],\"articleSection\":[\"Marketing\"],\"inLanguage\":\"es-MX\"},{\"@type\":\"WebPage\",\"@id\":\"https:\/\/nitu.mx\/index.php\/2025\/10\/12\/profeco-calibra-190-basculas-de-aerolineas-en-el-aicm-en-atencion-a-solicitudes\/\",\"url\":\"https:\/\/nitu.mx\/index.php\/2025\/10\/12\/profeco-calibra-190-basculas-de-aerolineas-en-el-aicm-en-atencion-a-solicitudes\/\",\"name\":\"Profeco calibra 190 b\u00e1sculas de aerol\u00edneas en el AICM en atenci\u00f3n a solicitudes - Nitu - Noticias de la Industria Turistica\",\"isPartOf\":{\"@id\":\"https:\/\/nitu.mx\/#website\"},\"primaryImageOfPage\":{\"@id\":\"https:\/\/nitu.mx\/index.php\/2025\/10\/12\/profeco-calibra-190-basculas-de-aerolineas-en-el-aicm-en-atencion-a-solicitudes\/#primaryimage\"},\"image\":{\"@id\":\"https:\/\/nitu.mx\/index.php\/2025\/10\/12\/profeco-calibra-190-basculas-de-aerolineas-en-el-aicm-en-atencion-a-solicitudes\/#primaryimage\"},\"thumbnailUrl\":\"https:\/\/nitu.mx\/wp-content\/uploads\/2019\/12\/aeromexico-aicm-.jpg\",\"datePublished\":\"2025-10-12T21:00:00+00:00\",\"dateModified\":\"2025-10-12T19:35:08+00:00\",\"breadcrumb\":{\"@id\":\"https:\/\/nitu.mx\/index.php\/2025\/10\/12\/profeco-calibra-190-basculas-de-aerolineas-en-el-aicm-en-atencion-a-solicitudes\/#breadcrumb\"},\"inLanguage\":\"es-MX\",\"potentialAction\":[{\"@type\":\"ReadAction\",\"target\":[\"https:\/\/nitu.mx\/index.php\/2025\/10\/12\/profeco-calibra-190-basculas-de-aerolineas-en-el-aicm-en-atencion-a-solicitudes\/\"]}]},{\"@type\":\"ImageObject\",\"inLanguage\":\"es-MX\",\"@id\":\"https:\/\/nitu.mx\/index.php\/2025\/10\/12\/profeco-calibra-190-basculas-de-aerolineas-en-el-aicm-en-atencion-a-solicitudes\/#primaryimage\",\"url\":\"https:\/\/nitu.mx\/wp-content\/uploads\/2019\/12\/aeromexico-aicm-.jpg\",\"contentUrl\":\"https:\/\/nitu.mx\/wp-content\/uploads\/2019\/12\/aeromexico-aicm-.jpg\",\"width\":850,\"height\":480,\"caption\":\"aeromexico aicm Categor\u00eda 1\"},{\"@type\":\"BreadcrumbList\",\"@id\":\"https:\/\/nitu.mx\/index.php\/2025\/10\/12\/profeco-calibra-190-basculas-de-aerolineas-en-el-aicm-en-atencion-a-solicitudes\/#breadcrumb\",\"itemListElement\":[{\"@type\":\"ListItem\",\"position\":1,\"name\":\"Inicio\",\"item\":\"https:\/\/nitu.mx\/\"},{\"@type\":\"ListItem\",\"position\":2,\"name\":\"Profeco calibra 190 b\u00e1sculas de aerol\u00edneas en el AICM en atenci\u00f3n a solicitudes\"}]},{\"@type\":\"WebSite\",\"@id\":\"https:\/\/nitu.mx\/#website\",\"url\":\"https:\/\/nitu.mx\/\",\"name\":\"Nitu - Noticias de la Industria Turistica\",\"description\":\"Noticias de la Industria Turistica\",\"publisher\":{\"@id\":\"https:\/\/nitu.mx\/#\/schema\/person\/ae7a53426417292d3dd07b45a33e01bc\"},\"alternateName\":\"Noticias de la Industria Turistica\",\"potentialAction\":[{\"@type\":\"SearchAction\",\"target\":{\"@type\":\"EntryPoint\",\"urlTemplate\":\"https:\/\/nitu.mx\/?s={search_term_string}\"},\"query-input\":\"required name=search_term_string\"}],\"inLanguage\":\"es-MX\"},{\"@type\":[\"Person\",\"Organization\"],\"@id\":\"https:\/\/nitu.mx\/#\/schema\/person\/ae7a53426417292d3dd07b45a33e01bc\",\"name\":\"Arturo Medina\",\"image\":{\"@type\":\"ImageObject\",\"inLanguage\":\"es-MX\",\"@id\":\"https:\/\/nitu.mx\/#\/schema\/person\/image\/\",\"url\":\"https:\/\/nitu.mx\/wp-content\/uploads\/2024\/04\/4A315622-1904-4D5C-B022-878CDC840E04-90x90-1.jpeg\",\"contentUrl\":\"https:\/\/nitu.mx\/wp-content\/uploads\/2024\/04\/4A315622-1904-4D5C-B022-878CDC840E04-90x90-1.jpeg\",\"width\":90,\"height\":90,\"caption\":\"Arturo Medina\"},\"logo\":{\"@id\":\"https:\/\/nitu.mx\/#\/schema\/person\/image\/\"},\"description\":\"Director NITU.mx, Egresado de la Escuela de Periodismo Carlos Septi\u00e9n Garc\u00eda. Periodista y analista especializado en turismo desde hace 35 a\u00f1os, radicado en Canc\u00fan Q.Roo. arturo@nitu.mx\",\"sameAs\":[\"https:\/\/nitu.mx\",\"https:\/\/www.facebook.com\/NITUmx\/\",\"medinacancun\",\"https:\/\/twitter.com\/@Arturo_Medina_G\"]},{\"@type\":\"Person\",\"@id\":\"https:\/\/nitu.mx\/#\/schema\/person\/4a28fe9bd65924f7c90623773daf1b0b\",\"name\":\"Redacci\u00f3n\",\"image\":{\"@type\":\"ImageObject\",\"inLanguage\":\"es-MX\",\"@id\":\"https:\/\/nitu.mx\/#\/schema\/person\/image\/\",\"url\":\"https:\/\/secure.gravatar.com\/avatar\/5dd011c8ccfc5cd7e4c81e42252aab38?s=96&d=mm&r=g\",\"contentUrl\":\"https:\/\/secure.gravatar.com\/avatar\/5dd011c8ccfc5cd7e4c81e42252aab38?s=96&d=mm&r=g\",\"caption\":\"Redacci\u00f3n\"},\"url\":\"https:\/\/nitu.mx\/index.php\/author\/redaccion\/\"}]}<\/script>\n<!-- \/ Yoast SEO plugin. -->","yoast_head_json":{"title":"Profeco calibra 190 b\u00e1sculas de aerol\u00edneas en el AICM en atenci\u00f3n a solicitudes - Nitu - Noticias de la Industria Turistica","robots":{"index":"index","follow":"follow","max-snippet":"max-snippet:-1","max-image-preview":"max-image-preview:large","max-video-preview":"max-video-preview:-1"},"canonical":"https:\/\/nitu.mx\/index.php\/2025\/10\/12\/profeco-calibra-190-basculas-de-aerolineas-en-el-aicm-en-atencion-a-solicitudes\/","twitter_card":"summary_large_image","twitter_title":"Profeco calibra 190 b\u00e1sculas de aerol\u00edneas en el AICM en atenci\u00f3n a solicitudes - Nitu - Noticias de la Industria Turistica","twitter_description":"La Procuradur\u00eda Federal del Consumidor (Profeco) calibr\u00f3 190 b\u00e1sculas de diferentes aerol\u00edneas que prestan sus servicios en el Aeropuerto Internacional Benito Ju\u00e1rez de la Ciudad de M\u00e9xico (AICM). Las calibraciones respondieron a nueve solicitudes de verificaci\u00f3n que realizaron los proveedores, con el fin de ajustar los instrumentos de medici\u00f3n que son utilizados para el pesaje [&hellip;]","twitter_image":"https:\/\/nitu.mx\/wp-content\/uploads\/2019\/12\/aeromexico-aicm-.jpg","twitter_creator":"@NITUmx","twitter_site":"@Arturo_Medina_G","twitter_misc":{"Escrito por":"Redacci\u00f3n","Tiempo de lectura":"1 minuto"},"schema":{"@context":"https:\/\/schema.org","@graph":[{"@type":"Article","@id":"https:\/\/nitu.mx\/index.php\/2025\/10\/12\/profeco-calibra-190-basculas-de-aerolineas-en-el-aicm-en-atencion-a-solicitudes\/#article","isPartOf":{"@id":"https:\/\/nitu.mx\/index.php\/2025\/10\/12\/profeco-calibra-190-basculas-de-aerolineas-en-el-aicm-en-atencion-a-solicitudes\/"},"author":{"name":"Redacci\u00f3n","@id":"https:\/\/nitu.mx\/#\/schema\/person\/4a28fe9bd65924f7c90623773daf1b0b"},"headline":"Profeco calibra 190 b\u00e1sculas de aerol\u00edneas en el AICM en atenci\u00f3n a solicitudes","datePublished":"2025-10-12T21:00:00+00:00","dateModified":"2025-10-12T19:35:08+00:00","mainEntityOfPage":{"@id":"https:\/\/nitu.mx\/index.php\/2025\/10\/12\/profeco-calibra-190-basculas-de-aerolineas-en-el-aicm-en-atencion-a-solicitudes\/"},"wordCount":223,"publisher":{"@id":"https:\/\/nitu.mx\/#\/schema\/person\/ae7a53426417292d3dd07b45a33e01bc"},"image":{"@id":"https:\/\/nitu.mx\/index.php\/2025\/10\/12\/profeco-calibra-190-basculas-de-aerolineas-en-el-aicm-en-atencion-a-solicitudes\/#primaryimage"},"thumbnailUrl":"https:\/\/nitu.mx\/wp-content\/uploads\/2019\/12\/aeromexico-aicm-.jpg","keywords":["Aerom\u00e9xico","AICM","b\u00e1sculas","Delta Air Lines","Profeco"],"articleSection":["Marketing"],"inLanguage":"es-MX"},{"@type":"WebPage","@id":"https:\/\/nitu.mx\/index.php\/2025\/10\/12\/profeco-calibra-190-basculas-de-aerolineas-en-el-aicm-en-atencion-a-solicitudes\/","url":"https:\/\/nitu.mx\/index.php\/2025\/10\/12\/profeco-calibra-190-basculas-de-aerolineas-en-el-aicm-en-atencion-a-solicitudes\/","name":"Profeco calibra 190 b\u00e1sculas de aerol\u00edneas en el AICM en atenci\u00f3n a solicitudes - Nitu - Noticias de la Industria Turistica","isPartOf":{"@id":"https:\/\/nitu.mx\/#website"},"primaryImageOfPage":{"@id":"https:\/\/nitu.mx\/index.php\/2025\/10\/12\/profeco-calibra-190-basculas-de-aerolineas-en-el-aicm-en-atencion-a-solicitudes\/#primaryimage"},"image":{"@id":"https:\/\/nitu.mx\/index.php\/2025\/10\/12\/profeco-calibra-190-basculas-de-aerolineas-en-el-aicm-en-atencion-a-solicitudes\/#primaryimage"},"thumbnailUrl":"https:\/\/nitu.mx\/wp-content\/uploads\/2019\/12\/aeromexico-aicm-.jpg","datePublished":"2025-10-12T21:00:00+00:00","dateModified":"2025-10-12T19:35:08+00:00","breadcrumb":{"@id":"https:\/\/nitu.mx\/index.php\/2025\/10\/12\/profeco-calibra-190-basculas-de-aerolineas-en-el-aicm-en-atencion-a-solicitudes\/#breadcrumb"},"inLanguage":"es-MX","potentialAction":[{"@type":"ReadAction","target":["https:\/\/nitu.mx\/index.php\/2025\/10\/12\/profeco-calibra-190-basculas-de-aerolineas-en-el-aicm-en-atencion-a-solicitudes\/"]}]},{"@type":"ImageObject","inLanguage":"es-MX","@id":"https:\/\/nitu.mx\/index.php\/2025\/10\/12\/profeco-calibra-190-basculas-de-aerolineas-en-el-aicm-en-atencion-a-solicitudes\/#primaryimage","url":"https:\/\/nitu.mx\/wp-content\/uploads\/2019\/12\/aeromexico-aicm-.jpg","contentUrl":"https:\/\/nitu.mx\/wp-content\/uploads\/2019\/12\/aeromexico-aicm-.jpg","width":850,"height":480,"caption":"aeromexico aicm Categor\u00eda 1"},{"@type":"BreadcrumbList","@id":"https:\/\/nitu.mx\/index.php\/2025\/10\/12\/profeco-calibra-190-basculas-de-aerolineas-en-el-aicm-en-atencion-a-solicitudes\/#breadcrumb","itemListElement":[{"@type":"ListItem","position":1,"name":"Inicio","item":"https:\/\/nitu.mx\/"},{"@type":"ListItem","position":2,"name":"Profeco calibra 190 b\u00e1sculas de aerol\u00edneas en el AICM en atenci\u00f3n a solicitudes"}]},{"@type":"WebSite","@id":"https:\/\/nitu.mx\/#website","url":"https:\/\/nitu.mx\/","name":"Nitu - Noticias de la Industria Turistica","description":"Noticias de la Industria Turistica","publisher":{"@id":"https:\/\/nitu.mx\/#\/schema\/person\/ae7a53426417292d3dd07b45a33e01bc"},"alternateName":"Noticias de la Industria Turistica","potentialAction":[{"@type":"SearchAction","target":{"@type":"EntryPoint","urlTemplate":"https:\/\/nitu.mx\/?s={search_term_string}"},"query-input":"required name=search_term_string"}],"inLanguage":"es-MX"},{"@type":["Person","Organization"],"@id":"https:\/\/nitu.mx\/#\/schema\/person\/ae7a53426417292d3dd07b45a33e01bc","name":"Arturo Medina","image":{"@type":"ImageObject","inLanguage":"es-MX","@id":"https:\/\/nitu.mx\/#\/schema\/person\/image\/","url":"https:\/\/nitu.mx\/wp-content\/uploads\/2024\/04\/4A315622-1904-4D5C-B022-878CDC840E04-90x90-1.jpeg","contentUrl":"https:\/\/nitu.mx\/wp-content\/uploads\/2024\/04\/4A315622-1904-4D5C-B022-878CDC840E04-90x90-1.jpeg","width":90,"height":90,"caption":"Arturo Medina"},"logo":{"@id":"https:\/\/nitu.mx\/#\/schema\/person\/image\/"},"description":"Director NITU.mx, Egresado de la Escuela de Periodismo Carlos Septi\u00e9n Garc\u00eda. Periodista y analista especializado en turismo desde hace 35 a\u00f1os, radicado en Canc\u00fan Q.Roo. arturo@nitu.mx","sameAs":["https:\/\/nitu.mx","https:\/\/www.facebook.com\/NITUmx\/","medinacancun","https:\/\/twitter.com\/@Arturo_Medina_G"]},{"@type":"Person","@id":"https:\/\/nitu.mx\/#\/schema\/person\/4a28fe9bd65924f7c90623773daf1b0b","name":"Redacci\u00f3n","image":{"@type":"ImageObject","inLanguage":"es-MX","@id":"https:\/\/nitu.mx\/#\/schema\/person\/image\/","url":"https:\/\/secure.gravatar.com\/avatar\/5dd011c8ccfc5cd7e4c81e42252aab38?s=96&d=mm&r=g","contentUrl":"https:\/\/secure.gravatar.com\/avatar\/5dd011c8ccfc5cd7e4c81e42252aab38?s=96&d=mm&r=g","caption":"Redacci\u00f3n"},"url":"https:\/\/nitu.mx\/index.php\/author\/redaccion\/"}]}},"views":417,"_links":{"self":[{"href":"https:\/\/nitu.mx\/index.php\/wp-json\/wp\/v2\/posts\/83923"}],"collection":[{"href":"https:\/\/nitu.mx\/index.php\/wp-json\/wp\/v2\/posts"}],"about":[{"href":"https:\/\/nitu.mx\/index.php\/wp-json\/wp\/v2\/types\/post"}],"author":[{"embeddable":true,"href":"https:\/\/nitu.mx\/index.php\/wp-json\/wp\/v2\/users\/17"}],"replies":[{"embeddable":true,"href":"https:\/\/nitu.mx\/index.php\/wp-json\/wp\/v2\/comments?post=83923"}],"version-history":[{"count":1,"href":"https:\/\/nitu.mx\/index.php\/wp-json\/wp\/v2\/posts\/83923\/revisions"}],"predecessor-version":[{"id":83925,"href":"https:\/\/nitu.mx\/index.php\/wp-json\/wp\/v2\/posts\/83923\/revisions\/83925"}],"wp:featuredmedia":[{"embeddable":true,"href":"https:\/\/nitu.mx\/index.php\/wp-json\/wp\/v2\/media\/38344"}],"wp:attachment":[{"href":"https:\/\/nitu.mx\/index.php\/wp-json\/wp\/v2\/media?parent=83923"}],"wp:term":[{"taxonomy":"category","embeddable":true,"href":"https:\/\/nitu.mx\/index.php\/wp-json\/wp\/v2\/categories?post=83923"},{"taxonomy":"post_tag","embeddable":true,"href":"https:\/\/nitu.mx\/index.php\/wp-json\/wp\/v2\/tags?post=83923"}],"curies":[{"name":"wp","href":"https:\/\/api.w.org\/{rel}","templated":true}]}}