{"id":83886,"date":"2025-10-09T21:00:00","date_gmt":"2025-10-10T03:00:00","guid":{"rendered":"https:\/\/nitu.mx\/?p=83886"},"modified":"2025-10-09T20:24:39","modified_gmt":"2025-10-10T02:24:39","slug":"wttc-elige-a-malta-como-sede-para-su-cumbre-global-2026","status":"publish","type":"post","link":"https:\/\/nitu.mx\/index.php\/2025\/10\/09\/wttc-elige-a-malta-como-sede-para-su-cumbre-global-2026\/","title":{"rendered":"WTTC elige a Malta como sede para su Cumbre Global 2026"},"content":{"rendered":"\n<p>El Consejo Mundial de Viajes y Turismo (WTTC, por sus siglas en ingl\u00e9s) anunci\u00f3 oficialmente que su 26\u00aa Cumbre Global se celebrar\u00e1 en La Valeta, Malta, en 2026.<\/p>\n\n\n\n<p>El anuncio se realiz\u00f3 durante la ceremonia de clausura de la 25\u00aa Cumbre Global, que reuni\u00f3 a miles de l\u00edderes del sector global de Viajes y Turismo.<\/p>\n\n\n\n<p>En colaboraci\u00f3n con el Ministerio de Asuntos Exteriores y Turismo de Malta, la Autoridad de Turismo de Malta y el Gobierno de Malta, el evento reunir\u00e1 a l\u00edderes influyentes de los sectores p\u00fablico y privado para abordar el futuro del turismo, con un enfoque en la innovaci\u00f3n, la resiliencia, la sostenibilidad y el crecimiento a largo plazo.<\/p>\n\n\n\n<p>La Valeta, ciudad Patrimonio Mundial de la UNESCO y cruce cultural durante milenios, ha sido seleccionada como ciudad anfitriona de este evento emblem\u00e1tico. Conocida como la Joya del Mediterr\u00e1neo, la capital maltesa ofrece un entorno excepcional para debates de alto nivel, redes de contacto y sesiones de intercambio de conocimiento que definir\u00e1n el rumbo global del sector.<\/p>\n\n\n\n<p>Durante tres d\u00edas en 2026, la Cumbre Global del WTTC servir\u00e1 como una plataforma para forjar alianzas, impulsar inversiones sostenibles y destacar el papel esencial del sector de Viajes y Turismo en la econom\u00eda global.<\/p>\n\n\n\n<p>La directora general interina del WTTC, Gloria Guevara, afirm\u00f3: \u201cEstamos encantados de llevar la Cumbre Global del WTTC a La Valeta, una de las capitales m\u00e1s hermosas de Europa. Malta ofrecer\u00e1 un escenario extraordinario para que l\u00edderes de todo el mundo se re\u00fanan y den forma al futuro del turismo.<\/p>\n\n\n\n<p>\u201cEl turismo es un pilar fundamental de la econom\u00eda maltesa. Este a\u00f1o, el WTTC prev\u00e9 que el sector de Viajes y Turismo de Malta aportar\u00e1 3.600 millones de euros a la econom\u00eda, un 43,5 % por encima de los niveles de 2019. Tambi\u00e9n proyectamos que el sector respaldar\u00e1 uno de cada cinco empleos en el pa\u00eds este a\u00f1o, lo que representa un crecimiento del 18 % respecto a 2019&#8243;, agreg\u00f3.<\/p>\n\n\n\n<p>El Viceprimer Ministro y Ministro de Asuntos Exteriores y Turismo, Ian Borg, expres\u00f3: \u201cEl anuncio en Roma es un momento de orgullo para Malta. Quiero agradecer al WTTC, junto con nuestro Ministerio y la Autoridad de Turismo de Malta, por lograr este gran hito.<\/p>\n\n\n\n<p>\u201cSer sede de la Cumbre Global en La Valeta confirma el creciente papel de Malta como referente en el sector tur\u00edstico global. Esto nos brinda una oportunidad inigualable para mostrar nuestro patrimonio digital, nuestra innovaci\u00f3n y hospitalidad, al tiempo que posicionamos a Malta en el centro de las discusiones sobre sostenibilidad y resiliencia en el turismo&#8221;.<\/p>\n\n\n\n<p>Carlo Micallef, director general de la Autoridad de Turismo de Malta, a\u00f1adi\u00f3: \u201cSer anfitriones de la Cumbre Global del WTTC en La Valeta no solo es un logro extraordinario para Malta, sino tambi\u00e9n una declaraci\u00f3n poderosa sobre nuestro lugar en el escenario tur\u00edstico mundial. Esta cumbre atraer\u00e1 a los l\u00edderes y responsables de decisiones m\u00e1s influyentes del mundo, brind\u00e1ndonos una oportunidad \u00fanica para presentar a Malta como un destino din\u00e1mico, innovador y sostenible.<\/p>\n\n\n\n<p>\u201cRefleja el compromiso inquebrantable de nuestro sector tur\u00edstico por impulsar el crecimiento, adoptar la resiliencia y liderar con visi\u00f3n. M\u00e1s all\u00e1 del impacto econ\u00f3mico inmediato, la Cumbre Global reforzar\u00e1 la reputaci\u00f3n de Malta como un centro de excelencia en turismo, dejando una huella duradera en nuestra industria, nuestra econom\u00eda y nuestra naci\u00f3n.\u201d<\/p>\n\n\n\n<p>El presidente del WTTC, Manfredi Lefebvre, coment\u00f3: \u201cQuiero agradecer al Ministerio de Turismo de Malta, a la Autoridad de Turismo de Malta y al Gobierno de Malta por acoger la Cumbre Global del WTTC 2026, el evento m\u00e1s importante del sector de Viajes y Turismo. La cumbre en La Valeta es una oportunidad extraordinaria para que Malta muestre su rica historia, vibrante cultura y asombrosa hospitalidad.<\/p>\n\n\n\n<p>\u201cMalta, una isla cargada de historia y patrimonio arquitect\u00f3nico, ofrece una combinaci\u00f3n \u00fanica de experiencias que reflejan su diversidad cultural. Desde los templos antiguos hasta la impresionante arquitectura barroca de La Valeta, la riqueza cultural de Malta es un tesoro por descubrir.<\/p>\n\n\n\n<p>\u201cEste evento \u00fanico impulsar\u00e1 el sector hacia adelante y desbloquear\u00e1 oportunidades de inversi\u00f3n para el pa\u00eds, ya que l\u00edderes de todo el mundo se reunir\u00e1n para discutir y dar forma al futuro de nuestro sector. Juntos exploraremos soluciones innovadoras, fomentaremos pr\u00e1cticas sostenibles y reforzaremos nuestro compromiso con el crecimiento a largo plazo y la resiliencia en un mundo en constante cambio.\u201d<\/p>\n\n\n\n<p>La Cumbre Global en Roma fue considerada un \u00e9xito rotundo, con niveles r\u00e9cord de participaci\u00f3n internacional, debates din\u00e1micos sobre el futuro de los Viajes y el Turismo, y compromisos s\u00f3lidos por parte de los sectores p\u00fablico y privado.<\/p>\n\n\n\n<p>M\u00e1s detalles, incluyendo fechas, programa, ponentes e informaci\u00f3n sobre inscripciones para la Cumbre Global 2026, se anunciar\u00e1n en el transcurso del pr\u00f3ximo a\u00f1o.<\/p>\n\n\n\n<p>La 25\u00aa Cumbre Global se celebra en colaboraci\u00f3n con el Ministerio de Turismo de Italia, ENIT (la agencia nacional de turismo), el Ayuntamiento de Roma y la Regi\u00f3n del Lacio.<\/p>\n\n\n\n<p>Otros socios del WTTC incluyen Antonio Lefebvre d\u2019Ovidio Di Bolsonaro Philanthropy, Arsenale Spa, Chase Travel (JPMC), Giacomo Milano, MMGY, MSC Group, Terme di Saturnia y Trip.com Group. (<a href=\"https:\/\/nitu.mx\/index.php\/2025\/09\/30\/wttc-alerta-que-faltaran-43-millones-de-empleos-turisticos-para-la-demanda-de-2035\/\">WTTC alerta que faltar\u00e1n 43 millones de empleos tur\u00edsticos para la demanda de 2035<\/a>).<\/p>\n","protected":false},"excerpt":{"rendered":"<p>El Consejo Mundial de Viajes y Turismo (WTTC, por sus siglas en ingl\u00e9s) anunci\u00f3 oficialmente que su 26\u00aa Cumbre Global se celebrar\u00e1 en La Valeta, Malta, en 2026. El anuncio se realiz\u00f3 durante la ceremonia de clausura de la 25\u00aa Cumbre Global, que reuni\u00f3 a miles de l\u00edderes del sector global de Viajes y Turismo. [&hellip;]<\/p>\n","protected":false},"author":17,"featured_media":83888,"comment_status":"closed","ping_status":"closed","sticky":false,"template":"","format":"standard","meta":{"footnotes":""},"categories":[12],"tags":[18820,1494,27741,4931],"yoast_head":"<!-- This site is optimized with the Yoast SEO plugin v22.2 - https:\/\/yoast.com\/wordpress\/plugins\/seo\/ -->\n<title>WTTC elige a Malta como sede para su Cumbre Global 2026 - Nitu - Noticias de la Industria Turistica<\/title>\n<meta name=\"robots\" content=\"index, follow, max-snippet:-1, max-image-preview:large, max-video-preview:-1\" \/>\n<link rel=\"canonical\" href=\"https:\/\/nitu.mx\/index.php\/2025\/10\/09\/wttc-elige-a-malta-como-sede-para-su-cumbre-global-2026\/\" \/>\n<meta name=\"twitter:card\" content=\"summary_large_image\" \/>\n<meta name=\"twitter:title\" content=\"WTTC elige a Malta como sede para su Cumbre Global 2026 - Nitu - Noticias de la Industria Turistica\" \/>\n<meta name=\"twitter:description\" content=\"El Consejo Mundial de Viajes y Turismo (WTTC, por sus siglas en ingl\u00e9s) anunci\u00f3 oficialmente que su 26\u00aa Cumbre Global se celebrar\u00e1 en La Valeta, Malta, en 2026. El anuncio se realiz\u00f3 durante la ceremonia de clausura de la 25\u00aa Cumbre Global, que reuni\u00f3 a miles de l\u00edderes del sector global de Viajes y Turismo. [&hellip;]\" \/>\n<meta name=\"twitter:image\" content=\"https:\/\/nitu.mx\/wp-content\/uploads\/2025\/10\/Malta.jpg\" \/>\n<meta name=\"twitter:creator\" content=\"@NITUmx\" \/>\n<meta name=\"twitter:site\" content=\"@Arturo_Medina_G\" \/>\n<meta name=\"twitter:label1\" content=\"Escrito por\" \/>\n\t<meta name=\"twitter:data1\" content=\"Redacci\u00f3n\" \/>\n\t<meta name=\"twitter:label2\" content=\"Tiempo de lectura\" \/>\n\t<meta name=\"twitter:data2\" content=\"4 minutos\" \/>\n<script type=\"application\/ld+json\" class=\"yoast-schema-graph\">{\"@context\":\"https:\/\/schema.org\",\"@graph\":[{\"@type\":\"Article\",\"@id\":\"https:\/\/nitu.mx\/index.php\/2025\/10\/09\/wttc-elige-a-malta-como-sede-para-su-cumbre-global-2026\/#article\",\"isPartOf\":{\"@id\":\"https:\/\/nitu.mx\/index.php\/2025\/10\/09\/wttc-elige-a-malta-como-sede-para-su-cumbre-global-2026\/\"},\"author\":{\"name\":\"Redacci\u00f3n\",\"@id\":\"https:\/\/nitu.mx\/#\/schema\/person\/4a28fe9bd65924f7c90623773daf1b0b\"},\"headline\":\"WTTC elige a Malta como sede para su Cumbre Global 2026\",\"datePublished\":\"2025-10-10T03:00:00+00:00\",\"dateModified\":\"2025-10-10T02:24:39+00:00\",\"mainEntityOfPage\":{\"@id\":\"https:\/\/nitu.mx\/index.php\/2025\/10\/09\/wttc-elige-a-malta-como-sede-para-su-cumbre-global-2026\/\"},\"wordCount\":905,\"publisher\":{\"@id\":\"https:\/\/nitu.mx\/#\/schema\/person\/ae7a53426417292d3dd07b45a33e01bc\"},\"image\":{\"@id\":\"https:\/\/nitu.mx\/index.php\/2025\/10\/09\/wttc-elige-a-malta-como-sede-para-su-cumbre-global-2026\/#primaryimage\"},\"thumbnailUrl\":\"https:\/\/nitu.mx\/wp-content\/uploads\/2025\/10\/Malta.jpg\",\"keywords\":[\"Cumbre Global\",\"Gloria Guevara\",\"Malta\",\"WTTC\"],\"articleSection\":[\"Marketing\"],\"inLanguage\":\"es-MX\"},{\"@type\":\"WebPage\",\"@id\":\"https:\/\/nitu.mx\/index.php\/2025\/10\/09\/wttc-elige-a-malta-como-sede-para-su-cumbre-global-2026\/\",\"url\":\"https:\/\/nitu.mx\/index.php\/2025\/10\/09\/wttc-elige-a-malta-como-sede-para-su-cumbre-global-2026\/\",\"name\":\"WTTC elige a Malta como sede para su Cumbre Global 2026 - Nitu - Noticias de la Industria Turistica\",\"isPartOf\":{\"@id\":\"https:\/\/nitu.mx\/#website\"},\"primaryImageOfPage\":{\"@id\":\"https:\/\/nitu.mx\/index.php\/2025\/10\/09\/wttc-elige-a-malta-como-sede-para-su-cumbre-global-2026\/#primaryimage\"},\"image\":{\"@id\":\"https:\/\/nitu.mx\/index.php\/2025\/10\/09\/wttc-elige-a-malta-como-sede-para-su-cumbre-global-2026\/#primaryimage\"},\"thumbnailUrl\":\"https:\/\/nitu.mx\/wp-content\/uploads\/2025\/10\/Malta.jpg\",\"datePublished\":\"2025-10-10T03:00:00+00:00\",\"dateModified\":\"2025-10-10T02:24:39+00:00\",\"breadcrumb\":{\"@id\":\"https:\/\/nitu.mx\/index.php\/2025\/10\/09\/wttc-elige-a-malta-como-sede-para-su-cumbre-global-2026\/#breadcrumb\"},\"inLanguage\":\"es-MX\",\"potentialAction\":[{\"@type\":\"ReadAction\",\"target\":[\"https:\/\/nitu.mx\/index.php\/2025\/10\/09\/wttc-elige-a-malta-como-sede-para-su-cumbre-global-2026\/\"]}]},{\"@type\":\"ImageObject\",\"inLanguage\":\"es-MX\",\"@id\":\"https:\/\/nitu.mx\/index.php\/2025\/10\/09\/wttc-elige-a-malta-como-sede-para-su-cumbre-global-2026\/#primaryimage\",\"url\":\"https:\/\/nitu.mx\/wp-content\/uploads\/2025\/10\/Malta.jpg\",\"contentUrl\":\"https:\/\/nitu.mx\/wp-content\/uploads\/2025\/10\/Malta.jpg\",\"width\":1200,\"height\":675,\"caption\":\"Malta\"},{\"@type\":\"BreadcrumbList\",\"@id\":\"https:\/\/nitu.mx\/index.php\/2025\/10\/09\/wttc-elige-a-malta-como-sede-para-su-cumbre-global-2026\/#breadcrumb\",\"itemListElement\":[{\"@type\":\"ListItem\",\"position\":1,\"name\":\"Inicio\",\"item\":\"https:\/\/nitu.mx\/\"},{\"@type\":\"ListItem\",\"position\":2,\"name\":\"WTTC elige a Malta como sede para su Cumbre Global 2026\"}]},{\"@type\":\"WebSite\",\"@id\":\"https:\/\/nitu.mx\/#website\",\"url\":\"https:\/\/nitu.mx\/\",\"name\":\"Nitu - Noticias de la Industria Turistica\",\"description\":\"Noticias de la Industria Turistica\",\"publisher\":{\"@id\":\"https:\/\/nitu.mx\/#\/schema\/person\/ae7a53426417292d3dd07b45a33e01bc\"},\"alternateName\":\"Noticias de la Industria Turistica\",\"potentialAction\":[{\"@type\":\"SearchAction\",\"target\":{\"@type\":\"EntryPoint\",\"urlTemplate\":\"https:\/\/nitu.mx\/?s={search_term_string}\"},\"query-input\":\"required name=search_term_string\"}],\"inLanguage\":\"es-MX\"},{\"@type\":[\"Person\",\"Organization\"],\"@id\":\"https:\/\/nitu.mx\/#\/schema\/person\/ae7a53426417292d3dd07b45a33e01bc\",\"name\":\"Arturo Medina\",\"image\":{\"@type\":\"ImageObject\",\"inLanguage\":\"es-MX\",\"@id\":\"https:\/\/nitu.mx\/#\/schema\/person\/image\/\",\"url\":\"https:\/\/nitu.mx\/wp-content\/uploads\/2024\/04\/4A315622-1904-4D5C-B022-878CDC840E04-90x90-1.jpeg\",\"contentUrl\":\"https:\/\/nitu.mx\/wp-content\/uploads\/2024\/04\/4A315622-1904-4D5C-B022-878CDC840E04-90x90-1.jpeg\",\"width\":90,\"height\":90,\"caption\":\"Arturo Medina\"},\"logo\":{\"@id\":\"https:\/\/nitu.mx\/#\/schema\/person\/image\/\"},\"description\":\"Director NITU.mx, Egresado de la Escuela de Periodismo Carlos Septi\u00e9n Garc\u00eda. Periodista y analista especializado en turismo desde hace 35 a\u00f1os, radicado en Canc\u00fan Q.Roo. arturo@nitu.mx\",\"sameAs\":[\"https:\/\/nitu.mx\",\"https:\/\/www.facebook.com\/NITUmx\/\",\"medinacancun\",\"https:\/\/twitter.com\/@Arturo_Medina_G\"]},{\"@type\":\"Person\",\"@id\":\"https:\/\/nitu.mx\/#\/schema\/person\/4a28fe9bd65924f7c90623773daf1b0b\",\"name\":\"Redacci\u00f3n\",\"image\":{\"@type\":\"ImageObject\",\"inLanguage\":\"es-MX\",\"@id\":\"https:\/\/nitu.mx\/#\/schema\/person\/image\/\",\"url\":\"https:\/\/secure.gravatar.com\/avatar\/5dd011c8ccfc5cd7e4c81e42252aab38?s=96&d=mm&r=g\",\"contentUrl\":\"https:\/\/secure.gravatar.com\/avatar\/5dd011c8ccfc5cd7e4c81e42252aab38?s=96&d=mm&r=g\",\"caption\":\"Redacci\u00f3n\"},\"url\":\"https:\/\/nitu.mx\/index.php\/author\/redaccion\/\"}]}<\/script>\n<!-- \/ Yoast SEO plugin. -->","yoast_head_json":{"title":"WTTC elige a Malta como sede para su Cumbre Global 2026 - Nitu - Noticias de la Industria Turistica","robots":{"index":"index","follow":"follow","max-snippet":"max-snippet:-1","max-image-preview":"max-image-preview:large","max-video-preview":"max-video-preview:-1"},"canonical":"https:\/\/nitu.mx\/index.php\/2025\/10\/09\/wttc-elige-a-malta-como-sede-para-su-cumbre-global-2026\/","twitter_card":"summary_large_image","twitter_title":"WTTC elige a Malta como sede para su Cumbre Global 2026 - Nitu - Noticias de la Industria Turistica","twitter_description":"El Consejo Mundial de Viajes y Turismo (WTTC, por sus siglas en ingl\u00e9s) anunci\u00f3 oficialmente que su 26\u00aa Cumbre Global se celebrar\u00e1 en La Valeta, Malta, en 2026. El anuncio se realiz\u00f3 durante la ceremonia de clausura de la 25\u00aa Cumbre Global, que reuni\u00f3 a miles de l\u00edderes del sector global de Viajes y Turismo. [&hellip;]","twitter_image":"https:\/\/nitu.mx\/wp-content\/uploads\/2025\/10\/Malta.jpg","twitter_creator":"@NITUmx","twitter_site":"@Arturo_Medina_G","twitter_misc":{"Escrito por":"Redacci\u00f3n","Tiempo de lectura":"4 minutos"},"schema":{"@context":"https:\/\/schema.org","@graph":[{"@type":"Article","@id":"https:\/\/nitu.mx\/index.php\/2025\/10\/09\/wttc-elige-a-malta-como-sede-para-su-cumbre-global-2026\/#article","isPartOf":{"@id":"https:\/\/nitu.mx\/index.php\/2025\/10\/09\/wttc-elige-a-malta-como-sede-para-su-cumbre-global-2026\/"},"author":{"name":"Redacci\u00f3n","@id":"https:\/\/nitu.mx\/#\/schema\/person\/4a28fe9bd65924f7c90623773daf1b0b"},"headline":"WTTC elige a Malta como sede para su Cumbre Global 2026","datePublished":"2025-10-10T03:00:00+00:00","dateModified":"2025-10-10T02:24:39+00:00","mainEntityOfPage":{"@id":"https:\/\/nitu.mx\/index.php\/2025\/10\/09\/wttc-elige-a-malta-como-sede-para-su-cumbre-global-2026\/"},"wordCount":905,"publisher":{"@id":"https:\/\/nitu.mx\/#\/schema\/person\/ae7a53426417292d3dd07b45a33e01bc"},"image":{"@id":"https:\/\/nitu.mx\/index.php\/2025\/10\/09\/wttc-elige-a-malta-como-sede-para-su-cumbre-global-2026\/#primaryimage"},"thumbnailUrl":"https:\/\/nitu.mx\/wp-content\/uploads\/2025\/10\/Malta.jpg","keywords":["Cumbre Global","Gloria Guevara","Malta","WTTC"],"articleSection":["Marketing"],"inLanguage":"es-MX"},{"@type":"WebPage","@id":"https:\/\/nitu.mx\/index.php\/2025\/10\/09\/wttc-elige-a-malta-como-sede-para-su-cumbre-global-2026\/","url":"https:\/\/nitu.mx\/index.php\/2025\/10\/09\/wttc-elige-a-malta-como-sede-para-su-cumbre-global-2026\/","name":"WTTC elige a Malta como sede para su Cumbre Global 2026 - Nitu - Noticias de la Industria Turistica","isPartOf":{"@id":"https:\/\/nitu.mx\/#website"},"primaryImageOfPage":{"@id":"https:\/\/nitu.mx\/index.php\/2025\/10\/09\/wttc-elige-a-malta-como-sede-para-su-cumbre-global-2026\/#primaryimage"},"image":{"@id":"https:\/\/nitu.mx\/index.php\/2025\/10\/09\/wttc-elige-a-malta-como-sede-para-su-cumbre-global-2026\/#primaryimage"},"thumbnailUrl":"https:\/\/nitu.mx\/wp-content\/uploads\/2025\/10\/Malta.jpg","datePublished":"2025-10-10T03:00:00+00:00","dateModified":"2025-10-10T02:24:39+00:00","breadcrumb":{"@id":"https:\/\/nitu.mx\/index.php\/2025\/10\/09\/wttc-elige-a-malta-como-sede-para-su-cumbre-global-2026\/#breadcrumb"},"inLanguage":"es-MX","potentialAction":[{"@type":"ReadAction","target":["https:\/\/nitu.mx\/index.php\/2025\/10\/09\/wttc-elige-a-malta-como-sede-para-su-cumbre-global-2026\/"]}]},{"@type":"ImageObject","inLanguage":"es-MX","@id":"https:\/\/nitu.mx\/index.php\/2025\/10\/09\/wttc-elige-a-malta-como-sede-para-su-cumbre-global-2026\/#primaryimage","url":"https:\/\/nitu.mx\/wp-content\/uploads\/2025\/10\/Malta.jpg","contentUrl":"https:\/\/nitu.mx\/wp-content\/uploads\/2025\/10\/Malta.jpg","width":1200,"height":675,"caption":"Malta"},{"@type":"BreadcrumbList","@id":"https:\/\/nitu.mx\/index.php\/2025\/10\/09\/wttc-elige-a-malta-como-sede-para-su-cumbre-global-2026\/#breadcrumb","itemListElement":[{"@type":"ListItem","position":1,"name":"Inicio","item":"https:\/\/nitu.mx\/"},{"@type":"ListItem","position":2,"name":"WTTC elige a Malta como sede para su Cumbre Global 2026"}]},{"@type":"WebSite","@id":"https:\/\/nitu.mx\/#website","url":"https:\/\/nitu.mx\/","name":"Nitu - Noticias de la Industria Turistica","description":"Noticias de la Industria Turistica","publisher":{"@id":"https:\/\/nitu.mx\/#\/schema\/person\/ae7a53426417292d3dd07b45a33e01bc"},"alternateName":"Noticias de la Industria Turistica","potentialAction":[{"@type":"SearchAction","target":{"@type":"EntryPoint","urlTemplate":"https:\/\/nitu.mx\/?s={search_term_string}"},"query-input":"required name=search_term_string"}],"inLanguage":"es-MX"},{"@type":["Person","Organization"],"@id":"https:\/\/nitu.mx\/#\/schema\/person\/ae7a53426417292d3dd07b45a33e01bc","name":"Arturo Medina","image":{"@type":"ImageObject","inLanguage":"es-MX","@id":"https:\/\/nitu.mx\/#\/schema\/person\/image\/","url":"https:\/\/nitu.mx\/wp-content\/uploads\/2024\/04\/4A315622-1904-4D5C-B022-878CDC840E04-90x90-1.jpeg","contentUrl":"https:\/\/nitu.mx\/wp-content\/uploads\/2024\/04\/4A315622-1904-4D5C-B022-878CDC840E04-90x90-1.jpeg","width":90,"height":90,"caption":"Arturo Medina"},"logo":{"@id":"https:\/\/nitu.mx\/#\/schema\/person\/image\/"},"description":"Director NITU.mx, Egresado de la Escuela de Periodismo Carlos Septi\u00e9n Garc\u00eda. Periodista y analista especializado en turismo desde hace 35 a\u00f1os, radicado en Canc\u00fan Q.Roo. arturo@nitu.mx","sameAs":["https:\/\/nitu.mx","https:\/\/www.facebook.com\/NITUmx\/","medinacancun","https:\/\/twitter.com\/@Arturo_Medina_G"]},{"@type":"Person","@id":"https:\/\/nitu.mx\/#\/schema\/person\/4a28fe9bd65924f7c90623773daf1b0b","name":"Redacci\u00f3n","image":{"@type":"ImageObject","inLanguage":"es-MX","@id":"https:\/\/nitu.mx\/#\/schema\/person\/image\/","url":"https:\/\/secure.gravatar.com\/avatar\/5dd011c8ccfc5cd7e4c81e42252aab38?s=96&d=mm&r=g","contentUrl":"https:\/\/secure.gravatar.com\/avatar\/5dd011c8ccfc5cd7e4c81e42252aab38?s=96&d=mm&r=g","caption":"Redacci\u00f3n"},"url":"https:\/\/nitu.mx\/index.php\/author\/redaccion\/"}]}},"views":351,"_links":{"self":[{"href":"https:\/\/nitu.mx\/index.php\/wp-json\/wp\/v2\/posts\/83886"}],"collection":[{"href":"https:\/\/nitu.mx\/index.php\/wp-json\/wp\/v2\/posts"}],"about":[{"href":"https:\/\/nitu.mx\/index.php\/wp-json\/wp\/v2\/types\/post"}],"author":[{"embeddable":true,"href":"https:\/\/nitu.mx\/index.php\/wp-json\/wp\/v2\/users\/17"}],"replies":[{"embeddable":true,"href":"https:\/\/nitu.mx\/index.php\/wp-json\/wp\/v2\/comments?post=83886"}],"version-history":[{"count":1,"href":"https:\/\/nitu.mx\/index.php\/wp-json\/wp\/v2\/posts\/83886\/revisions"}],"predecessor-version":[{"id":83889,"href":"https:\/\/nitu.mx\/index.php\/wp-json\/wp\/v2\/posts\/83886\/revisions\/83889"}],"wp:featuredmedia":[{"embeddable":true,"href":"https:\/\/nitu.mx\/index.php\/wp-json\/wp\/v2\/media\/83888"}],"wp:attachment":[{"href":"https:\/\/nitu.mx\/index.php\/wp-json\/wp\/v2\/media?parent=83886"}],"wp:term":[{"taxonomy":"category","embeddable":true,"href":"https:\/\/nitu.mx\/index.php\/wp-json\/wp\/v2\/categories?post=83886"},{"taxonomy":"post_tag","embeddable":true,"href":"https:\/\/nitu.mx\/index.php\/wp-json\/wp\/v2\/tags?post=83886"}],"curies":[{"name":"wp","href":"https:\/\/api.w.org\/{rel}","templated":true}]}}