{"id":83859,"date":"2025-10-07T19:30:00","date_gmt":"2025-10-08T01:30:00","guid":{"rendered":"https:\/\/nitu.mx\/?p=83859"},"modified":"2025-10-08T00:18:05","modified_gmt":"2025-10-08T06:18:05","slug":"morelos-sera-la-sede-del-x-foro-mundial-de-la-gastronomia-mexicana","status":"publish","type":"post","link":"https:\/\/nitu.mx\/index.php\/2025\/10\/07\/morelos-sera-la-sede-del-x-foro-mundial-de-la-gastronomia-mexicana\/","title":{"rendered":"Morelos ser\u00e1 la sede del X Foro Mundial de la Gastronom\u00eda Mexicana"},"content":{"rendered":"\n<p>La gobernadora de Morelos, Margarita Gonz\u00e1lez Saravia y la secretaria de Turismo federal, Josefina Rodr\u00edguez Zamora, anunciaron que este estado ser\u00e1 sede del X Foro Mundial de la Gastronom\u00eda Mexicana, que se llevar\u00e1 a cabo del 7 al 9 de noviembre en el Centro Cultural Jard\u00edn Borda y la Plaza General Emiliano Zapata Salazar, en la ciudad de Cuernavaca.<\/p>\n\n\n\n<p>En conferencia de prensa, destacaron que esta d\u00e9cima edici\u00f3n coincide con el 15 aniversario del reconocimiento de la cocina mexicana como Patrimonio Cultural Inmaterial de la Humanidad por la UNESCO. El evento reunir\u00e1 a chefs, cocineras tradicionales, productores, artesanos, acad\u00e9micos y especialistas de todo el pa\u00eds, adem\u00e1s de delegaciones invitadas de Espa\u00f1a, Italia, Estados Unidos y del continente asi\u00e1tico.<\/p>\n\n\n\n<p>La titular del Poder Ejecutivo estatal record\u00f3 que esta actividad forma parte de la agenda cultural y tur\u00edstica \u201cXochicalco, Tierra de Encuentros\u201d, lo que fortalece la proyecci\u00f3n nacional e internacional de Morelos, adem\u00e1s de generar una importante derrama econ\u00f3mica para los prestadores de servicios locales.<\/p>\n\n\n\n<p>\u201cQuiero resaltar que los gobiernos debemos ocuparnos en conservar los elementos de la gastronom\u00eda tradicional. Por eso nos enorgullece que el X Foro Mundial de la Gastronom\u00eda Mexicana se realice en nuestro estado; invitamos a todas y todos a visitar Morelos\u201d, expres\u00f3 la mandataria estatal.<\/p>\n\n\n\n<p>Por su parte, Josefina Rodr\u00edguez Zamora reconoci\u00f3 el trabajo realizado durante el primer a\u00f1o de gobierno de Margarita Gonz\u00e1lez Saravia, al destacar que Morelos es la primera entidad del pa\u00eds en crear una Direcci\u00f3n de Turismo Comunitario.<\/p>\n\n\n\n<p>\u201cTener en Morelos este foro abre las puertas a un panorama de 30 mil expositores, m\u00e1s de 100 chefs y participantes de todos los estados, adem\u00e1s de pa\u00edses invitados. Y tiene un ingrediente secreto: Michoac\u00e1n como invitado especial. Los invitamos a disfrutar la gastronom\u00eda y las distintas fusiones que se presentar\u00e1n\u201d, subray\u00f3.<\/p>\n\n\n\n<p>En su oportunidad, Daniel Altafi Valladares, secretario de Turismo de Morelos, inform\u00f3 que el Foro incluir\u00e1 conferencias magistrales, mesas redondas, experiencias culinarias y encuentros entre culturas, donde se resaltar\u00e1 la riqueza de las cocinas tradicionales y su v\u00ednculo con el territorio, la biodiversidad y la identidad cultural. Adem\u00e1s, se presentar\u00e1n productos emblem\u00e1ticos de \u201cLa Primavera de M\u00e9xico\u201d, como el arroz, ca\u00f1a de az\u00facar, mezcal y cecina de Yecapixtla.<\/p>\n\n\n\n<p>En esta ocasi\u00f3n, Michoac\u00e1n participar\u00e1 como regi\u00f3n protagonista, por su afinidad con Morelos en el cultivo de arroz. Al respecto, Lucero del Roc\u00edo Garc\u00eda Medina, subsecretaria de Desarrollo Tur\u00edstico de dicha entidad, destac\u00f3 la importancia de valorar y comprender la profundidad de la cocina tradicional mexicana.<\/p>\n\n\n\n<p>En tanto, Gloria L\u00f3pez Morales, presidenta del Conservatorio de la Cultura Gastron\u00f3mica Mexicana e impulsora del reconocimiento de la cocina mexicana ante la UNESCO, agradeci\u00f3 al Gobierno de Morelos por abrir sus puertas a este magno evento, en el que se exaltar\u00e1n los valores culturales y las recetas de grandes cocineras. (<a href=\"https:\/\/nitu.mx\/index.php\/2025\/04\/24\/morelos-lleva-sus-destinos-y-gastronomia-al-tianguis-turistico\/\">Morelos lleva sus destinos y gastronom\u00eda al Tianguis Tur\u00edstico<\/a>).<\/p>\n","protected":false},"excerpt":{"rendered":"<p>La gobernadora de Morelos, Margarita Gonz\u00e1lez Saravia y la secretaria de Turismo federal, Josefina Rodr\u00edguez Zamora, anunciaron que este estado ser\u00e1 sede del X Foro Mundial de la Gastronom\u00eda Mexicana, que se llevar\u00e1 a cabo del 7 al 9 de noviembre en el Centro Cultural Jard\u00edn Borda y la Plaza General Emiliano Zapata Salazar, en [&hellip;]<\/p>\n","protected":false},"author":17,"featured_media":83864,"comment_status":"closed","ping_status":"closed","sticky":false,"template":"","format":"standard","meta":{"footnotes":""},"categories":[5],"tags":[23650,4968,25659,4997,93],"yoast_head":"<!-- This site is optimized with the Yoast SEO plugin v22.2 - https:\/\/yoast.com\/wordpress\/plugins\/seo\/ -->\n<title>Morelos ser\u00e1 la sede del X Foro Mundial de la Gastronom\u00eda Mexicana - Nitu - Noticias de la Industria Turistica<\/title>\n<meta name=\"robots\" content=\"index, follow, max-snippet:-1, max-image-preview:large, max-video-preview:-1\" \/>\n<link rel=\"canonical\" href=\"https:\/\/nitu.mx\/index.php\/2025\/10\/07\/morelos-sera-la-sede-del-x-foro-mundial-de-la-gastronomia-mexicana\/\" \/>\n<meta name=\"twitter:card\" content=\"summary_large_image\" \/>\n<meta name=\"twitter:title\" content=\"Morelos ser\u00e1 la sede del X Foro Mundial de la Gastronom\u00eda Mexicana - Nitu - Noticias de la Industria Turistica\" \/>\n<meta name=\"twitter:description\" content=\"La gobernadora de Morelos, Margarita Gonz\u00e1lez Saravia y la secretaria de Turismo federal, Josefina Rodr\u00edguez Zamora, anunciaron que este estado ser\u00e1 sede del X Foro Mundial de la Gastronom\u00eda Mexicana, que se llevar\u00e1 a cabo del 7 al 9 de noviembre en el Centro Cultural Jard\u00edn Borda y la Plaza General Emiliano Zapata Salazar, en [&hellip;]\" \/>\n<meta name=\"twitter:image\" content=\"https:\/\/nitu.mx\/wp-content\/uploads\/2025\/10\/Morelos-Foro-Mundial-de-la-Gastronomia-Mexicana-conferencia.jpg\" \/>\n<meta name=\"twitter:creator\" content=\"@NITUmx\" \/>\n<meta name=\"twitter:site\" content=\"@Arturo_Medina_G\" \/>\n<meta name=\"twitter:label1\" content=\"Escrito por\" \/>\n\t<meta name=\"twitter:data1\" content=\"Redacci\u00f3n\" \/>\n\t<meta name=\"twitter:label2\" content=\"Tiempo de lectura\" \/>\n\t<meta name=\"twitter:data2\" content=\"3 minutos\" \/>\n<script type=\"application\/ld+json\" class=\"yoast-schema-graph\">{\"@context\":\"https:\/\/schema.org\",\"@graph\":[{\"@type\":\"Article\",\"@id\":\"https:\/\/nitu.mx\/index.php\/2025\/10\/07\/morelos-sera-la-sede-del-x-foro-mundial-de-la-gastronomia-mexicana\/#article\",\"isPartOf\":{\"@id\":\"https:\/\/nitu.mx\/index.php\/2025\/10\/07\/morelos-sera-la-sede-del-x-foro-mundial-de-la-gastronomia-mexicana\/\"},\"author\":{\"name\":\"Redacci\u00f3n\",\"@id\":\"https:\/\/nitu.mx\/#\/schema\/person\/4a28fe9bd65924f7c90623773daf1b0b\"},\"headline\":\"Morelos ser\u00e1 la sede del X Foro Mundial de la Gastronom\u00eda Mexicana\",\"datePublished\":\"2025-10-08T01:30:00+00:00\",\"dateModified\":\"2025-10-08T06:18:05+00:00\",\"mainEntityOfPage\":{\"@id\":\"https:\/\/nitu.mx\/index.php\/2025\/10\/07\/morelos-sera-la-sede-del-x-foro-mundial-de-la-gastronomia-mexicana\/\"},\"wordCount\":525,\"publisher\":{\"@id\":\"https:\/\/nitu.mx\/#\/schema\/person\/ae7a53426417292d3dd07b45a33e01bc\"},\"image\":{\"@id\":\"https:\/\/nitu.mx\/index.php\/2025\/10\/07\/morelos-sera-la-sede-del-x-foro-mundial-de-la-gastronomia-mexicana\/#primaryimage\"},\"thumbnailUrl\":\"https:\/\/nitu.mx\/wp-content\/uploads\/2025\/10\/Morelos-Foro-Mundial-de-la-Gastronomia-Mexicana-conferencia.jpg\",\"keywords\":[\"Foro Mundial de la Gastronom\u00eda Mexicana\",\"gastronom\u00eda\",\"Josefina Rodr\u00edguez\",\"Morelos\",\"Sectur\"],\"articleSection\":[\"Destinos\"],\"inLanguage\":\"es-MX\"},{\"@type\":\"WebPage\",\"@id\":\"https:\/\/nitu.mx\/index.php\/2025\/10\/07\/morelos-sera-la-sede-del-x-foro-mundial-de-la-gastronomia-mexicana\/\",\"url\":\"https:\/\/nitu.mx\/index.php\/2025\/10\/07\/morelos-sera-la-sede-del-x-foro-mundial-de-la-gastronomia-mexicana\/\",\"name\":\"Morelos ser\u00e1 la sede del X Foro Mundial de la Gastronom\u00eda Mexicana - Nitu - Noticias de la Industria Turistica\",\"isPartOf\":{\"@id\":\"https:\/\/nitu.mx\/#website\"},\"primaryImageOfPage\":{\"@id\":\"https:\/\/nitu.mx\/index.php\/2025\/10\/07\/morelos-sera-la-sede-del-x-foro-mundial-de-la-gastronomia-mexicana\/#primaryimage\"},\"image\":{\"@id\":\"https:\/\/nitu.mx\/index.php\/2025\/10\/07\/morelos-sera-la-sede-del-x-foro-mundial-de-la-gastronomia-mexicana\/#primaryimage\"},\"thumbnailUrl\":\"https:\/\/nitu.mx\/wp-content\/uploads\/2025\/10\/Morelos-Foro-Mundial-de-la-Gastronomia-Mexicana-conferencia.jpg\",\"datePublished\":\"2025-10-08T01:30:00+00:00\",\"dateModified\":\"2025-10-08T06:18:05+00:00\",\"breadcrumb\":{\"@id\":\"https:\/\/nitu.mx\/index.php\/2025\/10\/07\/morelos-sera-la-sede-del-x-foro-mundial-de-la-gastronomia-mexicana\/#breadcrumb\"},\"inLanguage\":\"es-MX\",\"potentialAction\":[{\"@type\":\"ReadAction\",\"target\":[\"https:\/\/nitu.mx\/index.php\/2025\/10\/07\/morelos-sera-la-sede-del-x-foro-mundial-de-la-gastronomia-mexicana\/\"]}]},{\"@type\":\"ImageObject\",\"inLanguage\":\"es-MX\",\"@id\":\"https:\/\/nitu.mx\/index.php\/2025\/10\/07\/morelos-sera-la-sede-del-x-foro-mundial-de-la-gastronomia-mexicana\/#primaryimage\",\"url\":\"https:\/\/nitu.mx\/wp-content\/uploads\/2025\/10\/Morelos-Foro-Mundial-de-la-Gastronomia-Mexicana-conferencia.jpg\",\"contentUrl\":\"https:\/\/nitu.mx\/wp-content\/uploads\/2025\/10\/Morelos-Foro-Mundial-de-la-Gastronomia-Mexicana-conferencia.jpg\",\"width\":1200,\"height\":675,\"caption\":\"Morelos Foro Mundial de la Gastronom\u00eda Mexicana conferencia\"},{\"@type\":\"BreadcrumbList\",\"@id\":\"https:\/\/nitu.mx\/index.php\/2025\/10\/07\/morelos-sera-la-sede-del-x-foro-mundial-de-la-gastronomia-mexicana\/#breadcrumb\",\"itemListElement\":[{\"@type\":\"ListItem\",\"position\":1,\"name\":\"Inicio\",\"item\":\"https:\/\/nitu.mx\/\"},{\"@type\":\"ListItem\",\"position\":2,\"name\":\"Morelos ser\u00e1 la sede del X Foro Mundial de la Gastronom\u00eda Mexicana\"}]},{\"@type\":\"WebSite\",\"@id\":\"https:\/\/nitu.mx\/#website\",\"url\":\"https:\/\/nitu.mx\/\",\"name\":\"Nitu - Noticias de la Industria Turistica\",\"description\":\"Noticias de la Industria Turistica\",\"publisher\":{\"@id\":\"https:\/\/nitu.mx\/#\/schema\/person\/ae7a53426417292d3dd07b45a33e01bc\"},\"alternateName\":\"Noticias de la Industria Turistica\",\"potentialAction\":[{\"@type\":\"SearchAction\",\"target\":{\"@type\":\"EntryPoint\",\"urlTemplate\":\"https:\/\/nitu.mx\/?s={search_term_string}\"},\"query-input\":\"required name=search_term_string\"}],\"inLanguage\":\"es-MX\"},{\"@type\":[\"Person\",\"Organization\"],\"@id\":\"https:\/\/nitu.mx\/#\/schema\/person\/ae7a53426417292d3dd07b45a33e01bc\",\"name\":\"Arturo Medina\",\"image\":{\"@type\":\"ImageObject\",\"inLanguage\":\"es-MX\",\"@id\":\"https:\/\/nitu.mx\/#\/schema\/person\/image\/\",\"url\":\"https:\/\/nitu.mx\/wp-content\/uploads\/2024\/04\/4A315622-1904-4D5C-B022-878CDC840E04-90x90-1.jpeg\",\"contentUrl\":\"https:\/\/nitu.mx\/wp-content\/uploads\/2024\/04\/4A315622-1904-4D5C-B022-878CDC840E04-90x90-1.jpeg\",\"width\":90,\"height\":90,\"caption\":\"Arturo Medina\"},\"logo\":{\"@id\":\"https:\/\/nitu.mx\/#\/schema\/person\/image\/\"},\"description\":\"Director NITU.mx, Egresado de la Escuela de Periodismo Carlos Septi\u00e9n Garc\u00eda. Periodista y analista especializado en turismo desde hace 35 a\u00f1os, radicado en Canc\u00fan Q.Roo. arturo@nitu.mx\",\"sameAs\":[\"https:\/\/nitu.mx\",\"https:\/\/www.facebook.com\/NITUmx\/\",\"medinacancun\",\"https:\/\/twitter.com\/@Arturo_Medina_G\"]},{\"@type\":\"Person\",\"@id\":\"https:\/\/nitu.mx\/#\/schema\/person\/4a28fe9bd65924f7c90623773daf1b0b\",\"name\":\"Redacci\u00f3n\",\"image\":{\"@type\":\"ImageObject\",\"inLanguage\":\"es-MX\",\"@id\":\"https:\/\/nitu.mx\/#\/schema\/person\/image\/\",\"url\":\"https:\/\/secure.gravatar.com\/avatar\/5dd011c8ccfc5cd7e4c81e42252aab38?s=96&d=mm&r=g\",\"contentUrl\":\"https:\/\/secure.gravatar.com\/avatar\/5dd011c8ccfc5cd7e4c81e42252aab38?s=96&d=mm&r=g\",\"caption\":\"Redacci\u00f3n\"},\"url\":\"https:\/\/nitu.mx\/index.php\/author\/redaccion\/\"}]}<\/script>\n<!-- \/ Yoast SEO plugin. -->","yoast_head_json":{"title":"Morelos ser\u00e1 la sede del X Foro Mundial de la Gastronom\u00eda Mexicana - Nitu - Noticias de la Industria Turistica","robots":{"index":"index","follow":"follow","max-snippet":"max-snippet:-1","max-image-preview":"max-image-preview:large","max-video-preview":"max-video-preview:-1"},"canonical":"https:\/\/nitu.mx\/index.php\/2025\/10\/07\/morelos-sera-la-sede-del-x-foro-mundial-de-la-gastronomia-mexicana\/","twitter_card":"summary_large_image","twitter_title":"Morelos ser\u00e1 la sede del X Foro Mundial de la Gastronom\u00eda Mexicana - Nitu - Noticias de la Industria Turistica","twitter_description":"La gobernadora de Morelos, Margarita Gonz\u00e1lez Saravia y la secretaria de Turismo federal, Josefina Rodr\u00edguez Zamora, anunciaron que este estado ser\u00e1 sede del X Foro Mundial de la Gastronom\u00eda Mexicana, que se llevar\u00e1 a cabo del 7 al 9 de noviembre en el Centro Cultural Jard\u00edn Borda y la Plaza General Emiliano Zapata Salazar, en [&hellip;]","twitter_image":"https:\/\/nitu.mx\/wp-content\/uploads\/2025\/10\/Morelos-Foro-Mundial-de-la-Gastronomia-Mexicana-conferencia.jpg","twitter_creator":"@NITUmx","twitter_site":"@Arturo_Medina_G","twitter_misc":{"Escrito por":"Redacci\u00f3n","Tiempo de lectura":"3 minutos"},"schema":{"@context":"https:\/\/schema.org","@graph":[{"@type":"Article","@id":"https:\/\/nitu.mx\/index.php\/2025\/10\/07\/morelos-sera-la-sede-del-x-foro-mundial-de-la-gastronomia-mexicana\/#article","isPartOf":{"@id":"https:\/\/nitu.mx\/index.php\/2025\/10\/07\/morelos-sera-la-sede-del-x-foro-mundial-de-la-gastronomia-mexicana\/"},"author":{"name":"Redacci\u00f3n","@id":"https:\/\/nitu.mx\/#\/schema\/person\/4a28fe9bd65924f7c90623773daf1b0b"},"headline":"Morelos ser\u00e1 la sede del X Foro Mundial de la Gastronom\u00eda Mexicana","datePublished":"2025-10-08T01:30:00+00:00","dateModified":"2025-10-08T06:18:05+00:00","mainEntityOfPage":{"@id":"https:\/\/nitu.mx\/index.php\/2025\/10\/07\/morelos-sera-la-sede-del-x-foro-mundial-de-la-gastronomia-mexicana\/"},"wordCount":525,"publisher":{"@id":"https:\/\/nitu.mx\/#\/schema\/person\/ae7a53426417292d3dd07b45a33e01bc"},"image":{"@id":"https:\/\/nitu.mx\/index.php\/2025\/10\/07\/morelos-sera-la-sede-del-x-foro-mundial-de-la-gastronomia-mexicana\/#primaryimage"},"thumbnailUrl":"https:\/\/nitu.mx\/wp-content\/uploads\/2025\/10\/Morelos-Foro-Mundial-de-la-Gastronomia-Mexicana-conferencia.jpg","keywords":["Foro Mundial de la Gastronom\u00eda Mexicana","gastronom\u00eda","Josefina Rodr\u00edguez","Morelos","Sectur"],"articleSection":["Destinos"],"inLanguage":"es-MX"},{"@type":"WebPage","@id":"https:\/\/nitu.mx\/index.php\/2025\/10\/07\/morelos-sera-la-sede-del-x-foro-mundial-de-la-gastronomia-mexicana\/","url":"https:\/\/nitu.mx\/index.php\/2025\/10\/07\/morelos-sera-la-sede-del-x-foro-mundial-de-la-gastronomia-mexicana\/","name":"Morelos ser\u00e1 la sede del X Foro Mundial de la Gastronom\u00eda Mexicana - Nitu - Noticias de la Industria Turistica","isPartOf":{"@id":"https:\/\/nitu.mx\/#website"},"primaryImageOfPage":{"@id":"https:\/\/nitu.mx\/index.php\/2025\/10\/07\/morelos-sera-la-sede-del-x-foro-mundial-de-la-gastronomia-mexicana\/#primaryimage"},"image":{"@id":"https:\/\/nitu.mx\/index.php\/2025\/10\/07\/morelos-sera-la-sede-del-x-foro-mundial-de-la-gastronomia-mexicana\/#primaryimage"},"thumbnailUrl":"https:\/\/nitu.mx\/wp-content\/uploads\/2025\/10\/Morelos-Foro-Mundial-de-la-Gastronomia-Mexicana-conferencia.jpg","datePublished":"2025-10-08T01:30:00+00:00","dateModified":"2025-10-08T06:18:05+00:00","breadcrumb":{"@id":"https:\/\/nitu.mx\/index.php\/2025\/10\/07\/morelos-sera-la-sede-del-x-foro-mundial-de-la-gastronomia-mexicana\/#breadcrumb"},"inLanguage":"es-MX","potentialAction":[{"@type":"ReadAction","target":["https:\/\/nitu.mx\/index.php\/2025\/10\/07\/morelos-sera-la-sede-del-x-foro-mundial-de-la-gastronomia-mexicana\/"]}]},{"@type":"ImageObject","inLanguage":"es-MX","@id":"https:\/\/nitu.mx\/index.php\/2025\/10\/07\/morelos-sera-la-sede-del-x-foro-mundial-de-la-gastronomia-mexicana\/#primaryimage","url":"https:\/\/nitu.mx\/wp-content\/uploads\/2025\/10\/Morelos-Foro-Mundial-de-la-Gastronomia-Mexicana-conferencia.jpg","contentUrl":"https:\/\/nitu.mx\/wp-content\/uploads\/2025\/10\/Morelos-Foro-Mundial-de-la-Gastronomia-Mexicana-conferencia.jpg","width":1200,"height":675,"caption":"Morelos Foro Mundial de la Gastronom\u00eda Mexicana conferencia"},{"@type":"BreadcrumbList","@id":"https:\/\/nitu.mx\/index.php\/2025\/10\/07\/morelos-sera-la-sede-del-x-foro-mundial-de-la-gastronomia-mexicana\/#breadcrumb","itemListElement":[{"@type":"ListItem","position":1,"name":"Inicio","item":"https:\/\/nitu.mx\/"},{"@type":"ListItem","position":2,"name":"Morelos ser\u00e1 la sede del X Foro Mundial de la Gastronom\u00eda Mexicana"}]},{"@type":"WebSite","@id":"https:\/\/nitu.mx\/#website","url":"https:\/\/nitu.mx\/","name":"Nitu - Noticias de la Industria Turistica","description":"Noticias de la Industria Turistica","publisher":{"@id":"https:\/\/nitu.mx\/#\/schema\/person\/ae7a53426417292d3dd07b45a33e01bc"},"alternateName":"Noticias de la Industria Turistica","potentialAction":[{"@type":"SearchAction","target":{"@type":"EntryPoint","urlTemplate":"https:\/\/nitu.mx\/?s={search_term_string}"},"query-input":"required name=search_term_string"}],"inLanguage":"es-MX"},{"@type":["Person","Organization"],"@id":"https:\/\/nitu.mx\/#\/schema\/person\/ae7a53426417292d3dd07b45a33e01bc","name":"Arturo Medina","image":{"@type":"ImageObject","inLanguage":"es-MX","@id":"https:\/\/nitu.mx\/#\/schema\/person\/image\/","url":"https:\/\/nitu.mx\/wp-content\/uploads\/2024\/04\/4A315622-1904-4D5C-B022-878CDC840E04-90x90-1.jpeg","contentUrl":"https:\/\/nitu.mx\/wp-content\/uploads\/2024\/04\/4A315622-1904-4D5C-B022-878CDC840E04-90x90-1.jpeg","width":90,"height":90,"caption":"Arturo Medina"},"logo":{"@id":"https:\/\/nitu.mx\/#\/schema\/person\/image\/"},"description":"Director NITU.mx, Egresado de la Escuela de Periodismo Carlos Septi\u00e9n Garc\u00eda. Periodista y analista especializado en turismo desde hace 35 a\u00f1os, radicado en Canc\u00fan Q.Roo. arturo@nitu.mx","sameAs":["https:\/\/nitu.mx","https:\/\/www.facebook.com\/NITUmx\/","medinacancun","https:\/\/twitter.com\/@Arturo_Medina_G"]},{"@type":"Person","@id":"https:\/\/nitu.mx\/#\/schema\/person\/4a28fe9bd65924f7c90623773daf1b0b","name":"Redacci\u00f3n","image":{"@type":"ImageObject","inLanguage":"es-MX","@id":"https:\/\/nitu.mx\/#\/schema\/person\/image\/","url":"https:\/\/secure.gravatar.com\/avatar\/5dd011c8ccfc5cd7e4c81e42252aab38?s=96&d=mm&r=g","contentUrl":"https:\/\/secure.gravatar.com\/avatar\/5dd011c8ccfc5cd7e4c81e42252aab38?s=96&d=mm&r=g","caption":"Redacci\u00f3n"},"url":"https:\/\/nitu.mx\/index.php\/author\/redaccion\/"}]}},"views":418,"_links":{"self":[{"href":"https:\/\/nitu.mx\/index.php\/wp-json\/wp\/v2\/posts\/83859"}],"collection":[{"href":"https:\/\/nitu.mx\/index.php\/wp-json\/wp\/v2\/posts"}],"about":[{"href":"https:\/\/nitu.mx\/index.php\/wp-json\/wp\/v2\/types\/post"}],"author":[{"embeddable":true,"href":"https:\/\/nitu.mx\/index.php\/wp-json\/wp\/v2\/users\/17"}],"replies":[{"embeddable":true,"href":"https:\/\/nitu.mx\/index.php\/wp-json\/wp\/v2\/comments?post=83859"}],"version-history":[{"count":2,"href":"https:\/\/nitu.mx\/index.php\/wp-json\/wp\/v2\/posts\/83859\/revisions"}],"predecessor-version":[{"id":83863,"href":"https:\/\/nitu.mx\/index.php\/wp-json\/wp\/v2\/posts\/83859\/revisions\/83863"}],"wp:featuredmedia":[{"embeddable":true,"href":"https:\/\/nitu.mx\/index.php\/wp-json\/wp\/v2\/media\/83864"}],"wp:attachment":[{"href":"https:\/\/nitu.mx\/index.php\/wp-json\/wp\/v2\/media?parent=83859"}],"wp:term":[{"taxonomy":"category","embeddable":true,"href":"https:\/\/nitu.mx\/index.php\/wp-json\/wp\/v2\/categories?post=83859"},{"taxonomy":"post_tag","embeddable":true,"href":"https:\/\/nitu.mx\/index.php\/wp-json\/wp\/v2\/tags?post=83859"}],"curies":[{"name":"wp","href":"https:\/\/api.w.org\/{rel}","templated":true}]}}