{"id":83856,"date":"2025-10-07T19:30:00","date_gmt":"2025-10-08T01:30:00","guid":{"rendered":"https:\/\/nitu.mx\/?p=83856"},"modified":"2025-10-08T18:17:26","modified_gmt":"2025-10-09T00:17:26","slug":"puerto-vallarta-promueve-su-oferta-a-meeting-planners-nacionales","status":"publish","type":"post","link":"https:\/\/nitu.mx\/index.php\/2025\/10\/07\/puerto-vallarta-promueve-su-oferta-a-meeting-planners-nacionales\/","title":{"rendered":"Puerto Vallarta promueve su oferta a meeting planners nacionales"},"content":{"rendered":"\n<p>Del 30 de septiembre al 3 de octubre, Puerto Vallarta recibi\u00f3 a un grupo de 10organizadores de eventos (<em>meeting planners<\/em>) provenientes de Ciudad de M\u00e9xico y M\u00e9rida, quienes participaron en un viaje de familiarizaci\u00f3n (<em>fam trip<\/em>) dise\u00f1ado para mostrarles las bondades del destino, sus locaciones (<em>venues<\/em>) y experiencias \u00fanicas que garantizan el \u00e9xito de congresos, convenciones, viajes de incentivo y eventos corporativos.<br><br>Los&nbsp;<em>meeting planners<\/em>&nbsp;fueron hospedados en el hotel&nbsp;Hilton Vallarta Riviera All Inclusive&nbsp;Resort, que brind\u00f3 una estancia inigualable y la oportunidad de recorrer sus instalaciones, degustar su gastronom\u00eda y disfrutar de los servicios de hospitalidad que distinguen a la cadena.<br><br>Durante el programa, los participantes visitaron el&nbsp;Centro Internacional de Convenciones de Puerto Vallarta, un espacio de vanguardia con infraestructura de primer nivel que incluye sala de&nbsp;<em>coworking<\/em>, ludoteca y centro de lactancia, adem\u00e1s de una amplia capacidad para albergar congresos de talla internacional.<br><br>Asimismo, recorrieron&nbsp;venues alternativos ideales para eventos, como el Parque L\u00e1zaro C\u00e1rdenas, el Distrito del Arte y reconocidos restaurantes como Caf\u00e9 de Artistes, Mar y Vino y Noroc, que ofrecen propuestas gastron\u00f3micas y ambientes \u00fanicos para reuniones sociales y corporativas.<br><br>El itinerario tambi\u00e9n incluy\u00f3&nbsp;experiencias que resaltan el atractivo natural de Puerto Vallarta, entre ellas una visita a la paradis\u00edaca playa Majahuitas con Vallarta Adventures y actividades de aventura en Canopy River, cortes\u00eda de la DMC Terramar, empresa que tambi\u00e9n estuvo a cargo de la transportaci\u00f3n terrestre de los visitantes durante su estancia.<br><br>Con este tipo de iniciativas, el&nbsp;Fideicomiso de Turismo de Puerto Vallarta&nbsp;refuerza la posici\u00f3n del destino como un referente en la industria de reuniones gracias a su excelente conectividad a\u00e9rea y terrestre, hoteler\u00eda de clase mundial y una red de proveedores especializados, que en conjunto ofrecen todo lo necesario para garantizar el \u00e9xito de cualquier evento.<br><br>Puerto Vallarta se consolida as\u00ed como un destino que combina lo mejor de dos mundos: la infraestructura necesaria para&nbsp;congresos y convenciones&nbsp;de gran escala, y el encanto natural y cultural que motiva a los asistentes a participar y extender su estancia, generando as\u00ed un mayor impacto para los organizadores y para el destino. (<a href=\"https:\/\/nitu.mx\/index.php\/2025\/10\/01\/frontier-anuncia-3-rutas-de-atlanta-y-las-vegas-a-puerto-vallarta-y-los-cabos\/\">Frontier anuncia 3 rutas de Atlanta y Las Vegas a Puerto Vallarta y Los Cabos<\/a>).<\/p>\n","protected":false},"excerpt":{"rendered":"<p>Del 30 de septiembre al 3 de octubre, Puerto Vallarta recibi\u00f3 a un grupo de 10organizadores de eventos (meeting planners) provenientes de Ciudad de M\u00e9xico y M\u00e9rida, quienes participaron en un viaje de familiarizaci\u00f3n (fam trip) dise\u00f1ado para mostrarles las bondades del destino, sus locaciones (venues) y experiencias \u00fanicas que garantizan el \u00e9xito de congresos, [&hellip;]<\/p>\n","protected":false},"author":17,"featured_media":71825,"comment_status":"closed","ping_status":"closed","sticky":false,"template":"","format":"standard","meta":{"footnotes":""},"categories":[3,5],"tags":[27736,3588,471],"yoast_head":"<!-- This site is optimized with the Yoast SEO plugin v22.2 - https:\/\/yoast.com\/wordpress\/plugins\/seo\/ -->\n<title>Puerto Vallarta promueve su oferta a meeting planners nacionales - Nitu - Noticias de la Industria Turistica<\/title>\n<meta name=\"robots\" content=\"index, follow, max-snippet:-1, max-image-preview:large, max-video-preview:-1\" \/>\n<link rel=\"canonical\" href=\"https:\/\/nitu.mx\/index.php\/2025\/10\/07\/puerto-vallarta-promueve-su-oferta-a-meeting-planners-nacionales\/\" \/>\n<meta name=\"twitter:card\" content=\"summary_large_image\" \/>\n<meta name=\"twitter:title\" content=\"Puerto Vallarta promueve su oferta a meeting planners nacionales - Nitu - Noticias de la Industria Turistica\" \/>\n<meta name=\"twitter:description\" content=\"Del 30 de septiembre al 3 de octubre, Puerto Vallarta recibi\u00f3 a un grupo de 10organizadores de eventos (meeting planners) provenientes de Ciudad de M\u00e9xico y M\u00e9rida, quienes participaron en un viaje de familiarizaci\u00f3n (fam trip) dise\u00f1ado para mostrarles las bondades del destino, sus locaciones (venues) y experiencias \u00fanicas que garantizan el \u00e9xito de congresos, [&hellip;]\" \/>\n<meta name=\"twitter:image\" content=\"https:\/\/nitu.mx\/wp-content\/uploads\/2024\/06\/Puerto-Vallarta-ocaso.jpg\" \/>\n<meta name=\"twitter:creator\" content=\"@NITUmx\" \/>\n<meta name=\"twitter:site\" content=\"@Arturo_Medina_G\" \/>\n<meta name=\"twitter:label1\" content=\"Escrito por\" \/>\n\t<meta name=\"twitter:data1\" content=\"Redacci\u00f3n\" \/>\n\t<meta name=\"twitter:label2\" content=\"Tiempo de lectura\" \/>\n\t<meta name=\"twitter:data2\" content=\"2 minutos\" \/>\n<script type=\"application\/ld+json\" class=\"yoast-schema-graph\">{\"@context\":\"https:\/\/schema.org\",\"@graph\":[{\"@type\":\"Article\",\"@id\":\"https:\/\/nitu.mx\/index.php\/2025\/10\/07\/puerto-vallarta-promueve-su-oferta-a-meeting-planners-nacionales\/#article\",\"isPartOf\":{\"@id\":\"https:\/\/nitu.mx\/index.php\/2025\/10\/07\/puerto-vallarta-promueve-su-oferta-a-meeting-planners-nacionales\/\"},\"author\":{\"name\":\"Redacci\u00f3n\",\"@id\":\"https:\/\/nitu.mx\/#\/schema\/person\/4a28fe9bd65924f7c90623773daf1b0b\"},\"headline\":\"Puerto Vallarta promueve su oferta a meeting planners nacionales\",\"datePublished\":\"2025-10-08T01:30:00+00:00\",\"dateModified\":\"2025-10-09T00:17:26+00:00\",\"mainEntityOfPage\":{\"@id\":\"https:\/\/nitu.mx\/index.php\/2025\/10\/07\/puerto-vallarta-promueve-su-oferta-a-meeting-planners-nacionales\/\"},\"wordCount\":401,\"publisher\":{\"@id\":\"https:\/\/nitu.mx\/#\/schema\/person\/ae7a53426417292d3dd07b45a33e01bc\"},\"image\":{\"@id\":\"https:\/\/nitu.mx\/index.php\/2025\/10\/07\/puerto-vallarta-promueve-su-oferta-a-meeting-planners-nacionales\/#primaryimage\"},\"thumbnailUrl\":\"https:\/\/nitu.mx\/wp-content\/uploads\/2024\/06\/Puerto-Vallarta-ocaso.jpg\",\"keywords\":[\"Hilton Vallarta Riviera\",\"meeting planners\",\"Puerto Vallarta\"],\"articleSection\":[\"Agencias de Viajes\",\"Destinos\"],\"inLanguage\":\"es-MX\"},{\"@type\":\"WebPage\",\"@id\":\"https:\/\/nitu.mx\/index.php\/2025\/10\/07\/puerto-vallarta-promueve-su-oferta-a-meeting-planners-nacionales\/\",\"url\":\"https:\/\/nitu.mx\/index.php\/2025\/10\/07\/puerto-vallarta-promueve-su-oferta-a-meeting-planners-nacionales\/\",\"name\":\"Puerto Vallarta promueve su oferta a meeting planners nacionales - Nitu - Noticias de la Industria Turistica\",\"isPartOf\":{\"@id\":\"https:\/\/nitu.mx\/#website\"},\"primaryImageOfPage\":{\"@id\":\"https:\/\/nitu.mx\/index.php\/2025\/10\/07\/puerto-vallarta-promueve-su-oferta-a-meeting-planners-nacionales\/#primaryimage\"},\"image\":{\"@id\":\"https:\/\/nitu.mx\/index.php\/2025\/10\/07\/puerto-vallarta-promueve-su-oferta-a-meeting-planners-nacionales\/#primaryimage\"},\"thumbnailUrl\":\"https:\/\/nitu.mx\/wp-content\/uploads\/2024\/06\/Puerto-Vallarta-ocaso.jpg\",\"datePublished\":\"2025-10-08T01:30:00+00:00\",\"dateModified\":\"2025-10-09T00:17:26+00:00\",\"breadcrumb\":{\"@id\":\"https:\/\/nitu.mx\/index.php\/2025\/10\/07\/puerto-vallarta-promueve-su-oferta-a-meeting-planners-nacionales\/#breadcrumb\"},\"inLanguage\":\"es-MX\",\"potentialAction\":[{\"@type\":\"ReadAction\",\"target\":[\"https:\/\/nitu.mx\/index.php\/2025\/10\/07\/puerto-vallarta-promueve-su-oferta-a-meeting-planners-nacionales\/\"]}]},{\"@type\":\"ImageObject\",\"inLanguage\":\"es-MX\",\"@id\":\"https:\/\/nitu.mx\/index.php\/2025\/10\/07\/puerto-vallarta-promueve-su-oferta-a-meeting-planners-nacionales\/#primaryimage\",\"url\":\"https:\/\/nitu.mx\/wp-content\/uploads\/2024\/06\/Puerto-Vallarta-ocaso.jpg\",\"contentUrl\":\"https:\/\/nitu.mx\/wp-content\/uploads\/2024\/06\/Puerto-Vallarta-ocaso.jpg\",\"width\":1200,\"height\":675,\"caption\":\"Puerto Vallarta ocaso\"},{\"@type\":\"BreadcrumbList\",\"@id\":\"https:\/\/nitu.mx\/index.php\/2025\/10\/07\/puerto-vallarta-promueve-su-oferta-a-meeting-planners-nacionales\/#breadcrumb\",\"itemListElement\":[{\"@type\":\"ListItem\",\"position\":1,\"name\":\"Inicio\",\"item\":\"https:\/\/nitu.mx\/\"},{\"@type\":\"ListItem\",\"position\":2,\"name\":\"Puerto Vallarta promueve su oferta a meeting planners nacionales\"}]},{\"@type\":\"WebSite\",\"@id\":\"https:\/\/nitu.mx\/#website\",\"url\":\"https:\/\/nitu.mx\/\",\"name\":\"Nitu - Noticias de la Industria Turistica\",\"description\":\"Noticias de la Industria Turistica\",\"publisher\":{\"@id\":\"https:\/\/nitu.mx\/#\/schema\/person\/ae7a53426417292d3dd07b45a33e01bc\"},\"alternateName\":\"Noticias de la Industria Turistica\",\"potentialAction\":[{\"@type\":\"SearchAction\",\"target\":{\"@type\":\"EntryPoint\",\"urlTemplate\":\"https:\/\/nitu.mx\/?s={search_term_string}\"},\"query-input\":\"required name=search_term_string\"}],\"inLanguage\":\"es-MX\"},{\"@type\":[\"Person\",\"Organization\"],\"@id\":\"https:\/\/nitu.mx\/#\/schema\/person\/ae7a53426417292d3dd07b45a33e01bc\",\"name\":\"Arturo Medina\",\"image\":{\"@type\":\"ImageObject\",\"inLanguage\":\"es-MX\",\"@id\":\"https:\/\/nitu.mx\/#\/schema\/person\/image\/\",\"url\":\"https:\/\/nitu.mx\/wp-content\/uploads\/2024\/04\/4A315622-1904-4D5C-B022-878CDC840E04-90x90-1.jpeg\",\"contentUrl\":\"https:\/\/nitu.mx\/wp-content\/uploads\/2024\/04\/4A315622-1904-4D5C-B022-878CDC840E04-90x90-1.jpeg\",\"width\":90,\"height\":90,\"caption\":\"Arturo Medina\"},\"logo\":{\"@id\":\"https:\/\/nitu.mx\/#\/schema\/person\/image\/\"},\"description\":\"Director NITU.mx, Egresado de la Escuela de Periodismo Carlos Septi\u00e9n Garc\u00eda. Periodista y analista especializado en turismo desde hace 35 a\u00f1os, radicado en Canc\u00fan Q.Roo. arturo@nitu.mx\",\"sameAs\":[\"https:\/\/nitu.mx\",\"https:\/\/www.facebook.com\/NITUmx\/\",\"medinacancun\",\"https:\/\/twitter.com\/@Arturo_Medina_G\"]},{\"@type\":\"Person\",\"@id\":\"https:\/\/nitu.mx\/#\/schema\/person\/4a28fe9bd65924f7c90623773daf1b0b\",\"name\":\"Redacci\u00f3n\",\"image\":{\"@type\":\"ImageObject\",\"inLanguage\":\"es-MX\",\"@id\":\"https:\/\/nitu.mx\/#\/schema\/person\/image\/\",\"url\":\"https:\/\/secure.gravatar.com\/avatar\/5dd011c8ccfc5cd7e4c81e42252aab38?s=96&d=mm&r=g\",\"contentUrl\":\"https:\/\/secure.gravatar.com\/avatar\/5dd011c8ccfc5cd7e4c81e42252aab38?s=96&d=mm&r=g\",\"caption\":\"Redacci\u00f3n\"},\"url\":\"https:\/\/nitu.mx\/index.php\/author\/redaccion\/\"}]}<\/script>\n<!-- \/ Yoast SEO plugin. -->","yoast_head_json":{"title":"Puerto Vallarta promueve su oferta a meeting planners nacionales - Nitu - Noticias de la Industria Turistica","robots":{"index":"index","follow":"follow","max-snippet":"max-snippet:-1","max-image-preview":"max-image-preview:large","max-video-preview":"max-video-preview:-1"},"canonical":"https:\/\/nitu.mx\/index.php\/2025\/10\/07\/puerto-vallarta-promueve-su-oferta-a-meeting-planners-nacionales\/","twitter_card":"summary_large_image","twitter_title":"Puerto Vallarta promueve su oferta a meeting planners nacionales - Nitu - Noticias de la Industria Turistica","twitter_description":"Del 30 de septiembre al 3 de octubre, Puerto Vallarta recibi\u00f3 a un grupo de 10organizadores de eventos (meeting planners) provenientes de Ciudad de M\u00e9xico y M\u00e9rida, quienes participaron en un viaje de familiarizaci\u00f3n (fam trip) dise\u00f1ado para mostrarles las bondades del destino, sus locaciones (venues) y experiencias \u00fanicas que garantizan el \u00e9xito de congresos, [&hellip;]","twitter_image":"https:\/\/nitu.mx\/wp-content\/uploads\/2024\/06\/Puerto-Vallarta-ocaso.jpg","twitter_creator":"@NITUmx","twitter_site":"@Arturo_Medina_G","twitter_misc":{"Escrito por":"Redacci\u00f3n","Tiempo de lectura":"2 minutos"},"schema":{"@context":"https:\/\/schema.org","@graph":[{"@type":"Article","@id":"https:\/\/nitu.mx\/index.php\/2025\/10\/07\/puerto-vallarta-promueve-su-oferta-a-meeting-planners-nacionales\/#article","isPartOf":{"@id":"https:\/\/nitu.mx\/index.php\/2025\/10\/07\/puerto-vallarta-promueve-su-oferta-a-meeting-planners-nacionales\/"},"author":{"name":"Redacci\u00f3n","@id":"https:\/\/nitu.mx\/#\/schema\/person\/4a28fe9bd65924f7c90623773daf1b0b"},"headline":"Puerto Vallarta promueve su oferta a meeting planners nacionales","datePublished":"2025-10-08T01:30:00+00:00","dateModified":"2025-10-09T00:17:26+00:00","mainEntityOfPage":{"@id":"https:\/\/nitu.mx\/index.php\/2025\/10\/07\/puerto-vallarta-promueve-su-oferta-a-meeting-planners-nacionales\/"},"wordCount":401,"publisher":{"@id":"https:\/\/nitu.mx\/#\/schema\/person\/ae7a53426417292d3dd07b45a33e01bc"},"image":{"@id":"https:\/\/nitu.mx\/index.php\/2025\/10\/07\/puerto-vallarta-promueve-su-oferta-a-meeting-planners-nacionales\/#primaryimage"},"thumbnailUrl":"https:\/\/nitu.mx\/wp-content\/uploads\/2024\/06\/Puerto-Vallarta-ocaso.jpg","keywords":["Hilton Vallarta Riviera","meeting planners","Puerto Vallarta"],"articleSection":["Agencias de Viajes","Destinos"],"inLanguage":"es-MX"},{"@type":"WebPage","@id":"https:\/\/nitu.mx\/index.php\/2025\/10\/07\/puerto-vallarta-promueve-su-oferta-a-meeting-planners-nacionales\/","url":"https:\/\/nitu.mx\/index.php\/2025\/10\/07\/puerto-vallarta-promueve-su-oferta-a-meeting-planners-nacionales\/","name":"Puerto Vallarta promueve su oferta a meeting planners nacionales - Nitu - Noticias de la Industria Turistica","isPartOf":{"@id":"https:\/\/nitu.mx\/#website"},"primaryImageOfPage":{"@id":"https:\/\/nitu.mx\/index.php\/2025\/10\/07\/puerto-vallarta-promueve-su-oferta-a-meeting-planners-nacionales\/#primaryimage"},"image":{"@id":"https:\/\/nitu.mx\/index.php\/2025\/10\/07\/puerto-vallarta-promueve-su-oferta-a-meeting-planners-nacionales\/#primaryimage"},"thumbnailUrl":"https:\/\/nitu.mx\/wp-content\/uploads\/2024\/06\/Puerto-Vallarta-ocaso.jpg","datePublished":"2025-10-08T01:30:00+00:00","dateModified":"2025-10-09T00:17:26+00:00","breadcrumb":{"@id":"https:\/\/nitu.mx\/index.php\/2025\/10\/07\/puerto-vallarta-promueve-su-oferta-a-meeting-planners-nacionales\/#breadcrumb"},"inLanguage":"es-MX","potentialAction":[{"@type":"ReadAction","target":["https:\/\/nitu.mx\/index.php\/2025\/10\/07\/puerto-vallarta-promueve-su-oferta-a-meeting-planners-nacionales\/"]}]},{"@type":"ImageObject","inLanguage":"es-MX","@id":"https:\/\/nitu.mx\/index.php\/2025\/10\/07\/puerto-vallarta-promueve-su-oferta-a-meeting-planners-nacionales\/#primaryimage","url":"https:\/\/nitu.mx\/wp-content\/uploads\/2024\/06\/Puerto-Vallarta-ocaso.jpg","contentUrl":"https:\/\/nitu.mx\/wp-content\/uploads\/2024\/06\/Puerto-Vallarta-ocaso.jpg","width":1200,"height":675,"caption":"Puerto Vallarta ocaso"},{"@type":"BreadcrumbList","@id":"https:\/\/nitu.mx\/index.php\/2025\/10\/07\/puerto-vallarta-promueve-su-oferta-a-meeting-planners-nacionales\/#breadcrumb","itemListElement":[{"@type":"ListItem","position":1,"name":"Inicio","item":"https:\/\/nitu.mx\/"},{"@type":"ListItem","position":2,"name":"Puerto Vallarta promueve su oferta a meeting planners nacionales"}]},{"@type":"WebSite","@id":"https:\/\/nitu.mx\/#website","url":"https:\/\/nitu.mx\/","name":"Nitu - Noticias de la Industria Turistica","description":"Noticias de la Industria Turistica","publisher":{"@id":"https:\/\/nitu.mx\/#\/schema\/person\/ae7a53426417292d3dd07b45a33e01bc"},"alternateName":"Noticias de la Industria Turistica","potentialAction":[{"@type":"SearchAction","target":{"@type":"EntryPoint","urlTemplate":"https:\/\/nitu.mx\/?s={search_term_string}"},"query-input":"required name=search_term_string"}],"inLanguage":"es-MX"},{"@type":["Person","Organization"],"@id":"https:\/\/nitu.mx\/#\/schema\/person\/ae7a53426417292d3dd07b45a33e01bc","name":"Arturo Medina","image":{"@type":"ImageObject","inLanguage":"es-MX","@id":"https:\/\/nitu.mx\/#\/schema\/person\/image\/","url":"https:\/\/nitu.mx\/wp-content\/uploads\/2024\/04\/4A315622-1904-4D5C-B022-878CDC840E04-90x90-1.jpeg","contentUrl":"https:\/\/nitu.mx\/wp-content\/uploads\/2024\/04\/4A315622-1904-4D5C-B022-878CDC840E04-90x90-1.jpeg","width":90,"height":90,"caption":"Arturo Medina"},"logo":{"@id":"https:\/\/nitu.mx\/#\/schema\/person\/image\/"},"description":"Director NITU.mx, Egresado de la Escuela de Periodismo Carlos Septi\u00e9n Garc\u00eda. Periodista y analista especializado en turismo desde hace 35 a\u00f1os, radicado en Canc\u00fan Q.Roo. arturo@nitu.mx","sameAs":["https:\/\/nitu.mx","https:\/\/www.facebook.com\/NITUmx\/","medinacancun","https:\/\/twitter.com\/@Arturo_Medina_G"]},{"@type":"Person","@id":"https:\/\/nitu.mx\/#\/schema\/person\/4a28fe9bd65924f7c90623773daf1b0b","name":"Redacci\u00f3n","image":{"@type":"ImageObject","inLanguage":"es-MX","@id":"https:\/\/nitu.mx\/#\/schema\/person\/image\/","url":"https:\/\/secure.gravatar.com\/avatar\/5dd011c8ccfc5cd7e4c81e42252aab38?s=96&d=mm&r=g","contentUrl":"https:\/\/secure.gravatar.com\/avatar\/5dd011c8ccfc5cd7e4c81e42252aab38?s=96&d=mm&r=g","caption":"Redacci\u00f3n"},"url":"https:\/\/nitu.mx\/index.php\/author\/redaccion\/"}]}},"views":745,"_links":{"self":[{"href":"https:\/\/nitu.mx\/index.php\/wp-json\/wp\/v2\/posts\/83856"}],"collection":[{"href":"https:\/\/nitu.mx\/index.php\/wp-json\/wp\/v2\/posts"}],"about":[{"href":"https:\/\/nitu.mx\/index.php\/wp-json\/wp\/v2\/types\/post"}],"author":[{"embeddable":true,"href":"https:\/\/nitu.mx\/index.php\/wp-json\/wp\/v2\/users\/17"}],"replies":[{"embeddable":true,"href":"https:\/\/nitu.mx\/index.php\/wp-json\/wp\/v2\/comments?post=83856"}],"version-history":[{"count":2,"href":"https:\/\/nitu.mx\/index.php\/wp-json\/wp\/v2\/posts\/83856\/revisions"}],"predecessor-version":[{"id":83865,"href":"https:\/\/nitu.mx\/index.php\/wp-json\/wp\/v2\/posts\/83856\/revisions\/83865"}],"wp:featuredmedia":[{"embeddable":true,"href":"https:\/\/nitu.mx\/index.php\/wp-json\/wp\/v2\/media\/71825"}],"wp:attachment":[{"href":"https:\/\/nitu.mx\/index.php\/wp-json\/wp\/v2\/media?parent=83856"}],"wp:term":[{"taxonomy":"category","embeddable":true,"href":"https:\/\/nitu.mx\/index.php\/wp-json\/wp\/v2\/categories?post=83856"},{"taxonomy":"post_tag","embeddable":true,"href":"https:\/\/nitu.mx\/index.php\/wp-json\/wp\/v2\/tags?post=83856"}],"curies":[{"name":"wp","href":"https:\/\/api.w.org\/{rel}","templated":true}]}}