{"id":83845,"date":"2025-10-07T15:00:00","date_gmt":"2025-10-07T21:00:00","guid":{"rendered":"https:\/\/nitu.mx\/?p=83845"},"modified":"2025-10-07T14:21:40","modified_gmt":"2025-10-07T20:21:40","slug":"los-cabos-presenta-su-oferta-de-lujo-para-el-mice-en-imex-americas-2025","status":"publish","type":"post","link":"https:\/\/nitu.mx\/index.php\/2025\/10\/07\/los-cabos-presenta-su-oferta-de-lujo-para-el-mice-en-imex-americas-2025\/","title":{"rendered":"Los Cabos presenta su oferta de lujo para el MICE en IMEX Americas 2025"},"content":{"rendered":"\n<p>Con su llegada a IMEX Americas 2025, el Consejo de Turismo de Los Cabos destaca su singular combinaci\u00f3n de servicios de lujo, accesibilidad log\u00edstica y un s\u00f3lido ecosistema MICE (Reuniones, Incentivos, Conferencias y Exposiciones) que ofrece constantemente un valor excepcional y experiencias memorables. <\/p>\n\n\n\n<p>En 2024, Los Cabos demostr\u00f3 su atractivo irresistible, situ\u00e1ndose entre los 5 destinos internacionales preferidos para eventos de Estados Unidos y Canad\u00e1, y obteniendo el t\u00edtulo de destino aspiracional n\u00famero 1 en M\u00e9xico.<\/p>\n\n\n\n<p>&#8220;Los Cabos ofrece una ventaja estrat\u00e9gica para los organizadores que buscan m\u00e1s que un simple lugar; ofrecemos un ecosistema integral donde el lujo se une a un prop\u00f3sito&#8221;, afirma Rodrigo Esponda, Director General del Fideicomiso de Turismo de Los Cabos.<\/p>\n\n\n\n<p>&#8220;Nuestro desempe\u00f1o en 2024, con m\u00e1s de 8,200 reuniones y casi 5,800 programas de incentivos, ilustra claramente nuestra capacidad para albergar eventos de alto nivel que generan importantes retornos. Con una importante nueva infraestructura de lujo en el horizonte, mejoramos continuamente nuestra capacidad para ofrecer experiencias inigualables que conecten profundamente con los asistentes y logren los objetivos de la organizaci\u00f3n&#8221;.<\/p>\n\n\n\n<p>Tan solo en 2025, Los Cabos ha sido sede de varias reuniones reconocidas de la industria, incluyendo el evento WMF (World Meeting and Forums) Luxury Edition 2025, con el evento corporativo\/de incentivos Meetings Today LIVE! a la vista este mes. Los socios del destino est\u00e1n entusiasmados por organizar eventos, colaborando fluidamente con las empresas como una extensi\u00f3n de sus equipos.<\/p>\n\n\n\n<p>En el stand de Los Cabos, los visitantes podr\u00e1n disfrutar de una aut\u00e9ntica muestra de la vibrante cultura y creatividad del destino. Un DJ local pondr\u00e1 el tono con sonidos cuidadosamente seleccionados, mientras que un mix\u00f3logo de Los Cabos crear\u00e1 c\u00f3cteles \u00fanicos y exclusivos que realzan los sabores de la regi\u00f3n. Adem\u00e1s, presentaciones especiales destacar\u00e1n las ofertas distintivas del destino, brindando a los organizadores una experiencia inmersiva que refleja la sofisticaci\u00f3n, la autenticidad y la energ\u00eda de Los Cabos.<\/p>\n\n\n\n<p><strong>Por qu\u00e9 Los Cabos es la opci\u00f3n estrat\u00e9gica para MICE:<\/strong><\/p>\n\n\n\n<p>La trayectoria comprobada y los atributos \u00fanicos de Los Cabos lo convierten en un destino ideal para los planificadores, ofreciendo:<\/p>\n\n\n\n<ul>\n<li><strong>Facilidad de acceso:<\/strong>&nbsp;con m\u00e1s de 600 vuelos directos semanales a Los Cabos a nivel mundial y m\u00e1s de 330 vuelos directos semanales que salen de 32 ciudades de EE. UU., viajar al destino no presenta ning\u00fan problema para los asistentes al evento.<\/li>\n\n\n\n<li><strong>Participaci\u00f3n excepcional y estancias m\u00e1s prolongadas:<\/strong>&nbsp;En 2024, Los Cabos alberg\u00f3 8244 reuniones y 5795 programas de incentivos, atrayendo a 283&nbsp;848 asistentes. Cabe destacar que los participantes en las reuniones de Los Cabos disfrutaron de una estancia promedio de 6,7 noches, significativamente m\u00e1s larga que la de los turistas habituales (6,1 noches), lo que indica una mayor inmersi\u00f3n y satisfacci\u00f3n con la oferta del destino.<\/li>\n\n\n\n<li><strong>Experiencias inolvidables y cautivadoras:<\/strong>&nbsp;M\u00e1s all\u00e1 de los lujosos resorts, Los Cabos se destaca por ofrecer aut\u00e9nticas experiencias de turismo rural impulsadas por la comunidad. Esta combinaci\u00f3n de lujo y prop\u00f3sito crea recuerdos imborrables y fortalece los lazos de equipo.<\/li>\n\n\n\n<li><strong>Retornos tangibles y mejora de la reputaci\u00f3n:<\/strong>&nbsp;El impacto va m\u00e1s all\u00e1 del evento en s\u00ed. En 2024, se inform\u00f3 que el 92 % de los eventos impulsaron mejores pr\u00e1cticas de servicio, el 89 % increment\u00f3 el atractivo del destino para futuros eventos y un notable 88 % de los participantes expres\u00f3 su intenci\u00f3n de regresar como turistas.<\/li>\n\n\n\n<li><strong>Impacto econ\u00f3mico y comunitario significativo:<\/strong>&nbsp;La industria MICE represent\u00f3 el 10,7% de la actividad tur\u00edstica total del estado, y el 42,8% del derrame econ\u00f3mico benefici\u00f3 a servicios complementarios m\u00e1s all\u00e1 del turismo tradicional.<\/li>\n<\/ul>\n\n\n\n<p>Los Cabos contin\u00faa invirtiendo en su futuro, con una inversi\u00f3n estimada de&nbsp;<strong>$<\/strong>&nbsp;900 millones en nueva infraestructura hotelera de lujo durante los pr\u00f3ximos tres a\u00f1os. Las \u00faltimas ofertas mejorar\u00e1n a\u00fan m\u00e1s la capacidad y versatilidad del destino para albergar una amplia gama de eventos de alto perfil. Esto incluye inauguraciones muy esperadas como:<\/p>\n\n\n\n<ul>\n<li><strong>Park Hyatt Los Cabos<\/strong>&nbsp;\u2013 Apertura en el cuarto trimestre de 2025 (197 habitaciones)<\/li>\n\n\n\n<li><strong>Amanvari<\/strong>&nbsp;\u2013 Apertura Q2 2026 (22 habitaciones)<\/li>\n\n\n\n<li><strong>St. Regis Los Cabos en Quivira<\/strong>&nbsp;\u2013 Apertura 2026 (124 habitaciones)<\/li>\n<\/ul>\n\n\n\n<p><strong>Experimente la ventaja de Los Cabos en IMEX Americas 2025<\/strong><\/p>\n\n\n\n<p>Se invita a los organizadores de reuniones y eventos a descubrir c\u00f3mo Los Cabos ofrece constantemente experiencias MICE inigualables que logran objetivos estrat\u00e9gicos e inspiran a los asistentes. Visite el Fideicomiso de Turismo de Los Cabos en IMEX, stand D2617, y contacte con diversos socios de Los Cabos, incluyendo hoteles, recintos y proveedores de servicios, quienes presentar\u00e1n la diversa oferta del destino durante el evento. (<a href=\"https:\/\/nitu.mx\/index.php\/2025\/10\/01\/los-cabos-cierra-su-participacion-en-la-fit-con-mas-de-20-reuniones\/\">Los Cabos cierra su participaci\u00f3n en la FIT con m\u00e1s de 20 reuniones<\/a>).<\/p>\n","protected":false},"excerpt":{"rendered":"<p>Con su llegada a IMEX Americas 2025, el Consejo de Turismo de Los Cabos destaca su singular combinaci\u00f3n de servicios de lujo, accesibilidad log\u00edstica y un s\u00f3lido ecosistema MICE (Reuniones, Incentivos, Conferencias y Exposiciones) que ofrece constantemente un valor excepcional y experiencias memorables. En 2024, Los Cabos demostr\u00f3 su atractivo irresistible, situ\u00e1ndose entre los 5 [&hellip;]<\/p>\n","protected":false},"author":17,"featured_media":83560,"comment_status":"closed","ping_status":"closed","sticky":false,"template":"","format":"standard","meta":{"footnotes":""},"categories":[5],"tags":[1443,23317,130,970,1028],"yoast_head":"<!-- This site is optimized with the Yoast SEO plugin v22.2 - https:\/\/yoast.com\/wordpress\/plugins\/seo\/ -->\n<title>Los Cabos presenta su oferta de lujo para el MICE en IMEX Americas 2025 - Nitu - Noticias de la Industria Turistica<\/title>\n<meta name=\"robots\" content=\"index, follow, max-snippet:-1, max-image-preview:large, max-video-preview:-1\" \/>\n<link rel=\"canonical\" href=\"https:\/\/nitu.mx\/index.php\/2025\/10\/07\/los-cabos-presenta-su-oferta-de-lujo-para-el-mice-en-imex-americas-2025\/\" \/>\n<meta name=\"twitter:card\" content=\"summary_large_image\" \/>\n<meta name=\"twitter:title\" content=\"Los Cabos presenta su oferta de lujo para el MICE en IMEX Americas 2025 - Nitu - Noticias de la Industria Turistica\" \/>\n<meta name=\"twitter:description\" content=\"Con su llegada a IMEX Americas 2025, el Consejo de Turismo de Los Cabos destaca su singular combinaci\u00f3n de servicios de lujo, accesibilidad log\u00edstica y un s\u00f3lido ecosistema MICE (Reuniones, Incentivos, Conferencias y Exposiciones) que ofrece constantemente un valor excepcional y experiencias memorables. En 2024, Los Cabos demostr\u00f3 su atractivo irresistible, situ\u00e1ndose entre los 5 [&hellip;]\" \/>\n<meta name=\"twitter:image\" content=\"https:\/\/nitu.mx\/wp-content\/uploads\/2025\/09\/Los-Cabos-2.jpg\" \/>\n<meta name=\"twitter:creator\" content=\"@NITUmx\" \/>\n<meta name=\"twitter:site\" content=\"@Arturo_Medina_G\" \/>\n<meta name=\"twitter:label1\" content=\"Escrito por\" \/>\n\t<meta name=\"twitter:data1\" content=\"Redacci\u00f3n\" \/>\n\t<meta name=\"twitter:label2\" content=\"Tiempo de lectura\" \/>\n\t<meta name=\"twitter:data2\" content=\"4 minutos\" \/>\n<script type=\"application\/ld+json\" class=\"yoast-schema-graph\">{\"@context\":\"https:\/\/schema.org\",\"@graph\":[{\"@type\":\"Article\",\"@id\":\"https:\/\/nitu.mx\/index.php\/2025\/10\/07\/los-cabos-presenta-su-oferta-de-lujo-para-el-mice-en-imex-americas-2025\/#article\",\"isPartOf\":{\"@id\":\"https:\/\/nitu.mx\/index.php\/2025\/10\/07\/los-cabos-presenta-su-oferta-de-lujo-para-el-mice-en-imex-americas-2025\/\"},\"author\":{\"name\":\"Redacci\u00f3n\",\"@id\":\"https:\/\/nitu.mx\/#\/schema\/person\/4a28fe9bd65924f7c90623773daf1b0b\"},\"headline\":\"Los Cabos presenta su oferta de lujo para el MICE en IMEX Americas 2025\",\"datePublished\":\"2025-10-07T21:00:00+00:00\",\"dateModified\":\"2025-10-07T20:21:40+00:00\",\"mainEntityOfPage\":{\"@id\":\"https:\/\/nitu.mx\/index.php\/2025\/10\/07\/los-cabos-presenta-su-oferta-de-lujo-para-el-mice-en-imex-americas-2025\/\"},\"wordCount\":801,\"publisher\":{\"@id\":\"https:\/\/nitu.mx\/#\/schema\/person\/ae7a53426417292d3dd07b45a33e01bc\"},\"image\":{\"@id\":\"https:\/\/nitu.mx\/index.php\/2025\/10\/07\/los-cabos-presenta-su-oferta-de-lujo-para-el-mice-en-imex-americas-2025\/#primaryimage\"},\"thumbnailUrl\":\"https:\/\/nitu.mx\/wp-content\/uploads\/2025\/09\/Los-Cabos-2.jpg\",\"keywords\":[\"Fiturca\",\"IMEX\",\"Los Cabos\",\"MICE\",\"Rodrigo Esponda\"],\"articleSection\":[\"Destinos\"],\"inLanguage\":\"es-MX\"},{\"@type\":\"WebPage\",\"@id\":\"https:\/\/nitu.mx\/index.php\/2025\/10\/07\/los-cabos-presenta-su-oferta-de-lujo-para-el-mice-en-imex-americas-2025\/\",\"url\":\"https:\/\/nitu.mx\/index.php\/2025\/10\/07\/los-cabos-presenta-su-oferta-de-lujo-para-el-mice-en-imex-americas-2025\/\",\"name\":\"Los Cabos presenta su oferta de lujo para el MICE en IMEX Americas 2025 - Nitu - Noticias de la Industria Turistica\",\"isPartOf\":{\"@id\":\"https:\/\/nitu.mx\/#website\"},\"primaryImageOfPage\":{\"@id\":\"https:\/\/nitu.mx\/index.php\/2025\/10\/07\/los-cabos-presenta-su-oferta-de-lujo-para-el-mice-en-imex-americas-2025\/#primaryimage\"},\"image\":{\"@id\":\"https:\/\/nitu.mx\/index.php\/2025\/10\/07\/los-cabos-presenta-su-oferta-de-lujo-para-el-mice-en-imex-americas-2025\/#primaryimage\"},\"thumbnailUrl\":\"https:\/\/nitu.mx\/wp-content\/uploads\/2025\/09\/Los-Cabos-2.jpg\",\"datePublished\":\"2025-10-07T21:00:00+00:00\",\"dateModified\":\"2025-10-07T20:21:40+00:00\",\"breadcrumb\":{\"@id\":\"https:\/\/nitu.mx\/index.php\/2025\/10\/07\/los-cabos-presenta-su-oferta-de-lujo-para-el-mice-en-imex-americas-2025\/#breadcrumb\"},\"inLanguage\":\"es-MX\",\"potentialAction\":[{\"@type\":\"ReadAction\",\"target\":[\"https:\/\/nitu.mx\/index.php\/2025\/10\/07\/los-cabos-presenta-su-oferta-de-lujo-para-el-mice-en-imex-americas-2025\/\"]}]},{\"@type\":\"ImageObject\",\"inLanguage\":\"es-MX\",\"@id\":\"https:\/\/nitu.mx\/index.php\/2025\/10\/07\/los-cabos-presenta-su-oferta-de-lujo-para-el-mice-en-imex-americas-2025\/#primaryimage\",\"url\":\"https:\/\/nitu.mx\/wp-content\/uploads\/2025\/09\/Los-Cabos-2.jpg\",\"contentUrl\":\"https:\/\/nitu.mx\/wp-content\/uploads\/2025\/09\/Los-Cabos-2.jpg\",\"width\":1200,\"height\":675,\"caption\":\"Los Cabos 2\"},{\"@type\":\"BreadcrumbList\",\"@id\":\"https:\/\/nitu.mx\/index.php\/2025\/10\/07\/los-cabos-presenta-su-oferta-de-lujo-para-el-mice-en-imex-americas-2025\/#breadcrumb\",\"itemListElement\":[{\"@type\":\"ListItem\",\"position\":1,\"name\":\"Inicio\",\"item\":\"https:\/\/nitu.mx\/\"},{\"@type\":\"ListItem\",\"position\":2,\"name\":\"Los Cabos presenta su oferta de lujo para el MICE en IMEX Americas 2025\"}]},{\"@type\":\"WebSite\",\"@id\":\"https:\/\/nitu.mx\/#website\",\"url\":\"https:\/\/nitu.mx\/\",\"name\":\"Nitu - Noticias de la Industria Turistica\",\"description\":\"Noticias de la Industria Turistica\",\"publisher\":{\"@id\":\"https:\/\/nitu.mx\/#\/schema\/person\/ae7a53426417292d3dd07b45a33e01bc\"},\"alternateName\":\"Noticias de la Industria Turistica\",\"potentialAction\":[{\"@type\":\"SearchAction\",\"target\":{\"@type\":\"EntryPoint\",\"urlTemplate\":\"https:\/\/nitu.mx\/?s={search_term_string}\"},\"query-input\":\"required name=search_term_string\"}],\"inLanguage\":\"es-MX\"},{\"@type\":[\"Person\",\"Organization\"],\"@id\":\"https:\/\/nitu.mx\/#\/schema\/person\/ae7a53426417292d3dd07b45a33e01bc\",\"name\":\"Arturo Medina\",\"image\":{\"@type\":\"ImageObject\",\"inLanguage\":\"es-MX\",\"@id\":\"https:\/\/nitu.mx\/#\/schema\/person\/image\/\",\"url\":\"https:\/\/nitu.mx\/wp-content\/uploads\/2024\/04\/4A315622-1904-4D5C-B022-878CDC840E04-90x90-1.jpeg\",\"contentUrl\":\"https:\/\/nitu.mx\/wp-content\/uploads\/2024\/04\/4A315622-1904-4D5C-B022-878CDC840E04-90x90-1.jpeg\",\"width\":90,\"height\":90,\"caption\":\"Arturo Medina\"},\"logo\":{\"@id\":\"https:\/\/nitu.mx\/#\/schema\/person\/image\/\"},\"description\":\"Director NITU.mx, Egresado de la Escuela de Periodismo Carlos Septi\u00e9n Garc\u00eda. Periodista y analista especializado en turismo desde hace 35 a\u00f1os, radicado en Canc\u00fan Q.Roo. arturo@nitu.mx\",\"sameAs\":[\"https:\/\/nitu.mx\",\"https:\/\/www.facebook.com\/NITUmx\/\",\"medinacancun\",\"https:\/\/twitter.com\/@Arturo_Medina_G\"]},{\"@type\":\"Person\",\"@id\":\"https:\/\/nitu.mx\/#\/schema\/person\/4a28fe9bd65924f7c90623773daf1b0b\",\"name\":\"Redacci\u00f3n\",\"image\":{\"@type\":\"ImageObject\",\"inLanguage\":\"es-MX\",\"@id\":\"https:\/\/nitu.mx\/#\/schema\/person\/image\/\",\"url\":\"https:\/\/secure.gravatar.com\/avatar\/5dd011c8ccfc5cd7e4c81e42252aab38?s=96&d=mm&r=g\",\"contentUrl\":\"https:\/\/secure.gravatar.com\/avatar\/5dd011c8ccfc5cd7e4c81e42252aab38?s=96&d=mm&r=g\",\"caption\":\"Redacci\u00f3n\"},\"url\":\"https:\/\/nitu.mx\/index.php\/author\/redaccion\/\"}]}<\/script>\n<!-- \/ Yoast SEO plugin. -->","yoast_head_json":{"title":"Los Cabos presenta su oferta de lujo para el MICE en IMEX Americas 2025 - Nitu - Noticias de la Industria Turistica","robots":{"index":"index","follow":"follow","max-snippet":"max-snippet:-1","max-image-preview":"max-image-preview:large","max-video-preview":"max-video-preview:-1"},"canonical":"https:\/\/nitu.mx\/index.php\/2025\/10\/07\/los-cabos-presenta-su-oferta-de-lujo-para-el-mice-en-imex-americas-2025\/","twitter_card":"summary_large_image","twitter_title":"Los Cabos presenta su oferta de lujo para el MICE en IMEX Americas 2025 - Nitu - Noticias de la Industria Turistica","twitter_description":"Con su llegada a IMEX Americas 2025, el Consejo de Turismo de Los Cabos destaca su singular combinaci\u00f3n de servicios de lujo, accesibilidad log\u00edstica y un s\u00f3lido ecosistema MICE (Reuniones, Incentivos, Conferencias y Exposiciones) que ofrece constantemente un valor excepcional y experiencias memorables. En 2024, Los Cabos demostr\u00f3 su atractivo irresistible, situ\u00e1ndose entre los 5 [&hellip;]","twitter_image":"https:\/\/nitu.mx\/wp-content\/uploads\/2025\/09\/Los-Cabos-2.jpg","twitter_creator":"@NITUmx","twitter_site":"@Arturo_Medina_G","twitter_misc":{"Escrito por":"Redacci\u00f3n","Tiempo de lectura":"4 minutos"},"schema":{"@context":"https:\/\/schema.org","@graph":[{"@type":"Article","@id":"https:\/\/nitu.mx\/index.php\/2025\/10\/07\/los-cabos-presenta-su-oferta-de-lujo-para-el-mice-en-imex-americas-2025\/#article","isPartOf":{"@id":"https:\/\/nitu.mx\/index.php\/2025\/10\/07\/los-cabos-presenta-su-oferta-de-lujo-para-el-mice-en-imex-americas-2025\/"},"author":{"name":"Redacci\u00f3n","@id":"https:\/\/nitu.mx\/#\/schema\/person\/4a28fe9bd65924f7c90623773daf1b0b"},"headline":"Los Cabos presenta su oferta de lujo para el MICE en IMEX Americas 2025","datePublished":"2025-10-07T21:00:00+00:00","dateModified":"2025-10-07T20:21:40+00:00","mainEntityOfPage":{"@id":"https:\/\/nitu.mx\/index.php\/2025\/10\/07\/los-cabos-presenta-su-oferta-de-lujo-para-el-mice-en-imex-americas-2025\/"},"wordCount":801,"publisher":{"@id":"https:\/\/nitu.mx\/#\/schema\/person\/ae7a53426417292d3dd07b45a33e01bc"},"image":{"@id":"https:\/\/nitu.mx\/index.php\/2025\/10\/07\/los-cabos-presenta-su-oferta-de-lujo-para-el-mice-en-imex-americas-2025\/#primaryimage"},"thumbnailUrl":"https:\/\/nitu.mx\/wp-content\/uploads\/2025\/09\/Los-Cabos-2.jpg","keywords":["Fiturca","IMEX","Los Cabos","MICE","Rodrigo Esponda"],"articleSection":["Destinos"],"inLanguage":"es-MX"},{"@type":"WebPage","@id":"https:\/\/nitu.mx\/index.php\/2025\/10\/07\/los-cabos-presenta-su-oferta-de-lujo-para-el-mice-en-imex-americas-2025\/","url":"https:\/\/nitu.mx\/index.php\/2025\/10\/07\/los-cabos-presenta-su-oferta-de-lujo-para-el-mice-en-imex-americas-2025\/","name":"Los Cabos presenta su oferta de lujo para el MICE en IMEX Americas 2025 - Nitu - Noticias de la Industria Turistica","isPartOf":{"@id":"https:\/\/nitu.mx\/#website"},"primaryImageOfPage":{"@id":"https:\/\/nitu.mx\/index.php\/2025\/10\/07\/los-cabos-presenta-su-oferta-de-lujo-para-el-mice-en-imex-americas-2025\/#primaryimage"},"image":{"@id":"https:\/\/nitu.mx\/index.php\/2025\/10\/07\/los-cabos-presenta-su-oferta-de-lujo-para-el-mice-en-imex-americas-2025\/#primaryimage"},"thumbnailUrl":"https:\/\/nitu.mx\/wp-content\/uploads\/2025\/09\/Los-Cabos-2.jpg","datePublished":"2025-10-07T21:00:00+00:00","dateModified":"2025-10-07T20:21:40+00:00","breadcrumb":{"@id":"https:\/\/nitu.mx\/index.php\/2025\/10\/07\/los-cabos-presenta-su-oferta-de-lujo-para-el-mice-en-imex-americas-2025\/#breadcrumb"},"inLanguage":"es-MX","potentialAction":[{"@type":"ReadAction","target":["https:\/\/nitu.mx\/index.php\/2025\/10\/07\/los-cabos-presenta-su-oferta-de-lujo-para-el-mice-en-imex-americas-2025\/"]}]},{"@type":"ImageObject","inLanguage":"es-MX","@id":"https:\/\/nitu.mx\/index.php\/2025\/10\/07\/los-cabos-presenta-su-oferta-de-lujo-para-el-mice-en-imex-americas-2025\/#primaryimage","url":"https:\/\/nitu.mx\/wp-content\/uploads\/2025\/09\/Los-Cabos-2.jpg","contentUrl":"https:\/\/nitu.mx\/wp-content\/uploads\/2025\/09\/Los-Cabos-2.jpg","width":1200,"height":675,"caption":"Los Cabos 2"},{"@type":"BreadcrumbList","@id":"https:\/\/nitu.mx\/index.php\/2025\/10\/07\/los-cabos-presenta-su-oferta-de-lujo-para-el-mice-en-imex-americas-2025\/#breadcrumb","itemListElement":[{"@type":"ListItem","position":1,"name":"Inicio","item":"https:\/\/nitu.mx\/"},{"@type":"ListItem","position":2,"name":"Los Cabos presenta su oferta de lujo para el MICE en IMEX Americas 2025"}]},{"@type":"WebSite","@id":"https:\/\/nitu.mx\/#website","url":"https:\/\/nitu.mx\/","name":"Nitu - Noticias de la Industria Turistica","description":"Noticias de la Industria Turistica","publisher":{"@id":"https:\/\/nitu.mx\/#\/schema\/person\/ae7a53426417292d3dd07b45a33e01bc"},"alternateName":"Noticias de la Industria Turistica","potentialAction":[{"@type":"SearchAction","target":{"@type":"EntryPoint","urlTemplate":"https:\/\/nitu.mx\/?s={search_term_string}"},"query-input":"required name=search_term_string"}],"inLanguage":"es-MX"},{"@type":["Person","Organization"],"@id":"https:\/\/nitu.mx\/#\/schema\/person\/ae7a53426417292d3dd07b45a33e01bc","name":"Arturo Medina","image":{"@type":"ImageObject","inLanguage":"es-MX","@id":"https:\/\/nitu.mx\/#\/schema\/person\/image\/","url":"https:\/\/nitu.mx\/wp-content\/uploads\/2024\/04\/4A315622-1904-4D5C-B022-878CDC840E04-90x90-1.jpeg","contentUrl":"https:\/\/nitu.mx\/wp-content\/uploads\/2024\/04\/4A315622-1904-4D5C-B022-878CDC840E04-90x90-1.jpeg","width":90,"height":90,"caption":"Arturo Medina"},"logo":{"@id":"https:\/\/nitu.mx\/#\/schema\/person\/image\/"},"description":"Director NITU.mx, Egresado de la Escuela de Periodismo Carlos Septi\u00e9n Garc\u00eda. Periodista y analista especializado en turismo desde hace 35 a\u00f1os, radicado en Canc\u00fan Q.Roo. arturo@nitu.mx","sameAs":["https:\/\/nitu.mx","https:\/\/www.facebook.com\/NITUmx\/","medinacancun","https:\/\/twitter.com\/@Arturo_Medina_G"]},{"@type":"Person","@id":"https:\/\/nitu.mx\/#\/schema\/person\/4a28fe9bd65924f7c90623773daf1b0b","name":"Redacci\u00f3n","image":{"@type":"ImageObject","inLanguage":"es-MX","@id":"https:\/\/nitu.mx\/#\/schema\/person\/image\/","url":"https:\/\/secure.gravatar.com\/avatar\/5dd011c8ccfc5cd7e4c81e42252aab38?s=96&d=mm&r=g","contentUrl":"https:\/\/secure.gravatar.com\/avatar\/5dd011c8ccfc5cd7e4c81e42252aab38?s=96&d=mm&r=g","caption":"Redacci\u00f3n"},"url":"https:\/\/nitu.mx\/index.php\/author\/redaccion\/"}]}},"views":614,"_links":{"self":[{"href":"https:\/\/nitu.mx\/index.php\/wp-json\/wp\/v2\/posts\/83845"}],"collection":[{"href":"https:\/\/nitu.mx\/index.php\/wp-json\/wp\/v2\/posts"}],"about":[{"href":"https:\/\/nitu.mx\/index.php\/wp-json\/wp\/v2\/types\/post"}],"author":[{"embeddable":true,"href":"https:\/\/nitu.mx\/index.php\/wp-json\/wp\/v2\/users\/17"}],"replies":[{"embeddable":true,"href":"https:\/\/nitu.mx\/index.php\/wp-json\/wp\/v2\/comments?post=83845"}],"version-history":[{"count":1,"href":"https:\/\/nitu.mx\/index.php\/wp-json\/wp\/v2\/posts\/83845\/revisions"}],"predecessor-version":[{"id":83847,"href":"https:\/\/nitu.mx\/index.php\/wp-json\/wp\/v2\/posts\/83845\/revisions\/83847"}],"wp:featuredmedia":[{"embeddable":true,"href":"https:\/\/nitu.mx\/index.php\/wp-json\/wp\/v2\/media\/83560"}],"wp:attachment":[{"href":"https:\/\/nitu.mx\/index.php\/wp-json\/wp\/v2\/media?parent=83845"}],"wp:term":[{"taxonomy":"category","embeddable":true,"href":"https:\/\/nitu.mx\/index.php\/wp-json\/wp\/v2\/categories?post=83845"},{"taxonomy":"post_tag","embeddable":true,"href":"https:\/\/nitu.mx\/index.php\/wp-json\/wp\/v2\/tags?post=83845"}],"curies":[{"name":"wp","href":"https:\/\/api.w.org\/{rel}","templated":true}]}}