{"id":83841,"date":"2025-10-07T13:52:07","date_gmt":"2025-10-07T19:52:07","guid":{"rendered":"https:\/\/nitu.mx\/?p=83841"},"modified":"2025-10-07T13:52:07","modified_gmt":"2025-10-07T19:52:07","slug":"pricetravel-asciende-a-juan-socas-a-chief-commercial-officer","status":"publish","type":"post","link":"https:\/\/nitu.mx\/index.php\/2025\/10\/07\/pricetravel-asciende-a-juan-socas-a-chief-commercial-officer\/","title":{"rendered":"PriceTravel asciende a Juan Socas a Chief Commercial Officer\u00a0"},"content":{"rendered":"\n<p>PriceTravel Holding anunci\u00f3 el crecimiento dentro de su estructura directiva con el nombramiento de Juan Socas como Chief Commercial Officer (CCO), quien asumir\u00e1 la responsabilidad de liderar la estrategia comercial global del grupo, impulsando la innovaci\u00f3n, expansi\u00f3n y consolidaci\u00f3n de sus canales de distribuci\u00f3n.<br>\u00a0<br>Con m\u00e1s de dos d\u00e9cadas de experiencia en la industria de viajes y tecnolog\u00eda, Socas ha sido una figura clave en el desarrollo del modelo B2B de PriceTravel Holding. Desde 2013, se desempe\u00f1\u00f3 como Vicepresidente Comercial, dirigiendo los canales PriceAgencies, Connect y PriceAffiliates; consolidando as\u00ed, una red de m\u00e1s de 12,000 agencias minoristas, 400 mayoristas globales y 300 marcas afiliadas.<br>\u00a0<br>Bajo su liderazgo, la compa\u00f1\u00eda ha alcanzado un crecimiento sostenido y una mayor diversificaci\u00f3n de ingresos, impulsando una estrategia de expansi\u00f3n internacional. Hoy, PriceAgencies se consolida como marca en Latinoam\u00e9rica, fortaleciendo su presencia en los principales mercados de la regi\u00f3n, mientras que Connect contin\u00faa su crecimiento a nivel mundial, integrando cada vez m\u00e1s compa\u00f1\u00edas aliadas que conf\u00edan en la tecnolog\u00eda y capacidad de distribuci\u00f3n de PriceTravel Holding.<br>\u00a0<br>\u201cFelicito a Juan por este merecido crecimiento dentro de la compa\u00f1\u00eda. Su visi\u00f3n estrat\u00e9gica, capacidad anal\u00edtica y orientaci\u00f3n a resultados lo han distinguido como un l\u00edder que impulsa el desarrollo de equipos multiculturales y la creaci\u00f3n de soluciones innovadoras que fortalecen la posici\u00f3n de PriceTravel Holding como una de las empresas m\u00e1s s\u00f3lidas en la distribuci\u00f3n tur\u00edstica de Latinoam\u00e9rica\u201d, se\u00f1al\u00f3 Jorge Restrepo, CEO de PriceTravel Holding.<br>\u00a0<br>Mientras que Rafael Durand, COO de PriceTravel Holding agreg\u00f3: \u201cEste nombramiento refleja nuestro compromiso con el crecimiento sostenido, la innovaci\u00f3n y la excelencia operativa. Juan ha sido un pilar fundamental en la evoluci\u00f3n comercial del grupo, y estamos seguros de que en esta nueva etapa continuar\u00e1 aportando una visi\u00f3n estrat\u00e9gica que impulse nuestra expansi\u00f3n global&#8221;.<br>\u00a0<br>Este crecimiento dentro de la organizaci\u00f3n refuerza la estructura corporativa de PriceTravel Holding, permitiendo que la compa\u00f1\u00eda contin\u00fae fortaleciendo su liderazgo en la distribuci\u00f3n tur\u00edstica, ampliando su presencia internacional y ofreciendo soluciones tecnol\u00f3gicas de vanguardia que generen valor a clientes y socios comerciales. (<a href=\"https:\/\/nitu.mx\/index.php\/2025\/09\/25\/pricetravel-holding-impulsa-su-expansion-en-fit-america-latina-2025\/\">PriceTravel Holding impulsa su expansi\u00f3n en FIT Am\u00e9rica Latina 2025<\/a>).<\/p>\n","protected":false},"excerpt":{"rendered":"<p>PriceTravel Holding anunci\u00f3 el crecimiento dentro de su estructura directiva con el nombramiento de Juan Socas como Chief Commercial Officer (CCO), quien asumir\u00e1 la responsabilidad de liderar la estrategia comercial global del grupo, impulsando la innovaci\u00f3n, expansi\u00f3n y consolidaci\u00f3n de sus canales de distribuci\u00f3n.\u00a0Con m\u00e1s de dos d\u00e9cadas de experiencia en la industria de viajes [&hellip;]<\/p>\n","protected":false},"author":17,"featured_media":83844,"comment_status":"closed","ping_status":"closed","sticky":false,"template":"","format":"standard","meta":{"footnotes":""},"categories":[3],"tags":[10682,2842,17874,2840],"yoast_head":"<!-- This site is optimized with the Yoast SEO plugin v22.2 - https:\/\/yoast.com\/wordpress\/plugins\/seo\/ -->\n<title>PriceTravel asciende a Juan Socas a Chief Commercial Officer\u00a0 - Nitu - Noticias de la Industria Turistica<\/title>\n<meta name=\"robots\" content=\"index, follow, max-snippet:-1, max-image-preview:large, max-video-preview:-1\" \/>\n<link rel=\"canonical\" href=\"https:\/\/nitu.mx\/index.php\/2025\/10\/07\/pricetravel-asciende-a-juan-socas-a-chief-commercial-officer\/\" \/>\n<meta name=\"twitter:card\" content=\"summary_large_image\" \/>\n<meta name=\"twitter:title\" content=\"PriceTravel asciende a Juan Socas a Chief Commercial Officer\u00a0 - Nitu - Noticias de la Industria Turistica\" \/>\n<meta name=\"twitter:description\" content=\"PriceTravel Holding anunci\u00f3 el crecimiento dentro de su estructura directiva con el nombramiento de Juan Socas como Chief Commercial Officer (CCO), quien asumir\u00e1 la responsabilidad de liderar la estrategia comercial global del grupo, impulsando la innovaci\u00f3n, expansi\u00f3n y consolidaci\u00f3n de sus canales de distribuci\u00f3n.\u00a0Con m\u00e1s de dos d\u00e9cadas de experiencia en la industria de viajes [&hellip;]\" \/>\n<meta name=\"twitter:image\" content=\"https:\/\/nitu.mx\/wp-content\/uploads\/2025\/10\/PriceTravel-Holding-Juan-Socas.jpg\" \/>\n<meta name=\"twitter:creator\" content=\"@NITUmx\" \/>\n<meta name=\"twitter:site\" content=\"@Arturo_Medina_G\" \/>\n<meta name=\"twitter:label1\" content=\"Escrito por\" \/>\n\t<meta name=\"twitter:data1\" content=\"Redacci\u00f3n\" \/>\n\t<meta name=\"twitter:label2\" content=\"Tiempo de lectura\" \/>\n\t<meta name=\"twitter:data2\" content=\"2 minutos\" \/>\n<script type=\"application\/ld+json\" class=\"yoast-schema-graph\">{\"@context\":\"https:\/\/schema.org\",\"@graph\":[{\"@type\":\"Article\",\"@id\":\"https:\/\/nitu.mx\/index.php\/2025\/10\/07\/pricetravel-asciende-a-juan-socas-a-chief-commercial-officer\/#article\",\"isPartOf\":{\"@id\":\"https:\/\/nitu.mx\/index.php\/2025\/10\/07\/pricetravel-asciende-a-juan-socas-a-chief-commercial-officer\/\"},\"author\":{\"name\":\"Redacci\u00f3n\",\"@id\":\"https:\/\/nitu.mx\/#\/schema\/person\/4a28fe9bd65924f7c90623773daf1b0b\"},\"headline\":\"PriceTravel asciende a Juan Socas a Chief Commercial Officer\u00a0\",\"datePublished\":\"2025-10-07T19:52:07+00:00\",\"dateModified\":\"2025-10-07T19:52:07+00:00\",\"mainEntityOfPage\":{\"@id\":\"https:\/\/nitu.mx\/index.php\/2025\/10\/07\/pricetravel-asciende-a-juan-socas-a-chief-commercial-officer\/\"},\"wordCount\":396,\"publisher\":{\"@id\":\"https:\/\/nitu.mx\/#\/schema\/person\/ae7a53426417292d3dd07b45a33e01bc\"},\"image\":{\"@id\":\"https:\/\/nitu.mx\/index.php\/2025\/10\/07\/pricetravel-asciende-a-juan-socas-a-chief-commercial-officer\/#primaryimage\"},\"thumbnailUrl\":\"https:\/\/nitu.mx\/wp-content\/uploads\/2025\/10\/PriceTravel-Holding-Juan-Socas.jpg\",\"keywords\":[\"Jorge Restrepo\",\"Juan Socas\",\"PriceAgencies\",\"PriceTravel Holding\"],\"articleSection\":[\"Agencias de Viajes\"],\"inLanguage\":\"es-MX\"},{\"@type\":\"WebPage\",\"@id\":\"https:\/\/nitu.mx\/index.php\/2025\/10\/07\/pricetravel-asciende-a-juan-socas-a-chief-commercial-officer\/\",\"url\":\"https:\/\/nitu.mx\/index.php\/2025\/10\/07\/pricetravel-asciende-a-juan-socas-a-chief-commercial-officer\/\",\"name\":\"PriceTravel asciende a Juan Socas a Chief Commercial Officer\u00a0 - Nitu - Noticias de la Industria Turistica\",\"isPartOf\":{\"@id\":\"https:\/\/nitu.mx\/#website\"},\"primaryImageOfPage\":{\"@id\":\"https:\/\/nitu.mx\/index.php\/2025\/10\/07\/pricetravel-asciende-a-juan-socas-a-chief-commercial-officer\/#primaryimage\"},\"image\":{\"@id\":\"https:\/\/nitu.mx\/index.php\/2025\/10\/07\/pricetravel-asciende-a-juan-socas-a-chief-commercial-officer\/#primaryimage\"},\"thumbnailUrl\":\"https:\/\/nitu.mx\/wp-content\/uploads\/2025\/10\/PriceTravel-Holding-Juan-Socas.jpg\",\"datePublished\":\"2025-10-07T19:52:07+00:00\",\"dateModified\":\"2025-10-07T19:52:07+00:00\",\"breadcrumb\":{\"@id\":\"https:\/\/nitu.mx\/index.php\/2025\/10\/07\/pricetravel-asciende-a-juan-socas-a-chief-commercial-officer\/#breadcrumb\"},\"inLanguage\":\"es-MX\",\"potentialAction\":[{\"@type\":\"ReadAction\",\"target\":[\"https:\/\/nitu.mx\/index.php\/2025\/10\/07\/pricetravel-asciende-a-juan-socas-a-chief-commercial-officer\/\"]}]},{\"@type\":\"ImageObject\",\"inLanguage\":\"es-MX\",\"@id\":\"https:\/\/nitu.mx\/index.php\/2025\/10\/07\/pricetravel-asciende-a-juan-socas-a-chief-commercial-officer\/#primaryimage\",\"url\":\"https:\/\/nitu.mx\/wp-content\/uploads\/2025\/10\/PriceTravel-Holding-Juan-Socas.jpg\",\"contentUrl\":\"https:\/\/nitu.mx\/wp-content\/uploads\/2025\/10\/PriceTravel-Holding-Juan-Socas.jpg\",\"width\":1200,\"height\":675,\"caption\":\"PriceTravel Holding Juan Socas\"},{\"@type\":\"BreadcrumbList\",\"@id\":\"https:\/\/nitu.mx\/index.php\/2025\/10\/07\/pricetravel-asciende-a-juan-socas-a-chief-commercial-officer\/#breadcrumb\",\"itemListElement\":[{\"@type\":\"ListItem\",\"position\":1,\"name\":\"Inicio\",\"item\":\"https:\/\/nitu.mx\/\"},{\"@type\":\"ListItem\",\"position\":2,\"name\":\"PriceTravel asciende a Juan Socas a Chief Commercial Officer\u00a0\"}]},{\"@type\":\"WebSite\",\"@id\":\"https:\/\/nitu.mx\/#website\",\"url\":\"https:\/\/nitu.mx\/\",\"name\":\"Nitu - Noticias de la Industria Turistica\",\"description\":\"Noticias de la Industria Turistica\",\"publisher\":{\"@id\":\"https:\/\/nitu.mx\/#\/schema\/person\/ae7a53426417292d3dd07b45a33e01bc\"},\"alternateName\":\"Noticias de la Industria Turistica\",\"potentialAction\":[{\"@type\":\"SearchAction\",\"target\":{\"@type\":\"EntryPoint\",\"urlTemplate\":\"https:\/\/nitu.mx\/?s={search_term_string}\"},\"query-input\":\"required name=search_term_string\"}],\"inLanguage\":\"es-MX\"},{\"@type\":[\"Person\",\"Organization\"],\"@id\":\"https:\/\/nitu.mx\/#\/schema\/person\/ae7a53426417292d3dd07b45a33e01bc\",\"name\":\"Arturo Medina\",\"image\":{\"@type\":\"ImageObject\",\"inLanguage\":\"es-MX\",\"@id\":\"https:\/\/nitu.mx\/#\/schema\/person\/image\/\",\"url\":\"https:\/\/nitu.mx\/wp-content\/uploads\/2024\/04\/4A315622-1904-4D5C-B022-878CDC840E04-90x90-1.jpeg\",\"contentUrl\":\"https:\/\/nitu.mx\/wp-content\/uploads\/2024\/04\/4A315622-1904-4D5C-B022-878CDC840E04-90x90-1.jpeg\",\"width\":90,\"height\":90,\"caption\":\"Arturo Medina\"},\"logo\":{\"@id\":\"https:\/\/nitu.mx\/#\/schema\/person\/image\/\"},\"description\":\"Director NITU.mx, Egresado de la Escuela de Periodismo Carlos Septi\u00e9n Garc\u00eda. Periodista y analista especializado en turismo desde hace 35 a\u00f1os, radicado en Canc\u00fan Q.Roo. arturo@nitu.mx\",\"sameAs\":[\"https:\/\/nitu.mx\",\"https:\/\/www.facebook.com\/NITUmx\/\",\"medinacancun\",\"https:\/\/twitter.com\/@Arturo_Medina_G\"]},{\"@type\":\"Person\",\"@id\":\"https:\/\/nitu.mx\/#\/schema\/person\/4a28fe9bd65924f7c90623773daf1b0b\",\"name\":\"Redacci\u00f3n\",\"image\":{\"@type\":\"ImageObject\",\"inLanguage\":\"es-MX\",\"@id\":\"https:\/\/nitu.mx\/#\/schema\/person\/image\/\",\"url\":\"https:\/\/secure.gravatar.com\/avatar\/5dd011c8ccfc5cd7e4c81e42252aab38?s=96&d=mm&r=g\",\"contentUrl\":\"https:\/\/secure.gravatar.com\/avatar\/5dd011c8ccfc5cd7e4c81e42252aab38?s=96&d=mm&r=g\",\"caption\":\"Redacci\u00f3n\"},\"url\":\"https:\/\/nitu.mx\/index.php\/author\/redaccion\/\"}]}<\/script>\n<!-- \/ Yoast SEO plugin. -->","yoast_head_json":{"title":"PriceTravel asciende a Juan Socas a Chief Commercial Officer\u00a0 - Nitu - Noticias de la Industria Turistica","robots":{"index":"index","follow":"follow","max-snippet":"max-snippet:-1","max-image-preview":"max-image-preview:large","max-video-preview":"max-video-preview:-1"},"canonical":"https:\/\/nitu.mx\/index.php\/2025\/10\/07\/pricetravel-asciende-a-juan-socas-a-chief-commercial-officer\/","twitter_card":"summary_large_image","twitter_title":"PriceTravel asciende a Juan Socas a Chief Commercial Officer\u00a0 - Nitu - Noticias de la Industria Turistica","twitter_description":"PriceTravel Holding anunci\u00f3 el crecimiento dentro de su estructura directiva con el nombramiento de Juan Socas como Chief Commercial Officer (CCO), quien asumir\u00e1 la responsabilidad de liderar la estrategia comercial global del grupo, impulsando la innovaci\u00f3n, expansi\u00f3n y consolidaci\u00f3n de sus canales de distribuci\u00f3n.\u00a0Con m\u00e1s de dos d\u00e9cadas de experiencia en la industria de viajes [&hellip;]","twitter_image":"https:\/\/nitu.mx\/wp-content\/uploads\/2025\/10\/PriceTravel-Holding-Juan-Socas.jpg","twitter_creator":"@NITUmx","twitter_site":"@Arturo_Medina_G","twitter_misc":{"Escrito por":"Redacci\u00f3n","Tiempo de lectura":"2 minutos"},"schema":{"@context":"https:\/\/schema.org","@graph":[{"@type":"Article","@id":"https:\/\/nitu.mx\/index.php\/2025\/10\/07\/pricetravel-asciende-a-juan-socas-a-chief-commercial-officer\/#article","isPartOf":{"@id":"https:\/\/nitu.mx\/index.php\/2025\/10\/07\/pricetravel-asciende-a-juan-socas-a-chief-commercial-officer\/"},"author":{"name":"Redacci\u00f3n","@id":"https:\/\/nitu.mx\/#\/schema\/person\/4a28fe9bd65924f7c90623773daf1b0b"},"headline":"PriceTravel asciende a Juan Socas a Chief Commercial Officer\u00a0","datePublished":"2025-10-07T19:52:07+00:00","dateModified":"2025-10-07T19:52:07+00:00","mainEntityOfPage":{"@id":"https:\/\/nitu.mx\/index.php\/2025\/10\/07\/pricetravel-asciende-a-juan-socas-a-chief-commercial-officer\/"},"wordCount":396,"publisher":{"@id":"https:\/\/nitu.mx\/#\/schema\/person\/ae7a53426417292d3dd07b45a33e01bc"},"image":{"@id":"https:\/\/nitu.mx\/index.php\/2025\/10\/07\/pricetravel-asciende-a-juan-socas-a-chief-commercial-officer\/#primaryimage"},"thumbnailUrl":"https:\/\/nitu.mx\/wp-content\/uploads\/2025\/10\/PriceTravel-Holding-Juan-Socas.jpg","keywords":["Jorge Restrepo","Juan Socas","PriceAgencies","PriceTravel Holding"],"articleSection":["Agencias de Viajes"],"inLanguage":"es-MX"},{"@type":"WebPage","@id":"https:\/\/nitu.mx\/index.php\/2025\/10\/07\/pricetravel-asciende-a-juan-socas-a-chief-commercial-officer\/","url":"https:\/\/nitu.mx\/index.php\/2025\/10\/07\/pricetravel-asciende-a-juan-socas-a-chief-commercial-officer\/","name":"PriceTravel asciende a Juan Socas a Chief Commercial Officer\u00a0 - Nitu - Noticias de la Industria Turistica","isPartOf":{"@id":"https:\/\/nitu.mx\/#website"},"primaryImageOfPage":{"@id":"https:\/\/nitu.mx\/index.php\/2025\/10\/07\/pricetravel-asciende-a-juan-socas-a-chief-commercial-officer\/#primaryimage"},"image":{"@id":"https:\/\/nitu.mx\/index.php\/2025\/10\/07\/pricetravel-asciende-a-juan-socas-a-chief-commercial-officer\/#primaryimage"},"thumbnailUrl":"https:\/\/nitu.mx\/wp-content\/uploads\/2025\/10\/PriceTravel-Holding-Juan-Socas.jpg","datePublished":"2025-10-07T19:52:07+00:00","dateModified":"2025-10-07T19:52:07+00:00","breadcrumb":{"@id":"https:\/\/nitu.mx\/index.php\/2025\/10\/07\/pricetravel-asciende-a-juan-socas-a-chief-commercial-officer\/#breadcrumb"},"inLanguage":"es-MX","potentialAction":[{"@type":"ReadAction","target":["https:\/\/nitu.mx\/index.php\/2025\/10\/07\/pricetravel-asciende-a-juan-socas-a-chief-commercial-officer\/"]}]},{"@type":"ImageObject","inLanguage":"es-MX","@id":"https:\/\/nitu.mx\/index.php\/2025\/10\/07\/pricetravel-asciende-a-juan-socas-a-chief-commercial-officer\/#primaryimage","url":"https:\/\/nitu.mx\/wp-content\/uploads\/2025\/10\/PriceTravel-Holding-Juan-Socas.jpg","contentUrl":"https:\/\/nitu.mx\/wp-content\/uploads\/2025\/10\/PriceTravel-Holding-Juan-Socas.jpg","width":1200,"height":675,"caption":"PriceTravel Holding Juan Socas"},{"@type":"BreadcrumbList","@id":"https:\/\/nitu.mx\/index.php\/2025\/10\/07\/pricetravel-asciende-a-juan-socas-a-chief-commercial-officer\/#breadcrumb","itemListElement":[{"@type":"ListItem","position":1,"name":"Inicio","item":"https:\/\/nitu.mx\/"},{"@type":"ListItem","position":2,"name":"PriceTravel asciende a Juan Socas a Chief Commercial Officer\u00a0"}]},{"@type":"WebSite","@id":"https:\/\/nitu.mx\/#website","url":"https:\/\/nitu.mx\/","name":"Nitu - Noticias de la Industria Turistica","description":"Noticias de la Industria Turistica","publisher":{"@id":"https:\/\/nitu.mx\/#\/schema\/person\/ae7a53426417292d3dd07b45a33e01bc"},"alternateName":"Noticias de la Industria Turistica","potentialAction":[{"@type":"SearchAction","target":{"@type":"EntryPoint","urlTemplate":"https:\/\/nitu.mx\/?s={search_term_string}"},"query-input":"required name=search_term_string"}],"inLanguage":"es-MX"},{"@type":["Person","Organization"],"@id":"https:\/\/nitu.mx\/#\/schema\/person\/ae7a53426417292d3dd07b45a33e01bc","name":"Arturo Medina","image":{"@type":"ImageObject","inLanguage":"es-MX","@id":"https:\/\/nitu.mx\/#\/schema\/person\/image\/","url":"https:\/\/nitu.mx\/wp-content\/uploads\/2024\/04\/4A315622-1904-4D5C-B022-878CDC840E04-90x90-1.jpeg","contentUrl":"https:\/\/nitu.mx\/wp-content\/uploads\/2024\/04\/4A315622-1904-4D5C-B022-878CDC840E04-90x90-1.jpeg","width":90,"height":90,"caption":"Arturo Medina"},"logo":{"@id":"https:\/\/nitu.mx\/#\/schema\/person\/image\/"},"description":"Director NITU.mx, Egresado de la Escuela de Periodismo Carlos Septi\u00e9n Garc\u00eda. Periodista y analista especializado en turismo desde hace 35 a\u00f1os, radicado en Canc\u00fan Q.Roo. arturo@nitu.mx","sameAs":["https:\/\/nitu.mx","https:\/\/www.facebook.com\/NITUmx\/","medinacancun","https:\/\/twitter.com\/@Arturo_Medina_G"]},{"@type":"Person","@id":"https:\/\/nitu.mx\/#\/schema\/person\/4a28fe9bd65924f7c90623773daf1b0b","name":"Redacci\u00f3n","image":{"@type":"ImageObject","inLanguage":"es-MX","@id":"https:\/\/nitu.mx\/#\/schema\/person\/image\/","url":"https:\/\/secure.gravatar.com\/avatar\/5dd011c8ccfc5cd7e4c81e42252aab38?s=96&d=mm&r=g","contentUrl":"https:\/\/secure.gravatar.com\/avatar\/5dd011c8ccfc5cd7e4c81e42252aab38?s=96&d=mm&r=g","caption":"Redacci\u00f3n"},"url":"https:\/\/nitu.mx\/index.php\/author\/redaccion\/"}]}},"views":707,"_links":{"self":[{"href":"https:\/\/nitu.mx\/index.php\/wp-json\/wp\/v2\/posts\/83841"}],"collection":[{"href":"https:\/\/nitu.mx\/index.php\/wp-json\/wp\/v2\/posts"}],"about":[{"href":"https:\/\/nitu.mx\/index.php\/wp-json\/wp\/v2\/types\/post"}],"author":[{"embeddable":true,"href":"https:\/\/nitu.mx\/index.php\/wp-json\/wp\/v2\/users\/17"}],"replies":[{"embeddable":true,"href":"https:\/\/nitu.mx\/index.php\/wp-json\/wp\/v2\/comments?post=83841"}],"version-history":[{"count":1,"href":"https:\/\/nitu.mx\/index.php\/wp-json\/wp\/v2\/posts\/83841\/revisions"}],"predecessor-version":[{"id":83843,"href":"https:\/\/nitu.mx\/index.php\/wp-json\/wp\/v2\/posts\/83841\/revisions\/83843"}],"wp:featuredmedia":[{"embeddable":true,"href":"https:\/\/nitu.mx\/index.php\/wp-json\/wp\/v2\/media\/83844"}],"wp:attachment":[{"href":"https:\/\/nitu.mx\/index.php\/wp-json\/wp\/v2\/media?parent=83841"}],"wp:term":[{"taxonomy":"category","embeddable":true,"href":"https:\/\/nitu.mx\/index.php\/wp-json\/wp\/v2\/categories?post=83841"},{"taxonomy":"post_tag","embeddable":true,"href":"https:\/\/nitu.mx\/index.php\/wp-json\/wp\/v2\/tags?post=83841"}],"curies":[{"name":"wp","href":"https:\/\/api.w.org\/{rel}","templated":true}]}}