{"id":83837,"date":"2025-10-06T22:00:00","date_gmt":"2025-10-07T04:00:00","guid":{"rendered":"https:\/\/nitu.mx\/?p=83837"},"modified":"2025-10-06T18:28:21","modified_gmt":"2025-10-07T00:28:21","slug":"aicm-sin-permiso-para-taxis-de-aplicacion-confirman-con-solicitud-de-transparencia","status":"publish","type":"post","link":"https:\/\/nitu.mx\/index.php\/2025\/10\/06\/aicm-sin-permiso-para-taxis-de-aplicacion-confirman-con-solicitud-de-transparencia\/","title":{"rendered":"AICM: Sin permiso para taxis de aplicaci\u00f3n, confirman con solicitud de transparencia"},"content":{"rendered":"\n<p>Con base en una importante b\u00fasqueda de informaci\u00f3n por Transparencia, permisionarios de taxis del Aeropuerto de la Ciudad de M\u00e9xico (AICM) confirmaron que el Gobierno Federal no tiene ning\u00fan tipo de acuerdo, convenio o determinaci\u00f3n formal para permitir el ingreso de taxis de aplicaci\u00f3n a la Zona Federal del AICM, con motivo de la pr\u00f3xima realizaci\u00f3n del mundial de futbol en nuestro pa\u00eds, ni previo, durante o posteriormente a la realizaci\u00f3n de este evento.<\/p>\n\n\n\n<p>Permisionarios informaron que durante septiembre, recibieron una serie de respuestas de diversas dependencias federales, como las Secretar\u00edas de Gobernaci\u00f3n, de Cultura, de Infraestructura, de la propia Guardia Nacional e incluso de la Presidencia de la Rep\u00fablica, en la que se confirm\u00f3 que no existe convenio para permitir el ingreso de este tipo de unidades en la Zona Federal del aeropuerto capitalino para ofrecer el servicio de transporte.<\/p>\n\n\n\n<p>De estas dependencias, fue precisamente la Unidad de Transparencia de la Secretar\u00eda de Infraestructura, Comunicaciones y Transportes (SICT) la que, el 11 de septiembre pasado, respondi\u00f3 que la Subsecretar\u00eda de Infraestructura de dicha dependencia aclara que no existen datos referentes a compromisos en materia de infraestructura con la FIFA por la pr\u00f3xima celebraci\u00f3n del Mundial de Futbol 2026.<\/p>\n\n\n\n<p>Los permisionarios establecieron que las respuestas de las dependencias confirmaron que la mayor\u00eda de \u00e9stas estableci\u00f3 que no ten\u00edan capacidad para saber si existe alg\u00fan acuerdo para dejar ingresar a las aplicaciones al aeropuerto, incluida la propia Presidencia de la Rep\u00fablica, misma incluso que sugiri\u00f3 que se acudiera a la Secretar\u00eda de Cultura.<\/p>\n\n\n\n<p>Al respecto, los permisionarios informaron que si hubiera existido alg\u00fan acuerdo, convenio o pacto de parte del gobierno mexicano con los taxis de aplicaci\u00f3n para que ingresen abiertamente al Aeropuerto de la Ciudad de M\u00e9xico, \u00e9ste hubiera sido abiertamente violatorio de la Ley de Caminos, Puentes y Autotransporte Federal.<\/p>\n\n\n\n<p>Con esta confirmaci\u00f3n, aseguran, queda claro que no existe raz\u00f3n legal alguna para que las autoridades de la Marina que administran el AICM sigan permitiendo, cada vez m\u00e1s descaradamente, el ingreso de taxis de aplicaci\u00f3n a la Zona Federal del Aeropuerto para ofrecer su servicio, en una clara violaci\u00f3n a las leyes mexicanas.<\/p>\n\n\n\n<p>Lo anterior, evidencia, afirman, el ilegal y corrupto negocio que la Marina tiene con los taxis de aplicaci\u00f3n, y que para consolidarlo tiene una clara estrategia de destruir primero a las empresas permisionarias de menor tama\u00f1o para confabularse tanto con las empresas monop\u00f3licas, as\u00ed como con los taxis de aplicaci\u00f3n, con el fin de obtener considerables beneficios econ\u00f3micos.<\/p>\n\n\n\n<p>Los permisionarios reiteraron su llamado al secretario de Seguridad y Protecci\u00f3n Ciudadana, Omar Garc\u00eda Harfuch,\u00a0 para que intervenga en este caso, ya que tienen la certeza de que es Mois\u00e9s Alfonso Magallanes, subdirector de Terminal de Supervisi\u00f3n de Transportaci\u00f3n Terrestre del Aeropuerto, quien encabeza estas acciones contrarias a la ley en contubernio con los taxis de aplicaci\u00f3n y las empresas monop\u00f3licas, con el fin de quedarse como parte de un importante negocio il\u00edcito dentro del AICM. (<a href=\"https:\/\/nitu.mx\/index.php\/2025\/09\/01\/aicm-taxis-permisionarios-piden-regreso-de-guardia-nacional-acusan-favoritismo-a-uber-y-didi\/\">AICM: Taxis permisionarios piden regreso de Guardia Nacional, acusan favoritismo a Uber y Didi<\/a>).<\/p>\n","protected":false},"excerpt":{"rendered":"<p>Con base en una importante b\u00fasqueda de informaci\u00f3n por Transparencia, permisionarios de taxis del Aeropuerto de la Ciudad de M\u00e9xico (AICM) confirmaron que el Gobierno Federal no tiene ning\u00fan tipo de acuerdo, convenio o determinaci\u00f3n formal para permitir el ingreso de taxis de aplicaci\u00f3n a la Zona Federal del AICM, con motivo de la pr\u00f3xima [&hellip;]<\/p>\n","protected":false},"author":17,"featured_media":83840,"comment_status":"closed","ping_status":"closed","sticky":false,"template":"","format":"standard","meta":{"footnotes":""},"categories":[19462],"tags":[294,5577,23003,15983],"yoast_head":"<!-- This site is optimized with the Yoast SEO plugin v22.2 - https:\/\/yoast.com\/wordpress\/plugins\/seo\/ -->\n<title>AICM: Sin permiso para taxis de aplicaci\u00f3n, confirman con solicitud de transparencia - Nitu - Noticias de la Industria Turistica<\/title>\n<meta name=\"robots\" content=\"index, follow, max-snippet:-1, max-image-preview:large, max-video-preview:-1\" \/>\n<link rel=\"canonical\" href=\"https:\/\/nitu.mx\/index.php\/2025\/10\/06\/aicm-sin-permiso-para-taxis-de-aplicacion-confirman-con-solicitud-de-transparencia\/\" \/>\n<meta name=\"twitter:card\" content=\"summary_large_image\" \/>\n<meta name=\"twitter:title\" content=\"AICM: Sin permiso para taxis de aplicaci\u00f3n, confirman con solicitud de transparencia - Nitu - Noticias de la Industria Turistica\" \/>\n<meta name=\"twitter:description\" content=\"Con base en una importante b\u00fasqueda de informaci\u00f3n por Transparencia, permisionarios de taxis del Aeropuerto de la Ciudad de M\u00e9xico (AICM) confirmaron que el Gobierno Federal no tiene ning\u00fan tipo de acuerdo, convenio o determinaci\u00f3n formal para permitir el ingreso de taxis de aplicaci\u00f3n a la Zona Federal del AICM, con motivo de la pr\u00f3xima [&hellip;]\" \/>\n<meta name=\"twitter:image\" content=\"https:\/\/nitu.mx\/wp-content\/uploads\/2025\/10\/AICM-Taxis-de-aplicacion.jpg\" \/>\n<meta name=\"twitter:creator\" content=\"@NITUmx\" \/>\n<meta name=\"twitter:site\" content=\"@Arturo_Medina_G\" \/>\n<meta name=\"twitter:label1\" content=\"Escrito por\" \/>\n\t<meta name=\"twitter:data1\" content=\"Redacci\u00f3n\" \/>\n\t<meta name=\"twitter:label2\" content=\"Tiempo de lectura\" \/>\n\t<meta name=\"twitter:data2\" content=\"3 minutos\" \/>\n<script type=\"application\/ld+json\" class=\"yoast-schema-graph\">{\"@context\":\"https:\/\/schema.org\",\"@graph\":[{\"@type\":\"Article\",\"@id\":\"https:\/\/nitu.mx\/index.php\/2025\/10\/06\/aicm-sin-permiso-para-taxis-de-aplicacion-confirman-con-solicitud-de-transparencia\/#article\",\"isPartOf\":{\"@id\":\"https:\/\/nitu.mx\/index.php\/2025\/10\/06\/aicm-sin-permiso-para-taxis-de-aplicacion-confirman-con-solicitud-de-transparencia\/\"},\"author\":{\"name\":\"Redacci\u00f3n\",\"@id\":\"https:\/\/nitu.mx\/#\/schema\/person\/4a28fe9bd65924f7c90623773daf1b0b\"},\"headline\":\"AICM: Sin permiso para taxis de aplicaci\u00f3n, confirman con solicitud de transparencia\",\"datePublished\":\"2025-10-07T04:00:00+00:00\",\"dateModified\":\"2025-10-07T00:28:21+00:00\",\"mainEntityOfPage\":{\"@id\":\"https:\/\/nitu.mx\/index.php\/2025\/10\/06\/aicm-sin-permiso-para-taxis-de-aplicacion-confirman-con-solicitud-de-transparencia\/\"},\"wordCount\":556,\"publisher\":{\"@id\":\"https:\/\/nitu.mx\/#\/schema\/person\/ae7a53426417292d3dd07b45a33e01bc\"},\"image\":{\"@id\":\"https:\/\/nitu.mx\/index.php\/2025\/10\/06\/aicm-sin-permiso-para-taxis-de-aplicacion-confirman-con-solicitud-de-transparencia\/#primaryimage\"},\"thumbnailUrl\":\"https:\/\/nitu.mx\/wp-content\/uploads\/2025\/10\/AICM-Taxis-de-aplicacion.jpg\",\"keywords\":[\"AICM\",\"SEMAR\",\"SICT\",\"taxis\"],\"articleSection\":[\"Aeropuertos\"],\"inLanguage\":\"es-MX\"},{\"@type\":\"WebPage\",\"@id\":\"https:\/\/nitu.mx\/index.php\/2025\/10\/06\/aicm-sin-permiso-para-taxis-de-aplicacion-confirman-con-solicitud-de-transparencia\/\",\"url\":\"https:\/\/nitu.mx\/index.php\/2025\/10\/06\/aicm-sin-permiso-para-taxis-de-aplicacion-confirman-con-solicitud-de-transparencia\/\",\"name\":\"AICM: Sin permiso para taxis de aplicaci\u00f3n, confirman con solicitud de transparencia - Nitu - Noticias de la Industria Turistica\",\"isPartOf\":{\"@id\":\"https:\/\/nitu.mx\/#website\"},\"primaryImageOfPage\":{\"@id\":\"https:\/\/nitu.mx\/index.php\/2025\/10\/06\/aicm-sin-permiso-para-taxis-de-aplicacion-confirman-con-solicitud-de-transparencia\/#primaryimage\"},\"image\":{\"@id\":\"https:\/\/nitu.mx\/index.php\/2025\/10\/06\/aicm-sin-permiso-para-taxis-de-aplicacion-confirman-con-solicitud-de-transparencia\/#primaryimage\"},\"thumbnailUrl\":\"https:\/\/nitu.mx\/wp-content\/uploads\/2025\/10\/AICM-Taxis-de-aplicacion.jpg\",\"datePublished\":\"2025-10-07T04:00:00+00:00\",\"dateModified\":\"2025-10-07T00:28:21+00:00\",\"breadcrumb\":{\"@id\":\"https:\/\/nitu.mx\/index.php\/2025\/10\/06\/aicm-sin-permiso-para-taxis-de-aplicacion-confirman-con-solicitud-de-transparencia\/#breadcrumb\"},\"inLanguage\":\"es-MX\",\"potentialAction\":[{\"@type\":\"ReadAction\",\"target\":[\"https:\/\/nitu.mx\/index.php\/2025\/10\/06\/aicm-sin-permiso-para-taxis-de-aplicacion-confirman-con-solicitud-de-transparencia\/\"]}]},{\"@type\":\"ImageObject\",\"inLanguage\":\"es-MX\",\"@id\":\"https:\/\/nitu.mx\/index.php\/2025\/10\/06\/aicm-sin-permiso-para-taxis-de-aplicacion-confirman-con-solicitud-de-transparencia\/#primaryimage\",\"url\":\"https:\/\/nitu.mx\/wp-content\/uploads\/2025\/10\/AICM-Taxis-de-aplicacion.jpg\",\"contentUrl\":\"https:\/\/nitu.mx\/wp-content\/uploads\/2025\/10\/AICM-Taxis-de-aplicacion.jpg\",\"width\":1200,\"height\":675,\"caption\":\"AICM Taxis de aplicaci\u00f3n\"},{\"@type\":\"BreadcrumbList\",\"@id\":\"https:\/\/nitu.mx\/index.php\/2025\/10\/06\/aicm-sin-permiso-para-taxis-de-aplicacion-confirman-con-solicitud-de-transparencia\/#breadcrumb\",\"itemListElement\":[{\"@type\":\"ListItem\",\"position\":1,\"name\":\"Inicio\",\"item\":\"https:\/\/nitu.mx\/\"},{\"@type\":\"ListItem\",\"position\":2,\"name\":\"AICM: Sin permiso para taxis de aplicaci\u00f3n, confirman con solicitud de transparencia\"}]},{\"@type\":\"WebSite\",\"@id\":\"https:\/\/nitu.mx\/#website\",\"url\":\"https:\/\/nitu.mx\/\",\"name\":\"Nitu - Noticias de la Industria Turistica\",\"description\":\"Noticias de la Industria Turistica\",\"publisher\":{\"@id\":\"https:\/\/nitu.mx\/#\/schema\/person\/ae7a53426417292d3dd07b45a33e01bc\"},\"alternateName\":\"Noticias de la Industria Turistica\",\"potentialAction\":[{\"@type\":\"SearchAction\",\"target\":{\"@type\":\"EntryPoint\",\"urlTemplate\":\"https:\/\/nitu.mx\/?s={search_term_string}\"},\"query-input\":\"required name=search_term_string\"}],\"inLanguage\":\"es-MX\"},{\"@type\":[\"Person\",\"Organization\"],\"@id\":\"https:\/\/nitu.mx\/#\/schema\/person\/ae7a53426417292d3dd07b45a33e01bc\",\"name\":\"Arturo Medina\",\"image\":{\"@type\":\"ImageObject\",\"inLanguage\":\"es-MX\",\"@id\":\"https:\/\/nitu.mx\/#\/schema\/person\/image\/\",\"url\":\"https:\/\/nitu.mx\/wp-content\/uploads\/2024\/04\/4A315622-1904-4D5C-B022-878CDC840E04-90x90-1.jpeg\",\"contentUrl\":\"https:\/\/nitu.mx\/wp-content\/uploads\/2024\/04\/4A315622-1904-4D5C-B022-878CDC840E04-90x90-1.jpeg\",\"width\":90,\"height\":90,\"caption\":\"Arturo Medina\"},\"logo\":{\"@id\":\"https:\/\/nitu.mx\/#\/schema\/person\/image\/\"},\"description\":\"Director NITU.mx, Egresado de la Escuela de Periodismo Carlos Septi\u00e9n Garc\u00eda. Periodista y analista especializado en turismo desde hace 35 a\u00f1os, radicado en Canc\u00fan Q.Roo. arturo@nitu.mx\",\"sameAs\":[\"https:\/\/nitu.mx\",\"https:\/\/www.facebook.com\/NITUmx\/\",\"medinacancun\",\"https:\/\/twitter.com\/@Arturo_Medina_G\"]},{\"@type\":\"Person\",\"@id\":\"https:\/\/nitu.mx\/#\/schema\/person\/4a28fe9bd65924f7c90623773daf1b0b\",\"name\":\"Redacci\u00f3n\",\"image\":{\"@type\":\"ImageObject\",\"inLanguage\":\"es-MX\",\"@id\":\"https:\/\/nitu.mx\/#\/schema\/person\/image\/\",\"url\":\"https:\/\/secure.gravatar.com\/avatar\/5dd011c8ccfc5cd7e4c81e42252aab38?s=96&d=mm&r=g\",\"contentUrl\":\"https:\/\/secure.gravatar.com\/avatar\/5dd011c8ccfc5cd7e4c81e42252aab38?s=96&d=mm&r=g\",\"caption\":\"Redacci\u00f3n\"},\"url\":\"https:\/\/nitu.mx\/index.php\/author\/redaccion\/\"}]}<\/script>\n<!-- \/ Yoast SEO plugin. -->","yoast_head_json":{"title":"AICM: Sin permiso para taxis de aplicaci\u00f3n, confirman con solicitud de transparencia - Nitu - Noticias de la Industria Turistica","robots":{"index":"index","follow":"follow","max-snippet":"max-snippet:-1","max-image-preview":"max-image-preview:large","max-video-preview":"max-video-preview:-1"},"canonical":"https:\/\/nitu.mx\/index.php\/2025\/10\/06\/aicm-sin-permiso-para-taxis-de-aplicacion-confirman-con-solicitud-de-transparencia\/","twitter_card":"summary_large_image","twitter_title":"AICM: Sin permiso para taxis de aplicaci\u00f3n, confirman con solicitud de transparencia - Nitu - Noticias de la Industria Turistica","twitter_description":"Con base en una importante b\u00fasqueda de informaci\u00f3n por Transparencia, permisionarios de taxis del Aeropuerto de la Ciudad de M\u00e9xico (AICM) confirmaron que el Gobierno Federal no tiene ning\u00fan tipo de acuerdo, convenio o determinaci\u00f3n formal para permitir el ingreso de taxis de aplicaci\u00f3n a la Zona Federal del AICM, con motivo de la pr\u00f3xima [&hellip;]","twitter_image":"https:\/\/nitu.mx\/wp-content\/uploads\/2025\/10\/AICM-Taxis-de-aplicacion.jpg","twitter_creator":"@NITUmx","twitter_site":"@Arturo_Medina_G","twitter_misc":{"Escrito por":"Redacci\u00f3n","Tiempo de lectura":"3 minutos"},"schema":{"@context":"https:\/\/schema.org","@graph":[{"@type":"Article","@id":"https:\/\/nitu.mx\/index.php\/2025\/10\/06\/aicm-sin-permiso-para-taxis-de-aplicacion-confirman-con-solicitud-de-transparencia\/#article","isPartOf":{"@id":"https:\/\/nitu.mx\/index.php\/2025\/10\/06\/aicm-sin-permiso-para-taxis-de-aplicacion-confirman-con-solicitud-de-transparencia\/"},"author":{"name":"Redacci\u00f3n","@id":"https:\/\/nitu.mx\/#\/schema\/person\/4a28fe9bd65924f7c90623773daf1b0b"},"headline":"AICM: Sin permiso para taxis de aplicaci\u00f3n, confirman con solicitud de transparencia","datePublished":"2025-10-07T04:00:00+00:00","dateModified":"2025-10-07T00:28:21+00:00","mainEntityOfPage":{"@id":"https:\/\/nitu.mx\/index.php\/2025\/10\/06\/aicm-sin-permiso-para-taxis-de-aplicacion-confirman-con-solicitud-de-transparencia\/"},"wordCount":556,"publisher":{"@id":"https:\/\/nitu.mx\/#\/schema\/person\/ae7a53426417292d3dd07b45a33e01bc"},"image":{"@id":"https:\/\/nitu.mx\/index.php\/2025\/10\/06\/aicm-sin-permiso-para-taxis-de-aplicacion-confirman-con-solicitud-de-transparencia\/#primaryimage"},"thumbnailUrl":"https:\/\/nitu.mx\/wp-content\/uploads\/2025\/10\/AICM-Taxis-de-aplicacion.jpg","keywords":["AICM","SEMAR","SICT","taxis"],"articleSection":["Aeropuertos"],"inLanguage":"es-MX"},{"@type":"WebPage","@id":"https:\/\/nitu.mx\/index.php\/2025\/10\/06\/aicm-sin-permiso-para-taxis-de-aplicacion-confirman-con-solicitud-de-transparencia\/","url":"https:\/\/nitu.mx\/index.php\/2025\/10\/06\/aicm-sin-permiso-para-taxis-de-aplicacion-confirman-con-solicitud-de-transparencia\/","name":"AICM: Sin permiso para taxis de aplicaci\u00f3n, confirman con solicitud de transparencia - Nitu - Noticias de la Industria Turistica","isPartOf":{"@id":"https:\/\/nitu.mx\/#website"},"primaryImageOfPage":{"@id":"https:\/\/nitu.mx\/index.php\/2025\/10\/06\/aicm-sin-permiso-para-taxis-de-aplicacion-confirman-con-solicitud-de-transparencia\/#primaryimage"},"image":{"@id":"https:\/\/nitu.mx\/index.php\/2025\/10\/06\/aicm-sin-permiso-para-taxis-de-aplicacion-confirman-con-solicitud-de-transparencia\/#primaryimage"},"thumbnailUrl":"https:\/\/nitu.mx\/wp-content\/uploads\/2025\/10\/AICM-Taxis-de-aplicacion.jpg","datePublished":"2025-10-07T04:00:00+00:00","dateModified":"2025-10-07T00:28:21+00:00","breadcrumb":{"@id":"https:\/\/nitu.mx\/index.php\/2025\/10\/06\/aicm-sin-permiso-para-taxis-de-aplicacion-confirman-con-solicitud-de-transparencia\/#breadcrumb"},"inLanguage":"es-MX","potentialAction":[{"@type":"ReadAction","target":["https:\/\/nitu.mx\/index.php\/2025\/10\/06\/aicm-sin-permiso-para-taxis-de-aplicacion-confirman-con-solicitud-de-transparencia\/"]}]},{"@type":"ImageObject","inLanguage":"es-MX","@id":"https:\/\/nitu.mx\/index.php\/2025\/10\/06\/aicm-sin-permiso-para-taxis-de-aplicacion-confirman-con-solicitud-de-transparencia\/#primaryimage","url":"https:\/\/nitu.mx\/wp-content\/uploads\/2025\/10\/AICM-Taxis-de-aplicacion.jpg","contentUrl":"https:\/\/nitu.mx\/wp-content\/uploads\/2025\/10\/AICM-Taxis-de-aplicacion.jpg","width":1200,"height":675,"caption":"AICM Taxis de aplicaci\u00f3n"},{"@type":"BreadcrumbList","@id":"https:\/\/nitu.mx\/index.php\/2025\/10\/06\/aicm-sin-permiso-para-taxis-de-aplicacion-confirman-con-solicitud-de-transparencia\/#breadcrumb","itemListElement":[{"@type":"ListItem","position":1,"name":"Inicio","item":"https:\/\/nitu.mx\/"},{"@type":"ListItem","position":2,"name":"AICM: Sin permiso para taxis de aplicaci\u00f3n, confirman con solicitud de transparencia"}]},{"@type":"WebSite","@id":"https:\/\/nitu.mx\/#website","url":"https:\/\/nitu.mx\/","name":"Nitu - Noticias de la Industria Turistica","description":"Noticias de la Industria Turistica","publisher":{"@id":"https:\/\/nitu.mx\/#\/schema\/person\/ae7a53426417292d3dd07b45a33e01bc"},"alternateName":"Noticias de la Industria Turistica","potentialAction":[{"@type":"SearchAction","target":{"@type":"EntryPoint","urlTemplate":"https:\/\/nitu.mx\/?s={search_term_string}"},"query-input":"required name=search_term_string"}],"inLanguage":"es-MX"},{"@type":["Person","Organization"],"@id":"https:\/\/nitu.mx\/#\/schema\/person\/ae7a53426417292d3dd07b45a33e01bc","name":"Arturo Medina","image":{"@type":"ImageObject","inLanguage":"es-MX","@id":"https:\/\/nitu.mx\/#\/schema\/person\/image\/","url":"https:\/\/nitu.mx\/wp-content\/uploads\/2024\/04\/4A315622-1904-4D5C-B022-878CDC840E04-90x90-1.jpeg","contentUrl":"https:\/\/nitu.mx\/wp-content\/uploads\/2024\/04\/4A315622-1904-4D5C-B022-878CDC840E04-90x90-1.jpeg","width":90,"height":90,"caption":"Arturo Medina"},"logo":{"@id":"https:\/\/nitu.mx\/#\/schema\/person\/image\/"},"description":"Director NITU.mx, Egresado de la Escuela de Periodismo Carlos Septi\u00e9n Garc\u00eda. Periodista y analista especializado en turismo desde hace 35 a\u00f1os, radicado en Canc\u00fan Q.Roo. arturo@nitu.mx","sameAs":["https:\/\/nitu.mx","https:\/\/www.facebook.com\/NITUmx\/","medinacancun","https:\/\/twitter.com\/@Arturo_Medina_G"]},{"@type":"Person","@id":"https:\/\/nitu.mx\/#\/schema\/person\/4a28fe9bd65924f7c90623773daf1b0b","name":"Redacci\u00f3n","image":{"@type":"ImageObject","inLanguage":"es-MX","@id":"https:\/\/nitu.mx\/#\/schema\/person\/image\/","url":"https:\/\/secure.gravatar.com\/avatar\/5dd011c8ccfc5cd7e4c81e42252aab38?s=96&d=mm&r=g","contentUrl":"https:\/\/secure.gravatar.com\/avatar\/5dd011c8ccfc5cd7e4c81e42252aab38?s=96&d=mm&r=g","caption":"Redacci\u00f3n"},"url":"https:\/\/nitu.mx\/index.php\/author\/redaccion\/"}]}},"views":582,"_links":{"self":[{"href":"https:\/\/nitu.mx\/index.php\/wp-json\/wp\/v2\/posts\/83837"}],"collection":[{"href":"https:\/\/nitu.mx\/index.php\/wp-json\/wp\/v2\/posts"}],"about":[{"href":"https:\/\/nitu.mx\/index.php\/wp-json\/wp\/v2\/types\/post"}],"author":[{"embeddable":true,"href":"https:\/\/nitu.mx\/index.php\/wp-json\/wp\/v2\/users\/17"}],"replies":[{"embeddable":true,"href":"https:\/\/nitu.mx\/index.php\/wp-json\/wp\/v2\/comments?post=83837"}],"version-history":[{"count":1,"href":"https:\/\/nitu.mx\/index.php\/wp-json\/wp\/v2\/posts\/83837\/revisions"}],"predecessor-version":[{"id":83839,"href":"https:\/\/nitu.mx\/index.php\/wp-json\/wp\/v2\/posts\/83837\/revisions\/83839"}],"wp:featuredmedia":[{"embeddable":true,"href":"https:\/\/nitu.mx\/index.php\/wp-json\/wp\/v2\/media\/83840"}],"wp:attachment":[{"href":"https:\/\/nitu.mx\/index.php\/wp-json\/wp\/v2\/media?parent=83837"}],"wp:term":[{"taxonomy":"category","embeddable":true,"href":"https:\/\/nitu.mx\/index.php\/wp-json\/wp\/v2\/categories?post=83837"},{"taxonomy":"post_tag","embeddable":true,"href":"https:\/\/nitu.mx\/index.php\/wp-json\/wp\/v2\/tags?post=83837"}],"curies":[{"name":"wp","href":"https:\/\/api.w.org\/{rel}","templated":true}]}}