{"id":83823,"date":"2025-10-06T19:00:00","date_gmt":"2025-10-07T01:00:00","guid":{"rendered":"https:\/\/nitu.mx\/?p=83823"},"modified":"2025-10-06T18:01:33","modified_gmt":"2025-10-07T00:01:33","slug":"sectur-presenta-la-estrategia-nacional-para-el-fortalecimiento-de-los-pueblos-magicos","status":"publish","type":"post","link":"https:\/\/nitu.mx\/index.php\/2025\/10\/06\/sectur-presenta-la-estrategia-nacional-para-el-fortalecimiento-de-los-pueblos-magicos\/","title":{"rendered":"Sectur presenta la Estrategia Nacional para el Fortalecimiento de los Pueblos M\u00e1gicos"},"content":{"rendered":"\n<p>En el 24\u00ba aniversario del Programa Pueblos M\u00e1gicos, la secretaria de Turismo federal, Josefina Rodr\u00edguez Zamora, resalt\u00f3 que la Estrategia Nacional para el Fortalecimiento de los Pueblos M\u00e1gicos impulsa un nuevo modelo tur\u00edstico con Prosperidad Compartida a trav\u00e9s de cinco ejes estrat\u00e9gicos.<\/p>\n\n\n\n<p>&#8220;A m\u00e1s de dos d\u00e9cadas de su creaci\u00f3n, hoy el programa renueva su visi\u00f3n y reconoce a las comunidades como la base fundamental de este patrimonio tur\u00edstico. Los Pueblos M\u00e1gicos son motor de desarrollo y generadores de Prosperidad Compartida, espacios donde se preserva nuestra historia, nuestras tradiciones y nuestra identidad, al mismo tiempo que se generan oportunidades econ\u00f3micas y sociales para las comunidades que los habitan&#8221;, afirm\u00f3.<\/p>\n\n\n\n<p>Y en el marco del D\u00eda Nacional de los Pueblos M\u00e1gicos, celebrado cada 5 de octubre, la secretaria de Turismo destac\u00f3 que este programa ha dignificado y puesto en valor a comunidades rurales, hist\u00f3ricas y culturales, reconociendo su contribuci\u00f3n al patrimonio de M\u00e9xico.<\/p>\n\n\n\n<p>Adem\u00e1s, para consolidar a estos destinos como referentes de clase mundial se implementan las siguientes acciones:<\/p>\n\n\n\n<p>\u25cf Planeaci\u00f3n y desarrollo tur\u00edstico sostenible: promover un crecimiento ordenado que proteja el patrimonio y fomente la participaci\u00f3n comunitaria.<\/p>\n\n\n\n<p>\u25cf Inversi\u00f3n, infraestructura y equipamiento: generar mejores servicios tur\u00edsticos y condiciones de accesibilidad.<\/p>\n\n\n\n<p>\u25cf Capacitaci\u00f3n, profesionalizaci\u00f3n y mejora continua: impulsar el talento local para elevar la calidad en la atenci\u00f3n a los visitantes.<\/p>\n\n\n\n<p>\u25cf Promoci\u00f3n y publicidad integral: difundir de manera innovadora la oferta tur\u00edstica en plataformas nacionales e internacionales.<\/p>\n\n\n\n<p>\u25cf Comercializaci\u00f3n y digitalizaci\u00f3n: abrir nuevas oportunidades de mercado y competitividad global.<\/p>\n\n\n\n<p>Subray\u00f3 que actualmente el pa\u00eds cuenta con 177 Pueblos M\u00e1gicos que representan no s\u00f3lo destinos tur\u00edsticos, sino aut\u00e9nticos guardianes de la identidad y las tradiciones. <\/p>\n\n\n\n<p>En estas localidades habitan m\u00e1s de 10.7 millones de mexicanas y mexicanos que, d\u00eda a d\u00eda, preservan su riqueza natural, cultural y gastron\u00f3mica. En ellas se encuentran tambi\u00e9n 18 sitios Patrimonio Mundial de la UNESCO, 19 zonas arqueol\u00f3gicas, 50 \u00c1reas Naturales Protegidas y m\u00e1s de 1.1 millones de personas ind\u00edgenas que mantienen vivas sus lenguas y costumbres.<\/p>\n\n\n\n<p>\u201cLos Pueblos M\u00e1gicos representan la esencia de nuestra gente, su hospitalidad, sus sabores y sus colores, proyectando a M\u00e9xico como un pa\u00eds diverso y vibrante\u201d, afirm\u00f3 Rodr\u00edguez Zamora.<\/p>\n\n\n\n<p>En este 24\u00ba aniversario, Sectur refrenda su compromiso de trabajar con los gobiernos estatales, municipales, comunidades y el sector privado para consolidar a los Pueblos M\u00e1gicos como destinos tur\u00edsticos competitivos, sostenibles e incluyentes.<\/p>\n\n\n\n<p>Resalt\u00f3 que los Pueblos M\u00e1gicos son prueba de que no es necesario ser grande para ser invaluable. Son espacios que generan empleo, fortalecen el tejido social y proyectan lo mejor de M\u00e9xico al mundo.<\/p>\n\n\n\n<p>\u201cCon emoci\u00f3n y orgullo celebramos 24 a\u00f1os de un programa que transforma vidas y territorios. Sigamos abrazando con el alma a nuestros Pueblos M\u00e1gicos, porque en ellos late el coraz\u00f3n del turismo de M\u00e9xico\u201d, concluy\u00f3. (<a href=\"https:\/\/nitu.mx\/index.php\/2025\/03\/28\/sectur-y-bbva-mexico-impulsaran-la-digitalizacion-y-promocion-de-los-pueblos-magicos\/\">Sectur y BBVA M\u00e9xico impulsar\u00e1n la digitalizaci\u00f3n y promoci\u00f3n de los Pueblos M\u00e1gicos<\/a>).<\/p>\n","protected":false},"excerpt":{"rendered":"<p>En el 24\u00ba aniversario del Programa Pueblos M\u00e1gicos, la secretaria de Turismo federal, Josefina Rodr\u00edguez Zamora, resalt\u00f3 que la Estrategia Nacional para el Fortalecimiento de los Pueblos M\u00e1gicos impulsa un nuevo modelo tur\u00edstico con Prosperidad Compartida a trav\u00e9s de cinco ejes estrat\u00e9gicos. &#8220;A m\u00e1s de dos d\u00e9cadas de su creaci\u00f3n, hoy el programa renueva su [&hellip;]<\/p>\n","protected":false},"author":17,"featured_media":83826,"comment_status":"closed","ping_status":"closed","sticky":false,"template":"","format":"standard","meta":{"footnotes":""},"categories":[5],"tags":[25659,335,93],"yoast_head":"<!-- This site is optimized with the Yoast SEO plugin v22.2 - https:\/\/yoast.com\/wordpress\/plugins\/seo\/ -->\n<title>Sectur presenta la Estrategia Nacional para el Fortalecimiento de los Pueblos M\u00e1gicos - Nitu - Noticias de la Industria Turistica<\/title>\n<meta name=\"robots\" content=\"index, follow, max-snippet:-1, max-image-preview:large, max-video-preview:-1\" \/>\n<link rel=\"canonical\" href=\"https:\/\/nitu.mx\/index.php\/2025\/10\/06\/sectur-presenta-la-estrategia-nacional-para-el-fortalecimiento-de-los-pueblos-magicos\/\" \/>\n<meta name=\"twitter:card\" content=\"summary_large_image\" \/>\n<meta name=\"twitter:title\" content=\"Sectur presenta la Estrategia Nacional para el Fortalecimiento de los Pueblos M\u00e1gicos - Nitu - Noticias de la Industria Turistica\" \/>\n<meta name=\"twitter:description\" content=\"En el 24\u00ba aniversario del Programa Pueblos M\u00e1gicos, la secretaria de Turismo federal, Josefina Rodr\u00edguez Zamora, resalt\u00f3 que la Estrategia Nacional para el Fortalecimiento de los Pueblos M\u00e1gicos impulsa un nuevo modelo tur\u00edstico con Prosperidad Compartida a trav\u00e9s de cinco ejes estrat\u00e9gicos. &#8220;A m\u00e1s de dos d\u00e9cadas de su creaci\u00f3n, hoy el programa renueva su [&hellip;]\" \/>\n<meta name=\"twitter:image\" content=\"https:\/\/nitu.mx\/wp-content\/uploads\/2025\/10\/Pueblos-Magicos-Zacatrlan-de-las-Manzanas-Puebla.jpg\" \/>\n<meta name=\"twitter:creator\" content=\"@NITUmx\" \/>\n<meta name=\"twitter:site\" content=\"@Arturo_Medina_G\" \/>\n<meta name=\"twitter:label1\" content=\"Escrito por\" \/>\n\t<meta name=\"twitter:data1\" content=\"Redacci\u00f3n\" \/>\n\t<meta name=\"twitter:label2\" content=\"Tiempo de lectura\" \/>\n\t<meta name=\"twitter:data2\" content=\"3 minutos\" \/>\n<script type=\"application\/ld+json\" class=\"yoast-schema-graph\">{\"@context\":\"https:\/\/schema.org\",\"@graph\":[{\"@type\":\"Article\",\"@id\":\"https:\/\/nitu.mx\/index.php\/2025\/10\/06\/sectur-presenta-la-estrategia-nacional-para-el-fortalecimiento-de-los-pueblos-magicos\/#article\",\"isPartOf\":{\"@id\":\"https:\/\/nitu.mx\/index.php\/2025\/10\/06\/sectur-presenta-la-estrategia-nacional-para-el-fortalecimiento-de-los-pueblos-magicos\/\"},\"author\":{\"name\":\"Redacci\u00f3n\",\"@id\":\"https:\/\/nitu.mx\/#\/schema\/person\/4a28fe9bd65924f7c90623773daf1b0b\"},\"headline\":\"Sectur presenta la Estrategia Nacional para el Fortalecimiento de los Pueblos M\u00e1gicos\",\"datePublished\":\"2025-10-07T01:00:00+00:00\",\"dateModified\":\"2025-10-07T00:01:33+00:00\",\"mainEntityOfPage\":{\"@id\":\"https:\/\/nitu.mx\/index.php\/2025\/10\/06\/sectur-presenta-la-estrategia-nacional-para-el-fortalecimiento-de-los-pueblos-magicos\/\"},\"wordCount\":534,\"publisher\":{\"@id\":\"https:\/\/nitu.mx\/#\/schema\/person\/ae7a53426417292d3dd07b45a33e01bc\"},\"image\":{\"@id\":\"https:\/\/nitu.mx\/index.php\/2025\/10\/06\/sectur-presenta-la-estrategia-nacional-para-el-fortalecimiento-de-los-pueblos-magicos\/#primaryimage\"},\"thumbnailUrl\":\"https:\/\/nitu.mx\/wp-content\/uploads\/2025\/10\/Pueblos-Magicos-Zacatrlan-de-las-Manzanas-Puebla.jpg\",\"keywords\":[\"Josefina Rodr\u00edguez\",\"Pueblos M\u00e1gicos\",\"Sectur\"],\"articleSection\":[\"Destinos\"],\"inLanguage\":\"es-MX\"},{\"@type\":\"WebPage\",\"@id\":\"https:\/\/nitu.mx\/index.php\/2025\/10\/06\/sectur-presenta-la-estrategia-nacional-para-el-fortalecimiento-de-los-pueblos-magicos\/\",\"url\":\"https:\/\/nitu.mx\/index.php\/2025\/10\/06\/sectur-presenta-la-estrategia-nacional-para-el-fortalecimiento-de-los-pueblos-magicos\/\",\"name\":\"Sectur presenta la Estrategia Nacional para el Fortalecimiento de los Pueblos M\u00e1gicos - Nitu - Noticias de la Industria Turistica\",\"isPartOf\":{\"@id\":\"https:\/\/nitu.mx\/#website\"},\"primaryImageOfPage\":{\"@id\":\"https:\/\/nitu.mx\/index.php\/2025\/10\/06\/sectur-presenta-la-estrategia-nacional-para-el-fortalecimiento-de-los-pueblos-magicos\/#primaryimage\"},\"image\":{\"@id\":\"https:\/\/nitu.mx\/index.php\/2025\/10\/06\/sectur-presenta-la-estrategia-nacional-para-el-fortalecimiento-de-los-pueblos-magicos\/#primaryimage\"},\"thumbnailUrl\":\"https:\/\/nitu.mx\/wp-content\/uploads\/2025\/10\/Pueblos-Magicos-Zacatrlan-de-las-Manzanas-Puebla.jpg\",\"datePublished\":\"2025-10-07T01:00:00+00:00\",\"dateModified\":\"2025-10-07T00:01:33+00:00\",\"breadcrumb\":{\"@id\":\"https:\/\/nitu.mx\/index.php\/2025\/10\/06\/sectur-presenta-la-estrategia-nacional-para-el-fortalecimiento-de-los-pueblos-magicos\/#breadcrumb\"},\"inLanguage\":\"es-MX\",\"potentialAction\":[{\"@type\":\"ReadAction\",\"target\":[\"https:\/\/nitu.mx\/index.php\/2025\/10\/06\/sectur-presenta-la-estrategia-nacional-para-el-fortalecimiento-de-los-pueblos-magicos\/\"]}]},{\"@type\":\"ImageObject\",\"inLanguage\":\"es-MX\",\"@id\":\"https:\/\/nitu.mx\/index.php\/2025\/10\/06\/sectur-presenta-la-estrategia-nacional-para-el-fortalecimiento-de-los-pueblos-magicos\/#primaryimage\",\"url\":\"https:\/\/nitu.mx\/wp-content\/uploads\/2025\/10\/Pueblos-Magicos-Zacatrlan-de-las-Manzanas-Puebla.jpg\",\"contentUrl\":\"https:\/\/nitu.mx\/wp-content\/uploads\/2025\/10\/Pueblos-Magicos-Zacatrlan-de-las-Manzanas-Puebla.jpg\",\"width\":1200,\"height\":675,\"caption\":\"Pueblos M\u00e1gicos Zacatrl\u00e1n de las Manzanas Puebla\"},{\"@type\":\"BreadcrumbList\",\"@id\":\"https:\/\/nitu.mx\/index.php\/2025\/10\/06\/sectur-presenta-la-estrategia-nacional-para-el-fortalecimiento-de-los-pueblos-magicos\/#breadcrumb\",\"itemListElement\":[{\"@type\":\"ListItem\",\"position\":1,\"name\":\"Inicio\",\"item\":\"https:\/\/nitu.mx\/\"},{\"@type\":\"ListItem\",\"position\":2,\"name\":\"Sectur presenta la Estrategia Nacional para el Fortalecimiento de los Pueblos M\u00e1gicos\"}]},{\"@type\":\"WebSite\",\"@id\":\"https:\/\/nitu.mx\/#website\",\"url\":\"https:\/\/nitu.mx\/\",\"name\":\"Nitu - Noticias de la Industria Turistica\",\"description\":\"Noticias de la Industria Turistica\",\"publisher\":{\"@id\":\"https:\/\/nitu.mx\/#\/schema\/person\/ae7a53426417292d3dd07b45a33e01bc\"},\"alternateName\":\"Noticias de la Industria Turistica\",\"potentialAction\":[{\"@type\":\"SearchAction\",\"target\":{\"@type\":\"EntryPoint\",\"urlTemplate\":\"https:\/\/nitu.mx\/?s={search_term_string}\"},\"query-input\":\"required name=search_term_string\"}],\"inLanguage\":\"es-MX\"},{\"@type\":[\"Person\",\"Organization\"],\"@id\":\"https:\/\/nitu.mx\/#\/schema\/person\/ae7a53426417292d3dd07b45a33e01bc\",\"name\":\"Arturo Medina\",\"image\":{\"@type\":\"ImageObject\",\"inLanguage\":\"es-MX\",\"@id\":\"https:\/\/nitu.mx\/#\/schema\/person\/image\/\",\"url\":\"https:\/\/nitu.mx\/wp-content\/uploads\/2024\/04\/4A315622-1904-4D5C-B022-878CDC840E04-90x90-1.jpeg\",\"contentUrl\":\"https:\/\/nitu.mx\/wp-content\/uploads\/2024\/04\/4A315622-1904-4D5C-B022-878CDC840E04-90x90-1.jpeg\",\"width\":90,\"height\":90,\"caption\":\"Arturo Medina\"},\"logo\":{\"@id\":\"https:\/\/nitu.mx\/#\/schema\/person\/image\/\"},\"description\":\"Director NITU.mx, Egresado de la Escuela de Periodismo Carlos Septi\u00e9n Garc\u00eda. Periodista y analista especializado en turismo desde hace 35 a\u00f1os, radicado en Canc\u00fan Q.Roo. arturo@nitu.mx\",\"sameAs\":[\"https:\/\/nitu.mx\",\"https:\/\/www.facebook.com\/NITUmx\/\",\"medinacancun\",\"https:\/\/twitter.com\/@Arturo_Medina_G\"]},{\"@type\":\"Person\",\"@id\":\"https:\/\/nitu.mx\/#\/schema\/person\/4a28fe9bd65924f7c90623773daf1b0b\",\"name\":\"Redacci\u00f3n\",\"image\":{\"@type\":\"ImageObject\",\"inLanguage\":\"es-MX\",\"@id\":\"https:\/\/nitu.mx\/#\/schema\/person\/image\/\",\"url\":\"https:\/\/secure.gravatar.com\/avatar\/5dd011c8ccfc5cd7e4c81e42252aab38?s=96&d=mm&r=g\",\"contentUrl\":\"https:\/\/secure.gravatar.com\/avatar\/5dd011c8ccfc5cd7e4c81e42252aab38?s=96&d=mm&r=g\",\"caption\":\"Redacci\u00f3n\"},\"url\":\"https:\/\/nitu.mx\/index.php\/author\/redaccion\/\"}]}<\/script>\n<!-- \/ Yoast SEO plugin. -->","yoast_head_json":{"title":"Sectur presenta la Estrategia Nacional para el Fortalecimiento de los Pueblos M\u00e1gicos - Nitu - Noticias de la Industria Turistica","robots":{"index":"index","follow":"follow","max-snippet":"max-snippet:-1","max-image-preview":"max-image-preview:large","max-video-preview":"max-video-preview:-1"},"canonical":"https:\/\/nitu.mx\/index.php\/2025\/10\/06\/sectur-presenta-la-estrategia-nacional-para-el-fortalecimiento-de-los-pueblos-magicos\/","twitter_card":"summary_large_image","twitter_title":"Sectur presenta la Estrategia Nacional para el Fortalecimiento de los Pueblos M\u00e1gicos - Nitu - Noticias de la Industria Turistica","twitter_description":"En el 24\u00ba aniversario del Programa Pueblos M\u00e1gicos, la secretaria de Turismo federal, Josefina Rodr\u00edguez Zamora, resalt\u00f3 que la Estrategia Nacional para el Fortalecimiento de los Pueblos M\u00e1gicos impulsa un nuevo modelo tur\u00edstico con Prosperidad Compartida a trav\u00e9s de cinco ejes estrat\u00e9gicos. &#8220;A m\u00e1s de dos d\u00e9cadas de su creaci\u00f3n, hoy el programa renueva su [&hellip;]","twitter_image":"https:\/\/nitu.mx\/wp-content\/uploads\/2025\/10\/Pueblos-Magicos-Zacatrlan-de-las-Manzanas-Puebla.jpg","twitter_creator":"@NITUmx","twitter_site":"@Arturo_Medina_G","twitter_misc":{"Escrito por":"Redacci\u00f3n","Tiempo de lectura":"3 minutos"},"schema":{"@context":"https:\/\/schema.org","@graph":[{"@type":"Article","@id":"https:\/\/nitu.mx\/index.php\/2025\/10\/06\/sectur-presenta-la-estrategia-nacional-para-el-fortalecimiento-de-los-pueblos-magicos\/#article","isPartOf":{"@id":"https:\/\/nitu.mx\/index.php\/2025\/10\/06\/sectur-presenta-la-estrategia-nacional-para-el-fortalecimiento-de-los-pueblos-magicos\/"},"author":{"name":"Redacci\u00f3n","@id":"https:\/\/nitu.mx\/#\/schema\/person\/4a28fe9bd65924f7c90623773daf1b0b"},"headline":"Sectur presenta la Estrategia Nacional para el Fortalecimiento de los Pueblos M\u00e1gicos","datePublished":"2025-10-07T01:00:00+00:00","dateModified":"2025-10-07T00:01:33+00:00","mainEntityOfPage":{"@id":"https:\/\/nitu.mx\/index.php\/2025\/10\/06\/sectur-presenta-la-estrategia-nacional-para-el-fortalecimiento-de-los-pueblos-magicos\/"},"wordCount":534,"publisher":{"@id":"https:\/\/nitu.mx\/#\/schema\/person\/ae7a53426417292d3dd07b45a33e01bc"},"image":{"@id":"https:\/\/nitu.mx\/index.php\/2025\/10\/06\/sectur-presenta-la-estrategia-nacional-para-el-fortalecimiento-de-los-pueblos-magicos\/#primaryimage"},"thumbnailUrl":"https:\/\/nitu.mx\/wp-content\/uploads\/2025\/10\/Pueblos-Magicos-Zacatrlan-de-las-Manzanas-Puebla.jpg","keywords":["Josefina Rodr\u00edguez","Pueblos M\u00e1gicos","Sectur"],"articleSection":["Destinos"],"inLanguage":"es-MX"},{"@type":"WebPage","@id":"https:\/\/nitu.mx\/index.php\/2025\/10\/06\/sectur-presenta-la-estrategia-nacional-para-el-fortalecimiento-de-los-pueblos-magicos\/","url":"https:\/\/nitu.mx\/index.php\/2025\/10\/06\/sectur-presenta-la-estrategia-nacional-para-el-fortalecimiento-de-los-pueblos-magicos\/","name":"Sectur presenta la Estrategia Nacional para el Fortalecimiento de los Pueblos M\u00e1gicos - Nitu - Noticias de la Industria Turistica","isPartOf":{"@id":"https:\/\/nitu.mx\/#website"},"primaryImageOfPage":{"@id":"https:\/\/nitu.mx\/index.php\/2025\/10\/06\/sectur-presenta-la-estrategia-nacional-para-el-fortalecimiento-de-los-pueblos-magicos\/#primaryimage"},"image":{"@id":"https:\/\/nitu.mx\/index.php\/2025\/10\/06\/sectur-presenta-la-estrategia-nacional-para-el-fortalecimiento-de-los-pueblos-magicos\/#primaryimage"},"thumbnailUrl":"https:\/\/nitu.mx\/wp-content\/uploads\/2025\/10\/Pueblos-Magicos-Zacatrlan-de-las-Manzanas-Puebla.jpg","datePublished":"2025-10-07T01:00:00+00:00","dateModified":"2025-10-07T00:01:33+00:00","breadcrumb":{"@id":"https:\/\/nitu.mx\/index.php\/2025\/10\/06\/sectur-presenta-la-estrategia-nacional-para-el-fortalecimiento-de-los-pueblos-magicos\/#breadcrumb"},"inLanguage":"es-MX","potentialAction":[{"@type":"ReadAction","target":["https:\/\/nitu.mx\/index.php\/2025\/10\/06\/sectur-presenta-la-estrategia-nacional-para-el-fortalecimiento-de-los-pueblos-magicos\/"]}]},{"@type":"ImageObject","inLanguage":"es-MX","@id":"https:\/\/nitu.mx\/index.php\/2025\/10\/06\/sectur-presenta-la-estrategia-nacional-para-el-fortalecimiento-de-los-pueblos-magicos\/#primaryimage","url":"https:\/\/nitu.mx\/wp-content\/uploads\/2025\/10\/Pueblos-Magicos-Zacatrlan-de-las-Manzanas-Puebla.jpg","contentUrl":"https:\/\/nitu.mx\/wp-content\/uploads\/2025\/10\/Pueblos-Magicos-Zacatrlan-de-las-Manzanas-Puebla.jpg","width":1200,"height":675,"caption":"Pueblos M\u00e1gicos Zacatrl\u00e1n de las Manzanas Puebla"},{"@type":"BreadcrumbList","@id":"https:\/\/nitu.mx\/index.php\/2025\/10\/06\/sectur-presenta-la-estrategia-nacional-para-el-fortalecimiento-de-los-pueblos-magicos\/#breadcrumb","itemListElement":[{"@type":"ListItem","position":1,"name":"Inicio","item":"https:\/\/nitu.mx\/"},{"@type":"ListItem","position":2,"name":"Sectur presenta la Estrategia Nacional para el Fortalecimiento de los Pueblos M\u00e1gicos"}]},{"@type":"WebSite","@id":"https:\/\/nitu.mx\/#website","url":"https:\/\/nitu.mx\/","name":"Nitu - Noticias de la Industria Turistica","description":"Noticias de la Industria Turistica","publisher":{"@id":"https:\/\/nitu.mx\/#\/schema\/person\/ae7a53426417292d3dd07b45a33e01bc"},"alternateName":"Noticias de la Industria Turistica","potentialAction":[{"@type":"SearchAction","target":{"@type":"EntryPoint","urlTemplate":"https:\/\/nitu.mx\/?s={search_term_string}"},"query-input":"required name=search_term_string"}],"inLanguage":"es-MX"},{"@type":["Person","Organization"],"@id":"https:\/\/nitu.mx\/#\/schema\/person\/ae7a53426417292d3dd07b45a33e01bc","name":"Arturo Medina","image":{"@type":"ImageObject","inLanguage":"es-MX","@id":"https:\/\/nitu.mx\/#\/schema\/person\/image\/","url":"https:\/\/nitu.mx\/wp-content\/uploads\/2024\/04\/4A315622-1904-4D5C-B022-878CDC840E04-90x90-1.jpeg","contentUrl":"https:\/\/nitu.mx\/wp-content\/uploads\/2024\/04\/4A315622-1904-4D5C-B022-878CDC840E04-90x90-1.jpeg","width":90,"height":90,"caption":"Arturo Medina"},"logo":{"@id":"https:\/\/nitu.mx\/#\/schema\/person\/image\/"},"description":"Director NITU.mx, Egresado de la Escuela de Periodismo Carlos Septi\u00e9n Garc\u00eda. Periodista y analista especializado en turismo desde hace 35 a\u00f1os, radicado en Canc\u00fan Q.Roo. arturo@nitu.mx","sameAs":["https:\/\/nitu.mx","https:\/\/www.facebook.com\/NITUmx\/","medinacancun","https:\/\/twitter.com\/@Arturo_Medina_G"]},{"@type":"Person","@id":"https:\/\/nitu.mx\/#\/schema\/person\/4a28fe9bd65924f7c90623773daf1b0b","name":"Redacci\u00f3n","image":{"@type":"ImageObject","inLanguage":"es-MX","@id":"https:\/\/nitu.mx\/#\/schema\/person\/image\/","url":"https:\/\/secure.gravatar.com\/avatar\/5dd011c8ccfc5cd7e4c81e42252aab38?s=96&d=mm&r=g","contentUrl":"https:\/\/secure.gravatar.com\/avatar\/5dd011c8ccfc5cd7e4c81e42252aab38?s=96&d=mm&r=g","caption":"Redacci\u00f3n"},"url":"https:\/\/nitu.mx\/index.php\/author\/redaccion\/"}]}},"views":520,"_links":{"self":[{"href":"https:\/\/nitu.mx\/index.php\/wp-json\/wp\/v2\/posts\/83823"}],"collection":[{"href":"https:\/\/nitu.mx\/index.php\/wp-json\/wp\/v2\/posts"}],"about":[{"href":"https:\/\/nitu.mx\/index.php\/wp-json\/wp\/v2\/types\/post"}],"author":[{"embeddable":true,"href":"https:\/\/nitu.mx\/index.php\/wp-json\/wp\/v2\/users\/17"}],"replies":[{"embeddable":true,"href":"https:\/\/nitu.mx\/index.php\/wp-json\/wp\/v2\/comments?post=83823"}],"version-history":[{"count":1,"href":"https:\/\/nitu.mx\/index.php\/wp-json\/wp\/v2\/posts\/83823\/revisions"}],"predecessor-version":[{"id":83825,"href":"https:\/\/nitu.mx\/index.php\/wp-json\/wp\/v2\/posts\/83823\/revisions\/83825"}],"wp:featuredmedia":[{"embeddable":true,"href":"https:\/\/nitu.mx\/index.php\/wp-json\/wp\/v2\/media\/83826"}],"wp:attachment":[{"href":"https:\/\/nitu.mx\/index.php\/wp-json\/wp\/v2\/media?parent=83823"}],"wp:term":[{"taxonomy":"category","embeddable":true,"href":"https:\/\/nitu.mx\/index.php\/wp-json\/wp\/v2\/categories?post=83823"},{"taxonomy":"post_tag","embeddable":true,"href":"https:\/\/nitu.mx\/index.php\/wp-json\/wp\/v2\/tags?post=83823"}],"curies":[{"name":"wp","href":"https:\/\/api.w.org\/{rel}","templated":true}]}}