{"id":83819,"date":"2025-10-06T17:54:30","date_gmt":"2025-10-06T23:54:30","guid":{"rendered":"https:\/\/nitu.mx\/?p=83819"},"modified":"2025-10-06T17:54:31","modified_gmt":"2025-10-06T23:54:31","slug":"lanzan-convocatoria-para-el-festival-de-ofrendas-y-catrinas-del-centro-historico-2025-en-cdmx","status":"publish","type":"post","link":"https:\/\/nitu.mx\/index.php\/2025\/10\/06\/lanzan-convocatoria-para-el-festival-de-ofrendas-y-catrinas-del-centro-historico-2025-en-cdmx\/","title":{"rendered":"Lanzan convocatoria para el Festival de Ofrendas y Catrinas del Centro Hist\u00f3rico 2025 en CDMX"},"content":{"rendered":"\n<p>El Gobierno de la Ciudad de M\u00e9xico, a trav\u00e9s de la Autoridad del Centro Hist\u00f3rico (ACH), en coordinaci\u00f3n con el Fideicomiso Centro Hist\u00f3rico (FCH), Secretar\u00eda de Turismo de la Ciudad de M\u00e9xico y la comunidad de la zona, presentaron la convocatoria para el Festival de Ofrendas y Catrinas del Centro Hist\u00f3rico 2025 que se llevar\u00e1 a cabo del 28 de octubre al 3 de noviembre con el objetivo de fortalecer la identidad, el sentido de comunidad y la preservaci\u00f3n art\u00edstica alusiva al d\u00eda de muertos en los per\u00edmetros A y B en el que se espera la participaci\u00f3n de m\u00e1s de 250 ofrendas.<\/p>\n\n\n\n<p>El Coordinador General de la ACH, Carlos Cervantes, indic\u00f3 que en esta edici\u00f3n ser\u00e1 s\u00f3lo Festival y no concurso, en el que se reconocer\u00e1 a todas las ofrendas participantes por su originalidad, narrativa, calidad est\u00e9tica o valor cultural: \u201cpara que aflore la creatividad y la participaci\u00f3n, se le d\u00e9 un reconocimiento a los participantes sin tener un tema de competencia o de concurso; finalmente, todos los trabajos son de reconocerse. Es un esfuerzo muy importante tanto vecinos, comercios, instituciones educativas y de gobierno\u201d.<\/p>\n\n\n\n<p>La tem\u00e1tica ser\u00e1 la conmemoraci\u00f3n de los \u201c700 a\u00f1os de la fundaci\u00f3n de la Gran Tenochtitlan\u201d. El registro ser\u00e1 gratuito del 6 al 25 de octubre de 2025 a trav\u00e9s del formulario que se encontrar\u00e1 en la p\u00e1gina oficial de la ACH:\u00a0<a href=\"https:\/\/www.autoridadcentrohistorico.cdmx.gob.mx\/\">https:\/\/www.autoridadcentrohistorico.cdmx.gob.mx\/<\/a>\u00a0<\/p>\n\n\n\n<p>La instalaci\u00f3n de las ofrendas ser\u00e1 del 24 al 27 de octubre. La exhibici\u00f3n al p\u00fablico se realizar\u00e1 del 28 de octubre al 3 de noviembre de 2025, y desmontaje el 4 de noviembre.<\/p>\n\n\n\n<p>La clausura del festival ser\u00e1 el \u201cCatrina Fest\u201d, una iniciativa comunitaria de dise\u00f1adores y comercios de la calle de las Novias, en Rep\u00fablica de Chile y Rep\u00fablica de Ecuador, el 7 de noviembre 2025, en Plaza del Seminario; una pasarela de modelaje en donde j\u00f3venes del Centro Hist\u00f3rico se caracterizar\u00e1n de catrinas, como parte de la gran tradici\u00f3n. La informaci\u00f3n se detallar\u00e1 en la p\u00e1gina oficial de la ACH.<\/p>\n\n\n\n<p>Los requisitos de participaci\u00f3n son: las ofrendas deber\u00e1n ser exhibidas en un espacio p\u00fablico, no se permitir\u00e1n arreglos florales independientes (s\u00f3lo como complemento de las ofrendas o catrinas), lenguaje narrativo o visual, colocaci\u00f3n de materiales seguros para visitantes o inmuebles, cada participante ser\u00e1 responsable del cuidado y desmontaje de su propuesta cultural.<\/p>\n\n\n\n<p>Se entregar\u00e1n reconocimientos simb\u00f3licos o menciones especiales definidos de manera institucional dependiendo de la propuesta que destaque su originalidad, narrativa o calidad est\u00e9tica. Todos los participantes recibir\u00e1n constancia y se har\u00e1n distinciones especiales con menci\u00f3n en redes sociales oficiales de la ACH.<\/p>\n\n\n\n<p>Carlos Cervantes reconoci\u00f3 el apoyo y presencia de organilleros que amenizaron el evento, as\u00ed como la iniciativa de la comunidad que este a\u00f1o acercar\u00e1n a visitantes nacionales y extranjeros una propuesta alternativa que resalte nuestras tradiciones mexicanas.<\/p>\n\n\n\n<p>Adem\u00e1s, el titular de la instancia mencion\u00f3 que la Ciudad de M\u00e9xico en esas fechas se llenar\u00e1 de actividades culturales y gratuitas por parte de nuestra Jefa de Gobierno, Clara Brugada, y que se espera gran derrama econ\u00f3mica en el coraz\u00f3n de la capital.&nbsp;<\/p>\n","protected":false},"excerpt":{"rendered":"<p>El Gobierno de la Ciudad de M\u00e9xico, a trav\u00e9s de la Autoridad del Centro Hist\u00f3rico (ACH), en coordinaci\u00f3n con el Fideicomiso Centro Hist\u00f3rico (FCH), Secretar\u00eda de Turismo de la Ciudad de M\u00e9xico y la comunidad de la zona, presentaron la convocatoria para el Festival de Ofrendas y Catrinas del Centro Hist\u00f3rico 2025 que se llevar\u00e1 [&hellip;]<\/p>\n","protected":false},"author":17,"featured_media":83821,"comment_status":"closed","ping_status":"closed","sticky":false,"template":"","format":"standard","meta":{"footnotes":""},"categories":[5],"tags":[587,27731,93],"yoast_head":"<!-- This site is optimized with the Yoast SEO plugin v22.2 - https:\/\/yoast.com\/wordpress\/plugins\/seo\/ -->\n<title>Lanzan convocatoria para el Festival de Ofrendas y Catrinas del Centro Hist\u00f3rico 2025 en CDMX - Nitu - Noticias de la Industria Turistica<\/title>\n<meta name=\"robots\" content=\"index, follow, max-snippet:-1, max-image-preview:large, max-video-preview:-1\" \/>\n<link rel=\"canonical\" href=\"https:\/\/nitu.mx\/index.php\/2025\/10\/06\/lanzan-convocatoria-para-el-festival-de-ofrendas-y-catrinas-del-centro-historico-2025-en-cdmx\/\" \/>\n<meta name=\"twitter:card\" content=\"summary_large_image\" \/>\n<meta name=\"twitter:title\" content=\"Lanzan convocatoria para el Festival de Ofrendas y Catrinas del Centro Hist\u00f3rico 2025 en CDMX - Nitu - Noticias de la Industria Turistica\" \/>\n<meta name=\"twitter:description\" content=\"El Gobierno de la Ciudad de M\u00e9xico, a trav\u00e9s de la Autoridad del Centro Hist\u00f3rico (ACH), en coordinaci\u00f3n con el Fideicomiso Centro Hist\u00f3rico (FCH), Secretar\u00eda de Turismo de la Ciudad de M\u00e9xico y la comunidad de la zona, presentaron la convocatoria para el Festival de Ofrendas y Catrinas del Centro Hist\u00f3rico 2025 que se llevar\u00e1 [&hellip;]\" \/>\n<meta name=\"twitter:image\" content=\"https:\/\/nitu.mx\/wp-content\/uploads\/2025\/10\/Festival-de-Ofrendas-y-Catrinas-2025-CDMX-convocatoria.jpg\" \/>\n<meta name=\"twitter:creator\" content=\"@NITUmx\" \/>\n<meta name=\"twitter:site\" content=\"@Arturo_Medina_G\" \/>\n<meta name=\"twitter:label1\" content=\"Escrito por\" \/>\n\t<meta name=\"twitter:data1\" content=\"Redacci\u00f3n\" \/>\n\t<meta name=\"twitter:label2\" content=\"Tiempo de lectura\" \/>\n\t<meta name=\"twitter:data2\" content=\"3 minutos\" \/>\n<script type=\"application\/ld+json\" class=\"yoast-schema-graph\">{\"@context\":\"https:\/\/schema.org\",\"@graph\":[{\"@type\":\"Article\",\"@id\":\"https:\/\/nitu.mx\/index.php\/2025\/10\/06\/lanzan-convocatoria-para-el-festival-de-ofrendas-y-catrinas-del-centro-historico-2025-en-cdmx\/#article\",\"isPartOf\":{\"@id\":\"https:\/\/nitu.mx\/index.php\/2025\/10\/06\/lanzan-convocatoria-para-el-festival-de-ofrendas-y-catrinas-del-centro-historico-2025-en-cdmx\/\"},\"author\":{\"name\":\"Redacci\u00f3n\",\"@id\":\"https:\/\/nitu.mx\/#\/schema\/person\/4a28fe9bd65924f7c90623773daf1b0b\"},\"headline\":\"Lanzan convocatoria para el Festival de Ofrendas y Catrinas del Centro Hist\u00f3rico 2025 en CDMX\",\"datePublished\":\"2025-10-06T23:54:30+00:00\",\"dateModified\":\"2025-10-06T23:54:31+00:00\",\"mainEntityOfPage\":{\"@id\":\"https:\/\/nitu.mx\/index.php\/2025\/10\/06\/lanzan-convocatoria-para-el-festival-de-ofrendas-y-catrinas-del-centro-historico-2025-en-cdmx\/\"},\"wordCount\":566,\"publisher\":{\"@id\":\"https:\/\/nitu.mx\/#\/schema\/person\/ae7a53426417292d3dd07b45a33e01bc\"},\"image\":{\"@id\":\"https:\/\/nitu.mx\/index.php\/2025\/10\/06\/lanzan-convocatoria-para-el-festival-de-ofrendas-y-catrinas-del-centro-historico-2025-en-cdmx\/#primaryimage\"},\"thumbnailUrl\":\"https:\/\/nitu.mx\/wp-content\/uploads\/2025\/10\/Festival-de-Ofrendas-y-Catrinas-2025-CDMX-convocatoria.jpg\",\"keywords\":[\"CDMX\",\"Festival de Ofrendas y Catrinas\",\"Sectur\"],\"articleSection\":[\"Destinos\"],\"inLanguage\":\"es-MX\"},{\"@type\":\"WebPage\",\"@id\":\"https:\/\/nitu.mx\/index.php\/2025\/10\/06\/lanzan-convocatoria-para-el-festival-de-ofrendas-y-catrinas-del-centro-historico-2025-en-cdmx\/\",\"url\":\"https:\/\/nitu.mx\/index.php\/2025\/10\/06\/lanzan-convocatoria-para-el-festival-de-ofrendas-y-catrinas-del-centro-historico-2025-en-cdmx\/\",\"name\":\"Lanzan convocatoria para el Festival de Ofrendas y Catrinas del Centro Hist\u00f3rico 2025 en CDMX - Nitu - Noticias de la Industria Turistica\",\"isPartOf\":{\"@id\":\"https:\/\/nitu.mx\/#website\"},\"primaryImageOfPage\":{\"@id\":\"https:\/\/nitu.mx\/index.php\/2025\/10\/06\/lanzan-convocatoria-para-el-festival-de-ofrendas-y-catrinas-del-centro-historico-2025-en-cdmx\/#primaryimage\"},\"image\":{\"@id\":\"https:\/\/nitu.mx\/index.php\/2025\/10\/06\/lanzan-convocatoria-para-el-festival-de-ofrendas-y-catrinas-del-centro-historico-2025-en-cdmx\/#primaryimage\"},\"thumbnailUrl\":\"https:\/\/nitu.mx\/wp-content\/uploads\/2025\/10\/Festival-de-Ofrendas-y-Catrinas-2025-CDMX-convocatoria.jpg\",\"datePublished\":\"2025-10-06T23:54:30+00:00\",\"dateModified\":\"2025-10-06T23:54:31+00:00\",\"breadcrumb\":{\"@id\":\"https:\/\/nitu.mx\/index.php\/2025\/10\/06\/lanzan-convocatoria-para-el-festival-de-ofrendas-y-catrinas-del-centro-historico-2025-en-cdmx\/#breadcrumb\"},\"inLanguage\":\"es-MX\",\"potentialAction\":[{\"@type\":\"ReadAction\",\"target\":[\"https:\/\/nitu.mx\/index.php\/2025\/10\/06\/lanzan-convocatoria-para-el-festival-de-ofrendas-y-catrinas-del-centro-historico-2025-en-cdmx\/\"]}]},{\"@type\":\"ImageObject\",\"inLanguage\":\"es-MX\",\"@id\":\"https:\/\/nitu.mx\/index.php\/2025\/10\/06\/lanzan-convocatoria-para-el-festival-de-ofrendas-y-catrinas-del-centro-historico-2025-en-cdmx\/#primaryimage\",\"url\":\"https:\/\/nitu.mx\/wp-content\/uploads\/2025\/10\/Festival-de-Ofrendas-y-Catrinas-2025-CDMX-convocatoria.jpg\",\"contentUrl\":\"https:\/\/nitu.mx\/wp-content\/uploads\/2025\/10\/Festival-de-Ofrendas-y-Catrinas-2025-CDMX-convocatoria.jpg\",\"width\":1200,\"height\":675,\"caption\":\"Festival de Ofrendas y Catrinas 2025 CDMX convocatoria\"},{\"@type\":\"BreadcrumbList\",\"@id\":\"https:\/\/nitu.mx\/index.php\/2025\/10\/06\/lanzan-convocatoria-para-el-festival-de-ofrendas-y-catrinas-del-centro-historico-2025-en-cdmx\/#breadcrumb\",\"itemListElement\":[{\"@type\":\"ListItem\",\"position\":1,\"name\":\"Inicio\",\"item\":\"https:\/\/nitu.mx\/\"},{\"@type\":\"ListItem\",\"position\":2,\"name\":\"Lanzan convocatoria para el Festival de Ofrendas y Catrinas del Centro Hist\u00f3rico 2025 en CDMX\"}]},{\"@type\":\"WebSite\",\"@id\":\"https:\/\/nitu.mx\/#website\",\"url\":\"https:\/\/nitu.mx\/\",\"name\":\"Nitu - Noticias de la Industria Turistica\",\"description\":\"Noticias de la Industria Turistica\",\"publisher\":{\"@id\":\"https:\/\/nitu.mx\/#\/schema\/person\/ae7a53426417292d3dd07b45a33e01bc\"},\"alternateName\":\"Noticias de la Industria Turistica\",\"potentialAction\":[{\"@type\":\"SearchAction\",\"target\":{\"@type\":\"EntryPoint\",\"urlTemplate\":\"https:\/\/nitu.mx\/?s={search_term_string}\"},\"query-input\":\"required name=search_term_string\"}],\"inLanguage\":\"es-MX\"},{\"@type\":[\"Person\",\"Organization\"],\"@id\":\"https:\/\/nitu.mx\/#\/schema\/person\/ae7a53426417292d3dd07b45a33e01bc\",\"name\":\"Arturo Medina\",\"image\":{\"@type\":\"ImageObject\",\"inLanguage\":\"es-MX\",\"@id\":\"https:\/\/nitu.mx\/#\/schema\/person\/image\/\",\"url\":\"https:\/\/nitu.mx\/wp-content\/uploads\/2024\/04\/4A315622-1904-4D5C-B022-878CDC840E04-90x90-1.jpeg\",\"contentUrl\":\"https:\/\/nitu.mx\/wp-content\/uploads\/2024\/04\/4A315622-1904-4D5C-B022-878CDC840E04-90x90-1.jpeg\",\"width\":90,\"height\":90,\"caption\":\"Arturo Medina\"},\"logo\":{\"@id\":\"https:\/\/nitu.mx\/#\/schema\/person\/image\/\"},\"description\":\"Director NITU.mx, Egresado de la Escuela de Periodismo Carlos Septi\u00e9n Garc\u00eda. Periodista y analista especializado en turismo desde hace 35 a\u00f1os, radicado en Canc\u00fan Q.Roo. arturo@nitu.mx\",\"sameAs\":[\"https:\/\/nitu.mx\",\"https:\/\/www.facebook.com\/NITUmx\/\",\"medinacancun\",\"https:\/\/twitter.com\/@Arturo_Medina_G\"]},{\"@type\":\"Person\",\"@id\":\"https:\/\/nitu.mx\/#\/schema\/person\/4a28fe9bd65924f7c90623773daf1b0b\",\"name\":\"Redacci\u00f3n\",\"image\":{\"@type\":\"ImageObject\",\"inLanguage\":\"es-MX\",\"@id\":\"https:\/\/nitu.mx\/#\/schema\/person\/image\/\",\"url\":\"https:\/\/secure.gravatar.com\/avatar\/5dd011c8ccfc5cd7e4c81e42252aab38?s=96&d=mm&r=g\",\"contentUrl\":\"https:\/\/secure.gravatar.com\/avatar\/5dd011c8ccfc5cd7e4c81e42252aab38?s=96&d=mm&r=g\",\"caption\":\"Redacci\u00f3n\"},\"url\":\"https:\/\/nitu.mx\/index.php\/author\/redaccion\/\"}]}<\/script>\n<!-- \/ Yoast SEO plugin. -->","yoast_head_json":{"title":"Lanzan convocatoria para el Festival de Ofrendas y Catrinas del Centro Hist\u00f3rico 2025 en CDMX - Nitu - Noticias de la Industria Turistica","robots":{"index":"index","follow":"follow","max-snippet":"max-snippet:-1","max-image-preview":"max-image-preview:large","max-video-preview":"max-video-preview:-1"},"canonical":"https:\/\/nitu.mx\/index.php\/2025\/10\/06\/lanzan-convocatoria-para-el-festival-de-ofrendas-y-catrinas-del-centro-historico-2025-en-cdmx\/","twitter_card":"summary_large_image","twitter_title":"Lanzan convocatoria para el Festival de Ofrendas y Catrinas del Centro Hist\u00f3rico 2025 en CDMX - Nitu - Noticias de la Industria Turistica","twitter_description":"El Gobierno de la Ciudad de M\u00e9xico, a trav\u00e9s de la Autoridad del Centro Hist\u00f3rico (ACH), en coordinaci\u00f3n con el Fideicomiso Centro Hist\u00f3rico (FCH), Secretar\u00eda de Turismo de la Ciudad de M\u00e9xico y la comunidad de la zona, presentaron la convocatoria para el Festival de Ofrendas y Catrinas del Centro Hist\u00f3rico 2025 que se llevar\u00e1 [&hellip;]","twitter_image":"https:\/\/nitu.mx\/wp-content\/uploads\/2025\/10\/Festival-de-Ofrendas-y-Catrinas-2025-CDMX-convocatoria.jpg","twitter_creator":"@NITUmx","twitter_site":"@Arturo_Medina_G","twitter_misc":{"Escrito por":"Redacci\u00f3n","Tiempo de lectura":"3 minutos"},"schema":{"@context":"https:\/\/schema.org","@graph":[{"@type":"Article","@id":"https:\/\/nitu.mx\/index.php\/2025\/10\/06\/lanzan-convocatoria-para-el-festival-de-ofrendas-y-catrinas-del-centro-historico-2025-en-cdmx\/#article","isPartOf":{"@id":"https:\/\/nitu.mx\/index.php\/2025\/10\/06\/lanzan-convocatoria-para-el-festival-de-ofrendas-y-catrinas-del-centro-historico-2025-en-cdmx\/"},"author":{"name":"Redacci\u00f3n","@id":"https:\/\/nitu.mx\/#\/schema\/person\/4a28fe9bd65924f7c90623773daf1b0b"},"headline":"Lanzan convocatoria para el Festival de Ofrendas y Catrinas del Centro Hist\u00f3rico 2025 en CDMX","datePublished":"2025-10-06T23:54:30+00:00","dateModified":"2025-10-06T23:54:31+00:00","mainEntityOfPage":{"@id":"https:\/\/nitu.mx\/index.php\/2025\/10\/06\/lanzan-convocatoria-para-el-festival-de-ofrendas-y-catrinas-del-centro-historico-2025-en-cdmx\/"},"wordCount":566,"publisher":{"@id":"https:\/\/nitu.mx\/#\/schema\/person\/ae7a53426417292d3dd07b45a33e01bc"},"image":{"@id":"https:\/\/nitu.mx\/index.php\/2025\/10\/06\/lanzan-convocatoria-para-el-festival-de-ofrendas-y-catrinas-del-centro-historico-2025-en-cdmx\/#primaryimage"},"thumbnailUrl":"https:\/\/nitu.mx\/wp-content\/uploads\/2025\/10\/Festival-de-Ofrendas-y-Catrinas-2025-CDMX-convocatoria.jpg","keywords":["CDMX","Festival de Ofrendas y Catrinas","Sectur"],"articleSection":["Destinos"],"inLanguage":"es-MX"},{"@type":"WebPage","@id":"https:\/\/nitu.mx\/index.php\/2025\/10\/06\/lanzan-convocatoria-para-el-festival-de-ofrendas-y-catrinas-del-centro-historico-2025-en-cdmx\/","url":"https:\/\/nitu.mx\/index.php\/2025\/10\/06\/lanzan-convocatoria-para-el-festival-de-ofrendas-y-catrinas-del-centro-historico-2025-en-cdmx\/","name":"Lanzan convocatoria para el Festival de Ofrendas y Catrinas del Centro Hist\u00f3rico 2025 en CDMX - Nitu - Noticias de la Industria Turistica","isPartOf":{"@id":"https:\/\/nitu.mx\/#website"},"primaryImageOfPage":{"@id":"https:\/\/nitu.mx\/index.php\/2025\/10\/06\/lanzan-convocatoria-para-el-festival-de-ofrendas-y-catrinas-del-centro-historico-2025-en-cdmx\/#primaryimage"},"image":{"@id":"https:\/\/nitu.mx\/index.php\/2025\/10\/06\/lanzan-convocatoria-para-el-festival-de-ofrendas-y-catrinas-del-centro-historico-2025-en-cdmx\/#primaryimage"},"thumbnailUrl":"https:\/\/nitu.mx\/wp-content\/uploads\/2025\/10\/Festival-de-Ofrendas-y-Catrinas-2025-CDMX-convocatoria.jpg","datePublished":"2025-10-06T23:54:30+00:00","dateModified":"2025-10-06T23:54:31+00:00","breadcrumb":{"@id":"https:\/\/nitu.mx\/index.php\/2025\/10\/06\/lanzan-convocatoria-para-el-festival-de-ofrendas-y-catrinas-del-centro-historico-2025-en-cdmx\/#breadcrumb"},"inLanguage":"es-MX","potentialAction":[{"@type":"ReadAction","target":["https:\/\/nitu.mx\/index.php\/2025\/10\/06\/lanzan-convocatoria-para-el-festival-de-ofrendas-y-catrinas-del-centro-historico-2025-en-cdmx\/"]}]},{"@type":"ImageObject","inLanguage":"es-MX","@id":"https:\/\/nitu.mx\/index.php\/2025\/10\/06\/lanzan-convocatoria-para-el-festival-de-ofrendas-y-catrinas-del-centro-historico-2025-en-cdmx\/#primaryimage","url":"https:\/\/nitu.mx\/wp-content\/uploads\/2025\/10\/Festival-de-Ofrendas-y-Catrinas-2025-CDMX-convocatoria.jpg","contentUrl":"https:\/\/nitu.mx\/wp-content\/uploads\/2025\/10\/Festival-de-Ofrendas-y-Catrinas-2025-CDMX-convocatoria.jpg","width":1200,"height":675,"caption":"Festival de Ofrendas y Catrinas 2025 CDMX convocatoria"},{"@type":"BreadcrumbList","@id":"https:\/\/nitu.mx\/index.php\/2025\/10\/06\/lanzan-convocatoria-para-el-festival-de-ofrendas-y-catrinas-del-centro-historico-2025-en-cdmx\/#breadcrumb","itemListElement":[{"@type":"ListItem","position":1,"name":"Inicio","item":"https:\/\/nitu.mx\/"},{"@type":"ListItem","position":2,"name":"Lanzan convocatoria para el Festival de Ofrendas y Catrinas del Centro Hist\u00f3rico 2025 en CDMX"}]},{"@type":"WebSite","@id":"https:\/\/nitu.mx\/#website","url":"https:\/\/nitu.mx\/","name":"Nitu - Noticias de la Industria Turistica","description":"Noticias de la Industria Turistica","publisher":{"@id":"https:\/\/nitu.mx\/#\/schema\/person\/ae7a53426417292d3dd07b45a33e01bc"},"alternateName":"Noticias de la Industria Turistica","potentialAction":[{"@type":"SearchAction","target":{"@type":"EntryPoint","urlTemplate":"https:\/\/nitu.mx\/?s={search_term_string}"},"query-input":"required name=search_term_string"}],"inLanguage":"es-MX"},{"@type":["Person","Organization"],"@id":"https:\/\/nitu.mx\/#\/schema\/person\/ae7a53426417292d3dd07b45a33e01bc","name":"Arturo Medina","image":{"@type":"ImageObject","inLanguage":"es-MX","@id":"https:\/\/nitu.mx\/#\/schema\/person\/image\/","url":"https:\/\/nitu.mx\/wp-content\/uploads\/2024\/04\/4A315622-1904-4D5C-B022-878CDC840E04-90x90-1.jpeg","contentUrl":"https:\/\/nitu.mx\/wp-content\/uploads\/2024\/04\/4A315622-1904-4D5C-B022-878CDC840E04-90x90-1.jpeg","width":90,"height":90,"caption":"Arturo Medina"},"logo":{"@id":"https:\/\/nitu.mx\/#\/schema\/person\/image\/"},"description":"Director NITU.mx, Egresado de la Escuela de Periodismo Carlos Septi\u00e9n Garc\u00eda. Periodista y analista especializado en turismo desde hace 35 a\u00f1os, radicado en Canc\u00fan Q.Roo. arturo@nitu.mx","sameAs":["https:\/\/nitu.mx","https:\/\/www.facebook.com\/NITUmx\/","medinacancun","https:\/\/twitter.com\/@Arturo_Medina_G"]},{"@type":"Person","@id":"https:\/\/nitu.mx\/#\/schema\/person\/4a28fe9bd65924f7c90623773daf1b0b","name":"Redacci\u00f3n","image":{"@type":"ImageObject","inLanguage":"es-MX","@id":"https:\/\/nitu.mx\/#\/schema\/person\/image\/","url":"https:\/\/secure.gravatar.com\/avatar\/5dd011c8ccfc5cd7e4c81e42252aab38?s=96&d=mm&r=g","contentUrl":"https:\/\/secure.gravatar.com\/avatar\/5dd011c8ccfc5cd7e4c81e42252aab38?s=96&d=mm&r=g","caption":"Redacci\u00f3n"},"url":"https:\/\/nitu.mx\/index.php\/author\/redaccion\/"}]}},"views":477,"_links":{"self":[{"href":"https:\/\/nitu.mx\/index.php\/wp-json\/wp\/v2\/posts\/83819"}],"collection":[{"href":"https:\/\/nitu.mx\/index.php\/wp-json\/wp\/v2\/posts"}],"about":[{"href":"https:\/\/nitu.mx\/index.php\/wp-json\/wp\/v2\/types\/post"}],"author":[{"embeddable":true,"href":"https:\/\/nitu.mx\/index.php\/wp-json\/wp\/v2\/users\/17"}],"replies":[{"embeddable":true,"href":"https:\/\/nitu.mx\/index.php\/wp-json\/wp\/v2\/comments?post=83819"}],"version-history":[{"count":1,"href":"https:\/\/nitu.mx\/index.php\/wp-json\/wp\/v2\/posts\/83819\/revisions"}],"predecessor-version":[{"id":83822,"href":"https:\/\/nitu.mx\/index.php\/wp-json\/wp\/v2\/posts\/83819\/revisions\/83822"}],"wp:featuredmedia":[{"embeddable":true,"href":"https:\/\/nitu.mx\/index.php\/wp-json\/wp\/v2\/media\/83821"}],"wp:attachment":[{"href":"https:\/\/nitu.mx\/index.php\/wp-json\/wp\/v2\/media?parent=83819"}],"wp:term":[{"taxonomy":"category","embeddable":true,"href":"https:\/\/nitu.mx\/index.php\/wp-json\/wp\/v2\/categories?post=83819"},{"taxonomy":"post_tag","embeddable":true,"href":"https:\/\/nitu.mx\/index.php\/wp-json\/wp\/v2\/tags?post=83819"}],"curies":[{"name":"wp","href":"https:\/\/api.w.org\/{rel}","templated":true}]}}