{"id":83811,"date":"2025-10-05T20:58:28","date_gmt":"2025-10-06T02:58:28","guid":{"rendered":"https:\/\/nitu.mx\/?p=83811"},"modified":"2025-10-06T17:51:37","modified_gmt":"2025-10-06T23:51:37","slug":"turibus-celebra-25-anos-con-mas-de-22-millones-de-pasajeros-transportados","status":"publish","type":"post","link":"https:\/\/nitu.mx\/index.php\/2025\/10\/05\/turibus-celebra-25-anos-con-mas-de-22-millones-de-pasajeros-transportados\/","title":{"rendered":"Turibus celebra 25 a\u00f1os con m\u00e1s de 22 millones de pasajeros transportados"},"content":{"rendered":"\n<p>Con 5 veh\u00edculos adaptados con filas de asientos elevados a 4.5 m de altura y sin techo, en el a\u00f1o 2000 inici\u00f3 operaciones Turibus, el primer autob\u00fas de servicio tur\u00edstico en M\u00e9xico, con recorridos en las principales avenidas y lugares ic\u00f3nicos de la Ciudad de M\u00e9xico y Veracruz.<\/p>\n\n\n\n<p>Para celebrar este acontecimiento, se llev\u00f3 un evento desde el Mirador Cetro en el World Trade Center (WTC) en CDMX, en donde se inform\u00f3 que en estos 25 a\u00f1os, la unidad de negocio de Mobility ADO ha transportado a m\u00e1s de 22 millones de pasajeros.<\/p>\n\n\n\n<p>Hoy, la flota est\u00e1 integrada por m\u00e1s de 60 autobuses, opera en ciudades de 11 estados del pa\u00eds y tiene un portafolio que supera los 75 productos tur\u00edsticos.<\/p>\n\n\n\n<p>Para poner en perspectiva la evoluci\u00f3n de Turibus, V\u00edctor Cort\u00e9s Melo, gerente general de Transporte de Personal de Mobility ADO, describe los inicios del servicio con un recorrido por la zona de Polanco-Chapultepec y el Centro Hist\u00f3rico. Si bien, \u00e9stos siguen como los circuitos emblem\u00e1ticos, tambi\u00e9n destacan otros como el de Bas\u00edlica y el Sur de la ciudad.<\/p>\n\n\n\n<p>Adem\u00e1s de los circuitos tradicionales que cuentan con audio gu\u00eda descriptivo en m\u00e1s de 10 idiomas, m\u00e1s un canal exclusivo para ni\u00f1os, la compa\u00f1\u00eda desarroll\u00f3 experiencias tem\u00e1ticas como: Turiluchas, Turibus Cantinas, Cervecero, Museos, Burger Man y el Nocturno, este \u00faltimo muy exitoso con un mercado diferente al que se proyect\u00f3 al inicio pero que encontr\u00f3 un interesante nicho, como lo describe V\u00edctor Cort\u00e9s.<\/p>\n\n\n\n<p>A esto se suman las alianzas estrat\u00e9gicas con aliados como el Acuario Michin, Museo de Cera, Kidzania, Torre Latino, Six Flags, Parque Urbano Aztl\u00e1n, Acuario Inbursa y el Mirador Cetro.<\/p>\n\n\n\n<p>Para las fechas especiales, Turibus celebra actividades que enriquecen la experiencia del pasajero ya sea en D\u00eda de Muertos, D\u00eda del Ni\u00f1o, D\u00eda de Reyes, D\u00eda de las Madres, Fiestas Patrias, Decembrinas y m\u00e1s.<\/p>\n\n\n\n<p>El ejecutivo refiere que de acuerdo a encuestas y opiniones, varios pasajeros califican a Turibus entre los mejores servicios tur\u00edsticos en su tipo en el mundo. Contar con WiFi a bordo, audios individuales, conexi\u00f3n de carga USB, porta bicicletas, rampa para personas con discapacidad y GPS son parte de las bondades que lo distinguen.<\/p>\n\n\n\n<p>De acuerdo con V\u00edctor Cort\u00e9s, Turibus seguir\u00e1 innovando tanto en tecnolog\u00eda como en experiencias tur\u00edsticas, para ello ya analizan opciones con Inteligencia Artificial y con el tema de la Copa Mundial de F\u00fatbol 2026, sin dar mayores detalles, adelant\u00f3 que habr\u00e1 diversas actividades en coordinaci\u00f3n con las autoridades y los socios estrat\u00e9gicos.<\/p>\n\n\n<div class=\"wp-block-image\">\n<figure class=\"alignleft size-large is-resized\"><img decoding=\"async\" loading=\"lazy\" width=\"1024\" height=\"576\" src=\"https:\/\/nitu.mx\/wp-content\/uploads\/2025\/10\/Turibus-25-aniversario-Victor-Cortes-1024x576.jpg\" alt=\"Turibus 25 aniversario V\u00edctor Cort\u00e9s\" class=\"wp-image-83816\" style=\"aspect-ratio:1.7777777777777777;width:532px;height:auto\" srcset=\"https:\/\/nitu.mx\/wp-content\/uploads\/2025\/10\/Turibus-25-aniversario-Victor-Cortes-1024x576.jpg 1024w, https:\/\/nitu.mx\/wp-content\/uploads\/2025\/10\/Turibus-25-aniversario-Victor-Cortes-300x168.jpg 300w, https:\/\/nitu.mx\/wp-content\/uploads\/2025\/10\/Turibus-25-aniversario-Victor-Cortes-768x432.jpg 768w, https:\/\/nitu.mx\/wp-content\/uploads\/2025\/10\/Turibus-25-aniversario-Victor-Cortes-990x557.jpg 990w, https:\/\/nitu.mx\/wp-content\/uploads\/2025\/10\/Turibus-25-aniversario-Victor-Cortes-470x264.jpg 470w, https:\/\/nitu.mx\/wp-content\/uploads\/2025\/10\/Turibus-25-aniversario-Victor-Cortes-640x360.jpg 640w, https:\/\/nitu.mx\/wp-content\/uploads\/2025\/10\/Turibus-25-aniversario-Victor-Cortes-215x120.jpg 215w, https:\/\/nitu.mx\/wp-content\/uploads\/2025\/10\/Turibus-25-aniversario-Victor-Cortes-414x232.jpg 414w, https:\/\/nitu.mx\/wp-content\/uploads\/2025\/10\/Turibus-25-aniversario-Victor-Cortes.jpg 1200w\" sizes=\"(max-width: 1024px) 100vw, 1024px\" \/><\/figure><\/div>\n\n\n<p>Precis\u00f3 tambi\u00e9n que en FITUR 2026, feria tur\u00edstica de Madrid en donde M\u00e9xico ser\u00e1 Pa\u00eds Socio, tambi\u00e9n se revelar\u00e1n interesantes sorpresas. <\/p>\n\n\n\n<p>En entrevista para <strong><em>NITU.mx<\/em><\/strong>, V\u00edctor Cort\u00e9s revel\u00f3 que cada mercado tiene un comportamiento diferente. Mientras en CDMX m\u00e1s del 60% de usuarios son locales, en destinos como Canc\u00fan y M\u00e9rida, en donde tambi\u00e9n operan, los turistas internacionales representan 60 y 50 por ciento respectivamente.<\/p>\n\n\n\n<p>En ese sentido, destac\u00f3 tambi\u00e9n la importancia de las agencias de viajes tradicionales y OTAs, que en promedio representan 20% de la comercializaci\u00f3n, por lo que Cort\u00e9s asegura, son socios esenciales, con quienes manejan atractivos esquemas de comisi\u00f3n.<\/p>\n\n\n\n<p>El ejecutivo concluye que el \u00e9xito de Turibus es la suma de factores desde t\u00e9cnicos, experiencias pero sobre todo el servicio que brindan operadores y gu\u00edas, que con el respaldo de pertenecer a Mobility ADO, los califica como los mejores. (<a href=\"https:\/\/nitu.mx\/index.php\/2023\/12\/07\/turitour-pone-en-marcha-la-ruta-cdmx-huamantla-ixtenco\/\">Turitour pone en marcha la ruta CDMX-Huamantla-Ixtenco<\/a>).<\/p>\n","protected":false},"excerpt":{"rendered":"<p>Con 5 veh\u00edculos adaptados con filas de asientos elevados a 4.5 m de altura y sin techo, en el a\u00f1o 2000 inici\u00f3 operaciones Turibus, el primer autob\u00fas de servicio tur\u00edstico en M\u00e9xico, con recorridos en las principales avenidas y lugares ic\u00f3nicos de la Ciudad de M\u00e9xico y Veracruz. Para celebrar este acontecimiento, se llev\u00f3 un [&hellip;]<\/p>\n","protected":false},"author":18,"featured_media":83817,"comment_status":"closed","ping_status":"closed","sticky":false,"template":"","format":"standard","meta":{"footnotes":""},"categories":[5],"tags":[14546,25875,6996],"yoast_head":"<!-- This site is optimized with the Yoast SEO plugin v22.2 - https:\/\/yoast.com\/wordpress\/plugins\/seo\/ -->\n<title>Turibus celebra 25 a\u00f1os con m\u00e1s de 22 millones de pasajeros transportados - Nitu - Noticias de la Industria Turistica<\/title>\n<meta name=\"robots\" content=\"index, follow, max-snippet:-1, max-image-preview:large, max-video-preview:-1\" \/>\n<link rel=\"canonical\" href=\"https:\/\/nitu.mx\/index.php\/2025\/10\/05\/turibus-celebra-25-anos-con-mas-de-22-millones-de-pasajeros-transportados\/\" \/>\n<meta name=\"twitter:card\" content=\"summary_large_image\" \/>\n<meta name=\"twitter:title\" content=\"Turibus celebra 25 a\u00f1os con m\u00e1s de 22 millones de pasajeros transportados - Nitu - Noticias de la Industria Turistica\" \/>\n<meta name=\"twitter:description\" content=\"Con 5 veh\u00edculos adaptados con filas de asientos elevados a 4.5 m de altura y sin techo, en el a\u00f1o 2000 inici\u00f3 operaciones Turibus, el primer autob\u00fas de servicio tur\u00edstico en M\u00e9xico, con recorridos en las principales avenidas y lugares ic\u00f3nicos de la Ciudad de M\u00e9xico y Veracruz. Para celebrar este acontecimiento, se llev\u00f3 un [&hellip;]\" \/>\n<meta name=\"twitter:image\" content=\"https:\/\/nitu.mx\/wp-content\/uploads\/2025\/10\/Turibus-25-aniversario.jpg\" \/>\n<meta name=\"twitter:creator\" content=\"@NITUmx\" \/>\n<meta name=\"twitter:site\" content=\"@Arturo_Medina_G\" \/>\n<meta name=\"twitter:label1\" content=\"Escrito por\" \/>\n\t<meta name=\"twitter:data1\" content=\"Guadalupe Sixto\" \/>\n\t<meta name=\"twitter:label2\" content=\"Tiempo de lectura\" \/>\n\t<meta name=\"twitter:data2\" content=\"3 minutos\" \/>\n<script type=\"application\/ld+json\" class=\"yoast-schema-graph\">{\"@context\":\"https:\/\/schema.org\",\"@graph\":[{\"@type\":\"Article\",\"@id\":\"https:\/\/nitu.mx\/index.php\/2025\/10\/05\/turibus-celebra-25-anos-con-mas-de-22-millones-de-pasajeros-transportados\/#article\",\"isPartOf\":{\"@id\":\"https:\/\/nitu.mx\/index.php\/2025\/10\/05\/turibus-celebra-25-anos-con-mas-de-22-millones-de-pasajeros-transportados\/\"},\"author\":{\"name\":\"Guadalupe Sixto\",\"@id\":\"https:\/\/nitu.mx\/#\/schema\/person\/3df3082b5e46037e3f13614d28ee0b77\"},\"headline\":\"Turibus celebra 25 a\u00f1os con m\u00e1s de 22 millones de pasajeros transportados\",\"datePublished\":\"2025-10-06T02:58:28+00:00\",\"dateModified\":\"2025-10-06T23:51:37+00:00\",\"mainEntityOfPage\":{\"@id\":\"https:\/\/nitu.mx\/index.php\/2025\/10\/05\/turibus-celebra-25-anos-con-mas-de-22-millones-de-pasajeros-transportados\/\"},\"wordCount\":623,\"publisher\":{\"@id\":\"https:\/\/nitu.mx\/#\/schema\/person\/ae7a53426417292d3dd07b45a33e01bc\"},\"image\":{\"@id\":\"https:\/\/nitu.mx\/index.php\/2025\/10\/05\/turibus-celebra-25-anos-con-mas-de-22-millones-de-pasajeros-transportados\/#primaryimage\"},\"thumbnailUrl\":\"https:\/\/nitu.mx\/wp-content\/uploads\/2025\/10\/Turibus-25-aniversario.jpg\",\"keywords\":[\"Mobility ADO\",\"Turibus\",\"V\u00edctor Cort\u00e9s\"],\"articleSection\":[\"Destinos\"],\"inLanguage\":\"es-MX\"},{\"@type\":\"WebPage\",\"@id\":\"https:\/\/nitu.mx\/index.php\/2025\/10\/05\/turibus-celebra-25-anos-con-mas-de-22-millones-de-pasajeros-transportados\/\",\"url\":\"https:\/\/nitu.mx\/index.php\/2025\/10\/05\/turibus-celebra-25-anos-con-mas-de-22-millones-de-pasajeros-transportados\/\",\"name\":\"Turibus celebra 25 a\u00f1os con m\u00e1s de 22 millones de pasajeros transportados - Nitu - Noticias de la Industria Turistica\",\"isPartOf\":{\"@id\":\"https:\/\/nitu.mx\/#website\"},\"primaryImageOfPage\":{\"@id\":\"https:\/\/nitu.mx\/index.php\/2025\/10\/05\/turibus-celebra-25-anos-con-mas-de-22-millones-de-pasajeros-transportados\/#primaryimage\"},\"image\":{\"@id\":\"https:\/\/nitu.mx\/index.php\/2025\/10\/05\/turibus-celebra-25-anos-con-mas-de-22-millones-de-pasajeros-transportados\/#primaryimage\"},\"thumbnailUrl\":\"https:\/\/nitu.mx\/wp-content\/uploads\/2025\/10\/Turibus-25-aniversario.jpg\",\"datePublished\":\"2025-10-06T02:58:28+00:00\",\"dateModified\":\"2025-10-06T23:51:37+00:00\",\"breadcrumb\":{\"@id\":\"https:\/\/nitu.mx\/index.php\/2025\/10\/05\/turibus-celebra-25-anos-con-mas-de-22-millones-de-pasajeros-transportados\/#breadcrumb\"},\"inLanguage\":\"es-MX\",\"potentialAction\":[{\"@type\":\"ReadAction\",\"target\":[\"https:\/\/nitu.mx\/index.php\/2025\/10\/05\/turibus-celebra-25-anos-con-mas-de-22-millones-de-pasajeros-transportados\/\"]}]},{\"@type\":\"ImageObject\",\"inLanguage\":\"es-MX\",\"@id\":\"https:\/\/nitu.mx\/index.php\/2025\/10\/05\/turibus-celebra-25-anos-con-mas-de-22-millones-de-pasajeros-transportados\/#primaryimage\",\"url\":\"https:\/\/nitu.mx\/wp-content\/uploads\/2025\/10\/Turibus-25-aniversario.jpg\",\"contentUrl\":\"https:\/\/nitu.mx\/wp-content\/uploads\/2025\/10\/Turibus-25-aniversario.jpg\",\"width\":1200,\"height\":675,\"caption\":\"Turibus 25 aniversario\"},{\"@type\":\"BreadcrumbList\",\"@id\":\"https:\/\/nitu.mx\/index.php\/2025\/10\/05\/turibus-celebra-25-anos-con-mas-de-22-millones-de-pasajeros-transportados\/#breadcrumb\",\"itemListElement\":[{\"@type\":\"ListItem\",\"position\":1,\"name\":\"Inicio\",\"item\":\"https:\/\/nitu.mx\/\"},{\"@type\":\"ListItem\",\"position\":2,\"name\":\"Turibus celebra 25 a\u00f1os con m\u00e1s de 22 millones de pasajeros transportados\"}]},{\"@type\":\"WebSite\",\"@id\":\"https:\/\/nitu.mx\/#website\",\"url\":\"https:\/\/nitu.mx\/\",\"name\":\"Nitu - Noticias de la Industria Turistica\",\"description\":\"Noticias de la Industria Turistica\",\"publisher\":{\"@id\":\"https:\/\/nitu.mx\/#\/schema\/person\/ae7a53426417292d3dd07b45a33e01bc\"},\"alternateName\":\"Noticias de la Industria Turistica\",\"potentialAction\":[{\"@type\":\"SearchAction\",\"target\":{\"@type\":\"EntryPoint\",\"urlTemplate\":\"https:\/\/nitu.mx\/?s={search_term_string}\"},\"query-input\":\"required name=search_term_string\"}],\"inLanguage\":\"es-MX\"},{\"@type\":[\"Person\",\"Organization\"],\"@id\":\"https:\/\/nitu.mx\/#\/schema\/person\/ae7a53426417292d3dd07b45a33e01bc\",\"name\":\"Arturo Medina\",\"image\":{\"@type\":\"ImageObject\",\"inLanguage\":\"es-MX\",\"@id\":\"https:\/\/nitu.mx\/#\/schema\/person\/image\/\",\"url\":\"https:\/\/nitu.mx\/wp-content\/uploads\/2024\/04\/4A315622-1904-4D5C-B022-878CDC840E04-90x90-1.jpeg\",\"contentUrl\":\"https:\/\/nitu.mx\/wp-content\/uploads\/2024\/04\/4A315622-1904-4D5C-B022-878CDC840E04-90x90-1.jpeg\",\"width\":90,\"height\":90,\"caption\":\"Arturo Medina\"},\"logo\":{\"@id\":\"https:\/\/nitu.mx\/#\/schema\/person\/image\/\"},\"description\":\"Director NITU.mx, Egresado de la Escuela de Periodismo Carlos Septi\u00e9n Garc\u00eda. Periodista y analista especializado en turismo desde hace 35 a\u00f1os, radicado en Canc\u00fan Q.Roo. arturo@nitu.mx\",\"sameAs\":[\"https:\/\/nitu.mx\",\"https:\/\/www.facebook.com\/NITUmx\/\",\"medinacancun\",\"https:\/\/twitter.com\/@Arturo_Medina_G\"]},{\"@type\":\"Person\",\"@id\":\"https:\/\/nitu.mx\/#\/schema\/person\/3df3082b5e46037e3f13614d28ee0b77\",\"name\":\"Guadalupe Sixto\",\"image\":{\"@type\":\"ImageObject\",\"inLanguage\":\"es-MX\",\"@id\":\"https:\/\/nitu.mx\/#\/schema\/person\/image\/\",\"url\":\"https:\/\/secure.gravatar.com\/avatar\/13914e1b0e1919e91f9539de4dc584c4?s=96&d=mm&r=g\",\"contentUrl\":\"https:\/\/secure.gravatar.com\/avatar\/13914e1b0e1919e91f9539de4dc584c4?s=96&d=mm&r=g\",\"caption\":\"Guadalupe Sixto\"},\"url\":\"https:\/\/nitu.mx\/index.php\/author\/gsixto\/\"}]}<\/script>\n<!-- \/ Yoast SEO plugin. -->","yoast_head_json":{"title":"Turibus celebra 25 a\u00f1os con m\u00e1s de 22 millones de pasajeros transportados - Nitu - Noticias de la Industria Turistica","robots":{"index":"index","follow":"follow","max-snippet":"max-snippet:-1","max-image-preview":"max-image-preview:large","max-video-preview":"max-video-preview:-1"},"canonical":"https:\/\/nitu.mx\/index.php\/2025\/10\/05\/turibus-celebra-25-anos-con-mas-de-22-millones-de-pasajeros-transportados\/","twitter_card":"summary_large_image","twitter_title":"Turibus celebra 25 a\u00f1os con m\u00e1s de 22 millones de pasajeros transportados - Nitu - Noticias de la Industria Turistica","twitter_description":"Con 5 veh\u00edculos adaptados con filas de asientos elevados a 4.5 m de altura y sin techo, en el a\u00f1o 2000 inici\u00f3 operaciones Turibus, el primer autob\u00fas de servicio tur\u00edstico en M\u00e9xico, con recorridos en las principales avenidas y lugares ic\u00f3nicos de la Ciudad de M\u00e9xico y Veracruz. Para celebrar este acontecimiento, se llev\u00f3 un [&hellip;]","twitter_image":"https:\/\/nitu.mx\/wp-content\/uploads\/2025\/10\/Turibus-25-aniversario.jpg","twitter_creator":"@NITUmx","twitter_site":"@Arturo_Medina_G","twitter_misc":{"Escrito por":"Guadalupe Sixto","Tiempo de lectura":"3 minutos"},"schema":{"@context":"https:\/\/schema.org","@graph":[{"@type":"Article","@id":"https:\/\/nitu.mx\/index.php\/2025\/10\/05\/turibus-celebra-25-anos-con-mas-de-22-millones-de-pasajeros-transportados\/#article","isPartOf":{"@id":"https:\/\/nitu.mx\/index.php\/2025\/10\/05\/turibus-celebra-25-anos-con-mas-de-22-millones-de-pasajeros-transportados\/"},"author":{"name":"Guadalupe Sixto","@id":"https:\/\/nitu.mx\/#\/schema\/person\/3df3082b5e46037e3f13614d28ee0b77"},"headline":"Turibus celebra 25 a\u00f1os con m\u00e1s de 22 millones de pasajeros transportados","datePublished":"2025-10-06T02:58:28+00:00","dateModified":"2025-10-06T23:51:37+00:00","mainEntityOfPage":{"@id":"https:\/\/nitu.mx\/index.php\/2025\/10\/05\/turibus-celebra-25-anos-con-mas-de-22-millones-de-pasajeros-transportados\/"},"wordCount":623,"publisher":{"@id":"https:\/\/nitu.mx\/#\/schema\/person\/ae7a53426417292d3dd07b45a33e01bc"},"image":{"@id":"https:\/\/nitu.mx\/index.php\/2025\/10\/05\/turibus-celebra-25-anos-con-mas-de-22-millones-de-pasajeros-transportados\/#primaryimage"},"thumbnailUrl":"https:\/\/nitu.mx\/wp-content\/uploads\/2025\/10\/Turibus-25-aniversario.jpg","keywords":["Mobility ADO","Turibus","V\u00edctor Cort\u00e9s"],"articleSection":["Destinos"],"inLanguage":"es-MX"},{"@type":"WebPage","@id":"https:\/\/nitu.mx\/index.php\/2025\/10\/05\/turibus-celebra-25-anos-con-mas-de-22-millones-de-pasajeros-transportados\/","url":"https:\/\/nitu.mx\/index.php\/2025\/10\/05\/turibus-celebra-25-anos-con-mas-de-22-millones-de-pasajeros-transportados\/","name":"Turibus celebra 25 a\u00f1os con m\u00e1s de 22 millones de pasajeros transportados - Nitu - Noticias de la Industria Turistica","isPartOf":{"@id":"https:\/\/nitu.mx\/#website"},"primaryImageOfPage":{"@id":"https:\/\/nitu.mx\/index.php\/2025\/10\/05\/turibus-celebra-25-anos-con-mas-de-22-millones-de-pasajeros-transportados\/#primaryimage"},"image":{"@id":"https:\/\/nitu.mx\/index.php\/2025\/10\/05\/turibus-celebra-25-anos-con-mas-de-22-millones-de-pasajeros-transportados\/#primaryimage"},"thumbnailUrl":"https:\/\/nitu.mx\/wp-content\/uploads\/2025\/10\/Turibus-25-aniversario.jpg","datePublished":"2025-10-06T02:58:28+00:00","dateModified":"2025-10-06T23:51:37+00:00","breadcrumb":{"@id":"https:\/\/nitu.mx\/index.php\/2025\/10\/05\/turibus-celebra-25-anos-con-mas-de-22-millones-de-pasajeros-transportados\/#breadcrumb"},"inLanguage":"es-MX","potentialAction":[{"@type":"ReadAction","target":["https:\/\/nitu.mx\/index.php\/2025\/10\/05\/turibus-celebra-25-anos-con-mas-de-22-millones-de-pasajeros-transportados\/"]}]},{"@type":"ImageObject","inLanguage":"es-MX","@id":"https:\/\/nitu.mx\/index.php\/2025\/10\/05\/turibus-celebra-25-anos-con-mas-de-22-millones-de-pasajeros-transportados\/#primaryimage","url":"https:\/\/nitu.mx\/wp-content\/uploads\/2025\/10\/Turibus-25-aniversario.jpg","contentUrl":"https:\/\/nitu.mx\/wp-content\/uploads\/2025\/10\/Turibus-25-aniversario.jpg","width":1200,"height":675,"caption":"Turibus 25 aniversario"},{"@type":"BreadcrumbList","@id":"https:\/\/nitu.mx\/index.php\/2025\/10\/05\/turibus-celebra-25-anos-con-mas-de-22-millones-de-pasajeros-transportados\/#breadcrumb","itemListElement":[{"@type":"ListItem","position":1,"name":"Inicio","item":"https:\/\/nitu.mx\/"},{"@type":"ListItem","position":2,"name":"Turibus celebra 25 a\u00f1os con m\u00e1s de 22 millones de pasajeros transportados"}]},{"@type":"WebSite","@id":"https:\/\/nitu.mx\/#website","url":"https:\/\/nitu.mx\/","name":"Nitu - Noticias de la Industria Turistica","description":"Noticias de la Industria Turistica","publisher":{"@id":"https:\/\/nitu.mx\/#\/schema\/person\/ae7a53426417292d3dd07b45a33e01bc"},"alternateName":"Noticias de la Industria Turistica","potentialAction":[{"@type":"SearchAction","target":{"@type":"EntryPoint","urlTemplate":"https:\/\/nitu.mx\/?s={search_term_string}"},"query-input":"required name=search_term_string"}],"inLanguage":"es-MX"},{"@type":["Person","Organization"],"@id":"https:\/\/nitu.mx\/#\/schema\/person\/ae7a53426417292d3dd07b45a33e01bc","name":"Arturo Medina","image":{"@type":"ImageObject","inLanguage":"es-MX","@id":"https:\/\/nitu.mx\/#\/schema\/person\/image\/","url":"https:\/\/nitu.mx\/wp-content\/uploads\/2024\/04\/4A315622-1904-4D5C-B022-878CDC840E04-90x90-1.jpeg","contentUrl":"https:\/\/nitu.mx\/wp-content\/uploads\/2024\/04\/4A315622-1904-4D5C-B022-878CDC840E04-90x90-1.jpeg","width":90,"height":90,"caption":"Arturo Medina"},"logo":{"@id":"https:\/\/nitu.mx\/#\/schema\/person\/image\/"},"description":"Director NITU.mx, Egresado de la Escuela de Periodismo Carlos Septi\u00e9n Garc\u00eda. Periodista y analista especializado en turismo desde hace 35 a\u00f1os, radicado en Canc\u00fan Q.Roo. arturo@nitu.mx","sameAs":["https:\/\/nitu.mx","https:\/\/www.facebook.com\/NITUmx\/","medinacancun","https:\/\/twitter.com\/@Arturo_Medina_G"]},{"@type":"Person","@id":"https:\/\/nitu.mx\/#\/schema\/person\/3df3082b5e46037e3f13614d28ee0b77","name":"Guadalupe Sixto","image":{"@type":"ImageObject","inLanguage":"es-MX","@id":"https:\/\/nitu.mx\/#\/schema\/person\/image\/","url":"https:\/\/secure.gravatar.com\/avatar\/13914e1b0e1919e91f9539de4dc584c4?s=96&d=mm&r=g","contentUrl":"https:\/\/secure.gravatar.com\/avatar\/13914e1b0e1919e91f9539de4dc584c4?s=96&d=mm&r=g","caption":"Guadalupe Sixto"},"url":"https:\/\/nitu.mx\/index.php\/author\/gsixto\/"}]}},"views":643,"_links":{"self":[{"href":"https:\/\/nitu.mx\/index.php\/wp-json\/wp\/v2\/posts\/83811"}],"collection":[{"href":"https:\/\/nitu.mx\/index.php\/wp-json\/wp\/v2\/posts"}],"about":[{"href":"https:\/\/nitu.mx\/index.php\/wp-json\/wp\/v2\/types\/post"}],"author":[{"embeddable":true,"href":"https:\/\/nitu.mx\/index.php\/wp-json\/wp\/v2\/users\/18"}],"replies":[{"embeddable":true,"href":"https:\/\/nitu.mx\/index.php\/wp-json\/wp\/v2\/comments?post=83811"}],"version-history":[{"count":3,"href":"https:\/\/nitu.mx\/index.php\/wp-json\/wp\/v2\/posts\/83811\/revisions"}],"predecessor-version":[{"id":83818,"href":"https:\/\/nitu.mx\/index.php\/wp-json\/wp\/v2\/posts\/83811\/revisions\/83818"}],"wp:featuredmedia":[{"embeddable":true,"href":"https:\/\/nitu.mx\/index.php\/wp-json\/wp\/v2\/media\/83817"}],"wp:attachment":[{"href":"https:\/\/nitu.mx\/index.php\/wp-json\/wp\/v2\/media?parent=83811"}],"wp:term":[{"taxonomy":"category","embeddable":true,"href":"https:\/\/nitu.mx\/index.php\/wp-json\/wp\/v2\/categories?post=83811"},{"taxonomy":"post_tag","embeddable":true,"href":"https:\/\/nitu.mx\/index.php\/wp-json\/wp\/v2\/tags?post=83811"}],"curies":[{"name":"wp","href":"https:\/\/api.w.org\/{rel}","templated":true}]}}