{"id":83782,"date":"2025-10-02T16:00:00","date_gmt":"2025-10-02T22:00:00","guid":{"rendered":"https:\/\/nitu.mx\/?p=83782"},"modified":"2025-10-02T15:45:16","modified_gmt":"2025-10-02T21:45:16","slug":"afac-emilio-avendano-es-el-nuevo-director-tras-escandalo-de-corrupcion-de-vallin-osuna","status":"publish","type":"post","link":"https:\/\/nitu.mx\/index.php\/2025\/10\/02\/afac-emilio-avendano-es-el-nuevo-director-tras-escandalo-de-corrupcion-de-vallin-osuna\/","title":{"rendered":"AFAC: Emilio Avenda\u00f1o es el nuevo director tras esc\u00e1ndalo de corrupci\u00f3n de Vall\u00edn Osuna"},"content":{"rendered":"\n<p>El secretario de Infraestructura, Comunicaciones y Transportes, Jes\u00fas Antonio Esteva Medina, design\u00f3 al General de Divisi\u00f3n Piloto Aviador de Estado Mayor Retirado, Emilio Avenda\u00f1o Garc\u00eda, como nuevo director de la Agencia Federal de Aviaci\u00f3n Civil (AFAC), quien sustituye al General Miguel Enrique Vallin Osuna, desde este primero de octubre, luego de los esc\u00e1ndalos de corrupci\u00f3n e ineficiencia operativa que pesan sobre \u00e9l.<\/p>\n\n\n\n<p>De acuerdo a diversos medios de comunicaci\u00f3n, funcionarios de diferentes rangos de la AFAC evidenciaron malas pr\u00e1cticas del ahora ex director, como el cobro indebido a empresas de aviaci\u00f3n para sortear evaluaciones y certificaciones, cuotas a los propios colaboradores de la agencia, adem\u00e1s de las evidentes fallas del organismo que afectan a la aviaci\u00f3n de M\u00e9xico. <\/p>\n\n\n\n<p>Por esta raz\u00f3n, la SICT designa ahora a otro militar el control de AFAC, Avenda\u00f1o Garc\u00eda, quien tiene m\u00e1s de cuarenta a\u00f1os de trayectoria; es Licenciado en Administraci\u00f3n Militar y tiene una Maestr\u00eda en Seguridad Nacional, Aplicaci\u00f3n y Adiestramiento T\u00e1ctico.<\/p>\n\n\n\n<p>Tambi\u00e9n fue comandante del Escuadr\u00f3n A\u00e9reo 204, en El Cipr\u00e9s, Baja California; comandante de la Base A\u00e9rea Militar No. 11, en Santa Gertrudis, Chihuahua, y comandante de la Regi\u00f3n A\u00e9rea del Centro, Santa Luc\u00eda, Estado de M\u00e9xico.<\/p>\n\n\n\n<p>Trabaj\u00f3 como profesor en la Escuela Superior de Guerra; fue agregado Militar y A\u00e9reo en la Embajada de M\u00e9xico en Gran Breta\u00f1a e Irlanda; jefe de la secci\u00f3n Pedag\u00f3gica en el Colegio del Aire de Zapopan, Jalisco; subdirector de la Escuela Militar de Aviaci\u00f3n, de Zapopan, Jalisco; director de la Escuela Militar de Especialistas de la Fuerza A\u00e9rea, de Zapopan, Jalisco, y subdirector del Colegio del Aire, de Zapopan, Jalisco.<\/p>\n\n\n\n<p>Adem\u00e1s de este cambio, la SICT tambi\u00e9n inform\u00f3 que en la Direcci\u00f3n General de Protecci\u00f3n y Medicina Preventiva en el Transporte (DGPMPT), Esteva Medina nombr\u00f3 a la Doctora en Derecho, Sonia Edith Jim\u00e9nez Hern\u00e1ndez.<\/p>\n\n\n\n<p>Jim\u00e9nez Hern\u00e1ndez es Licenciada en Derecho por la Universidad Nacional Aut\u00f3noma de M\u00e9xico (UNAM); cuenta adem\u00e1s con la Maestr\u00eda en Derecho Constitucional y Amparo, y la Maestr\u00eda de Gesti\u00f3n P\u00fablica y Derecho a la Buena Administraci\u00f3n.<\/p>\n\n\n\n<p>Tiene una especialidad en Gesti\u00f3n P\u00fablica y un diplomado en Mecanismos de Control Constitucional; fue coordinadora Jur\u00eddica de Transportes en la SICT; directora general Jur\u00eddica y Normativa, y coordinadora de Asuntos Contenciosos de la Secretar\u00eda de Obras y Servicios de la Ciudad de M\u00e9xico. (<a href=\"https:\/\/nitu.mx\/index.php\/2024\/12\/18\/afac-garantiza-atender-recomendaciones-para-mantener-estandares-de-seguridad\/\">AFAC garantiza atender recomendaciones para mantener est\u00e1ndares de seguridad<\/a>).<\/p>\n","protected":false},"excerpt":{"rendered":"<p>El secretario de Infraestructura, Comunicaciones y Transportes, Jes\u00fas Antonio Esteva Medina, design\u00f3 al General de Divisi\u00f3n Piloto Aviador de Estado Mayor Retirado, Emilio Avenda\u00f1o Garc\u00eda, como nuevo director de la Agencia Federal de Aviaci\u00f3n Civil (AFAC), quien sustituye al General Miguel Enrique Vallin Osuna, desde este primero de octubre, luego de los esc\u00e1ndalos de corrupci\u00f3n [&hellip;]<\/p>\n","protected":false},"author":17,"featured_media":8933,"comment_status":"closed","ping_status":"closed","sticky":false,"template":"","format":"standard","meta":{"footnotes":""},"categories":[29],"tags":[14341,27724,25252,23003],"yoast_head":"<!-- This site is optimized with the Yoast SEO plugin v22.2 - https:\/\/yoast.com\/wordpress\/plugins\/seo\/ -->\n<title>AFAC: Emilio Avenda\u00f1o es el nuevo director tras esc\u00e1ndalo de corrupci\u00f3n de Vall\u00edn Osuna - Nitu - Noticias de la Industria Turistica<\/title>\n<meta name=\"robots\" content=\"index, follow, max-snippet:-1, max-image-preview:large, max-video-preview:-1\" \/>\n<link rel=\"canonical\" href=\"https:\/\/nitu.mx\/index.php\/2025\/10\/02\/afac-emilio-avendano-es-el-nuevo-director-tras-escandalo-de-corrupcion-de-vallin-osuna\/\" \/>\n<meta name=\"twitter:card\" content=\"summary_large_image\" \/>\n<meta name=\"twitter:title\" content=\"AFAC: Emilio Avenda\u00f1o es el nuevo director tras esc\u00e1ndalo de corrupci\u00f3n de Vall\u00edn Osuna - Nitu - Noticias de la Industria Turistica\" \/>\n<meta name=\"twitter:description\" content=\"El secretario de Infraestructura, Comunicaciones y Transportes, Jes\u00fas Antonio Esteva Medina, design\u00f3 al General de Divisi\u00f3n Piloto Aviador de Estado Mayor Retirado, Emilio Avenda\u00f1o Garc\u00eda, como nuevo director de la Agencia Federal de Aviaci\u00f3n Civil (AFAC), quien sustituye al General Miguel Enrique Vallin Osuna, desde este primero de octubre, luego de los esc\u00e1ndalos de corrupci\u00f3n [&hellip;]\" \/>\n<meta name=\"twitter:image\" content=\"https:\/\/nitu.mx\/wp-content\/uploads\/2017\/04\/Aviaci\u00f3n.jpg\" \/>\n<meta name=\"twitter:creator\" content=\"@NITUmx\" \/>\n<meta name=\"twitter:site\" content=\"@Arturo_Medina_G\" \/>\n<meta name=\"twitter:label1\" content=\"Escrito por\" \/>\n\t<meta name=\"twitter:data1\" content=\"Redacci\u00f3n\" \/>\n\t<meta name=\"twitter:label2\" content=\"Tiempo de lectura\" \/>\n\t<meta name=\"twitter:data2\" content=\"2 minutos\" \/>\n<script type=\"application\/ld+json\" class=\"yoast-schema-graph\">{\"@context\":\"https:\/\/schema.org\",\"@graph\":[{\"@type\":\"Article\",\"@id\":\"https:\/\/nitu.mx\/index.php\/2025\/10\/02\/afac-emilio-avendano-es-el-nuevo-director-tras-escandalo-de-corrupcion-de-vallin-osuna\/#article\",\"isPartOf\":{\"@id\":\"https:\/\/nitu.mx\/index.php\/2025\/10\/02\/afac-emilio-avendano-es-el-nuevo-director-tras-escandalo-de-corrupcion-de-vallin-osuna\/\"},\"author\":{\"name\":\"Redacci\u00f3n\",\"@id\":\"https:\/\/nitu.mx\/#\/schema\/person\/4a28fe9bd65924f7c90623773daf1b0b\"},\"headline\":\"AFAC: Emilio Avenda\u00f1o es el nuevo director tras esc\u00e1ndalo de corrupci\u00f3n de Vall\u00edn Osuna\",\"datePublished\":\"2025-10-02T22:00:00+00:00\",\"dateModified\":\"2025-10-02T21:45:16+00:00\",\"mainEntityOfPage\":{\"@id\":\"https:\/\/nitu.mx\/index.php\/2025\/10\/02\/afac-emilio-avendano-es-el-nuevo-director-tras-escandalo-de-corrupcion-de-vallin-osuna\/\"},\"wordCount\":465,\"publisher\":{\"@id\":\"https:\/\/nitu.mx\/#\/schema\/person\/ae7a53426417292d3dd07b45a33e01bc\"},\"image\":{\"@id\":\"https:\/\/nitu.mx\/index.php\/2025\/10\/02\/afac-emilio-avendano-es-el-nuevo-director-tras-escandalo-de-corrupcion-de-vallin-osuna\/#primaryimage\"},\"thumbnailUrl\":\"https:\/\/nitu.mx\/wp-content\/uploads\/2017\/04\/Aviaci\u00f3n.jpg\",\"keywords\":[\"AFAC\",\"Emilio Avenda\u00f1o\",\"Enrique Vall\u00edn\",\"SICT\"],\"articleSection\":[\"Aerol\u00edneas\"],\"inLanguage\":\"es-MX\"},{\"@type\":\"WebPage\",\"@id\":\"https:\/\/nitu.mx\/index.php\/2025\/10\/02\/afac-emilio-avendano-es-el-nuevo-director-tras-escandalo-de-corrupcion-de-vallin-osuna\/\",\"url\":\"https:\/\/nitu.mx\/index.php\/2025\/10\/02\/afac-emilio-avendano-es-el-nuevo-director-tras-escandalo-de-corrupcion-de-vallin-osuna\/\",\"name\":\"AFAC: Emilio Avenda\u00f1o es el nuevo director tras esc\u00e1ndalo de corrupci\u00f3n de Vall\u00edn Osuna - Nitu - Noticias de la Industria Turistica\",\"isPartOf\":{\"@id\":\"https:\/\/nitu.mx\/#website\"},\"primaryImageOfPage\":{\"@id\":\"https:\/\/nitu.mx\/index.php\/2025\/10\/02\/afac-emilio-avendano-es-el-nuevo-director-tras-escandalo-de-corrupcion-de-vallin-osuna\/#primaryimage\"},\"image\":{\"@id\":\"https:\/\/nitu.mx\/index.php\/2025\/10\/02\/afac-emilio-avendano-es-el-nuevo-director-tras-escandalo-de-corrupcion-de-vallin-osuna\/#primaryimage\"},\"thumbnailUrl\":\"https:\/\/nitu.mx\/wp-content\/uploads\/2017\/04\/Aviaci\u00f3n.jpg\",\"datePublished\":\"2025-10-02T22:00:00+00:00\",\"dateModified\":\"2025-10-02T21:45:16+00:00\",\"breadcrumb\":{\"@id\":\"https:\/\/nitu.mx\/index.php\/2025\/10\/02\/afac-emilio-avendano-es-el-nuevo-director-tras-escandalo-de-corrupcion-de-vallin-osuna\/#breadcrumb\"},\"inLanguage\":\"es-MX\",\"potentialAction\":[{\"@type\":\"ReadAction\",\"target\":[\"https:\/\/nitu.mx\/index.php\/2025\/10\/02\/afac-emilio-avendano-es-el-nuevo-director-tras-escandalo-de-corrupcion-de-vallin-osuna\/\"]}]},{\"@type\":\"ImageObject\",\"inLanguage\":\"es-MX\",\"@id\":\"https:\/\/nitu.mx\/index.php\/2025\/10\/02\/afac-emilio-avendano-es-el-nuevo-director-tras-escandalo-de-corrupcion-de-vallin-osuna\/#primaryimage\",\"url\":\"https:\/\/nitu.mx\/wp-content\/uploads\/2017\/04\/Aviaci\u00f3n.jpg\",\"contentUrl\":\"https:\/\/nitu.mx\/wp-content\/uploads\/2017\/04\/Aviaci\u00f3n.jpg\",\"width\":850,\"height\":480,\"caption\":\"aviaci\u00f3n inversi\u00f3n extranjera Guevara sobreventa IATA\"},{\"@type\":\"BreadcrumbList\",\"@id\":\"https:\/\/nitu.mx\/index.php\/2025\/10\/02\/afac-emilio-avendano-es-el-nuevo-director-tras-escandalo-de-corrupcion-de-vallin-osuna\/#breadcrumb\",\"itemListElement\":[{\"@type\":\"ListItem\",\"position\":1,\"name\":\"Inicio\",\"item\":\"https:\/\/nitu.mx\/\"},{\"@type\":\"ListItem\",\"position\":2,\"name\":\"AFAC: Emilio Avenda\u00f1o es el nuevo director tras esc\u00e1ndalo de corrupci\u00f3n de Vall\u00edn Osuna\"}]},{\"@type\":\"WebSite\",\"@id\":\"https:\/\/nitu.mx\/#website\",\"url\":\"https:\/\/nitu.mx\/\",\"name\":\"Nitu - Noticias de la Industria Turistica\",\"description\":\"Noticias de la Industria Turistica\",\"publisher\":{\"@id\":\"https:\/\/nitu.mx\/#\/schema\/person\/ae7a53426417292d3dd07b45a33e01bc\"},\"alternateName\":\"Noticias de la Industria Turistica\",\"potentialAction\":[{\"@type\":\"SearchAction\",\"target\":{\"@type\":\"EntryPoint\",\"urlTemplate\":\"https:\/\/nitu.mx\/?s={search_term_string}\"},\"query-input\":\"required name=search_term_string\"}],\"inLanguage\":\"es-MX\"},{\"@type\":[\"Person\",\"Organization\"],\"@id\":\"https:\/\/nitu.mx\/#\/schema\/person\/ae7a53426417292d3dd07b45a33e01bc\",\"name\":\"Arturo Medina\",\"image\":{\"@type\":\"ImageObject\",\"inLanguage\":\"es-MX\",\"@id\":\"https:\/\/nitu.mx\/#\/schema\/person\/image\/\",\"url\":\"https:\/\/nitu.mx\/wp-content\/uploads\/2024\/04\/4A315622-1904-4D5C-B022-878CDC840E04-90x90-1.jpeg\",\"contentUrl\":\"https:\/\/nitu.mx\/wp-content\/uploads\/2024\/04\/4A315622-1904-4D5C-B022-878CDC840E04-90x90-1.jpeg\",\"width\":90,\"height\":90,\"caption\":\"Arturo Medina\"},\"logo\":{\"@id\":\"https:\/\/nitu.mx\/#\/schema\/person\/image\/\"},\"description\":\"Director NITU.mx, Egresado de la Escuela de Periodismo Carlos Septi\u00e9n Garc\u00eda. Periodista y analista especializado en turismo desde hace 35 a\u00f1os, radicado en Canc\u00fan Q.Roo. arturo@nitu.mx\",\"sameAs\":[\"https:\/\/nitu.mx\",\"https:\/\/www.facebook.com\/NITUmx\/\",\"medinacancun\",\"https:\/\/twitter.com\/@Arturo_Medina_G\"]},{\"@type\":\"Person\",\"@id\":\"https:\/\/nitu.mx\/#\/schema\/person\/4a28fe9bd65924f7c90623773daf1b0b\",\"name\":\"Redacci\u00f3n\",\"image\":{\"@type\":\"ImageObject\",\"inLanguage\":\"es-MX\",\"@id\":\"https:\/\/nitu.mx\/#\/schema\/person\/image\/\",\"url\":\"https:\/\/secure.gravatar.com\/avatar\/5dd011c8ccfc5cd7e4c81e42252aab38?s=96&d=mm&r=g\",\"contentUrl\":\"https:\/\/secure.gravatar.com\/avatar\/5dd011c8ccfc5cd7e4c81e42252aab38?s=96&d=mm&r=g\",\"caption\":\"Redacci\u00f3n\"},\"url\":\"https:\/\/nitu.mx\/index.php\/author\/redaccion\/\"}]}<\/script>\n<!-- \/ Yoast SEO plugin. -->","yoast_head_json":{"title":"AFAC: Emilio Avenda\u00f1o es el nuevo director tras esc\u00e1ndalo de corrupci\u00f3n de Vall\u00edn Osuna - Nitu - Noticias de la Industria Turistica","robots":{"index":"index","follow":"follow","max-snippet":"max-snippet:-1","max-image-preview":"max-image-preview:large","max-video-preview":"max-video-preview:-1"},"canonical":"https:\/\/nitu.mx\/index.php\/2025\/10\/02\/afac-emilio-avendano-es-el-nuevo-director-tras-escandalo-de-corrupcion-de-vallin-osuna\/","twitter_card":"summary_large_image","twitter_title":"AFAC: Emilio Avenda\u00f1o es el nuevo director tras esc\u00e1ndalo de corrupci\u00f3n de Vall\u00edn Osuna - Nitu - Noticias de la Industria Turistica","twitter_description":"El secretario de Infraestructura, Comunicaciones y Transportes, Jes\u00fas Antonio Esteva Medina, design\u00f3 al General de Divisi\u00f3n Piloto Aviador de Estado Mayor Retirado, Emilio Avenda\u00f1o Garc\u00eda, como nuevo director de la Agencia Federal de Aviaci\u00f3n Civil (AFAC), quien sustituye al General Miguel Enrique Vallin Osuna, desde este primero de octubre, luego de los esc\u00e1ndalos de corrupci\u00f3n [&hellip;]","twitter_image":"https:\/\/nitu.mx\/wp-content\/uploads\/2017\/04\/Aviaci\u00f3n.jpg","twitter_creator":"@NITUmx","twitter_site":"@Arturo_Medina_G","twitter_misc":{"Escrito por":"Redacci\u00f3n","Tiempo de lectura":"2 minutos"},"schema":{"@context":"https:\/\/schema.org","@graph":[{"@type":"Article","@id":"https:\/\/nitu.mx\/index.php\/2025\/10\/02\/afac-emilio-avendano-es-el-nuevo-director-tras-escandalo-de-corrupcion-de-vallin-osuna\/#article","isPartOf":{"@id":"https:\/\/nitu.mx\/index.php\/2025\/10\/02\/afac-emilio-avendano-es-el-nuevo-director-tras-escandalo-de-corrupcion-de-vallin-osuna\/"},"author":{"name":"Redacci\u00f3n","@id":"https:\/\/nitu.mx\/#\/schema\/person\/4a28fe9bd65924f7c90623773daf1b0b"},"headline":"AFAC: Emilio Avenda\u00f1o es el nuevo director tras esc\u00e1ndalo de corrupci\u00f3n de Vall\u00edn Osuna","datePublished":"2025-10-02T22:00:00+00:00","dateModified":"2025-10-02T21:45:16+00:00","mainEntityOfPage":{"@id":"https:\/\/nitu.mx\/index.php\/2025\/10\/02\/afac-emilio-avendano-es-el-nuevo-director-tras-escandalo-de-corrupcion-de-vallin-osuna\/"},"wordCount":465,"publisher":{"@id":"https:\/\/nitu.mx\/#\/schema\/person\/ae7a53426417292d3dd07b45a33e01bc"},"image":{"@id":"https:\/\/nitu.mx\/index.php\/2025\/10\/02\/afac-emilio-avendano-es-el-nuevo-director-tras-escandalo-de-corrupcion-de-vallin-osuna\/#primaryimage"},"thumbnailUrl":"https:\/\/nitu.mx\/wp-content\/uploads\/2017\/04\/Aviaci\u00f3n.jpg","keywords":["AFAC","Emilio Avenda\u00f1o","Enrique Vall\u00edn","SICT"],"articleSection":["Aerol\u00edneas"],"inLanguage":"es-MX"},{"@type":"WebPage","@id":"https:\/\/nitu.mx\/index.php\/2025\/10\/02\/afac-emilio-avendano-es-el-nuevo-director-tras-escandalo-de-corrupcion-de-vallin-osuna\/","url":"https:\/\/nitu.mx\/index.php\/2025\/10\/02\/afac-emilio-avendano-es-el-nuevo-director-tras-escandalo-de-corrupcion-de-vallin-osuna\/","name":"AFAC: Emilio Avenda\u00f1o es el nuevo director tras esc\u00e1ndalo de corrupci\u00f3n de Vall\u00edn Osuna - Nitu - Noticias de la Industria Turistica","isPartOf":{"@id":"https:\/\/nitu.mx\/#website"},"primaryImageOfPage":{"@id":"https:\/\/nitu.mx\/index.php\/2025\/10\/02\/afac-emilio-avendano-es-el-nuevo-director-tras-escandalo-de-corrupcion-de-vallin-osuna\/#primaryimage"},"image":{"@id":"https:\/\/nitu.mx\/index.php\/2025\/10\/02\/afac-emilio-avendano-es-el-nuevo-director-tras-escandalo-de-corrupcion-de-vallin-osuna\/#primaryimage"},"thumbnailUrl":"https:\/\/nitu.mx\/wp-content\/uploads\/2017\/04\/Aviaci\u00f3n.jpg","datePublished":"2025-10-02T22:00:00+00:00","dateModified":"2025-10-02T21:45:16+00:00","breadcrumb":{"@id":"https:\/\/nitu.mx\/index.php\/2025\/10\/02\/afac-emilio-avendano-es-el-nuevo-director-tras-escandalo-de-corrupcion-de-vallin-osuna\/#breadcrumb"},"inLanguage":"es-MX","potentialAction":[{"@type":"ReadAction","target":["https:\/\/nitu.mx\/index.php\/2025\/10\/02\/afac-emilio-avendano-es-el-nuevo-director-tras-escandalo-de-corrupcion-de-vallin-osuna\/"]}]},{"@type":"ImageObject","inLanguage":"es-MX","@id":"https:\/\/nitu.mx\/index.php\/2025\/10\/02\/afac-emilio-avendano-es-el-nuevo-director-tras-escandalo-de-corrupcion-de-vallin-osuna\/#primaryimage","url":"https:\/\/nitu.mx\/wp-content\/uploads\/2017\/04\/Aviaci\u00f3n.jpg","contentUrl":"https:\/\/nitu.mx\/wp-content\/uploads\/2017\/04\/Aviaci\u00f3n.jpg","width":850,"height":480,"caption":"aviaci\u00f3n inversi\u00f3n extranjera Guevara sobreventa IATA"},{"@type":"BreadcrumbList","@id":"https:\/\/nitu.mx\/index.php\/2025\/10\/02\/afac-emilio-avendano-es-el-nuevo-director-tras-escandalo-de-corrupcion-de-vallin-osuna\/#breadcrumb","itemListElement":[{"@type":"ListItem","position":1,"name":"Inicio","item":"https:\/\/nitu.mx\/"},{"@type":"ListItem","position":2,"name":"AFAC: Emilio Avenda\u00f1o es el nuevo director tras esc\u00e1ndalo de corrupci\u00f3n de Vall\u00edn Osuna"}]},{"@type":"WebSite","@id":"https:\/\/nitu.mx\/#website","url":"https:\/\/nitu.mx\/","name":"Nitu - Noticias de la Industria Turistica","description":"Noticias de la Industria Turistica","publisher":{"@id":"https:\/\/nitu.mx\/#\/schema\/person\/ae7a53426417292d3dd07b45a33e01bc"},"alternateName":"Noticias de la Industria Turistica","potentialAction":[{"@type":"SearchAction","target":{"@type":"EntryPoint","urlTemplate":"https:\/\/nitu.mx\/?s={search_term_string}"},"query-input":"required name=search_term_string"}],"inLanguage":"es-MX"},{"@type":["Person","Organization"],"@id":"https:\/\/nitu.mx\/#\/schema\/person\/ae7a53426417292d3dd07b45a33e01bc","name":"Arturo Medina","image":{"@type":"ImageObject","inLanguage":"es-MX","@id":"https:\/\/nitu.mx\/#\/schema\/person\/image\/","url":"https:\/\/nitu.mx\/wp-content\/uploads\/2024\/04\/4A315622-1904-4D5C-B022-878CDC840E04-90x90-1.jpeg","contentUrl":"https:\/\/nitu.mx\/wp-content\/uploads\/2024\/04\/4A315622-1904-4D5C-B022-878CDC840E04-90x90-1.jpeg","width":90,"height":90,"caption":"Arturo Medina"},"logo":{"@id":"https:\/\/nitu.mx\/#\/schema\/person\/image\/"},"description":"Director NITU.mx, Egresado de la Escuela de Periodismo Carlos Septi\u00e9n Garc\u00eda. Periodista y analista especializado en turismo desde hace 35 a\u00f1os, radicado en Canc\u00fan Q.Roo. arturo@nitu.mx","sameAs":["https:\/\/nitu.mx","https:\/\/www.facebook.com\/NITUmx\/","medinacancun","https:\/\/twitter.com\/@Arturo_Medina_G"]},{"@type":"Person","@id":"https:\/\/nitu.mx\/#\/schema\/person\/4a28fe9bd65924f7c90623773daf1b0b","name":"Redacci\u00f3n","image":{"@type":"ImageObject","inLanguage":"es-MX","@id":"https:\/\/nitu.mx\/#\/schema\/person\/image\/","url":"https:\/\/secure.gravatar.com\/avatar\/5dd011c8ccfc5cd7e4c81e42252aab38?s=96&d=mm&r=g","contentUrl":"https:\/\/secure.gravatar.com\/avatar\/5dd011c8ccfc5cd7e4c81e42252aab38?s=96&d=mm&r=g","caption":"Redacci\u00f3n"},"url":"https:\/\/nitu.mx\/index.php\/author\/redaccion\/"}]}},"views":607,"_links":{"self":[{"href":"https:\/\/nitu.mx\/index.php\/wp-json\/wp\/v2\/posts\/83782"}],"collection":[{"href":"https:\/\/nitu.mx\/index.php\/wp-json\/wp\/v2\/posts"}],"about":[{"href":"https:\/\/nitu.mx\/index.php\/wp-json\/wp\/v2\/types\/post"}],"author":[{"embeddable":true,"href":"https:\/\/nitu.mx\/index.php\/wp-json\/wp\/v2\/users\/17"}],"replies":[{"embeddable":true,"href":"https:\/\/nitu.mx\/index.php\/wp-json\/wp\/v2\/comments?post=83782"}],"version-history":[{"count":1,"href":"https:\/\/nitu.mx\/index.php\/wp-json\/wp\/v2\/posts\/83782\/revisions"}],"predecessor-version":[{"id":83784,"href":"https:\/\/nitu.mx\/index.php\/wp-json\/wp\/v2\/posts\/83782\/revisions\/83784"}],"wp:featuredmedia":[{"embeddable":true,"href":"https:\/\/nitu.mx\/index.php\/wp-json\/wp\/v2\/media\/8933"}],"wp:attachment":[{"href":"https:\/\/nitu.mx\/index.php\/wp-json\/wp\/v2\/media?parent=83782"}],"wp:term":[{"taxonomy":"category","embeddable":true,"href":"https:\/\/nitu.mx\/index.php\/wp-json\/wp\/v2\/categories?post=83782"},{"taxonomy":"post_tag","embeddable":true,"href":"https:\/\/nitu.mx\/index.php\/wp-json\/wp\/v2\/tags?post=83782"}],"curies":[{"name":"wp","href":"https:\/\/api.w.org\/{rel}","templated":true}]}}