{"id":83775,"date":"2025-10-02T14:03:27","date_gmt":"2025-10-02T20:03:27","guid":{"rendered":"https:\/\/nitu.mx\/?p=83775"},"modified":"2025-10-02T14:03:28","modified_gmt":"2025-10-02T20:03:28","slug":"gasto-de-visitantes-extranjeros-en-mexico-crece-5-durante-el-verano","status":"publish","type":"post","link":"https:\/\/nitu.mx\/index.php\/2025\/10\/02\/gasto-de-visitantes-extranjeros-en-mexico-crece-5-durante-el-verano\/","title":{"rendered":"Gasto de visitantes extranjeros en M\u00e9xico crece 5% durante el verano"},"content":{"rendered":"\n<p>Seg\u00fan un an\u00e1lisis sobre la temporada de Vacaciones de Verano 2025, realizado por el equipo de consultor\u00eda de Visa, Visa Consulting &amp; Analytics, se reporta un crecimiento de casi el 5 por ciento en el gasto tur\u00edstico extranjero, cifra mayor respecto al mismo periodo de 2024. Este estudio se efect\u00faa dentro del Convenio de Colaboraci\u00f3n vigente entre la Secretar\u00eda de Turismo y Visa, en cual se analiz\u00f3 el volumen y el n\u00famero de transacciones realizadas con tarjetas Visa de extranjeros en M\u00e9xico, en el periodo comprendido del 30 de junio al 31 de agosto.<\/p>\n\n\n\n<p>Al respecto, la secretaria de Turismo federal, Josefina Rodr\u00edguez Zamora, inform\u00f3 que este crecimiento confirma una mejor\u00eda en sectores clave como el hospedaje y los restaurantes, reflejo de una tendencia positiva en el gasto tur\u00edstico en M\u00e9xico.<\/p>\n\n\n\n<p>\u201cEstos resultados reflejan no s\u00f3lo el dinamismo del turismo internacional en M\u00e9xico, sino tambi\u00e9n una creciente adopci\u00f3n de pagos digitales que facilitan y agilizan la experiencia de los visitantes\u201d, subray\u00f3.<\/p>\n\n\n\n<p>A\u00f1adi\u00f3 que los destinos que encabezaron el gasto de visitantes extranjeros fueron Ciudad de M\u00e9xico y Riviera Maya, mientras que Tijuana y Los Cabos presentaron el mayor el crecimiento en gasto frente al a\u00f1o pasado, con incrementos superiores al 20 y 15 por ciento, respectivamente.<\/p>\n\n\n\n<p>\u201cLa colaboraci\u00f3n con Visa nos permite contar con informaci\u00f3n estrat\u00e9gica para dise\u00f1ar pol\u00edticas p\u00fablicas que impulsen una mayor derrama econ\u00f3mica en beneficio de las comunidades receptoras, en l\u00ednea con la visi\u00f3n de desarrollo regional y Prosperidad Compartida que impulsa la Presidenta Claudia Sheinbaum Pardo\u201d, afirm\u00f3.<\/p>\n\n\n\n<p>Rodr\u00edguez Zamora detall\u00f3 que el gasto con tarjetas de cr\u00e9dito aument\u00f3 casi un 10 por ciento y con d\u00e9bito alrededor del 5 por ciento, mientras que las principales categor\u00edas de gasto fueron restaurantes, hospedaje y gastos m\u00e9dicos, con incrementos cercanos al 10 por ciento, respecto la misma temporada del a\u00f1o anterior. Adem\u00e1s, el uso de pagos sin contacto creci\u00f3 alrededor del 105 por ciento durante esta temporada vacacional.<\/p>\n\n\n\n<p>Asimismo, inform\u00f3 que los visitantes provenientes de Estados Unidos, Colombia y Canad\u00e1 encabezaron el gasto de la temporada, con aumentos superiores al 5 por ciento en su gasto frente al a\u00f1o anterior.<\/p>\n\n\n\n<p>La Secretar\u00eda de Turismo y Visa continuar\u00e1n trabajando conjuntamente para promover el uso de pagos digitales en M\u00e9xico como herramienta para fortalecer la competitividad del sector tur\u00edstico. La meta es que cada visitante viva una experiencia segura y confiable, que a la vez contribuya al desarrollo regional y a la Prosperidad Compartida.<\/p>\n\n\n\n<p>Por su parte, el director general de Visa M\u00e9xico, Francisco Valdivia se\u00f1al\u00f3 que \u201cesta colaboraci\u00f3n con la Secretar\u00eda de Turismo permite identificar tendencias y mejorar las experiencias de pago para los viajeros internacionales, favoreciendo as\u00ed la adopci\u00f3n de pagos digitales y el crecimiento del turismo en el pa\u00eds\u201d.<\/p>\n\n\n\n<p>Este esfuerzo conjunto reafirma el compromiso del Gobierno de M\u00e9xico y del sector privado para impulsar un turismo m\u00e1s competitivo, incluyente y sostenible, fortaleciendo la imagen del pa\u00eds como uno de los principales destinos a nivel mundial. (<a href=\"https:\/\/nitu.mx\/index.php\/2025\/09\/02\/mexico-supera-expectativas-de-verano-con-829-mil-millones-de-pesos-por-turismo\/\">M\u00e9xico supera expectativas de verano con 829 mil millones de pesos por turismo<\/a>).<\/p>\n","protected":false},"excerpt":{"rendered":"<p>Seg\u00fan un an\u00e1lisis sobre la temporada de Vacaciones de Verano 2025, realizado por el equipo de consultor\u00eda de Visa, Visa Consulting &amp; Analytics, se reporta un crecimiento de casi el 5 por ciento en el gasto tur\u00edstico extranjero, cifra mayor respecto al mismo periodo de 2024. Este estudio se efect\u00faa dentro del Convenio de Colaboraci\u00f3n [&hellip;]<\/p>\n","protected":false},"author":17,"featured_media":83553,"comment_status":"closed","ping_status":"closed","sticky":false,"template":"","format":"standard","meta":{"footnotes":""},"categories":[12],"tags":[587,27722,25659,80,93],"yoast_head":"<!-- This site is optimized with the Yoast SEO plugin v22.2 - https:\/\/yoast.com\/wordpress\/plugins\/seo\/ -->\n<title>Gasto de visitantes extranjeros en M\u00e9xico crece 5% durante el verano - Nitu - Noticias de la Industria Turistica<\/title>\n<meta name=\"robots\" content=\"index, follow, max-snippet:-1, max-image-preview:large, max-video-preview:-1\" \/>\n<link rel=\"canonical\" href=\"https:\/\/nitu.mx\/index.php\/2025\/10\/02\/gasto-de-visitantes-extranjeros-en-mexico-crece-5-durante-el-verano\/\" \/>\n<meta name=\"twitter:card\" content=\"summary_large_image\" \/>\n<meta name=\"twitter:title\" content=\"Gasto de visitantes extranjeros en M\u00e9xico crece 5% durante el verano - Nitu - Noticias de la Industria Turistica\" \/>\n<meta name=\"twitter:description\" content=\"Seg\u00fan un an\u00e1lisis sobre la temporada de Vacaciones de Verano 2025, realizado por el equipo de consultor\u00eda de Visa, Visa Consulting &amp; Analytics, se reporta un crecimiento de casi el 5 por ciento en el gasto tur\u00edstico extranjero, cifra mayor respecto al mismo periodo de 2024. Este estudio se efect\u00faa dentro del Convenio de Colaboraci\u00f3n [&hellip;]\" \/>\n<meta name=\"twitter:image\" content=\"https:\/\/nitu.mx\/wp-content\/uploads\/2025\/09\/Cancun-turistas-playa-inversion-turistica.jpg\" \/>\n<meta name=\"twitter:creator\" content=\"@NITUmx\" \/>\n<meta name=\"twitter:site\" content=\"@Arturo_Medina_G\" \/>\n<meta name=\"twitter:label1\" content=\"Escrito por\" \/>\n\t<meta name=\"twitter:data1\" content=\"Redacci\u00f3n\" \/>\n\t<meta name=\"twitter:label2\" content=\"Tiempo de lectura\" \/>\n\t<meta name=\"twitter:data2\" content=\"3 minutos\" \/>\n<script type=\"application\/ld+json\" class=\"yoast-schema-graph\">{\"@context\":\"https:\/\/schema.org\",\"@graph\":[{\"@type\":\"Article\",\"@id\":\"https:\/\/nitu.mx\/index.php\/2025\/10\/02\/gasto-de-visitantes-extranjeros-en-mexico-crece-5-durante-el-verano\/#article\",\"isPartOf\":{\"@id\":\"https:\/\/nitu.mx\/index.php\/2025\/10\/02\/gasto-de-visitantes-extranjeros-en-mexico-crece-5-durante-el-verano\/\"},\"author\":{\"name\":\"Redacci\u00f3n\",\"@id\":\"https:\/\/nitu.mx\/#\/schema\/person\/4a28fe9bd65924f7c90623773daf1b0b\"},\"headline\":\"Gasto de visitantes extranjeros en M\u00e9xico crece 5% durante el verano\",\"datePublished\":\"2025-10-02T20:03:27+00:00\",\"dateModified\":\"2025-10-02T20:03:28+00:00\",\"mainEntityOfPage\":{\"@id\":\"https:\/\/nitu.mx\/index.php\/2025\/10\/02\/gasto-de-visitantes-extranjeros-en-mexico-crece-5-durante-el-verano\/\"},\"wordCount\":550,\"publisher\":{\"@id\":\"https:\/\/nitu.mx\/#\/schema\/person\/ae7a53426417292d3dd07b45a33e01bc\"},\"image\":{\"@id\":\"https:\/\/nitu.mx\/index.php\/2025\/10\/02\/gasto-de-visitantes-extranjeros-en-mexico-crece-5-durante-el-verano\/#primaryimage\"},\"thumbnailUrl\":\"https:\/\/nitu.mx\/wp-content\/uploads\/2025\/09\/Cancun-turistas-playa-inversion-turistica.jpg\",\"keywords\":[\"CDMX\",\"gasto tur\u00edstico\",\"Josefina Rodr\u00edguez\",\"Riviera Maya\",\"Sectur\"],\"articleSection\":[\"Marketing\"],\"inLanguage\":\"es-MX\"},{\"@type\":\"WebPage\",\"@id\":\"https:\/\/nitu.mx\/index.php\/2025\/10\/02\/gasto-de-visitantes-extranjeros-en-mexico-crece-5-durante-el-verano\/\",\"url\":\"https:\/\/nitu.mx\/index.php\/2025\/10\/02\/gasto-de-visitantes-extranjeros-en-mexico-crece-5-durante-el-verano\/\",\"name\":\"Gasto de visitantes extranjeros en M\u00e9xico crece 5% durante el verano - Nitu - Noticias de la Industria Turistica\",\"isPartOf\":{\"@id\":\"https:\/\/nitu.mx\/#website\"},\"primaryImageOfPage\":{\"@id\":\"https:\/\/nitu.mx\/index.php\/2025\/10\/02\/gasto-de-visitantes-extranjeros-en-mexico-crece-5-durante-el-verano\/#primaryimage\"},\"image\":{\"@id\":\"https:\/\/nitu.mx\/index.php\/2025\/10\/02\/gasto-de-visitantes-extranjeros-en-mexico-crece-5-durante-el-verano\/#primaryimage\"},\"thumbnailUrl\":\"https:\/\/nitu.mx\/wp-content\/uploads\/2025\/09\/Cancun-turistas-playa-inversion-turistica.jpg\",\"datePublished\":\"2025-10-02T20:03:27+00:00\",\"dateModified\":\"2025-10-02T20:03:28+00:00\",\"breadcrumb\":{\"@id\":\"https:\/\/nitu.mx\/index.php\/2025\/10\/02\/gasto-de-visitantes-extranjeros-en-mexico-crece-5-durante-el-verano\/#breadcrumb\"},\"inLanguage\":\"es-MX\",\"potentialAction\":[{\"@type\":\"ReadAction\",\"target\":[\"https:\/\/nitu.mx\/index.php\/2025\/10\/02\/gasto-de-visitantes-extranjeros-en-mexico-crece-5-durante-el-verano\/\"]}]},{\"@type\":\"ImageObject\",\"inLanguage\":\"es-MX\",\"@id\":\"https:\/\/nitu.mx\/index.php\/2025\/10\/02\/gasto-de-visitantes-extranjeros-en-mexico-crece-5-durante-el-verano\/#primaryimage\",\"url\":\"https:\/\/nitu.mx\/wp-content\/uploads\/2025\/09\/Cancun-turistas-playa-inversion-turistica.jpg\",\"contentUrl\":\"https:\/\/nitu.mx\/wp-content\/uploads\/2025\/09\/Cancun-turistas-playa-inversion-turistica.jpg\",\"width\":1200,\"height\":675,\"caption\":\"Canc\u00fan turistas playa inversi\u00f3n tur\u00edstica\"},{\"@type\":\"BreadcrumbList\",\"@id\":\"https:\/\/nitu.mx\/index.php\/2025\/10\/02\/gasto-de-visitantes-extranjeros-en-mexico-crece-5-durante-el-verano\/#breadcrumb\",\"itemListElement\":[{\"@type\":\"ListItem\",\"position\":1,\"name\":\"Inicio\",\"item\":\"https:\/\/nitu.mx\/\"},{\"@type\":\"ListItem\",\"position\":2,\"name\":\"Gasto de visitantes extranjeros en M\u00e9xico crece 5% durante el verano\"}]},{\"@type\":\"WebSite\",\"@id\":\"https:\/\/nitu.mx\/#website\",\"url\":\"https:\/\/nitu.mx\/\",\"name\":\"Nitu - Noticias de la Industria Turistica\",\"description\":\"Noticias de la Industria Turistica\",\"publisher\":{\"@id\":\"https:\/\/nitu.mx\/#\/schema\/person\/ae7a53426417292d3dd07b45a33e01bc\"},\"alternateName\":\"Noticias de la Industria Turistica\",\"potentialAction\":[{\"@type\":\"SearchAction\",\"target\":{\"@type\":\"EntryPoint\",\"urlTemplate\":\"https:\/\/nitu.mx\/?s={search_term_string}\"},\"query-input\":\"required name=search_term_string\"}],\"inLanguage\":\"es-MX\"},{\"@type\":[\"Person\",\"Organization\"],\"@id\":\"https:\/\/nitu.mx\/#\/schema\/person\/ae7a53426417292d3dd07b45a33e01bc\",\"name\":\"Arturo Medina\",\"image\":{\"@type\":\"ImageObject\",\"inLanguage\":\"es-MX\",\"@id\":\"https:\/\/nitu.mx\/#\/schema\/person\/image\/\",\"url\":\"https:\/\/nitu.mx\/wp-content\/uploads\/2024\/04\/4A315622-1904-4D5C-B022-878CDC840E04-90x90-1.jpeg\",\"contentUrl\":\"https:\/\/nitu.mx\/wp-content\/uploads\/2024\/04\/4A315622-1904-4D5C-B022-878CDC840E04-90x90-1.jpeg\",\"width\":90,\"height\":90,\"caption\":\"Arturo Medina\"},\"logo\":{\"@id\":\"https:\/\/nitu.mx\/#\/schema\/person\/image\/\"},\"description\":\"Director NITU.mx, Egresado de la Escuela de Periodismo Carlos Septi\u00e9n Garc\u00eda. Periodista y analista especializado en turismo desde hace 35 a\u00f1os, radicado en Canc\u00fan Q.Roo. arturo@nitu.mx\",\"sameAs\":[\"https:\/\/nitu.mx\",\"https:\/\/www.facebook.com\/NITUmx\/\",\"medinacancun\",\"https:\/\/twitter.com\/@Arturo_Medina_G\"]},{\"@type\":\"Person\",\"@id\":\"https:\/\/nitu.mx\/#\/schema\/person\/4a28fe9bd65924f7c90623773daf1b0b\",\"name\":\"Redacci\u00f3n\",\"image\":{\"@type\":\"ImageObject\",\"inLanguage\":\"es-MX\",\"@id\":\"https:\/\/nitu.mx\/#\/schema\/person\/image\/\",\"url\":\"https:\/\/secure.gravatar.com\/avatar\/5dd011c8ccfc5cd7e4c81e42252aab38?s=96&d=mm&r=g\",\"contentUrl\":\"https:\/\/secure.gravatar.com\/avatar\/5dd011c8ccfc5cd7e4c81e42252aab38?s=96&d=mm&r=g\",\"caption\":\"Redacci\u00f3n\"},\"url\":\"https:\/\/nitu.mx\/index.php\/author\/redaccion\/\"}]}<\/script>\n<!-- \/ Yoast SEO plugin. -->","yoast_head_json":{"title":"Gasto de visitantes extranjeros en M\u00e9xico crece 5% durante el verano - Nitu - Noticias de la Industria Turistica","robots":{"index":"index","follow":"follow","max-snippet":"max-snippet:-1","max-image-preview":"max-image-preview:large","max-video-preview":"max-video-preview:-1"},"canonical":"https:\/\/nitu.mx\/index.php\/2025\/10\/02\/gasto-de-visitantes-extranjeros-en-mexico-crece-5-durante-el-verano\/","twitter_card":"summary_large_image","twitter_title":"Gasto de visitantes extranjeros en M\u00e9xico crece 5% durante el verano - Nitu - Noticias de la Industria Turistica","twitter_description":"Seg\u00fan un an\u00e1lisis sobre la temporada de Vacaciones de Verano 2025, realizado por el equipo de consultor\u00eda de Visa, Visa Consulting &amp; Analytics, se reporta un crecimiento de casi el 5 por ciento en el gasto tur\u00edstico extranjero, cifra mayor respecto al mismo periodo de 2024. Este estudio se efect\u00faa dentro del Convenio de Colaboraci\u00f3n [&hellip;]","twitter_image":"https:\/\/nitu.mx\/wp-content\/uploads\/2025\/09\/Cancun-turistas-playa-inversion-turistica.jpg","twitter_creator":"@NITUmx","twitter_site":"@Arturo_Medina_G","twitter_misc":{"Escrito por":"Redacci\u00f3n","Tiempo de lectura":"3 minutos"},"schema":{"@context":"https:\/\/schema.org","@graph":[{"@type":"Article","@id":"https:\/\/nitu.mx\/index.php\/2025\/10\/02\/gasto-de-visitantes-extranjeros-en-mexico-crece-5-durante-el-verano\/#article","isPartOf":{"@id":"https:\/\/nitu.mx\/index.php\/2025\/10\/02\/gasto-de-visitantes-extranjeros-en-mexico-crece-5-durante-el-verano\/"},"author":{"name":"Redacci\u00f3n","@id":"https:\/\/nitu.mx\/#\/schema\/person\/4a28fe9bd65924f7c90623773daf1b0b"},"headline":"Gasto de visitantes extranjeros en M\u00e9xico crece 5% durante el verano","datePublished":"2025-10-02T20:03:27+00:00","dateModified":"2025-10-02T20:03:28+00:00","mainEntityOfPage":{"@id":"https:\/\/nitu.mx\/index.php\/2025\/10\/02\/gasto-de-visitantes-extranjeros-en-mexico-crece-5-durante-el-verano\/"},"wordCount":550,"publisher":{"@id":"https:\/\/nitu.mx\/#\/schema\/person\/ae7a53426417292d3dd07b45a33e01bc"},"image":{"@id":"https:\/\/nitu.mx\/index.php\/2025\/10\/02\/gasto-de-visitantes-extranjeros-en-mexico-crece-5-durante-el-verano\/#primaryimage"},"thumbnailUrl":"https:\/\/nitu.mx\/wp-content\/uploads\/2025\/09\/Cancun-turistas-playa-inversion-turistica.jpg","keywords":["CDMX","gasto tur\u00edstico","Josefina Rodr\u00edguez","Riviera Maya","Sectur"],"articleSection":["Marketing"],"inLanguage":"es-MX"},{"@type":"WebPage","@id":"https:\/\/nitu.mx\/index.php\/2025\/10\/02\/gasto-de-visitantes-extranjeros-en-mexico-crece-5-durante-el-verano\/","url":"https:\/\/nitu.mx\/index.php\/2025\/10\/02\/gasto-de-visitantes-extranjeros-en-mexico-crece-5-durante-el-verano\/","name":"Gasto de visitantes extranjeros en M\u00e9xico crece 5% durante el verano - Nitu - Noticias de la Industria Turistica","isPartOf":{"@id":"https:\/\/nitu.mx\/#website"},"primaryImageOfPage":{"@id":"https:\/\/nitu.mx\/index.php\/2025\/10\/02\/gasto-de-visitantes-extranjeros-en-mexico-crece-5-durante-el-verano\/#primaryimage"},"image":{"@id":"https:\/\/nitu.mx\/index.php\/2025\/10\/02\/gasto-de-visitantes-extranjeros-en-mexico-crece-5-durante-el-verano\/#primaryimage"},"thumbnailUrl":"https:\/\/nitu.mx\/wp-content\/uploads\/2025\/09\/Cancun-turistas-playa-inversion-turistica.jpg","datePublished":"2025-10-02T20:03:27+00:00","dateModified":"2025-10-02T20:03:28+00:00","breadcrumb":{"@id":"https:\/\/nitu.mx\/index.php\/2025\/10\/02\/gasto-de-visitantes-extranjeros-en-mexico-crece-5-durante-el-verano\/#breadcrumb"},"inLanguage":"es-MX","potentialAction":[{"@type":"ReadAction","target":["https:\/\/nitu.mx\/index.php\/2025\/10\/02\/gasto-de-visitantes-extranjeros-en-mexico-crece-5-durante-el-verano\/"]}]},{"@type":"ImageObject","inLanguage":"es-MX","@id":"https:\/\/nitu.mx\/index.php\/2025\/10\/02\/gasto-de-visitantes-extranjeros-en-mexico-crece-5-durante-el-verano\/#primaryimage","url":"https:\/\/nitu.mx\/wp-content\/uploads\/2025\/09\/Cancun-turistas-playa-inversion-turistica.jpg","contentUrl":"https:\/\/nitu.mx\/wp-content\/uploads\/2025\/09\/Cancun-turistas-playa-inversion-turistica.jpg","width":1200,"height":675,"caption":"Canc\u00fan turistas playa inversi\u00f3n tur\u00edstica"},{"@type":"BreadcrumbList","@id":"https:\/\/nitu.mx\/index.php\/2025\/10\/02\/gasto-de-visitantes-extranjeros-en-mexico-crece-5-durante-el-verano\/#breadcrumb","itemListElement":[{"@type":"ListItem","position":1,"name":"Inicio","item":"https:\/\/nitu.mx\/"},{"@type":"ListItem","position":2,"name":"Gasto de visitantes extranjeros en M\u00e9xico crece 5% durante el verano"}]},{"@type":"WebSite","@id":"https:\/\/nitu.mx\/#website","url":"https:\/\/nitu.mx\/","name":"Nitu - Noticias de la Industria Turistica","description":"Noticias de la Industria Turistica","publisher":{"@id":"https:\/\/nitu.mx\/#\/schema\/person\/ae7a53426417292d3dd07b45a33e01bc"},"alternateName":"Noticias de la Industria Turistica","potentialAction":[{"@type":"SearchAction","target":{"@type":"EntryPoint","urlTemplate":"https:\/\/nitu.mx\/?s={search_term_string}"},"query-input":"required name=search_term_string"}],"inLanguage":"es-MX"},{"@type":["Person","Organization"],"@id":"https:\/\/nitu.mx\/#\/schema\/person\/ae7a53426417292d3dd07b45a33e01bc","name":"Arturo Medina","image":{"@type":"ImageObject","inLanguage":"es-MX","@id":"https:\/\/nitu.mx\/#\/schema\/person\/image\/","url":"https:\/\/nitu.mx\/wp-content\/uploads\/2024\/04\/4A315622-1904-4D5C-B022-878CDC840E04-90x90-1.jpeg","contentUrl":"https:\/\/nitu.mx\/wp-content\/uploads\/2024\/04\/4A315622-1904-4D5C-B022-878CDC840E04-90x90-1.jpeg","width":90,"height":90,"caption":"Arturo Medina"},"logo":{"@id":"https:\/\/nitu.mx\/#\/schema\/person\/image\/"},"description":"Director NITU.mx, Egresado de la Escuela de Periodismo Carlos Septi\u00e9n Garc\u00eda. Periodista y analista especializado en turismo desde hace 35 a\u00f1os, radicado en Canc\u00fan Q.Roo. arturo@nitu.mx","sameAs":["https:\/\/nitu.mx","https:\/\/www.facebook.com\/NITUmx\/","medinacancun","https:\/\/twitter.com\/@Arturo_Medina_G"]},{"@type":"Person","@id":"https:\/\/nitu.mx\/#\/schema\/person\/4a28fe9bd65924f7c90623773daf1b0b","name":"Redacci\u00f3n","image":{"@type":"ImageObject","inLanguage":"es-MX","@id":"https:\/\/nitu.mx\/#\/schema\/person\/image\/","url":"https:\/\/secure.gravatar.com\/avatar\/5dd011c8ccfc5cd7e4c81e42252aab38?s=96&d=mm&r=g","contentUrl":"https:\/\/secure.gravatar.com\/avatar\/5dd011c8ccfc5cd7e4c81e42252aab38?s=96&d=mm&r=g","caption":"Redacci\u00f3n"},"url":"https:\/\/nitu.mx\/index.php\/author\/redaccion\/"}]}},"views":501,"_links":{"self":[{"href":"https:\/\/nitu.mx\/index.php\/wp-json\/wp\/v2\/posts\/83775"}],"collection":[{"href":"https:\/\/nitu.mx\/index.php\/wp-json\/wp\/v2\/posts"}],"about":[{"href":"https:\/\/nitu.mx\/index.php\/wp-json\/wp\/v2\/types\/post"}],"author":[{"embeddable":true,"href":"https:\/\/nitu.mx\/index.php\/wp-json\/wp\/v2\/users\/17"}],"replies":[{"embeddable":true,"href":"https:\/\/nitu.mx\/index.php\/wp-json\/wp\/v2\/comments?post=83775"}],"version-history":[{"count":2,"href":"https:\/\/nitu.mx\/index.php\/wp-json\/wp\/v2\/posts\/83775\/revisions"}],"predecessor-version":[{"id":83778,"href":"https:\/\/nitu.mx\/index.php\/wp-json\/wp\/v2\/posts\/83775\/revisions\/83778"}],"wp:featuredmedia":[{"embeddable":true,"href":"https:\/\/nitu.mx\/index.php\/wp-json\/wp\/v2\/media\/83553"}],"wp:attachment":[{"href":"https:\/\/nitu.mx\/index.php\/wp-json\/wp\/v2\/media?parent=83775"}],"wp:term":[{"taxonomy":"category","embeddable":true,"href":"https:\/\/nitu.mx\/index.php\/wp-json\/wp\/v2\/categories?post=83775"},{"taxonomy":"post_tag","embeddable":true,"href":"https:\/\/nitu.mx\/index.php\/wp-json\/wp\/v2\/tags?post=83775"}],"curies":[{"name":"wp","href":"https:\/\/api.w.org\/{rel}","templated":true}]}}