{"id":83766,"date":"2025-10-01T19:30:00","date_gmt":"2025-10-02T01:30:00","guid":{"rendered":"https:\/\/nitu.mx\/?p=83766"},"modified":"2025-10-01T18:12:03","modified_gmt":"2025-10-02T00:12:03","slug":"los-cabos-cierra-su-participacion-en-la-fit-con-mas-de-20-reuniones","status":"publish","type":"post","link":"https:\/\/nitu.mx\/index.php\/2025\/10\/01\/los-cabos-cierra-su-participacion-en-la-fit-con-mas-de-20-reuniones\/","title":{"rendered":"Los Cabos cierra su participaci\u00f3n en la FIT con m\u00e1s de 20 reuniones"},"content":{"rendered":"\n<p>El Fideicomiso de Turismo de Los Cabos (FITURCA) celebr\u00f3 con gran entusiasmo su primera participaci\u00f3n en la Feria Internacional de Turismo (FIT), realizada del 27 al 30 de septiembre en Buenos Aires, uno de los encuentros m\u00e1s relevantes de la industria tur\u00edstica<br>en Am\u00e9rica Latina, en donde se llevaron a cabo m\u00e1s de 20 reuniones con agencias y tour operadores destacados de la<br>regi\u00f3n, con el objetivo de explorar estrategias conjuntas que permitan continuar impulsando la promoci\u00f3n de Los Cabos en estos nuevos mercados.<\/p>\n\n\n\n<p>La presencia de Los Cabos en este importante evento signific\u00f3 un paso decisivo en su posicionamiento en el Cono Sur, gracias al gran inter\u00e9s que despert\u00f3 tanto en el p\u00fablico general como en los profesionales del sector. <\/p>\n\n\n\n<p>\u201cObservamos un creciente inter\u00e9s por Los Cabos, impulsado por su combinaci\u00f3n \u00fanica de playas, gastronom\u00eda, experiencias y una amplia oferta hotelera. La reciente incorporaci\u00f3n del vuelo de Copa Airlines, con conexi\u00f3n v\u00eda Panam\u00e1, abre una puerta m\u00e1s directa y conveniente para los viajeros latinoamericanos, facilitando que cada vez m\u00e1s visitantes descubran todo lo que nuestro destino tiene para ofrecer.&#8221; coment\u00f3 Juana Ortiz Basso, directora Comercial de Los Cabos, que estuvo presente en la feria, acompa\u00f1ada por Cecilia Ghiraldo Peart, directora de Marketing &amp; Partnerships.<\/p>\n\n\n\n<p>El nuevo vuelo de Copa Airlines operar\u00e1 desde el 4 de diciembre y contar\u00e1 con una frecuencia de tres vuelos semanales. Los pasajeros tendr\u00e1n la opci\u00f3n de realizar una sola escala en Ciudad de Panam\u00e1 o aprovechar el stopover que la aerol\u00ednea ofrece para conocer<br>la ciudad antes de continuar hacia Los Cabos. <\/p>\n\n\n\n<p>Durante los cuatro d\u00edas de evento, Los Cabos cont\u00f3 con un espacio propio dentro del stand de M\u00e9xico donde recibi\u00f3 una destacada afluencia de visitantes interesados en descubrir los atractivos y experiencias que ofrece el destino. <\/p>\n\n\n\n<p>La participaci\u00f3n en este evento clave para la regi\u00f3n reafirma el compromiso de Los Cabos con el posicionamiento del destino y con la atracci\u00f3n de m\u00e1s viajeros del Cono Sur. (<a href=\"https:\/\/nitu.mx\/index.php\/2025\/09\/28\/nobu-hotel-los-cabos-anuncia-el-segundo-evento-anual-de-arte-on-exhibition\/\">Nobu Hotel Los Cabos anuncia el segundo evento anual de arte On Exhibition<\/a>).<\/p>\n","protected":false},"excerpt":{"rendered":"<p>El Fideicomiso de Turismo de Los Cabos (FITURCA) celebr\u00f3 con gran entusiasmo su primera participaci\u00f3n en la Feria Internacional de Turismo (FIT), realizada del 27 al 30 de septiembre en Buenos Aires, uno de los encuentros m\u00e1s relevantes de la industria tur\u00edsticaen Am\u00e9rica Latina, en donde se llevaron a cabo m\u00e1s de 20 reuniones con [&hellip;]<\/p>\n","protected":false},"author":17,"featured_media":83769,"comment_status":"closed","ping_status":"closed","sticky":false,"template":"","format":"standard","meta":{"footnotes":""},"categories":[5],"tags":[1864,6475,1443,27720,130],"yoast_head":"<!-- This site is optimized with the Yoast SEO plugin v22.2 - https:\/\/yoast.com\/wordpress\/plugins\/seo\/ -->\n<title>Los Cabos cierra su participaci\u00f3n en la FIT con m\u00e1s de 20 reuniones - Nitu - Noticias de la Industria Turistica<\/title>\n<meta name=\"robots\" content=\"index, follow, max-snippet:-1, max-image-preview:large, max-video-preview:-1\" \/>\n<link rel=\"canonical\" href=\"https:\/\/nitu.mx\/index.php\/2025\/10\/01\/los-cabos-cierra-su-participacion-en-la-fit-con-mas-de-20-reuniones\/\" \/>\n<meta name=\"twitter:card\" content=\"summary_large_image\" \/>\n<meta name=\"twitter:title\" content=\"Los Cabos cierra su participaci\u00f3n en la FIT con m\u00e1s de 20 reuniones - Nitu - Noticias de la Industria Turistica\" \/>\n<meta name=\"twitter:description\" content=\"El Fideicomiso de Turismo de Los Cabos (FITURCA) celebr\u00f3 con gran entusiasmo su primera participaci\u00f3n en la Feria Internacional de Turismo (FIT), realizada del 27 al 30 de septiembre en Buenos Aires, uno de los encuentros m\u00e1s relevantes de la industria tur\u00edsticaen Am\u00e9rica Latina, en donde se llevaron a cabo m\u00e1s de 20 reuniones con [&hellip;]\" \/>\n<meta name=\"twitter:image\" content=\"https:\/\/nitu.mx\/wp-content\/uploads\/2025\/10\/Los-Cabos-en-FIT-2025-4.jpg\" \/>\n<meta name=\"twitter:creator\" content=\"@NITUmx\" \/>\n<meta name=\"twitter:site\" content=\"@Arturo_Medina_G\" \/>\n<meta name=\"twitter:label1\" content=\"Escrito por\" \/>\n\t<meta name=\"twitter:data1\" content=\"Redacci\u00f3n\" \/>\n\t<meta name=\"twitter:label2\" content=\"Tiempo de lectura\" \/>\n\t<meta name=\"twitter:data2\" content=\"2 minutos\" \/>\n<script type=\"application\/ld+json\" class=\"yoast-schema-graph\">{\"@context\":\"https:\/\/schema.org\",\"@graph\":[{\"@type\":\"Article\",\"@id\":\"https:\/\/nitu.mx\/index.php\/2025\/10\/01\/los-cabos-cierra-su-participacion-en-la-fit-con-mas-de-20-reuniones\/#article\",\"isPartOf\":{\"@id\":\"https:\/\/nitu.mx\/index.php\/2025\/10\/01\/los-cabos-cierra-su-participacion-en-la-fit-con-mas-de-20-reuniones\/\"},\"author\":{\"name\":\"Redacci\u00f3n\",\"@id\":\"https:\/\/nitu.mx\/#\/schema\/person\/4a28fe9bd65924f7c90623773daf1b0b\"},\"headline\":\"Los Cabos cierra su participaci\u00f3n en la FIT con m\u00e1s de 20 reuniones\",\"datePublished\":\"2025-10-02T01:30:00+00:00\",\"dateModified\":\"2025-10-02T00:12:03+00:00\",\"mainEntityOfPage\":{\"@id\":\"https:\/\/nitu.mx\/index.php\/2025\/10\/01\/los-cabos-cierra-su-participacion-en-la-fit-con-mas-de-20-reuniones\/\"},\"wordCount\":371,\"publisher\":{\"@id\":\"https:\/\/nitu.mx\/#\/schema\/person\/ae7a53426417292d3dd07b45a33e01bc\"},\"image\":{\"@id\":\"https:\/\/nitu.mx\/index.php\/2025\/10\/01\/los-cabos-cierra-su-participacion-en-la-fit-con-mas-de-20-reuniones\/#primaryimage\"},\"thumbnailUrl\":\"https:\/\/nitu.mx\/wp-content\/uploads\/2025\/10\/Los-Cabos-en-FIT-2025-4.jpg\",\"keywords\":[\"Buenos Aires\",\"FIT\",\"Fiturca\",\"Juana Ortiz Basso\",\"Los Cabos\"],\"articleSection\":[\"Destinos\"],\"inLanguage\":\"es-MX\"},{\"@type\":\"WebPage\",\"@id\":\"https:\/\/nitu.mx\/index.php\/2025\/10\/01\/los-cabos-cierra-su-participacion-en-la-fit-con-mas-de-20-reuniones\/\",\"url\":\"https:\/\/nitu.mx\/index.php\/2025\/10\/01\/los-cabos-cierra-su-participacion-en-la-fit-con-mas-de-20-reuniones\/\",\"name\":\"Los Cabos cierra su participaci\u00f3n en la FIT con m\u00e1s de 20 reuniones - Nitu - Noticias de la Industria Turistica\",\"isPartOf\":{\"@id\":\"https:\/\/nitu.mx\/#website\"},\"primaryImageOfPage\":{\"@id\":\"https:\/\/nitu.mx\/index.php\/2025\/10\/01\/los-cabos-cierra-su-participacion-en-la-fit-con-mas-de-20-reuniones\/#primaryimage\"},\"image\":{\"@id\":\"https:\/\/nitu.mx\/index.php\/2025\/10\/01\/los-cabos-cierra-su-participacion-en-la-fit-con-mas-de-20-reuniones\/#primaryimage\"},\"thumbnailUrl\":\"https:\/\/nitu.mx\/wp-content\/uploads\/2025\/10\/Los-Cabos-en-FIT-2025-4.jpg\",\"datePublished\":\"2025-10-02T01:30:00+00:00\",\"dateModified\":\"2025-10-02T00:12:03+00:00\",\"breadcrumb\":{\"@id\":\"https:\/\/nitu.mx\/index.php\/2025\/10\/01\/los-cabos-cierra-su-participacion-en-la-fit-con-mas-de-20-reuniones\/#breadcrumb\"},\"inLanguage\":\"es-MX\",\"potentialAction\":[{\"@type\":\"ReadAction\",\"target\":[\"https:\/\/nitu.mx\/index.php\/2025\/10\/01\/los-cabos-cierra-su-participacion-en-la-fit-con-mas-de-20-reuniones\/\"]}]},{\"@type\":\"ImageObject\",\"inLanguage\":\"es-MX\",\"@id\":\"https:\/\/nitu.mx\/index.php\/2025\/10\/01\/los-cabos-cierra-su-participacion-en-la-fit-con-mas-de-20-reuniones\/#primaryimage\",\"url\":\"https:\/\/nitu.mx\/wp-content\/uploads\/2025\/10\/Los-Cabos-en-FIT-2025-4.jpg\",\"contentUrl\":\"https:\/\/nitu.mx\/wp-content\/uploads\/2025\/10\/Los-Cabos-en-FIT-2025-4.jpg\",\"width\":1200,\"height\":675,\"caption\":\"Los Cabos en FIT 2025 4\"},{\"@type\":\"BreadcrumbList\",\"@id\":\"https:\/\/nitu.mx\/index.php\/2025\/10\/01\/los-cabos-cierra-su-participacion-en-la-fit-con-mas-de-20-reuniones\/#breadcrumb\",\"itemListElement\":[{\"@type\":\"ListItem\",\"position\":1,\"name\":\"Inicio\",\"item\":\"https:\/\/nitu.mx\/\"},{\"@type\":\"ListItem\",\"position\":2,\"name\":\"Los Cabos cierra su participaci\u00f3n en la FIT con m\u00e1s de 20 reuniones\"}]},{\"@type\":\"WebSite\",\"@id\":\"https:\/\/nitu.mx\/#website\",\"url\":\"https:\/\/nitu.mx\/\",\"name\":\"Nitu - Noticias de la Industria Turistica\",\"description\":\"Noticias de la Industria Turistica\",\"publisher\":{\"@id\":\"https:\/\/nitu.mx\/#\/schema\/person\/ae7a53426417292d3dd07b45a33e01bc\"},\"alternateName\":\"Noticias de la Industria Turistica\",\"potentialAction\":[{\"@type\":\"SearchAction\",\"target\":{\"@type\":\"EntryPoint\",\"urlTemplate\":\"https:\/\/nitu.mx\/?s={search_term_string}\"},\"query-input\":\"required name=search_term_string\"}],\"inLanguage\":\"es-MX\"},{\"@type\":[\"Person\",\"Organization\"],\"@id\":\"https:\/\/nitu.mx\/#\/schema\/person\/ae7a53426417292d3dd07b45a33e01bc\",\"name\":\"Arturo Medina\",\"image\":{\"@type\":\"ImageObject\",\"inLanguage\":\"es-MX\",\"@id\":\"https:\/\/nitu.mx\/#\/schema\/person\/image\/\",\"url\":\"https:\/\/nitu.mx\/wp-content\/uploads\/2024\/04\/4A315622-1904-4D5C-B022-878CDC840E04-90x90-1.jpeg\",\"contentUrl\":\"https:\/\/nitu.mx\/wp-content\/uploads\/2024\/04\/4A315622-1904-4D5C-B022-878CDC840E04-90x90-1.jpeg\",\"width\":90,\"height\":90,\"caption\":\"Arturo Medina\"},\"logo\":{\"@id\":\"https:\/\/nitu.mx\/#\/schema\/person\/image\/\"},\"description\":\"Director NITU.mx, Egresado de la Escuela de Periodismo Carlos Septi\u00e9n Garc\u00eda. Periodista y analista especializado en turismo desde hace 35 a\u00f1os, radicado en Canc\u00fan Q.Roo. arturo@nitu.mx\",\"sameAs\":[\"https:\/\/nitu.mx\",\"https:\/\/www.facebook.com\/NITUmx\/\",\"medinacancun\",\"https:\/\/twitter.com\/@Arturo_Medina_G\"]},{\"@type\":\"Person\",\"@id\":\"https:\/\/nitu.mx\/#\/schema\/person\/4a28fe9bd65924f7c90623773daf1b0b\",\"name\":\"Redacci\u00f3n\",\"image\":{\"@type\":\"ImageObject\",\"inLanguage\":\"es-MX\",\"@id\":\"https:\/\/nitu.mx\/#\/schema\/person\/image\/\",\"url\":\"https:\/\/secure.gravatar.com\/avatar\/5dd011c8ccfc5cd7e4c81e42252aab38?s=96&d=mm&r=g\",\"contentUrl\":\"https:\/\/secure.gravatar.com\/avatar\/5dd011c8ccfc5cd7e4c81e42252aab38?s=96&d=mm&r=g\",\"caption\":\"Redacci\u00f3n\"},\"url\":\"https:\/\/nitu.mx\/index.php\/author\/redaccion\/\"}]}<\/script>\n<!-- \/ Yoast SEO plugin. -->","yoast_head_json":{"title":"Los Cabos cierra su participaci\u00f3n en la FIT con m\u00e1s de 20 reuniones - Nitu - Noticias de la Industria Turistica","robots":{"index":"index","follow":"follow","max-snippet":"max-snippet:-1","max-image-preview":"max-image-preview:large","max-video-preview":"max-video-preview:-1"},"canonical":"https:\/\/nitu.mx\/index.php\/2025\/10\/01\/los-cabos-cierra-su-participacion-en-la-fit-con-mas-de-20-reuniones\/","twitter_card":"summary_large_image","twitter_title":"Los Cabos cierra su participaci\u00f3n en la FIT con m\u00e1s de 20 reuniones - Nitu - Noticias de la Industria Turistica","twitter_description":"El Fideicomiso de Turismo de Los Cabos (FITURCA) celebr\u00f3 con gran entusiasmo su primera participaci\u00f3n en la Feria Internacional de Turismo (FIT), realizada del 27 al 30 de septiembre en Buenos Aires, uno de los encuentros m\u00e1s relevantes de la industria tur\u00edsticaen Am\u00e9rica Latina, en donde se llevaron a cabo m\u00e1s de 20 reuniones con [&hellip;]","twitter_image":"https:\/\/nitu.mx\/wp-content\/uploads\/2025\/10\/Los-Cabos-en-FIT-2025-4.jpg","twitter_creator":"@NITUmx","twitter_site":"@Arturo_Medina_G","twitter_misc":{"Escrito por":"Redacci\u00f3n","Tiempo de lectura":"2 minutos"},"schema":{"@context":"https:\/\/schema.org","@graph":[{"@type":"Article","@id":"https:\/\/nitu.mx\/index.php\/2025\/10\/01\/los-cabos-cierra-su-participacion-en-la-fit-con-mas-de-20-reuniones\/#article","isPartOf":{"@id":"https:\/\/nitu.mx\/index.php\/2025\/10\/01\/los-cabos-cierra-su-participacion-en-la-fit-con-mas-de-20-reuniones\/"},"author":{"name":"Redacci\u00f3n","@id":"https:\/\/nitu.mx\/#\/schema\/person\/4a28fe9bd65924f7c90623773daf1b0b"},"headline":"Los Cabos cierra su participaci\u00f3n en la FIT con m\u00e1s de 20 reuniones","datePublished":"2025-10-02T01:30:00+00:00","dateModified":"2025-10-02T00:12:03+00:00","mainEntityOfPage":{"@id":"https:\/\/nitu.mx\/index.php\/2025\/10\/01\/los-cabos-cierra-su-participacion-en-la-fit-con-mas-de-20-reuniones\/"},"wordCount":371,"publisher":{"@id":"https:\/\/nitu.mx\/#\/schema\/person\/ae7a53426417292d3dd07b45a33e01bc"},"image":{"@id":"https:\/\/nitu.mx\/index.php\/2025\/10\/01\/los-cabos-cierra-su-participacion-en-la-fit-con-mas-de-20-reuniones\/#primaryimage"},"thumbnailUrl":"https:\/\/nitu.mx\/wp-content\/uploads\/2025\/10\/Los-Cabos-en-FIT-2025-4.jpg","keywords":["Buenos Aires","FIT","Fiturca","Juana Ortiz Basso","Los Cabos"],"articleSection":["Destinos"],"inLanguage":"es-MX"},{"@type":"WebPage","@id":"https:\/\/nitu.mx\/index.php\/2025\/10\/01\/los-cabos-cierra-su-participacion-en-la-fit-con-mas-de-20-reuniones\/","url":"https:\/\/nitu.mx\/index.php\/2025\/10\/01\/los-cabos-cierra-su-participacion-en-la-fit-con-mas-de-20-reuniones\/","name":"Los Cabos cierra su participaci\u00f3n en la FIT con m\u00e1s de 20 reuniones - Nitu - Noticias de la Industria Turistica","isPartOf":{"@id":"https:\/\/nitu.mx\/#website"},"primaryImageOfPage":{"@id":"https:\/\/nitu.mx\/index.php\/2025\/10\/01\/los-cabos-cierra-su-participacion-en-la-fit-con-mas-de-20-reuniones\/#primaryimage"},"image":{"@id":"https:\/\/nitu.mx\/index.php\/2025\/10\/01\/los-cabos-cierra-su-participacion-en-la-fit-con-mas-de-20-reuniones\/#primaryimage"},"thumbnailUrl":"https:\/\/nitu.mx\/wp-content\/uploads\/2025\/10\/Los-Cabos-en-FIT-2025-4.jpg","datePublished":"2025-10-02T01:30:00+00:00","dateModified":"2025-10-02T00:12:03+00:00","breadcrumb":{"@id":"https:\/\/nitu.mx\/index.php\/2025\/10\/01\/los-cabos-cierra-su-participacion-en-la-fit-con-mas-de-20-reuniones\/#breadcrumb"},"inLanguage":"es-MX","potentialAction":[{"@type":"ReadAction","target":["https:\/\/nitu.mx\/index.php\/2025\/10\/01\/los-cabos-cierra-su-participacion-en-la-fit-con-mas-de-20-reuniones\/"]}]},{"@type":"ImageObject","inLanguage":"es-MX","@id":"https:\/\/nitu.mx\/index.php\/2025\/10\/01\/los-cabos-cierra-su-participacion-en-la-fit-con-mas-de-20-reuniones\/#primaryimage","url":"https:\/\/nitu.mx\/wp-content\/uploads\/2025\/10\/Los-Cabos-en-FIT-2025-4.jpg","contentUrl":"https:\/\/nitu.mx\/wp-content\/uploads\/2025\/10\/Los-Cabos-en-FIT-2025-4.jpg","width":1200,"height":675,"caption":"Los Cabos en FIT 2025 4"},{"@type":"BreadcrumbList","@id":"https:\/\/nitu.mx\/index.php\/2025\/10\/01\/los-cabos-cierra-su-participacion-en-la-fit-con-mas-de-20-reuniones\/#breadcrumb","itemListElement":[{"@type":"ListItem","position":1,"name":"Inicio","item":"https:\/\/nitu.mx\/"},{"@type":"ListItem","position":2,"name":"Los Cabos cierra su participaci\u00f3n en la FIT con m\u00e1s de 20 reuniones"}]},{"@type":"WebSite","@id":"https:\/\/nitu.mx\/#website","url":"https:\/\/nitu.mx\/","name":"Nitu - Noticias de la Industria Turistica","description":"Noticias de la Industria Turistica","publisher":{"@id":"https:\/\/nitu.mx\/#\/schema\/person\/ae7a53426417292d3dd07b45a33e01bc"},"alternateName":"Noticias de la Industria Turistica","potentialAction":[{"@type":"SearchAction","target":{"@type":"EntryPoint","urlTemplate":"https:\/\/nitu.mx\/?s={search_term_string}"},"query-input":"required name=search_term_string"}],"inLanguage":"es-MX"},{"@type":["Person","Organization"],"@id":"https:\/\/nitu.mx\/#\/schema\/person\/ae7a53426417292d3dd07b45a33e01bc","name":"Arturo Medina","image":{"@type":"ImageObject","inLanguage":"es-MX","@id":"https:\/\/nitu.mx\/#\/schema\/person\/image\/","url":"https:\/\/nitu.mx\/wp-content\/uploads\/2024\/04\/4A315622-1904-4D5C-B022-878CDC840E04-90x90-1.jpeg","contentUrl":"https:\/\/nitu.mx\/wp-content\/uploads\/2024\/04\/4A315622-1904-4D5C-B022-878CDC840E04-90x90-1.jpeg","width":90,"height":90,"caption":"Arturo Medina"},"logo":{"@id":"https:\/\/nitu.mx\/#\/schema\/person\/image\/"},"description":"Director NITU.mx, Egresado de la Escuela de Periodismo Carlos Septi\u00e9n Garc\u00eda. Periodista y analista especializado en turismo desde hace 35 a\u00f1os, radicado en Canc\u00fan Q.Roo. arturo@nitu.mx","sameAs":["https:\/\/nitu.mx","https:\/\/www.facebook.com\/NITUmx\/","medinacancun","https:\/\/twitter.com\/@Arturo_Medina_G"]},{"@type":"Person","@id":"https:\/\/nitu.mx\/#\/schema\/person\/4a28fe9bd65924f7c90623773daf1b0b","name":"Redacci\u00f3n","image":{"@type":"ImageObject","inLanguage":"es-MX","@id":"https:\/\/nitu.mx\/#\/schema\/person\/image\/","url":"https:\/\/secure.gravatar.com\/avatar\/5dd011c8ccfc5cd7e4c81e42252aab38?s=96&d=mm&r=g","contentUrl":"https:\/\/secure.gravatar.com\/avatar\/5dd011c8ccfc5cd7e4c81e42252aab38?s=96&d=mm&r=g","caption":"Redacci\u00f3n"},"url":"https:\/\/nitu.mx\/index.php\/author\/redaccion\/"}]}},"views":440,"_links":{"self":[{"href":"https:\/\/nitu.mx\/index.php\/wp-json\/wp\/v2\/posts\/83766"}],"collection":[{"href":"https:\/\/nitu.mx\/index.php\/wp-json\/wp\/v2\/posts"}],"about":[{"href":"https:\/\/nitu.mx\/index.php\/wp-json\/wp\/v2\/types\/post"}],"author":[{"embeddable":true,"href":"https:\/\/nitu.mx\/index.php\/wp-json\/wp\/v2\/users\/17"}],"replies":[{"embeddable":true,"href":"https:\/\/nitu.mx\/index.php\/wp-json\/wp\/v2\/comments?post=83766"}],"version-history":[{"count":1,"href":"https:\/\/nitu.mx\/index.php\/wp-json\/wp\/v2\/posts\/83766\/revisions"}],"predecessor-version":[{"id":83768,"href":"https:\/\/nitu.mx\/index.php\/wp-json\/wp\/v2\/posts\/83766\/revisions\/83768"}],"wp:featuredmedia":[{"embeddable":true,"href":"https:\/\/nitu.mx\/index.php\/wp-json\/wp\/v2\/media\/83769"}],"wp:attachment":[{"href":"https:\/\/nitu.mx\/index.php\/wp-json\/wp\/v2\/media?parent=83766"}],"wp:term":[{"taxonomy":"category","embeddable":true,"href":"https:\/\/nitu.mx\/index.php\/wp-json\/wp\/v2\/categories?post=83766"},{"taxonomy":"post_tag","embeddable":true,"href":"https:\/\/nitu.mx\/index.php\/wp-json\/wp\/v2\/tags?post=83766"}],"curies":[{"name":"wp","href":"https:\/\/api.w.org\/{rel}","templated":true}]}}