{"id":83718,"date":"2025-09-30T19:08:29","date_gmt":"2025-10-01T01:08:29","guid":{"rendered":"https:\/\/nitu.mx\/?p=83718"},"modified":"2025-09-30T19:14:30","modified_gmt":"2025-10-01T01:14:30","slug":"wttc-alerta-que-faltaran-43-millones-de-empleos-turisticos-para-la-demanda-de-2035","status":"publish","type":"post","link":"https:\/\/nitu.mx\/index.php\/2025\/09\/30\/wttc-alerta-que-faltaran-43-millones-de-empleos-turisticos-para-la-demanda-de-2035\/","title":{"rendered":"WTTC alerta que faltar\u00e1n 43 millones de empleos tur\u00edsticos para la demanda de 2035"},"content":{"rendered":"\n<p>El Consejo Mundial de Viajes y Turismo (WTTC) present\u00f3 un informe clave que revela que, aunque el sector est\u00e1 en camino de representar uno de cada tres nuevos empleos en el mundo para 2035, los cambios demogr\u00e1ficos y estructurales podr\u00edan producir una escasez de m\u00e1s de 43\u202fmillones de personas si no se act\u00faa.<\/p>\n\n\n\n<p>El informe\u00a0Future of the Travel &amp; Tourism Workforce, que analiza 20 econom\u00edas, se present\u00f3 hoy en la 25\u00aa Cumbre Global del WTTC. Fue desarrollado con el apoyo del Ministerio de Turismo del Reino de Arabia Saudita, Coraggio Group, Miles Partnership y la Universidad Polit\u00e9cnica de Hong Kong. Se basa en una amplia investigaci\u00f3n global, incluyendo una encuesta a l\u00edderes empresariales y entrevistas en profundidad con miembros del WTTC y otros actores clave.<\/p>\n\n\n\n<p>El reporte no solo destaca c\u00f3mo el sector se ha recuperado como motor global de creaci\u00f3n de empleo, sino tambi\u00e9n c\u00f3mo los cambios estructurales \u2014como el descenso de las poblaciones en edad laboral respecto al crecimiento econ\u00f3mico\u2014 afectar\u00e1n a\u00fan m\u00e1s al sector de Viajes y Turismo, que se espera crezca mucho m\u00e1s r\u00e1pido que la econom\u00eda.<\/p>\n\n\n\n<p><strong>Un sector de oportunidades \u00fanicas<\/strong><\/p>\n\n\n\n<p>En 2024, el sector respald\u00f3 un r\u00e9cord de 357\u202fmillones de empleos en todo el mundo, y se estima que sostendr\u00e1 371\u202fmillones este a\u00f1o. En la pr\u00f3xima d\u00e9cada, se proyecta que Viajes y Turismo generar\u00e1\u00a0<strong>91\u202f<\/strong>millones de nuevos puestos, representando uno de cada tres nuevos empleos netos creados a nivel global.<\/p>\n\n\n\n<p>Para 2035, la demanda global de trabajadores en Viajes y Turismo superar\u00e1 la oferta en m\u00e1s de 43\u202fmillones de personas, dejando la disponibilidad laboral un 16\u202f% por debajo de los niveles requeridos.<\/p>\n\n\n\n<p>Seg\u00fan el informe, la industria hotelera enfrentar\u00e1 un d\u00e9ficit de 8,6\u202fmillones de trabajadores, alrededor de un 18\u202f% por debajo de los niveles exigidos.<\/p>\n\n\n\n<p>Los puestos de baja cualificaci\u00f3n, que siguen siendo cr\u00edticos para el sector, continuar\u00e1n siendo los m\u00e1s demandados, con una necesidad proyectada de m\u00e1s de 20\u202fmillones de trabajadores adicionales. Las posiciones que dependen fuertemente de la interacci\u00f3n humana, y servicios que no pueden automatizarse f\u00e1cilmente, mantendr\u00e1n una alta demanda.<\/p>\n\n\n\n<p>El informe se\u00f1ala que el desaf\u00edo laboral afectar\u00e1 a las 20 econom\u00edas analizadas, con los mayores d\u00e9ficits en t\u00e9rminos absolutos pronosticados para China (16.9\u202fmillones), India (11\u202fmillones) y la Uni\u00f3n Europea (6.4\u202fmillones).<\/p>\n\n\n\n<p>En t\u00e9rminos relativos, se proyecta que el sector de Viajes y Turismo en Jap\u00f3n tendr\u00e1 una oferta laboral un 29\u202f% por debajo de la demanda esperada para 2035, seguido por Grecia (\u201127\u202f%) y Alemania (\u201126\u202f%).<\/p>\n\n\n\n<p>Sin embargo, a pesar de estos retos, Viajes y Turismo sigue siendo un pilar en la creaci\u00f3n de empleo.<\/p>\n\n\n\n<p>Gloria Guevara, CEO interina del WTTC, afirm\u00f3: \u201cViajes y Turismo seguir\u00e1 siendo uno de los mayores generadores de empleo del mundo, ofreciendo oportunidades para millones de personas. Pero tambi\u00e9n debemos reconocer que los cambios demogr\u00e1ficos y estructurales est\u00e1n transformando los mercados laborales en todas partes.<\/p>\n\n\n\n<p>\u201cMuchos trabajadores abandonaron el sector durante la COVID cuando el turismo se paraliz\u00f3. Ahora, con la previsi\u00f3n de una ca\u00edda del desempleo global y el encogimiento de las poblaciones en edad laboral, esto genera una presi\u00f3n creciente sobre la oferta de mano de obra, especialmente en sectores de r\u00e1pido crecimiento como Viajes y Turismo.<\/p>\n\n\n\n<p>\u201cEste informe es un llamado a la acci\u00f3n. Trabajando junto con gobiernos y entidades educativas, nuestro sector deber\u00e1 enfrentar estos desaf\u00edos y continuar siendo uno de los que m\u00e1s empleos genera, ofreciendo trayectorias din\u00e1micas para las pr\u00f3ximas generaciones. WTTC colaborar\u00e1 con autoridades gubernamentales en todo el mundo para asegurar que se apliquen pol\u00edticas que reduzcan esta brecha y desbloqueen el potencial en sus pa\u00edses&#8221;<a href=\"https:\/\/nitu.mx\/index.php\/2025\/09\/29\/inicia-la-cumbre-mundial-del-wttc-en-roma-con-productivo-dialogo-de-lideres\/\">. (Inicia la Cumbre Mundial del WTTC en Roma; Manfredi Lefebvre, ser\u00e1 su nuevo Presidente<\/a>).<\/p>\n\n\n\n<p>Su Excelencia Ahmed Al Khateeb, Ministro de Turismo del Reino de Arabia Saudita, a\u00f1adi\u00f3: \u201cPara 2035, uno de cada tres nuevos empleos provendr\u00e1 del sector de Viajes y Turismo; ning\u00fan otro sector puede afirmar lo mismo. Arabia Saudita demuestra lo que se puede lograr con visi\u00f3n e inversi\u00f3n, con m\u00e1s de 649,000 oportunidades de formaci\u00f3n y una fuerza laboral compuesta por casi un 50% de mujeres\u201d.<\/p>\n\n\n\n<p>Sara Meaney, socia directora de Coraggio Group, coment\u00f3: \u201cEste informe nos ofrece mucho m\u00e1s que datos llamativos; es una invitaci\u00f3n a repensar c\u00f3mo atraemos, desarrollamos y retenemos el talento en un entorno en constante cambio.<\/p>\n\n\n\n<p>Ser\u00e1 necesario invertir con intenci\u00f3n para dise\u00f1ar empleos que inspiren, apoyar trayectorias profesionales que evolucionen e invertir en lugares de trabajo que reflejen los valores de la fuerza laboral actual. Esta es nuestra oportunidad para redefinir lo que significa trabajar en el sector de Viajes y Turismo.\u201d<\/p>\n\n\n\n<p><strong>Construyendo una fuerza laboral preparada para el futuro<\/strong><\/p>\n\n\n\n<p>El informe plantea c\u00f3mo el sector, en conjunto con gobiernos y educadores, puede convertir estos desaf\u00edos en oportunidades:<\/p>\n\n\n\n<p>o&nbsp;&nbsp; Inspirar a m\u00e1s j\u00f3venes mostrando la diversidad y emoci\u00f3n de las oportunidades profesionales en Viajes y Turismo<\/p>\n\n\n\n<p>o&nbsp;&nbsp; Fortalecer la colaboraci\u00f3n y alineaci\u00f3n entre el sector educativo y la industria para que la formaci\u00f3n responda a las necesidades de los empleadores y brinde experiencias reales<\/p>\n\n\n\n<p>o&nbsp;&nbsp; Mejorar la retenci\u00f3n con programas de desarrollo de liderazgo, rutas de promoci\u00f3n internas claras y culturas laborales inclusivas<\/p>\n\n\n\n<p>o&nbsp;&nbsp; Invertir en alfabetizaci\u00f3n digital, adopci\u00f3n de IA y pr\u00e1cticas sostenibles para preparar a los trabajadores del futuro y aumentar la productividad<\/p>\n\n\n\n<p>o\u00a0\u00a0 Incorporar pol\u00edticas flexibles para gestionar la demanda laboral fluctuante, incluyendo reducir barreras para contratar del extranjero y combinar puestos de medio tiempo en empleos de tiempo completo.<\/p>\n\n\n\n<p><strong>La colaboraci\u00f3n es clave<\/strong><\/p>\n\n\n\n<p>Abordar el desaf\u00edo de la fuerza laboral requerir\u00e1 una alineaci\u00f3n estrecha entre gobiernos, actores del sector y proveedores educativos. Con planificaci\u00f3n proactiva e inversi\u00f3n, Viajes y Turismo puede seguir generando prosperidad, innovaci\u00f3n y oportunidades para comunidades de todo el mundo.<\/p>\n\n\n\n<p>La Cumbre Global se celebra en colaboraci\u00f3n con el Ministerio de Turismo de Italia, ENIT (la agencia nacional italiana de turismo), el Municipio de Roma y la Regi\u00f3n del Lacio.<\/p>\n\n\n\n<p>Otros socios del WTTC incluyen: Antonio Lefebvre d\u2019Ovidio Di Bolsonaro Philanthropy, Arsenale Spa, Chase Travel (JPMC), Giacomo Milano, MMGY, MSC Group, Terme di Saturnia y Trip.com Group.<\/p>\n","protected":false},"excerpt":{"rendered":"<p>El Consejo Mundial de Viajes y Turismo (WTTC) present\u00f3 un informe clave que revela que, aunque el sector est\u00e1 en camino de representar uno de cada tres nuevos empleos en el mundo para 2035, los cambios demogr\u00e1ficos y estructurales podr\u00edan producir una escasez de m\u00e1s de 43\u202fmillones de personas si no se act\u00faa. El informe\u00a0Future [&hellip;]<\/p>\n","protected":false},"author":17,"featured_media":83720,"comment_status":"closed","ping_status":"closed","sticky":false,"template":"","format":"standard","meta":{"footnotes":""},"categories":[12],"tags":[23157,1494,4931],"yoast_head":"<!-- This site is optimized with the Yoast SEO plugin v22.2 - https:\/\/yoast.com\/wordpress\/plugins\/seo\/ -->\n<title>WTTC alerta que faltar\u00e1n 43 millones de empleos tur\u00edsticos para la demanda de 2035 - Nitu - Noticias de la Industria Turistica<\/title>\n<meta name=\"robots\" content=\"index, follow, max-snippet:-1, max-image-preview:large, max-video-preview:-1\" \/>\n<link rel=\"canonical\" href=\"https:\/\/nitu.mx\/index.php\/2025\/09\/30\/wttc-alerta-que-faltaran-43-millones-de-empleos-turisticos-para-la-demanda-de-2035\/\" \/>\n<meta name=\"twitter:card\" content=\"summary_large_image\" \/>\n<meta name=\"twitter:title\" content=\"WTTC alerta que faltar\u00e1n 43 millones de empleos tur\u00edsticos para la demanda de 2035 - Nitu - Noticias de la Industria Turistica\" \/>\n<meta name=\"twitter:description\" content=\"El Consejo Mundial de Viajes y Turismo (WTTC) present\u00f3 un informe clave que revela que, aunque el sector est\u00e1 en camino de representar uno de cada tres nuevos empleos en el mundo para 2035, los cambios demogr\u00e1ficos y estructurales podr\u00edan producir una escasez de m\u00e1s de 43\u202fmillones de personas si no se act\u00faa. El informe\u00a0Future [&hellip;]\" \/>\n<meta name=\"twitter:image\" content=\"https:\/\/nitu.mx\/wp-content\/uploads\/2025\/09\/WTTC-cumbre-2025-empleo-turistico.jpg\" \/>\n<meta name=\"twitter:creator\" content=\"@NITUmx\" \/>\n<meta name=\"twitter:site\" content=\"@Arturo_Medina_G\" \/>\n<meta name=\"twitter:label1\" content=\"Escrito por\" \/>\n\t<meta name=\"twitter:data1\" content=\"Redacci\u00f3n\" \/>\n\t<meta name=\"twitter:label2\" content=\"Tiempo de lectura\" \/>\n\t<meta name=\"twitter:data2\" content=\"5 minutos\" \/>\n<script type=\"application\/ld+json\" class=\"yoast-schema-graph\">{\"@context\":\"https:\/\/schema.org\",\"@graph\":[{\"@type\":\"Article\",\"@id\":\"https:\/\/nitu.mx\/index.php\/2025\/09\/30\/wttc-alerta-que-faltaran-43-millones-de-empleos-turisticos-para-la-demanda-de-2035\/#article\",\"isPartOf\":{\"@id\":\"https:\/\/nitu.mx\/index.php\/2025\/09\/30\/wttc-alerta-que-faltaran-43-millones-de-empleos-turisticos-para-la-demanda-de-2035\/\"},\"author\":{\"name\":\"Redacci\u00f3n\",\"@id\":\"https:\/\/nitu.mx\/#\/schema\/person\/4a28fe9bd65924f7c90623773daf1b0b\"},\"headline\":\"WTTC alerta que faltar\u00e1n 43 millones de empleos tur\u00edsticos para la demanda de 2035\",\"datePublished\":\"2025-10-01T01:08:29+00:00\",\"dateModified\":\"2025-10-01T01:14:30+00:00\",\"mainEntityOfPage\":{\"@id\":\"https:\/\/nitu.mx\/index.php\/2025\/09\/30\/wttc-alerta-que-faltaran-43-millones-de-empleos-turisticos-para-la-demanda-de-2035\/\"},\"wordCount\":1091,\"publisher\":{\"@id\":\"https:\/\/nitu.mx\/#\/schema\/person\/ae7a53426417292d3dd07b45a33e01bc\"},\"image\":{\"@id\":\"https:\/\/nitu.mx\/index.php\/2025\/09\/30\/wttc-alerta-que-faltaran-43-millones-de-empleos-turisticos-para-la-demanda-de-2035\/#primaryimage\"},\"thumbnailUrl\":\"https:\/\/nitu.mx\/wp-content\/uploads\/2025\/09\/WTTC-cumbre-2025-empleo-turistico.jpg\",\"keywords\":[\"Empleo tur\u00edstico\",\"Gloria Guevara\",\"WTTC\"],\"articleSection\":[\"Marketing\"],\"inLanguage\":\"es-MX\"},{\"@type\":\"WebPage\",\"@id\":\"https:\/\/nitu.mx\/index.php\/2025\/09\/30\/wttc-alerta-que-faltaran-43-millones-de-empleos-turisticos-para-la-demanda-de-2035\/\",\"url\":\"https:\/\/nitu.mx\/index.php\/2025\/09\/30\/wttc-alerta-que-faltaran-43-millones-de-empleos-turisticos-para-la-demanda-de-2035\/\",\"name\":\"WTTC alerta que faltar\u00e1n 43 millones de empleos tur\u00edsticos para la demanda de 2035 - Nitu - Noticias de la Industria Turistica\",\"isPartOf\":{\"@id\":\"https:\/\/nitu.mx\/#website\"},\"primaryImageOfPage\":{\"@id\":\"https:\/\/nitu.mx\/index.php\/2025\/09\/30\/wttc-alerta-que-faltaran-43-millones-de-empleos-turisticos-para-la-demanda-de-2035\/#primaryimage\"},\"image\":{\"@id\":\"https:\/\/nitu.mx\/index.php\/2025\/09\/30\/wttc-alerta-que-faltaran-43-millones-de-empleos-turisticos-para-la-demanda-de-2035\/#primaryimage\"},\"thumbnailUrl\":\"https:\/\/nitu.mx\/wp-content\/uploads\/2025\/09\/WTTC-cumbre-2025-empleo-turistico.jpg\",\"datePublished\":\"2025-10-01T01:08:29+00:00\",\"dateModified\":\"2025-10-01T01:14:30+00:00\",\"breadcrumb\":{\"@id\":\"https:\/\/nitu.mx\/index.php\/2025\/09\/30\/wttc-alerta-que-faltaran-43-millones-de-empleos-turisticos-para-la-demanda-de-2035\/#breadcrumb\"},\"inLanguage\":\"es-MX\",\"potentialAction\":[{\"@type\":\"ReadAction\",\"target\":[\"https:\/\/nitu.mx\/index.php\/2025\/09\/30\/wttc-alerta-que-faltaran-43-millones-de-empleos-turisticos-para-la-demanda-de-2035\/\"]}]},{\"@type\":\"ImageObject\",\"inLanguage\":\"es-MX\",\"@id\":\"https:\/\/nitu.mx\/index.php\/2025\/09\/30\/wttc-alerta-que-faltaran-43-millones-de-empleos-turisticos-para-la-demanda-de-2035\/#primaryimage\",\"url\":\"https:\/\/nitu.mx\/wp-content\/uploads\/2025\/09\/WTTC-cumbre-2025-empleo-turistico.jpg\",\"contentUrl\":\"https:\/\/nitu.mx\/wp-content\/uploads\/2025\/09\/WTTC-cumbre-2025-empleo-turistico.jpg\",\"width\":1200,\"height\":675,\"caption\":\"WTTC cumbre 2025 empleo tur\u00edstico\"},{\"@type\":\"BreadcrumbList\",\"@id\":\"https:\/\/nitu.mx\/index.php\/2025\/09\/30\/wttc-alerta-que-faltaran-43-millones-de-empleos-turisticos-para-la-demanda-de-2035\/#breadcrumb\",\"itemListElement\":[{\"@type\":\"ListItem\",\"position\":1,\"name\":\"Inicio\",\"item\":\"https:\/\/nitu.mx\/\"},{\"@type\":\"ListItem\",\"position\":2,\"name\":\"WTTC alerta que faltar\u00e1n 43 millones de empleos tur\u00edsticos para la demanda de 2035\"}]},{\"@type\":\"WebSite\",\"@id\":\"https:\/\/nitu.mx\/#website\",\"url\":\"https:\/\/nitu.mx\/\",\"name\":\"Nitu - Noticias de la Industria Turistica\",\"description\":\"Noticias de la Industria Turistica\",\"publisher\":{\"@id\":\"https:\/\/nitu.mx\/#\/schema\/person\/ae7a53426417292d3dd07b45a33e01bc\"},\"alternateName\":\"Noticias de la Industria Turistica\",\"potentialAction\":[{\"@type\":\"SearchAction\",\"target\":{\"@type\":\"EntryPoint\",\"urlTemplate\":\"https:\/\/nitu.mx\/?s={search_term_string}\"},\"query-input\":\"required name=search_term_string\"}],\"inLanguage\":\"es-MX\"},{\"@type\":[\"Person\",\"Organization\"],\"@id\":\"https:\/\/nitu.mx\/#\/schema\/person\/ae7a53426417292d3dd07b45a33e01bc\",\"name\":\"Arturo Medina\",\"image\":{\"@type\":\"ImageObject\",\"inLanguage\":\"es-MX\",\"@id\":\"https:\/\/nitu.mx\/#\/schema\/person\/image\/\",\"url\":\"https:\/\/nitu.mx\/wp-content\/uploads\/2024\/04\/4A315622-1904-4D5C-B022-878CDC840E04-90x90-1.jpeg\",\"contentUrl\":\"https:\/\/nitu.mx\/wp-content\/uploads\/2024\/04\/4A315622-1904-4D5C-B022-878CDC840E04-90x90-1.jpeg\",\"width\":90,\"height\":90,\"caption\":\"Arturo Medina\"},\"logo\":{\"@id\":\"https:\/\/nitu.mx\/#\/schema\/person\/image\/\"},\"description\":\"Director NITU.mx, Egresado de la Escuela de Periodismo Carlos Septi\u00e9n Garc\u00eda. Periodista y analista especializado en turismo desde hace 35 a\u00f1os, radicado en Canc\u00fan Q.Roo. arturo@nitu.mx\",\"sameAs\":[\"https:\/\/nitu.mx\",\"https:\/\/www.facebook.com\/NITUmx\/\",\"medinacancun\",\"https:\/\/twitter.com\/@Arturo_Medina_G\"]},{\"@type\":\"Person\",\"@id\":\"https:\/\/nitu.mx\/#\/schema\/person\/4a28fe9bd65924f7c90623773daf1b0b\",\"name\":\"Redacci\u00f3n\",\"image\":{\"@type\":\"ImageObject\",\"inLanguage\":\"es-MX\",\"@id\":\"https:\/\/nitu.mx\/#\/schema\/person\/image\/\",\"url\":\"https:\/\/secure.gravatar.com\/avatar\/5dd011c8ccfc5cd7e4c81e42252aab38?s=96&d=mm&r=g\",\"contentUrl\":\"https:\/\/secure.gravatar.com\/avatar\/5dd011c8ccfc5cd7e4c81e42252aab38?s=96&d=mm&r=g\",\"caption\":\"Redacci\u00f3n\"},\"url\":\"https:\/\/nitu.mx\/index.php\/author\/redaccion\/\"}]}<\/script>\n<!-- \/ Yoast SEO plugin. -->","yoast_head_json":{"title":"WTTC alerta que faltar\u00e1n 43 millones de empleos tur\u00edsticos para la demanda de 2035 - Nitu - Noticias de la Industria Turistica","robots":{"index":"index","follow":"follow","max-snippet":"max-snippet:-1","max-image-preview":"max-image-preview:large","max-video-preview":"max-video-preview:-1"},"canonical":"https:\/\/nitu.mx\/index.php\/2025\/09\/30\/wttc-alerta-que-faltaran-43-millones-de-empleos-turisticos-para-la-demanda-de-2035\/","twitter_card":"summary_large_image","twitter_title":"WTTC alerta que faltar\u00e1n 43 millones de empleos tur\u00edsticos para la demanda de 2035 - Nitu - Noticias de la Industria Turistica","twitter_description":"El Consejo Mundial de Viajes y Turismo (WTTC) present\u00f3 un informe clave que revela que, aunque el sector est\u00e1 en camino de representar uno de cada tres nuevos empleos en el mundo para 2035, los cambios demogr\u00e1ficos y estructurales podr\u00edan producir una escasez de m\u00e1s de 43\u202fmillones de personas si no se act\u00faa. El informe\u00a0Future [&hellip;]","twitter_image":"https:\/\/nitu.mx\/wp-content\/uploads\/2025\/09\/WTTC-cumbre-2025-empleo-turistico.jpg","twitter_creator":"@NITUmx","twitter_site":"@Arturo_Medina_G","twitter_misc":{"Escrito por":"Redacci\u00f3n","Tiempo de lectura":"5 minutos"},"schema":{"@context":"https:\/\/schema.org","@graph":[{"@type":"Article","@id":"https:\/\/nitu.mx\/index.php\/2025\/09\/30\/wttc-alerta-que-faltaran-43-millones-de-empleos-turisticos-para-la-demanda-de-2035\/#article","isPartOf":{"@id":"https:\/\/nitu.mx\/index.php\/2025\/09\/30\/wttc-alerta-que-faltaran-43-millones-de-empleos-turisticos-para-la-demanda-de-2035\/"},"author":{"name":"Redacci\u00f3n","@id":"https:\/\/nitu.mx\/#\/schema\/person\/4a28fe9bd65924f7c90623773daf1b0b"},"headline":"WTTC alerta que faltar\u00e1n 43 millones de empleos tur\u00edsticos para la demanda de 2035","datePublished":"2025-10-01T01:08:29+00:00","dateModified":"2025-10-01T01:14:30+00:00","mainEntityOfPage":{"@id":"https:\/\/nitu.mx\/index.php\/2025\/09\/30\/wttc-alerta-que-faltaran-43-millones-de-empleos-turisticos-para-la-demanda-de-2035\/"},"wordCount":1091,"publisher":{"@id":"https:\/\/nitu.mx\/#\/schema\/person\/ae7a53426417292d3dd07b45a33e01bc"},"image":{"@id":"https:\/\/nitu.mx\/index.php\/2025\/09\/30\/wttc-alerta-que-faltaran-43-millones-de-empleos-turisticos-para-la-demanda-de-2035\/#primaryimage"},"thumbnailUrl":"https:\/\/nitu.mx\/wp-content\/uploads\/2025\/09\/WTTC-cumbre-2025-empleo-turistico.jpg","keywords":["Empleo tur\u00edstico","Gloria Guevara","WTTC"],"articleSection":["Marketing"],"inLanguage":"es-MX"},{"@type":"WebPage","@id":"https:\/\/nitu.mx\/index.php\/2025\/09\/30\/wttc-alerta-que-faltaran-43-millones-de-empleos-turisticos-para-la-demanda-de-2035\/","url":"https:\/\/nitu.mx\/index.php\/2025\/09\/30\/wttc-alerta-que-faltaran-43-millones-de-empleos-turisticos-para-la-demanda-de-2035\/","name":"WTTC alerta que faltar\u00e1n 43 millones de empleos tur\u00edsticos para la demanda de 2035 - Nitu - Noticias de la Industria Turistica","isPartOf":{"@id":"https:\/\/nitu.mx\/#website"},"primaryImageOfPage":{"@id":"https:\/\/nitu.mx\/index.php\/2025\/09\/30\/wttc-alerta-que-faltaran-43-millones-de-empleos-turisticos-para-la-demanda-de-2035\/#primaryimage"},"image":{"@id":"https:\/\/nitu.mx\/index.php\/2025\/09\/30\/wttc-alerta-que-faltaran-43-millones-de-empleos-turisticos-para-la-demanda-de-2035\/#primaryimage"},"thumbnailUrl":"https:\/\/nitu.mx\/wp-content\/uploads\/2025\/09\/WTTC-cumbre-2025-empleo-turistico.jpg","datePublished":"2025-10-01T01:08:29+00:00","dateModified":"2025-10-01T01:14:30+00:00","breadcrumb":{"@id":"https:\/\/nitu.mx\/index.php\/2025\/09\/30\/wttc-alerta-que-faltaran-43-millones-de-empleos-turisticos-para-la-demanda-de-2035\/#breadcrumb"},"inLanguage":"es-MX","potentialAction":[{"@type":"ReadAction","target":["https:\/\/nitu.mx\/index.php\/2025\/09\/30\/wttc-alerta-que-faltaran-43-millones-de-empleos-turisticos-para-la-demanda-de-2035\/"]}]},{"@type":"ImageObject","inLanguage":"es-MX","@id":"https:\/\/nitu.mx\/index.php\/2025\/09\/30\/wttc-alerta-que-faltaran-43-millones-de-empleos-turisticos-para-la-demanda-de-2035\/#primaryimage","url":"https:\/\/nitu.mx\/wp-content\/uploads\/2025\/09\/WTTC-cumbre-2025-empleo-turistico.jpg","contentUrl":"https:\/\/nitu.mx\/wp-content\/uploads\/2025\/09\/WTTC-cumbre-2025-empleo-turistico.jpg","width":1200,"height":675,"caption":"WTTC cumbre 2025 empleo tur\u00edstico"},{"@type":"BreadcrumbList","@id":"https:\/\/nitu.mx\/index.php\/2025\/09\/30\/wttc-alerta-que-faltaran-43-millones-de-empleos-turisticos-para-la-demanda-de-2035\/#breadcrumb","itemListElement":[{"@type":"ListItem","position":1,"name":"Inicio","item":"https:\/\/nitu.mx\/"},{"@type":"ListItem","position":2,"name":"WTTC alerta que faltar\u00e1n 43 millones de empleos tur\u00edsticos para la demanda de 2035"}]},{"@type":"WebSite","@id":"https:\/\/nitu.mx\/#website","url":"https:\/\/nitu.mx\/","name":"Nitu - Noticias de la Industria Turistica","description":"Noticias de la Industria Turistica","publisher":{"@id":"https:\/\/nitu.mx\/#\/schema\/person\/ae7a53426417292d3dd07b45a33e01bc"},"alternateName":"Noticias de la Industria Turistica","potentialAction":[{"@type":"SearchAction","target":{"@type":"EntryPoint","urlTemplate":"https:\/\/nitu.mx\/?s={search_term_string}"},"query-input":"required name=search_term_string"}],"inLanguage":"es-MX"},{"@type":["Person","Organization"],"@id":"https:\/\/nitu.mx\/#\/schema\/person\/ae7a53426417292d3dd07b45a33e01bc","name":"Arturo Medina","image":{"@type":"ImageObject","inLanguage":"es-MX","@id":"https:\/\/nitu.mx\/#\/schema\/person\/image\/","url":"https:\/\/nitu.mx\/wp-content\/uploads\/2024\/04\/4A315622-1904-4D5C-B022-878CDC840E04-90x90-1.jpeg","contentUrl":"https:\/\/nitu.mx\/wp-content\/uploads\/2024\/04\/4A315622-1904-4D5C-B022-878CDC840E04-90x90-1.jpeg","width":90,"height":90,"caption":"Arturo Medina"},"logo":{"@id":"https:\/\/nitu.mx\/#\/schema\/person\/image\/"},"description":"Director NITU.mx, Egresado de la Escuela de Periodismo Carlos Septi\u00e9n Garc\u00eda. Periodista y analista especializado en turismo desde hace 35 a\u00f1os, radicado en Canc\u00fan Q.Roo. arturo@nitu.mx","sameAs":["https:\/\/nitu.mx","https:\/\/www.facebook.com\/NITUmx\/","medinacancun","https:\/\/twitter.com\/@Arturo_Medina_G"]},{"@type":"Person","@id":"https:\/\/nitu.mx\/#\/schema\/person\/4a28fe9bd65924f7c90623773daf1b0b","name":"Redacci\u00f3n","image":{"@type":"ImageObject","inLanguage":"es-MX","@id":"https:\/\/nitu.mx\/#\/schema\/person\/image\/","url":"https:\/\/secure.gravatar.com\/avatar\/5dd011c8ccfc5cd7e4c81e42252aab38?s=96&d=mm&r=g","contentUrl":"https:\/\/secure.gravatar.com\/avatar\/5dd011c8ccfc5cd7e4c81e42252aab38?s=96&d=mm&r=g","caption":"Redacci\u00f3n"},"url":"https:\/\/nitu.mx\/index.php\/author\/redaccion\/"}]}},"views":643,"_links":{"self":[{"href":"https:\/\/nitu.mx\/index.php\/wp-json\/wp\/v2\/posts\/83718"}],"collection":[{"href":"https:\/\/nitu.mx\/index.php\/wp-json\/wp\/v2\/posts"}],"about":[{"href":"https:\/\/nitu.mx\/index.php\/wp-json\/wp\/v2\/types\/post"}],"author":[{"embeddable":true,"href":"https:\/\/nitu.mx\/index.php\/wp-json\/wp\/v2\/users\/17"}],"replies":[{"embeddable":true,"href":"https:\/\/nitu.mx\/index.php\/wp-json\/wp\/v2\/comments?post=83718"}],"version-history":[{"count":3,"href":"https:\/\/nitu.mx\/index.php\/wp-json\/wp\/v2\/posts\/83718\/revisions"}],"predecessor-version":[{"id":83724,"href":"https:\/\/nitu.mx\/index.php\/wp-json\/wp\/v2\/posts\/83718\/revisions\/83724"}],"wp:featuredmedia":[{"embeddable":true,"href":"https:\/\/nitu.mx\/index.php\/wp-json\/wp\/v2\/media\/83720"}],"wp:attachment":[{"href":"https:\/\/nitu.mx\/index.php\/wp-json\/wp\/v2\/media?parent=83718"}],"wp:term":[{"taxonomy":"category","embeddable":true,"href":"https:\/\/nitu.mx\/index.php\/wp-json\/wp\/v2\/categories?post=83718"},{"taxonomy":"post_tag","embeddable":true,"href":"https:\/\/nitu.mx\/index.php\/wp-json\/wp\/v2\/tags?post=83718"}],"curies":[{"name":"wp","href":"https:\/\/api.w.org\/{rel}","templated":true}]}}