{"id":83706,"date":"2025-09-29T18:54:10","date_gmt":"2025-09-30T00:54:10","guid":{"rendered":"https:\/\/nitu.mx\/?p=83706"},"modified":"2025-09-29T18:54:10","modified_gmt":"2025-09-30T00:54:10","slug":"mexico-registra-mas-de-82-millones-de-pasajeros-aereos-de-enero-a-agosto","status":"publish","type":"post","link":"https:\/\/nitu.mx\/index.php\/2025\/09\/29\/mexico-registra-mas-de-82-millones-de-pasajeros-aereos-de-enero-a-agosto\/","title":{"rendered":"M\u00e9xico registra m\u00e1s de 82 millones de pasajeros a\u00e9reos de enero a agosto"},"content":{"rendered":"\n<p>La secretaria de Turismo federal, Josefina Rodr\u00edguez Zamora, dio a conocer que, entre enero y agosto de 2025, se transportaron m\u00e1s de 82 millones de pasajeros en vuelos nacionales e internacionales en M\u00e9xico.<\/p>\n\n\n\n<p>La titular de la Secretar\u00eda de Turismo (Sectur) detall\u00f3 que, de acuerdo con informaci\u00f3n de la Agencia Federal de Aviaci\u00f3n Civil (AFAC), el transporte a\u00e9reo nacional e internacional mostr\u00f3 un desempe\u00f1o positivo, consolidando a nuestro pa\u00eds como uno de los principales centros de conectividad a\u00e9rea en la regi\u00f3n.<\/p>\n\n\n\n<p>Subray\u00f3 que en vuelos nacionales regulares se transportaron 42 millones 156 mil pasajeros durante los primeros ocho meses del a\u00f1o, lo que representa un crecimiento de 3.6 por ciento respecto al mismo periodo de 2024, cuando se movilizaron 40 millones 688 mil personas.<\/p>\n\n\n\n<p>Igualmente, destac\u00f3 el desempe\u00f1o de las aerol\u00edneas mexicanas en el mercado internacional, ya que de enero a agosto de 2025 transportaron 11 millones 966 mil pasajeros, un 5.6 por ciento m\u00e1s que en 2024, cuando movilizaron 11 millones 328 mil.<\/p>\n\n\n\n<p>Expuso que, en vuelos nacionales, las aerol\u00edneas con mayor flujo de pasajeros durante el periodo de enero a agosto de 2025 fueron Viva y Volaris, con 30 millones 916 mil pasajeros, 7.4 por ciento m\u00e1s que en 2024.<\/p>\n\n\n\n<p>Rodr\u00edguez Zamora refiri\u00f3 que, en cuanto a los vuelos internacionales regulares en el mismo lapso, se registr\u00f3 el traslado de 40 millones 215 mil pasajeros, equivalente a un incremento de 1.7 por ciento en comparaci\u00f3n con los 39 millones 558 mil transportados en 2024.<\/p>\n\n\n\n<p>En este tenor, sostuvo que las principales aerol\u00edneas mexicanas que transportaron pasajeros en vuelos internacionales durante los primeros ocho meses de 2025 fueron Aerom\u00e9xico y Volaris, con 9 millones 473 mil pasajeros, 4.6 por ciento m\u00e1s que el a\u00f1o anterior.<\/p>\n\n\n\n<p>Por otro lado, las aerol\u00edneas estadounidenses que en este lapso tuvieron el mayor flujo de pasajeros fueron American Airlines y United Airlines, que en su conjunto sumaron 9 millones 87 mil pasajeros.<\/p>\n\n\n\n<p>\u201cEstos resultados reflejan la fortaleza y dinamismo de la industria a\u00e9rea mexicana, as\u00ed como el trabajo coordinado entre el sector y el Gobierno de M\u00e9xico para impulsar la conectividad, el turismo y la competitividad del pa\u00eds\u201d, concluy\u00f3 la secretaria de Turismo. (<a href=\"https:\/\/nitu.mx\/index.php\/2025\/09\/16\/mexico-supera-los-72-millones-de-pasajeros-aereos-entre-enero-y-julio-de-2025\/\">M\u00e9xico supera los 72 millones de pasajeros a\u00e9reos entre enero y julio de 2025<\/a>).<\/p>\n","protected":false},"excerpt":{"rendered":"<p>La secretaria de Turismo federal, Josefina Rodr\u00edguez Zamora, dio a conocer que, entre enero y agosto de 2025, se transportaron m\u00e1s de 82 millones de pasajeros en vuelos nacionales e internacionales en M\u00e9xico. La titular de la Secretar\u00eda de Turismo (Sectur) detall\u00f3 que, de acuerdo con informaci\u00f3n de la Agencia Federal de Aviaci\u00f3n Civil (AFAC), [&hellip;]<\/p>\n","protected":false},"author":17,"featured_media":76975,"comment_status":"closed","ping_status":"closed","sticky":false,"template":"","format":"standard","meta":{"footnotes":""},"categories":[29],"tags":[30,25659,5692,93],"yoast_head":"<!-- This site is optimized with the Yoast SEO plugin v22.2 - https:\/\/yoast.com\/wordpress\/plugins\/seo\/ -->\n<title>M\u00e9xico registra m\u00e1s de 82 millones de pasajeros a\u00e9reos de enero a agosto - Nitu - Noticias de la Industria Turistica<\/title>\n<meta name=\"robots\" content=\"index, follow, max-snippet:-1, max-image-preview:large, max-video-preview:-1\" \/>\n<link rel=\"canonical\" href=\"https:\/\/nitu.mx\/index.php\/2025\/09\/29\/mexico-registra-mas-de-82-millones-de-pasajeros-aereos-de-enero-a-agosto\/\" \/>\n<meta name=\"twitter:card\" content=\"summary_large_image\" \/>\n<meta name=\"twitter:title\" content=\"M\u00e9xico registra m\u00e1s de 82 millones de pasajeros a\u00e9reos de enero a agosto - Nitu - Noticias de la Industria Turistica\" \/>\n<meta name=\"twitter:description\" content=\"La secretaria de Turismo federal, Josefina Rodr\u00edguez Zamora, dio a conocer que, entre enero y agosto de 2025, se transportaron m\u00e1s de 82 millones de pasajeros en vuelos nacionales e internacionales en M\u00e9xico. La titular de la Secretar\u00eda de Turismo (Sectur) detall\u00f3 que, de acuerdo con informaci\u00f3n de la Agencia Federal de Aviaci\u00f3n Civil (AFAC), [&hellip;]\" \/>\n<meta name=\"twitter:image\" content=\"https:\/\/nitu.mx\/wp-content\/uploads\/2024\/11\/Aeropuerto-de-Cancun-pasajeros.jpg\" \/>\n<meta name=\"twitter:creator\" content=\"@NITUmx\" \/>\n<meta name=\"twitter:site\" content=\"@Arturo_Medina_G\" \/>\n<meta name=\"twitter:label1\" content=\"Escrito por\" \/>\n\t<meta name=\"twitter:data1\" content=\"Redacci\u00f3n\" \/>\n\t<meta name=\"twitter:label2\" content=\"Tiempo de lectura\" \/>\n\t<meta name=\"twitter:data2\" content=\"2 minutos\" \/>\n<script type=\"application\/ld+json\" class=\"yoast-schema-graph\">{\"@context\":\"https:\/\/schema.org\",\"@graph\":[{\"@type\":\"Article\",\"@id\":\"https:\/\/nitu.mx\/index.php\/2025\/09\/29\/mexico-registra-mas-de-82-millones-de-pasajeros-aereos-de-enero-a-agosto\/#article\",\"isPartOf\":{\"@id\":\"https:\/\/nitu.mx\/index.php\/2025\/09\/29\/mexico-registra-mas-de-82-millones-de-pasajeros-aereos-de-enero-a-agosto\/\"},\"author\":{\"name\":\"Redacci\u00f3n\",\"@id\":\"https:\/\/nitu.mx\/#\/schema\/person\/4a28fe9bd65924f7c90623773daf1b0b\"},\"headline\":\"M\u00e9xico registra m\u00e1s de 82 millones de pasajeros a\u00e9reos de enero a agosto\",\"datePublished\":\"2025-09-30T00:54:10+00:00\",\"dateModified\":\"2025-09-30T00:54:10+00:00\",\"mainEntityOfPage\":{\"@id\":\"https:\/\/nitu.mx\/index.php\/2025\/09\/29\/mexico-registra-mas-de-82-millones-de-pasajeros-aereos-de-enero-a-agosto\/\"},\"wordCount\":383,\"publisher\":{\"@id\":\"https:\/\/nitu.mx\/#\/schema\/person\/ae7a53426417292d3dd07b45a33e01bc\"},\"image\":{\"@id\":\"https:\/\/nitu.mx\/index.php\/2025\/09\/29\/mexico-registra-mas-de-82-millones-de-pasajeros-aereos-de-enero-a-agosto\/#primaryimage\"},\"thumbnailUrl\":\"https:\/\/nitu.mx\/wp-content\/uploads\/2024\/11\/Aeropuerto-de-Cancun-pasajeros.jpg\",\"keywords\":[\"Aerom\u00e9xico\",\"Josefina Rodr\u00edguez\",\"pasajeros a\u00e9reos\",\"Sectur\"],\"articleSection\":[\"Aerol\u00edneas\"],\"inLanguage\":\"es-MX\"},{\"@type\":\"WebPage\",\"@id\":\"https:\/\/nitu.mx\/index.php\/2025\/09\/29\/mexico-registra-mas-de-82-millones-de-pasajeros-aereos-de-enero-a-agosto\/\",\"url\":\"https:\/\/nitu.mx\/index.php\/2025\/09\/29\/mexico-registra-mas-de-82-millones-de-pasajeros-aereos-de-enero-a-agosto\/\",\"name\":\"M\u00e9xico registra m\u00e1s de 82 millones de pasajeros a\u00e9reos de enero a agosto - Nitu - Noticias de la Industria Turistica\",\"isPartOf\":{\"@id\":\"https:\/\/nitu.mx\/#website\"},\"primaryImageOfPage\":{\"@id\":\"https:\/\/nitu.mx\/index.php\/2025\/09\/29\/mexico-registra-mas-de-82-millones-de-pasajeros-aereos-de-enero-a-agosto\/#primaryimage\"},\"image\":{\"@id\":\"https:\/\/nitu.mx\/index.php\/2025\/09\/29\/mexico-registra-mas-de-82-millones-de-pasajeros-aereos-de-enero-a-agosto\/#primaryimage\"},\"thumbnailUrl\":\"https:\/\/nitu.mx\/wp-content\/uploads\/2024\/11\/Aeropuerto-de-Cancun-pasajeros.jpg\",\"datePublished\":\"2025-09-30T00:54:10+00:00\",\"dateModified\":\"2025-09-30T00:54:10+00:00\",\"breadcrumb\":{\"@id\":\"https:\/\/nitu.mx\/index.php\/2025\/09\/29\/mexico-registra-mas-de-82-millones-de-pasajeros-aereos-de-enero-a-agosto\/#breadcrumb\"},\"inLanguage\":\"es-MX\",\"potentialAction\":[{\"@type\":\"ReadAction\",\"target\":[\"https:\/\/nitu.mx\/index.php\/2025\/09\/29\/mexico-registra-mas-de-82-millones-de-pasajeros-aereos-de-enero-a-agosto\/\"]}]},{\"@type\":\"ImageObject\",\"inLanguage\":\"es-MX\",\"@id\":\"https:\/\/nitu.mx\/index.php\/2025\/09\/29\/mexico-registra-mas-de-82-millones-de-pasajeros-aereos-de-enero-a-agosto\/#primaryimage\",\"url\":\"https:\/\/nitu.mx\/wp-content\/uploads\/2024\/11\/Aeropuerto-de-Cancun-pasajeros.jpg\",\"contentUrl\":\"https:\/\/nitu.mx\/wp-content\/uploads\/2024\/11\/Aeropuerto-de-Cancun-pasajeros.jpg\",\"width\":1200,\"height\":675,\"caption\":\"Aeropuerto de Canc\u00fan pasajeros\"},{\"@type\":\"BreadcrumbList\",\"@id\":\"https:\/\/nitu.mx\/index.php\/2025\/09\/29\/mexico-registra-mas-de-82-millones-de-pasajeros-aereos-de-enero-a-agosto\/#breadcrumb\",\"itemListElement\":[{\"@type\":\"ListItem\",\"position\":1,\"name\":\"Inicio\",\"item\":\"https:\/\/nitu.mx\/\"},{\"@type\":\"ListItem\",\"position\":2,\"name\":\"M\u00e9xico registra m\u00e1s de 82 millones de pasajeros a\u00e9reos de enero a agosto\"}]},{\"@type\":\"WebSite\",\"@id\":\"https:\/\/nitu.mx\/#website\",\"url\":\"https:\/\/nitu.mx\/\",\"name\":\"Nitu - Noticias de la Industria Turistica\",\"description\":\"Noticias de la Industria Turistica\",\"publisher\":{\"@id\":\"https:\/\/nitu.mx\/#\/schema\/person\/ae7a53426417292d3dd07b45a33e01bc\"},\"alternateName\":\"Noticias de la Industria Turistica\",\"potentialAction\":[{\"@type\":\"SearchAction\",\"target\":{\"@type\":\"EntryPoint\",\"urlTemplate\":\"https:\/\/nitu.mx\/?s={search_term_string}\"},\"query-input\":\"required name=search_term_string\"}],\"inLanguage\":\"es-MX\"},{\"@type\":[\"Person\",\"Organization\"],\"@id\":\"https:\/\/nitu.mx\/#\/schema\/person\/ae7a53426417292d3dd07b45a33e01bc\",\"name\":\"Arturo Medina\",\"image\":{\"@type\":\"ImageObject\",\"inLanguage\":\"es-MX\",\"@id\":\"https:\/\/nitu.mx\/#\/schema\/person\/image\/\",\"url\":\"https:\/\/nitu.mx\/wp-content\/uploads\/2024\/04\/4A315622-1904-4D5C-B022-878CDC840E04-90x90-1.jpeg\",\"contentUrl\":\"https:\/\/nitu.mx\/wp-content\/uploads\/2024\/04\/4A315622-1904-4D5C-B022-878CDC840E04-90x90-1.jpeg\",\"width\":90,\"height\":90,\"caption\":\"Arturo Medina\"},\"logo\":{\"@id\":\"https:\/\/nitu.mx\/#\/schema\/person\/image\/\"},\"description\":\"Director NITU.mx, Egresado de la Escuela de Periodismo Carlos Septi\u00e9n Garc\u00eda. Periodista y analista especializado en turismo desde hace 35 a\u00f1os, radicado en Canc\u00fan Q.Roo. arturo@nitu.mx\",\"sameAs\":[\"https:\/\/nitu.mx\",\"https:\/\/www.facebook.com\/NITUmx\/\",\"medinacancun\",\"https:\/\/twitter.com\/@Arturo_Medina_G\"]},{\"@type\":\"Person\",\"@id\":\"https:\/\/nitu.mx\/#\/schema\/person\/4a28fe9bd65924f7c90623773daf1b0b\",\"name\":\"Redacci\u00f3n\",\"image\":{\"@type\":\"ImageObject\",\"inLanguage\":\"es-MX\",\"@id\":\"https:\/\/nitu.mx\/#\/schema\/person\/image\/\",\"url\":\"https:\/\/secure.gravatar.com\/avatar\/5dd011c8ccfc5cd7e4c81e42252aab38?s=96&d=mm&r=g\",\"contentUrl\":\"https:\/\/secure.gravatar.com\/avatar\/5dd011c8ccfc5cd7e4c81e42252aab38?s=96&d=mm&r=g\",\"caption\":\"Redacci\u00f3n\"},\"url\":\"https:\/\/nitu.mx\/index.php\/author\/redaccion\/\"}]}<\/script>\n<!-- \/ Yoast SEO plugin. -->","yoast_head_json":{"title":"M\u00e9xico registra m\u00e1s de 82 millones de pasajeros a\u00e9reos de enero a agosto - Nitu - Noticias de la Industria Turistica","robots":{"index":"index","follow":"follow","max-snippet":"max-snippet:-1","max-image-preview":"max-image-preview:large","max-video-preview":"max-video-preview:-1"},"canonical":"https:\/\/nitu.mx\/index.php\/2025\/09\/29\/mexico-registra-mas-de-82-millones-de-pasajeros-aereos-de-enero-a-agosto\/","twitter_card":"summary_large_image","twitter_title":"M\u00e9xico registra m\u00e1s de 82 millones de pasajeros a\u00e9reos de enero a agosto - Nitu - Noticias de la Industria Turistica","twitter_description":"La secretaria de Turismo federal, Josefina Rodr\u00edguez Zamora, dio a conocer que, entre enero y agosto de 2025, se transportaron m\u00e1s de 82 millones de pasajeros en vuelos nacionales e internacionales en M\u00e9xico. La titular de la Secretar\u00eda de Turismo (Sectur) detall\u00f3 que, de acuerdo con informaci\u00f3n de la Agencia Federal de Aviaci\u00f3n Civil (AFAC), [&hellip;]","twitter_image":"https:\/\/nitu.mx\/wp-content\/uploads\/2024\/11\/Aeropuerto-de-Cancun-pasajeros.jpg","twitter_creator":"@NITUmx","twitter_site":"@Arturo_Medina_G","twitter_misc":{"Escrito por":"Redacci\u00f3n","Tiempo de lectura":"2 minutos"},"schema":{"@context":"https:\/\/schema.org","@graph":[{"@type":"Article","@id":"https:\/\/nitu.mx\/index.php\/2025\/09\/29\/mexico-registra-mas-de-82-millones-de-pasajeros-aereos-de-enero-a-agosto\/#article","isPartOf":{"@id":"https:\/\/nitu.mx\/index.php\/2025\/09\/29\/mexico-registra-mas-de-82-millones-de-pasajeros-aereos-de-enero-a-agosto\/"},"author":{"name":"Redacci\u00f3n","@id":"https:\/\/nitu.mx\/#\/schema\/person\/4a28fe9bd65924f7c90623773daf1b0b"},"headline":"M\u00e9xico registra m\u00e1s de 82 millones de pasajeros a\u00e9reos de enero a agosto","datePublished":"2025-09-30T00:54:10+00:00","dateModified":"2025-09-30T00:54:10+00:00","mainEntityOfPage":{"@id":"https:\/\/nitu.mx\/index.php\/2025\/09\/29\/mexico-registra-mas-de-82-millones-de-pasajeros-aereos-de-enero-a-agosto\/"},"wordCount":383,"publisher":{"@id":"https:\/\/nitu.mx\/#\/schema\/person\/ae7a53426417292d3dd07b45a33e01bc"},"image":{"@id":"https:\/\/nitu.mx\/index.php\/2025\/09\/29\/mexico-registra-mas-de-82-millones-de-pasajeros-aereos-de-enero-a-agosto\/#primaryimage"},"thumbnailUrl":"https:\/\/nitu.mx\/wp-content\/uploads\/2024\/11\/Aeropuerto-de-Cancun-pasajeros.jpg","keywords":["Aerom\u00e9xico","Josefina Rodr\u00edguez","pasajeros a\u00e9reos","Sectur"],"articleSection":["Aerol\u00edneas"],"inLanguage":"es-MX"},{"@type":"WebPage","@id":"https:\/\/nitu.mx\/index.php\/2025\/09\/29\/mexico-registra-mas-de-82-millones-de-pasajeros-aereos-de-enero-a-agosto\/","url":"https:\/\/nitu.mx\/index.php\/2025\/09\/29\/mexico-registra-mas-de-82-millones-de-pasajeros-aereos-de-enero-a-agosto\/","name":"M\u00e9xico registra m\u00e1s de 82 millones de pasajeros a\u00e9reos de enero a agosto - Nitu - Noticias de la Industria Turistica","isPartOf":{"@id":"https:\/\/nitu.mx\/#website"},"primaryImageOfPage":{"@id":"https:\/\/nitu.mx\/index.php\/2025\/09\/29\/mexico-registra-mas-de-82-millones-de-pasajeros-aereos-de-enero-a-agosto\/#primaryimage"},"image":{"@id":"https:\/\/nitu.mx\/index.php\/2025\/09\/29\/mexico-registra-mas-de-82-millones-de-pasajeros-aereos-de-enero-a-agosto\/#primaryimage"},"thumbnailUrl":"https:\/\/nitu.mx\/wp-content\/uploads\/2024\/11\/Aeropuerto-de-Cancun-pasajeros.jpg","datePublished":"2025-09-30T00:54:10+00:00","dateModified":"2025-09-30T00:54:10+00:00","breadcrumb":{"@id":"https:\/\/nitu.mx\/index.php\/2025\/09\/29\/mexico-registra-mas-de-82-millones-de-pasajeros-aereos-de-enero-a-agosto\/#breadcrumb"},"inLanguage":"es-MX","potentialAction":[{"@type":"ReadAction","target":["https:\/\/nitu.mx\/index.php\/2025\/09\/29\/mexico-registra-mas-de-82-millones-de-pasajeros-aereos-de-enero-a-agosto\/"]}]},{"@type":"ImageObject","inLanguage":"es-MX","@id":"https:\/\/nitu.mx\/index.php\/2025\/09\/29\/mexico-registra-mas-de-82-millones-de-pasajeros-aereos-de-enero-a-agosto\/#primaryimage","url":"https:\/\/nitu.mx\/wp-content\/uploads\/2024\/11\/Aeropuerto-de-Cancun-pasajeros.jpg","contentUrl":"https:\/\/nitu.mx\/wp-content\/uploads\/2024\/11\/Aeropuerto-de-Cancun-pasajeros.jpg","width":1200,"height":675,"caption":"Aeropuerto de Canc\u00fan pasajeros"},{"@type":"BreadcrumbList","@id":"https:\/\/nitu.mx\/index.php\/2025\/09\/29\/mexico-registra-mas-de-82-millones-de-pasajeros-aereos-de-enero-a-agosto\/#breadcrumb","itemListElement":[{"@type":"ListItem","position":1,"name":"Inicio","item":"https:\/\/nitu.mx\/"},{"@type":"ListItem","position":2,"name":"M\u00e9xico registra m\u00e1s de 82 millones de pasajeros a\u00e9reos de enero a agosto"}]},{"@type":"WebSite","@id":"https:\/\/nitu.mx\/#website","url":"https:\/\/nitu.mx\/","name":"Nitu - Noticias de la Industria Turistica","description":"Noticias de la Industria Turistica","publisher":{"@id":"https:\/\/nitu.mx\/#\/schema\/person\/ae7a53426417292d3dd07b45a33e01bc"},"alternateName":"Noticias de la Industria Turistica","potentialAction":[{"@type":"SearchAction","target":{"@type":"EntryPoint","urlTemplate":"https:\/\/nitu.mx\/?s={search_term_string}"},"query-input":"required name=search_term_string"}],"inLanguage":"es-MX"},{"@type":["Person","Organization"],"@id":"https:\/\/nitu.mx\/#\/schema\/person\/ae7a53426417292d3dd07b45a33e01bc","name":"Arturo Medina","image":{"@type":"ImageObject","inLanguage":"es-MX","@id":"https:\/\/nitu.mx\/#\/schema\/person\/image\/","url":"https:\/\/nitu.mx\/wp-content\/uploads\/2024\/04\/4A315622-1904-4D5C-B022-878CDC840E04-90x90-1.jpeg","contentUrl":"https:\/\/nitu.mx\/wp-content\/uploads\/2024\/04\/4A315622-1904-4D5C-B022-878CDC840E04-90x90-1.jpeg","width":90,"height":90,"caption":"Arturo Medina"},"logo":{"@id":"https:\/\/nitu.mx\/#\/schema\/person\/image\/"},"description":"Director NITU.mx, Egresado de la Escuela de Periodismo Carlos Septi\u00e9n Garc\u00eda. Periodista y analista especializado en turismo desde hace 35 a\u00f1os, radicado en Canc\u00fan Q.Roo. arturo@nitu.mx","sameAs":["https:\/\/nitu.mx","https:\/\/www.facebook.com\/NITUmx\/","medinacancun","https:\/\/twitter.com\/@Arturo_Medina_G"]},{"@type":"Person","@id":"https:\/\/nitu.mx\/#\/schema\/person\/4a28fe9bd65924f7c90623773daf1b0b","name":"Redacci\u00f3n","image":{"@type":"ImageObject","inLanguage":"es-MX","@id":"https:\/\/nitu.mx\/#\/schema\/person\/image\/","url":"https:\/\/secure.gravatar.com\/avatar\/5dd011c8ccfc5cd7e4c81e42252aab38?s=96&d=mm&r=g","contentUrl":"https:\/\/secure.gravatar.com\/avatar\/5dd011c8ccfc5cd7e4c81e42252aab38?s=96&d=mm&r=g","caption":"Redacci\u00f3n"},"url":"https:\/\/nitu.mx\/index.php\/author\/redaccion\/"}]}},"views":480,"_links":{"self":[{"href":"https:\/\/nitu.mx\/index.php\/wp-json\/wp\/v2\/posts\/83706"}],"collection":[{"href":"https:\/\/nitu.mx\/index.php\/wp-json\/wp\/v2\/posts"}],"about":[{"href":"https:\/\/nitu.mx\/index.php\/wp-json\/wp\/v2\/types\/post"}],"author":[{"embeddable":true,"href":"https:\/\/nitu.mx\/index.php\/wp-json\/wp\/v2\/users\/17"}],"replies":[{"embeddable":true,"href":"https:\/\/nitu.mx\/index.php\/wp-json\/wp\/v2\/comments?post=83706"}],"version-history":[{"count":1,"href":"https:\/\/nitu.mx\/index.php\/wp-json\/wp\/v2\/posts\/83706\/revisions"}],"predecessor-version":[{"id":83708,"href":"https:\/\/nitu.mx\/index.php\/wp-json\/wp\/v2\/posts\/83706\/revisions\/83708"}],"wp:featuredmedia":[{"embeddable":true,"href":"https:\/\/nitu.mx\/index.php\/wp-json\/wp\/v2\/media\/76975"}],"wp:attachment":[{"href":"https:\/\/nitu.mx\/index.php\/wp-json\/wp\/v2\/media?parent=83706"}],"wp:term":[{"taxonomy":"category","embeddable":true,"href":"https:\/\/nitu.mx\/index.php\/wp-json\/wp\/v2\/categories?post=83706"},{"taxonomy":"post_tag","embeddable":true,"href":"https:\/\/nitu.mx\/index.php\/wp-json\/wp\/v2\/tags?post=83706"}],"curies":[{"name":"wp","href":"https:\/\/api.w.org\/{rel}","templated":true}]}}