{"id":83698,"date":"2025-09-29T17:30:00","date_gmt":"2025-09-29T23:30:00","guid":{"rendered":"https:\/\/nitu.mx\/?p=83698"},"modified":"2025-09-29T17:01:45","modified_gmt":"2025-09-29T23:01:45","slug":"universidad-expomayoristas-nueva-plataforma-para-la-capacitacion-y-alianzas-turisticas","status":"publish","type":"post","link":"https:\/\/nitu.mx\/index.php\/2025\/09\/29\/universidad-expomayoristas-nueva-plataforma-para-la-capacitacion-y-alianzas-turisticas\/","title":{"rendered":"Universidad ExpoMayoristas, nueva plataforma para la capacitaci\u00f3n y alianzas tur\u00edsticas"},"content":{"rendered":"\n<p>La Universidad ExpoMayoristas ya es una realidad. Esta nueva plataforma digital gratuita marca un hito en la forma en que se capacitan los agentes de viajes en M\u00e9xico y abre la posibilidad de que destinos, oficinas de promoci\u00f3n y empresas tur\u00edsticas participen como aliados estrat\u00e9gicos en un proyecto que busca profesionalizar y dinamizar la industria.<\/p>\n\n\n\n<p>Concebida como la primera certificaci\u00f3n digital avalada por ExpoMayoristas, la Universidad est\u00e1 dise\u00f1ada para ser mucho m\u00e1s que un repositorio de cursos: es un ecosistema de conocimiento, innovaci\u00f3n y colaboraci\u00f3n. Los agentes de viajes acceden a contenidos pr\u00e1cticos, din\u00e1micos y siempre actualizados que les permiten especializarse y traducir de inmediato lo aprendido en ventas concretas.<\/p>\n\n\n\n<p>Por su parte, los destinos y empresas que se suman al proyecto ganan visibilidad y conexi\u00f3n directa con quienes recomiendan y venden sus productos en el d\u00eda a d\u00eda.<\/p>\n\n\n\n<p>El modelo genera un c\u00edrculo virtuoso: los destinos comparten su riqueza cultural y tur\u00edstica, los operadores mayoristas respaldan la informaci\u00f3n y los agentes se certifican con el sello de ExpoMayoristas, elevando as\u00ed la competitividad de toda la cadena. <\/p>\n\n\n\n<p>Como se\u00f1al\u00f3 Javier Galicia, presidente de ExpoMayoristas: \u201cLa Universidad ExpoMayoristas no es solo un espacio para aprender, es un puente que conecta a toda la industria. Queremos generar alianzas reales, abrir nuevas rutas de negocio y dar visibilidad a destinos y productos con gran potencial de crecimiento\u201d.<\/p>\n\n\n\n<p>La plataforma arranca con tres certificaciones piloto: Viajero by MAS Servicios, Experto en Per\u00fa y Experto en Jordania, y ya se prepara para incorporar m\u00e1s pa\u00edses, marcas y operadores que deseen compartir su oferta a trav\u00e9s de este innovador formato. Los contenidos son 100% virtuales, accesibles en cualquier momento y dise\u00f1ados para adaptarse al ritmo de los agentes de viajes.<\/p>\n\n\n\n<p>Adem\u00e1s de certificaciones, la Universidad ExpoMayoristas ofrecer\u00e1 encuentros digitales, contenidos especializados y herramientas de venta, con el fin de enriquecer el trabajo diario de los agentes. Su car\u00e1cter gratuito garantiza que el acceso al conocimiento sea inclusivo, eliminando barreras y potenciando la profesionalizaci\u00f3n del sector a gran escala.<\/p>\n\n\n\n<p>El registro est\u00e1 abierto a trav\u00e9s de la plataforma o\ufb01cial: www.expomayoristas.mx\/universidadexpomayoristas.<\/p>\n\n\n\n<p>Con esta iniciativa, ExpoMayoristas reafirma sus m\u00e1s de 30 a\u00f1os de trayectoria como la asociaci\u00f3n l\u00edder de mayoristas de viajes en M\u00e9xico y da un paso decisivo hacia el futuro, colocando la capacitaci\u00f3n y la colaboraci\u00f3n como pilares del turismo moderno. (<a href=\"https:\/\/nitu.mx\/index.php\/2025\/07\/22\/expomayoristas-suma-a-brand-usa-como-aliado-para-la-segunda-mitad-de-2025\/\">ExpoMayoristas suma a Brand USA como aliado para la segunda mitad de 2025<\/a>).<\/p>\n","protected":false},"excerpt":{"rendered":"<p>La Universidad ExpoMayoristas ya es una realidad. Esta nueva plataforma digital gratuita marca un hito en la forma en que se capacitan los agentes de viajes en M\u00e9xico y abre la posibilidad de que destinos, oficinas de promoci\u00f3n y empresas tur\u00edsticas participen como aliados estrat\u00e9gicos en un proyecto que busca profesionalizar y dinamizar la industria. [&hellip;]<\/p>\n","protected":false},"author":17,"featured_media":81236,"comment_status":"closed","ping_status":"closed","sticky":false,"template":"","format":"standard","meta":{"footnotes":""},"categories":[3],"tags":[12017,1360,23170,27714],"yoast_head":"<!-- This site is optimized with the Yoast SEO plugin v22.2 - https:\/\/yoast.com\/wordpress\/plugins\/seo\/ -->\n<title>Universidad ExpoMayoristas, nueva plataforma para la capacitaci\u00f3n y alianzas tur\u00edsticas - Nitu - Noticias de la Industria Turistica<\/title>\n<meta name=\"robots\" content=\"index, follow, max-snippet:-1, max-image-preview:large, max-video-preview:-1\" \/>\n<link rel=\"canonical\" href=\"https:\/\/nitu.mx\/index.php\/2025\/09\/29\/universidad-expomayoristas-nueva-plataforma-para-la-capacitacion-y-alianzas-turisticas\/\" \/>\n<meta name=\"twitter:card\" content=\"summary_large_image\" \/>\n<meta name=\"twitter:title\" content=\"Universidad ExpoMayoristas, nueva plataforma para la capacitaci\u00f3n y alianzas tur\u00edsticas - Nitu - Noticias de la Industria Turistica\" \/>\n<meta name=\"twitter:description\" content=\"La Universidad ExpoMayoristas ya es una realidad. Esta nueva plataforma digital gratuita marca un hito en la forma en que se capacitan los agentes de viajes en M\u00e9xico y abre la posibilidad de que destinos, oficinas de promoci\u00f3n y empresas tur\u00edsticas participen como aliados estrat\u00e9gicos en un proyecto que busca profesionalizar y dinamizar la industria. [&hellip;]\" \/>\n<meta name=\"twitter:image\" content=\"https:\/\/nitu.mx\/wp-content\/uploads\/2025\/05\/ExpoMayoristas-foro-Merida-anuncio.jpg\" \/>\n<meta name=\"twitter:creator\" content=\"@NITUmx\" \/>\n<meta name=\"twitter:site\" content=\"@Arturo_Medina_G\" \/>\n<meta name=\"twitter:label1\" content=\"Escrito por\" \/>\n\t<meta name=\"twitter:data1\" content=\"Redacci\u00f3n\" \/>\n\t<meta name=\"twitter:label2\" content=\"Tiempo de lectura\" \/>\n\t<meta name=\"twitter:data2\" content=\"2 minutos\" \/>\n<script type=\"application\/ld+json\" class=\"yoast-schema-graph\">{\"@context\":\"https:\/\/schema.org\",\"@graph\":[{\"@type\":\"Article\",\"@id\":\"https:\/\/nitu.mx\/index.php\/2025\/09\/29\/universidad-expomayoristas-nueva-plataforma-para-la-capacitacion-y-alianzas-turisticas\/#article\",\"isPartOf\":{\"@id\":\"https:\/\/nitu.mx\/index.php\/2025\/09\/29\/universidad-expomayoristas-nueva-plataforma-para-la-capacitacion-y-alianzas-turisticas\/\"},\"author\":{\"name\":\"Redacci\u00f3n\",\"@id\":\"https:\/\/nitu.mx\/#\/schema\/person\/4a28fe9bd65924f7c90623773daf1b0b\"},\"headline\":\"Universidad ExpoMayoristas, nueva plataforma para la capacitaci\u00f3n y alianzas tur\u00edsticas\",\"datePublished\":\"2025-09-29T23:30:00+00:00\",\"dateModified\":\"2025-09-29T23:01:45+00:00\",\"mainEntityOfPage\":{\"@id\":\"https:\/\/nitu.mx\/index.php\/2025\/09\/29\/universidad-expomayoristas-nueva-plataforma-para-la-capacitacion-y-alianzas-turisticas\/\"},\"wordCount\":443,\"publisher\":{\"@id\":\"https:\/\/nitu.mx\/#\/schema\/person\/ae7a53426417292d3dd07b45a33e01bc\"},\"image\":{\"@id\":\"https:\/\/nitu.mx\/index.php\/2025\/09\/29\/universidad-expomayoristas-nueva-plataforma-para-la-capacitacion-y-alianzas-turisticas\/#primaryimage\"},\"thumbnailUrl\":\"https:\/\/nitu.mx\/wp-content\/uploads\/2025\/05\/ExpoMayoristas-foro-Merida-anuncio.jpg\",\"keywords\":[\"capacitaci\u00f3n\",\"Expomayoristas\",\"Javier Galicia\",\"Universidad ExpoMayoristas\"],\"articleSection\":[\"Agencias de Viajes\"],\"inLanguage\":\"es-MX\"},{\"@type\":\"WebPage\",\"@id\":\"https:\/\/nitu.mx\/index.php\/2025\/09\/29\/universidad-expomayoristas-nueva-plataforma-para-la-capacitacion-y-alianzas-turisticas\/\",\"url\":\"https:\/\/nitu.mx\/index.php\/2025\/09\/29\/universidad-expomayoristas-nueva-plataforma-para-la-capacitacion-y-alianzas-turisticas\/\",\"name\":\"Universidad ExpoMayoristas, nueva plataforma para la capacitaci\u00f3n y alianzas tur\u00edsticas - Nitu - Noticias de la Industria Turistica\",\"isPartOf\":{\"@id\":\"https:\/\/nitu.mx\/#website\"},\"primaryImageOfPage\":{\"@id\":\"https:\/\/nitu.mx\/index.php\/2025\/09\/29\/universidad-expomayoristas-nueva-plataforma-para-la-capacitacion-y-alianzas-turisticas\/#primaryimage\"},\"image\":{\"@id\":\"https:\/\/nitu.mx\/index.php\/2025\/09\/29\/universidad-expomayoristas-nueva-plataforma-para-la-capacitacion-y-alianzas-turisticas\/#primaryimage\"},\"thumbnailUrl\":\"https:\/\/nitu.mx\/wp-content\/uploads\/2025\/05\/ExpoMayoristas-foro-Merida-anuncio.jpg\",\"datePublished\":\"2025-09-29T23:30:00+00:00\",\"dateModified\":\"2025-09-29T23:01:45+00:00\",\"breadcrumb\":{\"@id\":\"https:\/\/nitu.mx\/index.php\/2025\/09\/29\/universidad-expomayoristas-nueva-plataforma-para-la-capacitacion-y-alianzas-turisticas\/#breadcrumb\"},\"inLanguage\":\"es-MX\",\"potentialAction\":[{\"@type\":\"ReadAction\",\"target\":[\"https:\/\/nitu.mx\/index.php\/2025\/09\/29\/universidad-expomayoristas-nueva-plataforma-para-la-capacitacion-y-alianzas-turisticas\/\"]}]},{\"@type\":\"ImageObject\",\"inLanguage\":\"es-MX\",\"@id\":\"https:\/\/nitu.mx\/index.php\/2025\/09\/29\/universidad-expomayoristas-nueva-plataforma-para-la-capacitacion-y-alianzas-turisticas\/#primaryimage\",\"url\":\"https:\/\/nitu.mx\/wp-content\/uploads\/2025\/05\/ExpoMayoristas-foro-Merida-anuncio.jpg\",\"contentUrl\":\"https:\/\/nitu.mx\/wp-content\/uploads\/2025\/05\/ExpoMayoristas-foro-Merida-anuncio.jpg\",\"width\":1200,\"height\":675,\"caption\":\"ExpoMayoristas foro M\u00e9rida anuncio\"},{\"@type\":\"BreadcrumbList\",\"@id\":\"https:\/\/nitu.mx\/index.php\/2025\/09\/29\/universidad-expomayoristas-nueva-plataforma-para-la-capacitacion-y-alianzas-turisticas\/#breadcrumb\",\"itemListElement\":[{\"@type\":\"ListItem\",\"position\":1,\"name\":\"Inicio\",\"item\":\"https:\/\/nitu.mx\/\"},{\"@type\":\"ListItem\",\"position\":2,\"name\":\"Universidad ExpoMayoristas, nueva plataforma para la capacitaci\u00f3n y alianzas tur\u00edsticas\"}]},{\"@type\":\"WebSite\",\"@id\":\"https:\/\/nitu.mx\/#website\",\"url\":\"https:\/\/nitu.mx\/\",\"name\":\"Nitu - Noticias de la Industria Turistica\",\"description\":\"Noticias de la Industria Turistica\",\"publisher\":{\"@id\":\"https:\/\/nitu.mx\/#\/schema\/person\/ae7a53426417292d3dd07b45a33e01bc\"},\"alternateName\":\"Noticias de la Industria Turistica\",\"potentialAction\":[{\"@type\":\"SearchAction\",\"target\":{\"@type\":\"EntryPoint\",\"urlTemplate\":\"https:\/\/nitu.mx\/?s={search_term_string}\"},\"query-input\":\"required name=search_term_string\"}],\"inLanguage\":\"es-MX\"},{\"@type\":[\"Person\",\"Organization\"],\"@id\":\"https:\/\/nitu.mx\/#\/schema\/person\/ae7a53426417292d3dd07b45a33e01bc\",\"name\":\"Arturo Medina\",\"image\":{\"@type\":\"ImageObject\",\"inLanguage\":\"es-MX\",\"@id\":\"https:\/\/nitu.mx\/#\/schema\/person\/image\/\",\"url\":\"https:\/\/nitu.mx\/wp-content\/uploads\/2024\/04\/4A315622-1904-4D5C-B022-878CDC840E04-90x90-1.jpeg\",\"contentUrl\":\"https:\/\/nitu.mx\/wp-content\/uploads\/2024\/04\/4A315622-1904-4D5C-B022-878CDC840E04-90x90-1.jpeg\",\"width\":90,\"height\":90,\"caption\":\"Arturo Medina\"},\"logo\":{\"@id\":\"https:\/\/nitu.mx\/#\/schema\/person\/image\/\"},\"description\":\"Director NITU.mx, Egresado de la Escuela de Periodismo Carlos Septi\u00e9n Garc\u00eda. Periodista y analista especializado en turismo desde hace 35 a\u00f1os, radicado en Canc\u00fan Q.Roo. arturo@nitu.mx\",\"sameAs\":[\"https:\/\/nitu.mx\",\"https:\/\/www.facebook.com\/NITUmx\/\",\"medinacancun\",\"https:\/\/twitter.com\/@Arturo_Medina_G\"]},{\"@type\":\"Person\",\"@id\":\"https:\/\/nitu.mx\/#\/schema\/person\/4a28fe9bd65924f7c90623773daf1b0b\",\"name\":\"Redacci\u00f3n\",\"image\":{\"@type\":\"ImageObject\",\"inLanguage\":\"es-MX\",\"@id\":\"https:\/\/nitu.mx\/#\/schema\/person\/image\/\",\"url\":\"https:\/\/secure.gravatar.com\/avatar\/5dd011c8ccfc5cd7e4c81e42252aab38?s=96&d=mm&r=g\",\"contentUrl\":\"https:\/\/secure.gravatar.com\/avatar\/5dd011c8ccfc5cd7e4c81e42252aab38?s=96&d=mm&r=g\",\"caption\":\"Redacci\u00f3n\"},\"url\":\"https:\/\/nitu.mx\/index.php\/author\/redaccion\/\"}]}<\/script>\n<!-- \/ Yoast SEO plugin. -->","yoast_head_json":{"title":"Universidad ExpoMayoristas, nueva plataforma para la capacitaci\u00f3n y alianzas tur\u00edsticas - Nitu - Noticias de la Industria Turistica","robots":{"index":"index","follow":"follow","max-snippet":"max-snippet:-1","max-image-preview":"max-image-preview:large","max-video-preview":"max-video-preview:-1"},"canonical":"https:\/\/nitu.mx\/index.php\/2025\/09\/29\/universidad-expomayoristas-nueva-plataforma-para-la-capacitacion-y-alianzas-turisticas\/","twitter_card":"summary_large_image","twitter_title":"Universidad ExpoMayoristas, nueva plataforma para la capacitaci\u00f3n y alianzas tur\u00edsticas - Nitu - Noticias de la Industria Turistica","twitter_description":"La Universidad ExpoMayoristas ya es una realidad. Esta nueva plataforma digital gratuita marca un hito en la forma en que se capacitan los agentes de viajes en M\u00e9xico y abre la posibilidad de que destinos, oficinas de promoci\u00f3n y empresas tur\u00edsticas participen como aliados estrat\u00e9gicos en un proyecto que busca profesionalizar y dinamizar la industria. [&hellip;]","twitter_image":"https:\/\/nitu.mx\/wp-content\/uploads\/2025\/05\/ExpoMayoristas-foro-Merida-anuncio.jpg","twitter_creator":"@NITUmx","twitter_site":"@Arturo_Medina_G","twitter_misc":{"Escrito por":"Redacci\u00f3n","Tiempo de lectura":"2 minutos"},"schema":{"@context":"https:\/\/schema.org","@graph":[{"@type":"Article","@id":"https:\/\/nitu.mx\/index.php\/2025\/09\/29\/universidad-expomayoristas-nueva-plataforma-para-la-capacitacion-y-alianzas-turisticas\/#article","isPartOf":{"@id":"https:\/\/nitu.mx\/index.php\/2025\/09\/29\/universidad-expomayoristas-nueva-plataforma-para-la-capacitacion-y-alianzas-turisticas\/"},"author":{"name":"Redacci\u00f3n","@id":"https:\/\/nitu.mx\/#\/schema\/person\/4a28fe9bd65924f7c90623773daf1b0b"},"headline":"Universidad ExpoMayoristas, nueva plataforma para la capacitaci\u00f3n y alianzas tur\u00edsticas","datePublished":"2025-09-29T23:30:00+00:00","dateModified":"2025-09-29T23:01:45+00:00","mainEntityOfPage":{"@id":"https:\/\/nitu.mx\/index.php\/2025\/09\/29\/universidad-expomayoristas-nueva-plataforma-para-la-capacitacion-y-alianzas-turisticas\/"},"wordCount":443,"publisher":{"@id":"https:\/\/nitu.mx\/#\/schema\/person\/ae7a53426417292d3dd07b45a33e01bc"},"image":{"@id":"https:\/\/nitu.mx\/index.php\/2025\/09\/29\/universidad-expomayoristas-nueva-plataforma-para-la-capacitacion-y-alianzas-turisticas\/#primaryimage"},"thumbnailUrl":"https:\/\/nitu.mx\/wp-content\/uploads\/2025\/05\/ExpoMayoristas-foro-Merida-anuncio.jpg","keywords":["capacitaci\u00f3n","Expomayoristas","Javier Galicia","Universidad ExpoMayoristas"],"articleSection":["Agencias de Viajes"],"inLanguage":"es-MX"},{"@type":"WebPage","@id":"https:\/\/nitu.mx\/index.php\/2025\/09\/29\/universidad-expomayoristas-nueva-plataforma-para-la-capacitacion-y-alianzas-turisticas\/","url":"https:\/\/nitu.mx\/index.php\/2025\/09\/29\/universidad-expomayoristas-nueva-plataforma-para-la-capacitacion-y-alianzas-turisticas\/","name":"Universidad ExpoMayoristas, nueva plataforma para la capacitaci\u00f3n y alianzas tur\u00edsticas - Nitu - Noticias de la Industria Turistica","isPartOf":{"@id":"https:\/\/nitu.mx\/#website"},"primaryImageOfPage":{"@id":"https:\/\/nitu.mx\/index.php\/2025\/09\/29\/universidad-expomayoristas-nueva-plataforma-para-la-capacitacion-y-alianzas-turisticas\/#primaryimage"},"image":{"@id":"https:\/\/nitu.mx\/index.php\/2025\/09\/29\/universidad-expomayoristas-nueva-plataforma-para-la-capacitacion-y-alianzas-turisticas\/#primaryimage"},"thumbnailUrl":"https:\/\/nitu.mx\/wp-content\/uploads\/2025\/05\/ExpoMayoristas-foro-Merida-anuncio.jpg","datePublished":"2025-09-29T23:30:00+00:00","dateModified":"2025-09-29T23:01:45+00:00","breadcrumb":{"@id":"https:\/\/nitu.mx\/index.php\/2025\/09\/29\/universidad-expomayoristas-nueva-plataforma-para-la-capacitacion-y-alianzas-turisticas\/#breadcrumb"},"inLanguage":"es-MX","potentialAction":[{"@type":"ReadAction","target":["https:\/\/nitu.mx\/index.php\/2025\/09\/29\/universidad-expomayoristas-nueva-plataforma-para-la-capacitacion-y-alianzas-turisticas\/"]}]},{"@type":"ImageObject","inLanguage":"es-MX","@id":"https:\/\/nitu.mx\/index.php\/2025\/09\/29\/universidad-expomayoristas-nueva-plataforma-para-la-capacitacion-y-alianzas-turisticas\/#primaryimage","url":"https:\/\/nitu.mx\/wp-content\/uploads\/2025\/05\/ExpoMayoristas-foro-Merida-anuncio.jpg","contentUrl":"https:\/\/nitu.mx\/wp-content\/uploads\/2025\/05\/ExpoMayoristas-foro-Merida-anuncio.jpg","width":1200,"height":675,"caption":"ExpoMayoristas foro M\u00e9rida anuncio"},{"@type":"BreadcrumbList","@id":"https:\/\/nitu.mx\/index.php\/2025\/09\/29\/universidad-expomayoristas-nueva-plataforma-para-la-capacitacion-y-alianzas-turisticas\/#breadcrumb","itemListElement":[{"@type":"ListItem","position":1,"name":"Inicio","item":"https:\/\/nitu.mx\/"},{"@type":"ListItem","position":2,"name":"Universidad ExpoMayoristas, nueva plataforma para la capacitaci\u00f3n y alianzas tur\u00edsticas"}]},{"@type":"WebSite","@id":"https:\/\/nitu.mx\/#website","url":"https:\/\/nitu.mx\/","name":"Nitu - Noticias de la Industria Turistica","description":"Noticias de la Industria Turistica","publisher":{"@id":"https:\/\/nitu.mx\/#\/schema\/person\/ae7a53426417292d3dd07b45a33e01bc"},"alternateName":"Noticias de la Industria Turistica","potentialAction":[{"@type":"SearchAction","target":{"@type":"EntryPoint","urlTemplate":"https:\/\/nitu.mx\/?s={search_term_string}"},"query-input":"required name=search_term_string"}],"inLanguage":"es-MX"},{"@type":["Person","Organization"],"@id":"https:\/\/nitu.mx\/#\/schema\/person\/ae7a53426417292d3dd07b45a33e01bc","name":"Arturo Medina","image":{"@type":"ImageObject","inLanguage":"es-MX","@id":"https:\/\/nitu.mx\/#\/schema\/person\/image\/","url":"https:\/\/nitu.mx\/wp-content\/uploads\/2024\/04\/4A315622-1904-4D5C-B022-878CDC840E04-90x90-1.jpeg","contentUrl":"https:\/\/nitu.mx\/wp-content\/uploads\/2024\/04\/4A315622-1904-4D5C-B022-878CDC840E04-90x90-1.jpeg","width":90,"height":90,"caption":"Arturo Medina"},"logo":{"@id":"https:\/\/nitu.mx\/#\/schema\/person\/image\/"},"description":"Director NITU.mx, Egresado de la Escuela de Periodismo Carlos Septi\u00e9n Garc\u00eda. Periodista y analista especializado en turismo desde hace 35 a\u00f1os, radicado en Canc\u00fan Q.Roo. arturo@nitu.mx","sameAs":["https:\/\/nitu.mx","https:\/\/www.facebook.com\/NITUmx\/","medinacancun","https:\/\/twitter.com\/@Arturo_Medina_G"]},{"@type":"Person","@id":"https:\/\/nitu.mx\/#\/schema\/person\/4a28fe9bd65924f7c90623773daf1b0b","name":"Redacci\u00f3n","image":{"@type":"ImageObject","inLanguage":"es-MX","@id":"https:\/\/nitu.mx\/#\/schema\/person\/image\/","url":"https:\/\/secure.gravatar.com\/avatar\/5dd011c8ccfc5cd7e4c81e42252aab38?s=96&d=mm&r=g","contentUrl":"https:\/\/secure.gravatar.com\/avatar\/5dd011c8ccfc5cd7e4c81e42252aab38?s=96&d=mm&r=g","caption":"Redacci\u00f3n"},"url":"https:\/\/nitu.mx\/index.php\/author\/redaccion\/"}]}},"views":752,"_links":{"self":[{"href":"https:\/\/nitu.mx\/index.php\/wp-json\/wp\/v2\/posts\/83698"}],"collection":[{"href":"https:\/\/nitu.mx\/index.php\/wp-json\/wp\/v2\/posts"}],"about":[{"href":"https:\/\/nitu.mx\/index.php\/wp-json\/wp\/v2\/types\/post"}],"author":[{"embeddable":true,"href":"https:\/\/nitu.mx\/index.php\/wp-json\/wp\/v2\/users\/17"}],"replies":[{"embeddable":true,"href":"https:\/\/nitu.mx\/index.php\/wp-json\/wp\/v2\/comments?post=83698"}],"version-history":[{"count":1,"href":"https:\/\/nitu.mx\/index.php\/wp-json\/wp\/v2\/posts\/83698\/revisions"}],"predecessor-version":[{"id":83700,"href":"https:\/\/nitu.mx\/index.php\/wp-json\/wp\/v2\/posts\/83698\/revisions\/83700"}],"wp:featuredmedia":[{"embeddable":true,"href":"https:\/\/nitu.mx\/index.php\/wp-json\/wp\/v2\/media\/81236"}],"wp:attachment":[{"href":"https:\/\/nitu.mx\/index.php\/wp-json\/wp\/v2\/media?parent=83698"}],"wp:term":[{"taxonomy":"category","embeddable":true,"href":"https:\/\/nitu.mx\/index.php\/wp-json\/wp\/v2\/categories?post=83698"},{"taxonomy":"post_tag","embeddable":true,"href":"https:\/\/nitu.mx\/index.php\/wp-json\/wp\/v2\/tags?post=83698"}],"curies":[{"name":"wp","href":"https:\/\/api.w.org\/{rel}","templated":true}]}}