{"id":83693,"date":"2025-09-29T16:45:10","date_gmt":"2025-09-29T22:45:10","guid":{"rendered":"https:\/\/nitu.mx\/?p=83693"},"modified":"2025-09-29T18:48:35","modified_gmt":"2025-09-30T00:48:35","slug":"inicia-la-cumbre-mundial-del-wttc-en-roma-con-productivo-dialogo-de-lideres","status":"publish","type":"post","link":"https:\/\/nitu.mx\/index.php\/2025\/09\/29\/inicia-la-cumbre-mundial-del-wttc-en-roma-con-productivo-dialogo-de-lideres\/","title":{"rendered":"Inicia la Cumbre Mundial del WTTC en Roma; Manfredi Lefebvre, ser\u00e1 su nuevo Presidente"},"content":{"rendered":"\n<p>En el marco de su 25\u00aa Cumbre Global celebrada en Roma, el Consejo Mundial de Viajes y Turismo (WTTC, por sus siglas en ingl\u00e9s) llev\u00f3 a cabo su emblem\u00e1tico Di\u00e1logo de L\u00edderes Globales, reuniendo a ministros de gobierno y CEOs de empresas internacionales para abordar algunos de los desaf\u00edos m\u00e1s urgentes del sector.<\/p>\n\n\n\n<p>El di\u00e1logo fue inaugurado con intervenciones de Gloria Guevara, CEO interina del WTTC, y la ministra de Turismo de Italia, Daniela Santanch\u00e8, quienes destacaron la importancia de fortalecer las alianzas p\u00fablico-privadas para garantizar el futuro del sector de Viajes y Turismo.<\/p>\n\n\n\n<p>En un formato de mesa redonda, l\u00edderes del sector p\u00fablico y privado intercambiaron de forma abierta sus prioridades, inquietudes y posibles soluciones.<\/p>\n\n\n\n<p>Lecciones de Europa para el mundo<\/p>\n\n\n\n<p>La primera sesi\u00f3n puso de relieve la posici\u00f3n de Europa como la regi\u00f3n m\u00e1s visitada del mundo, con un enfoque en c\u00f3mo su combinaci\u00f3n de riqueza cultural, infraestructura avanzada y sostenibilidad puede inspirar buenas pr\u00e1cticas a nivel global.<\/p>\n\n\n\n<p>De acuerdo con el \u00faltimo Informe de Impacto Econ\u00f3mico del WTTC, se espera que el sector de Viajes y Turismo en Europa rompa nuevos r\u00e9cords en 2025, con una contribuci\u00f3n estimada de 2,6 billones de euros al PIB del continente, lo que representa uno de cada diez euros. Asimismo, se prev\u00e9 que el sector represente 41,3 millones de empleos, es decir, uno de cada diez trabajadores en Europa.<\/p>\n\n\n\n<p>Durante el panel de alto nivel, los l\u00edderes abordaron temas como:<\/p>\n\n\n\n<ul>\n<li>Estrategias para diferenciar a Europa frente a la creciente competencia global<\/li>\n\n\n\n<li>C\u00f3mo los destinos pueden innovar sin perder autenticidad, y al mismo tiempo impulsar la sostenibilidad<\/li>\n\n\n\n<li>Experiencias en la gesti\u00f3n de la gobernanza multinivel europea<\/li>\n<\/ul>\n\n\n\n<p>Los ponentes destacaron iniciativas pioneras en sostenibilidad, estrategias innovadoras de gesti\u00f3n de destinos y desarrollo de nuevos productos tur\u00edsticos como factores clave para que Europa mantenga su liderazgo en un mercado cada vez m\u00e1s competitivo.<\/p>\n\n\n\n<p>La segunda sesi\u00f3n se centr\u00f3 en el movimiento global de personas, con un an\u00e1lisis de c\u00f3mo eliminar barreras y facilitar los viajes transfronterizos.<\/p>\n\n\n\n<p>Se discutieron los siguientes temas:<\/p>\n\n\n\n<ul>\n<li>El impacto de las pol\u00edticas de visado, la gesti\u00f3n fronteriza y los sistemas biom\u00e9tricos en los flujos tur\u00edsticos<\/li>\n\n\n\n<li>Enfoques personalizados para mejorar la experiencia de viaje de diferentes grupos, como los j\u00f3venes o las personas con necesidades de accesibilidad<\/li>\n\n\n\n<li>Casos de \u00e9xito en la agilizaci\u00f3n de flujos de visitantes y el impulso al crecimiento tur\u00edstico, especialmente en destinos emergentes<\/li>\n\n\n\n<li>Los ponentes hicieron un llamado a una mayor colaboraci\u00f3n entre gobiernos e industria para implementar soluciones digitales como visados electr\u00f3nicos, identificaci\u00f3n biom\u00e9trica, y sistemas integrados de pago y conectividad, a fin de transformar la experiencia del viajero desde la planificaci\u00f3n hasta su llegada al destino.<\/li>\n<\/ul>\n\n\n\n<p>A lo largo de ambas sesiones, los delegados coincidieron en la necesidad de fomentar un apoyo mutuo y una responsabilidad compartida entre gobiernos y empresas, con el objetivo de asegurar que los Viajes y el Turismo sigan siendo un motor de crecimiento econ\u00f3mico, intercambio cultural y conectividad global.<\/p>\n\n\n\n<p>Gloria Guevara, CEO interina del WTTC, declar\u00f3: \u201cEl di\u00e1logo de hoy subray\u00f3 el enorme valor de sentar en la misma mesa a los gobiernos y a la industria.<\/p>\n\n\n\n<p>Desde las lecciones de Europa en sostenibilidad y competitividad, hasta soluciones globales para facilitar los viajes, qued\u00f3 claro que, a trav\u00e9s de la colaboraci\u00f3n, podemos liberar todo el potencial del sector.\u201d<\/p>\n\n\n\n<p>El Di\u00e1logo de L\u00edderes Globales sigue siendo uno de los pilares fundamentales de la Cumbre Global del WTTC, al ofrecer un espacio \u00fanico para trazar el futuro del sector mediante discusiones abiertas y orientadas a la acci\u00f3n.<\/p>\n\n\n\n<p>Participantes del sector privado:<\/p>\n\n\n\n<ul>\n<li>Greg O\u2019Hara, presidente del WTTC y fundador y director general de Certares<\/li>\n\n\n\n<li>Manfredi Lefebvre d\u2019Ovidio, presidente electo del WTTC y presidente de Heritage Group \/ Abercrombie and Kent Travel Group<\/li>\n\n\n\n<li>Gilda Perez Alvarado, directora de Estrategia de Accor y CEO de Orient Express<\/li>\n\n\n\n<li>Simon Vincent CBE, presidente de Hilton para Europa, Oriente Medio y \u00c1frica (EMEA)<\/li>\n\n\n\n<li>Andrea Grisdale, fundadora y CEO de IC Bellagio<\/li>\n\n\n\n<li>Massimo Ponzellini, presidente de Lizard Renewables<\/li>\n\n\n\n<li>Ellen Bettridge, CEO de Uniworld Boutique River Cruises (The Travel Corporation)<\/li>\n\n\n\n<li>Douglas Feagin, presidente de ANT International<\/li>\n\n\n\n<li>Marsha Walden, presidenta y CEO de Destination Canada<\/li>\n\n\n\n<li>Puneet Chattwal, CEO de Indian Hotel Company<\/li>\n\n\n\n<li>Zubin Karkaria, fundador y CEO de VFS Global<\/li>\n\n\n\n<li>Jeffrey Rutledge, presidente y CEO de Zurich Cover-More Global Travel Inc.<\/li>\n\n\n\n<li>Participantes del sector p\u00fablico:<\/li>\n\n\n\n<li>Daniel Attard, miembro del Parlamento Europeo (MEP)<\/li>\n\n\n\n<li>Sen. Michaela Biancofiore, presidenta del grupo parlamentario en el Senado de Italia<\/li>\n\n\n\n<li>Ian Borg, viceprimer ministro y ministro de Asuntos Exteriores y Turismo de Malta<\/li>\n\n\n\n<li>Miroslav Borshosh, ministro de Turismo de Bulgaria<\/li>\n\n\n\n<li>Pedro Machado, secretario de Estado de Turismo, Comercio y Servicios de Portugal<\/li>\n\n\n\n<li>Miguel Sanz, director general de Turespa\u00f1a<\/li>\n\n\n\n<li>Latia Duncombe, directora general de The Islands of the Bahamas<\/li>\n\n\n\n<li>Shigeki Murata, comisionado de la Agencia de Turismo de Jap\u00f3n<\/li>\n\n\n\n<li>H.E. Mehmet Nuri Ersoy, ministro de Cultura y Turismo de T\u00fcrkiye<\/li>\n\n\n\n<li>Organizadores y aliados<\/li>\n<\/ul>\n\n\n\n<p>La Cumbre Global se lleva a cabo en colaboraci\u00f3n con el Ministerio de Turismo de Italia, ENIT (Agencia Nacional Italiana de Turismo), el Municipio de Roma y la Regi\u00f3n del Lacio.<\/p>\n\n\n\n<p>Entre los socios del WTTC se encuentran: Antonio Lefebvre d\u2019Ovidio Di Bolsonaro Philanthropy, Arsenale Spa, Chase Travel (JPMC), Giacomo Milano, MMGY, MSC Group, Terme di Saturnia y Trip.com Group. (<a href=\"https:\/\/nitu.mx\/index.php\/2025\/09\/25\/cumbre-global-del-wttc-en-roma-genera-gran-expectativa\/\">Cumbre Global del WTTC en Roma genera gran expectativa<\/a>).<\/p>\n\n\n\n<h2 class=\"wp-block-heading\"><strong>Manfredi Lefebvre, nuevo Presidente del Consejo de Administraci\u00f3n del WTTC<\/strong><\/h2>\n\n\n\n<p>En la ceremonia de apertura de su 25\u00aa Cumbre Global, el Consejo Mundial de Viajes y Turismo (WTTC, por sus siglas en ingl\u00e9s) dio oficialmente la bienvenida a Manfredi Lefebvre, uno de los nombres m\u00e1s reconocidos en el sector de Viajes y Turismo, como su nuevo Presidente del consejo de administaci\u00f3n,\u00a0\u00a0sucediendo a Greg O\u2019Hara, quien ha liderado la organizaci\u00f3n desde noviembre de 2023.<br>\u00a0<br>Empresario visionario, Lefebvre es presidente ejecutivo de Heritage Group y presidente ejecutivo de Abercrombie &amp; Kent Travel Group.<br>\u00a0<br>Lefebvre es un pionero en el turismo de lujo, habiendo transformado Silversea Cruises en un l\u00edder global, expandiendo sus operaciones a m\u00e1s de 900 destinos antes de su venta al Royal Caribbean Group.<br>\u00a0<br>Con m\u00e1s de cuatro d\u00e9cadas de experiencia, su influencia abarca los sectores del turismo de lujo y ocio; adem\u00e1s de tener diversas inversiones en biotecnolog\u00eda, transici\u00f3n energ\u00e9tica y bienes ra\u00edces.<br>\u00a0<br>Reflexionando sobre su mandato, el presidente saliente Greg O\u2019Hara dijo: \u201cHa sido un honor incre\u00edble servir como presidente del WTTC durante los \u00faltimos dos a\u00f1os, trabajando junto a nuestros miembros para impulsar uno de los sectores m\u00e1s din\u00e1micos del mundo. Viajes y Turismo es una fuerza extraordinaria para el bien, que genera empleos, impulsa el crecimiento y conecta a las personas a trav\u00e9s de culturas.<br>\u00a0<br>\u201cEstoy inmensamente orgulloso de lo que hemos logrado juntos, y s\u00e9 que bajo el liderazgo de Manfredi, el WTTC continuar\u00e1 fortaleci\u00e9ndose. Su visi\u00f3n, pasi\u00f3n y trayectoria comprobada lo convierten en el presidente ideal para guiar al Consejo en su pr\u00f3ximo cap\u00edtulo.\u201d<br>\u00a0<br>Durante la ceremonia de apertura de la Cumbre Global, Manfredi Lefebvre dijo: \u201cAl asumir hoy el cargo de presidente del consejo de administraci\u00f3n del WTTC, me siento honrado y con energ\u00eda renovada. El Consejo Mundial de Viajes y Turismo ha sido una piedra angular de nuestra industria, promoviendo la resiliencia y el progreso. Viajar no es solo una industria; es una profunda pasi\u00f3n que conecta a las personas.<br>\u00a0<br>\u201cJunto a nuestros miembros, estoy comprometido a impulsar una innovaci\u00f3n responsable, asegurando que nuestro sector no solo se recupere, sino que prospere en el nuevo mundo que estamos construyendo. Extiendo mi m\u00e1s profundo agradecimiento a Greg por su liderazgo excepcional y su compromiso inquebrantable.\u201d<br>\u00a0<br>Gloria Guevara, CEO interina del WTTC, a\u00f1adi\u00f3: \u201cExpreso mi m\u00e1s sincero agradecimiento a Greg por haber dirigido el WTTC con distinci\u00f3n, y doy una c\u00e1lida bienvenida a Manfredi como nuevo presidente del WTTC.<br>\u00a0<br>\u201cSu experiencia inigualable en cruceros, ocio, turismo de lujo y en inversiones diversificadas guiar\u00e1 la misi\u00f3n del WTTC de hacer realidad el potencial del sector de Viajes y Turismo a nivel global, que se encamina hacia otro a\u00f1o r\u00e9cord, con una contribuci\u00f3n estimada de 2.1 billones de d\u00f3lares a la econom\u00eda mundial en 2025.\u201d<br>\u00a0<br>M\u00e1s all\u00e1 de su liderazgo en el sector de Viajes y Turismo, Lefebvre tambi\u00e9n ocupa cargos directivos en una amplia gama de empresas e instituciones. Es vicepresidente de Arqit Quantum, asesor global senior en Rothschild &amp; Co, y ostenta cargos diplom\u00e1ticos y culturales honorarios, como el de C\u00f3nsul Honorario de Ecuador en M\u00f3naco.<br>\u00a0<br>Sus contribuciones han sido reconocidas con prestigiosas condecoraciones, incluyendo las \u00d3rdenes de San Carlos y de Grimaldi.<br>\u00a0<br>El Global Summit se celebra en colaboraci\u00f3n con el Ministerio de Turismo de Italia, ENIT (la Agencia Nacional Italiana de Turismo), el Ayuntamiento de Roma y la Regi\u00f3n del Lacio.<br>\u00a0<br>Otros socios del WTTC incluyen: Antonio Lefebvre d\u2019Ovidio Di Bolsonaro Philanthropy, Arsenale Spa, Chase Travel (JPMC), Giacomo Milano, MMGY, MSC Group, Terme di Saturnia y Trip.com Group. <\/p>\n\n\n<div class=\"wp-block-image\">\n<figure class=\"aligncenter size-large is-resized\"><img decoding=\"async\" loading=\"lazy\" width=\"1024\" height=\"576\" src=\"https:\/\/nitu.mx\/wp-content\/uploads\/2025\/09\/WTTC-Manfredi-Lefebvre-1024x576.jpg\" alt=\"\" class=\"wp-image-83704\" style=\"aspect-ratio:1.7777777777777777;width:770px;height:auto\" srcset=\"https:\/\/nitu.mx\/wp-content\/uploads\/2025\/09\/WTTC-Manfredi-Lefebvre-1024x576.jpg 1024w, https:\/\/nitu.mx\/wp-content\/uploads\/2025\/09\/WTTC-Manfredi-Lefebvre-300x168.jpg 300w, https:\/\/nitu.mx\/wp-content\/uploads\/2025\/09\/WTTC-Manfredi-Lefebvre-768x432.jpg 768w, https:\/\/nitu.mx\/wp-content\/uploads\/2025\/09\/WTTC-Manfredi-Lefebvre-990x557.jpg 990w, https:\/\/nitu.mx\/wp-content\/uploads\/2025\/09\/WTTC-Manfredi-Lefebvre-470x264.jpg 470w, https:\/\/nitu.mx\/wp-content\/uploads\/2025\/09\/WTTC-Manfredi-Lefebvre-640x360.jpg 640w, https:\/\/nitu.mx\/wp-content\/uploads\/2025\/09\/WTTC-Manfredi-Lefebvre-215x120.jpg 215w, https:\/\/nitu.mx\/wp-content\/uploads\/2025\/09\/WTTC-Manfredi-Lefebvre-414x232.jpg 414w, https:\/\/nitu.mx\/wp-content\/uploads\/2025\/09\/WTTC-Manfredi-Lefebvre.jpg 1200w\" sizes=\"(max-width: 1024px) 100vw, 1024px\" \/><\/figure><\/div>","protected":false},"excerpt":{"rendered":"<p>En el marco de su 25\u00aa Cumbre Global celebrada en Roma, el Consejo Mundial de Viajes y Turismo (WTTC, por sus siglas en ingl\u00e9s) llev\u00f3 a cabo su emblem\u00e1tico Di\u00e1logo de L\u00edderes Globales, reuniendo a ministros de gobierno y CEOs de empresas internacionales para abordar algunos de los desaf\u00edos m\u00e1s urgentes del sector. El di\u00e1logo [&hellip;]<\/p>\n","protected":false},"author":17,"featured_media":83696,"comment_status":"closed","ping_status":"closed","sticky":false,"template":"","format":"standard","meta":{"footnotes":""},"categories":[12],"tags":[18820,1494,1233,4931],"yoast_head":"<!-- This site is optimized with the Yoast SEO plugin v22.2 - https:\/\/yoast.com\/wordpress\/plugins\/seo\/ -->\n<title>Inicia la Cumbre Mundial del WTTC en Roma; Manfredi Lefebvre, ser\u00e1 su nuevo Presidente - Nitu - Noticias de la Industria Turistica<\/title>\n<meta name=\"robots\" content=\"index, follow, max-snippet:-1, max-image-preview:large, max-video-preview:-1\" \/>\n<link rel=\"canonical\" href=\"https:\/\/nitu.mx\/index.php\/2025\/09\/29\/inicia-la-cumbre-mundial-del-wttc-en-roma-con-productivo-dialogo-de-lideres\/\" \/>\n<meta name=\"twitter:card\" content=\"summary_large_image\" \/>\n<meta name=\"twitter:title\" content=\"Inicia la Cumbre Mundial del WTTC en Roma; Manfredi Lefebvre, ser\u00e1 su nuevo Presidente - Nitu - Noticias de la Industria Turistica\" \/>\n<meta name=\"twitter:description\" content=\"En el marco de su 25\u00aa Cumbre Global celebrada en Roma, el Consejo Mundial de Viajes y Turismo (WTTC, por sus siglas en ingl\u00e9s) llev\u00f3 a cabo su emblem\u00e1tico Di\u00e1logo de L\u00edderes Globales, reuniendo a ministros de gobierno y CEOs de empresas internacionales para abordar algunos de los desaf\u00edos m\u00e1s urgentes del sector. El di\u00e1logo [&hellip;]\" \/>\n<meta name=\"twitter:image\" content=\"https:\/\/nitu.mx\/wp-content\/uploads\/2025\/09\/Cumbre-Global-del-WTTC-Roma-2025.jpg\" \/>\n<meta name=\"twitter:creator\" content=\"@NITUmx\" \/>\n<meta name=\"twitter:site\" content=\"@Arturo_Medina_G\" \/>\n<meta name=\"twitter:label1\" content=\"Escrito por\" \/>\n\t<meta name=\"twitter:data1\" content=\"Redacci\u00f3n\" \/>\n\t<meta name=\"twitter:label2\" content=\"Tiempo de lectura\" \/>\n\t<meta name=\"twitter:data2\" content=\"8 minutos\" \/>\n<script type=\"application\/ld+json\" class=\"yoast-schema-graph\">{\"@context\":\"https:\/\/schema.org\",\"@graph\":[{\"@type\":\"Article\",\"@id\":\"https:\/\/nitu.mx\/index.php\/2025\/09\/29\/inicia-la-cumbre-mundial-del-wttc-en-roma-con-productivo-dialogo-de-lideres\/#article\",\"isPartOf\":{\"@id\":\"https:\/\/nitu.mx\/index.php\/2025\/09\/29\/inicia-la-cumbre-mundial-del-wttc-en-roma-con-productivo-dialogo-de-lideres\/\"},\"author\":{\"name\":\"Redacci\u00f3n\",\"@id\":\"https:\/\/nitu.mx\/#\/schema\/person\/4a28fe9bd65924f7c90623773daf1b0b\"},\"headline\":\"Inicia la Cumbre Mundial del WTTC en Roma; Manfredi Lefebvre, ser\u00e1 su nuevo Presidente\",\"datePublished\":\"2025-09-29T22:45:10+00:00\",\"dateModified\":\"2025-09-30T00:48:35+00:00\",\"mainEntityOfPage\":{\"@id\":\"https:\/\/nitu.mx\/index.php\/2025\/09\/29\/inicia-la-cumbre-mundial-del-wttc-en-roma-con-productivo-dialogo-de-lideres\/\"},\"wordCount\":1574,\"publisher\":{\"@id\":\"https:\/\/nitu.mx\/#\/schema\/person\/ae7a53426417292d3dd07b45a33e01bc\"},\"image\":{\"@id\":\"https:\/\/nitu.mx\/index.php\/2025\/09\/29\/inicia-la-cumbre-mundial-del-wttc-en-roma-con-productivo-dialogo-de-lideres\/#primaryimage\"},\"thumbnailUrl\":\"https:\/\/nitu.mx\/wp-content\/uploads\/2025\/09\/Cumbre-Global-del-WTTC-Roma-2025.jpg\",\"keywords\":[\"Cumbre Global\",\"Gloria Guevara\",\"Roma\",\"WTTC\"],\"articleSection\":[\"Marketing\"],\"inLanguage\":\"es-MX\"},{\"@type\":\"WebPage\",\"@id\":\"https:\/\/nitu.mx\/index.php\/2025\/09\/29\/inicia-la-cumbre-mundial-del-wttc-en-roma-con-productivo-dialogo-de-lideres\/\",\"url\":\"https:\/\/nitu.mx\/index.php\/2025\/09\/29\/inicia-la-cumbre-mundial-del-wttc-en-roma-con-productivo-dialogo-de-lideres\/\",\"name\":\"Inicia la Cumbre Mundial del WTTC en Roma; Manfredi Lefebvre, ser\u00e1 su nuevo Presidente - Nitu - Noticias de la Industria Turistica\",\"isPartOf\":{\"@id\":\"https:\/\/nitu.mx\/#website\"},\"primaryImageOfPage\":{\"@id\":\"https:\/\/nitu.mx\/index.php\/2025\/09\/29\/inicia-la-cumbre-mundial-del-wttc-en-roma-con-productivo-dialogo-de-lideres\/#primaryimage\"},\"image\":{\"@id\":\"https:\/\/nitu.mx\/index.php\/2025\/09\/29\/inicia-la-cumbre-mundial-del-wttc-en-roma-con-productivo-dialogo-de-lideres\/#primaryimage\"},\"thumbnailUrl\":\"https:\/\/nitu.mx\/wp-content\/uploads\/2025\/09\/Cumbre-Global-del-WTTC-Roma-2025.jpg\",\"datePublished\":\"2025-09-29T22:45:10+00:00\",\"dateModified\":\"2025-09-30T00:48:35+00:00\",\"breadcrumb\":{\"@id\":\"https:\/\/nitu.mx\/index.php\/2025\/09\/29\/inicia-la-cumbre-mundial-del-wttc-en-roma-con-productivo-dialogo-de-lideres\/#breadcrumb\"},\"inLanguage\":\"es-MX\",\"potentialAction\":[{\"@type\":\"ReadAction\",\"target\":[\"https:\/\/nitu.mx\/index.php\/2025\/09\/29\/inicia-la-cumbre-mundial-del-wttc-en-roma-con-productivo-dialogo-de-lideres\/\"]}]},{\"@type\":\"ImageObject\",\"inLanguage\":\"es-MX\",\"@id\":\"https:\/\/nitu.mx\/index.php\/2025\/09\/29\/inicia-la-cumbre-mundial-del-wttc-en-roma-con-productivo-dialogo-de-lideres\/#primaryimage\",\"url\":\"https:\/\/nitu.mx\/wp-content\/uploads\/2025\/09\/Cumbre-Global-del-WTTC-Roma-2025.jpg\",\"contentUrl\":\"https:\/\/nitu.mx\/wp-content\/uploads\/2025\/09\/Cumbre-Global-del-WTTC-Roma-2025.jpg\",\"width\":1200,\"height\":675,\"caption\":\"Cumbre Global del WTTC Roma 2025\"},{\"@type\":\"BreadcrumbList\",\"@id\":\"https:\/\/nitu.mx\/index.php\/2025\/09\/29\/inicia-la-cumbre-mundial-del-wttc-en-roma-con-productivo-dialogo-de-lideres\/#breadcrumb\",\"itemListElement\":[{\"@type\":\"ListItem\",\"position\":1,\"name\":\"Inicio\",\"item\":\"https:\/\/nitu.mx\/\"},{\"@type\":\"ListItem\",\"position\":2,\"name\":\"Inicia la Cumbre Mundial del WTTC en Roma; Manfredi Lefebvre, ser\u00e1 su nuevo Presidente\"}]},{\"@type\":\"WebSite\",\"@id\":\"https:\/\/nitu.mx\/#website\",\"url\":\"https:\/\/nitu.mx\/\",\"name\":\"Nitu - Noticias de la Industria Turistica\",\"description\":\"Noticias de la Industria Turistica\",\"publisher\":{\"@id\":\"https:\/\/nitu.mx\/#\/schema\/person\/ae7a53426417292d3dd07b45a33e01bc\"},\"alternateName\":\"Noticias de la Industria Turistica\",\"potentialAction\":[{\"@type\":\"SearchAction\",\"target\":{\"@type\":\"EntryPoint\",\"urlTemplate\":\"https:\/\/nitu.mx\/?s={search_term_string}\"},\"query-input\":\"required name=search_term_string\"}],\"inLanguage\":\"es-MX\"},{\"@type\":[\"Person\",\"Organization\"],\"@id\":\"https:\/\/nitu.mx\/#\/schema\/person\/ae7a53426417292d3dd07b45a33e01bc\",\"name\":\"Arturo Medina\",\"image\":{\"@type\":\"ImageObject\",\"inLanguage\":\"es-MX\",\"@id\":\"https:\/\/nitu.mx\/#\/schema\/person\/image\/\",\"url\":\"https:\/\/nitu.mx\/wp-content\/uploads\/2024\/04\/4A315622-1904-4D5C-B022-878CDC840E04-90x90-1.jpeg\",\"contentUrl\":\"https:\/\/nitu.mx\/wp-content\/uploads\/2024\/04\/4A315622-1904-4D5C-B022-878CDC840E04-90x90-1.jpeg\",\"width\":90,\"height\":90,\"caption\":\"Arturo Medina\"},\"logo\":{\"@id\":\"https:\/\/nitu.mx\/#\/schema\/person\/image\/\"},\"description\":\"Director NITU.mx, Egresado de la Escuela de Periodismo Carlos Septi\u00e9n Garc\u00eda. Periodista y analista especializado en turismo desde hace 35 a\u00f1os, radicado en Canc\u00fan Q.Roo. arturo@nitu.mx\",\"sameAs\":[\"https:\/\/nitu.mx\",\"https:\/\/www.facebook.com\/NITUmx\/\",\"medinacancun\",\"https:\/\/twitter.com\/@Arturo_Medina_G\"]},{\"@type\":\"Person\",\"@id\":\"https:\/\/nitu.mx\/#\/schema\/person\/4a28fe9bd65924f7c90623773daf1b0b\",\"name\":\"Redacci\u00f3n\",\"image\":{\"@type\":\"ImageObject\",\"inLanguage\":\"es-MX\",\"@id\":\"https:\/\/nitu.mx\/#\/schema\/person\/image\/\",\"url\":\"https:\/\/secure.gravatar.com\/avatar\/5dd011c8ccfc5cd7e4c81e42252aab38?s=96&d=mm&r=g\",\"contentUrl\":\"https:\/\/secure.gravatar.com\/avatar\/5dd011c8ccfc5cd7e4c81e42252aab38?s=96&d=mm&r=g\",\"caption\":\"Redacci\u00f3n\"},\"url\":\"https:\/\/nitu.mx\/index.php\/author\/redaccion\/\"}]}<\/script>\n<!-- \/ Yoast SEO plugin. -->","yoast_head_json":{"title":"Inicia la Cumbre Mundial del WTTC en Roma; Manfredi Lefebvre, ser\u00e1 su nuevo Presidente - Nitu - Noticias de la Industria Turistica","robots":{"index":"index","follow":"follow","max-snippet":"max-snippet:-1","max-image-preview":"max-image-preview:large","max-video-preview":"max-video-preview:-1"},"canonical":"https:\/\/nitu.mx\/index.php\/2025\/09\/29\/inicia-la-cumbre-mundial-del-wttc-en-roma-con-productivo-dialogo-de-lideres\/","twitter_card":"summary_large_image","twitter_title":"Inicia la Cumbre Mundial del WTTC en Roma; Manfredi Lefebvre, ser\u00e1 su nuevo Presidente - Nitu - Noticias de la Industria Turistica","twitter_description":"En el marco de su 25\u00aa Cumbre Global celebrada en Roma, el Consejo Mundial de Viajes y Turismo (WTTC, por sus siglas en ingl\u00e9s) llev\u00f3 a cabo su emblem\u00e1tico Di\u00e1logo de L\u00edderes Globales, reuniendo a ministros de gobierno y CEOs de empresas internacionales para abordar algunos de los desaf\u00edos m\u00e1s urgentes del sector. El di\u00e1logo [&hellip;]","twitter_image":"https:\/\/nitu.mx\/wp-content\/uploads\/2025\/09\/Cumbre-Global-del-WTTC-Roma-2025.jpg","twitter_creator":"@NITUmx","twitter_site":"@Arturo_Medina_G","twitter_misc":{"Escrito por":"Redacci\u00f3n","Tiempo de lectura":"8 minutos"},"schema":{"@context":"https:\/\/schema.org","@graph":[{"@type":"Article","@id":"https:\/\/nitu.mx\/index.php\/2025\/09\/29\/inicia-la-cumbre-mundial-del-wttc-en-roma-con-productivo-dialogo-de-lideres\/#article","isPartOf":{"@id":"https:\/\/nitu.mx\/index.php\/2025\/09\/29\/inicia-la-cumbre-mundial-del-wttc-en-roma-con-productivo-dialogo-de-lideres\/"},"author":{"name":"Redacci\u00f3n","@id":"https:\/\/nitu.mx\/#\/schema\/person\/4a28fe9bd65924f7c90623773daf1b0b"},"headline":"Inicia la Cumbre Mundial del WTTC en Roma; Manfredi Lefebvre, ser\u00e1 su nuevo Presidente","datePublished":"2025-09-29T22:45:10+00:00","dateModified":"2025-09-30T00:48:35+00:00","mainEntityOfPage":{"@id":"https:\/\/nitu.mx\/index.php\/2025\/09\/29\/inicia-la-cumbre-mundial-del-wttc-en-roma-con-productivo-dialogo-de-lideres\/"},"wordCount":1574,"publisher":{"@id":"https:\/\/nitu.mx\/#\/schema\/person\/ae7a53426417292d3dd07b45a33e01bc"},"image":{"@id":"https:\/\/nitu.mx\/index.php\/2025\/09\/29\/inicia-la-cumbre-mundial-del-wttc-en-roma-con-productivo-dialogo-de-lideres\/#primaryimage"},"thumbnailUrl":"https:\/\/nitu.mx\/wp-content\/uploads\/2025\/09\/Cumbre-Global-del-WTTC-Roma-2025.jpg","keywords":["Cumbre Global","Gloria Guevara","Roma","WTTC"],"articleSection":["Marketing"],"inLanguage":"es-MX"},{"@type":"WebPage","@id":"https:\/\/nitu.mx\/index.php\/2025\/09\/29\/inicia-la-cumbre-mundial-del-wttc-en-roma-con-productivo-dialogo-de-lideres\/","url":"https:\/\/nitu.mx\/index.php\/2025\/09\/29\/inicia-la-cumbre-mundial-del-wttc-en-roma-con-productivo-dialogo-de-lideres\/","name":"Inicia la Cumbre Mundial del WTTC en Roma; Manfredi Lefebvre, ser\u00e1 su nuevo Presidente - Nitu - Noticias de la Industria Turistica","isPartOf":{"@id":"https:\/\/nitu.mx\/#website"},"primaryImageOfPage":{"@id":"https:\/\/nitu.mx\/index.php\/2025\/09\/29\/inicia-la-cumbre-mundial-del-wttc-en-roma-con-productivo-dialogo-de-lideres\/#primaryimage"},"image":{"@id":"https:\/\/nitu.mx\/index.php\/2025\/09\/29\/inicia-la-cumbre-mundial-del-wttc-en-roma-con-productivo-dialogo-de-lideres\/#primaryimage"},"thumbnailUrl":"https:\/\/nitu.mx\/wp-content\/uploads\/2025\/09\/Cumbre-Global-del-WTTC-Roma-2025.jpg","datePublished":"2025-09-29T22:45:10+00:00","dateModified":"2025-09-30T00:48:35+00:00","breadcrumb":{"@id":"https:\/\/nitu.mx\/index.php\/2025\/09\/29\/inicia-la-cumbre-mundial-del-wttc-en-roma-con-productivo-dialogo-de-lideres\/#breadcrumb"},"inLanguage":"es-MX","potentialAction":[{"@type":"ReadAction","target":["https:\/\/nitu.mx\/index.php\/2025\/09\/29\/inicia-la-cumbre-mundial-del-wttc-en-roma-con-productivo-dialogo-de-lideres\/"]}]},{"@type":"ImageObject","inLanguage":"es-MX","@id":"https:\/\/nitu.mx\/index.php\/2025\/09\/29\/inicia-la-cumbre-mundial-del-wttc-en-roma-con-productivo-dialogo-de-lideres\/#primaryimage","url":"https:\/\/nitu.mx\/wp-content\/uploads\/2025\/09\/Cumbre-Global-del-WTTC-Roma-2025.jpg","contentUrl":"https:\/\/nitu.mx\/wp-content\/uploads\/2025\/09\/Cumbre-Global-del-WTTC-Roma-2025.jpg","width":1200,"height":675,"caption":"Cumbre Global del WTTC Roma 2025"},{"@type":"BreadcrumbList","@id":"https:\/\/nitu.mx\/index.php\/2025\/09\/29\/inicia-la-cumbre-mundial-del-wttc-en-roma-con-productivo-dialogo-de-lideres\/#breadcrumb","itemListElement":[{"@type":"ListItem","position":1,"name":"Inicio","item":"https:\/\/nitu.mx\/"},{"@type":"ListItem","position":2,"name":"Inicia la Cumbre Mundial del WTTC en Roma; Manfredi Lefebvre, ser\u00e1 su nuevo Presidente"}]},{"@type":"WebSite","@id":"https:\/\/nitu.mx\/#website","url":"https:\/\/nitu.mx\/","name":"Nitu - Noticias de la Industria Turistica","description":"Noticias de la Industria Turistica","publisher":{"@id":"https:\/\/nitu.mx\/#\/schema\/person\/ae7a53426417292d3dd07b45a33e01bc"},"alternateName":"Noticias de la Industria Turistica","potentialAction":[{"@type":"SearchAction","target":{"@type":"EntryPoint","urlTemplate":"https:\/\/nitu.mx\/?s={search_term_string}"},"query-input":"required name=search_term_string"}],"inLanguage":"es-MX"},{"@type":["Person","Organization"],"@id":"https:\/\/nitu.mx\/#\/schema\/person\/ae7a53426417292d3dd07b45a33e01bc","name":"Arturo Medina","image":{"@type":"ImageObject","inLanguage":"es-MX","@id":"https:\/\/nitu.mx\/#\/schema\/person\/image\/","url":"https:\/\/nitu.mx\/wp-content\/uploads\/2024\/04\/4A315622-1904-4D5C-B022-878CDC840E04-90x90-1.jpeg","contentUrl":"https:\/\/nitu.mx\/wp-content\/uploads\/2024\/04\/4A315622-1904-4D5C-B022-878CDC840E04-90x90-1.jpeg","width":90,"height":90,"caption":"Arturo Medina"},"logo":{"@id":"https:\/\/nitu.mx\/#\/schema\/person\/image\/"},"description":"Director NITU.mx, Egresado de la Escuela de Periodismo Carlos Septi\u00e9n Garc\u00eda. Periodista y analista especializado en turismo desde hace 35 a\u00f1os, radicado en Canc\u00fan Q.Roo. arturo@nitu.mx","sameAs":["https:\/\/nitu.mx","https:\/\/www.facebook.com\/NITUmx\/","medinacancun","https:\/\/twitter.com\/@Arturo_Medina_G"]},{"@type":"Person","@id":"https:\/\/nitu.mx\/#\/schema\/person\/4a28fe9bd65924f7c90623773daf1b0b","name":"Redacci\u00f3n","image":{"@type":"ImageObject","inLanguage":"es-MX","@id":"https:\/\/nitu.mx\/#\/schema\/person\/image\/","url":"https:\/\/secure.gravatar.com\/avatar\/5dd011c8ccfc5cd7e4c81e42252aab38?s=96&d=mm&r=g","contentUrl":"https:\/\/secure.gravatar.com\/avatar\/5dd011c8ccfc5cd7e4c81e42252aab38?s=96&d=mm&r=g","caption":"Redacci\u00f3n"},"url":"https:\/\/nitu.mx\/index.php\/author\/redaccion\/"}]}},"views":388,"_links":{"self":[{"href":"https:\/\/nitu.mx\/index.php\/wp-json\/wp\/v2\/posts\/83693"}],"collection":[{"href":"https:\/\/nitu.mx\/index.php\/wp-json\/wp\/v2\/posts"}],"about":[{"href":"https:\/\/nitu.mx\/index.php\/wp-json\/wp\/v2\/types\/post"}],"author":[{"embeddable":true,"href":"https:\/\/nitu.mx\/index.php\/wp-json\/wp\/v2\/users\/17"}],"replies":[{"embeddable":true,"href":"https:\/\/nitu.mx\/index.php\/wp-json\/wp\/v2\/comments?post=83693"}],"version-history":[{"count":3,"href":"https:\/\/nitu.mx\/index.php\/wp-json\/wp\/v2\/posts\/83693\/revisions"}],"predecessor-version":[{"id":83705,"href":"https:\/\/nitu.mx\/index.php\/wp-json\/wp\/v2\/posts\/83693\/revisions\/83705"}],"wp:featuredmedia":[{"embeddable":true,"href":"https:\/\/nitu.mx\/index.php\/wp-json\/wp\/v2\/media\/83696"}],"wp:attachment":[{"href":"https:\/\/nitu.mx\/index.php\/wp-json\/wp\/v2\/media?parent=83693"}],"wp:term":[{"taxonomy":"category","embeddable":true,"href":"https:\/\/nitu.mx\/index.php\/wp-json\/wp\/v2\/categories?post=83693"},{"taxonomy":"post_tag","embeddable":true,"href":"https:\/\/nitu.mx\/index.php\/wp-json\/wp\/v2\/tags?post=83693"}],"curies":[{"name":"wp","href":"https:\/\/api.w.org\/{rel}","templated":true}]}}