{"id":83681,"date":"2025-09-28T22:42:38","date_gmt":"2025-09-29T04:42:38","guid":{"rendered":"https:\/\/nitu.mx\/?p=83681"},"modified":"2025-09-28T22:42:38","modified_gmt":"2025-09-29T04:42:38","slug":"nobu-hotel-los-cabos-anuncia-el-segundo-evento-anual-de-arte-on-exhibition","status":"publish","type":"post","link":"https:\/\/nitu.mx\/index.php\/2025\/09\/28\/nobu-hotel-los-cabos-anuncia-el-segundo-evento-anual-de-arte-on-exhibition\/","title":{"rendered":"Nobu Hotel Los Cabos anuncia el segundo evento anual de arte On Exhibition\u00a0"},"content":{"rendered":"\n<p>Nobu Hotel Los Cabos, la sucursal\u00a0en M\u00e9xico\u00a0de Nobu Hospitality y la marca de estilo de vida de lujo que combina el lujo moderno con la tradici\u00f3n minimalista japonesa, anunci\u00f3 la continuaci\u00f3n de su programa\u00a0<strong><em>On Exhibition<\/em><\/strong>\u00a0con una s\u00f3lida programaci\u00f3n de eventos.<\/p>\n\n\n\n<p>Del\u00a024 al 30 de noviembre de 2025\u00a0, los asistentes se sumergir\u00e1n en un mundo de creatividad, con galer\u00edas de arte que exhiben piezas cautivadoras, demostraciones de arte en vivo y oportunidades exclusivas para adquirir obras de arte \u00fanicas. En colaboraci\u00f3n con\u00a0Chayul Collective, un colectivo art\u00edstico que crea experiencias temporales que conectan a las personas a trav\u00e9s del arte,\u00a0<strong><em>On Exhibition<\/em><\/strong>\u00a0busca crear\u00a0<em>un sentido de pertenencia<\/em>\u00a0explorando lo que significa encontrar un hogar lejos del hogar y, en \u00faltima instancia, un hogar dentro de uno mismo.<\/p>\n\n\n\n<p>El tema de este a\u00f1o,\u00a0<em>&#8220;Sentido de Pertenencia&#8221;<\/em>\u00a0, se inspira en el concepto de encontrar consuelo no solo en un lugar, sino tambi\u00e9n en la identidad y en uno mismo. La exposici\u00f3n invita tanto a artistas como a hu\u00e9spedes a reflexionar sobre el significado del hogar, ya sea como espacio f\u00edsico, como sentido de identidad o como una identidad en evoluci\u00f3n. <\/p>\n\n\n\n<p>&#8220;A medida que perfeccionamos nuestro enfoque en la hospitalidad, nuestro objetivo es crear un entorno que combine a la perfecci\u00f3n cultura y lujo&#8221;, afirm\u00f3\u00a0Luciano Eduardo Valdez\u00a0, gerente general del Nobu Hotel Los Cabos. &#8220;Queremos que cada hu\u00e9sped disfrute de experiencias significativas y se marche con un mayor aprecio por el arte, la cultura y la conexi\u00f3n&#8221;. (<a href=\"https:\/\/nitu.mx\/index.php\/2024\/04\/29\/nobu-hotel-los-cabos-galardonado-como-el-mejor-de-lo-mejor-en-hoteles-de-lujo\/\">Nobu Hotel Los Cabos: Galardonado como el Mejor de lo Mejor en Hoteles de Lujo<\/a>).<\/p>\n\n\n\n<p>La diversa gama de artistas garantiza una muestra din\u00e1mica y ecl\u00e9ctica de talento. Desde pintura y escultura tradicionales hasta cine y arte digital, se anima a los visitantes a recorrer las instalaciones. Entre los artistas confirmados para&nbsp;<strong><em>la Exposici\u00f3n On<\/em><\/strong>&nbsp;de este a\u00f1o se encuentran:<\/p>\n\n\n\n<ul>\n<li><strong>Beatriz Cifiuentes<\/strong>&nbsp;<strong>&#8211; Artista de Tapices<\/strong>&nbsp;: Artista nicarag\u00fcense radicada en&nbsp;la ciudad de Nueva York&nbsp;, cuya pr\u00e1ctica entrelaza hilos de identidad, comunidad, di\u00e1spora, intimidad y los l\u00edmites del alma y el recipiente.<\/li>\n\n\n\n<li><strong>Nicolas Manrique<\/strong>&nbsp;&#8211;&nbsp;<strong>Dise\u00f1ador de Motion<\/strong>&nbsp;: Dise\u00f1ador de motion graphics multidisciplinario nominado al Emmy, especializado en animaci\u00f3n 3D con una est\u00e9tica surrealista y vanguardista. Su obra explora la intersecci\u00f3n de lo abstracto y lo literal, donde las im\u00e1genes experimentales se fusionan con las narrativas conceptuales.<\/li>\n\n\n\n<li><strong>Jenna Krypell<\/strong>&nbsp;<strong>&#8211; Artista Pl\u00e1stica<\/strong>&nbsp;: Escultora y pintora residente en&nbsp;Brooklyn&nbsp;que trasciende los l\u00edmites entre el arte y el dise\u00f1o. Su obra combina formas dimensionales y audaces con su sensibilidad y pasi\u00f3n por la pintura al \u00f3leo.<\/li>\n\n\n\n<li><strong>Mateo Sicilia<\/strong>&nbsp;<strong>&#8211; Cineasta:<\/strong>&nbsp;Conocido por recurrir a la comedia negra y la s\u00e1tira para explorar temas de identidad, din\u00e1micas de poder y disfunci\u00f3n, a menudo utilizando el humor como una lente a trav\u00e9s de la cual reflexionar sobre los absurdos cotidianos.<\/li>\n\n\n\n<li><strong>Julia Wheatley<\/strong>&nbsp;<strong>&#8211; Artista visual:<\/strong>&nbsp;Una artista que exhibe internacionalmente que utiliza el color, el puntillismo y el collage para explorar c\u00f3mo las experiencias individuales convergen en la historia de una sola vida.<\/li>\n\n\n\n<li><strong>Markciano<\/strong>&nbsp;<strong>&#8211; DJ y Productor:<\/strong>&nbsp;Un peruano residente en&nbsp;Nueva York&nbsp;cuya m\u00fasica comparte una parte de su cultura, mezclando salsa y cumbia con house para crear una mezcla de sonidos vibrante y transportadora.<\/li>\n\n\n\n<li><strong>Frank Alcock<\/strong>&nbsp;<strong>&#8211; DJ y Artista Multidisciplinario:<\/strong>&nbsp;Un creativo venezolano radicado en&nbsp;Brooklyn&nbsp;que fusiona disco y house con ritmos latinos tradicionales, canalizando sus ra\u00edces culturales y experiencias globales en un paisaje sonoro en\u00e9rgico y rico en ritmos.<\/li>\n<\/ul>\n","protected":false},"excerpt":{"rendered":"<p>Nobu Hotel Los Cabos, la sucursal\u00a0en M\u00e9xico\u00a0de Nobu Hospitality y la marca de estilo de vida de lujo que combina el lujo moderno con la tradici\u00f3n minimalista japonesa, anunci\u00f3 la continuaci\u00f3n de su programa\u00a0On Exhibition\u00a0con una s\u00f3lida programaci\u00f3n de eventos. Del\u00a024 al 30 de noviembre de 2025\u00a0, los asistentes se sumergir\u00e1n en un mundo de [&hellip;]<\/p>\n","protected":false},"author":17,"featured_media":83683,"comment_status":"closed","ping_status":"closed","sticky":false,"template":"","format":"standard","meta":{"footnotes":""},"categories":[2],"tags":[130,17971,27709],"yoast_head":"<!-- This site is optimized with the Yoast SEO plugin v22.2 - https:\/\/yoast.com\/wordpress\/plugins\/seo\/ -->\n<title>Nobu Hotel Los Cabos anuncia el segundo evento anual de arte On Exhibition\u00a0 - Nitu - Noticias de la Industria Turistica<\/title>\n<meta name=\"robots\" content=\"index, follow, max-snippet:-1, max-image-preview:large, max-video-preview:-1\" \/>\n<link rel=\"canonical\" href=\"https:\/\/nitu.mx\/index.php\/2025\/09\/28\/nobu-hotel-los-cabos-anuncia-el-segundo-evento-anual-de-arte-on-exhibition\/\" \/>\n<meta name=\"twitter:card\" content=\"summary_large_image\" \/>\n<meta name=\"twitter:title\" content=\"Nobu Hotel Los Cabos anuncia el segundo evento anual de arte On Exhibition\u00a0 - Nitu - Noticias de la Industria Turistica\" \/>\n<meta name=\"twitter:description\" content=\"Nobu Hotel Los Cabos, la sucursal\u00a0en M\u00e9xico\u00a0de Nobu Hospitality y la marca de estilo de vida de lujo que combina el lujo moderno con la tradici\u00f3n minimalista japonesa, anunci\u00f3 la continuaci\u00f3n de su programa\u00a0On Exhibition\u00a0con una s\u00f3lida programaci\u00f3n de eventos. Del\u00a024 al 30 de noviembre de 2025\u00a0, los asistentes se sumergir\u00e1n en un mundo de [&hellip;]\" \/>\n<meta name=\"twitter:image\" content=\"https:\/\/nitu.mx\/wp-content\/uploads\/2025\/09\/Nobu-Hotel-Los-Cabos.jpg\" \/>\n<meta name=\"twitter:creator\" content=\"@NITUmx\" \/>\n<meta name=\"twitter:site\" content=\"@Arturo_Medina_G\" \/>\n<meta name=\"twitter:label1\" content=\"Escrito por\" \/>\n\t<meta name=\"twitter:data1\" content=\"Redacci\u00f3n\" \/>\n\t<meta name=\"twitter:label2\" content=\"Tiempo de lectura\" \/>\n\t<meta name=\"twitter:data2\" content=\"3 minutos\" \/>\n<script type=\"application\/ld+json\" class=\"yoast-schema-graph\">{\"@context\":\"https:\/\/schema.org\",\"@graph\":[{\"@type\":\"Article\",\"@id\":\"https:\/\/nitu.mx\/index.php\/2025\/09\/28\/nobu-hotel-los-cabos-anuncia-el-segundo-evento-anual-de-arte-on-exhibition\/#article\",\"isPartOf\":{\"@id\":\"https:\/\/nitu.mx\/index.php\/2025\/09\/28\/nobu-hotel-los-cabos-anuncia-el-segundo-evento-anual-de-arte-on-exhibition\/\"},\"author\":{\"name\":\"Redacci\u00f3n\",\"@id\":\"https:\/\/nitu.mx\/#\/schema\/person\/4a28fe9bd65924f7c90623773daf1b0b\"},\"headline\":\"Nobu Hotel Los Cabos anuncia el segundo evento anual de arte On Exhibition\u00a0\",\"datePublished\":\"2025-09-29T04:42:38+00:00\",\"dateModified\":\"2025-09-29T04:42:38+00:00\",\"mainEntityOfPage\":{\"@id\":\"https:\/\/nitu.mx\/index.php\/2025\/09\/28\/nobu-hotel-los-cabos-anuncia-el-segundo-evento-anual-de-arte-on-exhibition\/\"},\"wordCount\":652,\"publisher\":{\"@id\":\"https:\/\/nitu.mx\/#\/schema\/person\/ae7a53426417292d3dd07b45a33e01bc\"},\"image\":{\"@id\":\"https:\/\/nitu.mx\/index.php\/2025\/09\/28\/nobu-hotel-los-cabos-anuncia-el-segundo-evento-anual-de-arte-on-exhibition\/#primaryimage\"},\"thumbnailUrl\":\"https:\/\/nitu.mx\/wp-content\/uploads\/2025\/09\/Nobu-Hotel-Los-Cabos.jpg\",\"keywords\":[\"Los Cabos\",\"Nobu Hotel Los Cabos\",\"On Exhibition\"],\"articleSection\":[\"Hoteles\"],\"inLanguage\":\"es-MX\"},{\"@type\":\"WebPage\",\"@id\":\"https:\/\/nitu.mx\/index.php\/2025\/09\/28\/nobu-hotel-los-cabos-anuncia-el-segundo-evento-anual-de-arte-on-exhibition\/\",\"url\":\"https:\/\/nitu.mx\/index.php\/2025\/09\/28\/nobu-hotel-los-cabos-anuncia-el-segundo-evento-anual-de-arte-on-exhibition\/\",\"name\":\"Nobu Hotel Los Cabos anuncia el segundo evento anual de arte On Exhibition\u00a0 - Nitu - Noticias de la Industria Turistica\",\"isPartOf\":{\"@id\":\"https:\/\/nitu.mx\/#website\"},\"primaryImageOfPage\":{\"@id\":\"https:\/\/nitu.mx\/index.php\/2025\/09\/28\/nobu-hotel-los-cabos-anuncia-el-segundo-evento-anual-de-arte-on-exhibition\/#primaryimage\"},\"image\":{\"@id\":\"https:\/\/nitu.mx\/index.php\/2025\/09\/28\/nobu-hotel-los-cabos-anuncia-el-segundo-evento-anual-de-arte-on-exhibition\/#primaryimage\"},\"thumbnailUrl\":\"https:\/\/nitu.mx\/wp-content\/uploads\/2025\/09\/Nobu-Hotel-Los-Cabos.jpg\",\"datePublished\":\"2025-09-29T04:42:38+00:00\",\"dateModified\":\"2025-09-29T04:42:38+00:00\",\"breadcrumb\":{\"@id\":\"https:\/\/nitu.mx\/index.php\/2025\/09\/28\/nobu-hotel-los-cabos-anuncia-el-segundo-evento-anual-de-arte-on-exhibition\/#breadcrumb\"},\"inLanguage\":\"es-MX\",\"potentialAction\":[{\"@type\":\"ReadAction\",\"target\":[\"https:\/\/nitu.mx\/index.php\/2025\/09\/28\/nobu-hotel-los-cabos-anuncia-el-segundo-evento-anual-de-arte-on-exhibition\/\"]}]},{\"@type\":\"ImageObject\",\"inLanguage\":\"es-MX\",\"@id\":\"https:\/\/nitu.mx\/index.php\/2025\/09\/28\/nobu-hotel-los-cabos-anuncia-el-segundo-evento-anual-de-arte-on-exhibition\/#primaryimage\",\"url\":\"https:\/\/nitu.mx\/wp-content\/uploads\/2025\/09\/Nobu-Hotel-Los-Cabos.jpg\",\"contentUrl\":\"https:\/\/nitu.mx\/wp-content\/uploads\/2025\/09\/Nobu-Hotel-Los-Cabos.jpg\",\"width\":1200,\"height\":675,\"caption\":\"Nobu Hotel Los Cabos\"},{\"@type\":\"BreadcrumbList\",\"@id\":\"https:\/\/nitu.mx\/index.php\/2025\/09\/28\/nobu-hotel-los-cabos-anuncia-el-segundo-evento-anual-de-arte-on-exhibition\/#breadcrumb\",\"itemListElement\":[{\"@type\":\"ListItem\",\"position\":1,\"name\":\"Inicio\",\"item\":\"https:\/\/nitu.mx\/\"},{\"@type\":\"ListItem\",\"position\":2,\"name\":\"Nobu Hotel Los Cabos anuncia el segundo evento anual de arte On Exhibition\u00a0\"}]},{\"@type\":\"WebSite\",\"@id\":\"https:\/\/nitu.mx\/#website\",\"url\":\"https:\/\/nitu.mx\/\",\"name\":\"Nitu - Noticias de la Industria Turistica\",\"description\":\"Noticias de la Industria Turistica\",\"publisher\":{\"@id\":\"https:\/\/nitu.mx\/#\/schema\/person\/ae7a53426417292d3dd07b45a33e01bc\"},\"alternateName\":\"Noticias de la Industria Turistica\",\"potentialAction\":[{\"@type\":\"SearchAction\",\"target\":{\"@type\":\"EntryPoint\",\"urlTemplate\":\"https:\/\/nitu.mx\/?s={search_term_string}\"},\"query-input\":\"required name=search_term_string\"}],\"inLanguage\":\"es-MX\"},{\"@type\":[\"Person\",\"Organization\"],\"@id\":\"https:\/\/nitu.mx\/#\/schema\/person\/ae7a53426417292d3dd07b45a33e01bc\",\"name\":\"Arturo Medina\",\"image\":{\"@type\":\"ImageObject\",\"inLanguage\":\"es-MX\",\"@id\":\"https:\/\/nitu.mx\/#\/schema\/person\/image\/\",\"url\":\"https:\/\/nitu.mx\/wp-content\/uploads\/2024\/04\/4A315622-1904-4D5C-B022-878CDC840E04-90x90-1.jpeg\",\"contentUrl\":\"https:\/\/nitu.mx\/wp-content\/uploads\/2024\/04\/4A315622-1904-4D5C-B022-878CDC840E04-90x90-1.jpeg\",\"width\":90,\"height\":90,\"caption\":\"Arturo Medina\"},\"logo\":{\"@id\":\"https:\/\/nitu.mx\/#\/schema\/person\/image\/\"},\"description\":\"Director NITU.mx, Egresado de la Escuela de Periodismo Carlos Septi\u00e9n Garc\u00eda. Periodista y analista especializado en turismo desde hace 35 a\u00f1os, radicado en Canc\u00fan Q.Roo. arturo@nitu.mx\",\"sameAs\":[\"https:\/\/nitu.mx\",\"https:\/\/www.facebook.com\/NITUmx\/\",\"medinacancun\",\"https:\/\/twitter.com\/@Arturo_Medina_G\"]},{\"@type\":\"Person\",\"@id\":\"https:\/\/nitu.mx\/#\/schema\/person\/4a28fe9bd65924f7c90623773daf1b0b\",\"name\":\"Redacci\u00f3n\",\"image\":{\"@type\":\"ImageObject\",\"inLanguage\":\"es-MX\",\"@id\":\"https:\/\/nitu.mx\/#\/schema\/person\/image\/\",\"url\":\"https:\/\/secure.gravatar.com\/avatar\/5dd011c8ccfc5cd7e4c81e42252aab38?s=96&d=mm&r=g\",\"contentUrl\":\"https:\/\/secure.gravatar.com\/avatar\/5dd011c8ccfc5cd7e4c81e42252aab38?s=96&d=mm&r=g\",\"caption\":\"Redacci\u00f3n\"},\"url\":\"https:\/\/nitu.mx\/index.php\/author\/redaccion\/\"}]}<\/script>\n<!-- \/ Yoast SEO plugin. -->","yoast_head_json":{"title":"Nobu Hotel Los Cabos anuncia el segundo evento anual de arte On Exhibition\u00a0 - Nitu - Noticias de la Industria Turistica","robots":{"index":"index","follow":"follow","max-snippet":"max-snippet:-1","max-image-preview":"max-image-preview:large","max-video-preview":"max-video-preview:-1"},"canonical":"https:\/\/nitu.mx\/index.php\/2025\/09\/28\/nobu-hotel-los-cabos-anuncia-el-segundo-evento-anual-de-arte-on-exhibition\/","twitter_card":"summary_large_image","twitter_title":"Nobu Hotel Los Cabos anuncia el segundo evento anual de arte On Exhibition\u00a0 - Nitu - Noticias de la Industria Turistica","twitter_description":"Nobu Hotel Los Cabos, la sucursal\u00a0en M\u00e9xico\u00a0de Nobu Hospitality y la marca de estilo de vida de lujo que combina el lujo moderno con la tradici\u00f3n minimalista japonesa, anunci\u00f3 la continuaci\u00f3n de su programa\u00a0On Exhibition\u00a0con una s\u00f3lida programaci\u00f3n de eventos. Del\u00a024 al 30 de noviembre de 2025\u00a0, los asistentes se sumergir\u00e1n en un mundo de [&hellip;]","twitter_image":"https:\/\/nitu.mx\/wp-content\/uploads\/2025\/09\/Nobu-Hotel-Los-Cabos.jpg","twitter_creator":"@NITUmx","twitter_site":"@Arturo_Medina_G","twitter_misc":{"Escrito por":"Redacci\u00f3n","Tiempo de lectura":"3 minutos"},"schema":{"@context":"https:\/\/schema.org","@graph":[{"@type":"Article","@id":"https:\/\/nitu.mx\/index.php\/2025\/09\/28\/nobu-hotel-los-cabos-anuncia-el-segundo-evento-anual-de-arte-on-exhibition\/#article","isPartOf":{"@id":"https:\/\/nitu.mx\/index.php\/2025\/09\/28\/nobu-hotel-los-cabos-anuncia-el-segundo-evento-anual-de-arte-on-exhibition\/"},"author":{"name":"Redacci\u00f3n","@id":"https:\/\/nitu.mx\/#\/schema\/person\/4a28fe9bd65924f7c90623773daf1b0b"},"headline":"Nobu Hotel Los Cabos anuncia el segundo evento anual de arte On Exhibition\u00a0","datePublished":"2025-09-29T04:42:38+00:00","dateModified":"2025-09-29T04:42:38+00:00","mainEntityOfPage":{"@id":"https:\/\/nitu.mx\/index.php\/2025\/09\/28\/nobu-hotel-los-cabos-anuncia-el-segundo-evento-anual-de-arte-on-exhibition\/"},"wordCount":652,"publisher":{"@id":"https:\/\/nitu.mx\/#\/schema\/person\/ae7a53426417292d3dd07b45a33e01bc"},"image":{"@id":"https:\/\/nitu.mx\/index.php\/2025\/09\/28\/nobu-hotel-los-cabos-anuncia-el-segundo-evento-anual-de-arte-on-exhibition\/#primaryimage"},"thumbnailUrl":"https:\/\/nitu.mx\/wp-content\/uploads\/2025\/09\/Nobu-Hotel-Los-Cabos.jpg","keywords":["Los Cabos","Nobu Hotel Los Cabos","On Exhibition"],"articleSection":["Hoteles"],"inLanguage":"es-MX"},{"@type":"WebPage","@id":"https:\/\/nitu.mx\/index.php\/2025\/09\/28\/nobu-hotel-los-cabos-anuncia-el-segundo-evento-anual-de-arte-on-exhibition\/","url":"https:\/\/nitu.mx\/index.php\/2025\/09\/28\/nobu-hotel-los-cabos-anuncia-el-segundo-evento-anual-de-arte-on-exhibition\/","name":"Nobu Hotel Los Cabos anuncia el segundo evento anual de arte On Exhibition\u00a0 - Nitu - Noticias de la Industria Turistica","isPartOf":{"@id":"https:\/\/nitu.mx\/#website"},"primaryImageOfPage":{"@id":"https:\/\/nitu.mx\/index.php\/2025\/09\/28\/nobu-hotel-los-cabos-anuncia-el-segundo-evento-anual-de-arte-on-exhibition\/#primaryimage"},"image":{"@id":"https:\/\/nitu.mx\/index.php\/2025\/09\/28\/nobu-hotel-los-cabos-anuncia-el-segundo-evento-anual-de-arte-on-exhibition\/#primaryimage"},"thumbnailUrl":"https:\/\/nitu.mx\/wp-content\/uploads\/2025\/09\/Nobu-Hotel-Los-Cabos.jpg","datePublished":"2025-09-29T04:42:38+00:00","dateModified":"2025-09-29T04:42:38+00:00","breadcrumb":{"@id":"https:\/\/nitu.mx\/index.php\/2025\/09\/28\/nobu-hotel-los-cabos-anuncia-el-segundo-evento-anual-de-arte-on-exhibition\/#breadcrumb"},"inLanguage":"es-MX","potentialAction":[{"@type":"ReadAction","target":["https:\/\/nitu.mx\/index.php\/2025\/09\/28\/nobu-hotel-los-cabos-anuncia-el-segundo-evento-anual-de-arte-on-exhibition\/"]}]},{"@type":"ImageObject","inLanguage":"es-MX","@id":"https:\/\/nitu.mx\/index.php\/2025\/09\/28\/nobu-hotel-los-cabos-anuncia-el-segundo-evento-anual-de-arte-on-exhibition\/#primaryimage","url":"https:\/\/nitu.mx\/wp-content\/uploads\/2025\/09\/Nobu-Hotel-Los-Cabos.jpg","contentUrl":"https:\/\/nitu.mx\/wp-content\/uploads\/2025\/09\/Nobu-Hotel-Los-Cabos.jpg","width":1200,"height":675,"caption":"Nobu Hotel Los Cabos"},{"@type":"BreadcrumbList","@id":"https:\/\/nitu.mx\/index.php\/2025\/09\/28\/nobu-hotel-los-cabos-anuncia-el-segundo-evento-anual-de-arte-on-exhibition\/#breadcrumb","itemListElement":[{"@type":"ListItem","position":1,"name":"Inicio","item":"https:\/\/nitu.mx\/"},{"@type":"ListItem","position":2,"name":"Nobu Hotel Los Cabos anuncia el segundo evento anual de arte On Exhibition\u00a0"}]},{"@type":"WebSite","@id":"https:\/\/nitu.mx\/#website","url":"https:\/\/nitu.mx\/","name":"Nitu - Noticias de la Industria Turistica","description":"Noticias de la Industria Turistica","publisher":{"@id":"https:\/\/nitu.mx\/#\/schema\/person\/ae7a53426417292d3dd07b45a33e01bc"},"alternateName":"Noticias de la Industria Turistica","potentialAction":[{"@type":"SearchAction","target":{"@type":"EntryPoint","urlTemplate":"https:\/\/nitu.mx\/?s={search_term_string}"},"query-input":"required name=search_term_string"}],"inLanguage":"es-MX"},{"@type":["Person","Organization"],"@id":"https:\/\/nitu.mx\/#\/schema\/person\/ae7a53426417292d3dd07b45a33e01bc","name":"Arturo Medina","image":{"@type":"ImageObject","inLanguage":"es-MX","@id":"https:\/\/nitu.mx\/#\/schema\/person\/image\/","url":"https:\/\/nitu.mx\/wp-content\/uploads\/2024\/04\/4A315622-1904-4D5C-B022-878CDC840E04-90x90-1.jpeg","contentUrl":"https:\/\/nitu.mx\/wp-content\/uploads\/2024\/04\/4A315622-1904-4D5C-B022-878CDC840E04-90x90-1.jpeg","width":90,"height":90,"caption":"Arturo Medina"},"logo":{"@id":"https:\/\/nitu.mx\/#\/schema\/person\/image\/"},"description":"Director NITU.mx, Egresado de la Escuela de Periodismo Carlos Septi\u00e9n Garc\u00eda. Periodista y analista especializado en turismo desde hace 35 a\u00f1os, radicado en Canc\u00fan Q.Roo. arturo@nitu.mx","sameAs":["https:\/\/nitu.mx","https:\/\/www.facebook.com\/NITUmx\/","medinacancun","https:\/\/twitter.com\/@Arturo_Medina_G"]},{"@type":"Person","@id":"https:\/\/nitu.mx\/#\/schema\/person\/4a28fe9bd65924f7c90623773daf1b0b","name":"Redacci\u00f3n","image":{"@type":"ImageObject","inLanguage":"es-MX","@id":"https:\/\/nitu.mx\/#\/schema\/person\/image\/","url":"https:\/\/secure.gravatar.com\/avatar\/5dd011c8ccfc5cd7e4c81e42252aab38?s=96&d=mm&r=g","contentUrl":"https:\/\/secure.gravatar.com\/avatar\/5dd011c8ccfc5cd7e4c81e42252aab38?s=96&d=mm&r=g","caption":"Redacci\u00f3n"},"url":"https:\/\/nitu.mx\/index.php\/author\/redaccion\/"}]}},"views":637,"_links":{"self":[{"href":"https:\/\/nitu.mx\/index.php\/wp-json\/wp\/v2\/posts\/83681"}],"collection":[{"href":"https:\/\/nitu.mx\/index.php\/wp-json\/wp\/v2\/posts"}],"about":[{"href":"https:\/\/nitu.mx\/index.php\/wp-json\/wp\/v2\/types\/post"}],"author":[{"embeddable":true,"href":"https:\/\/nitu.mx\/index.php\/wp-json\/wp\/v2\/users\/17"}],"replies":[{"embeddable":true,"href":"https:\/\/nitu.mx\/index.php\/wp-json\/wp\/v2\/comments?post=83681"}],"version-history":[{"count":1,"href":"https:\/\/nitu.mx\/index.php\/wp-json\/wp\/v2\/posts\/83681\/revisions"}],"predecessor-version":[{"id":83684,"href":"https:\/\/nitu.mx\/index.php\/wp-json\/wp\/v2\/posts\/83681\/revisions\/83684"}],"wp:featuredmedia":[{"embeddable":true,"href":"https:\/\/nitu.mx\/index.php\/wp-json\/wp\/v2\/media\/83683"}],"wp:attachment":[{"href":"https:\/\/nitu.mx\/index.php\/wp-json\/wp\/v2\/media?parent=83681"}],"wp:term":[{"taxonomy":"category","embeddable":true,"href":"https:\/\/nitu.mx\/index.php\/wp-json\/wp\/v2\/categories?post=83681"},{"taxonomy":"post_tag","embeddable":true,"href":"https:\/\/nitu.mx\/index.php\/wp-json\/wp\/v2\/tags?post=83681"}],"curies":[{"name":"wp","href":"https:\/\/api.w.org\/{rel}","templated":true}]}}