{"id":83664,"date":"2025-09-25T21:29:26","date_gmt":"2025-09-26T03:29:26","guid":{"rendered":"https:\/\/nitu.mx\/?p=83664"},"modified":"2025-09-25T21:29:26","modified_gmt":"2025-09-26T03:29:26","slug":"cumbre-global-del-wttc-en-roma-genera-gran-expectativa","status":"publish","type":"post","link":"https:\/\/nitu.mx\/index.php\/2025\/09\/25\/cumbre-global-del-wttc-en-roma-genera-gran-expectativa\/","title":{"rendered":"Cumbre Global del WTTC en Roma genera gran expectativa"},"content":{"rendered":"\n<p>Gran expectativa ha despertado en el sector de viajes y turismo la 25\u00aa edici\u00f3n de la WTTC, que se realizar\u00e1 en la Roma, encuentro que regresa a Europa despu\u00e9s de seis a\u00f1os y que ser\u00e1 una plataforma global para definir la agenda de innovaci\u00f3n, colaboraci\u00f3n y crecimiento durante la pr\u00f3xima d\u00e9cada.<\/p>\n\n\n\n<p>La Cumbre, organizada en colaboraci\u00f3n con el Ministerio de Turismo de Italia, la Agencia Nacional de Turismo de Italia (ENIT), el Municipio de Roma y la Regi\u00f3n del Lacio, reunir\u00e1 a altos ejecutivos del sector tur\u00edstico mundial, l\u00edderes gubernamentales y expertos en innovaci\u00f3n y sostenibilidad.<\/p>\n\n\n\n<p>Se abordar\u00e1n importantes temas como la sostenibilidad, la IA y la digitalizaci\u00f3n en la industria de viajes y turismo, la resiliencia en el sector, los retos de la industria en el contexto actual, la importancia del turismo como motor de desarrollo mundial y la contribuci\u00f3n del transporte para el crecimiento tur\u00edstico, entre otros.<\/p>\n\n\n\n<p>El WTTC anunci\u00f3 oficialmente la lista completa de ponentes que participar\u00e1n en la Cumbre Global, un evento hist\u00f3rico que se celebrar\u00e1 en la capital italiana del 28 al 30 de septiembre. La ceremonia de apertura contar\u00e1 con una actuaci\u00f3n especial del reconocido tenor italiano Andrea Bocelli.<\/p>\n\n\n\n<p>Con el lema \u201cLa Grande Bellezza (del Viaggio)\u201d \u2014La gran belleza del viaje\u2014, el evento se desarrollar\u00e1 en el Auditorium Parco della Musica y se enfocar\u00e1 en c\u00f3mo el turismo puede seguir siendo motor de crecimiento econ\u00f3mico, generador de empleo y puente entre culturas.<\/p>\n\n\n\n<p>M\u00e1s de 310 presidentes y CEOs de las empresas m\u00e1s influyentes del turismo global participar\u00e1n en las distintas sesiones. Los temas clave incluyen la inteligencia artificial, la sostenibilidad, la digitalizaci\u00f3n del sector y el turismo sin fricciones.<\/p>\n\n\n\n<p>Entre los ponentes confirmados figuran altos representantes de empresas y organismos como:<\/p>\n\n\n\n<ul>\n<li><strong>Marriott International<\/strong>, Anthony Capuano (Presidente y CEO)<\/li>\n\n\n\n<li><strong>Royal Caribbean Cruises<\/strong>, Jason Liberty (Presidente y CEO)<\/li>\n\n\n\n<li><strong>American Express Travel<\/strong>, Audrey Hendley (Presidenta)<\/li>\n\n\n\n<li><strong>Virtuoso<\/strong>, Matthew Upchurch (Fundador y CEO)<\/li>\n\n\n\n<li><strong>Accor<\/strong>, S\u00e9bastien Bazin (CEO)<\/li>\n\n\n\n<li><strong>MSC Group<\/strong>, Pierfrancesco Vago (Presidente Ejecutivo)<\/li>\n\n\n\n<li><strong>Trip.com Group<\/strong>, Jane Sun (CEO)<\/li>\n\n\n\n<li><strong>Microsoft<\/strong>, Julie Shainock (Directora Global de Viajes y Hospitalidad)<\/li>\n\n\n\n<li><strong>IHG Hotels &amp; Resorts<\/strong>, Elie Maalouf (CEO Global)<\/li>\n\n\n\n<li><strong>Enel S.p.A.<\/strong>, Valeria Falcone (Directora de Patrocinios Globales)<\/li>\n\n\n\n<li><strong>Vietnam Luxury Express<\/strong>, Thang Phan (Cofundador)<\/li>\n\n\n\n<li><strong>Diriyah Company<\/strong>, Jerry Inzerillo (CEO del Grupo)<\/li>\n\n\n\n<li><strong>Starhotels<\/strong>, Elisabetta Fabri (Presidenta y CEO)<\/li>\n\n\n\n<li><strong>Ant International<\/strong>, Douglas Feagin (Presidente)<\/li>\n\n\n\n<li><strong>Viking Cruises<\/strong>, Torstein Hagen (Fundador y CEO)<\/li>\n<\/ul>\n\n\n\n<p>Tambi\u00e9n participar\u00e1n personalidades de instituciones culturales y religiosas, como el arzobispo Rino Fisichella, representante del Vaticano, y la directora de la Galer\u00eda Estense, Alessandra Necci.<\/p>\n\n\n\n<p>Gloria Guevara, CEO interina del WTTC, se\u00f1al\u00f3: \u201cEsta Cumbre marca un momento decisivo, el turismo se posiciona como eje central de la econom\u00eda global. Con la participaci\u00f3n de l\u00edderes de talla mundial, exploraremos nuevas oportunidades y fomentaremos la innovaci\u00f3n en el sector\u201d. (<a href=\"https:\/\/nitu.mx\/index.php\/2025\/09\/07\/gloria-guevara-retoma-direccion-del-wttc-de-forma-interina\/\">Gloria Guevara retoma direcci\u00f3n del WTTC de forma interina<\/a>).<\/p>\n\n\n\n<p>La ministra italiana de Turismo, Daniela Santanch\u00e8, destac\u00f3 la relevancia estrat\u00e9gica del evento: \u201cNos sentimos orgullosos de ser anfitriones de la Cumbre Global del WTTC, una oportunidad \u00fanica para atraer inversiones, fortalecer nuestra posici\u00f3n internacional y debatir pol\u00edticas que impulsen un turismo m\u00e1s competitivo y sostenible\u201d.<\/p>\n\n\n\n<p>Ivana Jelinic, CEO de ENIT, agreg\u00f3 que el sector vive una transformaci\u00f3n clave: \u201cLa sostenibilidad y la digitalizaci\u00f3n son ahora pilares del turismo, especialmente para las nuevas generaciones. Italia responde a estas demandas mostrando al mundo lo mejor de su oferta cultural, natural y tecnol\u00f3gica\u201d.<\/p>\n\n\n\n<p>Con representantes de m\u00e1s de 65 pa\u00edses, la Cumbre Global del WTTC reafirma su papel como el foro m\u00e1s influyente del mundo en el \u00e1mbito del turismo y los viajes. El evento no solo generar\u00e1 debates de alto nivel, sino que tambi\u00e9n pondr\u00e1 en evidencia la importancia del sector como motor de crecimiento global, innovaci\u00f3n y conexi\u00f3n humana.<\/p>\n\n\n\n<p>La edici\u00f3n n\u00famero 25 de esta cumbre cuenta adem\u00e1s con el respaldo de aliados estrat\u00e9gicos como Arsenale Spa, Trip.com Group, MSC Group, MMGY Global, Antonio Lefebvre d\u2019Ovidio Philanthropy, entre otros.<\/p>\n","protected":false},"excerpt":{"rendered":"<p>Gran expectativa ha despertado en el sector de viajes y turismo la 25\u00aa edici\u00f3n de la WTTC, que se realizar\u00e1 en la Roma, encuentro que regresa a Europa despu\u00e9s de seis a\u00f1os y que ser\u00e1 una plataforma global para definir la agenda de innovaci\u00f3n, colaboraci\u00f3n y crecimiento durante la pr\u00f3xima d\u00e9cada. La Cumbre, organizada en [&hellip;]<\/p>\n","protected":false},"author":17,"featured_media":83666,"comment_status":"closed","ping_status":"closed","sticky":false,"template":"","format":"standard","meta":{"footnotes":""},"categories":[12],"tags":[18820,1494,1233,4931],"yoast_head":"<!-- This site is optimized with the Yoast SEO plugin v22.2 - https:\/\/yoast.com\/wordpress\/plugins\/seo\/ -->\n<title>Cumbre Global del WTTC en Roma genera gran expectativa - Nitu - Noticias de la Industria Turistica<\/title>\n<meta name=\"robots\" content=\"index, follow, max-snippet:-1, max-image-preview:large, max-video-preview:-1\" \/>\n<link rel=\"canonical\" href=\"https:\/\/nitu.mx\/index.php\/2025\/09\/25\/cumbre-global-del-wttc-en-roma-genera-gran-expectativa\/\" \/>\n<meta name=\"twitter:card\" content=\"summary_large_image\" \/>\n<meta name=\"twitter:title\" content=\"Cumbre Global del WTTC en Roma genera gran expectativa - Nitu - Noticias de la Industria Turistica\" \/>\n<meta name=\"twitter:description\" content=\"Gran expectativa ha despertado en el sector de viajes y turismo la 25\u00aa edici\u00f3n de la WTTC, que se realizar\u00e1 en la Roma, encuentro que regresa a Europa despu\u00e9s de seis a\u00f1os y que ser\u00e1 una plataforma global para definir la agenda de innovaci\u00f3n, colaboraci\u00f3n y crecimiento durante la pr\u00f3xima d\u00e9cada. La Cumbre, organizada en [&hellip;]\" \/>\n<meta name=\"twitter:image\" content=\"https:\/\/nitu.mx\/wp-content\/uploads\/2025\/09\/Gloria-Guevara-WTTC.jpg\" \/>\n<meta name=\"twitter:creator\" content=\"@NITUmx\" \/>\n<meta name=\"twitter:site\" content=\"@Arturo_Medina_G\" \/>\n<meta name=\"twitter:label1\" content=\"Escrito por\" \/>\n\t<meta name=\"twitter:data1\" content=\"Redacci\u00f3n\" \/>\n\t<meta name=\"twitter:label2\" content=\"Tiempo de lectura\" \/>\n\t<meta name=\"twitter:data2\" content=\"3 minutos\" \/>\n<script type=\"application\/ld+json\" class=\"yoast-schema-graph\">{\"@context\":\"https:\/\/schema.org\",\"@graph\":[{\"@type\":\"Article\",\"@id\":\"https:\/\/nitu.mx\/index.php\/2025\/09\/25\/cumbre-global-del-wttc-en-roma-genera-gran-expectativa\/#article\",\"isPartOf\":{\"@id\":\"https:\/\/nitu.mx\/index.php\/2025\/09\/25\/cumbre-global-del-wttc-en-roma-genera-gran-expectativa\/\"},\"author\":{\"name\":\"Redacci\u00f3n\",\"@id\":\"https:\/\/nitu.mx\/#\/schema\/person\/4a28fe9bd65924f7c90623773daf1b0b\"},\"headline\":\"Cumbre Global del WTTC en Roma genera gran expectativa\",\"datePublished\":\"2025-09-26T03:29:26+00:00\",\"dateModified\":\"2025-09-26T03:29:26+00:00\",\"mainEntityOfPage\":{\"@id\":\"https:\/\/nitu.mx\/index.php\/2025\/09\/25\/cumbre-global-del-wttc-en-roma-genera-gran-expectativa\/\"},\"wordCount\":701,\"publisher\":{\"@id\":\"https:\/\/nitu.mx\/#\/schema\/person\/ae7a53426417292d3dd07b45a33e01bc\"},\"image\":{\"@id\":\"https:\/\/nitu.mx\/index.php\/2025\/09\/25\/cumbre-global-del-wttc-en-roma-genera-gran-expectativa\/#primaryimage\"},\"thumbnailUrl\":\"https:\/\/nitu.mx\/wp-content\/uploads\/2025\/09\/Gloria-Guevara-WTTC.jpg\",\"keywords\":[\"Cumbre Global\",\"Gloria Guevara\",\"Roma\",\"WTTC\"],\"articleSection\":[\"Marketing\"],\"inLanguage\":\"es-MX\"},{\"@type\":\"WebPage\",\"@id\":\"https:\/\/nitu.mx\/index.php\/2025\/09\/25\/cumbre-global-del-wttc-en-roma-genera-gran-expectativa\/\",\"url\":\"https:\/\/nitu.mx\/index.php\/2025\/09\/25\/cumbre-global-del-wttc-en-roma-genera-gran-expectativa\/\",\"name\":\"Cumbre Global del WTTC en Roma genera gran expectativa - Nitu - Noticias de la Industria Turistica\",\"isPartOf\":{\"@id\":\"https:\/\/nitu.mx\/#website\"},\"primaryImageOfPage\":{\"@id\":\"https:\/\/nitu.mx\/index.php\/2025\/09\/25\/cumbre-global-del-wttc-en-roma-genera-gran-expectativa\/#primaryimage\"},\"image\":{\"@id\":\"https:\/\/nitu.mx\/index.php\/2025\/09\/25\/cumbre-global-del-wttc-en-roma-genera-gran-expectativa\/#primaryimage\"},\"thumbnailUrl\":\"https:\/\/nitu.mx\/wp-content\/uploads\/2025\/09\/Gloria-Guevara-WTTC.jpg\",\"datePublished\":\"2025-09-26T03:29:26+00:00\",\"dateModified\":\"2025-09-26T03:29:26+00:00\",\"breadcrumb\":{\"@id\":\"https:\/\/nitu.mx\/index.php\/2025\/09\/25\/cumbre-global-del-wttc-en-roma-genera-gran-expectativa\/#breadcrumb\"},\"inLanguage\":\"es-MX\",\"potentialAction\":[{\"@type\":\"ReadAction\",\"target\":[\"https:\/\/nitu.mx\/index.php\/2025\/09\/25\/cumbre-global-del-wttc-en-roma-genera-gran-expectativa\/\"]}]},{\"@type\":\"ImageObject\",\"inLanguage\":\"es-MX\",\"@id\":\"https:\/\/nitu.mx\/index.php\/2025\/09\/25\/cumbre-global-del-wttc-en-roma-genera-gran-expectativa\/#primaryimage\",\"url\":\"https:\/\/nitu.mx\/wp-content\/uploads\/2025\/09\/Gloria-Guevara-WTTC.jpg\",\"contentUrl\":\"https:\/\/nitu.mx\/wp-content\/uploads\/2025\/09\/Gloria-Guevara-WTTC.jpg\",\"width\":1200,\"height\":675,\"caption\":\"Gloria Guevara WTTC\"},{\"@type\":\"BreadcrumbList\",\"@id\":\"https:\/\/nitu.mx\/index.php\/2025\/09\/25\/cumbre-global-del-wttc-en-roma-genera-gran-expectativa\/#breadcrumb\",\"itemListElement\":[{\"@type\":\"ListItem\",\"position\":1,\"name\":\"Inicio\",\"item\":\"https:\/\/nitu.mx\/\"},{\"@type\":\"ListItem\",\"position\":2,\"name\":\"Cumbre Global del WTTC en Roma genera gran expectativa\"}]},{\"@type\":\"WebSite\",\"@id\":\"https:\/\/nitu.mx\/#website\",\"url\":\"https:\/\/nitu.mx\/\",\"name\":\"Nitu - Noticias de la Industria Turistica\",\"description\":\"Noticias de la Industria Turistica\",\"publisher\":{\"@id\":\"https:\/\/nitu.mx\/#\/schema\/person\/ae7a53426417292d3dd07b45a33e01bc\"},\"alternateName\":\"Noticias de la Industria Turistica\",\"potentialAction\":[{\"@type\":\"SearchAction\",\"target\":{\"@type\":\"EntryPoint\",\"urlTemplate\":\"https:\/\/nitu.mx\/?s={search_term_string}\"},\"query-input\":\"required name=search_term_string\"}],\"inLanguage\":\"es-MX\"},{\"@type\":[\"Person\",\"Organization\"],\"@id\":\"https:\/\/nitu.mx\/#\/schema\/person\/ae7a53426417292d3dd07b45a33e01bc\",\"name\":\"Arturo Medina\",\"image\":{\"@type\":\"ImageObject\",\"inLanguage\":\"es-MX\",\"@id\":\"https:\/\/nitu.mx\/#\/schema\/person\/image\/\",\"url\":\"https:\/\/nitu.mx\/wp-content\/uploads\/2024\/04\/4A315622-1904-4D5C-B022-878CDC840E04-90x90-1.jpeg\",\"contentUrl\":\"https:\/\/nitu.mx\/wp-content\/uploads\/2024\/04\/4A315622-1904-4D5C-B022-878CDC840E04-90x90-1.jpeg\",\"width\":90,\"height\":90,\"caption\":\"Arturo Medina\"},\"logo\":{\"@id\":\"https:\/\/nitu.mx\/#\/schema\/person\/image\/\"},\"description\":\"Director NITU.mx, Egresado de la Escuela de Periodismo Carlos Septi\u00e9n Garc\u00eda. Periodista y analista especializado en turismo desde hace 35 a\u00f1os, radicado en Canc\u00fan Q.Roo. arturo@nitu.mx\",\"sameAs\":[\"https:\/\/nitu.mx\",\"https:\/\/www.facebook.com\/NITUmx\/\",\"medinacancun\",\"https:\/\/twitter.com\/@Arturo_Medina_G\"]},{\"@type\":\"Person\",\"@id\":\"https:\/\/nitu.mx\/#\/schema\/person\/4a28fe9bd65924f7c90623773daf1b0b\",\"name\":\"Redacci\u00f3n\",\"image\":{\"@type\":\"ImageObject\",\"inLanguage\":\"es-MX\",\"@id\":\"https:\/\/nitu.mx\/#\/schema\/person\/image\/\",\"url\":\"https:\/\/secure.gravatar.com\/avatar\/5dd011c8ccfc5cd7e4c81e42252aab38?s=96&d=mm&r=g\",\"contentUrl\":\"https:\/\/secure.gravatar.com\/avatar\/5dd011c8ccfc5cd7e4c81e42252aab38?s=96&d=mm&r=g\",\"caption\":\"Redacci\u00f3n\"},\"url\":\"https:\/\/nitu.mx\/index.php\/author\/redaccion\/\"}]}<\/script>\n<!-- \/ Yoast SEO plugin. -->","yoast_head_json":{"title":"Cumbre Global del WTTC en Roma genera gran expectativa - Nitu - Noticias de la Industria Turistica","robots":{"index":"index","follow":"follow","max-snippet":"max-snippet:-1","max-image-preview":"max-image-preview:large","max-video-preview":"max-video-preview:-1"},"canonical":"https:\/\/nitu.mx\/index.php\/2025\/09\/25\/cumbre-global-del-wttc-en-roma-genera-gran-expectativa\/","twitter_card":"summary_large_image","twitter_title":"Cumbre Global del WTTC en Roma genera gran expectativa - Nitu - Noticias de la Industria Turistica","twitter_description":"Gran expectativa ha despertado en el sector de viajes y turismo la 25\u00aa edici\u00f3n de la WTTC, que se realizar\u00e1 en la Roma, encuentro que regresa a Europa despu\u00e9s de seis a\u00f1os y que ser\u00e1 una plataforma global para definir la agenda de innovaci\u00f3n, colaboraci\u00f3n y crecimiento durante la pr\u00f3xima d\u00e9cada. La Cumbre, organizada en [&hellip;]","twitter_image":"https:\/\/nitu.mx\/wp-content\/uploads\/2025\/09\/Gloria-Guevara-WTTC.jpg","twitter_creator":"@NITUmx","twitter_site":"@Arturo_Medina_G","twitter_misc":{"Escrito por":"Redacci\u00f3n","Tiempo de lectura":"3 minutos"},"schema":{"@context":"https:\/\/schema.org","@graph":[{"@type":"Article","@id":"https:\/\/nitu.mx\/index.php\/2025\/09\/25\/cumbre-global-del-wttc-en-roma-genera-gran-expectativa\/#article","isPartOf":{"@id":"https:\/\/nitu.mx\/index.php\/2025\/09\/25\/cumbre-global-del-wttc-en-roma-genera-gran-expectativa\/"},"author":{"name":"Redacci\u00f3n","@id":"https:\/\/nitu.mx\/#\/schema\/person\/4a28fe9bd65924f7c90623773daf1b0b"},"headline":"Cumbre Global del WTTC en Roma genera gran expectativa","datePublished":"2025-09-26T03:29:26+00:00","dateModified":"2025-09-26T03:29:26+00:00","mainEntityOfPage":{"@id":"https:\/\/nitu.mx\/index.php\/2025\/09\/25\/cumbre-global-del-wttc-en-roma-genera-gran-expectativa\/"},"wordCount":701,"publisher":{"@id":"https:\/\/nitu.mx\/#\/schema\/person\/ae7a53426417292d3dd07b45a33e01bc"},"image":{"@id":"https:\/\/nitu.mx\/index.php\/2025\/09\/25\/cumbre-global-del-wttc-en-roma-genera-gran-expectativa\/#primaryimage"},"thumbnailUrl":"https:\/\/nitu.mx\/wp-content\/uploads\/2025\/09\/Gloria-Guevara-WTTC.jpg","keywords":["Cumbre Global","Gloria Guevara","Roma","WTTC"],"articleSection":["Marketing"],"inLanguage":"es-MX"},{"@type":"WebPage","@id":"https:\/\/nitu.mx\/index.php\/2025\/09\/25\/cumbre-global-del-wttc-en-roma-genera-gran-expectativa\/","url":"https:\/\/nitu.mx\/index.php\/2025\/09\/25\/cumbre-global-del-wttc-en-roma-genera-gran-expectativa\/","name":"Cumbre Global del WTTC en Roma genera gran expectativa - Nitu - Noticias de la Industria Turistica","isPartOf":{"@id":"https:\/\/nitu.mx\/#website"},"primaryImageOfPage":{"@id":"https:\/\/nitu.mx\/index.php\/2025\/09\/25\/cumbre-global-del-wttc-en-roma-genera-gran-expectativa\/#primaryimage"},"image":{"@id":"https:\/\/nitu.mx\/index.php\/2025\/09\/25\/cumbre-global-del-wttc-en-roma-genera-gran-expectativa\/#primaryimage"},"thumbnailUrl":"https:\/\/nitu.mx\/wp-content\/uploads\/2025\/09\/Gloria-Guevara-WTTC.jpg","datePublished":"2025-09-26T03:29:26+00:00","dateModified":"2025-09-26T03:29:26+00:00","breadcrumb":{"@id":"https:\/\/nitu.mx\/index.php\/2025\/09\/25\/cumbre-global-del-wttc-en-roma-genera-gran-expectativa\/#breadcrumb"},"inLanguage":"es-MX","potentialAction":[{"@type":"ReadAction","target":["https:\/\/nitu.mx\/index.php\/2025\/09\/25\/cumbre-global-del-wttc-en-roma-genera-gran-expectativa\/"]}]},{"@type":"ImageObject","inLanguage":"es-MX","@id":"https:\/\/nitu.mx\/index.php\/2025\/09\/25\/cumbre-global-del-wttc-en-roma-genera-gran-expectativa\/#primaryimage","url":"https:\/\/nitu.mx\/wp-content\/uploads\/2025\/09\/Gloria-Guevara-WTTC.jpg","contentUrl":"https:\/\/nitu.mx\/wp-content\/uploads\/2025\/09\/Gloria-Guevara-WTTC.jpg","width":1200,"height":675,"caption":"Gloria Guevara WTTC"},{"@type":"BreadcrumbList","@id":"https:\/\/nitu.mx\/index.php\/2025\/09\/25\/cumbre-global-del-wttc-en-roma-genera-gran-expectativa\/#breadcrumb","itemListElement":[{"@type":"ListItem","position":1,"name":"Inicio","item":"https:\/\/nitu.mx\/"},{"@type":"ListItem","position":2,"name":"Cumbre Global del WTTC en Roma genera gran expectativa"}]},{"@type":"WebSite","@id":"https:\/\/nitu.mx\/#website","url":"https:\/\/nitu.mx\/","name":"Nitu - Noticias de la Industria Turistica","description":"Noticias de la Industria Turistica","publisher":{"@id":"https:\/\/nitu.mx\/#\/schema\/person\/ae7a53426417292d3dd07b45a33e01bc"},"alternateName":"Noticias de la Industria Turistica","potentialAction":[{"@type":"SearchAction","target":{"@type":"EntryPoint","urlTemplate":"https:\/\/nitu.mx\/?s={search_term_string}"},"query-input":"required name=search_term_string"}],"inLanguage":"es-MX"},{"@type":["Person","Organization"],"@id":"https:\/\/nitu.mx\/#\/schema\/person\/ae7a53426417292d3dd07b45a33e01bc","name":"Arturo Medina","image":{"@type":"ImageObject","inLanguage":"es-MX","@id":"https:\/\/nitu.mx\/#\/schema\/person\/image\/","url":"https:\/\/nitu.mx\/wp-content\/uploads\/2024\/04\/4A315622-1904-4D5C-B022-878CDC840E04-90x90-1.jpeg","contentUrl":"https:\/\/nitu.mx\/wp-content\/uploads\/2024\/04\/4A315622-1904-4D5C-B022-878CDC840E04-90x90-1.jpeg","width":90,"height":90,"caption":"Arturo Medina"},"logo":{"@id":"https:\/\/nitu.mx\/#\/schema\/person\/image\/"},"description":"Director NITU.mx, Egresado de la Escuela de Periodismo Carlos Septi\u00e9n Garc\u00eda. Periodista y analista especializado en turismo desde hace 35 a\u00f1os, radicado en Canc\u00fan Q.Roo. arturo@nitu.mx","sameAs":["https:\/\/nitu.mx","https:\/\/www.facebook.com\/NITUmx\/","medinacancun","https:\/\/twitter.com\/@Arturo_Medina_G"]},{"@type":"Person","@id":"https:\/\/nitu.mx\/#\/schema\/person\/4a28fe9bd65924f7c90623773daf1b0b","name":"Redacci\u00f3n","image":{"@type":"ImageObject","inLanguage":"es-MX","@id":"https:\/\/nitu.mx\/#\/schema\/person\/image\/","url":"https:\/\/secure.gravatar.com\/avatar\/5dd011c8ccfc5cd7e4c81e42252aab38?s=96&d=mm&r=g","contentUrl":"https:\/\/secure.gravatar.com\/avatar\/5dd011c8ccfc5cd7e4c81e42252aab38?s=96&d=mm&r=g","caption":"Redacci\u00f3n"},"url":"https:\/\/nitu.mx\/index.php\/author\/redaccion\/"}]}},"views":477,"_links":{"self":[{"href":"https:\/\/nitu.mx\/index.php\/wp-json\/wp\/v2\/posts\/83664"}],"collection":[{"href":"https:\/\/nitu.mx\/index.php\/wp-json\/wp\/v2\/posts"}],"about":[{"href":"https:\/\/nitu.mx\/index.php\/wp-json\/wp\/v2\/types\/post"}],"author":[{"embeddable":true,"href":"https:\/\/nitu.mx\/index.php\/wp-json\/wp\/v2\/users\/17"}],"replies":[{"embeddable":true,"href":"https:\/\/nitu.mx\/index.php\/wp-json\/wp\/v2\/comments?post=83664"}],"version-history":[{"count":1,"href":"https:\/\/nitu.mx\/index.php\/wp-json\/wp\/v2\/posts\/83664\/revisions"}],"predecessor-version":[{"id":83667,"href":"https:\/\/nitu.mx\/index.php\/wp-json\/wp\/v2\/posts\/83664\/revisions\/83667"}],"wp:featuredmedia":[{"embeddable":true,"href":"https:\/\/nitu.mx\/index.php\/wp-json\/wp\/v2\/media\/83666"}],"wp:attachment":[{"href":"https:\/\/nitu.mx\/index.php\/wp-json\/wp\/v2\/media?parent=83664"}],"wp:term":[{"taxonomy":"category","embeddable":true,"href":"https:\/\/nitu.mx\/index.php\/wp-json\/wp\/v2\/categories?post=83664"},{"taxonomy":"post_tag","embeddable":true,"href":"https:\/\/nitu.mx\/index.php\/wp-json\/wp\/v2\/tags?post=83664"}],"curies":[{"name":"wp","href":"https:\/\/api.w.org\/{rel}","templated":true}]}}