{"id":83661,"date":"2025-09-25T21:23:08","date_gmt":"2025-09-26T03:23:08","guid":{"rendered":"https:\/\/nitu.mx\/?p=83661"},"modified":"2025-09-25T21:23:09","modified_gmt":"2025-09-26T03:23:09","slug":"ixtapa-zihuatanejo-se-prepara-para-la-9a-edicion-de-xtrail-2025","status":"publish","type":"post","link":"https:\/\/nitu.mx\/index.php\/2025\/09\/25\/ixtapa-zihuatanejo-se-prepara-para-la-9a-edicion-de-xtrail-2025\/","title":{"rendered":"Ixtapa Zihuatanejo se prepara para la 9\u00aa Edici\u00f3n de Xtrail 2025"},"content":{"rendered":"\n<p>El binomio de sol, playa y monta\u00f1a vuelve a ser el escenario perfecto para recibir a corredores de todo el pa\u00eds en la novena edici\u00f3n del Xtrail Ixtapa Zihuatanejo el pr\u00f3ximo 18 de octubre, un evento que ha logrado consolidarse como una de las citas m\u00e1s importantes del trail running en M\u00e9xico.<\/p>\n\n\n\n<p>Con distancias de 8, 13, 17 y 25 kil\u00f3metros, el evento ofrece retos para distintos niveles de corredores, quienes adem\u00e1s de competir, podr\u00e1n disfrutar de la riqueza natural de la regi\u00f3n, sus senderos y paisajes \u00fanicos que hacen de este destino un referente para el turismo deportivo.<\/p>\n\n\n\n<p>El objetivo de esta edici\u00f3n es fortalecer el v\u00ednculo entre Ixtapa Zihuatanejo y la comunidad del trail running, impulsando al destino no solo como un lugar de playa, sino tambi\u00e9n como sede de experiencias deportivas de gran nivel.<\/p>\n\n\n\n<p>Jorge Duck, organizador de Xtrail M\u00e9xico, afirm\u00f3: \u201cCon Xtrail hemos encontrado una f\u00f3rmula que une deporte, naturaleza y turismo, consolidando a Ixtapa Zihuatanejo como un punto clave dentro del calendario nacional del trail running\u201d.<\/p>\n\n\n\n<p>Esta competencia cuenta con el respaldo de importantes aliados como Kuest, Hoka y el Hotel Pac\u00edfica Ixtapa, este \u00faltimo fungiendo como sede oficial del evento, fortaleciendo la sinergia entre marcas deportivas, hospitalidad y la proyecci\u00f3n del destino.<\/p>\n\n\n\n<p>Al respecto, Pedro Castel\u00e1n Reyna, director ejecutivo de la Oficina de Convenciones y Visitantes de Ixtapa Zihuatanejo, destac\u00f3: \u201cEs un orgullo para nuestro destino recibir nuevamente al Xtrail, un evento que promueve la pr\u00e1ctica deportiva y a la vez impulsa el turismo. Agradecemos a las autoridades municipales y estatales, as\u00ed como a los organizadores de la carrera, por su compromiso y esfuerzo para que Ixtapa Zihuatanejo siga consolid\u00e1ndose como sede de grandes eventos que proyectan lo mejor de nuestra regi\u00f3n\u201d.<\/p>\n\n\n\n<p>De esta manera, el Xtrail Ixtapa Zihuatanejo no solo representa un reto deportivo, sino tambi\u00e9n una oportunidad de impulsar el turismo activo, atrayendo visitantes que buscan vivir experiencias que combinan deporte, aventura y la riqueza cultural de la regi\u00f3n. (<a href=\"https:\/\/nitu.mx\/index.php\/2025\/08\/26\/ixtapa-zihuatanejo-tendra-nuevo-vuelo-de-guadalajara-con-volaris\/\">Ixtapa Zihuatanejo tendr\u00e1 nuevo vuelo de Guadalajara con Volaris<\/a>).<\/p>\n","protected":false},"excerpt":{"rendered":"<p>El binomio de sol, playa y monta\u00f1a vuelve a ser el escenario perfecto para recibir a corredores de todo el pa\u00eds en la novena edici\u00f3n del Xtrail Ixtapa Zihuatanejo el pr\u00f3ximo 18 de octubre, un evento que ha logrado consolidarse como una de las citas m\u00e1s importantes del trail running en M\u00e9xico. Con distancias de [&hellip;]<\/p>\n","protected":false},"author":17,"featured_media":56831,"comment_status":"closed","ping_status":"closed","sticky":false,"template":"","format":"standard","meta":{"footnotes":""},"categories":[5],"tags":[214,212,7667,27708],"yoast_head":"<!-- This site is optimized with the Yoast SEO plugin v22.2 - https:\/\/yoast.com\/wordpress\/plugins\/seo\/ -->\n<title>Ixtapa Zihuatanejo se prepara para la 9\u00aa Edici\u00f3n de Xtrail 2025 - Nitu - Noticias de la Industria Turistica<\/title>\n<meta name=\"robots\" content=\"index, follow, max-snippet:-1, max-image-preview:large, max-video-preview:-1\" \/>\n<link rel=\"canonical\" href=\"https:\/\/nitu.mx\/index.php\/2025\/09\/25\/ixtapa-zihuatanejo-se-prepara-para-la-9a-edicion-de-xtrail-2025\/\" \/>\n<meta name=\"twitter:card\" content=\"summary_large_image\" \/>\n<meta name=\"twitter:title\" content=\"Ixtapa Zihuatanejo se prepara para la 9\u00aa Edici\u00f3n de Xtrail 2025 - Nitu - Noticias de la Industria Turistica\" \/>\n<meta name=\"twitter:description\" content=\"El binomio de sol, playa y monta\u00f1a vuelve a ser el escenario perfecto para recibir a corredores de todo el pa\u00eds en la novena edici\u00f3n del Xtrail Ixtapa Zihuatanejo el pr\u00f3ximo 18 de octubre, un evento que ha logrado consolidarse como una de las citas m\u00e1s importantes del trail running en M\u00e9xico. Con distancias de [&hellip;]\" \/>\n<meta name=\"twitter:image\" content=\"https:\/\/nitu.mx\/wp-content\/uploads\/2021\/11\/Ixtapa-Zihuatanejo.jpg\" \/>\n<meta name=\"twitter:creator\" content=\"@NITUmx\" \/>\n<meta name=\"twitter:site\" content=\"@Arturo_Medina_G\" \/>\n<meta name=\"twitter:label1\" content=\"Escrito por\" \/>\n\t<meta name=\"twitter:data1\" content=\"Redacci\u00f3n\" \/>\n\t<meta name=\"twitter:label2\" content=\"Tiempo de lectura\" \/>\n\t<meta name=\"twitter:data2\" content=\"2 minutos\" \/>\n<script type=\"application\/ld+json\" class=\"yoast-schema-graph\">{\"@context\":\"https:\/\/schema.org\",\"@graph\":[{\"@type\":\"Article\",\"@id\":\"https:\/\/nitu.mx\/index.php\/2025\/09\/25\/ixtapa-zihuatanejo-se-prepara-para-la-9a-edicion-de-xtrail-2025\/#article\",\"isPartOf\":{\"@id\":\"https:\/\/nitu.mx\/index.php\/2025\/09\/25\/ixtapa-zihuatanejo-se-prepara-para-la-9a-edicion-de-xtrail-2025\/\"},\"author\":{\"name\":\"Redacci\u00f3n\",\"@id\":\"https:\/\/nitu.mx\/#\/schema\/person\/4a28fe9bd65924f7c90623773daf1b0b\"},\"headline\":\"Ixtapa Zihuatanejo se prepara para la 9\u00aa Edici\u00f3n de Xtrail 2025\",\"datePublished\":\"2025-09-26T03:23:08+00:00\",\"dateModified\":\"2025-09-26T03:23:09+00:00\",\"mainEntityOfPage\":{\"@id\":\"https:\/\/nitu.mx\/index.php\/2025\/09\/25\/ixtapa-zihuatanejo-se-prepara-para-la-9a-edicion-de-xtrail-2025\/\"},\"wordCount\":364,\"publisher\":{\"@id\":\"https:\/\/nitu.mx\/#\/schema\/person\/ae7a53426417292d3dd07b45a33e01bc\"},\"image\":{\"@id\":\"https:\/\/nitu.mx\/index.php\/2025\/09\/25\/ixtapa-zihuatanejo-se-prepara-para-la-9a-edicion-de-xtrail-2025\/#primaryimage\"},\"thumbnailUrl\":\"https:\/\/nitu.mx\/wp-content\/uploads\/2021\/11\/Ixtapa-Zihuatanejo.jpg\",\"keywords\":[\"Ixtapa Zihuatanejo\",\"Pedro Castel\u00e1n\",\"turismo deportivo\",\"Xtrail\"],\"articleSection\":[\"Destinos\"],\"inLanguage\":\"es-MX\"},{\"@type\":\"WebPage\",\"@id\":\"https:\/\/nitu.mx\/index.php\/2025\/09\/25\/ixtapa-zihuatanejo-se-prepara-para-la-9a-edicion-de-xtrail-2025\/\",\"url\":\"https:\/\/nitu.mx\/index.php\/2025\/09\/25\/ixtapa-zihuatanejo-se-prepara-para-la-9a-edicion-de-xtrail-2025\/\",\"name\":\"Ixtapa Zihuatanejo se prepara para la 9\u00aa Edici\u00f3n de Xtrail 2025 - Nitu - Noticias de la Industria Turistica\",\"isPartOf\":{\"@id\":\"https:\/\/nitu.mx\/#website\"},\"primaryImageOfPage\":{\"@id\":\"https:\/\/nitu.mx\/index.php\/2025\/09\/25\/ixtapa-zihuatanejo-se-prepara-para-la-9a-edicion-de-xtrail-2025\/#primaryimage\"},\"image\":{\"@id\":\"https:\/\/nitu.mx\/index.php\/2025\/09\/25\/ixtapa-zihuatanejo-se-prepara-para-la-9a-edicion-de-xtrail-2025\/#primaryimage\"},\"thumbnailUrl\":\"https:\/\/nitu.mx\/wp-content\/uploads\/2021\/11\/Ixtapa-Zihuatanejo.jpg\",\"datePublished\":\"2025-09-26T03:23:08+00:00\",\"dateModified\":\"2025-09-26T03:23:09+00:00\",\"breadcrumb\":{\"@id\":\"https:\/\/nitu.mx\/index.php\/2025\/09\/25\/ixtapa-zihuatanejo-se-prepara-para-la-9a-edicion-de-xtrail-2025\/#breadcrumb\"},\"inLanguage\":\"es-MX\",\"potentialAction\":[{\"@type\":\"ReadAction\",\"target\":[\"https:\/\/nitu.mx\/index.php\/2025\/09\/25\/ixtapa-zihuatanejo-se-prepara-para-la-9a-edicion-de-xtrail-2025\/\"]}]},{\"@type\":\"ImageObject\",\"inLanguage\":\"es-MX\",\"@id\":\"https:\/\/nitu.mx\/index.php\/2025\/09\/25\/ixtapa-zihuatanejo-se-prepara-para-la-9a-edicion-de-xtrail-2025\/#primaryimage\",\"url\":\"https:\/\/nitu.mx\/wp-content\/uploads\/2021\/11\/Ixtapa-Zihuatanejo.jpg\",\"contentUrl\":\"https:\/\/nitu.mx\/wp-content\/uploads\/2021\/11\/Ixtapa-Zihuatanejo.jpg\",\"width\":1200,\"height\":675,\"caption\":\"Ixtapa Zihuatanejo\"},{\"@type\":\"BreadcrumbList\",\"@id\":\"https:\/\/nitu.mx\/index.php\/2025\/09\/25\/ixtapa-zihuatanejo-se-prepara-para-la-9a-edicion-de-xtrail-2025\/#breadcrumb\",\"itemListElement\":[{\"@type\":\"ListItem\",\"position\":1,\"name\":\"Inicio\",\"item\":\"https:\/\/nitu.mx\/\"},{\"@type\":\"ListItem\",\"position\":2,\"name\":\"Ixtapa Zihuatanejo se prepara para la 9\u00aa Edici\u00f3n de Xtrail 2025\"}]},{\"@type\":\"WebSite\",\"@id\":\"https:\/\/nitu.mx\/#website\",\"url\":\"https:\/\/nitu.mx\/\",\"name\":\"Nitu - Noticias de la Industria Turistica\",\"description\":\"Noticias de la Industria Turistica\",\"publisher\":{\"@id\":\"https:\/\/nitu.mx\/#\/schema\/person\/ae7a53426417292d3dd07b45a33e01bc\"},\"alternateName\":\"Noticias de la Industria Turistica\",\"potentialAction\":[{\"@type\":\"SearchAction\",\"target\":{\"@type\":\"EntryPoint\",\"urlTemplate\":\"https:\/\/nitu.mx\/?s={search_term_string}\"},\"query-input\":\"required name=search_term_string\"}],\"inLanguage\":\"es-MX\"},{\"@type\":[\"Person\",\"Organization\"],\"@id\":\"https:\/\/nitu.mx\/#\/schema\/person\/ae7a53426417292d3dd07b45a33e01bc\",\"name\":\"Arturo Medina\",\"image\":{\"@type\":\"ImageObject\",\"inLanguage\":\"es-MX\",\"@id\":\"https:\/\/nitu.mx\/#\/schema\/person\/image\/\",\"url\":\"https:\/\/nitu.mx\/wp-content\/uploads\/2024\/04\/4A315622-1904-4D5C-B022-878CDC840E04-90x90-1.jpeg\",\"contentUrl\":\"https:\/\/nitu.mx\/wp-content\/uploads\/2024\/04\/4A315622-1904-4D5C-B022-878CDC840E04-90x90-1.jpeg\",\"width\":90,\"height\":90,\"caption\":\"Arturo Medina\"},\"logo\":{\"@id\":\"https:\/\/nitu.mx\/#\/schema\/person\/image\/\"},\"description\":\"Director NITU.mx, Egresado de la Escuela de Periodismo Carlos Septi\u00e9n Garc\u00eda. Periodista y analista especializado en turismo desde hace 35 a\u00f1os, radicado en Canc\u00fan Q.Roo. arturo@nitu.mx\",\"sameAs\":[\"https:\/\/nitu.mx\",\"https:\/\/www.facebook.com\/NITUmx\/\",\"medinacancun\",\"https:\/\/twitter.com\/@Arturo_Medina_G\"]},{\"@type\":\"Person\",\"@id\":\"https:\/\/nitu.mx\/#\/schema\/person\/4a28fe9bd65924f7c90623773daf1b0b\",\"name\":\"Redacci\u00f3n\",\"image\":{\"@type\":\"ImageObject\",\"inLanguage\":\"es-MX\",\"@id\":\"https:\/\/nitu.mx\/#\/schema\/person\/image\/\",\"url\":\"https:\/\/secure.gravatar.com\/avatar\/5dd011c8ccfc5cd7e4c81e42252aab38?s=96&d=mm&r=g\",\"contentUrl\":\"https:\/\/secure.gravatar.com\/avatar\/5dd011c8ccfc5cd7e4c81e42252aab38?s=96&d=mm&r=g\",\"caption\":\"Redacci\u00f3n\"},\"url\":\"https:\/\/nitu.mx\/index.php\/author\/redaccion\/\"}]}<\/script>\n<!-- \/ Yoast SEO plugin. -->","yoast_head_json":{"title":"Ixtapa Zihuatanejo se prepara para la 9\u00aa Edici\u00f3n de Xtrail 2025 - Nitu - Noticias de la Industria Turistica","robots":{"index":"index","follow":"follow","max-snippet":"max-snippet:-1","max-image-preview":"max-image-preview:large","max-video-preview":"max-video-preview:-1"},"canonical":"https:\/\/nitu.mx\/index.php\/2025\/09\/25\/ixtapa-zihuatanejo-se-prepara-para-la-9a-edicion-de-xtrail-2025\/","twitter_card":"summary_large_image","twitter_title":"Ixtapa Zihuatanejo se prepara para la 9\u00aa Edici\u00f3n de Xtrail 2025 - Nitu - Noticias de la Industria Turistica","twitter_description":"El binomio de sol, playa y monta\u00f1a vuelve a ser el escenario perfecto para recibir a corredores de todo el pa\u00eds en la novena edici\u00f3n del Xtrail Ixtapa Zihuatanejo el pr\u00f3ximo 18 de octubre, un evento que ha logrado consolidarse como una de las citas m\u00e1s importantes del trail running en M\u00e9xico. Con distancias de [&hellip;]","twitter_image":"https:\/\/nitu.mx\/wp-content\/uploads\/2021\/11\/Ixtapa-Zihuatanejo.jpg","twitter_creator":"@NITUmx","twitter_site":"@Arturo_Medina_G","twitter_misc":{"Escrito por":"Redacci\u00f3n","Tiempo de lectura":"2 minutos"},"schema":{"@context":"https:\/\/schema.org","@graph":[{"@type":"Article","@id":"https:\/\/nitu.mx\/index.php\/2025\/09\/25\/ixtapa-zihuatanejo-se-prepara-para-la-9a-edicion-de-xtrail-2025\/#article","isPartOf":{"@id":"https:\/\/nitu.mx\/index.php\/2025\/09\/25\/ixtapa-zihuatanejo-se-prepara-para-la-9a-edicion-de-xtrail-2025\/"},"author":{"name":"Redacci\u00f3n","@id":"https:\/\/nitu.mx\/#\/schema\/person\/4a28fe9bd65924f7c90623773daf1b0b"},"headline":"Ixtapa Zihuatanejo se prepara para la 9\u00aa Edici\u00f3n de Xtrail 2025","datePublished":"2025-09-26T03:23:08+00:00","dateModified":"2025-09-26T03:23:09+00:00","mainEntityOfPage":{"@id":"https:\/\/nitu.mx\/index.php\/2025\/09\/25\/ixtapa-zihuatanejo-se-prepara-para-la-9a-edicion-de-xtrail-2025\/"},"wordCount":364,"publisher":{"@id":"https:\/\/nitu.mx\/#\/schema\/person\/ae7a53426417292d3dd07b45a33e01bc"},"image":{"@id":"https:\/\/nitu.mx\/index.php\/2025\/09\/25\/ixtapa-zihuatanejo-se-prepara-para-la-9a-edicion-de-xtrail-2025\/#primaryimage"},"thumbnailUrl":"https:\/\/nitu.mx\/wp-content\/uploads\/2021\/11\/Ixtapa-Zihuatanejo.jpg","keywords":["Ixtapa Zihuatanejo","Pedro Castel\u00e1n","turismo deportivo","Xtrail"],"articleSection":["Destinos"],"inLanguage":"es-MX"},{"@type":"WebPage","@id":"https:\/\/nitu.mx\/index.php\/2025\/09\/25\/ixtapa-zihuatanejo-se-prepara-para-la-9a-edicion-de-xtrail-2025\/","url":"https:\/\/nitu.mx\/index.php\/2025\/09\/25\/ixtapa-zihuatanejo-se-prepara-para-la-9a-edicion-de-xtrail-2025\/","name":"Ixtapa Zihuatanejo se prepara para la 9\u00aa Edici\u00f3n de Xtrail 2025 - Nitu - Noticias de la Industria Turistica","isPartOf":{"@id":"https:\/\/nitu.mx\/#website"},"primaryImageOfPage":{"@id":"https:\/\/nitu.mx\/index.php\/2025\/09\/25\/ixtapa-zihuatanejo-se-prepara-para-la-9a-edicion-de-xtrail-2025\/#primaryimage"},"image":{"@id":"https:\/\/nitu.mx\/index.php\/2025\/09\/25\/ixtapa-zihuatanejo-se-prepara-para-la-9a-edicion-de-xtrail-2025\/#primaryimage"},"thumbnailUrl":"https:\/\/nitu.mx\/wp-content\/uploads\/2021\/11\/Ixtapa-Zihuatanejo.jpg","datePublished":"2025-09-26T03:23:08+00:00","dateModified":"2025-09-26T03:23:09+00:00","breadcrumb":{"@id":"https:\/\/nitu.mx\/index.php\/2025\/09\/25\/ixtapa-zihuatanejo-se-prepara-para-la-9a-edicion-de-xtrail-2025\/#breadcrumb"},"inLanguage":"es-MX","potentialAction":[{"@type":"ReadAction","target":["https:\/\/nitu.mx\/index.php\/2025\/09\/25\/ixtapa-zihuatanejo-se-prepara-para-la-9a-edicion-de-xtrail-2025\/"]}]},{"@type":"ImageObject","inLanguage":"es-MX","@id":"https:\/\/nitu.mx\/index.php\/2025\/09\/25\/ixtapa-zihuatanejo-se-prepara-para-la-9a-edicion-de-xtrail-2025\/#primaryimage","url":"https:\/\/nitu.mx\/wp-content\/uploads\/2021\/11\/Ixtapa-Zihuatanejo.jpg","contentUrl":"https:\/\/nitu.mx\/wp-content\/uploads\/2021\/11\/Ixtapa-Zihuatanejo.jpg","width":1200,"height":675,"caption":"Ixtapa Zihuatanejo"},{"@type":"BreadcrumbList","@id":"https:\/\/nitu.mx\/index.php\/2025\/09\/25\/ixtapa-zihuatanejo-se-prepara-para-la-9a-edicion-de-xtrail-2025\/#breadcrumb","itemListElement":[{"@type":"ListItem","position":1,"name":"Inicio","item":"https:\/\/nitu.mx\/"},{"@type":"ListItem","position":2,"name":"Ixtapa Zihuatanejo se prepara para la 9\u00aa Edici\u00f3n de Xtrail 2025"}]},{"@type":"WebSite","@id":"https:\/\/nitu.mx\/#website","url":"https:\/\/nitu.mx\/","name":"Nitu - Noticias de la Industria Turistica","description":"Noticias de la Industria Turistica","publisher":{"@id":"https:\/\/nitu.mx\/#\/schema\/person\/ae7a53426417292d3dd07b45a33e01bc"},"alternateName":"Noticias de la Industria Turistica","potentialAction":[{"@type":"SearchAction","target":{"@type":"EntryPoint","urlTemplate":"https:\/\/nitu.mx\/?s={search_term_string}"},"query-input":"required name=search_term_string"}],"inLanguage":"es-MX"},{"@type":["Person","Organization"],"@id":"https:\/\/nitu.mx\/#\/schema\/person\/ae7a53426417292d3dd07b45a33e01bc","name":"Arturo Medina","image":{"@type":"ImageObject","inLanguage":"es-MX","@id":"https:\/\/nitu.mx\/#\/schema\/person\/image\/","url":"https:\/\/nitu.mx\/wp-content\/uploads\/2024\/04\/4A315622-1904-4D5C-B022-878CDC840E04-90x90-1.jpeg","contentUrl":"https:\/\/nitu.mx\/wp-content\/uploads\/2024\/04\/4A315622-1904-4D5C-B022-878CDC840E04-90x90-1.jpeg","width":90,"height":90,"caption":"Arturo Medina"},"logo":{"@id":"https:\/\/nitu.mx\/#\/schema\/person\/image\/"},"description":"Director NITU.mx, Egresado de la Escuela de Periodismo Carlos Septi\u00e9n Garc\u00eda. Periodista y analista especializado en turismo desde hace 35 a\u00f1os, radicado en Canc\u00fan Q.Roo. arturo@nitu.mx","sameAs":["https:\/\/nitu.mx","https:\/\/www.facebook.com\/NITUmx\/","medinacancun","https:\/\/twitter.com\/@Arturo_Medina_G"]},{"@type":"Person","@id":"https:\/\/nitu.mx\/#\/schema\/person\/4a28fe9bd65924f7c90623773daf1b0b","name":"Redacci\u00f3n","image":{"@type":"ImageObject","inLanguage":"es-MX","@id":"https:\/\/nitu.mx\/#\/schema\/person\/image\/","url":"https:\/\/secure.gravatar.com\/avatar\/5dd011c8ccfc5cd7e4c81e42252aab38?s=96&d=mm&r=g","contentUrl":"https:\/\/secure.gravatar.com\/avatar\/5dd011c8ccfc5cd7e4c81e42252aab38?s=96&d=mm&r=g","caption":"Redacci\u00f3n"},"url":"https:\/\/nitu.mx\/index.php\/author\/redaccion\/"}]}},"views":655,"_links":{"self":[{"href":"https:\/\/nitu.mx\/index.php\/wp-json\/wp\/v2\/posts\/83661"}],"collection":[{"href":"https:\/\/nitu.mx\/index.php\/wp-json\/wp\/v2\/posts"}],"about":[{"href":"https:\/\/nitu.mx\/index.php\/wp-json\/wp\/v2\/types\/post"}],"author":[{"embeddable":true,"href":"https:\/\/nitu.mx\/index.php\/wp-json\/wp\/v2\/users\/17"}],"replies":[{"embeddable":true,"href":"https:\/\/nitu.mx\/index.php\/wp-json\/wp\/v2\/comments?post=83661"}],"version-history":[{"count":1,"href":"https:\/\/nitu.mx\/index.php\/wp-json\/wp\/v2\/posts\/83661\/revisions"}],"predecessor-version":[{"id":83663,"href":"https:\/\/nitu.mx\/index.php\/wp-json\/wp\/v2\/posts\/83661\/revisions\/83663"}],"wp:featuredmedia":[{"embeddable":true,"href":"https:\/\/nitu.mx\/index.php\/wp-json\/wp\/v2\/media\/56831"}],"wp:attachment":[{"href":"https:\/\/nitu.mx\/index.php\/wp-json\/wp\/v2\/media?parent=83661"}],"wp:term":[{"taxonomy":"category","embeddable":true,"href":"https:\/\/nitu.mx\/index.php\/wp-json\/wp\/v2\/categories?post=83661"},{"taxonomy":"post_tag","embeddable":true,"href":"https:\/\/nitu.mx\/index.php\/wp-json\/wp\/v2\/tags?post=83661"}],"curies":[{"name":"wp","href":"https:\/\/api.w.org\/{rel}","templated":true}]}}