{"id":83653,"date":"2025-09-25T21:12:35","date_gmt":"2025-09-26T03:12:35","guid":{"rendered":"https:\/\/nitu.mx\/?p=83653"},"modified":"2025-09-25T21:12:35","modified_gmt":"2025-09-26T03:12:35","slug":"pricetravel-holding-impulsa-su-expansion-en-fit-america-latina-2025","status":"publish","type":"post","link":"https:\/\/nitu.mx\/index.php\/2025\/09\/25\/pricetravel-holding-impulsa-su-expansion-en-fit-america-latina-2025\/","title":{"rendered":"PriceTravel Holding impulsa su expansi\u00f3n en FIT Am\u00e9rica Latina 2025"},"content":{"rendered":"\n<p>PriceTravel Holding, la empresa de distribuci\u00f3n de viajes con mayor crecimiento en Latinoam\u00e9rica, confirma su participaci\u00f3n en la 29\u00aa edici\u00f3n de la Feria Internacional de Turismo (FIT Am\u00e9rica Latina), que se llevar\u00e1 a cabo del 27 al 30 de septiembre en La Rural, Buenos Aires.<br>\u00a0<br>Durante este importante evento de la industria tur\u00edstica, la compa\u00f1\u00eda presentar\u00e1 sus planes de expansi\u00f3n en la regi\u00f3n a trav\u00e9s de encuentros estrat\u00e9gicos con sus principales socios comerciales. La presencia de PriceTravel Holding en FIT Am\u00e9rica Latina reafirma su compromiso por fortalecer su liderazgo en el sector B2B, tanto en el canal retail con su marca PriceAgencies, como wholesale con su marca Connect by PriceTravel Holding, mediante tecnolog\u00eda de punta, contenido y un enfoque centrado en la atenci\u00f3n al cliente.<br>\u00a0<br>&#8220;Estamos muy entusiasmados de participar en FIT Am\u00e9rica Latina 2025, un espacio clave que nos permite presentar tecnolog\u00eda desarrollada in-house, capaz de procesar el 99% de las solicitudes en menos de un segundo, adem\u00e1s de ofrecer integraciones \u00e1giles v\u00eda gateways o conectividad directa&#8221;, se\u00f1al\u00f3 Ivonne Arriola, directora de Wholesale de PriceTravel Holding.<br>\u00a0<br>Por su parte, Zoraida Cede\u00f1o, Directora B2B Retail para Latinoam\u00e9rica, destac\u00f3: \u201cFIT es una gran oportunidad para fortalecer nuestra propuesta de valor frente a las agencias de viajes minoristas. M\u00e1s de 15,000 agencias en Latinoam\u00e9rica ya conf\u00edan en nosotros como su plataforma principal, lo que nos posiciona como la opci\u00f3n n\u00famero uno en el segmento B2B retail\u201d.<br>\u00a0<br>Un hito relevante este a\u00f1o ha sido el arribo oficial de PriceTravel Holding a Argentina con su marca B2B Retail, PriceAgencies. Esta innovadora plataforma fue dise\u00f1ada para revolucionar la operaci\u00f3n de las agencias de viajes minoristas, brind\u00e1ndoles acceso a contenido exclusivo, herramientas tecnol\u00f3gicas de \u00faltima generaci\u00f3n y un servicio personalizado.<br>\u00a0<br>La compa\u00f1\u00eda llega a FIT Am\u00e9rica Latina 2025 con sus dos unidades de negocio, que ofrecen al sector B2B acceso a una oferta hotelera global, incluyendo producto exclusivo en destinos clave como M\u00e9xico, Estados Unidos, el Caribe, Colombia, Europa y otros mercados estrat\u00e9gicos, gracias a sus contratos directos con hoteles y cadenas internacionales.<br>\u00a0<br>Con una visi\u00f3n clara hacia el futuro, PriceTravel Holding contin\u00faa invirtiendo en innovaci\u00f3n tecnol\u00f3gica, fortaleciendo la experiencia de usuario y consolidando su compromiso con el crecimiento del ecosistema tur\u00edstico en Latinoam\u00e9rica. (<a href=\"https:\/\/nitu.mx\/index.php\/2025\/09\/08\/pricetravel-holding-y-visit-orlando-presenta-en-cancun-la-oferta-para-el-resto-del-2025\/\">PriceTravel Holding y Visit Orlando presenta en Canc\u00fan la oferta para el resto del 2025<\/a>).<\/p>\n","protected":false},"excerpt":{"rendered":"<p>PriceTravel Holding, la empresa de distribuci\u00f3n de viajes con mayor crecimiento en Latinoam\u00e9rica, confirma su participaci\u00f3n en la 29\u00aa edici\u00f3n de la Feria Internacional de Turismo (FIT Am\u00e9rica Latina), que se llevar\u00e1 a cabo del 27 al 30 de septiembre en La Rural, Buenos Aires.\u00a0Durante este importante evento de la industria tur\u00edstica, la compa\u00f1\u00eda presentar\u00e1 [&hellip;]<\/p>\n","protected":false},"author":17,"featured_media":83655,"comment_status":"closed","ping_status":"closed","sticky":false,"template":"","format":"standard","meta":{"footnotes":""},"categories":[3],"tags":[1864,17619,17874,2840],"yoast_head":"<!-- This site is optimized with the Yoast SEO plugin v22.2 - https:\/\/yoast.com\/wordpress\/plugins\/seo\/ -->\n<title>PriceTravel Holding impulsa su expansi\u00f3n en FIT Am\u00e9rica Latina 2025 - Nitu - Noticias de la Industria Turistica<\/title>\n<meta name=\"robots\" content=\"index, follow, max-snippet:-1, max-image-preview:large, max-video-preview:-1\" \/>\n<link rel=\"canonical\" href=\"https:\/\/nitu.mx\/index.php\/2025\/09\/25\/pricetravel-holding-impulsa-su-expansion-en-fit-america-latina-2025\/\" \/>\n<meta name=\"twitter:card\" content=\"summary_large_image\" \/>\n<meta name=\"twitter:title\" content=\"PriceTravel Holding impulsa su expansi\u00f3n en FIT Am\u00e9rica Latina 2025 - Nitu - Noticias de la Industria Turistica\" \/>\n<meta name=\"twitter:description\" content=\"PriceTravel Holding, la empresa de distribuci\u00f3n de viajes con mayor crecimiento en Latinoam\u00e9rica, confirma su participaci\u00f3n en la 29\u00aa edici\u00f3n de la Feria Internacional de Turismo (FIT Am\u00e9rica Latina), que se llevar\u00e1 a cabo del 27 al 30 de septiembre en La Rural, Buenos Aires.\u00a0Durante este importante evento de la industria tur\u00edstica, la compa\u00f1\u00eda presentar\u00e1 [&hellip;]\" \/>\n<meta name=\"twitter:image\" content=\"https:\/\/nitu.mx\/wp-content\/uploads\/2025\/09\/PriceTravel-FIT-America-Latina-2025.jpg\" \/>\n<meta name=\"twitter:creator\" content=\"@NITUmx\" \/>\n<meta name=\"twitter:site\" content=\"@Arturo_Medina_G\" \/>\n<meta name=\"twitter:label1\" content=\"Escrito por\" \/>\n\t<meta name=\"twitter:data1\" content=\"Redacci\u00f3n\" \/>\n\t<meta name=\"twitter:label2\" content=\"Tiempo de lectura\" \/>\n\t<meta name=\"twitter:data2\" content=\"2 minutos\" \/>\n<script type=\"application\/ld+json\" class=\"yoast-schema-graph\">{\"@context\":\"https:\/\/schema.org\",\"@graph\":[{\"@type\":\"Article\",\"@id\":\"https:\/\/nitu.mx\/index.php\/2025\/09\/25\/pricetravel-holding-impulsa-su-expansion-en-fit-america-latina-2025\/#article\",\"isPartOf\":{\"@id\":\"https:\/\/nitu.mx\/index.php\/2025\/09\/25\/pricetravel-holding-impulsa-su-expansion-en-fit-america-latina-2025\/\"},\"author\":{\"name\":\"Redacci\u00f3n\",\"@id\":\"https:\/\/nitu.mx\/#\/schema\/person\/4a28fe9bd65924f7c90623773daf1b0b\"},\"headline\":\"PriceTravel Holding impulsa su expansi\u00f3n en FIT Am\u00e9rica Latina 2025\",\"datePublished\":\"2025-09-26T03:12:35+00:00\",\"dateModified\":\"2025-09-26T03:12:35+00:00\",\"mainEntityOfPage\":{\"@id\":\"https:\/\/nitu.mx\/index.php\/2025\/09\/25\/pricetravel-holding-impulsa-su-expansion-en-fit-america-latina-2025\/\"},\"wordCount\":434,\"publisher\":{\"@id\":\"https:\/\/nitu.mx\/#\/schema\/person\/ae7a53426417292d3dd07b45a33e01bc\"},\"image\":{\"@id\":\"https:\/\/nitu.mx\/index.php\/2025\/09\/25\/pricetravel-holding-impulsa-su-expansion-en-fit-america-latina-2025\/#primaryimage\"},\"thumbnailUrl\":\"https:\/\/nitu.mx\/wp-content\/uploads\/2025\/09\/PriceTravel-FIT-America-Latina-2025.jpg\",\"keywords\":[\"Buenos Aires\",\"FIT Am\u00e9rica Latina\",\"PriceAgencies\",\"PriceTravel Holding\"],\"articleSection\":[\"Agencias de Viajes\"],\"inLanguage\":\"es-MX\"},{\"@type\":\"WebPage\",\"@id\":\"https:\/\/nitu.mx\/index.php\/2025\/09\/25\/pricetravel-holding-impulsa-su-expansion-en-fit-america-latina-2025\/\",\"url\":\"https:\/\/nitu.mx\/index.php\/2025\/09\/25\/pricetravel-holding-impulsa-su-expansion-en-fit-america-latina-2025\/\",\"name\":\"PriceTravel Holding impulsa su expansi\u00f3n en FIT Am\u00e9rica Latina 2025 - Nitu - Noticias de la Industria Turistica\",\"isPartOf\":{\"@id\":\"https:\/\/nitu.mx\/#website\"},\"primaryImageOfPage\":{\"@id\":\"https:\/\/nitu.mx\/index.php\/2025\/09\/25\/pricetravel-holding-impulsa-su-expansion-en-fit-america-latina-2025\/#primaryimage\"},\"image\":{\"@id\":\"https:\/\/nitu.mx\/index.php\/2025\/09\/25\/pricetravel-holding-impulsa-su-expansion-en-fit-america-latina-2025\/#primaryimage\"},\"thumbnailUrl\":\"https:\/\/nitu.mx\/wp-content\/uploads\/2025\/09\/PriceTravel-FIT-America-Latina-2025.jpg\",\"datePublished\":\"2025-09-26T03:12:35+00:00\",\"dateModified\":\"2025-09-26T03:12:35+00:00\",\"breadcrumb\":{\"@id\":\"https:\/\/nitu.mx\/index.php\/2025\/09\/25\/pricetravel-holding-impulsa-su-expansion-en-fit-america-latina-2025\/#breadcrumb\"},\"inLanguage\":\"es-MX\",\"potentialAction\":[{\"@type\":\"ReadAction\",\"target\":[\"https:\/\/nitu.mx\/index.php\/2025\/09\/25\/pricetravel-holding-impulsa-su-expansion-en-fit-america-latina-2025\/\"]}]},{\"@type\":\"ImageObject\",\"inLanguage\":\"es-MX\",\"@id\":\"https:\/\/nitu.mx\/index.php\/2025\/09\/25\/pricetravel-holding-impulsa-su-expansion-en-fit-america-latina-2025\/#primaryimage\",\"url\":\"https:\/\/nitu.mx\/wp-content\/uploads\/2025\/09\/PriceTravel-FIT-America-Latina-2025.jpg\",\"contentUrl\":\"https:\/\/nitu.mx\/wp-content\/uploads\/2025\/09\/PriceTravel-FIT-America-Latina-2025.jpg\",\"width\":1200,\"height\":675,\"caption\":\"PriceTravel FIT Am\u00e9rica Latina 2025\"},{\"@type\":\"BreadcrumbList\",\"@id\":\"https:\/\/nitu.mx\/index.php\/2025\/09\/25\/pricetravel-holding-impulsa-su-expansion-en-fit-america-latina-2025\/#breadcrumb\",\"itemListElement\":[{\"@type\":\"ListItem\",\"position\":1,\"name\":\"Inicio\",\"item\":\"https:\/\/nitu.mx\/\"},{\"@type\":\"ListItem\",\"position\":2,\"name\":\"PriceTravel Holding impulsa su expansi\u00f3n en FIT Am\u00e9rica Latina 2025\"}]},{\"@type\":\"WebSite\",\"@id\":\"https:\/\/nitu.mx\/#website\",\"url\":\"https:\/\/nitu.mx\/\",\"name\":\"Nitu - Noticias de la Industria Turistica\",\"description\":\"Noticias de la Industria Turistica\",\"publisher\":{\"@id\":\"https:\/\/nitu.mx\/#\/schema\/person\/ae7a53426417292d3dd07b45a33e01bc\"},\"alternateName\":\"Noticias de la Industria Turistica\",\"potentialAction\":[{\"@type\":\"SearchAction\",\"target\":{\"@type\":\"EntryPoint\",\"urlTemplate\":\"https:\/\/nitu.mx\/?s={search_term_string}\"},\"query-input\":\"required name=search_term_string\"}],\"inLanguage\":\"es-MX\"},{\"@type\":[\"Person\",\"Organization\"],\"@id\":\"https:\/\/nitu.mx\/#\/schema\/person\/ae7a53426417292d3dd07b45a33e01bc\",\"name\":\"Arturo Medina\",\"image\":{\"@type\":\"ImageObject\",\"inLanguage\":\"es-MX\",\"@id\":\"https:\/\/nitu.mx\/#\/schema\/person\/image\/\",\"url\":\"https:\/\/nitu.mx\/wp-content\/uploads\/2024\/04\/4A315622-1904-4D5C-B022-878CDC840E04-90x90-1.jpeg\",\"contentUrl\":\"https:\/\/nitu.mx\/wp-content\/uploads\/2024\/04\/4A315622-1904-4D5C-B022-878CDC840E04-90x90-1.jpeg\",\"width\":90,\"height\":90,\"caption\":\"Arturo Medina\"},\"logo\":{\"@id\":\"https:\/\/nitu.mx\/#\/schema\/person\/image\/\"},\"description\":\"Director NITU.mx, Egresado de la Escuela de Periodismo Carlos Septi\u00e9n Garc\u00eda. Periodista y analista especializado en turismo desde hace 35 a\u00f1os, radicado en Canc\u00fan Q.Roo. arturo@nitu.mx\",\"sameAs\":[\"https:\/\/nitu.mx\",\"https:\/\/www.facebook.com\/NITUmx\/\",\"medinacancun\",\"https:\/\/twitter.com\/@Arturo_Medina_G\"]},{\"@type\":\"Person\",\"@id\":\"https:\/\/nitu.mx\/#\/schema\/person\/4a28fe9bd65924f7c90623773daf1b0b\",\"name\":\"Redacci\u00f3n\",\"image\":{\"@type\":\"ImageObject\",\"inLanguage\":\"es-MX\",\"@id\":\"https:\/\/nitu.mx\/#\/schema\/person\/image\/\",\"url\":\"https:\/\/secure.gravatar.com\/avatar\/5dd011c8ccfc5cd7e4c81e42252aab38?s=96&d=mm&r=g\",\"contentUrl\":\"https:\/\/secure.gravatar.com\/avatar\/5dd011c8ccfc5cd7e4c81e42252aab38?s=96&d=mm&r=g\",\"caption\":\"Redacci\u00f3n\"},\"url\":\"https:\/\/nitu.mx\/index.php\/author\/redaccion\/\"}]}<\/script>\n<!-- \/ Yoast SEO plugin. -->","yoast_head_json":{"title":"PriceTravel Holding impulsa su expansi\u00f3n en FIT Am\u00e9rica Latina 2025 - Nitu - Noticias de la Industria Turistica","robots":{"index":"index","follow":"follow","max-snippet":"max-snippet:-1","max-image-preview":"max-image-preview:large","max-video-preview":"max-video-preview:-1"},"canonical":"https:\/\/nitu.mx\/index.php\/2025\/09\/25\/pricetravel-holding-impulsa-su-expansion-en-fit-america-latina-2025\/","twitter_card":"summary_large_image","twitter_title":"PriceTravel Holding impulsa su expansi\u00f3n en FIT Am\u00e9rica Latina 2025 - Nitu - Noticias de la Industria Turistica","twitter_description":"PriceTravel Holding, la empresa de distribuci\u00f3n de viajes con mayor crecimiento en Latinoam\u00e9rica, confirma su participaci\u00f3n en la 29\u00aa edici\u00f3n de la Feria Internacional de Turismo (FIT Am\u00e9rica Latina), que se llevar\u00e1 a cabo del 27 al 30 de septiembre en La Rural, Buenos Aires.\u00a0Durante este importante evento de la industria tur\u00edstica, la compa\u00f1\u00eda presentar\u00e1 [&hellip;]","twitter_image":"https:\/\/nitu.mx\/wp-content\/uploads\/2025\/09\/PriceTravel-FIT-America-Latina-2025.jpg","twitter_creator":"@NITUmx","twitter_site":"@Arturo_Medina_G","twitter_misc":{"Escrito por":"Redacci\u00f3n","Tiempo de lectura":"2 minutos"},"schema":{"@context":"https:\/\/schema.org","@graph":[{"@type":"Article","@id":"https:\/\/nitu.mx\/index.php\/2025\/09\/25\/pricetravel-holding-impulsa-su-expansion-en-fit-america-latina-2025\/#article","isPartOf":{"@id":"https:\/\/nitu.mx\/index.php\/2025\/09\/25\/pricetravel-holding-impulsa-su-expansion-en-fit-america-latina-2025\/"},"author":{"name":"Redacci\u00f3n","@id":"https:\/\/nitu.mx\/#\/schema\/person\/4a28fe9bd65924f7c90623773daf1b0b"},"headline":"PriceTravel Holding impulsa su expansi\u00f3n en FIT Am\u00e9rica Latina 2025","datePublished":"2025-09-26T03:12:35+00:00","dateModified":"2025-09-26T03:12:35+00:00","mainEntityOfPage":{"@id":"https:\/\/nitu.mx\/index.php\/2025\/09\/25\/pricetravel-holding-impulsa-su-expansion-en-fit-america-latina-2025\/"},"wordCount":434,"publisher":{"@id":"https:\/\/nitu.mx\/#\/schema\/person\/ae7a53426417292d3dd07b45a33e01bc"},"image":{"@id":"https:\/\/nitu.mx\/index.php\/2025\/09\/25\/pricetravel-holding-impulsa-su-expansion-en-fit-america-latina-2025\/#primaryimage"},"thumbnailUrl":"https:\/\/nitu.mx\/wp-content\/uploads\/2025\/09\/PriceTravel-FIT-America-Latina-2025.jpg","keywords":["Buenos Aires","FIT Am\u00e9rica Latina","PriceAgencies","PriceTravel Holding"],"articleSection":["Agencias de Viajes"],"inLanguage":"es-MX"},{"@type":"WebPage","@id":"https:\/\/nitu.mx\/index.php\/2025\/09\/25\/pricetravel-holding-impulsa-su-expansion-en-fit-america-latina-2025\/","url":"https:\/\/nitu.mx\/index.php\/2025\/09\/25\/pricetravel-holding-impulsa-su-expansion-en-fit-america-latina-2025\/","name":"PriceTravel Holding impulsa su expansi\u00f3n en FIT Am\u00e9rica Latina 2025 - Nitu - Noticias de la Industria Turistica","isPartOf":{"@id":"https:\/\/nitu.mx\/#website"},"primaryImageOfPage":{"@id":"https:\/\/nitu.mx\/index.php\/2025\/09\/25\/pricetravel-holding-impulsa-su-expansion-en-fit-america-latina-2025\/#primaryimage"},"image":{"@id":"https:\/\/nitu.mx\/index.php\/2025\/09\/25\/pricetravel-holding-impulsa-su-expansion-en-fit-america-latina-2025\/#primaryimage"},"thumbnailUrl":"https:\/\/nitu.mx\/wp-content\/uploads\/2025\/09\/PriceTravel-FIT-America-Latina-2025.jpg","datePublished":"2025-09-26T03:12:35+00:00","dateModified":"2025-09-26T03:12:35+00:00","breadcrumb":{"@id":"https:\/\/nitu.mx\/index.php\/2025\/09\/25\/pricetravel-holding-impulsa-su-expansion-en-fit-america-latina-2025\/#breadcrumb"},"inLanguage":"es-MX","potentialAction":[{"@type":"ReadAction","target":["https:\/\/nitu.mx\/index.php\/2025\/09\/25\/pricetravel-holding-impulsa-su-expansion-en-fit-america-latina-2025\/"]}]},{"@type":"ImageObject","inLanguage":"es-MX","@id":"https:\/\/nitu.mx\/index.php\/2025\/09\/25\/pricetravel-holding-impulsa-su-expansion-en-fit-america-latina-2025\/#primaryimage","url":"https:\/\/nitu.mx\/wp-content\/uploads\/2025\/09\/PriceTravel-FIT-America-Latina-2025.jpg","contentUrl":"https:\/\/nitu.mx\/wp-content\/uploads\/2025\/09\/PriceTravel-FIT-America-Latina-2025.jpg","width":1200,"height":675,"caption":"PriceTravel FIT Am\u00e9rica Latina 2025"},{"@type":"BreadcrumbList","@id":"https:\/\/nitu.mx\/index.php\/2025\/09\/25\/pricetravel-holding-impulsa-su-expansion-en-fit-america-latina-2025\/#breadcrumb","itemListElement":[{"@type":"ListItem","position":1,"name":"Inicio","item":"https:\/\/nitu.mx\/"},{"@type":"ListItem","position":2,"name":"PriceTravel Holding impulsa su expansi\u00f3n en FIT Am\u00e9rica Latina 2025"}]},{"@type":"WebSite","@id":"https:\/\/nitu.mx\/#website","url":"https:\/\/nitu.mx\/","name":"Nitu - Noticias de la Industria Turistica","description":"Noticias de la Industria Turistica","publisher":{"@id":"https:\/\/nitu.mx\/#\/schema\/person\/ae7a53426417292d3dd07b45a33e01bc"},"alternateName":"Noticias de la Industria Turistica","potentialAction":[{"@type":"SearchAction","target":{"@type":"EntryPoint","urlTemplate":"https:\/\/nitu.mx\/?s={search_term_string}"},"query-input":"required name=search_term_string"}],"inLanguage":"es-MX"},{"@type":["Person","Organization"],"@id":"https:\/\/nitu.mx\/#\/schema\/person\/ae7a53426417292d3dd07b45a33e01bc","name":"Arturo Medina","image":{"@type":"ImageObject","inLanguage":"es-MX","@id":"https:\/\/nitu.mx\/#\/schema\/person\/image\/","url":"https:\/\/nitu.mx\/wp-content\/uploads\/2024\/04\/4A315622-1904-4D5C-B022-878CDC840E04-90x90-1.jpeg","contentUrl":"https:\/\/nitu.mx\/wp-content\/uploads\/2024\/04\/4A315622-1904-4D5C-B022-878CDC840E04-90x90-1.jpeg","width":90,"height":90,"caption":"Arturo Medina"},"logo":{"@id":"https:\/\/nitu.mx\/#\/schema\/person\/image\/"},"description":"Director NITU.mx, Egresado de la Escuela de Periodismo Carlos Septi\u00e9n Garc\u00eda. Periodista y analista especializado en turismo desde hace 35 a\u00f1os, radicado en Canc\u00fan Q.Roo. arturo@nitu.mx","sameAs":["https:\/\/nitu.mx","https:\/\/www.facebook.com\/NITUmx\/","medinacancun","https:\/\/twitter.com\/@Arturo_Medina_G"]},{"@type":"Person","@id":"https:\/\/nitu.mx\/#\/schema\/person\/4a28fe9bd65924f7c90623773daf1b0b","name":"Redacci\u00f3n","image":{"@type":"ImageObject","inLanguage":"es-MX","@id":"https:\/\/nitu.mx\/#\/schema\/person\/image\/","url":"https:\/\/secure.gravatar.com\/avatar\/5dd011c8ccfc5cd7e4c81e42252aab38?s=96&d=mm&r=g","contentUrl":"https:\/\/secure.gravatar.com\/avatar\/5dd011c8ccfc5cd7e4c81e42252aab38?s=96&d=mm&r=g","caption":"Redacci\u00f3n"},"url":"https:\/\/nitu.mx\/index.php\/author\/redaccion\/"}]}},"views":752,"_links":{"self":[{"href":"https:\/\/nitu.mx\/index.php\/wp-json\/wp\/v2\/posts\/83653"}],"collection":[{"href":"https:\/\/nitu.mx\/index.php\/wp-json\/wp\/v2\/posts"}],"about":[{"href":"https:\/\/nitu.mx\/index.php\/wp-json\/wp\/v2\/types\/post"}],"author":[{"embeddable":true,"href":"https:\/\/nitu.mx\/index.php\/wp-json\/wp\/v2\/users\/17"}],"replies":[{"embeddable":true,"href":"https:\/\/nitu.mx\/index.php\/wp-json\/wp\/v2\/comments?post=83653"}],"version-history":[{"count":1,"href":"https:\/\/nitu.mx\/index.php\/wp-json\/wp\/v2\/posts\/83653\/revisions"}],"predecessor-version":[{"id":83656,"href":"https:\/\/nitu.mx\/index.php\/wp-json\/wp\/v2\/posts\/83653\/revisions\/83656"}],"wp:featuredmedia":[{"embeddable":true,"href":"https:\/\/nitu.mx\/index.php\/wp-json\/wp\/v2\/media\/83655"}],"wp:attachment":[{"href":"https:\/\/nitu.mx\/index.php\/wp-json\/wp\/v2\/media?parent=83653"}],"wp:term":[{"taxonomy":"category","embeddable":true,"href":"https:\/\/nitu.mx\/index.php\/wp-json\/wp\/v2\/categories?post=83653"},{"taxonomy":"post_tag","embeddable":true,"href":"https:\/\/nitu.mx\/index.php\/wp-json\/wp\/v2\/tags?post=83653"}],"curies":[{"name":"wp","href":"https:\/\/api.w.org\/{rel}","templated":true}]}}