{"id":83635,"date":"2025-09-24T23:49:41","date_gmt":"2025-09-25T05:49:41","guid":{"rendered":"https:\/\/nitu.mx\/?p=83635"},"modified":"2025-09-24T23:49:42","modified_gmt":"2025-09-25T05:49:42","slug":"viva-fortalece-su-flota-con-la-llegada-del-avion-100","status":"publish","type":"post","link":"https:\/\/nitu.mx\/index.php\/2025\/09\/24\/viva-fortalece-su-flota-con-la-llegada-del-avion-100\/","title":{"rendered":"Viva fortalece su flota con la llegada del avi\u00f3n 100"},"content":{"rendered":"\n<p>En el marco de su aniversario 19, Viva, la aerol\u00ednea m\u00e1s flex-S\u00cd-ble de M\u00e9xico, celebr\u00f3 la llegada de una nueva aeronave A321 que se convierte en el avi\u00f3n n\u00famero 100 de su flota.<\/p>\n\n\n\n<p>Esta aeronave lleg\u00f3 directamente desde la f\u00e1brica de Airbus en Mobile, Alabama y aterriz\u00f3 en la Terminal C del Aeropuerto Internacional de Monterrey, donde se encuentra una de las bases de operaciones y la casa de Viva.<\/p>\n\n\n\n<p>Hoy nuestra flota llega a 100 aviones que, en conjunto, nos permiten ofrecer m\u00e1s de 190 rutas directas a 60 destinos, conectando a nuestros pasajeros con lo que m\u00e1s quieren y les importa. Evolucionamos de ser una aerol\u00ednea cuya \u00fanica ventaja competitiva era su bajo costo, a consolidar una oferta de valor \u00fanica en el mercado, que sin perder su esencia de precios bajos, mejora continuamente su calidad, ampl\u00eda constantemente su portafolio de rutas y se mantiene a la vanguardia tecnol\u00f3gica y con operaciones cada vez m\u00e1s sostenibles\u201d, afirm\u00f3 Juan Carlos Zuazua, Director General \/ Chief Executive Officer de Grupo Viva Aerobus.<\/p>\n\n\n\n<p>Este avi\u00f3n n\u00famero 100 no es solo una cifra cualquiera. Es s\u00edmbolo de resiliencia, de evoluci\u00f3n y de compromiso. Es un s\u00edmbolo de las diferentes turbulencias que hemos enfrentado y superado, siempre con la convicci\u00f3n de que el futuro de la aviaci\u00f3n mexicana se construye con audacia y responsabilidad\u201d, agreg\u00f3 Juan Carlos Zuazua.<\/p>\n\n\n\n<p>El avi\u00f3n n\u00famero 100 de la flota de Viva es un modelo A321 con capacidad para 240 pasajeros. La aeronave cuenta con un revestimiento \u00fanico que conmemora la ocasi\u00f3n especial. Este fue presentado en el hangar de Viva en la Terminal C del Aeropuerto Internacional de Monterrey, con la presencia de colaboradores de todas las \u00e1reas de la empresa, de la Familia GenteViva.<\/p>\n\n\n\n<p>Viva inici\u00f3 operaciones en 2006 con una flota de dos aviones Boeing 737-300, y en 2013 hizo su primer pedido con el fabricante aeroespacial franc\u00e9s Airbus por 52 aeronaves A320. Para 2016, se hab\u00edan dejado atr\u00e1s los aviones Boeing y la flota de Viva pas\u00f3 a ser 100% Airbus. En 2018, se sumaron las primeras unidades A321neo a su flota. En 2024, Viva se convirti\u00f3 en la primera aerol\u00ednea en Am\u00e9rica Latina en reconfigurar el interior de las cabinas de 52 de sus aeronaves con compartimientos de equipaje L bins, que le ofrecen a sus pasajeros hasta 60% m\u00e1s espacio para sus maletas a bordo.<\/p>\n\n\n\n<p>En el periodo 2014 &#8211; 2024, el porcentaje de pasajeros que volaron con Viva aument\u00f3 significativamente pasando de transportar 3.9 millones de pasajeros en 2014 a 27.7 millones en el 2024. Al d\u00eda de hoy, Viva ha transportado a m\u00e1s de 165 millones de pasajeros en total a su red de m\u00e1s de 190 rutas nacionales e internacionales a 60 destinos. (<a href=\"https:\/\/nitu.mx\/index.php\/2025\/08\/20\/viva-sumara-2-rutas-nuevas-del-aifa-a-estados-unidos\/\">Viva sumar\u00e1 2 rutas nuevas del AIFA a Estados Unidos<\/a>).<\/p>\n\n\n\n<p>Viva no solo le ofrece a sus pasajeros la oportunidad de volar a bordo de la flota m\u00e1s joven y moderna de M\u00e9xico, sino que tambi\u00e9n recompensa a trav\u00e9s de Doters, el programa de lealtad de la aerol\u00ednea que ya suma m\u00e1s de 10 millones de socios. Con Doters, cada viaje acumula Puntos Doters, los cuales se podr\u00e1n intercambiar por beneficios adicionales para su vuelo o recompensas con Viva y sus aliados.<\/p>\n\n\n\n<p>Adem\u00e1s, los pasajeros de Viva disfrutan tambi\u00e9n de los beneficios de la flex-S\u00cd-bilidad, gracias a los 11 superpoderes que la aerol\u00ednea ofrece en su boleto de avi\u00f3n, los cuales lo convierten en el m\u00e1s poderoso de la industria a\u00e9rea mexicana. Con esto, Viva se consolida como la aerol\u00ednea del S\u00cd, dici\u00e9ndole que S\u00cd a los pasajeros que quieren cambiar o corregir el nombre en su boleto, cambiar la ruta, el d\u00eda o el horario de su vuelo, transferir su boleto a otra persona, comprar boletos en vuelos llenos y mucho m\u00e1s.<\/p>\n","protected":false},"excerpt":{"rendered":"<p>En el marco de su aniversario 19, Viva, la aerol\u00ednea m\u00e1s flex-S\u00cd-ble de M\u00e9xico, celebr\u00f3 la llegada de una nueva aeronave A321 que se convierte en el avi\u00f3n n\u00famero 100 de su flota. Esta aeronave lleg\u00f3 directamente desde la f\u00e1brica de Airbus en Mobile, Alabama y aterriz\u00f3 en la Terminal C del Aeropuerto Internacional de [&hellip;]<\/p>\n","protected":false},"author":17,"featured_media":83637,"comment_status":"closed","ping_status":"closed","sticky":false,"template":"","format":"standard","meta":{"footnotes":""},"categories":[29],"tags":[2259,21925,444,295,2628],"yoast_head":"<!-- This site is optimized with the Yoast SEO plugin v22.2 - https:\/\/yoast.com\/wordpress\/plugins\/seo\/ -->\n<title>Viva fortalece su flota con la llegada del avi\u00f3n 100 - Nitu - Noticias de la Industria Turistica<\/title>\n<meta name=\"robots\" content=\"index, follow, max-snippet:-1, max-image-preview:large, max-video-preview:-1\" \/>\n<link rel=\"canonical\" href=\"https:\/\/nitu.mx\/index.php\/2025\/09\/24\/viva-fortalece-su-flota-con-la-llegada-del-avion-100\/\" \/>\n<meta name=\"twitter:card\" content=\"summary_large_image\" \/>\n<meta name=\"twitter:title\" content=\"Viva fortalece su flota con la llegada del avi\u00f3n 100 - Nitu - Noticias de la Industria Turistica\" \/>\n<meta name=\"twitter:description\" content=\"En el marco de su aniversario 19, Viva, la aerol\u00ednea m\u00e1s flex-S\u00cd-ble de M\u00e9xico, celebr\u00f3 la llegada de una nueva aeronave A321 que se convierte en el avi\u00f3n n\u00famero 100 de su flota. Esta aeronave lleg\u00f3 directamente desde la f\u00e1brica de Airbus en Mobile, Alabama y aterriz\u00f3 en la Terminal C del Aeropuerto Internacional de [&hellip;]\" \/>\n<meta name=\"twitter:image\" content=\"https:\/\/nitu.mx\/wp-content\/uploads\/2025\/09\/VIVA-AVION-100.jpg\" \/>\n<meta name=\"twitter:creator\" content=\"@NITUmx\" \/>\n<meta name=\"twitter:site\" content=\"@Arturo_Medina_G\" \/>\n<meta name=\"twitter:label1\" content=\"Escrito por\" \/>\n\t<meta name=\"twitter:data1\" content=\"Redacci\u00f3n\" \/>\n\t<meta name=\"twitter:label2\" content=\"Tiempo de lectura\" \/>\n\t<meta name=\"twitter:data2\" content=\"3 minutos\" \/>\n<script type=\"application\/ld+json\" class=\"yoast-schema-graph\">{\"@context\":\"https:\/\/schema.org\",\"@graph\":[{\"@type\":\"Article\",\"@id\":\"https:\/\/nitu.mx\/index.php\/2025\/09\/24\/viva-fortalece-su-flota-con-la-llegada-del-avion-100\/#article\",\"isPartOf\":{\"@id\":\"https:\/\/nitu.mx\/index.php\/2025\/09\/24\/viva-fortalece-su-flota-con-la-llegada-del-avion-100\/\"},\"author\":{\"name\":\"Redacci\u00f3n\",\"@id\":\"https:\/\/nitu.mx\/#\/schema\/person\/4a28fe9bd65924f7c90623773daf1b0b\"},\"headline\":\"Viva fortalece su flota con la llegada del avi\u00f3n 100\",\"datePublished\":\"2025-09-25T05:49:41+00:00\",\"dateModified\":\"2025-09-25T05:49:42+00:00\",\"mainEntityOfPage\":{\"@id\":\"https:\/\/nitu.mx\/index.php\/2025\/09\/24\/viva-fortalece-su-flota-con-la-llegada-del-avion-100\/\"},\"wordCount\":658,\"publisher\":{\"@id\":\"https:\/\/nitu.mx\/#\/schema\/person\/ae7a53426417292d3dd07b45a33e01bc\"},\"image\":{\"@id\":\"https:\/\/nitu.mx\/index.php\/2025\/09\/24\/viva-fortalece-su-flota-con-la-llegada-del-avion-100\/#primaryimage\"},\"thumbnailUrl\":\"https:\/\/nitu.mx\/wp-content\/uploads\/2025\/09\/VIVA-AVION-100.jpg\",\"keywords\":[\"aerol\u00edneas\",\"AIFA\",\"Airbus\",\"Juan Carlos Zuazua\",\"Viva\"],\"articleSection\":[\"Aerol\u00edneas\"],\"inLanguage\":\"es-MX\"},{\"@type\":\"WebPage\",\"@id\":\"https:\/\/nitu.mx\/index.php\/2025\/09\/24\/viva-fortalece-su-flota-con-la-llegada-del-avion-100\/\",\"url\":\"https:\/\/nitu.mx\/index.php\/2025\/09\/24\/viva-fortalece-su-flota-con-la-llegada-del-avion-100\/\",\"name\":\"Viva fortalece su flota con la llegada del avi\u00f3n 100 - Nitu - Noticias de la Industria Turistica\",\"isPartOf\":{\"@id\":\"https:\/\/nitu.mx\/#website\"},\"primaryImageOfPage\":{\"@id\":\"https:\/\/nitu.mx\/index.php\/2025\/09\/24\/viva-fortalece-su-flota-con-la-llegada-del-avion-100\/#primaryimage\"},\"image\":{\"@id\":\"https:\/\/nitu.mx\/index.php\/2025\/09\/24\/viva-fortalece-su-flota-con-la-llegada-del-avion-100\/#primaryimage\"},\"thumbnailUrl\":\"https:\/\/nitu.mx\/wp-content\/uploads\/2025\/09\/VIVA-AVION-100.jpg\",\"datePublished\":\"2025-09-25T05:49:41+00:00\",\"dateModified\":\"2025-09-25T05:49:42+00:00\",\"breadcrumb\":{\"@id\":\"https:\/\/nitu.mx\/index.php\/2025\/09\/24\/viva-fortalece-su-flota-con-la-llegada-del-avion-100\/#breadcrumb\"},\"inLanguage\":\"es-MX\",\"potentialAction\":[{\"@type\":\"ReadAction\",\"target\":[\"https:\/\/nitu.mx\/index.php\/2025\/09\/24\/viva-fortalece-su-flota-con-la-llegada-del-avion-100\/\"]}]},{\"@type\":\"ImageObject\",\"inLanguage\":\"es-MX\",\"@id\":\"https:\/\/nitu.mx\/index.php\/2025\/09\/24\/viva-fortalece-su-flota-con-la-llegada-del-avion-100\/#primaryimage\",\"url\":\"https:\/\/nitu.mx\/wp-content\/uploads\/2025\/09\/VIVA-AVION-100.jpg\",\"contentUrl\":\"https:\/\/nitu.mx\/wp-content\/uploads\/2025\/09\/VIVA-AVION-100.jpg\",\"width\":1200,\"height\":675,\"caption\":\"viva avion 100\"},{\"@type\":\"BreadcrumbList\",\"@id\":\"https:\/\/nitu.mx\/index.php\/2025\/09\/24\/viva-fortalece-su-flota-con-la-llegada-del-avion-100\/#breadcrumb\",\"itemListElement\":[{\"@type\":\"ListItem\",\"position\":1,\"name\":\"Inicio\",\"item\":\"https:\/\/nitu.mx\/\"},{\"@type\":\"ListItem\",\"position\":2,\"name\":\"Viva fortalece su flota con la llegada del avi\u00f3n 100\"}]},{\"@type\":\"WebSite\",\"@id\":\"https:\/\/nitu.mx\/#website\",\"url\":\"https:\/\/nitu.mx\/\",\"name\":\"Nitu - Noticias de la Industria Turistica\",\"description\":\"Noticias de la Industria Turistica\",\"publisher\":{\"@id\":\"https:\/\/nitu.mx\/#\/schema\/person\/ae7a53426417292d3dd07b45a33e01bc\"},\"alternateName\":\"Noticias de la Industria Turistica\",\"potentialAction\":[{\"@type\":\"SearchAction\",\"target\":{\"@type\":\"EntryPoint\",\"urlTemplate\":\"https:\/\/nitu.mx\/?s={search_term_string}\"},\"query-input\":\"required name=search_term_string\"}],\"inLanguage\":\"es-MX\"},{\"@type\":[\"Person\",\"Organization\"],\"@id\":\"https:\/\/nitu.mx\/#\/schema\/person\/ae7a53426417292d3dd07b45a33e01bc\",\"name\":\"Arturo Medina\",\"image\":{\"@type\":\"ImageObject\",\"inLanguage\":\"es-MX\",\"@id\":\"https:\/\/nitu.mx\/#\/schema\/person\/image\/\",\"url\":\"https:\/\/nitu.mx\/wp-content\/uploads\/2024\/04\/4A315622-1904-4D5C-B022-878CDC840E04-90x90-1.jpeg\",\"contentUrl\":\"https:\/\/nitu.mx\/wp-content\/uploads\/2024\/04\/4A315622-1904-4D5C-B022-878CDC840E04-90x90-1.jpeg\",\"width\":90,\"height\":90,\"caption\":\"Arturo Medina\"},\"logo\":{\"@id\":\"https:\/\/nitu.mx\/#\/schema\/person\/image\/\"},\"description\":\"Director NITU.mx, Egresado de la Escuela de Periodismo Carlos Septi\u00e9n Garc\u00eda. Periodista y analista especializado en turismo desde hace 35 a\u00f1os, radicado en Canc\u00fan Q.Roo. arturo@nitu.mx\",\"sameAs\":[\"https:\/\/nitu.mx\",\"https:\/\/www.facebook.com\/NITUmx\/\",\"medinacancun\",\"https:\/\/twitter.com\/@Arturo_Medina_G\"]},{\"@type\":\"Person\",\"@id\":\"https:\/\/nitu.mx\/#\/schema\/person\/4a28fe9bd65924f7c90623773daf1b0b\",\"name\":\"Redacci\u00f3n\",\"image\":{\"@type\":\"ImageObject\",\"inLanguage\":\"es-MX\",\"@id\":\"https:\/\/nitu.mx\/#\/schema\/person\/image\/\",\"url\":\"https:\/\/secure.gravatar.com\/avatar\/5dd011c8ccfc5cd7e4c81e42252aab38?s=96&d=mm&r=g\",\"contentUrl\":\"https:\/\/secure.gravatar.com\/avatar\/5dd011c8ccfc5cd7e4c81e42252aab38?s=96&d=mm&r=g\",\"caption\":\"Redacci\u00f3n\"},\"url\":\"https:\/\/nitu.mx\/index.php\/author\/redaccion\/\"}]}<\/script>\n<!-- \/ Yoast SEO plugin. -->","yoast_head_json":{"title":"Viva fortalece su flota con la llegada del avi\u00f3n 100 - Nitu - Noticias de la Industria Turistica","robots":{"index":"index","follow":"follow","max-snippet":"max-snippet:-1","max-image-preview":"max-image-preview:large","max-video-preview":"max-video-preview:-1"},"canonical":"https:\/\/nitu.mx\/index.php\/2025\/09\/24\/viva-fortalece-su-flota-con-la-llegada-del-avion-100\/","twitter_card":"summary_large_image","twitter_title":"Viva fortalece su flota con la llegada del avi\u00f3n 100 - Nitu - Noticias de la Industria Turistica","twitter_description":"En el marco de su aniversario 19, Viva, la aerol\u00ednea m\u00e1s flex-S\u00cd-ble de M\u00e9xico, celebr\u00f3 la llegada de una nueva aeronave A321 que se convierte en el avi\u00f3n n\u00famero 100 de su flota. Esta aeronave lleg\u00f3 directamente desde la f\u00e1brica de Airbus en Mobile, Alabama y aterriz\u00f3 en la Terminal C del Aeropuerto Internacional de [&hellip;]","twitter_image":"https:\/\/nitu.mx\/wp-content\/uploads\/2025\/09\/VIVA-AVION-100.jpg","twitter_creator":"@NITUmx","twitter_site":"@Arturo_Medina_G","twitter_misc":{"Escrito por":"Redacci\u00f3n","Tiempo de lectura":"3 minutos"},"schema":{"@context":"https:\/\/schema.org","@graph":[{"@type":"Article","@id":"https:\/\/nitu.mx\/index.php\/2025\/09\/24\/viva-fortalece-su-flota-con-la-llegada-del-avion-100\/#article","isPartOf":{"@id":"https:\/\/nitu.mx\/index.php\/2025\/09\/24\/viva-fortalece-su-flota-con-la-llegada-del-avion-100\/"},"author":{"name":"Redacci\u00f3n","@id":"https:\/\/nitu.mx\/#\/schema\/person\/4a28fe9bd65924f7c90623773daf1b0b"},"headline":"Viva fortalece su flota con la llegada del avi\u00f3n 100","datePublished":"2025-09-25T05:49:41+00:00","dateModified":"2025-09-25T05:49:42+00:00","mainEntityOfPage":{"@id":"https:\/\/nitu.mx\/index.php\/2025\/09\/24\/viva-fortalece-su-flota-con-la-llegada-del-avion-100\/"},"wordCount":658,"publisher":{"@id":"https:\/\/nitu.mx\/#\/schema\/person\/ae7a53426417292d3dd07b45a33e01bc"},"image":{"@id":"https:\/\/nitu.mx\/index.php\/2025\/09\/24\/viva-fortalece-su-flota-con-la-llegada-del-avion-100\/#primaryimage"},"thumbnailUrl":"https:\/\/nitu.mx\/wp-content\/uploads\/2025\/09\/VIVA-AVION-100.jpg","keywords":["aerol\u00edneas","AIFA","Airbus","Juan Carlos Zuazua","Viva"],"articleSection":["Aerol\u00edneas"],"inLanguage":"es-MX"},{"@type":"WebPage","@id":"https:\/\/nitu.mx\/index.php\/2025\/09\/24\/viva-fortalece-su-flota-con-la-llegada-del-avion-100\/","url":"https:\/\/nitu.mx\/index.php\/2025\/09\/24\/viva-fortalece-su-flota-con-la-llegada-del-avion-100\/","name":"Viva fortalece su flota con la llegada del avi\u00f3n 100 - Nitu - Noticias de la Industria Turistica","isPartOf":{"@id":"https:\/\/nitu.mx\/#website"},"primaryImageOfPage":{"@id":"https:\/\/nitu.mx\/index.php\/2025\/09\/24\/viva-fortalece-su-flota-con-la-llegada-del-avion-100\/#primaryimage"},"image":{"@id":"https:\/\/nitu.mx\/index.php\/2025\/09\/24\/viva-fortalece-su-flota-con-la-llegada-del-avion-100\/#primaryimage"},"thumbnailUrl":"https:\/\/nitu.mx\/wp-content\/uploads\/2025\/09\/VIVA-AVION-100.jpg","datePublished":"2025-09-25T05:49:41+00:00","dateModified":"2025-09-25T05:49:42+00:00","breadcrumb":{"@id":"https:\/\/nitu.mx\/index.php\/2025\/09\/24\/viva-fortalece-su-flota-con-la-llegada-del-avion-100\/#breadcrumb"},"inLanguage":"es-MX","potentialAction":[{"@type":"ReadAction","target":["https:\/\/nitu.mx\/index.php\/2025\/09\/24\/viva-fortalece-su-flota-con-la-llegada-del-avion-100\/"]}]},{"@type":"ImageObject","inLanguage":"es-MX","@id":"https:\/\/nitu.mx\/index.php\/2025\/09\/24\/viva-fortalece-su-flota-con-la-llegada-del-avion-100\/#primaryimage","url":"https:\/\/nitu.mx\/wp-content\/uploads\/2025\/09\/VIVA-AVION-100.jpg","contentUrl":"https:\/\/nitu.mx\/wp-content\/uploads\/2025\/09\/VIVA-AVION-100.jpg","width":1200,"height":675,"caption":"viva avion 100"},{"@type":"BreadcrumbList","@id":"https:\/\/nitu.mx\/index.php\/2025\/09\/24\/viva-fortalece-su-flota-con-la-llegada-del-avion-100\/#breadcrumb","itemListElement":[{"@type":"ListItem","position":1,"name":"Inicio","item":"https:\/\/nitu.mx\/"},{"@type":"ListItem","position":2,"name":"Viva fortalece su flota con la llegada del avi\u00f3n 100"}]},{"@type":"WebSite","@id":"https:\/\/nitu.mx\/#website","url":"https:\/\/nitu.mx\/","name":"Nitu - Noticias de la Industria Turistica","description":"Noticias de la Industria Turistica","publisher":{"@id":"https:\/\/nitu.mx\/#\/schema\/person\/ae7a53426417292d3dd07b45a33e01bc"},"alternateName":"Noticias de la Industria Turistica","potentialAction":[{"@type":"SearchAction","target":{"@type":"EntryPoint","urlTemplate":"https:\/\/nitu.mx\/?s={search_term_string}"},"query-input":"required name=search_term_string"}],"inLanguage":"es-MX"},{"@type":["Person","Organization"],"@id":"https:\/\/nitu.mx\/#\/schema\/person\/ae7a53426417292d3dd07b45a33e01bc","name":"Arturo Medina","image":{"@type":"ImageObject","inLanguage":"es-MX","@id":"https:\/\/nitu.mx\/#\/schema\/person\/image\/","url":"https:\/\/nitu.mx\/wp-content\/uploads\/2024\/04\/4A315622-1904-4D5C-B022-878CDC840E04-90x90-1.jpeg","contentUrl":"https:\/\/nitu.mx\/wp-content\/uploads\/2024\/04\/4A315622-1904-4D5C-B022-878CDC840E04-90x90-1.jpeg","width":90,"height":90,"caption":"Arturo Medina"},"logo":{"@id":"https:\/\/nitu.mx\/#\/schema\/person\/image\/"},"description":"Director NITU.mx, Egresado de la Escuela de Periodismo Carlos Septi\u00e9n Garc\u00eda. Periodista y analista especializado en turismo desde hace 35 a\u00f1os, radicado en Canc\u00fan Q.Roo. arturo@nitu.mx","sameAs":["https:\/\/nitu.mx","https:\/\/www.facebook.com\/NITUmx\/","medinacancun","https:\/\/twitter.com\/@Arturo_Medina_G"]},{"@type":"Person","@id":"https:\/\/nitu.mx\/#\/schema\/person\/4a28fe9bd65924f7c90623773daf1b0b","name":"Redacci\u00f3n","image":{"@type":"ImageObject","inLanguage":"es-MX","@id":"https:\/\/nitu.mx\/#\/schema\/person\/image\/","url":"https:\/\/secure.gravatar.com\/avatar\/5dd011c8ccfc5cd7e4c81e42252aab38?s=96&d=mm&r=g","contentUrl":"https:\/\/secure.gravatar.com\/avatar\/5dd011c8ccfc5cd7e4c81e42252aab38?s=96&d=mm&r=g","caption":"Redacci\u00f3n"},"url":"https:\/\/nitu.mx\/index.php\/author\/redaccion\/"}]}},"views":634,"_links":{"self":[{"href":"https:\/\/nitu.mx\/index.php\/wp-json\/wp\/v2\/posts\/83635"}],"collection":[{"href":"https:\/\/nitu.mx\/index.php\/wp-json\/wp\/v2\/posts"}],"about":[{"href":"https:\/\/nitu.mx\/index.php\/wp-json\/wp\/v2\/types\/post"}],"author":[{"embeddable":true,"href":"https:\/\/nitu.mx\/index.php\/wp-json\/wp\/v2\/users\/17"}],"replies":[{"embeddable":true,"href":"https:\/\/nitu.mx\/index.php\/wp-json\/wp\/v2\/comments?post=83635"}],"version-history":[{"count":1,"href":"https:\/\/nitu.mx\/index.php\/wp-json\/wp\/v2\/posts\/83635\/revisions"}],"predecessor-version":[{"id":83638,"href":"https:\/\/nitu.mx\/index.php\/wp-json\/wp\/v2\/posts\/83635\/revisions\/83638"}],"wp:featuredmedia":[{"embeddable":true,"href":"https:\/\/nitu.mx\/index.php\/wp-json\/wp\/v2\/media\/83637"}],"wp:attachment":[{"href":"https:\/\/nitu.mx\/index.php\/wp-json\/wp\/v2\/media?parent=83635"}],"wp:term":[{"taxonomy":"category","embeddable":true,"href":"https:\/\/nitu.mx\/index.php\/wp-json\/wp\/v2\/categories?post=83635"},{"taxonomy":"post_tag","embeddable":true,"href":"https:\/\/nitu.mx\/index.php\/wp-json\/wp\/v2\/tags?post=83635"}],"curies":[{"name":"wp","href":"https:\/\/api.w.org\/{rel}","templated":true}]}}