{"id":83612,"date":"2025-09-24T00:14:18","date_gmt":"2025-09-24T06:14:18","guid":{"rendered":"https:\/\/nitu.mx\/?p=83612"},"modified":"2025-09-24T00:15:41","modified_gmt":"2025-09-24T06:15:41","slug":"aeromexico-une-deporte-y-compromiso-social-en-la-17a-edicion-de-su-torneo-de-golf","status":"publish","type":"post","link":"https:\/\/nitu.mx\/index.php\/2025\/09\/24\/aeromexico-une-deporte-y-compromiso-social-en-la-17a-edicion-de-su-torneo-de-golf\/","title":{"rendered":"Aerom\u00e9xico une deporte y compromiso social en la 17\u00aa edici\u00f3n de su torneo de golf"},"content":{"rendered":"\n<p>Aerom\u00e9xico anunci\u00f3 la realizaci\u00f3n de la 17\u00aa edici\u00f3n de su Torneo de Golf, que se llevar\u00e1 a cabo del 1 al 3 de octubre en el Hotel Montage Los Cabos, con la participaci\u00f3n de la golfista Gaby L\u00f3pez y el apoyo de COMEX como patrocinador oficial, teniendo como sede el exclusivo campo Twin Dolphin Club.<\/p>\n\n\n\n<p>Este torneo, que se ha consolidado como una tradici\u00f3n deportiva para la aerol\u00ednea, mantiene su prop\u00f3sito central: recaudar fondos en beneficio de causas sociales. En esta edici\u00f3n, los recursos se destinar\u00e1n a dos fundaciones que representan retos actuales y prioritarios en M\u00e9xico:<\/p>\n\n\n\n<ul>\n<li>Fundaci\u00f3n Freedom, dedicada a la prevenci\u00f3n, atenci\u00f3n y erradicaci\u00f3n del abuso y la trata sexual infantil.<\/li>\n<\/ul>\n\n\n\n<ul>\n<li>Zentro FDVT A.C., que impulsa la salud mental y el bienestar de los j\u00f3venes, fomentando h\u00e1bitos saludables y el di\u00e1logo abierto sobre temas como consumo de sustancias y prevenci\u00f3n del suicidio.<\/li>\n<\/ul>\n\n\n\n<p>La conferencia estuvo encabezada por Andr\u00e9s Casta\u00f1eda, Vicepresidente Ejecutivo de Digital y Experiencia al Cliente de Aerom\u00e9xico, y cont\u00f3 con la presencia de invitados especiales, entre ellos, Gaby L\u00f3pez, el Dr. Emilio Maus, Director de Investigaci\u00f3n de Fundaci\u00f3n Freedom, y Eduardo del Villar, fundador de Zentro FDVT A.C.<\/p>\n\n\n\n<p>Durante el evento, Andr\u00e9s Casta\u00f1eda destac\u00f3: \u201cEste torneo no solo es una celebraci\u00f3n deportiva, sino una forma de sumar esfuerzos para transformar realidades. Al apoyar a Fundaci\u00f3n Freedom y Zentro, reafirmamos nuestro compromiso de contribuir a un M\u00e9xico m\u00e1s seguro, consciente y con m\u00e1s oportunidades para las nuevas generaciones. Nos enorgullece que Aerom\u00e9xico pueda trascender el vuelo para dejar una huella positiva en la sociedad.\u201d<\/p>\n\n\n\n<p>Por su parte, el Dr Emilio Maus, se\u00f1al\u00f3: \u201cA nombre de Fundaci\u00f3n Freedom, estamos muy agradecidos con Aerom\u00e9xico, por esta iniciativa y por sumarnos al Torneo de Golf. Sobre todo, gracias tambi\u00e9n por visibilizar uno de los grandes temas que aquejan a nuestro pa\u00eds, que es la trata, la explotaci\u00f3n y el abuso sexual infantil. Reconocemos el trabajo de Aerom\u00e9xico que ha llevado a cabo con la capacitaci\u00f3n de sobrecargos, de personal de tierra, la vinculaci\u00f3n con autoridades y la sensibilizaci\u00f3n al interior de cada uno de los vuelos.\u201d<\/p>\n\n\n\n<p>En tanto, Eduardo del Villar asegur\u00f3: \u201cNos llena de orgullo anunciar nuestra participaci\u00f3n en este Torneo de Golf de la mano de Aerom\u00e9xico, una empresa que comparte con nosotros la visi\u00f3n de impulsar una vida m\u00e1s plena y saludable. Las sinergias que surgen con este tipo de alianzas son poderosas: juntos podemos llegar m\u00e1s lejos, conectar con m\u00e1s comunidades y generar un impacto real y medible en la vida de los j\u00f3venes. Queremos agradecer a Aerom\u00e9xico y a Gaby por abrirnos las alas \u2014literal y metaf\u00f3ricamente\u2014 y permitirnos llevar el mensaje de Zentro cada vez m\u00e1s alto.\u201d<\/p>\n\n\n\n<p>En su intervenci\u00f3n, Gaby L\u00f3pez destac\u00f3: \u201cDefinitivamente a m\u00ed el deporte me ha cambiado la vida, y eso es justamente lo que estamos incluyendo en este Torneo de Golf, que m\u00e1s j\u00f3venes y adultos est\u00e9n involucrados en el deporte, porque realmente es un espacio donde podemos descansar la mente del estr\u00e9s e involucrarnos con otro tipo de actividades para poder sacar la mejor versi\u00f3n que tenemos de nosotros. Soy muy afortunada por tener esta alianza con Aerom\u00e9xico, Zentro y Freedom.\u201d<\/p>\n\n\n\n<p>Con esta 17\u00aa edici\u00f3n, Aerom\u00e9xico reafirma que su Torneo de Golf no solo es un punto de encuentro para el deporte, sino tambi\u00e9n un motor de transformaci\u00f3n social, sumando aliados que comparten la visi\u00f3n de construir un mejor futuro para M\u00e9xico. (<a href=\"https:\/\/nitu.mx\/index.php\/2025\/09\/22\/aeromexico-obtiene-premio-aerolinea-global-cinco-estrellas-en-los-apex\/\">Aerom\u00e9xico obtiene premio Aerol\u00ednea Global Cinco Estrellas en los APEX<\/a>).<\/p>\n","protected":false},"excerpt":{"rendered":"<p>Aerom\u00e9xico anunci\u00f3 la realizaci\u00f3n de la 17\u00aa edici\u00f3n de su Torneo de Golf, que se llevar\u00e1 a cabo del 1 al 3 de octubre en el Hotel Montage Los Cabos, con la participaci\u00f3n de la golfista Gaby L\u00f3pez y el apoyo de COMEX como patrocinador oficial, teniendo como sede el exclusivo campo Twin Dolphin Club. [&hellip;]<\/p>\n","protected":false},"author":17,"featured_media":83617,"comment_status":"closed","ping_status":"closed","sticky":false,"template":"","format":"standard","meta":{"footnotes":""},"categories":[29],"tags":[30,27703,27704,27702],"yoast_head":"<!-- This site is optimized with the Yoast SEO plugin v22.2 - https:\/\/yoast.com\/wordpress\/plugins\/seo\/ -->\n<title>Aerom\u00e9xico une deporte y compromiso social en la 17\u00aa edici\u00f3n de su torneo de golf - Nitu - Noticias de la Industria Turistica<\/title>\n<meta name=\"robots\" content=\"index, follow, max-snippet:-1, max-image-preview:large, max-video-preview:-1\" \/>\n<link rel=\"canonical\" href=\"https:\/\/nitu.mx\/index.php\/2025\/09\/24\/aeromexico-une-deporte-y-compromiso-social-en-la-17a-edicion-de-su-torneo-de-golf\/\" \/>\n<meta name=\"twitter:card\" content=\"summary_large_image\" \/>\n<meta name=\"twitter:title\" content=\"Aerom\u00e9xico une deporte y compromiso social en la 17\u00aa edici\u00f3n de su torneo de golf - Nitu - Noticias de la Industria Turistica\" \/>\n<meta name=\"twitter:description\" content=\"Aerom\u00e9xico anunci\u00f3 la realizaci\u00f3n de la 17\u00aa edici\u00f3n de su Torneo de Golf, que se llevar\u00e1 a cabo del 1 al 3 de octubre en el Hotel Montage Los Cabos, con la participaci\u00f3n de la golfista Gaby L\u00f3pez y el apoyo de COMEX como patrocinador oficial, teniendo como sede el exclusivo campo Twin Dolphin Club. [&hellip;]\" \/>\n<meta name=\"twitter:image\" content=\"https:\/\/nitu.mx\/wp-content\/uploads\/2025\/09\/AEROMEXICO-TORNEO-DE-GOLF.jpg\" \/>\n<meta name=\"twitter:creator\" content=\"@NITUmx\" \/>\n<meta name=\"twitter:site\" content=\"@Arturo_Medina_G\" \/>\n<meta name=\"twitter:label1\" content=\"Escrito por\" \/>\n\t<meta name=\"twitter:data1\" content=\"Redacci\u00f3n\" \/>\n\t<meta name=\"twitter:label2\" content=\"Tiempo de lectura\" \/>\n\t<meta name=\"twitter:data2\" content=\"3 minutos\" \/>\n<script type=\"application\/ld+json\" class=\"yoast-schema-graph\">{\"@context\":\"https:\/\/schema.org\",\"@graph\":[{\"@type\":\"Article\",\"@id\":\"https:\/\/nitu.mx\/index.php\/2025\/09\/24\/aeromexico-une-deporte-y-compromiso-social-en-la-17a-edicion-de-su-torneo-de-golf\/#article\",\"isPartOf\":{\"@id\":\"https:\/\/nitu.mx\/index.php\/2025\/09\/24\/aeromexico-une-deporte-y-compromiso-social-en-la-17a-edicion-de-su-torneo-de-golf\/\"},\"author\":{\"name\":\"Redacci\u00f3n\",\"@id\":\"https:\/\/nitu.mx\/#\/schema\/person\/4a28fe9bd65924f7c90623773daf1b0b\"},\"headline\":\"Aerom\u00e9xico une deporte y compromiso social en la 17\u00aa edici\u00f3n de su torneo de golf\",\"datePublished\":\"2025-09-24T06:14:18+00:00\",\"dateModified\":\"2025-09-24T06:15:41+00:00\",\"mainEntityOfPage\":{\"@id\":\"https:\/\/nitu.mx\/index.php\/2025\/09\/24\/aeromexico-une-deporte-y-compromiso-social-en-la-17a-edicion-de-su-torneo-de-golf\/\"},\"wordCount\":657,\"publisher\":{\"@id\":\"https:\/\/nitu.mx\/#\/schema\/person\/ae7a53426417292d3dd07b45a33e01bc\"},\"image\":{\"@id\":\"https:\/\/nitu.mx\/index.php\/2025\/09\/24\/aeromexico-une-deporte-y-compromiso-social-en-la-17a-edicion-de-su-torneo-de-golf\/#primaryimage\"},\"thumbnailUrl\":\"https:\/\/nitu.mx\/wp-content\/uploads\/2025\/09\/AEROMEXICO-TORNEO-DE-GOLF.jpg\",\"keywords\":[\"Aerom\u00e9xico\",\"COMEX\",\"Gaby Lopez\",\"Torneo de golf\"],\"articleSection\":[\"Aerol\u00edneas\"],\"inLanguage\":\"es-MX\"},{\"@type\":\"WebPage\",\"@id\":\"https:\/\/nitu.mx\/index.php\/2025\/09\/24\/aeromexico-une-deporte-y-compromiso-social-en-la-17a-edicion-de-su-torneo-de-golf\/\",\"url\":\"https:\/\/nitu.mx\/index.php\/2025\/09\/24\/aeromexico-une-deporte-y-compromiso-social-en-la-17a-edicion-de-su-torneo-de-golf\/\",\"name\":\"Aerom\u00e9xico une deporte y compromiso social en la 17\u00aa edici\u00f3n de su torneo de golf - Nitu - Noticias de la Industria Turistica\",\"isPartOf\":{\"@id\":\"https:\/\/nitu.mx\/#website\"},\"primaryImageOfPage\":{\"@id\":\"https:\/\/nitu.mx\/index.php\/2025\/09\/24\/aeromexico-une-deporte-y-compromiso-social-en-la-17a-edicion-de-su-torneo-de-golf\/#primaryimage\"},\"image\":{\"@id\":\"https:\/\/nitu.mx\/index.php\/2025\/09\/24\/aeromexico-une-deporte-y-compromiso-social-en-la-17a-edicion-de-su-torneo-de-golf\/#primaryimage\"},\"thumbnailUrl\":\"https:\/\/nitu.mx\/wp-content\/uploads\/2025\/09\/AEROMEXICO-TORNEO-DE-GOLF.jpg\",\"datePublished\":\"2025-09-24T06:14:18+00:00\",\"dateModified\":\"2025-09-24T06:15:41+00:00\",\"breadcrumb\":{\"@id\":\"https:\/\/nitu.mx\/index.php\/2025\/09\/24\/aeromexico-une-deporte-y-compromiso-social-en-la-17a-edicion-de-su-torneo-de-golf\/#breadcrumb\"},\"inLanguage\":\"es-MX\",\"potentialAction\":[{\"@type\":\"ReadAction\",\"target\":[\"https:\/\/nitu.mx\/index.php\/2025\/09\/24\/aeromexico-une-deporte-y-compromiso-social-en-la-17a-edicion-de-su-torneo-de-golf\/\"]}]},{\"@type\":\"ImageObject\",\"inLanguage\":\"es-MX\",\"@id\":\"https:\/\/nitu.mx\/index.php\/2025\/09\/24\/aeromexico-une-deporte-y-compromiso-social-en-la-17a-edicion-de-su-torneo-de-golf\/#primaryimage\",\"url\":\"https:\/\/nitu.mx\/wp-content\/uploads\/2025\/09\/AEROMEXICO-TORNEO-DE-GOLF.jpg\",\"contentUrl\":\"https:\/\/nitu.mx\/wp-content\/uploads\/2025\/09\/AEROMEXICO-TORNEO-DE-GOLF.jpg\",\"width\":1200,\"height\":675},{\"@type\":\"BreadcrumbList\",\"@id\":\"https:\/\/nitu.mx\/index.php\/2025\/09\/24\/aeromexico-une-deporte-y-compromiso-social-en-la-17a-edicion-de-su-torneo-de-golf\/#breadcrumb\",\"itemListElement\":[{\"@type\":\"ListItem\",\"position\":1,\"name\":\"Inicio\",\"item\":\"https:\/\/nitu.mx\/\"},{\"@type\":\"ListItem\",\"position\":2,\"name\":\"Aerom\u00e9xico une deporte y compromiso social en la 17\u00aa edici\u00f3n de su torneo de golf\"}]},{\"@type\":\"WebSite\",\"@id\":\"https:\/\/nitu.mx\/#website\",\"url\":\"https:\/\/nitu.mx\/\",\"name\":\"Nitu - Noticias de la Industria Turistica\",\"description\":\"Noticias de la Industria Turistica\",\"publisher\":{\"@id\":\"https:\/\/nitu.mx\/#\/schema\/person\/ae7a53426417292d3dd07b45a33e01bc\"},\"alternateName\":\"Noticias de la Industria Turistica\",\"potentialAction\":[{\"@type\":\"SearchAction\",\"target\":{\"@type\":\"EntryPoint\",\"urlTemplate\":\"https:\/\/nitu.mx\/?s={search_term_string}\"},\"query-input\":\"required name=search_term_string\"}],\"inLanguage\":\"es-MX\"},{\"@type\":[\"Person\",\"Organization\"],\"@id\":\"https:\/\/nitu.mx\/#\/schema\/person\/ae7a53426417292d3dd07b45a33e01bc\",\"name\":\"Arturo Medina\",\"image\":{\"@type\":\"ImageObject\",\"inLanguage\":\"es-MX\",\"@id\":\"https:\/\/nitu.mx\/#\/schema\/person\/image\/\",\"url\":\"https:\/\/nitu.mx\/wp-content\/uploads\/2024\/04\/4A315622-1904-4D5C-B022-878CDC840E04-90x90-1.jpeg\",\"contentUrl\":\"https:\/\/nitu.mx\/wp-content\/uploads\/2024\/04\/4A315622-1904-4D5C-B022-878CDC840E04-90x90-1.jpeg\",\"width\":90,\"height\":90,\"caption\":\"Arturo Medina\"},\"logo\":{\"@id\":\"https:\/\/nitu.mx\/#\/schema\/person\/image\/\"},\"description\":\"Director NITU.mx, Egresado de la Escuela de Periodismo Carlos Septi\u00e9n Garc\u00eda. Periodista y analista especializado en turismo desde hace 35 a\u00f1os, radicado en Canc\u00fan Q.Roo. arturo@nitu.mx\",\"sameAs\":[\"https:\/\/nitu.mx\",\"https:\/\/www.facebook.com\/NITUmx\/\",\"medinacancun\",\"https:\/\/twitter.com\/@Arturo_Medina_G\"]},{\"@type\":\"Person\",\"@id\":\"https:\/\/nitu.mx\/#\/schema\/person\/4a28fe9bd65924f7c90623773daf1b0b\",\"name\":\"Redacci\u00f3n\",\"image\":{\"@type\":\"ImageObject\",\"inLanguage\":\"es-MX\",\"@id\":\"https:\/\/nitu.mx\/#\/schema\/person\/image\/\",\"url\":\"https:\/\/secure.gravatar.com\/avatar\/5dd011c8ccfc5cd7e4c81e42252aab38?s=96&d=mm&r=g\",\"contentUrl\":\"https:\/\/secure.gravatar.com\/avatar\/5dd011c8ccfc5cd7e4c81e42252aab38?s=96&d=mm&r=g\",\"caption\":\"Redacci\u00f3n\"},\"url\":\"https:\/\/nitu.mx\/index.php\/author\/redaccion\/\"}]}<\/script>\n<!-- \/ Yoast SEO plugin. -->","yoast_head_json":{"title":"Aerom\u00e9xico une deporte y compromiso social en la 17\u00aa edici\u00f3n de su torneo de golf - Nitu - Noticias de la Industria Turistica","robots":{"index":"index","follow":"follow","max-snippet":"max-snippet:-1","max-image-preview":"max-image-preview:large","max-video-preview":"max-video-preview:-1"},"canonical":"https:\/\/nitu.mx\/index.php\/2025\/09\/24\/aeromexico-une-deporte-y-compromiso-social-en-la-17a-edicion-de-su-torneo-de-golf\/","twitter_card":"summary_large_image","twitter_title":"Aerom\u00e9xico une deporte y compromiso social en la 17\u00aa edici\u00f3n de su torneo de golf - Nitu - Noticias de la Industria Turistica","twitter_description":"Aerom\u00e9xico anunci\u00f3 la realizaci\u00f3n de la 17\u00aa edici\u00f3n de su Torneo de Golf, que se llevar\u00e1 a cabo del 1 al 3 de octubre en el Hotel Montage Los Cabos, con la participaci\u00f3n de la golfista Gaby L\u00f3pez y el apoyo de COMEX como patrocinador oficial, teniendo como sede el exclusivo campo Twin Dolphin Club. [&hellip;]","twitter_image":"https:\/\/nitu.mx\/wp-content\/uploads\/2025\/09\/AEROMEXICO-TORNEO-DE-GOLF.jpg","twitter_creator":"@NITUmx","twitter_site":"@Arturo_Medina_G","twitter_misc":{"Escrito por":"Redacci\u00f3n","Tiempo de lectura":"3 minutos"},"schema":{"@context":"https:\/\/schema.org","@graph":[{"@type":"Article","@id":"https:\/\/nitu.mx\/index.php\/2025\/09\/24\/aeromexico-une-deporte-y-compromiso-social-en-la-17a-edicion-de-su-torneo-de-golf\/#article","isPartOf":{"@id":"https:\/\/nitu.mx\/index.php\/2025\/09\/24\/aeromexico-une-deporte-y-compromiso-social-en-la-17a-edicion-de-su-torneo-de-golf\/"},"author":{"name":"Redacci\u00f3n","@id":"https:\/\/nitu.mx\/#\/schema\/person\/4a28fe9bd65924f7c90623773daf1b0b"},"headline":"Aerom\u00e9xico une deporte y compromiso social en la 17\u00aa edici\u00f3n de su torneo de golf","datePublished":"2025-09-24T06:14:18+00:00","dateModified":"2025-09-24T06:15:41+00:00","mainEntityOfPage":{"@id":"https:\/\/nitu.mx\/index.php\/2025\/09\/24\/aeromexico-une-deporte-y-compromiso-social-en-la-17a-edicion-de-su-torneo-de-golf\/"},"wordCount":657,"publisher":{"@id":"https:\/\/nitu.mx\/#\/schema\/person\/ae7a53426417292d3dd07b45a33e01bc"},"image":{"@id":"https:\/\/nitu.mx\/index.php\/2025\/09\/24\/aeromexico-une-deporte-y-compromiso-social-en-la-17a-edicion-de-su-torneo-de-golf\/#primaryimage"},"thumbnailUrl":"https:\/\/nitu.mx\/wp-content\/uploads\/2025\/09\/AEROMEXICO-TORNEO-DE-GOLF.jpg","keywords":["Aerom\u00e9xico","COMEX","Gaby Lopez","Torneo de golf"],"articleSection":["Aerol\u00edneas"],"inLanguage":"es-MX"},{"@type":"WebPage","@id":"https:\/\/nitu.mx\/index.php\/2025\/09\/24\/aeromexico-une-deporte-y-compromiso-social-en-la-17a-edicion-de-su-torneo-de-golf\/","url":"https:\/\/nitu.mx\/index.php\/2025\/09\/24\/aeromexico-une-deporte-y-compromiso-social-en-la-17a-edicion-de-su-torneo-de-golf\/","name":"Aerom\u00e9xico une deporte y compromiso social en la 17\u00aa edici\u00f3n de su torneo de golf - Nitu - Noticias de la Industria Turistica","isPartOf":{"@id":"https:\/\/nitu.mx\/#website"},"primaryImageOfPage":{"@id":"https:\/\/nitu.mx\/index.php\/2025\/09\/24\/aeromexico-une-deporte-y-compromiso-social-en-la-17a-edicion-de-su-torneo-de-golf\/#primaryimage"},"image":{"@id":"https:\/\/nitu.mx\/index.php\/2025\/09\/24\/aeromexico-une-deporte-y-compromiso-social-en-la-17a-edicion-de-su-torneo-de-golf\/#primaryimage"},"thumbnailUrl":"https:\/\/nitu.mx\/wp-content\/uploads\/2025\/09\/AEROMEXICO-TORNEO-DE-GOLF.jpg","datePublished":"2025-09-24T06:14:18+00:00","dateModified":"2025-09-24T06:15:41+00:00","breadcrumb":{"@id":"https:\/\/nitu.mx\/index.php\/2025\/09\/24\/aeromexico-une-deporte-y-compromiso-social-en-la-17a-edicion-de-su-torneo-de-golf\/#breadcrumb"},"inLanguage":"es-MX","potentialAction":[{"@type":"ReadAction","target":["https:\/\/nitu.mx\/index.php\/2025\/09\/24\/aeromexico-une-deporte-y-compromiso-social-en-la-17a-edicion-de-su-torneo-de-golf\/"]}]},{"@type":"ImageObject","inLanguage":"es-MX","@id":"https:\/\/nitu.mx\/index.php\/2025\/09\/24\/aeromexico-une-deporte-y-compromiso-social-en-la-17a-edicion-de-su-torneo-de-golf\/#primaryimage","url":"https:\/\/nitu.mx\/wp-content\/uploads\/2025\/09\/AEROMEXICO-TORNEO-DE-GOLF.jpg","contentUrl":"https:\/\/nitu.mx\/wp-content\/uploads\/2025\/09\/AEROMEXICO-TORNEO-DE-GOLF.jpg","width":1200,"height":675},{"@type":"BreadcrumbList","@id":"https:\/\/nitu.mx\/index.php\/2025\/09\/24\/aeromexico-une-deporte-y-compromiso-social-en-la-17a-edicion-de-su-torneo-de-golf\/#breadcrumb","itemListElement":[{"@type":"ListItem","position":1,"name":"Inicio","item":"https:\/\/nitu.mx\/"},{"@type":"ListItem","position":2,"name":"Aerom\u00e9xico une deporte y compromiso social en la 17\u00aa edici\u00f3n de su torneo de golf"}]},{"@type":"WebSite","@id":"https:\/\/nitu.mx\/#website","url":"https:\/\/nitu.mx\/","name":"Nitu - Noticias de la Industria Turistica","description":"Noticias de la Industria Turistica","publisher":{"@id":"https:\/\/nitu.mx\/#\/schema\/person\/ae7a53426417292d3dd07b45a33e01bc"},"alternateName":"Noticias de la Industria Turistica","potentialAction":[{"@type":"SearchAction","target":{"@type":"EntryPoint","urlTemplate":"https:\/\/nitu.mx\/?s={search_term_string}"},"query-input":"required name=search_term_string"}],"inLanguage":"es-MX"},{"@type":["Person","Organization"],"@id":"https:\/\/nitu.mx\/#\/schema\/person\/ae7a53426417292d3dd07b45a33e01bc","name":"Arturo Medina","image":{"@type":"ImageObject","inLanguage":"es-MX","@id":"https:\/\/nitu.mx\/#\/schema\/person\/image\/","url":"https:\/\/nitu.mx\/wp-content\/uploads\/2024\/04\/4A315622-1904-4D5C-B022-878CDC840E04-90x90-1.jpeg","contentUrl":"https:\/\/nitu.mx\/wp-content\/uploads\/2024\/04\/4A315622-1904-4D5C-B022-878CDC840E04-90x90-1.jpeg","width":90,"height":90,"caption":"Arturo Medina"},"logo":{"@id":"https:\/\/nitu.mx\/#\/schema\/person\/image\/"},"description":"Director NITU.mx, Egresado de la Escuela de Periodismo Carlos Septi\u00e9n Garc\u00eda. Periodista y analista especializado en turismo desde hace 35 a\u00f1os, radicado en Canc\u00fan Q.Roo. arturo@nitu.mx","sameAs":["https:\/\/nitu.mx","https:\/\/www.facebook.com\/NITUmx\/","medinacancun","https:\/\/twitter.com\/@Arturo_Medina_G"]},{"@type":"Person","@id":"https:\/\/nitu.mx\/#\/schema\/person\/4a28fe9bd65924f7c90623773daf1b0b","name":"Redacci\u00f3n","image":{"@type":"ImageObject","inLanguage":"es-MX","@id":"https:\/\/nitu.mx\/#\/schema\/person\/image\/","url":"https:\/\/secure.gravatar.com\/avatar\/5dd011c8ccfc5cd7e4c81e42252aab38?s=96&d=mm&r=g","contentUrl":"https:\/\/secure.gravatar.com\/avatar\/5dd011c8ccfc5cd7e4c81e42252aab38?s=96&d=mm&r=g","caption":"Redacci\u00f3n"},"url":"https:\/\/nitu.mx\/index.php\/author\/redaccion\/"}]}},"views":549,"_links":{"self":[{"href":"https:\/\/nitu.mx\/index.php\/wp-json\/wp\/v2\/posts\/83612"}],"collection":[{"href":"https:\/\/nitu.mx\/index.php\/wp-json\/wp\/v2\/posts"}],"about":[{"href":"https:\/\/nitu.mx\/index.php\/wp-json\/wp\/v2\/types\/post"}],"author":[{"embeddable":true,"href":"https:\/\/nitu.mx\/index.php\/wp-json\/wp\/v2\/users\/17"}],"replies":[{"embeddable":true,"href":"https:\/\/nitu.mx\/index.php\/wp-json\/wp\/v2\/comments?post=83612"}],"version-history":[{"count":1,"href":"https:\/\/nitu.mx\/index.php\/wp-json\/wp\/v2\/posts\/83612\/revisions"}],"predecessor-version":[{"id":83618,"href":"https:\/\/nitu.mx\/index.php\/wp-json\/wp\/v2\/posts\/83612\/revisions\/83618"}],"wp:featuredmedia":[{"embeddable":true,"href":"https:\/\/nitu.mx\/index.php\/wp-json\/wp\/v2\/media\/83617"}],"wp:attachment":[{"href":"https:\/\/nitu.mx\/index.php\/wp-json\/wp\/v2\/media?parent=83612"}],"wp:term":[{"taxonomy":"category","embeddable":true,"href":"https:\/\/nitu.mx\/index.php\/wp-json\/wp\/v2\/categories?post=83612"},{"taxonomy":"post_tag","embeddable":true,"href":"https:\/\/nitu.mx\/index.php\/wp-json\/wp\/v2\/tags?post=83612"}],"curies":[{"name":"wp","href":"https:\/\/api.w.org\/{rel}","templated":true}]}}