{"id":83609,"date":"2025-09-24T00:10:51","date_gmt":"2025-09-24T06:10:51","guid":{"rendered":"https:\/\/nitu.mx\/?p=83609"},"modified":"2025-09-24T00:10:52","modified_gmt":"2025-09-24T06:10:52","slug":"posadas-reafirma-su-compromiso-con-las-comunidades-a-traves-de-fundacion-posadas","status":"publish","type":"post","link":"https:\/\/nitu.mx\/index.php\/2025\/09\/24\/posadas-reafirma-su-compromiso-con-las-comunidades-a-traves-de-fundacion-posadas\/","title":{"rendered":"Posadas reafirma su compromiso con las comunidades a trav\u00e9s de Fundaci\u00f3n Posadas"},"content":{"rendered":"\n<p>En el marco de la celebraci\u00f3n de los 20 a\u00f1os de Fundaci\u00f3n Posadas, la compa\u00f1\u00eda refuerza su prop\u00f3sito de hacer del mundo un mejor lugar para viajar mediante iniciativas que generan valor social y contribuyen al desarrollo de comunidades en M\u00e9xico.<\/p>\n\n\n\n<p>Uno de los programas m\u00e1s representativos es Capacitaci\u00f3n Comunitaria, iniciativa que refleja la experiencia de m\u00e1s de 50 a\u00f1os de Posadas en el sector tur\u00edstico, e impulsa un programa que busca preparar a j\u00f3venes, principalmente mujeres provenientes de comunidades vulnerables, en oficios relacionados con el turismo, brind\u00e1ndoles herramientas que les permitan aspirar a un mejor futuro y facilitar su incorporaci\u00f3n al mercado laboral.<\/p>\n\n\n\n<p>El proyecto inici\u00f3 en 2024 con la formaci\u00f3n de seis j\u00f3venes y, gracias a su impacto positivo, ha experimentado un crecimiento notable. En su segunda edici\u00f3n participaron 96 beneficiarias en 17 hoteles de las marcas Grand Fiesta Americana, Live Aqua, Fiesta Americana y Fiesta Inn, ubicados en la Ciudad de M\u00e9xico, Estado de M\u00e9xico, Oaxaca y Yucat\u00e1n. Todas recibieron formaci\u00f3n especializada en el \u00e1rea de gastronom\u00eda.<\/p>\n\n\n\n<p>Los resultados han sido sobresalientes: en la evaluaci\u00f3n de satisfacci\u00f3n, tanto tutores (Chefs y equipos de cocina) como beneficiarias otorgaron un \u00edndice global del 96%, reflejando el alto nivel de compromiso y la calidad de la ense\u00f1anza.<\/p>\n\n\n\n<p>\u201cEn Fundaci\u00f3n Posadas creemos firmemente que el turismo puede ser un motor de transformaci\u00f3n social. Con Capacitaci\u00f3n Comunitaria buscamos brindar oportunidades reales a j\u00f3venes que, de otra forma, tendr\u00edan un acceso limitado al mercado laboral. Nuestro compromiso es seguir creciendo estos programas y abrir m\u00e1s puertas hacia un futuro prometedor\u201d, se\u00f1al\u00f3 Miriam Jacaman, directora de Fundaci\u00f3n Posadas.<\/p>\n\n\n\n<p>\u201cCapacitaci\u00f3n Comunitaria\u201d es una muestra del compromiso de Posadas con M\u00e9xico y con las nuevas generaciones, integrando inclusi\u00f3n, desarrollo y oportunidad como parte del motor que impulsa al turismo en nuestro pa\u00eds. (<a href=\"https:\/\/nitu.mx\/index.php\/2025\/09\/22\/baharat-la-nueva-apuesta-culinaria-de-posadas-en-fiesta-americana-merida\/\">\u201cBaharat\u201d, la nueva apuesta culinaria de Posadas en Fiesta Americana M\u00e9rida<\/a>).<\/p>\n","protected":false},"excerpt":{"rendered":"<p>En el marco de la celebraci\u00f3n de los 20 a\u00f1os de Fundaci\u00f3n Posadas, la compa\u00f1\u00eda refuerza su prop\u00f3sito de hacer del mundo un mejor lugar para viajar mediante iniciativas que generan valor social y contribuyen al desarrollo de comunidades en M\u00e9xico. Uno de los programas m\u00e1s representativos es Capacitaci\u00f3n Comunitaria, iniciativa que refleja la experiencia [&hellip;]<\/p>\n","protected":false},"author":17,"featured_media":83615,"comment_status":"closed","ping_status":"closed","sticky":false,"template":"","format":"standard","meta":{"footnotes":""},"categories":[2],"tags":[27700,27701,730],"yoast_head":"<!-- This site is optimized with the Yoast SEO plugin v22.2 - https:\/\/yoast.com\/wordpress\/plugins\/seo\/ -->\n<title>Posadas reafirma su compromiso con las comunidades a trav\u00e9s de Fundaci\u00f3n Posadas - Nitu - Noticias de la Industria Turistica<\/title>\n<meta name=\"robots\" content=\"index, follow, max-snippet:-1, max-image-preview:large, max-video-preview:-1\" \/>\n<link rel=\"canonical\" href=\"https:\/\/nitu.mx\/index.php\/2025\/09\/24\/posadas-reafirma-su-compromiso-con-las-comunidades-a-traves-de-fundacion-posadas\/\" \/>\n<meta name=\"twitter:card\" content=\"summary_large_image\" \/>\n<meta name=\"twitter:title\" content=\"Posadas reafirma su compromiso con las comunidades a trav\u00e9s de Fundaci\u00f3n Posadas - Nitu - Noticias de la Industria Turistica\" \/>\n<meta name=\"twitter:description\" content=\"En el marco de la celebraci\u00f3n de los 20 a\u00f1os de Fundaci\u00f3n Posadas, la compa\u00f1\u00eda refuerza su prop\u00f3sito de hacer del mundo un mejor lugar para viajar mediante iniciativas que generan valor social y contribuyen al desarrollo de comunidades en M\u00e9xico. Uno de los programas m\u00e1s representativos es Capacitaci\u00f3n Comunitaria, iniciativa que refleja la experiencia [&hellip;]\" \/>\n<meta name=\"twitter:image\" content=\"https:\/\/nitu.mx\/wp-content\/uploads\/2025\/09\/Fundacion-Posadas.jpg\" \/>\n<meta name=\"twitter:creator\" content=\"@NITUmx\" \/>\n<meta name=\"twitter:site\" content=\"@Arturo_Medina_G\" \/>\n<meta name=\"twitter:label1\" content=\"Escrito por\" \/>\n\t<meta name=\"twitter:data1\" content=\"Redacci\u00f3n\" \/>\n\t<meta name=\"twitter:label2\" content=\"Tiempo de lectura\" \/>\n\t<meta name=\"twitter:data2\" content=\"2 minutos\" \/>\n<script type=\"application\/ld+json\" class=\"yoast-schema-graph\">{\"@context\":\"https:\/\/schema.org\",\"@graph\":[{\"@type\":\"Article\",\"@id\":\"https:\/\/nitu.mx\/index.php\/2025\/09\/24\/posadas-reafirma-su-compromiso-con-las-comunidades-a-traves-de-fundacion-posadas\/#article\",\"isPartOf\":{\"@id\":\"https:\/\/nitu.mx\/index.php\/2025\/09\/24\/posadas-reafirma-su-compromiso-con-las-comunidades-a-traves-de-fundacion-posadas\/\"},\"author\":{\"name\":\"Redacci\u00f3n\",\"@id\":\"https:\/\/nitu.mx\/#\/schema\/person\/4a28fe9bd65924f7c90623773daf1b0b\"},\"headline\":\"Posadas reafirma su compromiso con las comunidades a trav\u00e9s de Fundaci\u00f3n Posadas\",\"datePublished\":\"2025-09-24T06:10:51+00:00\",\"dateModified\":\"2025-09-24T06:10:52+00:00\",\"mainEntityOfPage\":{\"@id\":\"https:\/\/nitu.mx\/index.php\/2025\/09\/24\/posadas-reafirma-su-compromiso-con-las-comunidades-a-traves-de-fundacion-posadas\/\"},\"wordCount\":353,\"publisher\":{\"@id\":\"https:\/\/nitu.mx\/#\/schema\/person\/ae7a53426417292d3dd07b45a33e01bc\"},\"image\":{\"@id\":\"https:\/\/nitu.mx\/index.php\/2025\/09\/24\/posadas-reafirma-su-compromiso-con-las-comunidades-a-traves-de-fundacion-posadas\/#primaryimage\"},\"thumbnailUrl\":\"https:\/\/nitu.mx\/wp-content\/uploads\/2025\/09\/Fundacion-Posadas.jpg\",\"keywords\":[\"Fundaci\u00f3n Posadas\",\"Miriam Jacaman\",\"Posadas\"],\"articleSection\":[\"Hoteles\"],\"inLanguage\":\"es-MX\"},{\"@type\":\"WebPage\",\"@id\":\"https:\/\/nitu.mx\/index.php\/2025\/09\/24\/posadas-reafirma-su-compromiso-con-las-comunidades-a-traves-de-fundacion-posadas\/\",\"url\":\"https:\/\/nitu.mx\/index.php\/2025\/09\/24\/posadas-reafirma-su-compromiso-con-las-comunidades-a-traves-de-fundacion-posadas\/\",\"name\":\"Posadas reafirma su compromiso con las comunidades a trav\u00e9s de Fundaci\u00f3n Posadas - Nitu - Noticias de la Industria Turistica\",\"isPartOf\":{\"@id\":\"https:\/\/nitu.mx\/#website\"},\"primaryImageOfPage\":{\"@id\":\"https:\/\/nitu.mx\/index.php\/2025\/09\/24\/posadas-reafirma-su-compromiso-con-las-comunidades-a-traves-de-fundacion-posadas\/#primaryimage\"},\"image\":{\"@id\":\"https:\/\/nitu.mx\/index.php\/2025\/09\/24\/posadas-reafirma-su-compromiso-con-las-comunidades-a-traves-de-fundacion-posadas\/#primaryimage\"},\"thumbnailUrl\":\"https:\/\/nitu.mx\/wp-content\/uploads\/2025\/09\/Fundacion-Posadas.jpg\",\"datePublished\":\"2025-09-24T06:10:51+00:00\",\"dateModified\":\"2025-09-24T06:10:52+00:00\",\"breadcrumb\":{\"@id\":\"https:\/\/nitu.mx\/index.php\/2025\/09\/24\/posadas-reafirma-su-compromiso-con-las-comunidades-a-traves-de-fundacion-posadas\/#breadcrumb\"},\"inLanguage\":\"es-MX\",\"potentialAction\":[{\"@type\":\"ReadAction\",\"target\":[\"https:\/\/nitu.mx\/index.php\/2025\/09\/24\/posadas-reafirma-su-compromiso-con-las-comunidades-a-traves-de-fundacion-posadas\/\"]}]},{\"@type\":\"ImageObject\",\"inLanguage\":\"es-MX\",\"@id\":\"https:\/\/nitu.mx\/index.php\/2025\/09\/24\/posadas-reafirma-su-compromiso-con-las-comunidades-a-traves-de-fundacion-posadas\/#primaryimage\",\"url\":\"https:\/\/nitu.mx\/wp-content\/uploads\/2025\/09\/Fundacion-Posadas.jpg\",\"contentUrl\":\"https:\/\/nitu.mx\/wp-content\/uploads\/2025\/09\/Fundacion-Posadas.jpg\",\"width\":1200,\"height\":443,\"caption\":\"Fundaci\u00f3n Posadas\"},{\"@type\":\"BreadcrumbList\",\"@id\":\"https:\/\/nitu.mx\/index.php\/2025\/09\/24\/posadas-reafirma-su-compromiso-con-las-comunidades-a-traves-de-fundacion-posadas\/#breadcrumb\",\"itemListElement\":[{\"@type\":\"ListItem\",\"position\":1,\"name\":\"Inicio\",\"item\":\"https:\/\/nitu.mx\/\"},{\"@type\":\"ListItem\",\"position\":2,\"name\":\"Posadas reafirma su compromiso con las comunidades a trav\u00e9s de Fundaci\u00f3n Posadas\"}]},{\"@type\":\"WebSite\",\"@id\":\"https:\/\/nitu.mx\/#website\",\"url\":\"https:\/\/nitu.mx\/\",\"name\":\"Nitu - Noticias de la Industria Turistica\",\"description\":\"Noticias de la Industria Turistica\",\"publisher\":{\"@id\":\"https:\/\/nitu.mx\/#\/schema\/person\/ae7a53426417292d3dd07b45a33e01bc\"},\"alternateName\":\"Noticias de la Industria Turistica\",\"potentialAction\":[{\"@type\":\"SearchAction\",\"target\":{\"@type\":\"EntryPoint\",\"urlTemplate\":\"https:\/\/nitu.mx\/?s={search_term_string}\"},\"query-input\":\"required name=search_term_string\"}],\"inLanguage\":\"es-MX\"},{\"@type\":[\"Person\",\"Organization\"],\"@id\":\"https:\/\/nitu.mx\/#\/schema\/person\/ae7a53426417292d3dd07b45a33e01bc\",\"name\":\"Arturo Medina\",\"image\":{\"@type\":\"ImageObject\",\"inLanguage\":\"es-MX\",\"@id\":\"https:\/\/nitu.mx\/#\/schema\/person\/image\/\",\"url\":\"https:\/\/nitu.mx\/wp-content\/uploads\/2024\/04\/4A315622-1904-4D5C-B022-878CDC840E04-90x90-1.jpeg\",\"contentUrl\":\"https:\/\/nitu.mx\/wp-content\/uploads\/2024\/04\/4A315622-1904-4D5C-B022-878CDC840E04-90x90-1.jpeg\",\"width\":90,\"height\":90,\"caption\":\"Arturo Medina\"},\"logo\":{\"@id\":\"https:\/\/nitu.mx\/#\/schema\/person\/image\/\"},\"description\":\"Director NITU.mx, Egresado de la Escuela de Periodismo Carlos Septi\u00e9n Garc\u00eda. Periodista y analista especializado en turismo desde hace 35 a\u00f1os, radicado en Canc\u00fan Q.Roo. arturo@nitu.mx\",\"sameAs\":[\"https:\/\/nitu.mx\",\"https:\/\/www.facebook.com\/NITUmx\/\",\"medinacancun\",\"https:\/\/twitter.com\/@Arturo_Medina_G\"]},{\"@type\":\"Person\",\"@id\":\"https:\/\/nitu.mx\/#\/schema\/person\/4a28fe9bd65924f7c90623773daf1b0b\",\"name\":\"Redacci\u00f3n\",\"image\":{\"@type\":\"ImageObject\",\"inLanguage\":\"es-MX\",\"@id\":\"https:\/\/nitu.mx\/#\/schema\/person\/image\/\",\"url\":\"https:\/\/secure.gravatar.com\/avatar\/5dd011c8ccfc5cd7e4c81e42252aab38?s=96&d=mm&r=g\",\"contentUrl\":\"https:\/\/secure.gravatar.com\/avatar\/5dd011c8ccfc5cd7e4c81e42252aab38?s=96&d=mm&r=g\",\"caption\":\"Redacci\u00f3n\"},\"url\":\"https:\/\/nitu.mx\/index.php\/author\/redaccion\/\"}]}<\/script>\n<!-- \/ Yoast SEO plugin. -->","yoast_head_json":{"title":"Posadas reafirma su compromiso con las comunidades a trav\u00e9s de Fundaci\u00f3n Posadas - Nitu - Noticias de la Industria Turistica","robots":{"index":"index","follow":"follow","max-snippet":"max-snippet:-1","max-image-preview":"max-image-preview:large","max-video-preview":"max-video-preview:-1"},"canonical":"https:\/\/nitu.mx\/index.php\/2025\/09\/24\/posadas-reafirma-su-compromiso-con-las-comunidades-a-traves-de-fundacion-posadas\/","twitter_card":"summary_large_image","twitter_title":"Posadas reafirma su compromiso con las comunidades a trav\u00e9s de Fundaci\u00f3n Posadas - Nitu - Noticias de la Industria Turistica","twitter_description":"En el marco de la celebraci\u00f3n de los 20 a\u00f1os de Fundaci\u00f3n Posadas, la compa\u00f1\u00eda refuerza su prop\u00f3sito de hacer del mundo un mejor lugar para viajar mediante iniciativas que generan valor social y contribuyen al desarrollo de comunidades en M\u00e9xico. Uno de los programas m\u00e1s representativos es Capacitaci\u00f3n Comunitaria, iniciativa que refleja la experiencia [&hellip;]","twitter_image":"https:\/\/nitu.mx\/wp-content\/uploads\/2025\/09\/Fundacion-Posadas.jpg","twitter_creator":"@NITUmx","twitter_site":"@Arturo_Medina_G","twitter_misc":{"Escrito por":"Redacci\u00f3n","Tiempo de lectura":"2 minutos"},"schema":{"@context":"https:\/\/schema.org","@graph":[{"@type":"Article","@id":"https:\/\/nitu.mx\/index.php\/2025\/09\/24\/posadas-reafirma-su-compromiso-con-las-comunidades-a-traves-de-fundacion-posadas\/#article","isPartOf":{"@id":"https:\/\/nitu.mx\/index.php\/2025\/09\/24\/posadas-reafirma-su-compromiso-con-las-comunidades-a-traves-de-fundacion-posadas\/"},"author":{"name":"Redacci\u00f3n","@id":"https:\/\/nitu.mx\/#\/schema\/person\/4a28fe9bd65924f7c90623773daf1b0b"},"headline":"Posadas reafirma su compromiso con las comunidades a trav\u00e9s de Fundaci\u00f3n Posadas","datePublished":"2025-09-24T06:10:51+00:00","dateModified":"2025-09-24T06:10:52+00:00","mainEntityOfPage":{"@id":"https:\/\/nitu.mx\/index.php\/2025\/09\/24\/posadas-reafirma-su-compromiso-con-las-comunidades-a-traves-de-fundacion-posadas\/"},"wordCount":353,"publisher":{"@id":"https:\/\/nitu.mx\/#\/schema\/person\/ae7a53426417292d3dd07b45a33e01bc"},"image":{"@id":"https:\/\/nitu.mx\/index.php\/2025\/09\/24\/posadas-reafirma-su-compromiso-con-las-comunidades-a-traves-de-fundacion-posadas\/#primaryimage"},"thumbnailUrl":"https:\/\/nitu.mx\/wp-content\/uploads\/2025\/09\/Fundacion-Posadas.jpg","keywords":["Fundaci\u00f3n Posadas","Miriam Jacaman","Posadas"],"articleSection":["Hoteles"],"inLanguage":"es-MX"},{"@type":"WebPage","@id":"https:\/\/nitu.mx\/index.php\/2025\/09\/24\/posadas-reafirma-su-compromiso-con-las-comunidades-a-traves-de-fundacion-posadas\/","url":"https:\/\/nitu.mx\/index.php\/2025\/09\/24\/posadas-reafirma-su-compromiso-con-las-comunidades-a-traves-de-fundacion-posadas\/","name":"Posadas reafirma su compromiso con las comunidades a trav\u00e9s de Fundaci\u00f3n Posadas - Nitu - Noticias de la Industria Turistica","isPartOf":{"@id":"https:\/\/nitu.mx\/#website"},"primaryImageOfPage":{"@id":"https:\/\/nitu.mx\/index.php\/2025\/09\/24\/posadas-reafirma-su-compromiso-con-las-comunidades-a-traves-de-fundacion-posadas\/#primaryimage"},"image":{"@id":"https:\/\/nitu.mx\/index.php\/2025\/09\/24\/posadas-reafirma-su-compromiso-con-las-comunidades-a-traves-de-fundacion-posadas\/#primaryimage"},"thumbnailUrl":"https:\/\/nitu.mx\/wp-content\/uploads\/2025\/09\/Fundacion-Posadas.jpg","datePublished":"2025-09-24T06:10:51+00:00","dateModified":"2025-09-24T06:10:52+00:00","breadcrumb":{"@id":"https:\/\/nitu.mx\/index.php\/2025\/09\/24\/posadas-reafirma-su-compromiso-con-las-comunidades-a-traves-de-fundacion-posadas\/#breadcrumb"},"inLanguage":"es-MX","potentialAction":[{"@type":"ReadAction","target":["https:\/\/nitu.mx\/index.php\/2025\/09\/24\/posadas-reafirma-su-compromiso-con-las-comunidades-a-traves-de-fundacion-posadas\/"]}]},{"@type":"ImageObject","inLanguage":"es-MX","@id":"https:\/\/nitu.mx\/index.php\/2025\/09\/24\/posadas-reafirma-su-compromiso-con-las-comunidades-a-traves-de-fundacion-posadas\/#primaryimage","url":"https:\/\/nitu.mx\/wp-content\/uploads\/2025\/09\/Fundacion-Posadas.jpg","contentUrl":"https:\/\/nitu.mx\/wp-content\/uploads\/2025\/09\/Fundacion-Posadas.jpg","width":1200,"height":443,"caption":"Fundaci\u00f3n Posadas"},{"@type":"BreadcrumbList","@id":"https:\/\/nitu.mx\/index.php\/2025\/09\/24\/posadas-reafirma-su-compromiso-con-las-comunidades-a-traves-de-fundacion-posadas\/#breadcrumb","itemListElement":[{"@type":"ListItem","position":1,"name":"Inicio","item":"https:\/\/nitu.mx\/"},{"@type":"ListItem","position":2,"name":"Posadas reafirma su compromiso con las comunidades a trav\u00e9s de Fundaci\u00f3n Posadas"}]},{"@type":"WebSite","@id":"https:\/\/nitu.mx\/#website","url":"https:\/\/nitu.mx\/","name":"Nitu - Noticias de la Industria Turistica","description":"Noticias de la Industria Turistica","publisher":{"@id":"https:\/\/nitu.mx\/#\/schema\/person\/ae7a53426417292d3dd07b45a33e01bc"},"alternateName":"Noticias de la Industria Turistica","potentialAction":[{"@type":"SearchAction","target":{"@type":"EntryPoint","urlTemplate":"https:\/\/nitu.mx\/?s={search_term_string}"},"query-input":"required name=search_term_string"}],"inLanguage":"es-MX"},{"@type":["Person","Organization"],"@id":"https:\/\/nitu.mx\/#\/schema\/person\/ae7a53426417292d3dd07b45a33e01bc","name":"Arturo Medina","image":{"@type":"ImageObject","inLanguage":"es-MX","@id":"https:\/\/nitu.mx\/#\/schema\/person\/image\/","url":"https:\/\/nitu.mx\/wp-content\/uploads\/2024\/04\/4A315622-1904-4D5C-B022-878CDC840E04-90x90-1.jpeg","contentUrl":"https:\/\/nitu.mx\/wp-content\/uploads\/2024\/04\/4A315622-1904-4D5C-B022-878CDC840E04-90x90-1.jpeg","width":90,"height":90,"caption":"Arturo Medina"},"logo":{"@id":"https:\/\/nitu.mx\/#\/schema\/person\/image\/"},"description":"Director NITU.mx, Egresado de la Escuela de Periodismo Carlos Septi\u00e9n Garc\u00eda. Periodista y analista especializado en turismo desde hace 35 a\u00f1os, radicado en Canc\u00fan Q.Roo. arturo@nitu.mx","sameAs":["https:\/\/nitu.mx","https:\/\/www.facebook.com\/NITUmx\/","medinacancun","https:\/\/twitter.com\/@Arturo_Medina_G"]},{"@type":"Person","@id":"https:\/\/nitu.mx\/#\/schema\/person\/4a28fe9bd65924f7c90623773daf1b0b","name":"Redacci\u00f3n","image":{"@type":"ImageObject","inLanguage":"es-MX","@id":"https:\/\/nitu.mx\/#\/schema\/person\/image\/","url":"https:\/\/secure.gravatar.com\/avatar\/5dd011c8ccfc5cd7e4c81e42252aab38?s=96&d=mm&r=g","contentUrl":"https:\/\/secure.gravatar.com\/avatar\/5dd011c8ccfc5cd7e4c81e42252aab38?s=96&d=mm&r=g","caption":"Redacci\u00f3n"},"url":"https:\/\/nitu.mx\/index.php\/author\/redaccion\/"}]}},"views":578,"_links":{"self":[{"href":"https:\/\/nitu.mx\/index.php\/wp-json\/wp\/v2\/posts\/83609"}],"collection":[{"href":"https:\/\/nitu.mx\/index.php\/wp-json\/wp\/v2\/posts"}],"about":[{"href":"https:\/\/nitu.mx\/index.php\/wp-json\/wp\/v2\/types\/post"}],"author":[{"embeddable":true,"href":"https:\/\/nitu.mx\/index.php\/wp-json\/wp\/v2\/users\/17"}],"replies":[{"embeddable":true,"href":"https:\/\/nitu.mx\/index.php\/wp-json\/wp\/v2\/comments?post=83609"}],"version-history":[{"count":1,"href":"https:\/\/nitu.mx\/index.php\/wp-json\/wp\/v2\/posts\/83609\/revisions"}],"predecessor-version":[{"id":83616,"href":"https:\/\/nitu.mx\/index.php\/wp-json\/wp\/v2\/posts\/83609\/revisions\/83616"}],"wp:featuredmedia":[{"embeddable":true,"href":"https:\/\/nitu.mx\/index.php\/wp-json\/wp\/v2\/media\/83615"}],"wp:attachment":[{"href":"https:\/\/nitu.mx\/index.php\/wp-json\/wp\/v2\/media?parent=83609"}],"wp:term":[{"taxonomy":"category","embeddable":true,"href":"https:\/\/nitu.mx\/index.php\/wp-json\/wp\/v2\/categories?post=83609"},{"taxonomy":"post_tag","embeddable":true,"href":"https:\/\/nitu.mx\/index.php\/wp-json\/wp\/v2\/tags?post=83609"}],"curies":[{"name":"wp","href":"https:\/\/api.w.org\/{rel}","templated":true}]}}