{"id":83597,"date":"2025-09-23T23:38:56","date_gmt":"2025-09-24T05:38:56","guid":{"rendered":"https:\/\/nitu.mx\/?p=83597"},"modified":"2025-09-23T23:38:57","modified_gmt":"2025-09-24T05:38:57","slug":"merida-destacara-con-eventos-de-primer-nivel-para-el-resto-de-2025-e-inicio-del-2026","status":"publish","type":"post","link":"https:\/\/nitu.mx\/index.php\/2025\/09\/23\/merida-destacara-con-eventos-de-primer-nivel-para-el-resto-de-2025-e-inicio-del-2026\/","title":{"rendered":"M\u00e9rida destacar\u00e1 con eventos de primer nivel para el resto de 2025 e inicio del 2026"},"content":{"rendered":"\n<p>M\u00e9rida es una experiencia que todas y todos tienen que vivir, dijo la presidenta municipal Cecilia Patr\u00f3n Laviada durante la presentaci\u00f3n de una amplia y variada agenda de eventos culturales, art\u00edsticos y deportivos programada para los pr\u00f3ximos meses que restan del 2025 e inicios del 2026.<\/p>\n\n\n\n<p>\u201cM\u00e9rida es una ciudad hecha por su gente, de tradiciones, cultura y sabores. Una ciudad de paz que se construye en comunidad, que reconoce la fuerza y dedicaci\u00f3n de sus habitantes, de manera especial sus mujeres, pilares fundamentales de la vida social y cultural\u201d, destac\u00f3 la alcaldesa. <\/p>\n\n\n\n<p>Patr\u00f3n Laviada dijo que la oferta permanente de atractivos en la capital yucateca garantiza el disfrute de los visitantes en cualquier \u00e9poca del a\u00f1o.<\/p>\n\n\n\n<p>\u201cEs un orgullo compartir que M\u00e9rida cuenta todos los d\u00edas con programas culturales y recreativos gratuitos que est\u00e1n a disposici\u00f3n de quienes nos visitan\u201d, afirm\u00f3 acompa\u00f1ada de Armando Casares Espinosa, secretario t\u00e9cnico de la Unidad de Turismo del Ayuntamiento de M\u00e9rida.<\/p>\n\n\n\n<p>Record\u00f3 la amplia conectividad a\u00e9rea con 12 vuelos nacionales y la variada oferta de 280 hoteles de todas las gamas, con m\u00e1s 10 mil 597 camas.<\/p>\n\n\n\n<p>Destac\u00f3 la seguridad que caracteriza a la capital yucateca, d\u00f3nde las familias pueden caminar y disfrutar de sus calles y espacios p\u00fablicos con toda tranquilidad. \u201cY la calidez de la gente que siempre tiene una sonrisa para quienes nos visitan\u201d, recalc\u00f3.<\/p>\n\n\n<div class=\"wp-block-image\">\n<figure class=\"alignright size-large is-resized\"><img decoding=\"async\" loading=\"lazy\" width=\"1024\" height=\"576\" src=\"https:\/\/nitu.mx\/wp-content\/uploads\/2025\/09\/Merida-Cecilia-Patron-Laviada-presidenta-municipal-1024x576.jpg\" alt=\"\" class=\"wp-image-83600\" style=\"aspect-ratio:1.7777777777777777;width:523px;height:auto\" srcset=\"https:\/\/nitu.mx\/wp-content\/uploads\/2025\/09\/Merida-Cecilia-Patron-Laviada-presidenta-municipal-1024x576.jpg 1024w, https:\/\/nitu.mx\/wp-content\/uploads\/2025\/09\/Merida-Cecilia-Patron-Laviada-presidenta-municipal-300x168.jpg 300w, https:\/\/nitu.mx\/wp-content\/uploads\/2025\/09\/Merida-Cecilia-Patron-Laviada-presidenta-municipal-768x432.jpg 768w, https:\/\/nitu.mx\/wp-content\/uploads\/2025\/09\/Merida-Cecilia-Patron-Laviada-presidenta-municipal-990x557.jpg 990w, https:\/\/nitu.mx\/wp-content\/uploads\/2025\/09\/Merida-Cecilia-Patron-Laviada-presidenta-municipal-470x264.jpg 470w, https:\/\/nitu.mx\/wp-content\/uploads\/2025\/09\/Merida-Cecilia-Patron-Laviada-presidenta-municipal-640x360.jpg 640w, https:\/\/nitu.mx\/wp-content\/uploads\/2025\/09\/Merida-Cecilia-Patron-Laviada-presidenta-municipal-215x120.jpg 215w, https:\/\/nitu.mx\/wp-content\/uploads\/2025\/09\/Merida-Cecilia-Patron-Laviada-presidenta-municipal-414x232.jpg 414w, https:\/\/nitu.mx\/wp-content\/uploads\/2025\/09\/Merida-Cecilia-Patron-Laviada-presidenta-municipal.jpg 1200w\" sizes=\"(max-width: 1024px) 100vw, 1024px\" \/><figcaption class=\"wp-element-caption\">Cecilia Patr\u00f3n Laviada<\/figcaption><\/figure><\/div>\n\n\n<p>Ahora llega una temporada muy especial, en la que se intensifican actividades en torno al aniversario de la ciudad y fiestas tradicionales como el D\u00eda de Muertos.<\/p>\n\n\n\n<p>En primer t\u00e9rmino se refiri\u00f3 al estreno del Festival de Jazz M\u00e9rida, que se realizar\u00e1 del 1 al 4 de octubre, con la presentaci\u00f3n de m\u00e1s de 10 artistas, en 15 conciertos, adem\u00e1s de clases magistrales y conversatorios, en m\u00e1s de 10 sedes.<\/p>\n\n\n\n<p>A la par se realizar\u00e1 el M\u00e9rida Restaurant Week, que comienza el 29 de septiembre, pero se prolonga hasta el 5 de octubre, con la participaci\u00f3n de m\u00e1s de 200 restaurantes con men\u00fas especiales completos de 199, 299 y 399 pesos.<\/p>\n\n\n\n<p>De manera especial, Cecilia Patr\u00f3n se refiri\u00f3 al Festival de las \u00c1nimas, programado del 25 de octubre al 2 de noviembre, que con diversas innovaciones espera romper r\u00e9cord de 2024 que fue de cerca de 150 mil asistentes.<\/p>\n\n\n\n<p>Este a\u00f1o habr\u00e1 m\u00e1s de 15 actividades gratuitas distribuidas en diversos espacios de la ciudad, que culminan el 31 de octubre con el espectacular Paseo de las \u00c1nimas, que re\u00fane m\u00e1s de 90 mil asistentes en un escaparate de color y tradici\u00f3n con la representaci\u00f3n de la salida de los esp\u00edritus ataviados de mestizos desde el Cementerio General hasta el Barrio M\u00e1gico de La Ermita de Santa Isabel.<\/p>\n\n\n\n<p>\u201cLos invito a experimentar ese retorno a lo ancestral. Ir al encuentro entre lo espiritual y lo terrenal que permite hacer contacto con la identidad de un pueblo con profundas ra\u00edces culturales\u201d, indic\u00f3 la presidenta municipal.<\/p>\n\n\n\n<p>Si de gastronom\u00eda se trata, la oferta es basta, ya que en el marco del Festival de las \u00c1nimas se desarrollar\u00e1 la Feria Del Mucbipollo el 26 de octubre, en el tambi\u00e9n Barrio M\u00e1gico de San Sebasti\u00e1n, de 8:00 a.m. a 8:00 p.m.<\/p>\n\n\n\n<p>Pero tambi\u00e9n M\u00e9rida ser\u00e1 sede de la Reuni\u00f3n Anual de Ciudades Creativas de Gastronom\u00eda de la Unesco, del 30 de octubre al 1 de noviembre, con la participaci\u00f3n de representantes de m\u00e1s de 40 pa\u00edses, entre ellos Jap\u00f3n, Espa\u00f1a, Italia, Brasil, Arabia Saudita, Colombia, Grecia, Suiza, Filipinas, Estados Unidos, Australia y Francia.<\/p>\n\n\n\n<p>Asimismo la primera edil invita a la Sexta Feria Del Panucho el 26 de noviembre de 2025, en el Barrio M\u00e1gico de la Ermita de Santa Isabel, de 5:00 p.m. a 11:00 p.m., donde se esperan m\u00e1s de 50 mil asistentes, m\u00e1s de 25 expositores y una derrama de 240 mil pesos.<\/p>\n\n\n\n<p>El 2026 comenzar\u00e1 en grande con el M\u00e9rida Fest que celebra los 484 a\u00f1os de la fundaci\u00f3n de la ciudad.<\/p>\n\n\n\n<p>Inaugura la celebraci\u00f3n el Marat\u00b4hon M\u00e9rida 2026 el 4 de enero, desde el Monumento a la Patria. Avalado por la Federaci\u00f3n Mexicana de Asociaciones de Atletismo, que en 2025 tuvo 4 mil participantes. Este a\u00f1o tambi\u00e9n habr\u00e1 distancias para todas y todos: 3 kil\u00f3metros en caminata, carrera de 10 y Marat\u00f3n (42 kil\u00f3metros) y Medio Marat\u00f3n (21 kil\u00f3metros) en categor\u00edas para mujeres y hombres, y sillas de ruedas (modalidad Marat\u00f3n).<\/p>\n\n\n\n<p>M\u00e9rida Fest 2026 ser\u00e1 del 5 al 18 de enero y contar\u00e1 con m\u00e1s de 40 sedes para eventos, m\u00e1s de 700 artistas y m\u00e1s de 200 representaciones culturales.<\/p>\n\n\n\n<p>Por \u00faltimo, Patr\u00f3n Laviada se refiri\u00f3 al Carnaval De M\u00e9rida 2026 que iniciar\u00e1 el 7 de febrero y contar\u00e1 con m\u00e1s de 40 artistas invitados, m\u00e1s de 30 espect\u00e1culos en m\u00e1s de siete sedes.<\/p>\n\n\n\n<p>Finalmente destac\u00f3 la importancia de la derrama econ\u00f3mica que implica el turismo, que significa 17 de cada 100 pesos de los ingresos en la entidad y que se reparten de manera amplia para prosperidad de las y los meridanos.<\/p>\n\n\n\n<p>En este punto habl\u00f3 del alto inter\u00e9s en el turismo de convenciones y de bodas destino con gran inter\u00e9s por las haciendas, atractivos naturales, arqueol\u00f3gicos e hist\u00f3ricos, sin hacer a un lado la alta calidad en los servicios.<\/p>\n\n\n\n<p>\u201cLos invitamos a descubrir nuestra ciudad a trav\u00e9s de estos eventos, dise\u00f1ados tanto para visitantes como para meridanas y meridanos, porque es as\u00ed como compartimos nuestra identidad, nuestra cultura, nuestras ra\u00edces y todo lo que nos hace \u00fanicos como yucatecos\u201d, concluy\u00f3. (<a href=\"https:\/\/nitu.mx\/index.php\/2025\/05\/18\/expomayoristas-elige-a-merida-para-su-proximo-foro\/\">ExpoMayoristas elige a M\u00e9rida para su pr\u00f3ximo foro<\/a>).<\/p>\n","protected":false},"excerpt":{"rendered":"<p>M\u00e9rida es una experiencia que todas y todos tienen que vivir, dijo la presidenta municipal Cecilia Patr\u00f3n Laviada durante la presentaci\u00f3n de una amplia y variada agenda de eventos culturales, art\u00edsticos y deportivos programada para los pr\u00f3ximos meses que restan del 2025 e inicios del 2026. \u201cM\u00e9rida es una ciudad hecha por su gente, de [&hellip;]<\/p>\n","protected":false},"author":18,"featured_media":83601,"comment_status":"closed","ping_status":"closed","sticky":false,"template":"","format":"standard","meta":{"footnotes":""},"categories":[5],"tags":[27699,1374,7700,301,449],"yoast_head":"<!-- This site is optimized with the Yoast SEO plugin v22.2 - https:\/\/yoast.com\/wordpress\/plugins\/seo\/ -->\n<title>M\u00e9rida destacar\u00e1 con eventos de primer nivel para el resto de 2025 e inicio del 2026 - Nitu - Noticias de la Industria Turistica<\/title>\n<meta name=\"robots\" content=\"index, follow, max-snippet:-1, max-image-preview:large, max-video-preview:-1\" \/>\n<link rel=\"canonical\" href=\"https:\/\/nitu.mx\/index.php\/2025\/09\/23\/merida-destacara-con-eventos-de-primer-nivel-para-el-resto-de-2025-e-inicio-del-2026\/\" \/>\n<meta name=\"twitter:card\" content=\"summary_large_image\" \/>\n<meta name=\"twitter:title\" content=\"M\u00e9rida destacar\u00e1 con eventos de primer nivel para el resto de 2025 e inicio del 2026 - Nitu - Noticias de la Industria Turistica\" \/>\n<meta name=\"twitter:description\" content=\"M\u00e9rida es una experiencia que todas y todos tienen que vivir, dijo la presidenta municipal Cecilia Patr\u00f3n Laviada durante la presentaci\u00f3n de una amplia y variada agenda de eventos culturales, art\u00edsticos y deportivos programada para los pr\u00f3ximos meses que restan del 2025 e inicios del 2026. \u201cM\u00e9rida es una ciudad hecha por su gente, de [&hellip;]\" \/>\n<meta name=\"twitter:image\" content=\"https:\/\/nitu.mx\/wp-content\/uploads\/2025\/09\/Merida-eventos-presentacion.jpg\" \/>\n<meta name=\"twitter:creator\" content=\"@NITUmx\" \/>\n<meta name=\"twitter:site\" content=\"@Arturo_Medina_G\" \/>\n<meta name=\"twitter:label1\" content=\"Escrito por\" \/>\n\t<meta name=\"twitter:data1\" content=\"Guadalupe Sixto\" \/>\n\t<meta name=\"twitter:label2\" content=\"Tiempo de lectura\" \/>\n\t<meta name=\"twitter:data2\" content=\"5 minutos\" \/>\n<script type=\"application\/ld+json\" class=\"yoast-schema-graph\">{\"@context\":\"https:\/\/schema.org\",\"@graph\":[{\"@type\":\"Article\",\"@id\":\"https:\/\/nitu.mx\/index.php\/2025\/09\/23\/merida-destacara-con-eventos-de-primer-nivel-para-el-resto-de-2025-e-inicio-del-2026\/#article\",\"isPartOf\":{\"@id\":\"https:\/\/nitu.mx\/index.php\/2025\/09\/23\/merida-destacara-con-eventos-de-primer-nivel-para-el-resto-de-2025-e-inicio-del-2026\/\"},\"author\":{\"name\":\"Guadalupe Sixto\",\"@id\":\"https:\/\/nitu.mx\/#\/schema\/person\/3df3082b5e46037e3f13614d28ee0b77\"},\"headline\":\"M\u00e9rida destacar\u00e1 con eventos de primer nivel para el resto de 2025 e inicio del 2026\",\"datePublished\":\"2025-09-24T05:38:56+00:00\",\"dateModified\":\"2025-09-24T05:38:57+00:00\",\"mainEntityOfPage\":{\"@id\":\"https:\/\/nitu.mx\/index.php\/2025\/09\/23\/merida-destacara-con-eventos-de-primer-nivel-para-el-resto-de-2025-e-inicio-del-2026\/\"},\"wordCount\":962,\"publisher\":{\"@id\":\"https:\/\/nitu.mx\/#\/schema\/person\/ae7a53426417292d3dd07b45a33e01bc\"},\"image\":{\"@id\":\"https:\/\/nitu.mx\/index.php\/2025\/09\/23\/merida-destacara-con-eventos-de-primer-nivel-para-el-resto-de-2025-e-inicio-del-2026\/#primaryimage\"},\"thumbnailUrl\":\"https:\/\/nitu.mx\/wp-content\/uploads\/2025\/09\/Merida-eventos-presentacion.jpg\",\"keywords\":[\"Cecilia Patr\u00f3n\",\"D\u00eda de Muertos\",\"Eventos\",\"M\u00e9rida\",\"Yucat\u00e1n\"],\"articleSection\":[\"Destinos\"],\"inLanguage\":\"es-MX\"},{\"@type\":\"WebPage\",\"@id\":\"https:\/\/nitu.mx\/index.php\/2025\/09\/23\/merida-destacara-con-eventos-de-primer-nivel-para-el-resto-de-2025-e-inicio-del-2026\/\",\"url\":\"https:\/\/nitu.mx\/index.php\/2025\/09\/23\/merida-destacara-con-eventos-de-primer-nivel-para-el-resto-de-2025-e-inicio-del-2026\/\",\"name\":\"M\u00e9rida destacar\u00e1 con eventos de primer nivel para el resto de 2025 e inicio del 2026 - Nitu - Noticias de la Industria Turistica\",\"isPartOf\":{\"@id\":\"https:\/\/nitu.mx\/#website\"},\"primaryImageOfPage\":{\"@id\":\"https:\/\/nitu.mx\/index.php\/2025\/09\/23\/merida-destacara-con-eventos-de-primer-nivel-para-el-resto-de-2025-e-inicio-del-2026\/#primaryimage\"},\"image\":{\"@id\":\"https:\/\/nitu.mx\/index.php\/2025\/09\/23\/merida-destacara-con-eventos-de-primer-nivel-para-el-resto-de-2025-e-inicio-del-2026\/#primaryimage\"},\"thumbnailUrl\":\"https:\/\/nitu.mx\/wp-content\/uploads\/2025\/09\/Merida-eventos-presentacion.jpg\",\"datePublished\":\"2025-09-24T05:38:56+00:00\",\"dateModified\":\"2025-09-24T05:38:57+00:00\",\"breadcrumb\":{\"@id\":\"https:\/\/nitu.mx\/index.php\/2025\/09\/23\/merida-destacara-con-eventos-de-primer-nivel-para-el-resto-de-2025-e-inicio-del-2026\/#breadcrumb\"},\"inLanguage\":\"es-MX\",\"potentialAction\":[{\"@type\":\"ReadAction\",\"target\":[\"https:\/\/nitu.mx\/index.php\/2025\/09\/23\/merida-destacara-con-eventos-de-primer-nivel-para-el-resto-de-2025-e-inicio-del-2026\/\"]}]},{\"@type\":\"ImageObject\",\"inLanguage\":\"es-MX\",\"@id\":\"https:\/\/nitu.mx\/index.php\/2025\/09\/23\/merida-destacara-con-eventos-de-primer-nivel-para-el-resto-de-2025-e-inicio-del-2026\/#primaryimage\",\"url\":\"https:\/\/nitu.mx\/wp-content\/uploads\/2025\/09\/Merida-eventos-presentacion.jpg\",\"contentUrl\":\"https:\/\/nitu.mx\/wp-content\/uploads\/2025\/09\/Merida-eventos-presentacion.jpg\",\"width\":1200,\"height\":675,\"caption\":\"M\u00e9rida eventos presentaci\u00f3n\"},{\"@type\":\"BreadcrumbList\",\"@id\":\"https:\/\/nitu.mx\/index.php\/2025\/09\/23\/merida-destacara-con-eventos-de-primer-nivel-para-el-resto-de-2025-e-inicio-del-2026\/#breadcrumb\",\"itemListElement\":[{\"@type\":\"ListItem\",\"position\":1,\"name\":\"Inicio\",\"item\":\"https:\/\/nitu.mx\/\"},{\"@type\":\"ListItem\",\"position\":2,\"name\":\"M\u00e9rida destacar\u00e1 con eventos de primer nivel para el resto de 2025 e inicio del 2026\"}]},{\"@type\":\"WebSite\",\"@id\":\"https:\/\/nitu.mx\/#website\",\"url\":\"https:\/\/nitu.mx\/\",\"name\":\"Nitu - Noticias de la Industria Turistica\",\"description\":\"Noticias de la Industria Turistica\",\"publisher\":{\"@id\":\"https:\/\/nitu.mx\/#\/schema\/person\/ae7a53426417292d3dd07b45a33e01bc\"},\"alternateName\":\"Noticias de la Industria Turistica\",\"potentialAction\":[{\"@type\":\"SearchAction\",\"target\":{\"@type\":\"EntryPoint\",\"urlTemplate\":\"https:\/\/nitu.mx\/?s={search_term_string}\"},\"query-input\":\"required name=search_term_string\"}],\"inLanguage\":\"es-MX\"},{\"@type\":[\"Person\",\"Organization\"],\"@id\":\"https:\/\/nitu.mx\/#\/schema\/person\/ae7a53426417292d3dd07b45a33e01bc\",\"name\":\"Arturo Medina\",\"image\":{\"@type\":\"ImageObject\",\"inLanguage\":\"es-MX\",\"@id\":\"https:\/\/nitu.mx\/#\/schema\/person\/image\/\",\"url\":\"https:\/\/nitu.mx\/wp-content\/uploads\/2024\/04\/4A315622-1904-4D5C-B022-878CDC840E04-90x90-1.jpeg\",\"contentUrl\":\"https:\/\/nitu.mx\/wp-content\/uploads\/2024\/04\/4A315622-1904-4D5C-B022-878CDC840E04-90x90-1.jpeg\",\"width\":90,\"height\":90,\"caption\":\"Arturo Medina\"},\"logo\":{\"@id\":\"https:\/\/nitu.mx\/#\/schema\/person\/image\/\"},\"description\":\"Director NITU.mx, Egresado de la Escuela de Periodismo Carlos Septi\u00e9n Garc\u00eda. Periodista y analista especializado en turismo desde hace 35 a\u00f1os, radicado en Canc\u00fan Q.Roo. arturo@nitu.mx\",\"sameAs\":[\"https:\/\/nitu.mx\",\"https:\/\/www.facebook.com\/NITUmx\/\",\"medinacancun\",\"https:\/\/twitter.com\/@Arturo_Medina_G\"]},{\"@type\":\"Person\",\"@id\":\"https:\/\/nitu.mx\/#\/schema\/person\/3df3082b5e46037e3f13614d28ee0b77\",\"name\":\"Guadalupe Sixto\",\"image\":{\"@type\":\"ImageObject\",\"inLanguage\":\"es-MX\",\"@id\":\"https:\/\/nitu.mx\/#\/schema\/person\/image\/\",\"url\":\"https:\/\/secure.gravatar.com\/avatar\/13914e1b0e1919e91f9539de4dc584c4?s=96&d=mm&r=g\",\"contentUrl\":\"https:\/\/secure.gravatar.com\/avatar\/13914e1b0e1919e91f9539de4dc584c4?s=96&d=mm&r=g\",\"caption\":\"Guadalupe Sixto\"},\"url\":\"https:\/\/nitu.mx\/index.php\/author\/gsixto\/\"}]}<\/script>\n<!-- \/ Yoast SEO plugin. -->","yoast_head_json":{"title":"M\u00e9rida destacar\u00e1 con eventos de primer nivel para el resto de 2025 e inicio del 2026 - Nitu - Noticias de la Industria Turistica","robots":{"index":"index","follow":"follow","max-snippet":"max-snippet:-1","max-image-preview":"max-image-preview:large","max-video-preview":"max-video-preview:-1"},"canonical":"https:\/\/nitu.mx\/index.php\/2025\/09\/23\/merida-destacara-con-eventos-de-primer-nivel-para-el-resto-de-2025-e-inicio-del-2026\/","twitter_card":"summary_large_image","twitter_title":"M\u00e9rida destacar\u00e1 con eventos de primer nivel para el resto de 2025 e inicio del 2026 - Nitu - Noticias de la Industria Turistica","twitter_description":"M\u00e9rida es una experiencia que todas y todos tienen que vivir, dijo la presidenta municipal Cecilia Patr\u00f3n Laviada durante la presentaci\u00f3n de una amplia y variada agenda de eventos culturales, art\u00edsticos y deportivos programada para los pr\u00f3ximos meses que restan del 2025 e inicios del 2026. \u201cM\u00e9rida es una ciudad hecha por su gente, de [&hellip;]","twitter_image":"https:\/\/nitu.mx\/wp-content\/uploads\/2025\/09\/Merida-eventos-presentacion.jpg","twitter_creator":"@NITUmx","twitter_site":"@Arturo_Medina_G","twitter_misc":{"Escrito por":"Guadalupe Sixto","Tiempo de lectura":"5 minutos"},"schema":{"@context":"https:\/\/schema.org","@graph":[{"@type":"Article","@id":"https:\/\/nitu.mx\/index.php\/2025\/09\/23\/merida-destacara-con-eventos-de-primer-nivel-para-el-resto-de-2025-e-inicio-del-2026\/#article","isPartOf":{"@id":"https:\/\/nitu.mx\/index.php\/2025\/09\/23\/merida-destacara-con-eventos-de-primer-nivel-para-el-resto-de-2025-e-inicio-del-2026\/"},"author":{"name":"Guadalupe Sixto","@id":"https:\/\/nitu.mx\/#\/schema\/person\/3df3082b5e46037e3f13614d28ee0b77"},"headline":"M\u00e9rida destacar\u00e1 con eventos de primer nivel para el resto de 2025 e inicio del 2026","datePublished":"2025-09-24T05:38:56+00:00","dateModified":"2025-09-24T05:38:57+00:00","mainEntityOfPage":{"@id":"https:\/\/nitu.mx\/index.php\/2025\/09\/23\/merida-destacara-con-eventos-de-primer-nivel-para-el-resto-de-2025-e-inicio-del-2026\/"},"wordCount":962,"publisher":{"@id":"https:\/\/nitu.mx\/#\/schema\/person\/ae7a53426417292d3dd07b45a33e01bc"},"image":{"@id":"https:\/\/nitu.mx\/index.php\/2025\/09\/23\/merida-destacara-con-eventos-de-primer-nivel-para-el-resto-de-2025-e-inicio-del-2026\/#primaryimage"},"thumbnailUrl":"https:\/\/nitu.mx\/wp-content\/uploads\/2025\/09\/Merida-eventos-presentacion.jpg","keywords":["Cecilia Patr\u00f3n","D\u00eda de Muertos","Eventos","M\u00e9rida","Yucat\u00e1n"],"articleSection":["Destinos"],"inLanguage":"es-MX"},{"@type":"WebPage","@id":"https:\/\/nitu.mx\/index.php\/2025\/09\/23\/merida-destacara-con-eventos-de-primer-nivel-para-el-resto-de-2025-e-inicio-del-2026\/","url":"https:\/\/nitu.mx\/index.php\/2025\/09\/23\/merida-destacara-con-eventos-de-primer-nivel-para-el-resto-de-2025-e-inicio-del-2026\/","name":"M\u00e9rida destacar\u00e1 con eventos de primer nivel para el resto de 2025 e inicio del 2026 - Nitu - Noticias de la Industria Turistica","isPartOf":{"@id":"https:\/\/nitu.mx\/#website"},"primaryImageOfPage":{"@id":"https:\/\/nitu.mx\/index.php\/2025\/09\/23\/merida-destacara-con-eventos-de-primer-nivel-para-el-resto-de-2025-e-inicio-del-2026\/#primaryimage"},"image":{"@id":"https:\/\/nitu.mx\/index.php\/2025\/09\/23\/merida-destacara-con-eventos-de-primer-nivel-para-el-resto-de-2025-e-inicio-del-2026\/#primaryimage"},"thumbnailUrl":"https:\/\/nitu.mx\/wp-content\/uploads\/2025\/09\/Merida-eventos-presentacion.jpg","datePublished":"2025-09-24T05:38:56+00:00","dateModified":"2025-09-24T05:38:57+00:00","breadcrumb":{"@id":"https:\/\/nitu.mx\/index.php\/2025\/09\/23\/merida-destacara-con-eventos-de-primer-nivel-para-el-resto-de-2025-e-inicio-del-2026\/#breadcrumb"},"inLanguage":"es-MX","potentialAction":[{"@type":"ReadAction","target":["https:\/\/nitu.mx\/index.php\/2025\/09\/23\/merida-destacara-con-eventos-de-primer-nivel-para-el-resto-de-2025-e-inicio-del-2026\/"]}]},{"@type":"ImageObject","inLanguage":"es-MX","@id":"https:\/\/nitu.mx\/index.php\/2025\/09\/23\/merida-destacara-con-eventos-de-primer-nivel-para-el-resto-de-2025-e-inicio-del-2026\/#primaryimage","url":"https:\/\/nitu.mx\/wp-content\/uploads\/2025\/09\/Merida-eventos-presentacion.jpg","contentUrl":"https:\/\/nitu.mx\/wp-content\/uploads\/2025\/09\/Merida-eventos-presentacion.jpg","width":1200,"height":675,"caption":"M\u00e9rida eventos presentaci\u00f3n"},{"@type":"BreadcrumbList","@id":"https:\/\/nitu.mx\/index.php\/2025\/09\/23\/merida-destacara-con-eventos-de-primer-nivel-para-el-resto-de-2025-e-inicio-del-2026\/#breadcrumb","itemListElement":[{"@type":"ListItem","position":1,"name":"Inicio","item":"https:\/\/nitu.mx\/"},{"@type":"ListItem","position":2,"name":"M\u00e9rida destacar\u00e1 con eventos de primer nivel para el resto de 2025 e inicio del 2026"}]},{"@type":"WebSite","@id":"https:\/\/nitu.mx\/#website","url":"https:\/\/nitu.mx\/","name":"Nitu - Noticias de la Industria Turistica","description":"Noticias de la Industria Turistica","publisher":{"@id":"https:\/\/nitu.mx\/#\/schema\/person\/ae7a53426417292d3dd07b45a33e01bc"},"alternateName":"Noticias de la Industria Turistica","potentialAction":[{"@type":"SearchAction","target":{"@type":"EntryPoint","urlTemplate":"https:\/\/nitu.mx\/?s={search_term_string}"},"query-input":"required name=search_term_string"}],"inLanguage":"es-MX"},{"@type":["Person","Organization"],"@id":"https:\/\/nitu.mx\/#\/schema\/person\/ae7a53426417292d3dd07b45a33e01bc","name":"Arturo Medina","image":{"@type":"ImageObject","inLanguage":"es-MX","@id":"https:\/\/nitu.mx\/#\/schema\/person\/image\/","url":"https:\/\/nitu.mx\/wp-content\/uploads\/2024\/04\/4A315622-1904-4D5C-B022-878CDC840E04-90x90-1.jpeg","contentUrl":"https:\/\/nitu.mx\/wp-content\/uploads\/2024\/04\/4A315622-1904-4D5C-B022-878CDC840E04-90x90-1.jpeg","width":90,"height":90,"caption":"Arturo Medina"},"logo":{"@id":"https:\/\/nitu.mx\/#\/schema\/person\/image\/"},"description":"Director NITU.mx, Egresado de la Escuela de Periodismo Carlos Septi\u00e9n Garc\u00eda. Periodista y analista especializado en turismo desde hace 35 a\u00f1os, radicado en Canc\u00fan Q.Roo. arturo@nitu.mx","sameAs":["https:\/\/nitu.mx","https:\/\/www.facebook.com\/NITUmx\/","medinacancun","https:\/\/twitter.com\/@Arturo_Medina_G"]},{"@type":"Person","@id":"https:\/\/nitu.mx\/#\/schema\/person\/3df3082b5e46037e3f13614d28ee0b77","name":"Guadalupe Sixto","image":{"@type":"ImageObject","inLanguage":"es-MX","@id":"https:\/\/nitu.mx\/#\/schema\/person\/image\/","url":"https:\/\/secure.gravatar.com\/avatar\/13914e1b0e1919e91f9539de4dc584c4?s=96&d=mm&r=g","contentUrl":"https:\/\/secure.gravatar.com\/avatar\/13914e1b0e1919e91f9539de4dc584c4?s=96&d=mm&r=g","caption":"Guadalupe Sixto"},"url":"https:\/\/nitu.mx\/index.php\/author\/gsixto\/"}]}},"views":807,"_links":{"self":[{"href":"https:\/\/nitu.mx\/index.php\/wp-json\/wp\/v2\/posts\/83597"}],"collection":[{"href":"https:\/\/nitu.mx\/index.php\/wp-json\/wp\/v2\/posts"}],"about":[{"href":"https:\/\/nitu.mx\/index.php\/wp-json\/wp\/v2\/types\/post"}],"author":[{"embeddable":true,"href":"https:\/\/nitu.mx\/index.php\/wp-json\/wp\/v2\/users\/18"}],"replies":[{"embeddable":true,"href":"https:\/\/nitu.mx\/index.php\/wp-json\/wp\/v2\/comments?post=83597"}],"version-history":[{"count":2,"href":"https:\/\/nitu.mx\/index.php\/wp-json\/wp\/v2\/posts\/83597\/revisions"}],"predecessor-version":[{"id":83602,"href":"https:\/\/nitu.mx\/index.php\/wp-json\/wp\/v2\/posts\/83597\/revisions\/83602"}],"wp:featuredmedia":[{"embeddable":true,"href":"https:\/\/nitu.mx\/index.php\/wp-json\/wp\/v2\/media\/83601"}],"wp:attachment":[{"href":"https:\/\/nitu.mx\/index.php\/wp-json\/wp\/v2\/media?parent=83597"}],"wp:term":[{"taxonomy":"category","embeddable":true,"href":"https:\/\/nitu.mx\/index.php\/wp-json\/wp\/v2\/categories?post=83597"},{"taxonomy":"post_tag","embeddable":true,"href":"https:\/\/nitu.mx\/index.php\/wp-json\/wp\/v2\/tags?post=83597"}],"curies":[{"name":"wp","href":"https:\/\/api.w.org\/{rel}","templated":true}]}}