{"id":83590,"date":"2025-09-23T23:20:40","date_gmt":"2025-09-24T05:20:40","guid":{"rendered":"https:\/\/nitu.mx\/?p=83590"},"modified":"2025-09-23T23:20:41","modified_gmt":"2025-09-24T05:20:41","slug":"cnet-antonio-cosio-pando-es-elegido-presidente-por-unanimidad","status":"publish","type":"post","link":"https:\/\/nitu.mx\/index.php\/2025\/09\/23\/cnet-antonio-cosio-pando-es-elegido-presidente-por-unanimidad\/","title":{"rendered":"CNET: Antonio Cos\u00edo Pando es elegido presidente por unanimidad"},"content":{"rendered":"\n<p>Antonio Cos\u00edo Pando, director general de Grupo Brisas, fue elegido por unanimidad como nuevo Presidente del Consejo Nacional Empresarial Tur\u00edstico (CNET), para el periodo 2025-2028.<\/p>\n\n\n\n<p>Durante la Asamblea General Ordinaria Anual del CNET, a la que asisti\u00f3 como invitado especial Francisco Cervantes, presidente del Consejo Coordinador Empresarial (CCE), se llev\u00f3 a cabo la votaci\u00f3n para la elecci\u00f3n del empresario que suceder\u00eda a Braulio Arsuaga Losada, quien estuvo al frente de este organismo empresarial de febrero de 2020 hasta hoy.<\/p>\n\n\n\n<p>Al pronunciar su primer discurso como presidente del CNET, Cos\u00edo Pando se\u00f1al\u00f3 que su gesti\u00f3n girar\u00e1 en torno a tres ejes centrales:&nbsp;Turismo Seguro, Turismo Digital y Turismo Regenerativo.<\/p>\n\n\n\n<p>Explic\u00f3 que el Turismo Seguro es sumamente necesario, ya que sin seguridad no hay desarrollo posible, por lo que se encargar\u00e1 de fortalecer la coordinaci\u00f3n con cada asociaci\u00f3n para atender los problemas de manera regional, y devolver confianza a los inversionistas y a los viajeros.<\/p>\n\n\n\n<p>El Turismo Digital para apostar por la innovaci\u00f3n, la inteligencia artificial y las plataformas tecnol\u00f3gicas para aumentar nuestra visibilidad internacional.<\/p>\n\n\n\n<p>El Turismo Regenerativo tambi\u00e9n ser\u00e1 crucial, dijo, para que no solo conserve, sino que regenere los ecosistemas, revitalice comunidades y rescate tradiciones y patrimonio cultural, para dejar una huella positiva en cada destino.<\/p>\n\n\n\n<p>\u201cEste no es un encargo personal, es un compromiso colectivo, respaldado por la voluntad y la participaci\u00f3n de cada uno de ustedes.\u00a0Durante las \u00faltimas semanas me he reunido con los presidentes de c\u00e1maras y asociaciones que integran esta Asamblea y parte del Consejo Consultivo&#8221;, coment\u00f3.<\/p>\n\n\n\n<p>\u201cEsos encuentros me permitieron escuchar sus diagn\u00f3sticos, sus preocupaciones, sus fortalezas y tambi\u00e9n sus propuestas. Gracias a ese di\u00e1logo franco y constructivo, cuento hoy con una ruta que refleja la visi\u00f3n y las necesidades de todo nuestro sector y no solo de una voz individual\u201d, se\u00f1al\u00f3 el nuevo presidente del CNET.<\/p>\n\n\n\n<p>Cos\u00edo Pando declar\u00f3 que hoy el sector tur\u00edstico enfrenta diversos retos, entre ellos, la falta de promoci\u00f3n, la mala imagen pa\u00eds, la inseguridad y la p\u00e9rdida de participaci\u00f3n en los mercados internacionales.<\/p>\n\n\n\n<p>Ante estos desaf\u00edos, destac\u00f3 que la unidad es m\u00e1s necesaria que nunca para transformar las amenazas en oportunidades.<\/p>\n\n\n\n<p>Al referirse espec\u00edficamente a la falta de promoci\u00f3n tur\u00edstica, Cos\u00edo Pando mencion\u00f3 que aunque es casi imposible cubrir desde el sector privado lo que antes correspond\u00eda al Estado, es necesario ser creativos, sumar esfuerzos y encontrar nuevas f\u00f3rmulas que permitan reposicionar a M\u00e9xico y ser m\u00e1s competitivos a nivel global.<\/p>\n\n\n\n<p>\u201cLa meta que nos hemos planteado, lograr que M\u00e9xico regrese al quinto lugar mundial en captaci\u00f3n de turistas, solo ser\u00e1 alcanzable si dise\u00f1amos una estrategia innovadora, conjunta y bien focalizada\u201d, puntualiz\u00f3.<\/p>\n\n\n\n<p>Tambi\u00e9n resalt\u00f3 que es necesario mirar con responsabilidad los proyectos de infraestructura que hereda el sector: el Tren Maya, el Aeropuerto Internacional Felipe \u00c1ngeles y la nueva Mexicana de Aviaci\u00f3n.<\/p>\n\n\n\n<p>\u201cM\u00e1s all\u00e1 de su costo, nuestro reto ser\u00e1 encontrar la manera de que estas inversiones realmente funcionen, se vuelvan rentables y se conviertan en aliados del turismo\u201d, agreg\u00f3.<\/p>\n\n\n\n<p>Antonio Cos\u00edo Pando es Ingeniero Industrial y de Sistemas egresado del Instituto Tecnol\u00f3gico y de Estudios Superiores de Monterrey (ITESM).<\/p>\n\n\n\n<p>Es director general de Grupo Brisas, empresa familiar dedicada a la operaci\u00f3n de hoteles de lujo, entre ellos, Las Brisas en Acapulco, Ixtapa y Huatulco; el Nizuc Resort &amp; Spa en Canc\u00fan, y la cadena hotelera Galer\u00eda Plaza, con presencia en la Ciudad de M\u00e9xico, Nuevo Le\u00f3n, Guanajuato y Veracruz.<\/p>\n\n\n\n<p>Desde 2019 forma parte del Consejo Mexicano de Negocios, asociaci\u00f3n civil privada que re\u00fane a los empresarios y l\u00edderes m\u00e1s influyentes de M\u00e9xico, con el objetivo de promover el bienestar social y el desarrollo econ\u00f3mico del pa\u00eds. Su participaci\u00f3n en este organismo le ha permitido posicionar al turismo en la agenda nacional en los \u00f3rganos de m\u00e1s alto rango.<\/p>\n\n\n\n<p>Actualmente es tesorero y miembro del Consejo Consultivo del CNET y fue tambi\u00e9n tesorero de la Asociaci\u00f3n Nacional de Cadenas Hoteleras (ANCH).<br><\/p>\n\n\n<div class=\"wp-block-image\">\n<figure class=\"aligncenter size-large is-resized\"><img decoding=\"async\" loading=\"lazy\" width=\"1024\" height=\"576\" src=\"https:\/\/nitu.mx\/wp-content\/uploads\/2025\/09\/CNET-2025-1024x576.jpg\" alt=\"\" class=\"wp-image-83594\" style=\"aspect-ratio:1.7777777777777777;width:778px;height:auto\" srcset=\"https:\/\/nitu.mx\/wp-content\/uploads\/2025\/09\/CNET-2025-1024x576.jpg 1024w, https:\/\/nitu.mx\/wp-content\/uploads\/2025\/09\/CNET-2025-300x168.jpg 300w, https:\/\/nitu.mx\/wp-content\/uploads\/2025\/09\/CNET-2025-768x432.jpg 768w, https:\/\/nitu.mx\/wp-content\/uploads\/2025\/09\/CNET-2025-990x557.jpg 990w, https:\/\/nitu.mx\/wp-content\/uploads\/2025\/09\/CNET-2025-470x264.jpg 470w, https:\/\/nitu.mx\/wp-content\/uploads\/2025\/09\/CNET-2025-640x360.jpg 640w, https:\/\/nitu.mx\/wp-content\/uploads\/2025\/09\/CNET-2025-215x120.jpg 215w, https:\/\/nitu.mx\/wp-content\/uploads\/2025\/09\/CNET-2025-414x232.jpg 414w, https:\/\/nitu.mx\/wp-content\/uploads\/2025\/09\/CNET-2025.jpg 1200w\" sizes=\"(max-width: 1024px) 100vw, 1024px\" \/><\/figure><\/div>\n\n\n<p><strong>Deja Braulio Arsuaga legado en el CNET<\/strong><\/p>\n\n\n\n<p>Tras cinco a\u00f1os y medio como presidente del Consejo Nacional Empresarial Tur\u00edstico (CNET), Braulio Arsuaga Losada cierra su ciclo al frente de este organismo empresarial.<\/p>\n\n\n\n<p>Arsuaga Losada asumi\u00f3 el cargo de presidente del CNET el 24 de febrero de 2020, unos d\u00edas antes de la pandemia por Covid-19, y encabez\u00f3 el organismo en un periodo clave para la industria tur\u00edstica de M\u00e9xico. Su presidencia estuvo marcada por la unidad del sector, la construcci\u00f3n de propuestas estrat\u00e9gicas y la representaci\u00f3n del turismo en la agenda econ\u00f3mica nacional.<\/p>\n\n\n\n<p>Arsuaga lider\u00f3 la coordinaci\u00f3n entre c\u00e1maras, asociaciones y empresas para enfrentar la crisis sanitaria global y proyectar al turismo como un motor de desarrollo, empleo e inversi\u00f3n para el pa\u00eds.<\/p>\n\n\n\n<p>\u201cCuando asum\u00ed la presidencia del CNET, enfrent\u00e1bamos la crisis m\u00e1s profunda en d\u00e9cadas. Mi prioridad fue unir al sector y generar propuestas concretas que nos permitieran salir adelante. Hoy, gracias al trabajo conjunto, el turismo mexicano tiene una hoja de ruta clara hacia el futuro\u201d, afirm\u00f3 Arsuaga Losada.<\/p>\n\n\n\n<p>Entre los logros alcanzados por Braulio Arsuaga al frente del CNET destacan:<\/p>\n\n\n\n<p>1. Creaci\u00f3n e impulso de la Alianza Nacional Emergente por el Turismo (ANET).<\/p>\n\n\n\n<p>2. Presentaci\u00f3n del Paquete Legislativo #SOSTurismo, con 14 propuestas para mitigar la crisis.<\/p>\n\n\n\n<p>3. Consolidaci\u00f3n institucional del CNET como organismo representativo del sector.<\/p>\n\n\n\n<p>4. Integraci\u00f3n del CNET como afiliado especial del Consejo Coordinador Empresarial (CCE).<\/p>\n\n\n\n<p>5. Presentaci\u00f3n de 11 proyectos estrat\u00e9gicos alineados al Plan M\u00e9xico 2025.<\/p>\n\n\n\n<p>6. Impulso a la creaci\u00f3n del Bur\u00f3 de Convenciones de M\u00e9xico.<\/p>\n\n\n\n<p>7. Agenda p\u00fablica sobre seguridad, promoci\u00f3n y competitividad tur\u00edstica.<\/p>\n\n\n\n<p>8. Reelecci\u00f3n en 2022 que permiti\u00f3 la continuidad de programas estrat\u00e9gicos.<\/p>\n\n\n\n<p>9. Mayor visibilidad internacional en foros y respaldos institucionales.<\/p>\n\n\n\n<p>10. Promoci\u00f3n de la sostenibilidad, digitalizaci\u00f3n y profesionalizaci\u00f3n del capital humano.<\/p>\n\n\n\n<p>Para Arsuaga Losada, el CNET tiene ante s\u00ed diversos desaf\u00edos, como por ejemplo, promoci\u00f3n internacional y financiamiento de la marca pa\u00eds; conectividad a\u00e9rea y facilitaci\u00f3n de ingreso; y seguridad y clima de inversi\u00f3n.<\/p>\n\n\n\n<p>Agreg\u00f3 que el turismo requiere de visi\u00f3n a largo plazo, inversi\u00f3n en promoci\u00f3n, seguridad y conectividad. Estos son los pilares que defendimos, dijo, y que deber\u00e1n mantenerse para que M\u00e9xico siga siendo competitivo en el escenario global.<\/p>\n\n\n\n<p>En su intervenci\u00f3n, Francisco Cervantes destac\u00f3 que M\u00e9xico cuenta con la experiencia, la entrega y vocaci\u00f3n del CNET como un espacio que, de la mano con el sector p\u00fablico, permitir\u00e1 seguir fortaleciendo al turismo como actividad econ\u00f3mica emblem\u00e1tica y de probados resultados favorables para el desarrollo de M\u00e9xico.<\/p>\n\n\n\n<p>Reconoci\u00f3 la labor de Braulio Arsuaga al frente del CNET y confi\u00f3 en que Antonio Cos\u00edo entregar\u00e1 a M\u00e9xico los mejores resultados.<\/p>\n\n\n\n<p>\u201cEstamos tambi\u00e9n en un momento en el que M\u00e9xico ha iniciado una nueva etapa en su desarrollo, caracterizada por reposicionar nuestra marca pa\u00eds en el mundo, como lo ha sido en la actividad tur\u00edstica.<\/p>\n\n\n\n<p>\u201cResulta alentador que, en el avance actual del sector tur\u00edstico en M\u00e9xico, se tengan detectados 473 proyectos de inversi\u00f3n en 26 entidades federativas, equivalentes a 22 mil millones de d\u00f3lares, por ello, la atracci\u00f3n de la inversi\u00f3n en el turismo es el reto fundamental para los pr\u00f3ximos a\u00f1os\u201d, concluy\u00f3 Cervantes. <a href=\"https:\/\/nitu.mx\/index.php\/2025\/08\/17\/cnet-y-coparmex-urgen-acciones-frente-a-la-nueva-alerta-de-viajes-de-eeuu-a-mexico\/\">(CNET y Coparmex urgen acciones frente a la nueva alerta de viajes de EEUU a M\u00e9xico<\/a>).<\/p>\n","protected":false},"excerpt":{"rendered":"<p>Antonio Cos\u00edo Pando, director general de Grupo Brisas, fue elegido por unanimidad como nuevo Presidente del Consejo Nacional Empresarial Tur\u00edstico (CNET), para el periodo 2025-2028. Durante la Asamblea General Ordinaria Anual del CNET, a la que asisti\u00f3 como invitado especial Francisco Cervantes, presidente del Consejo Coordinador Empresarial (CCE), se llev\u00f3 a cabo la votaci\u00f3n para [&hellip;]<\/p>\n","protected":false},"author":17,"featured_media":83595,"comment_status":"closed","ping_status":"closed","sticky":false,"template":"","format":"standard","meta":{"footnotes":""},"categories":[12],"tags":[5726,4195,20689,834,4575],"yoast_head":"<!-- This site is optimized with the Yoast SEO plugin v22.2 - https:\/\/yoast.com\/wordpress\/plugins\/seo\/ -->\n<title>CNET: Antonio Cos\u00edo Pando es elegido presidente por unanimidad - Nitu - Noticias de la Industria Turistica<\/title>\n<meta name=\"robots\" content=\"index, follow, max-snippet:-1, max-image-preview:large, max-video-preview:-1\" \/>\n<link rel=\"canonical\" href=\"https:\/\/nitu.mx\/index.php\/2025\/09\/23\/cnet-antonio-cosio-pando-es-elegido-presidente-por-unanimidad\/\" \/>\n<meta name=\"twitter:card\" content=\"summary_large_image\" \/>\n<meta name=\"twitter:title\" content=\"CNET: Antonio Cos\u00edo Pando es elegido presidente por unanimidad - Nitu - Noticias de la Industria Turistica\" \/>\n<meta name=\"twitter:description\" content=\"Antonio Cos\u00edo Pando, director general de Grupo Brisas, fue elegido por unanimidad como nuevo Presidente del Consejo Nacional Empresarial Tur\u00edstico (CNET), para el periodo 2025-2028. Durante la Asamblea General Ordinaria Anual del CNET, a la que asisti\u00f3 como invitado especial Francisco Cervantes, presidente del Consejo Coordinador Empresarial (CCE), se llev\u00f3 a cabo la votaci\u00f3n para [&hellip;]\" \/>\n<meta name=\"twitter:image\" content=\"https:\/\/nitu.mx\/wp-content\/uploads\/2025\/09\/CNET-Antonio-Cosio-Pando.jpg\" \/>\n<meta name=\"twitter:creator\" content=\"@NITUmx\" \/>\n<meta name=\"twitter:site\" content=\"@Arturo_Medina_G\" \/>\n<meta name=\"twitter:label1\" content=\"Escrito por\" \/>\n\t<meta name=\"twitter:data1\" content=\"Redacci\u00f3n\" \/>\n\t<meta name=\"twitter:label2\" content=\"Tiempo de lectura\" \/>\n\t<meta name=\"twitter:data2\" content=\"6 minutos\" \/>\n<script type=\"application\/ld+json\" class=\"yoast-schema-graph\">{\"@context\":\"https:\/\/schema.org\",\"@graph\":[{\"@type\":\"Article\",\"@id\":\"https:\/\/nitu.mx\/index.php\/2025\/09\/23\/cnet-antonio-cosio-pando-es-elegido-presidente-por-unanimidad\/#article\",\"isPartOf\":{\"@id\":\"https:\/\/nitu.mx\/index.php\/2025\/09\/23\/cnet-antonio-cosio-pando-es-elegido-presidente-por-unanimidad\/\"},\"author\":{\"name\":\"Redacci\u00f3n\",\"@id\":\"https:\/\/nitu.mx\/#\/schema\/person\/4a28fe9bd65924f7c90623773daf1b0b\"},\"headline\":\"CNET: Antonio Cos\u00edo Pando es elegido presidente por unanimidad\",\"datePublished\":\"2025-09-24T05:20:40+00:00\",\"dateModified\":\"2025-09-24T05:20:41+00:00\",\"mainEntityOfPage\":{\"@id\":\"https:\/\/nitu.mx\/index.php\/2025\/09\/23\/cnet-antonio-cosio-pando-es-elegido-presidente-por-unanimidad\/\"},\"wordCount\":1292,\"publisher\":{\"@id\":\"https:\/\/nitu.mx\/#\/schema\/person\/ae7a53426417292d3dd07b45a33e01bc\"},\"image\":{\"@id\":\"https:\/\/nitu.mx\/index.php\/2025\/09\/23\/cnet-antonio-cosio-pando-es-elegido-presidente-por-unanimidad\/#primaryimage\"},\"thumbnailUrl\":\"https:\/\/nitu.mx\/wp-content\/uploads\/2025\/09\/CNET-Antonio-Cosio-Pando.jpg\",\"keywords\":[\"Antonio Cos\u00edo Pando\",\"Braulio Arsuaga\",\"CCE\",\"CNET\",\"Grupo Brisas\"],\"articleSection\":[\"Marketing\"],\"inLanguage\":\"es-MX\"},{\"@type\":\"WebPage\",\"@id\":\"https:\/\/nitu.mx\/index.php\/2025\/09\/23\/cnet-antonio-cosio-pando-es-elegido-presidente-por-unanimidad\/\",\"url\":\"https:\/\/nitu.mx\/index.php\/2025\/09\/23\/cnet-antonio-cosio-pando-es-elegido-presidente-por-unanimidad\/\",\"name\":\"CNET: Antonio Cos\u00edo Pando es elegido presidente por unanimidad - Nitu - Noticias de la Industria Turistica\",\"isPartOf\":{\"@id\":\"https:\/\/nitu.mx\/#website\"},\"primaryImageOfPage\":{\"@id\":\"https:\/\/nitu.mx\/index.php\/2025\/09\/23\/cnet-antonio-cosio-pando-es-elegido-presidente-por-unanimidad\/#primaryimage\"},\"image\":{\"@id\":\"https:\/\/nitu.mx\/index.php\/2025\/09\/23\/cnet-antonio-cosio-pando-es-elegido-presidente-por-unanimidad\/#primaryimage\"},\"thumbnailUrl\":\"https:\/\/nitu.mx\/wp-content\/uploads\/2025\/09\/CNET-Antonio-Cosio-Pando.jpg\",\"datePublished\":\"2025-09-24T05:20:40+00:00\",\"dateModified\":\"2025-09-24T05:20:41+00:00\",\"breadcrumb\":{\"@id\":\"https:\/\/nitu.mx\/index.php\/2025\/09\/23\/cnet-antonio-cosio-pando-es-elegido-presidente-por-unanimidad\/#breadcrumb\"},\"inLanguage\":\"es-MX\",\"potentialAction\":[{\"@type\":\"ReadAction\",\"target\":[\"https:\/\/nitu.mx\/index.php\/2025\/09\/23\/cnet-antonio-cosio-pando-es-elegido-presidente-por-unanimidad\/\"]}]},{\"@type\":\"ImageObject\",\"inLanguage\":\"es-MX\",\"@id\":\"https:\/\/nitu.mx\/index.php\/2025\/09\/23\/cnet-antonio-cosio-pando-es-elegido-presidente-por-unanimidad\/#primaryimage\",\"url\":\"https:\/\/nitu.mx\/wp-content\/uploads\/2025\/09\/CNET-Antonio-Cosio-Pando.jpg\",\"contentUrl\":\"https:\/\/nitu.mx\/wp-content\/uploads\/2025\/09\/CNET-Antonio-Cosio-Pando.jpg\",\"width\":1200,\"height\":675,\"caption\":\"CNET Antonio Cosi\u0301o Pando\"},{\"@type\":\"BreadcrumbList\",\"@id\":\"https:\/\/nitu.mx\/index.php\/2025\/09\/23\/cnet-antonio-cosio-pando-es-elegido-presidente-por-unanimidad\/#breadcrumb\",\"itemListElement\":[{\"@type\":\"ListItem\",\"position\":1,\"name\":\"Inicio\",\"item\":\"https:\/\/nitu.mx\/\"},{\"@type\":\"ListItem\",\"position\":2,\"name\":\"CNET: Antonio Cos\u00edo Pando es elegido presidente por unanimidad\"}]},{\"@type\":\"WebSite\",\"@id\":\"https:\/\/nitu.mx\/#website\",\"url\":\"https:\/\/nitu.mx\/\",\"name\":\"Nitu - Noticias de la Industria Turistica\",\"description\":\"Noticias de la Industria Turistica\",\"publisher\":{\"@id\":\"https:\/\/nitu.mx\/#\/schema\/person\/ae7a53426417292d3dd07b45a33e01bc\"},\"alternateName\":\"Noticias de la Industria Turistica\",\"potentialAction\":[{\"@type\":\"SearchAction\",\"target\":{\"@type\":\"EntryPoint\",\"urlTemplate\":\"https:\/\/nitu.mx\/?s={search_term_string}\"},\"query-input\":\"required name=search_term_string\"}],\"inLanguage\":\"es-MX\"},{\"@type\":[\"Person\",\"Organization\"],\"@id\":\"https:\/\/nitu.mx\/#\/schema\/person\/ae7a53426417292d3dd07b45a33e01bc\",\"name\":\"Arturo Medina\",\"image\":{\"@type\":\"ImageObject\",\"inLanguage\":\"es-MX\",\"@id\":\"https:\/\/nitu.mx\/#\/schema\/person\/image\/\",\"url\":\"https:\/\/nitu.mx\/wp-content\/uploads\/2024\/04\/4A315622-1904-4D5C-B022-878CDC840E04-90x90-1.jpeg\",\"contentUrl\":\"https:\/\/nitu.mx\/wp-content\/uploads\/2024\/04\/4A315622-1904-4D5C-B022-878CDC840E04-90x90-1.jpeg\",\"width\":90,\"height\":90,\"caption\":\"Arturo Medina\"},\"logo\":{\"@id\":\"https:\/\/nitu.mx\/#\/schema\/person\/image\/\"},\"description\":\"Director NITU.mx, Egresado de la Escuela de Periodismo Carlos Septi\u00e9n Garc\u00eda. Periodista y analista especializado en turismo desde hace 35 a\u00f1os, radicado en Canc\u00fan Q.Roo. arturo@nitu.mx\",\"sameAs\":[\"https:\/\/nitu.mx\",\"https:\/\/www.facebook.com\/NITUmx\/\",\"medinacancun\",\"https:\/\/twitter.com\/@Arturo_Medina_G\"]},{\"@type\":\"Person\",\"@id\":\"https:\/\/nitu.mx\/#\/schema\/person\/4a28fe9bd65924f7c90623773daf1b0b\",\"name\":\"Redacci\u00f3n\",\"image\":{\"@type\":\"ImageObject\",\"inLanguage\":\"es-MX\",\"@id\":\"https:\/\/nitu.mx\/#\/schema\/person\/image\/\",\"url\":\"https:\/\/secure.gravatar.com\/avatar\/5dd011c8ccfc5cd7e4c81e42252aab38?s=96&d=mm&r=g\",\"contentUrl\":\"https:\/\/secure.gravatar.com\/avatar\/5dd011c8ccfc5cd7e4c81e42252aab38?s=96&d=mm&r=g\",\"caption\":\"Redacci\u00f3n\"},\"url\":\"https:\/\/nitu.mx\/index.php\/author\/redaccion\/\"}]}<\/script>\n<!-- \/ Yoast SEO plugin. -->","yoast_head_json":{"title":"CNET: Antonio Cos\u00edo Pando es elegido presidente por unanimidad - Nitu - Noticias de la Industria Turistica","robots":{"index":"index","follow":"follow","max-snippet":"max-snippet:-1","max-image-preview":"max-image-preview:large","max-video-preview":"max-video-preview:-1"},"canonical":"https:\/\/nitu.mx\/index.php\/2025\/09\/23\/cnet-antonio-cosio-pando-es-elegido-presidente-por-unanimidad\/","twitter_card":"summary_large_image","twitter_title":"CNET: Antonio Cos\u00edo Pando es elegido presidente por unanimidad - Nitu - Noticias de la Industria Turistica","twitter_description":"Antonio Cos\u00edo Pando, director general de Grupo Brisas, fue elegido por unanimidad como nuevo Presidente del Consejo Nacional Empresarial Tur\u00edstico (CNET), para el periodo 2025-2028. Durante la Asamblea General Ordinaria Anual del CNET, a la que asisti\u00f3 como invitado especial Francisco Cervantes, presidente del Consejo Coordinador Empresarial (CCE), se llev\u00f3 a cabo la votaci\u00f3n para [&hellip;]","twitter_image":"https:\/\/nitu.mx\/wp-content\/uploads\/2025\/09\/CNET-Antonio-Cosio-Pando.jpg","twitter_creator":"@NITUmx","twitter_site":"@Arturo_Medina_G","twitter_misc":{"Escrito por":"Redacci\u00f3n","Tiempo de lectura":"6 minutos"},"schema":{"@context":"https:\/\/schema.org","@graph":[{"@type":"Article","@id":"https:\/\/nitu.mx\/index.php\/2025\/09\/23\/cnet-antonio-cosio-pando-es-elegido-presidente-por-unanimidad\/#article","isPartOf":{"@id":"https:\/\/nitu.mx\/index.php\/2025\/09\/23\/cnet-antonio-cosio-pando-es-elegido-presidente-por-unanimidad\/"},"author":{"name":"Redacci\u00f3n","@id":"https:\/\/nitu.mx\/#\/schema\/person\/4a28fe9bd65924f7c90623773daf1b0b"},"headline":"CNET: Antonio Cos\u00edo Pando es elegido presidente por unanimidad","datePublished":"2025-09-24T05:20:40+00:00","dateModified":"2025-09-24T05:20:41+00:00","mainEntityOfPage":{"@id":"https:\/\/nitu.mx\/index.php\/2025\/09\/23\/cnet-antonio-cosio-pando-es-elegido-presidente-por-unanimidad\/"},"wordCount":1292,"publisher":{"@id":"https:\/\/nitu.mx\/#\/schema\/person\/ae7a53426417292d3dd07b45a33e01bc"},"image":{"@id":"https:\/\/nitu.mx\/index.php\/2025\/09\/23\/cnet-antonio-cosio-pando-es-elegido-presidente-por-unanimidad\/#primaryimage"},"thumbnailUrl":"https:\/\/nitu.mx\/wp-content\/uploads\/2025\/09\/CNET-Antonio-Cosio-Pando.jpg","keywords":["Antonio Cos\u00edo Pando","Braulio Arsuaga","CCE","CNET","Grupo Brisas"],"articleSection":["Marketing"],"inLanguage":"es-MX"},{"@type":"WebPage","@id":"https:\/\/nitu.mx\/index.php\/2025\/09\/23\/cnet-antonio-cosio-pando-es-elegido-presidente-por-unanimidad\/","url":"https:\/\/nitu.mx\/index.php\/2025\/09\/23\/cnet-antonio-cosio-pando-es-elegido-presidente-por-unanimidad\/","name":"CNET: Antonio Cos\u00edo Pando es elegido presidente por unanimidad - Nitu - Noticias de la Industria Turistica","isPartOf":{"@id":"https:\/\/nitu.mx\/#website"},"primaryImageOfPage":{"@id":"https:\/\/nitu.mx\/index.php\/2025\/09\/23\/cnet-antonio-cosio-pando-es-elegido-presidente-por-unanimidad\/#primaryimage"},"image":{"@id":"https:\/\/nitu.mx\/index.php\/2025\/09\/23\/cnet-antonio-cosio-pando-es-elegido-presidente-por-unanimidad\/#primaryimage"},"thumbnailUrl":"https:\/\/nitu.mx\/wp-content\/uploads\/2025\/09\/CNET-Antonio-Cosio-Pando.jpg","datePublished":"2025-09-24T05:20:40+00:00","dateModified":"2025-09-24T05:20:41+00:00","breadcrumb":{"@id":"https:\/\/nitu.mx\/index.php\/2025\/09\/23\/cnet-antonio-cosio-pando-es-elegido-presidente-por-unanimidad\/#breadcrumb"},"inLanguage":"es-MX","potentialAction":[{"@type":"ReadAction","target":["https:\/\/nitu.mx\/index.php\/2025\/09\/23\/cnet-antonio-cosio-pando-es-elegido-presidente-por-unanimidad\/"]}]},{"@type":"ImageObject","inLanguage":"es-MX","@id":"https:\/\/nitu.mx\/index.php\/2025\/09\/23\/cnet-antonio-cosio-pando-es-elegido-presidente-por-unanimidad\/#primaryimage","url":"https:\/\/nitu.mx\/wp-content\/uploads\/2025\/09\/CNET-Antonio-Cosio-Pando.jpg","contentUrl":"https:\/\/nitu.mx\/wp-content\/uploads\/2025\/09\/CNET-Antonio-Cosio-Pando.jpg","width":1200,"height":675,"caption":"CNET Antonio Cosi\u0301o Pando"},{"@type":"BreadcrumbList","@id":"https:\/\/nitu.mx\/index.php\/2025\/09\/23\/cnet-antonio-cosio-pando-es-elegido-presidente-por-unanimidad\/#breadcrumb","itemListElement":[{"@type":"ListItem","position":1,"name":"Inicio","item":"https:\/\/nitu.mx\/"},{"@type":"ListItem","position":2,"name":"CNET: Antonio Cos\u00edo Pando es elegido presidente por unanimidad"}]},{"@type":"WebSite","@id":"https:\/\/nitu.mx\/#website","url":"https:\/\/nitu.mx\/","name":"Nitu - Noticias de la Industria Turistica","description":"Noticias de la Industria Turistica","publisher":{"@id":"https:\/\/nitu.mx\/#\/schema\/person\/ae7a53426417292d3dd07b45a33e01bc"},"alternateName":"Noticias de la Industria Turistica","potentialAction":[{"@type":"SearchAction","target":{"@type":"EntryPoint","urlTemplate":"https:\/\/nitu.mx\/?s={search_term_string}"},"query-input":"required name=search_term_string"}],"inLanguage":"es-MX"},{"@type":["Person","Organization"],"@id":"https:\/\/nitu.mx\/#\/schema\/person\/ae7a53426417292d3dd07b45a33e01bc","name":"Arturo Medina","image":{"@type":"ImageObject","inLanguage":"es-MX","@id":"https:\/\/nitu.mx\/#\/schema\/person\/image\/","url":"https:\/\/nitu.mx\/wp-content\/uploads\/2024\/04\/4A315622-1904-4D5C-B022-878CDC840E04-90x90-1.jpeg","contentUrl":"https:\/\/nitu.mx\/wp-content\/uploads\/2024\/04\/4A315622-1904-4D5C-B022-878CDC840E04-90x90-1.jpeg","width":90,"height":90,"caption":"Arturo Medina"},"logo":{"@id":"https:\/\/nitu.mx\/#\/schema\/person\/image\/"},"description":"Director NITU.mx, Egresado de la Escuela de Periodismo Carlos Septi\u00e9n Garc\u00eda. Periodista y analista especializado en turismo desde hace 35 a\u00f1os, radicado en Canc\u00fan Q.Roo. arturo@nitu.mx","sameAs":["https:\/\/nitu.mx","https:\/\/www.facebook.com\/NITUmx\/","medinacancun","https:\/\/twitter.com\/@Arturo_Medina_G"]},{"@type":"Person","@id":"https:\/\/nitu.mx\/#\/schema\/person\/4a28fe9bd65924f7c90623773daf1b0b","name":"Redacci\u00f3n","image":{"@type":"ImageObject","inLanguage":"es-MX","@id":"https:\/\/nitu.mx\/#\/schema\/person\/image\/","url":"https:\/\/secure.gravatar.com\/avatar\/5dd011c8ccfc5cd7e4c81e42252aab38?s=96&d=mm&r=g","contentUrl":"https:\/\/secure.gravatar.com\/avatar\/5dd011c8ccfc5cd7e4c81e42252aab38?s=96&d=mm&r=g","caption":"Redacci\u00f3n"},"url":"https:\/\/nitu.mx\/index.php\/author\/redaccion\/"}]}},"views":718,"_links":{"self":[{"href":"https:\/\/nitu.mx\/index.php\/wp-json\/wp\/v2\/posts\/83590"}],"collection":[{"href":"https:\/\/nitu.mx\/index.php\/wp-json\/wp\/v2\/posts"}],"about":[{"href":"https:\/\/nitu.mx\/index.php\/wp-json\/wp\/v2\/types\/post"}],"author":[{"embeddable":true,"href":"https:\/\/nitu.mx\/index.php\/wp-json\/wp\/v2\/users\/17"}],"replies":[{"embeddable":true,"href":"https:\/\/nitu.mx\/index.php\/wp-json\/wp\/v2\/comments?post=83590"}],"version-history":[{"count":2,"href":"https:\/\/nitu.mx\/index.php\/wp-json\/wp\/v2\/posts\/83590\/revisions"}],"predecessor-version":[{"id":83596,"href":"https:\/\/nitu.mx\/index.php\/wp-json\/wp\/v2\/posts\/83590\/revisions\/83596"}],"wp:featuredmedia":[{"embeddable":true,"href":"https:\/\/nitu.mx\/index.php\/wp-json\/wp\/v2\/media\/83595"}],"wp:attachment":[{"href":"https:\/\/nitu.mx\/index.php\/wp-json\/wp\/v2\/media?parent=83590"}],"wp:term":[{"taxonomy":"category","embeddable":true,"href":"https:\/\/nitu.mx\/index.php\/wp-json\/wp\/v2\/categories?post=83590"},{"taxonomy":"post_tag","embeddable":true,"href":"https:\/\/nitu.mx\/index.php\/wp-json\/wp\/v2\/tags?post=83590"}],"curies":[{"name":"wp","href":"https:\/\/api.w.org\/{rel}","templated":true}]}}