{"id":83576,"date":"2025-09-22T19:00:00","date_gmt":"2025-09-23T01:00:00","guid":{"rendered":"https:\/\/nitu.mx\/?p=83576"},"modified":"2025-09-22T17:27:56","modified_gmt":"2025-09-22T23:27:56","slug":"baharat-la-nueva-apuesta-culinaria-de-posadas-en-fiesta-americana-merida","status":"publish","type":"post","link":"https:\/\/nitu.mx\/index.php\/2025\/09\/22\/baharat-la-nueva-apuesta-culinaria-de-posadas-en-fiesta-americana-merida\/","title":{"rendered":"\u201cBaharat\u201d, la nueva apuesta culinaria de Posadas en Fiesta Americana M\u00e9rida"},"content":{"rendered":"\n<p>Fiesta Americana M\u00e9rida celebra 30 a\u00f1os de historia ofreciendo hospitalidad de primer nivel y experiencias memorables. Junto a esta celebraci\u00f3n anuncia la apertura de \u201cBaharat: un viaje de alma y sabor\u201d, un nuevo espacio culinario inspirado en la riqueza gastron\u00f3mica del Medio Oriente. <\/p>\n\n\n\n<p>Esta propuesta, creada de la mano del Lead Chef, Gerardo Rivera, fusiona ingredientes y t\u00e9cnicas internacionales con la est\u00e9tica contempor\u00e1nea que caracteriza a la ciudad de M\u00e9rida, logrando una experiencia \u00fanica dise\u00f1ada para consentir a sus visitantes.<\/p>\n\n\n\n<p>Desde su apertura en 1995, Fiesta Americana M\u00e9rida, perteneciente a Posadas, la cadena l\u00edder en hoteler\u00eda en M\u00e9xico, se ha consolidado como uno de los destinos favoritos de los viajeros gracias a su arquitectura que combina elementos porfirianos y modernos, as\u00ed como por su variada oferta gastron\u00f3mica y de cocteler\u00eda que incluye el Stelaris Cocktail Lounge, Caf\u00e9 Kuun, Caf\u00e9 Montejo y el tradicional Restaurante Regional Yucateco.<\/p>\n\n\n\n<p>Pensando en compartir una experiencia sensorial influenciada por la cultura libanesa, \u201cBaharat\u201d busca que cada hu\u00e9sped experimente la hospitalidad familiar en un santuario de colores arenosos y terracotas que evocan su esencia. (<a href=\"https:\/\/nitu.mx\/index.php\/2025\/07\/24\/posadas-revierte-perdida-y-reporta-ingresos-por-2849-mdp-en-el-segundo-trimestre\/\">Posadas revierte p\u00e9rdida y reporta ingresos por 2,849 MDP en el segundo trimestre<\/a>).<\/p>\n\n\n\n<p>Bajo el lema \u201cCocinar con el alma y con historia\u201d, el restaurante parte de la filosof\u00eda de que la comida alimenta no solo el cuerpo, sino tambi\u00e9n el esp\u00edritu. Esta visi\u00f3n se refleja en su selecci\u00f3n de platillos fr\u00edos, calientes, alambres, shawarmas y especialidades, entre los que destacan:<\/p>\n\n\n\n<p>\u25cf Ensalada de Betabel: betabel rostizado con lim\u00f3n y aceite de oliva.<\/p>\n\n\n\n<p>\u25cf Hummus Natural: garbanzo, ajo, clavo, comino y aceite de oliva.<\/p>\n\n\n\n<p>\u25cf Keppe Charola: res y cordero, trigo y aceite de oliva.<\/p>\n\n\n\n<p>\u25cf Keppe Bola (kibis al estilo Yucat\u00e1n): res y cordero, trigo, pi\u00f1\u00f3n y xnipec.<\/p>\n\n\n\n<p>\u25cf Costilla de Res en su Jugo: jugo de carne, vegetales del d\u00eda y romero.<\/p>\n\n\n\n<p>\u25cf Cordero Moro: canela, hinojo, cuatro especias y vegetales de temporada.<\/p>\n\n\n\n<p>Estos son solo algunos de los platillos del men\u00fa, disponibles para quienes gustan de la aut\u00e9ntica comida libanesa. El hotel, ubicado en el centro de la ciudad, en la intersecci\u00f3n de las avenidas Paseo Montejo y Col\u00f3n, una zona altamente visitada por turistas que recorren Yucat\u00e1n es ideal para hospedarse o simplemente degustar de alimentos de calidad. <\/p>\n","protected":false},"excerpt":{"rendered":"<p>Fiesta Americana M\u00e9rida celebra 30 a\u00f1os de historia ofreciendo hospitalidad de primer nivel y experiencias memorables. Junto a esta celebraci\u00f3n anuncia la apertura de \u201cBaharat: un viaje de alma y sabor\u201d, un nuevo espacio culinario inspirado en la riqueza gastron\u00f3mica del Medio Oriente. Esta propuesta, creada de la mano del Lead Chef, Gerardo Rivera, fusiona [&hellip;]<\/p>\n","protected":false},"author":17,"featured_media":83578,"comment_status":"closed","ping_status":"closed","sticky":false,"template":"","format":"standard","meta":{"footnotes":""},"categories":[2],"tags":[27697,27696,4968,301,730],"yoast_head":"<!-- This site is optimized with the Yoast SEO plugin v22.2 - https:\/\/yoast.com\/wordpress\/plugins\/seo\/ -->\n<title>\u201cBaharat\u201d, la nueva apuesta culinaria de Posadas en Fiesta Americana M\u00e9rida - Nitu - Noticias de la Industria Turistica<\/title>\n<meta name=\"robots\" content=\"index, follow, max-snippet:-1, max-image-preview:large, max-video-preview:-1\" \/>\n<link rel=\"canonical\" href=\"https:\/\/nitu.mx\/index.php\/2025\/09\/22\/baharat-la-nueva-apuesta-culinaria-de-posadas-en-fiesta-americana-merida\/\" \/>\n<meta name=\"twitter:card\" content=\"summary_large_image\" \/>\n<meta name=\"twitter:title\" content=\"\u201cBaharat\u201d, la nueva apuesta culinaria de Posadas en Fiesta Americana M\u00e9rida - Nitu - Noticias de la Industria Turistica\" \/>\n<meta name=\"twitter:description\" content=\"Fiesta Americana M\u00e9rida celebra 30 a\u00f1os de historia ofreciendo hospitalidad de primer nivel y experiencias memorables. Junto a esta celebraci\u00f3n anuncia la apertura de \u201cBaharat: un viaje de alma y sabor\u201d, un nuevo espacio culinario inspirado en la riqueza gastron\u00f3mica del Medio Oriente. Esta propuesta, creada de la mano del Lead Chef, Gerardo Rivera, fusiona [&hellip;]\" \/>\n<meta name=\"twitter:image\" content=\"https:\/\/nitu.mx\/wp-content\/uploads\/2025\/09\/Posadas-Baharat-Fiesta-Americana-Merida.jpg\" \/>\n<meta name=\"twitter:creator\" content=\"@NITUmx\" \/>\n<meta name=\"twitter:site\" content=\"@Arturo_Medina_G\" \/>\n<meta name=\"twitter:label1\" content=\"Escrito por\" \/>\n\t<meta name=\"twitter:data1\" content=\"Redacci\u00f3n\" \/>\n\t<meta name=\"twitter:label2\" content=\"Tiempo de lectura\" \/>\n\t<meta name=\"twitter:data2\" content=\"2 minutos\" \/>\n<script type=\"application\/ld+json\" class=\"yoast-schema-graph\">{\"@context\":\"https:\/\/schema.org\",\"@graph\":[{\"@type\":\"Article\",\"@id\":\"https:\/\/nitu.mx\/index.php\/2025\/09\/22\/baharat-la-nueva-apuesta-culinaria-de-posadas-en-fiesta-americana-merida\/#article\",\"isPartOf\":{\"@id\":\"https:\/\/nitu.mx\/index.php\/2025\/09\/22\/baharat-la-nueva-apuesta-culinaria-de-posadas-en-fiesta-americana-merida\/\"},\"author\":{\"name\":\"Redacci\u00f3n\",\"@id\":\"https:\/\/nitu.mx\/#\/schema\/person\/4a28fe9bd65924f7c90623773daf1b0b\"},\"headline\":\"\u201cBaharat\u201d, la nueva apuesta culinaria de Posadas en Fiesta Americana M\u00e9rida\",\"datePublished\":\"2025-09-23T01:00:00+00:00\",\"dateModified\":\"2025-09-22T23:27:56+00:00\",\"mainEntityOfPage\":{\"@id\":\"https:\/\/nitu.mx\/index.php\/2025\/09\/22\/baharat-la-nueva-apuesta-culinaria-de-posadas-en-fiesta-americana-merida\/\"},\"wordCount\":404,\"publisher\":{\"@id\":\"https:\/\/nitu.mx\/#\/schema\/person\/ae7a53426417292d3dd07b45a33e01bc\"},\"image\":{\"@id\":\"https:\/\/nitu.mx\/index.php\/2025\/09\/22\/baharat-la-nueva-apuesta-culinaria-de-posadas-en-fiesta-americana-merida\/#primaryimage\"},\"thumbnailUrl\":\"https:\/\/nitu.mx\/wp-content\/uploads\/2025\/09\/Posadas-Baharat-Fiesta-Americana-Merida.jpg\",\"keywords\":[\"Baharat\",\"Fiesta Amerricana\",\"gastronom\u00eda\",\"M\u00e9rida\",\"Posadas\"],\"articleSection\":[\"Hoteles\"],\"inLanguage\":\"es-MX\"},{\"@type\":\"WebPage\",\"@id\":\"https:\/\/nitu.mx\/index.php\/2025\/09\/22\/baharat-la-nueva-apuesta-culinaria-de-posadas-en-fiesta-americana-merida\/\",\"url\":\"https:\/\/nitu.mx\/index.php\/2025\/09\/22\/baharat-la-nueva-apuesta-culinaria-de-posadas-en-fiesta-americana-merida\/\",\"name\":\"\u201cBaharat\u201d, la nueva apuesta culinaria de Posadas en Fiesta Americana M\u00e9rida - Nitu - Noticias de la Industria Turistica\",\"isPartOf\":{\"@id\":\"https:\/\/nitu.mx\/#website\"},\"primaryImageOfPage\":{\"@id\":\"https:\/\/nitu.mx\/index.php\/2025\/09\/22\/baharat-la-nueva-apuesta-culinaria-de-posadas-en-fiesta-americana-merida\/#primaryimage\"},\"image\":{\"@id\":\"https:\/\/nitu.mx\/index.php\/2025\/09\/22\/baharat-la-nueva-apuesta-culinaria-de-posadas-en-fiesta-americana-merida\/#primaryimage\"},\"thumbnailUrl\":\"https:\/\/nitu.mx\/wp-content\/uploads\/2025\/09\/Posadas-Baharat-Fiesta-Americana-Merida.jpg\",\"datePublished\":\"2025-09-23T01:00:00+00:00\",\"dateModified\":\"2025-09-22T23:27:56+00:00\",\"breadcrumb\":{\"@id\":\"https:\/\/nitu.mx\/index.php\/2025\/09\/22\/baharat-la-nueva-apuesta-culinaria-de-posadas-en-fiesta-americana-merida\/#breadcrumb\"},\"inLanguage\":\"es-MX\",\"potentialAction\":[{\"@type\":\"ReadAction\",\"target\":[\"https:\/\/nitu.mx\/index.php\/2025\/09\/22\/baharat-la-nueva-apuesta-culinaria-de-posadas-en-fiesta-americana-merida\/\"]}]},{\"@type\":\"ImageObject\",\"inLanguage\":\"es-MX\",\"@id\":\"https:\/\/nitu.mx\/index.php\/2025\/09\/22\/baharat-la-nueva-apuesta-culinaria-de-posadas-en-fiesta-americana-merida\/#primaryimage\",\"url\":\"https:\/\/nitu.mx\/wp-content\/uploads\/2025\/09\/Posadas-Baharat-Fiesta-Americana-Merida.jpg\",\"contentUrl\":\"https:\/\/nitu.mx\/wp-content\/uploads\/2025\/09\/Posadas-Baharat-Fiesta-Americana-Merida.jpg\",\"width\":1200,\"height\":675,\"caption\":\"Posadas Baharat Fiesta Americana M\u00e9rida\"},{\"@type\":\"BreadcrumbList\",\"@id\":\"https:\/\/nitu.mx\/index.php\/2025\/09\/22\/baharat-la-nueva-apuesta-culinaria-de-posadas-en-fiesta-americana-merida\/#breadcrumb\",\"itemListElement\":[{\"@type\":\"ListItem\",\"position\":1,\"name\":\"Inicio\",\"item\":\"https:\/\/nitu.mx\/\"},{\"@type\":\"ListItem\",\"position\":2,\"name\":\"\u201cBaharat\u201d, la nueva apuesta culinaria de Posadas en Fiesta Americana M\u00e9rida\"}]},{\"@type\":\"WebSite\",\"@id\":\"https:\/\/nitu.mx\/#website\",\"url\":\"https:\/\/nitu.mx\/\",\"name\":\"Nitu - Noticias de la Industria Turistica\",\"description\":\"Noticias de la Industria Turistica\",\"publisher\":{\"@id\":\"https:\/\/nitu.mx\/#\/schema\/person\/ae7a53426417292d3dd07b45a33e01bc\"},\"alternateName\":\"Noticias de la Industria Turistica\",\"potentialAction\":[{\"@type\":\"SearchAction\",\"target\":{\"@type\":\"EntryPoint\",\"urlTemplate\":\"https:\/\/nitu.mx\/?s={search_term_string}\"},\"query-input\":\"required name=search_term_string\"}],\"inLanguage\":\"es-MX\"},{\"@type\":[\"Person\",\"Organization\"],\"@id\":\"https:\/\/nitu.mx\/#\/schema\/person\/ae7a53426417292d3dd07b45a33e01bc\",\"name\":\"Arturo Medina\",\"image\":{\"@type\":\"ImageObject\",\"inLanguage\":\"es-MX\",\"@id\":\"https:\/\/nitu.mx\/#\/schema\/person\/image\/\",\"url\":\"https:\/\/nitu.mx\/wp-content\/uploads\/2024\/04\/4A315622-1904-4D5C-B022-878CDC840E04-90x90-1.jpeg\",\"contentUrl\":\"https:\/\/nitu.mx\/wp-content\/uploads\/2024\/04\/4A315622-1904-4D5C-B022-878CDC840E04-90x90-1.jpeg\",\"width\":90,\"height\":90,\"caption\":\"Arturo Medina\"},\"logo\":{\"@id\":\"https:\/\/nitu.mx\/#\/schema\/person\/image\/\"},\"description\":\"Director NITU.mx, Egresado de la Escuela de Periodismo Carlos Septi\u00e9n Garc\u00eda. Periodista y analista especializado en turismo desde hace 35 a\u00f1os, radicado en Canc\u00fan Q.Roo. arturo@nitu.mx\",\"sameAs\":[\"https:\/\/nitu.mx\",\"https:\/\/www.facebook.com\/NITUmx\/\",\"medinacancun\",\"https:\/\/twitter.com\/@Arturo_Medina_G\"]},{\"@type\":\"Person\",\"@id\":\"https:\/\/nitu.mx\/#\/schema\/person\/4a28fe9bd65924f7c90623773daf1b0b\",\"name\":\"Redacci\u00f3n\",\"image\":{\"@type\":\"ImageObject\",\"inLanguage\":\"es-MX\",\"@id\":\"https:\/\/nitu.mx\/#\/schema\/person\/image\/\",\"url\":\"https:\/\/secure.gravatar.com\/avatar\/5dd011c8ccfc5cd7e4c81e42252aab38?s=96&d=mm&r=g\",\"contentUrl\":\"https:\/\/secure.gravatar.com\/avatar\/5dd011c8ccfc5cd7e4c81e42252aab38?s=96&d=mm&r=g\",\"caption\":\"Redacci\u00f3n\"},\"url\":\"https:\/\/nitu.mx\/index.php\/author\/redaccion\/\"}]}<\/script>\n<!-- \/ Yoast SEO plugin. -->","yoast_head_json":{"title":"\u201cBaharat\u201d, la nueva apuesta culinaria de Posadas en Fiesta Americana M\u00e9rida - Nitu - Noticias de la Industria Turistica","robots":{"index":"index","follow":"follow","max-snippet":"max-snippet:-1","max-image-preview":"max-image-preview:large","max-video-preview":"max-video-preview:-1"},"canonical":"https:\/\/nitu.mx\/index.php\/2025\/09\/22\/baharat-la-nueva-apuesta-culinaria-de-posadas-en-fiesta-americana-merida\/","twitter_card":"summary_large_image","twitter_title":"\u201cBaharat\u201d, la nueva apuesta culinaria de Posadas en Fiesta Americana M\u00e9rida - Nitu - Noticias de la Industria Turistica","twitter_description":"Fiesta Americana M\u00e9rida celebra 30 a\u00f1os de historia ofreciendo hospitalidad de primer nivel y experiencias memorables. Junto a esta celebraci\u00f3n anuncia la apertura de \u201cBaharat: un viaje de alma y sabor\u201d, un nuevo espacio culinario inspirado en la riqueza gastron\u00f3mica del Medio Oriente. Esta propuesta, creada de la mano del Lead Chef, Gerardo Rivera, fusiona [&hellip;]","twitter_image":"https:\/\/nitu.mx\/wp-content\/uploads\/2025\/09\/Posadas-Baharat-Fiesta-Americana-Merida.jpg","twitter_creator":"@NITUmx","twitter_site":"@Arturo_Medina_G","twitter_misc":{"Escrito por":"Redacci\u00f3n","Tiempo de lectura":"2 minutos"},"schema":{"@context":"https:\/\/schema.org","@graph":[{"@type":"Article","@id":"https:\/\/nitu.mx\/index.php\/2025\/09\/22\/baharat-la-nueva-apuesta-culinaria-de-posadas-en-fiesta-americana-merida\/#article","isPartOf":{"@id":"https:\/\/nitu.mx\/index.php\/2025\/09\/22\/baharat-la-nueva-apuesta-culinaria-de-posadas-en-fiesta-americana-merida\/"},"author":{"name":"Redacci\u00f3n","@id":"https:\/\/nitu.mx\/#\/schema\/person\/4a28fe9bd65924f7c90623773daf1b0b"},"headline":"\u201cBaharat\u201d, la nueva apuesta culinaria de Posadas en Fiesta Americana M\u00e9rida","datePublished":"2025-09-23T01:00:00+00:00","dateModified":"2025-09-22T23:27:56+00:00","mainEntityOfPage":{"@id":"https:\/\/nitu.mx\/index.php\/2025\/09\/22\/baharat-la-nueva-apuesta-culinaria-de-posadas-en-fiesta-americana-merida\/"},"wordCount":404,"publisher":{"@id":"https:\/\/nitu.mx\/#\/schema\/person\/ae7a53426417292d3dd07b45a33e01bc"},"image":{"@id":"https:\/\/nitu.mx\/index.php\/2025\/09\/22\/baharat-la-nueva-apuesta-culinaria-de-posadas-en-fiesta-americana-merida\/#primaryimage"},"thumbnailUrl":"https:\/\/nitu.mx\/wp-content\/uploads\/2025\/09\/Posadas-Baharat-Fiesta-Americana-Merida.jpg","keywords":["Baharat","Fiesta Amerricana","gastronom\u00eda","M\u00e9rida","Posadas"],"articleSection":["Hoteles"],"inLanguage":"es-MX"},{"@type":"WebPage","@id":"https:\/\/nitu.mx\/index.php\/2025\/09\/22\/baharat-la-nueva-apuesta-culinaria-de-posadas-en-fiesta-americana-merida\/","url":"https:\/\/nitu.mx\/index.php\/2025\/09\/22\/baharat-la-nueva-apuesta-culinaria-de-posadas-en-fiesta-americana-merida\/","name":"\u201cBaharat\u201d, la nueva apuesta culinaria de Posadas en Fiesta Americana M\u00e9rida - Nitu - Noticias de la Industria Turistica","isPartOf":{"@id":"https:\/\/nitu.mx\/#website"},"primaryImageOfPage":{"@id":"https:\/\/nitu.mx\/index.php\/2025\/09\/22\/baharat-la-nueva-apuesta-culinaria-de-posadas-en-fiesta-americana-merida\/#primaryimage"},"image":{"@id":"https:\/\/nitu.mx\/index.php\/2025\/09\/22\/baharat-la-nueva-apuesta-culinaria-de-posadas-en-fiesta-americana-merida\/#primaryimage"},"thumbnailUrl":"https:\/\/nitu.mx\/wp-content\/uploads\/2025\/09\/Posadas-Baharat-Fiesta-Americana-Merida.jpg","datePublished":"2025-09-23T01:00:00+00:00","dateModified":"2025-09-22T23:27:56+00:00","breadcrumb":{"@id":"https:\/\/nitu.mx\/index.php\/2025\/09\/22\/baharat-la-nueva-apuesta-culinaria-de-posadas-en-fiesta-americana-merida\/#breadcrumb"},"inLanguage":"es-MX","potentialAction":[{"@type":"ReadAction","target":["https:\/\/nitu.mx\/index.php\/2025\/09\/22\/baharat-la-nueva-apuesta-culinaria-de-posadas-en-fiesta-americana-merida\/"]}]},{"@type":"ImageObject","inLanguage":"es-MX","@id":"https:\/\/nitu.mx\/index.php\/2025\/09\/22\/baharat-la-nueva-apuesta-culinaria-de-posadas-en-fiesta-americana-merida\/#primaryimage","url":"https:\/\/nitu.mx\/wp-content\/uploads\/2025\/09\/Posadas-Baharat-Fiesta-Americana-Merida.jpg","contentUrl":"https:\/\/nitu.mx\/wp-content\/uploads\/2025\/09\/Posadas-Baharat-Fiesta-Americana-Merida.jpg","width":1200,"height":675,"caption":"Posadas Baharat Fiesta Americana M\u00e9rida"},{"@type":"BreadcrumbList","@id":"https:\/\/nitu.mx\/index.php\/2025\/09\/22\/baharat-la-nueva-apuesta-culinaria-de-posadas-en-fiesta-americana-merida\/#breadcrumb","itemListElement":[{"@type":"ListItem","position":1,"name":"Inicio","item":"https:\/\/nitu.mx\/"},{"@type":"ListItem","position":2,"name":"\u201cBaharat\u201d, la nueva apuesta culinaria de Posadas en Fiesta Americana M\u00e9rida"}]},{"@type":"WebSite","@id":"https:\/\/nitu.mx\/#website","url":"https:\/\/nitu.mx\/","name":"Nitu - Noticias de la Industria Turistica","description":"Noticias de la Industria Turistica","publisher":{"@id":"https:\/\/nitu.mx\/#\/schema\/person\/ae7a53426417292d3dd07b45a33e01bc"},"alternateName":"Noticias de la Industria Turistica","potentialAction":[{"@type":"SearchAction","target":{"@type":"EntryPoint","urlTemplate":"https:\/\/nitu.mx\/?s={search_term_string}"},"query-input":"required name=search_term_string"}],"inLanguage":"es-MX"},{"@type":["Person","Organization"],"@id":"https:\/\/nitu.mx\/#\/schema\/person\/ae7a53426417292d3dd07b45a33e01bc","name":"Arturo Medina","image":{"@type":"ImageObject","inLanguage":"es-MX","@id":"https:\/\/nitu.mx\/#\/schema\/person\/image\/","url":"https:\/\/nitu.mx\/wp-content\/uploads\/2024\/04\/4A315622-1904-4D5C-B022-878CDC840E04-90x90-1.jpeg","contentUrl":"https:\/\/nitu.mx\/wp-content\/uploads\/2024\/04\/4A315622-1904-4D5C-B022-878CDC840E04-90x90-1.jpeg","width":90,"height":90,"caption":"Arturo Medina"},"logo":{"@id":"https:\/\/nitu.mx\/#\/schema\/person\/image\/"},"description":"Director NITU.mx, Egresado de la Escuela de Periodismo Carlos Septi\u00e9n Garc\u00eda. Periodista y analista especializado en turismo desde hace 35 a\u00f1os, radicado en Canc\u00fan Q.Roo. arturo@nitu.mx","sameAs":["https:\/\/nitu.mx","https:\/\/www.facebook.com\/NITUmx\/","medinacancun","https:\/\/twitter.com\/@Arturo_Medina_G"]},{"@type":"Person","@id":"https:\/\/nitu.mx\/#\/schema\/person\/4a28fe9bd65924f7c90623773daf1b0b","name":"Redacci\u00f3n","image":{"@type":"ImageObject","inLanguage":"es-MX","@id":"https:\/\/nitu.mx\/#\/schema\/person\/image\/","url":"https:\/\/secure.gravatar.com\/avatar\/5dd011c8ccfc5cd7e4c81e42252aab38?s=96&d=mm&r=g","contentUrl":"https:\/\/secure.gravatar.com\/avatar\/5dd011c8ccfc5cd7e4c81e42252aab38?s=96&d=mm&r=g","caption":"Redacci\u00f3n"},"url":"https:\/\/nitu.mx\/index.php\/author\/redaccion\/"}]}},"views":694,"_links":{"self":[{"href":"https:\/\/nitu.mx\/index.php\/wp-json\/wp\/v2\/posts\/83576"}],"collection":[{"href":"https:\/\/nitu.mx\/index.php\/wp-json\/wp\/v2\/posts"}],"about":[{"href":"https:\/\/nitu.mx\/index.php\/wp-json\/wp\/v2\/types\/post"}],"author":[{"embeddable":true,"href":"https:\/\/nitu.mx\/index.php\/wp-json\/wp\/v2\/users\/17"}],"replies":[{"embeddable":true,"href":"https:\/\/nitu.mx\/index.php\/wp-json\/wp\/v2\/comments?post=83576"}],"version-history":[{"count":1,"href":"https:\/\/nitu.mx\/index.php\/wp-json\/wp\/v2\/posts\/83576\/revisions"}],"predecessor-version":[{"id":83579,"href":"https:\/\/nitu.mx\/index.php\/wp-json\/wp\/v2\/posts\/83576\/revisions\/83579"}],"wp:featuredmedia":[{"embeddable":true,"href":"https:\/\/nitu.mx\/index.php\/wp-json\/wp\/v2\/media\/83578"}],"wp:attachment":[{"href":"https:\/\/nitu.mx\/index.php\/wp-json\/wp\/v2\/media?parent=83576"}],"wp:term":[{"taxonomy":"category","embeddable":true,"href":"https:\/\/nitu.mx\/index.php\/wp-json\/wp\/v2\/categories?post=83576"},{"taxonomy":"post_tag","embeddable":true,"href":"https:\/\/nitu.mx\/index.php\/wp-json\/wp\/v2\/tags?post=83576"}],"curies":[{"name":"wp","href":"https:\/\/api.w.org\/{rel}","templated":true}]}}