{"id":83570,"date":"2025-09-22T16:45:03","date_gmt":"2025-09-22T22:45:03","guid":{"rendered":"https:\/\/nitu.mx\/?p=83570"},"modified":"2025-09-22T16:45:05","modified_gmt":"2025-09-22T22:45:05","slug":"aeromexico-obtiene-premio-aerolinea-global-cinco-estrellas-en-los-apex","status":"publish","type":"post","link":"https:\/\/nitu.mx\/index.php\/2025\/09\/22\/aeromexico-obtiene-premio-aerolinea-global-cinco-estrellas-en-los-apex\/","title":{"rendered":"Aerom\u00e9xico obtiene premio Aerol\u00ednea Global Cinco Estrellas en los APEX"},"content":{"rendered":"\n<p>Por s\u00e9ptimo a\u00f1o consecutivo, Aerom\u00e9xico fue galardonado\u00a0como Aerol\u00ednea Global Cinco Estrellas en los APEX: \u201cFive-Star Global Airline\u201d, los cuales se entregan con base en las opiniones de diferentes pasajeros alrededor del mundo.<\/p>\n\n\n\n<p>En esta edici\u00f3n, se calificaron m\u00e1s de un mill\u00f3n de vuelos de diferentes aerol\u00edneas, evaluando los siguientes elementos clave:<\/p>\n\n\n\n<ul>\n<li>Oferta gastron\u00f3mica<\/li>\n\n\n\n<li>Comodidad de los asientos<\/li>\n\n\n\n<li>Sistema de entretenimiento a bordo<\/li>\n\n\n\n<li>Conectividad WiFi<\/li>\n\n\n\n<li>Servicio de cabina<\/li>\n<\/ul>\n\n\n\n<p>Tan solo en los \u00faltimos a\u00f1os, Aerom\u00e9xico inform\u00f3 que ha invertido en trabajos de mejora y renovaci\u00f3n para elevar el confort y la experiencia de los pasajeros. Entre los que destacan:<\/p>\n\n\n\n<ul>\n<li>Lanzamiento del nuevo Amenity Kit Premier con materiales m\u00e1s sostenibles<\/li>\n\n\n\n<li>Paquete Confort Premier One con items dise\u00f1ados para elevar la comodidad<\/li>\n\n\n\n<li>Instalaci\u00f3n de antenas WiFi de alta velocidad en equipos E-190<\/li>\n\n\n\n<li>Nuevos contenidos en el sistema de entretenimiento a bordo<\/li>\n\n\n\n<li>Platillos dise\u00f1ados por chefs de talla internacional y marcas reconocidas<\/li>\n<\/ul>\n\n\n\n<p>Este reconocimiento refuerza nuestro compromiso para seguir mejorando el servicio que brindamos a los clientes, bajo los m\u00e1s altos est\u00e1ndares de calidad y seguridad en la industria. (<a href=\"https:\/\/nitu.mx\/index.php\/2025\/09\/09\/aeromexico-reactiva-conectividad-entre-mexico-y-puerto-rico-tras-20-anos\/\">Aerom\u00e9xico reactiva conectividad entre M\u00e9xico y Puerto Rico tras 20 a\u00f1os<\/a>).<\/p>\n","protected":false},"excerpt":{"rendered":"<p>Por s\u00e9ptimo a\u00f1o consecutivo, Aerom\u00e9xico fue galardonado\u00a0como Aerol\u00ednea Global Cinco Estrellas en los APEX: \u201cFive-Star Global Airline\u201d, los cuales se entregan con base en las opiniones de diferentes pasajeros alrededor del mundo. En esta edici\u00f3n, se calificaron m\u00e1s de un mill\u00f3n de vuelos de diferentes aerol\u00edneas, evaluando los siguientes elementos clave: Tan solo en los [&hellip;]<\/p>\n","protected":false},"author":17,"featured_media":54076,"comment_status":"closed","ping_status":"closed","sticky":false,"template":"","format":"standard","meta":{"footnotes":""},"categories":[29],"tags":[30,12919,12948],"yoast_head":"<!-- This site is optimized with the Yoast SEO plugin v22.2 - https:\/\/yoast.com\/wordpress\/plugins\/seo\/ -->\n<title>Aerom\u00e9xico obtiene premio Aerol\u00ednea Global Cinco Estrellas en los APEX - Nitu - Noticias de la Industria Turistica<\/title>\n<meta name=\"robots\" content=\"index, follow, max-snippet:-1, max-image-preview:large, max-video-preview:-1\" \/>\n<link rel=\"canonical\" href=\"https:\/\/nitu.mx\/index.php\/2025\/09\/22\/aeromexico-obtiene-premio-aerolinea-global-cinco-estrellas-en-los-apex\/\" \/>\n<meta name=\"twitter:card\" content=\"summary_large_image\" \/>\n<meta name=\"twitter:title\" content=\"Aerom\u00e9xico obtiene premio Aerol\u00ednea Global Cinco Estrellas en los APEX - Nitu - Noticias de la Industria Turistica\" \/>\n<meta name=\"twitter:description\" content=\"Por s\u00e9ptimo a\u00f1o consecutivo, Aerom\u00e9xico fue galardonado\u00a0como Aerol\u00ednea Global Cinco Estrellas en los APEX: \u201cFive-Star Global Airline\u201d, los cuales se entregan con base en las opiniones de diferentes pasajeros alrededor del mundo. En esta edici\u00f3n, se calificaron m\u00e1s de un mill\u00f3n de vuelos de diferentes aerol\u00edneas, evaluando los siguientes elementos clave: Tan solo en los [&hellip;]\" \/>\n<meta name=\"twitter:image\" content=\"https:\/\/nitu.mx\/wp-content\/uploads\/2021\/07\/Aeromexico-737-MAX.jpg\" \/>\n<meta name=\"twitter:creator\" content=\"@NITUmx\" \/>\n<meta name=\"twitter:site\" content=\"@Arturo_Medina_G\" \/>\n<meta name=\"twitter:label1\" content=\"Escrito por\" \/>\n\t<meta name=\"twitter:data1\" content=\"Redacci\u00f3n\" \/>\n\t<meta name=\"twitter:label2\" content=\"Tiempo de lectura\" \/>\n\t<meta name=\"twitter:data2\" content=\"1 minuto\" \/>\n<script type=\"application\/ld+json\" class=\"yoast-schema-graph\">{\"@context\":\"https:\/\/schema.org\",\"@graph\":[{\"@type\":\"Article\",\"@id\":\"https:\/\/nitu.mx\/index.php\/2025\/09\/22\/aeromexico-obtiene-premio-aerolinea-global-cinco-estrellas-en-los-apex\/#article\",\"isPartOf\":{\"@id\":\"https:\/\/nitu.mx\/index.php\/2025\/09\/22\/aeromexico-obtiene-premio-aerolinea-global-cinco-estrellas-en-los-apex\/\"},\"author\":{\"name\":\"Redacci\u00f3n\",\"@id\":\"https:\/\/nitu.mx\/#\/schema\/person\/4a28fe9bd65924f7c90623773daf1b0b\"},\"headline\":\"Aerom\u00e9xico obtiene premio Aerol\u00ednea Global Cinco Estrellas en los APEX\",\"datePublished\":\"2025-09-22T22:45:03+00:00\",\"dateModified\":\"2025-09-22T22:45:05+00:00\",\"mainEntityOfPage\":{\"@id\":\"https:\/\/nitu.mx\/index.php\/2025\/09\/22\/aeromexico-obtiene-premio-aerolinea-global-cinco-estrellas-en-los-apex\/\"},\"wordCount\":219,\"publisher\":{\"@id\":\"https:\/\/nitu.mx\/#\/schema\/person\/ae7a53426417292d3dd07b45a33e01bc\"},\"image\":{\"@id\":\"https:\/\/nitu.mx\/index.php\/2025\/09\/22\/aeromexico-obtiene-premio-aerolinea-global-cinco-estrellas-en-los-apex\/#primaryimage\"},\"thumbnailUrl\":\"https:\/\/nitu.mx\/wp-content\/uploads\/2021\/07\/Aeromexico-737-MAX.jpg\",\"keywords\":[\"Aerom\u00e9xico\",\"APEX\",\"cinco estrellas\"],\"articleSection\":[\"Aerol\u00edneas\"],\"inLanguage\":\"es-MX\"},{\"@type\":\"WebPage\",\"@id\":\"https:\/\/nitu.mx\/index.php\/2025\/09\/22\/aeromexico-obtiene-premio-aerolinea-global-cinco-estrellas-en-los-apex\/\",\"url\":\"https:\/\/nitu.mx\/index.php\/2025\/09\/22\/aeromexico-obtiene-premio-aerolinea-global-cinco-estrellas-en-los-apex\/\",\"name\":\"Aerom\u00e9xico obtiene premio Aerol\u00ednea Global Cinco Estrellas en los APEX - Nitu - Noticias de la Industria Turistica\",\"isPartOf\":{\"@id\":\"https:\/\/nitu.mx\/#website\"},\"primaryImageOfPage\":{\"@id\":\"https:\/\/nitu.mx\/index.php\/2025\/09\/22\/aeromexico-obtiene-premio-aerolinea-global-cinco-estrellas-en-los-apex\/#primaryimage\"},\"image\":{\"@id\":\"https:\/\/nitu.mx\/index.php\/2025\/09\/22\/aeromexico-obtiene-premio-aerolinea-global-cinco-estrellas-en-los-apex\/#primaryimage\"},\"thumbnailUrl\":\"https:\/\/nitu.mx\/wp-content\/uploads\/2021\/07\/Aeromexico-737-MAX.jpg\",\"datePublished\":\"2025-09-22T22:45:03+00:00\",\"dateModified\":\"2025-09-22T22:45:05+00:00\",\"breadcrumb\":{\"@id\":\"https:\/\/nitu.mx\/index.php\/2025\/09\/22\/aeromexico-obtiene-premio-aerolinea-global-cinco-estrellas-en-los-apex\/#breadcrumb\"},\"inLanguage\":\"es-MX\",\"potentialAction\":[{\"@type\":\"ReadAction\",\"target\":[\"https:\/\/nitu.mx\/index.php\/2025\/09\/22\/aeromexico-obtiene-premio-aerolinea-global-cinco-estrellas-en-los-apex\/\"]}]},{\"@type\":\"ImageObject\",\"inLanguage\":\"es-MX\",\"@id\":\"https:\/\/nitu.mx\/index.php\/2025\/09\/22\/aeromexico-obtiene-premio-aerolinea-global-cinco-estrellas-en-los-apex\/#primaryimage\",\"url\":\"https:\/\/nitu.mx\/wp-content\/uploads\/2021\/07\/Aeromexico-737-MAX.jpg\",\"contentUrl\":\"https:\/\/nitu.mx\/wp-content\/uploads\/2021\/07\/Aeromexico-737-MAX.jpg\",\"width\":1200,\"height\":675,\"caption\":\"Aerom\u00e9xico\"},{\"@type\":\"BreadcrumbList\",\"@id\":\"https:\/\/nitu.mx\/index.php\/2025\/09\/22\/aeromexico-obtiene-premio-aerolinea-global-cinco-estrellas-en-los-apex\/#breadcrumb\",\"itemListElement\":[{\"@type\":\"ListItem\",\"position\":1,\"name\":\"Inicio\",\"item\":\"https:\/\/nitu.mx\/\"},{\"@type\":\"ListItem\",\"position\":2,\"name\":\"Aerom\u00e9xico obtiene premio Aerol\u00ednea Global Cinco Estrellas en los APEX\"}]},{\"@type\":\"WebSite\",\"@id\":\"https:\/\/nitu.mx\/#website\",\"url\":\"https:\/\/nitu.mx\/\",\"name\":\"Nitu - Noticias de la Industria Turistica\",\"description\":\"Noticias de la Industria Turistica\",\"publisher\":{\"@id\":\"https:\/\/nitu.mx\/#\/schema\/person\/ae7a53426417292d3dd07b45a33e01bc\"},\"alternateName\":\"Noticias de la Industria Turistica\",\"potentialAction\":[{\"@type\":\"SearchAction\",\"target\":{\"@type\":\"EntryPoint\",\"urlTemplate\":\"https:\/\/nitu.mx\/?s={search_term_string}\"},\"query-input\":\"required name=search_term_string\"}],\"inLanguage\":\"es-MX\"},{\"@type\":[\"Person\",\"Organization\"],\"@id\":\"https:\/\/nitu.mx\/#\/schema\/person\/ae7a53426417292d3dd07b45a33e01bc\",\"name\":\"Arturo Medina\",\"image\":{\"@type\":\"ImageObject\",\"inLanguage\":\"es-MX\",\"@id\":\"https:\/\/nitu.mx\/#\/schema\/person\/image\/\",\"url\":\"https:\/\/nitu.mx\/wp-content\/uploads\/2024\/04\/4A315622-1904-4D5C-B022-878CDC840E04-90x90-1.jpeg\",\"contentUrl\":\"https:\/\/nitu.mx\/wp-content\/uploads\/2024\/04\/4A315622-1904-4D5C-B022-878CDC840E04-90x90-1.jpeg\",\"width\":90,\"height\":90,\"caption\":\"Arturo Medina\"},\"logo\":{\"@id\":\"https:\/\/nitu.mx\/#\/schema\/person\/image\/\"},\"description\":\"Director NITU.mx, Egresado de la Escuela de Periodismo Carlos Septi\u00e9n Garc\u00eda. Periodista y analista especializado en turismo desde hace 35 a\u00f1os, radicado en Canc\u00fan Q.Roo. arturo@nitu.mx\",\"sameAs\":[\"https:\/\/nitu.mx\",\"https:\/\/www.facebook.com\/NITUmx\/\",\"medinacancun\",\"https:\/\/twitter.com\/@Arturo_Medina_G\"]},{\"@type\":\"Person\",\"@id\":\"https:\/\/nitu.mx\/#\/schema\/person\/4a28fe9bd65924f7c90623773daf1b0b\",\"name\":\"Redacci\u00f3n\",\"image\":{\"@type\":\"ImageObject\",\"inLanguage\":\"es-MX\",\"@id\":\"https:\/\/nitu.mx\/#\/schema\/person\/image\/\",\"url\":\"https:\/\/secure.gravatar.com\/avatar\/5dd011c8ccfc5cd7e4c81e42252aab38?s=96&d=mm&r=g\",\"contentUrl\":\"https:\/\/secure.gravatar.com\/avatar\/5dd011c8ccfc5cd7e4c81e42252aab38?s=96&d=mm&r=g\",\"caption\":\"Redacci\u00f3n\"},\"url\":\"https:\/\/nitu.mx\/index.php\/author\/redaccion\/\"}]}<\/script>\n<!-- \/ Yoast SEO plugin. -->","yoast_head_json":{"title":"Aerom\u00e9xico obtiene premio Aerol\u00ednea Global Cinco Estrellas en los APEX - Nitu - Noticias de la Industria Turistica","robots":{"index":"index","follow":"follow","max-snippet":"max-snippet:-1","max-image-preview":"max-image-preview:large","max-video-preview":"max-video-preview:-1"},"canonical":"https:\/\/nitu.mx\/index.php\/2025\/09\/22\/aeromexico-obtiene-premio-aerolinea-global-cinco-estrellas-en-los-apex\/","twitter_card":"summary_large_image","twitter_title":"Aerom\u00e9xico obtiene premio Aerol\u00ednea Global Cinco Estrellas en los APEX - Nitu - Noticias de la Industria Turistica","twitter_description":"Por s\u00e9ptimo a\u00f1o consecutivo, Aerom\u00e9xico fue galardonado\u00a0como Aerol\u00ednea Global Cinco Estrellas en los APEX: \u201cFive-Star Global Airline\u201d, los cuales se entregan con base en las opiniones de diferentes pasajeros alrededor del mundo. En esta edici\u00f3n, se calificaron m\u00e1s de un mill\u00f3n de vuelos de diferentes aerol\u00edneas, evaluando los siguientes elementos clave: Tan solo en los [&hellip;]","twitter_image":"https:\/\/nitu.mx\/wp-content\/uploads\/2021\/07\/Aeromexico-737-MAX.jpg","twitter_creator":"@NITUmx","twitter_site":"@Arturo_Medina_G","twitter_misc":{"Escrito por":"Redacci\u00f3n","Tiempo de lectura":"1 minuto"},"schema":{"@context":"https:\/\/schema.org","@graph":[{"@type":"Article","@id":"https:\/\/nitu.mx\/index.php\/2025\/09\/22\/aeromexico-obtiene-premio-aerolinea-global-cinco-estrellas-en-los-apex\/#article","isPartOf":{"@id":"https:\/\/nitu.mx\/index.php\/2025\/09\/22\/aeromexico-obtiene-premio-aerolinea-global-cinco-estrellas-en-los-apex\/"},"author":{"name":"Redacci\u00f3n","@id":"https:\/\/nitu.mx\/#\/schema\/person\/4a28fe9bd65924f7c90623773daf1b0b"},"headline":"Aerom\u00e9xico obtiene premio Aerol\u00ednea Global Cinco Estrellas en los APEX","datePublished":"2025-09-22T22:45:03+00:00","dateModified":"2025-09-22T22:45:05+00:00","mainEntityOfPage":{"@id":"https:\/\/nitu.mx\/index.php\/2025\/09\/22\/aeromexico-obtiene-premio-aerolinea-global-cinco-estrellas-en-los-apex\/"},"wordCount":219,"publisher":{"@id":"https:\/\/nitu.mx\/#\/schema\/person\/ae7a53426417292d3dd07b45a33e01bc"},"image":{"@id":"https:\/\/nitu.mx\/index.php\/2025\/09\/22\/aeromexico-obtiene-premio-aerolinea-global-cinco-estrellas-en-los-apex\/#primaryimage"},"thumbnailUrl":"https:\/\/nitu.mx\/wp-content\/uploads\/2021\/07\/Aeromexico-737-MAX.jpg","keywords":["Aerom\u00e9xico","APEX","cinco estrellas"],"articleSection":["Aerol\u00edneas"],"inLanguage":"es-MX"},{"@type":"WebPage","@id":"https:\/\/nitu.mx\/index.php\/2025\/09\/22\/aeromexico-obtiene-premio-aerolinea-global-cinco-estrellas-en-los-apex\/","url":"https:\/\/nitu.mx\/index.php\/2025\/09\/22\/aeromexico-obtiene-premio-aerolinea-global-cinco-estrellas-en-los-apex\/","name":"Aerom\u00e9xico obtiene premio Aerol\u00ednea Global Cinco Estrellas en los APEX - Nitu - Noticias de la Industria Turistica","isPartOf":{"@id":"https:\/\/nitu.mx\/#website"},"primaryImageOfPage":{"@id":"https:\/\/nitu.mx\/index.php\/2025\/09\/22\/aeromexico-obtiene-premio-aerolinea-global-cinco-estrellas-en-los-apex\/#primaryimage"},"image":{"@id":"https:\/\/nitu.mx\/index.php\/2025\/09\/22\/aeromexico-obtiene-premio-aerolinea-global-cinco-estrellas-en-los-apex\/#primaryimage"},"thumbnailUrl":"https:\/\/nitu.mx\/wp-content\/uploads\/2021\/07\/Aeromexico-737-MAX.jpg","datePublished":"2025-09-22T22:45:03+00:00","dateModified":"2025-09-22T22:45:05+00:00","breadcrumb":{"@id":"https:\/\/nitu.mx\/index.php\/2025\/09\/22\/aeromexico-obtiene-premio-aerolinea-global-cinco-estrellas-en-los-apex\/#breadcrumb"},"inLanguage":"es-MX","potentialAction":[{"@type":"ReadAction","target":["https:\/\/nitu.mx\/index.php\/2025\/09\/22\/aeromexico-obtiene-premio-aerolinea-global-cinco-estrellas-en-los-apex\/"]}]},{"@type":"ImageObject","inLanguage":"es-MX","@id":"https:\/\/nitu.mx\/index.php\/2025\/09\/22\/aeromexico-obtiene-premio-aerolinea-global-cinco-estrellas-en-los-apex\/#primaryimage","url":"https:\/\/nitu.mx\/wp-content\/uploads\/2021\/07\/Aeromexico-737-MAX.jpg","contentUrl":"https:\/\/nitu.mx\/wp-content\/uploads\/2021\/07\/Aeromexico-737-MAX.jpg","width":1200,"height":675,"caption":"Aerom\u00e9xico"},{"@type":"BreadcrumbList","@id":"https:\/\/nitu.mx\/index.php\/2025\/09\/22\/aeromexico-obtiene-premio-aerolinea-global-cinco-estrellas-en-los-apex\/#breadcrumb","itemListElement":[{"@type":"ListItem","position":1,"name":"Inicio","item":"https:\/\/nitu.mx\/"},{"@type":"ListItem","position":2,"name":"Aerom\u00e9xico obtiene premio Aerol\u00ednea Global Cinco Estrellas en los APEX"}]},{"@type":"WebSite","@id":"https:\/\/nitu.mx\/#website","url":"https:\/\/nitu.mx\/","name":"Nitu - Noticias de la Industria Turistica","description":"Noticias de la Industria Turistica","publisher":{"@id":"https:\/\/nitu.mx\/#\/schema\/person\/ae7a53426417292d3dd07b45a33e01bc"},"alternateName":"Noticias de la Industria Turistica","potentialAction":[{"@type":"SearchAction","target":{"@type":"EntryPoint","urlTemplate":"https:\/\/nitu.mx\/?s={search_term_string}"},"query-input":"required name=search_term_string"}],"inLanguage":"es-MX"},{"@type":["Person","Organization"],"@id":"https:\/\/nitu.mx\/#\/schema\/person\/ae7a53426417292d3dd07b45a33e01bc","name":"Arturo Medina","image":{"@type":"ImageObject","inLanguage":"es-MX","@id":"https:\/\/nitu.mx\/#\/schema\/person\/image\/","url":"https:\/\/nitu.mx\/wp-content\/uploads\/2024\/04\/4A315622-1904-4D5C-B022-878CDC840E04-90x90-1.jpeg","contentUrl":"https:\/\/nitu.mx\/wp-content\/uploads\/2024\/04\/4A315622-1904-4D5C-B022-878CDC840E04-90x90-1.jpeg","width":90,"height":90,"caption":"Arturo Medina"},"logo":{"@id":"https:\/\/nitu.mx\/#\/schema\/person\/image\/"},"description":"Director NITU.mx, Egresado de la Escuela de Periodismo Carlos Septi\u00e9n Garc\u00eda. Periodista y analista especializado en turismo desde hace 35 a\u00f1os, radicado en Canc\u00fan Q.Roo. arturo@nitu.mx","sameAs":["https:\/\/nitu.mx","https:\/\/www.facebook.com\/NITUmx\/","medinacancun","https:\/\/twitter.com\/@Arturo_Medina_G"]},{"@type":"Person","@id":"https:\/\/nitu.mx\/#\/schema\/person\/4a28fe9bd65924f7c90623773daf1b0b","name":"Redacci\u00f3n","image":{"@type":"ImageObject","inLanguage":"es-MX","@id":"https:\/\/nitu.mx\/#\/schema\/person\/image\/","url":"https:\/\/secure.gravatar.com\/avatar\/5dd011c8ccfc5cd7e4c81e42252aab38?s=96&d=mm&r=g","contentUrl":"https:\/\/secure.gravatar.com\/avatar\/5dd011c8ccfc5cd7e4c81e42252aab38?s=96&d=mm&r=g","caption":"Redacci\u00f3n"},"url":"https:\/\/nitu.mx\/index.php\/author\/redaccion\/"}]}},"views":417,"_links":{"self":[{"href":"https:\/\/nitu.mx\/index.php\/wp-json\/wp\/v2\/posts\/83570"}],"collection":[{"href":"https:\/\/nitu.mx\/index.php\/wp-json\/wp\/v2\/posts"}],"about":[{"href":"https:\/\/nitu.mx\/index.php\/wp-json\/wp\/v2\/types\/post"}],"author":[{"embeddable":true,"href":"https:\/\/nitu.mx\/index.php\/wp-json\/wp\/v2\/users\/17"}],"replies":[{"embeddable":true,"href":"https:\/\/nitu.mx\/index.php\/wp-json\/wp\/v2\/comments?post=83570"}],"version-history":[{"count":1,"href":"https:\/\/nitu.mx\/index.php\/wp-json\/wp\/v2\/posts\/83570\/revisions"}],"predecessor-version":[{"id":83572,"href":"https:\/\/nitu.mx\/index.php\/wp-json\/wp\/v2\/posts\/83570\/revisions\/83572"}],"wp:featuredmedia":[{"embeddable":true,"href":"https:\/\/nitu.mx\/index.php\/wp-json\/wp\/v2\/media\/54076"}],"wp:attachment":[{"href":"https:\/\/nitu.mx\/index.php\/wp-json\/wp\/v2\/media?parent=83570"}],"wp:term":[{"taxonomy":"category","embeddable":true,"href":"https:\/\/nitu.mx\/index.php\/wp-json\/wp\/v2\/categories?post=83570"},{"taxonomy":"post_tag","embeddable":true,"href":"https:\/\/nitu.mx\/index.php\/wp-json\/wp\/v2\/tags?post=83570"}],"curies":[{"name":"wp","href":"https:\/\/api.w.org\/{rel}","templated":true}]}}