{"id":83558,"date":"2025-09-21T18:00:00","date_gmt":"2025-09-22T00:00:00","guid":{"rendered":"https:\/\/nitu.mx\/?p=83558"},"modified":"2025-09-21T14:26:08","modified_gmt":"2025-09-21T20:26:08","slug":"los-cabos-alista-su-participacion-en-la-fit-2025-de-buenos-aires","status":"publish","type":"post","link":"https:\/\/nitu.mx\/index.php\/2025\/09\/21\/los-cabos-alista-su-participacion-en-la-fit-2025-de-buenos-aires\/","title":{"rendered":"Los Cabos alista su participaci\u00f3n en la FIT 2025 de Buenos Aires"},"content":{"rendered":"\n<p>El Fideicomiso de Turismo de Los Cabos (FITURCA) participar\u00e1 en la Feria Internacional de Turismo (FIT), que se llevar\u00e1 a cabo del 27 al 30 de septiembre de 2025 en Buenos Aires.<\/p>\n\n\n\n<p>Este evento forma parte del plan de promoci\u00f3n internacional de FITURCA para el presente a\u00f1o, con el objetivo de consolidar a Los Cabos como uno de los destinos de alto nivel en Am\u00e9rica Latina. <\/p>\n\n\n\n<p>La FIT es uno de los principales encuentros de la industria tur\u00edstica de la regi\u00f3n. Durante cuatro d\u00edas, las empresas m\u00e1s relevantes, destinos y proveedores del sector se reunir\u00e1n en un mismo espacio para fortalecer v\u00ednculos y proyectar el crecimiento de la industria.<\/p>\n\n\n\n<p>Los Cabos contar\u00e1 con un espacio propio dentro del stand de M\u00e9xico, donde tanto el p\u00fablico general como los profesionales del sector podr\u00e1n conocer la amplia oferta del destino: una combinaci\u00f3n \u00fanica de cultura, arte, gastronom\u00eda, naturaleza, lujo y bienestar.<\/p>\n\n\n\n<p>Representando a FITURCA asistir\u00e1n Juana Ortiz Basso, Directora Comercial, y Cecilia Ghiraldo Peart, Directora de Marketing &amp; Partnerships, quienes desarrollar\u00e1n una intensa agenda de trabajo con operadores, agentes de viajes y medios de comunicaci\u00f3n, con el objetivo de amplificar el posicionamiento de Los Cabos en Am\u00e9rica Latina. <\/p>\n\n\n\n<p>La FIT ser\u00e1 tambi\u00e9n la ocasi\u00f3n ideal para difundir la nueva ruta directa Panam\u00e1\u2013Los Cabos, operada por Copa Airlines. A partir del 4 de diciembre de 2025, la aerol\u00ednea ofrecer\u00e1 tres frecuencias semanales, fortaleciendo la conectividad entre Latinoam\u00e9rica y este destino de primera categor\u00eda.<\/p>\n\n\n\n<p>Con esta nueva conexi\u00f3n a\u00e9rea, Los Cabos se consolida como un destino accesible, conectado y cada vez m\u00e1s atractivo para el mercado latinoamericano. (<a href=\"https:\/\/nitu.mx\/index.php\/2025\/09\/18\/los-cabos-sede-del-simposio-de-viajes-lgbtq-de-iglta-destaca-crecimiento-del-turismo-inclusivo\/\">Los Cabos, sede del Simposio de Viajes LGBTQ+ de IGLTA, destaca crecimiento del turismo inclusivo<\/a>).<\/p>\n","protected":false},"excerpt":{"rendered":"<p>El Fideicomiso de Turismo de Los Cabos (FITURCA) participar\u00e1 en la Feria Internacional de Turismo (FIT), que se llevar\u00e1 a cabo del 27 al 30 de septiembre de 2025 en Buenos Aires. Este evento forma parte del plan de promoci\u00f3n internacional de FITURCA para el presente a\u00f1o, con el objetivo de consolidar a Los Cabos [&hellip;]<\/p>\n","protected":false},"author":17,"featured_media":83560,"comment_status":"closed","ping_status":"closed","sticky":false,"template":"","format":"standard","meta":{"footnotes":""},"categories":[5],"tags":[221,1864,6475,1443,130],"yoast_head":"<!-- This site is optimized with the Yoast SEO plugin v22.2 - https:\/\/yoast.com\/wordpress\/plugins\/seo\/ -->\n<title>Los Cabos alista su participaci\u00f3n en la FIT 2025 de Buenos Aires - Nitu - Noticias de la Industria Turistica<\/title>\n<meta name=\"robots\" content=\"index, follow, max-snippet:-1, max-image-preview:large, max-video-preview:-1\" \/>\n<link rel=\"canonical\" href=\"https:\/\/nitu.mx\/index.php\/2025\/09\/21\/los-cabos-alista-su-participacion-en-la-fit-2025-de-buenos-aires\/\" \/>\n<meta name=\"twitter:card\" content=\"summary_large_image\" \/>\n<meta name=\"twitter:title\" content=\"Los Cabos alista su participaci\u00f3n en la FIT 2025 de Buenos Aires - Nitu - Noticias de la Industria Turistica\" \/>\n<meta name=\"twitter:description\" content=\"El Fideicomiso de Turismo de Los Cabos (FITURCA) participar\u00e1 en la Feria Internacional de Turismo (FIT), que se llevar\u00e1 a cabo del 27 al 30 de septiembre de 2025 en Buenos Aires. Este evento forma parte del plan de promoci\u00f3n internacional de FITURCA para el presente a\u00f1o, con el objetivo de consolidar a Los Cabos [&hellip;]\" \/>\n<meta name=\"twitter:image\" content=\"https:\/\/nitu.mx\/wp-content\/uploads\/2025\/09\/Los-Cabos-2.jpg\" \/>\n<meta name=\"twitter:creator\" content=\"@NITUmx\" \/>\n<meta name=\"twitter:site\" content=\"@Arturo_Medina_G\" \/>\n<meta name=\"twitter:label1\" content=\"Escrito por\" \/>\n\t<meta name=\"twitter:data1\" content=\"Redacci\u00f3n\" \/>\n\t<meta name=\"twitter:label2\" content=\"Tiempo de lectura\" \/>\n\t<meta name=\"twitter:data2\" content=\"2 minutos\" \/>\n<script type=\"application\/ld+json\" class=\"yoast-schema-graph\">{\"@context\":\"https:\/\/schema.org\",\"@graph\":[{\"@type\":\"Article\",\"@id\":\"https:\/\/nitu.mx\/index.php\/2025\/09\/21\/los-cabos-alista-su-participacion-en-la-fit-2025-de-buenos-aires\/#article\",\"isPartOf\":{\"@id\":\"https:\/\/nitu.mx\/index.php\/2025\/09\/21\/los-cabos-alista-su-participacion-en-la-fit-2025-de-buenos-aires\/\"},\"author\":{\"name\":\"Redacci\u00f3n\",\"@id\":\"https:\/\/nitu.mx\/#\/schema\/person\/4a28fe9bd65924f7c90623773daf1b0b\"},\"headline\":\"Los Cabos alista su participaci\u00f3n en la FIT 2025 de Buenos Aires\",\"datePublished\":\"2025-09-22T00:00:00+00:00\",\"dateModified\":\"2025-09-21T20:26:08+00:00\",\"mainEntityOfPage\":{\"@id\":\"https:\/\/nitu.mx\/index.php\/2025\/09\/21\/los-cabos-alista-su-participacion-en-la-fit-2025-de-buenos-aires\/\"},\"wordCount\":312,\"publisher\":{\"@id\":\"https:\/\/nitu.mx\/#\/schema\/person\/ae7a53426417292d3dd07b45a33e01bc\"},\"image\":{\"@id\":\"https:\/\/nitu.mx\/index.php\/2025\/09\/21\/los-cabos-alista-su-participacion-en-la-fit-2025-de-buenos-aires\/#primaryimage\"},\"thumbnailUrl\":\"https:\/\/nitu.mx\/wp-content\/uploads\/2025\/09\/Los-Cabos-2.jpg\",\"keywords\":[\"Argentina\",\"Buenos Aires\",\"FIT\",\"Fiturca\",\"Los Cabos\"],\"articleSection\":[\"Destinos\"],\"inLanguage\":\"es-MX\"},{\"@type\":\"WebPage\",\"@id\":\"https:\/\/nitu.mx\/index.php\/2025\/09\/21\/los-cabos-alista-su-participacion-en-la-fit-2025-de-buenos-aires\/\",\"url\":\"https:\/\/nitu.mx\/index.php\/2025\/09\/21\/los-cabos-alista-su-participacion-en-la-fit-2025-de-buenos-aires\/\",\"name\":\"Los Cabos alista su participaci\u00f3n en la FIT 2025 de Buenos Aires - Nitu - Noticias de la Industria Turistica\",\"isPartOf\":{\"@id\":\"https:\/\/nitu.mx\/#website\"},\"primaryImageOfPage\":{\"@id\":\"https:\/\/nitu.mx\/index.php\/2025\/09\/21\/los-cabos-alista-su-participacion-en-la-fit-2025-de-buenos-aires\/#primaryimage\"},\"image\":{\"@id\":\"https:\/\/nitu.mx\/index.php\/2025\/09\/21\/los-cabos-alista-su-participacion-en-la-fit-2025-de-buenos-aires\/#primaryimage\"},\"thumbnailUrl\":\"https:\/\/nitu.mx\/wp-content\/uploads\/2025\/09\/Los-Cabos-2.jpg\",\"datePublished\":\"2025-09-22T00:00:00+00:00\",\"dateModified\":\"2025-09-21T20:26:08+00:00\",\"breadcrumb\":{\"@id\":\"https:\/\/nitu.mx\/index.php\/2025\/09\/21\/los-cabos-alista-su-participacion-en-la-fit-2025-de-buenos-aires\/#breadcrumb\"},\"inLanguage\":\"es-MX\",\"potentialAction\":[{\"@type\":\"ReadAction\",\"target\":[\"https:\/\/nitu.mx\/index.php\/2025\/09\/21\/los-cabos-alista-su-participacion-en-la-fit-2025-de-buenos-aires\/\"]}]},{\"@type\":\"ImageObject\",\"inLanguage\":\"es-MX\",\"@id\":\"https:\/\/nitu.mx\/index.php\/2025\/09\/21\/los-cabos-alista-su-participacion-en-la-fit-2025-de-buenos-aires\/#primaryimage\",\"url\":\"https:\/\/nitu.mx\/wp-content\/uploads\/2025\/09\/Los-Cabos-2.jpg\",\"contentUrl\":\"https:\/\/nitu.mx\/wp-content\/uploads\/2025\/09\/Los-Cabos-2.jpg\",\"width\":1200,\"height\":675,\"caption\":\"Los Cabos 2\"},{\"@type\":\"BreadcrumbList\",\"@id\":\"https:\/\/nitu.mx\/index.php\/2025\/09\/21\/los-cabos-alista-su-participacion-en-la-fit-2025-de-buenos-aires\/#breadcrumb\",\"itemListElement\":[{\"@type\":\"ListItem\",\"position\":1,\"name\":\"Inicio\",\"item\":\"https:\/\/nitu.mx\/\"},{\"@type\":\"ListItem\",\"position\":2,\"name\":\"Los Cabos alista su participaci\u00f3n en la FIT 2025 de Buenos Aires\"}]},{\"@type\":\"WebSite\",\"@id\":\"https:\/\/nitu.mx\/#website\",\"url\":\"https:\/\/nitu.mx\/\",\"name\":\"Nitu - Noticias de la Industria Turistica\",\"description\":\"Noticias de la Industria Turistica\",\"publisher\":{\"@id\":\"https:\/\/nitu.mx\/#\/schema\/person\/ae7a53426417292d3dd07b45a33e01bc\"},\"alternateName\":\"Noticias de la Industria Turistica\",\"potentialAction\":[{\"@type\":\"SearchAction\",\"target\":{\"@type\":\"EntryPoint\",\"urlTemplate\":\"https:\/\/nitu.mx\/?s={search_term_string}\"},\"query-input\":\"required name=search_term_string\"}],\"inLanguage\":\"es-MX\"},{\"@type\":[\"Person\",\"Organization\"],\"@id\":\"https:\/\/nitu.mx\/#\/schema\/person\/ae7a53426417292d3dd07b45a33e01bc\",\"name\":\"Arturo Medina\",\"image\":{\"@type\":\"ImageObject\",\"inLanguage\":\"es-MX\",\"@id\":\"https:\/\/nitu.mx\/#\/schema\/person\/image\/\",\"url\":\"https:\/\/nitu.mx\/wp-content\/uploads\/2024\/04\/4A315622-1904-4D5C-B022-878CDC840E04-90x90-1.jpeg\",\"contentUrl\":\"https:\/\/nitu.mx\/wp-content\/uploads\/2024\/04\/4A315622-1904-4D5C-B022-878CDC840E04-90x90-1.jpeg\",\"width\":90,\"height\":90,\"caption\":\"Arturo Medina\"},\"logo\":{\"@id\":\"https:\/\/nitu.mx\/#\/schema\/person\/image\/\"},\"description\":\"Director NITU.mx, Egresado de la Escuela de Periodismo Carlos Septi\u00e9n Garc\u00eda. Periodista y analista especializado en turismo desde hace 35 a\u00f1os, radicado en Canc\u00fan Q.Roo. arturo@nitu.mx\",\"sameAs\":[\"https:\/\/nitu.mx\",\"https:\/\/www.facebook.com\/NITUmx\/\",\"medinacancun\",\"https:\/\/twitter.com\/@Arturo_Medina_G\"]},{\"@type\":\"Person\",\"@id\":\"https:\/\/nitu.mx\/#\/schema\/person\/4a28fe9bd65924f7c90623773daf1b0b\",\"name\":\"Redacci\u00f3n\",\"image\":{\"@type\":\"ImageObject\",\"inLanguage\":\"es-MX\",\"@id\":\"https:\/\/nitu.mx\/#\/schema\/person\/image\/\",\"url\":\"https:\/\/secure.gravatar.com\/avatar\/5dd011c8ccfc5cd7e4c81e42252aab38?s=96&d=mm&r=g\",\"contentUrl\":\"https:\/\/secure.gravatar.com\/avatar\/5dd011c8ccfc5cd7e4c81e42252aab38?s=96&d=mm&r=g\",\"caption\":\"Redacci\u00f3n\"},\"url\":\"https:\/\/nitu.mx\/index.php\/author\/redaccion\/\"}]}<\/script>\n<!-- \/ Yoast SEO plugin. -->","yoast_head_json":{"title":"Los Cabos alista su participaci\u00f3n en la FIT 2025 de Buenos Aires - Nitu - Noticias de la Industria Turistica","robots":{"index":"index","follow":"follow","max-snippet":"max-snippet:-1","max-image-preview":"max-image-preview:large","max-video-preview":"max-video-preview:-1"},"canonical":"https:\/\/nitu.mx\/index.php\/2025\/09\/21\/los-cabos-alista-su-participacion-en-la-fit-2025-de-buenos-aires\/","twitter_card":"summary_large_image","twitter_title":"Los Cabos alista su participaci\u00f3n en la FIT 2025 de Buenos Aires - Nitu - Noticias de la Industria Turistica","twitter_description":"El Fideicomiso de Turismo de Los Cabos (FITURCA) participar\u00e1 en la Feria Internacional de Turismo (FIT), que se llevar\u00e1 a cabo del 27 al 30 de septiembre de 2025 en Buenos Aires. Este evento forma parte del plan de promoci\u00f3n internacional de FITURCA para el presente a\u00f1o, con el objetivo de consolidar a Los Cabos [&hellip;]","twitter_image":"https:\/\/nitu.mx\/wp-content\/uploads\/2025\/09\/Los-Cabos-2.jpg","twitter_creator":"@NITUmx","twitter_site":"@Arturo_Medina_G","twitter_misc":{"Escrito por":"Redacci\u00f3n","Tiempo de lectura":"2 minutos"},"schema":{"@context":"https:\/\/schema.org","@graph":[{"@type":"Article","@id":"https:\/\/nitu.mx\/index.php\/2025\/09\/21\/los-cabos-alista-su-participacion-en-la-fit-2025-de-buenos-aires\/#article","isPartOf":{"@id":"https:\/\/nitu.mx\/index.php\/2025\/09\/21\/los-cabos-alista-su-participacion-en-la-fit-2025-de-buenos-aires\/"},"author":{"name":"Redacci\u00f3n","@id":"https:\/\/nitu.mx\/#\/schema\/person\/4a28fe9bd65924f7c90623773daf1b0b"},"headline":"Los Cabos alista su participaci\u00f3n en la FIT 2025 de Buenos Aires","datePublished":"2025-09-22T00:00:00+00:00","dateModified":"2025-09-21T20:26:08+00:00","mainEntityOfPage":{"@id":"https:\/\/nitu.mx\/index.php\/2025\/09\/21\/los-cabos-alista-su-participacion-en-la-fit-2025-de-buenos-aires\/"},"wordCount":312,"publisher":{"@id":"https:\/\/nitu.mx\/#\/schema\/person\/ae7a53426417292d3dd07b45a33e01bc"},"image":{"@id":"https:\/\/nitu.mx\/index.php\/2025\/09\/21\/los-cabos-alista-su-participacion-en-la-fit-2025-de-buenos-aires\/#primaryimage"},"thumbnailUrl":"https:\/\/nitu.mx\/wp-content\/uploads\/2025\/09\/Los-Cabos-2.jpg","keywords":["Argentina","Buenos Aires","FIT","Fiturca","Los Cabos"],"articleSection":["Destinos"],"inLanguage":"es-MX"},{"@type":"WebPage","@id":"https:\/\/nitu.mx\/index.php\/2025\/09\/21\/los-cabos-alista-su-participacion-en-la-fit-2025-de-buenos-aires\/","url":"https:\/\/nitu.mx\/index.php\/2025\/09\/21\/los-cabos-alista-su-participacion-en-la-fit-2025-de-buenos-aires\/","name":"Los Cabos alista su participaci\u00f3n en la FIT 2025 de Buenos Aires - Nitu - Noticias de la Industria Turistica","isPartOf":{"@id":"https:\/\/nitu.mx\/#website"},"primaryImageOfPage":{"@id":"https:\/\/nitu.mx\/index.php\/2025\/09\/21\/los-cabos-alista-su-participacion-en-la-fit-2025-de-buenos-aires\/#primaryimage"},"image":{"@id":"https:\/\/nitu.mx\/index.php\/2025\/09\/21\/los-cabos-alista-su-participacion-en-la-fit-2025-de-buenos-aires\/#primaryimage"},"thumbnailUrl":"https:\/\/nitu.mx\/wp-content\/uploads\/2025\/09\/Los-Cabos-2.jpg","datePublished":"2025-09-22T00:00:00+00:00","dateModified":"2025-09-21T20:26:08+00:00","breadcrumb":{"@id":"https:\/\/nitu.mx\/index.php\/2025\/09\/21\/los-cabos-alista-su-participacion-en-la-fit-2025-de-buenos-aires\/#breadcrumb"},"inLanguage":"es-MX","potentialAction":[{"@type":"ReadAction","target":["https:\/\/nitu.mx\/index.php\/2025\/09\/21\/los-cabos-alista-su-participacion-en-la-fit-2025-de-buenos-aires\/"]}]},{"@type":"ImageObject","inLanguage":"es-MX","@id":"https:\/\/nitu.mx\/index.php\/2025\/09\/21\/los-cabos-alista-su-participacion-en-la-fit-2025-de-buenos-aires\/#primaryimage","url":"https:\/\/nitu.mx\/wp-content\/uploads\/2025\/09\/Los-Cabos-2.jpg","contentUrl":"https:\/\/nitu.mx\/wp-content\/uploads\/2025\/09\/Los-Cabos-2.jpg","width":1200,"height":675,"caption":"Los Cabos 2"},{"@type":"BreadcrumbList","@id":"https:\/\/nitu.mx\/index.php\/2025\/09\/21\/los-cabos-alista-su-participacion-en-la-fit-2025-de-buenos-aires\/#breadcrumb","itemListElement":[{"@type":"ListItem","position":1,"name":"Inicio","item":"https:\/\/nitu.mx\/"},{"@type":"ListItem","position":2,"name":"Los Cabos alista su participaci\u00f3n en la FIT 2025 de Buenos Aires"}]},{"@type":"WebSite","@id":"https:\/\/nitu.mx\/#website","url":"https:\/\/nitu.mx\/","name":"Nitu - Noticias de la Industria Turistica","description":"Noticias de la Industria Turistica","publisher":{"@id":"https:\/\/nitu.mx\/#\/schema\/person\/ae7a53426417292d3dd07b45a33e01bc"},"alternateName":"Noticias de la Industria Turistica","potentialAction":[{"@type":"SearchAction","target":{"@type":"EntryPoint","urlTemplate":"https:\/\/nitu.mx\/?s={search_term_string}"},"query-input":"required name=search_term_string"}],"inLanguage":"es-MX"},{"@type":["Person","Organization"],"@id":"https:\/\/nitu.mx\/#\/schema\/person\/ae7a53426417292d3dd07b45a33e01bc","name":"Arturo Medina","image":{"@type":"ImageObject","inLanguage":"es-MX","@id":"https:\/\/nitu.mx\/#\/schema\/person\/image\/","url":"https:\/\/nitu.mx\/wp-content\/uploads\/2024\/04\/4A315622-1904-4D5C-B022-878CDC840E04-90x90-1.jpeg","contentUrl":"https:\/\/nitu.mx\/wp-content\/uploads\/2024\/04\/4A315622-1904-4D5C-B022-878CDC840E04-90x90-1.jpeg","width":90,"height":90,"caption":"Arturo Medina"},"logo":{"@id":"https:\/\/nitu.mx\/#\/schema\/person\/image\/"},"description":"Director NITU.mx, Egresado de la Escuela de Periodismo Carlos Septi\u00e9n Garc\u00eda. Periodista y analista especializado en turismo desde hace 35 a\u00f1os, radicado en Canc\u00fan Q.Roo. arturo@nitu.mx","sameAs":["https:\/\/nitu.mx","https:\/\/www.facebook.com\/NITUmx\/","medinacancun","https:\/\/twitter.com\/@Arturo_Medina_G"]},{"@type":"Person","@id":"https:\/\/nitu.mx\/#\/schema\/person\/4a28fe9bd65924f7c90623773daf1b0b","name":"Redacci\u00f3n","image":{"@type":"ImageObject","inLanguage":"es-MX","@id":"https:\/\/nitu.mx\/#\/schema\/person\/image\/","url":"https:\/\/secure.gravatar.com\/avatar\/5dd011c8ccfc5cd7e4c81e42252aab38?s=96&d=mm&r=g","contentUrl":"https:\/\/secure.gravatar.com\/avatar\/5dd011c8ccfc5cd7e4c81e42252aab38?s=96&d=mm&r=g","caption":"Redacci\u00f3n"},"url":"https:\/\/nitu.mx\/index.php\/author\/redaccion\/"}]}},"views":546,"_links":{"self":[{"href":"https:\/\/nitu.mx\/index.php\/wp-json\/wp\/v2\/posts\/83558"}],"collection":[{"href":"https:\/\/nitu.mx\/index.php\/wp-json\/wp\/v2\/posts"}],"about":[{"href":"https:\/\/nitu.mx\/index.php\/wp-json\/wp\/v2\/types\/post"}],"author":[{"embeddable":true,"href":"https:\/\/nitu.mx\/index.php\/wp-json\/wp\/v2\/users\/17"}],"replies":[{"embeddable":true,"href":"https:\/\/nitu.mx\/index.php\/wp-json\/wp\/v2\/comments?post=83558"}],"version-history":[{"count":1,"href":"https:\/\/nitu.mx\/index.php\/wp-json\/wp\/v2\/posts\/83558\/revisions"}],"predecessor-version":[{"id":83561,"href":"https:\/\/nitu.mx\/index.php\/wp-json\/wp\/v2\/posts\/83558\/revisions\/83561"}],"wp:featuredmedia":[{"embeddable":true,"href":"https:\/\/nitu.mx\/index.php\/wp-json\/wp\/v2\/media\/83560"}],"wp:attachment":[{"href":"https:\/\/nitu.mx\/index.php\/wp-json\/wp\/v2\/media?parent=83558"}],"wp:term":[{"taxonomy":"category","embeddable":true,"href":"https:\/\/nitu.mx\/index.php\/wp-json\/wp\/v2\/categories?post=83558"},{"taxonomy":"post_tag","embeddable":true,"href":"https:\/\/nitu.mx\/index.php\/wp-json\/wp\/v2\/tags?post=83558"}],"curies":[{"name":"wp","href":"https:\/\/api.w.org\/{rel}","templated":true}]}}