{"id":83544,"date":"2025-09-18T21:00:00","date_gmt":"2025-09-19T03:00:00","guid":{"rendered":"https:\/\/nitu.mx\/?p=83544"},"modified":"2025-09-18T19:30:14","modified_gmt":"2025-09-19T01:30:14","slug":"volaris-resalta-su-papel-en-la-conectividad-internacional-durante-la-world-travel-expo-en-miami","status":"publish","type":"post","link":"https:\/\/nitu.mx\/index.php\/2025\/09\/18\/volaris-resalta-su-papel-en-la-conectividad-internacional-durante-la-world-travel-expo-en-miami\/","title":{"rendered":"Volaris resalta su papel en la conectividad internacional durante la \u201cWorld Travel Expo\u201d en Miami"},"content":{"rendered":"\n<p>Volaris particip\u00f3 el 17 y 18 de septiembre, en la ciudad de Miami, Florida, en el \u201cWorld Travel Expo(WTE)\u201d, una de las ferias m\u00e1s importantes que promueven el desarrollo de las industrias de la aviaci\u00f3n y el turismo a nivel mundial.<\/p>\n\n\n\n<p>En esta edici\u00f3n participaron m\u00e1s de 500 expositores y 5 mil profesionales de la industria de viajes, como operadores tur\u00edsticos, agentes de viajes, aerol\u00edneas, hoteles, complejos tur\u00edsticos y organizaciones de mercadotecnia de destinos interesados \u200b\u200ben explorar mejores alternativas de viaje y conocer nuevos destinos entre Miami y otros pa\u00edses, incluido M\u00e9xico.<\/p>\n\n\n\n<p>En el WTE Volaris reafirm\u00f3 su compromiso de seguir impulsando la conectividad a\u00e9rea, priorizando aquellos destinos que representan oportunidades de crecimiento tur\u00edstico y empresarial, con el objetivo de ser el puente que une a familias y seres queridos a lo largo de distintas latitudes.<\/p>\n\n\n\n<p>Volaris inici\u00f3 sus operaciones en Miami en 2017, y actualmente opera 5 rutas que conectan a ese destino con las ciudades de M\u00e9xico y Guadalajara, en M\u00e9xico; San Pedro Sula, en Honduras; San Salvador, en El Salvador y desde el pasado 5 de julio San Jos\u00e9, Costa Rica.<\/p>\n\n\n\n<p>\u201cEn Volaris celebramos los objetivos que hemos definido y alcanzado dentro de nuestra estrategia de conectividad entre M\u00e9xico, Centroam\u00e9rica y Estados Unidos. Un ejemplo clave es Miami, Florida, reconocida como la principal puerta de entrada a Estados Unidos desde Am\u00e9rica Latina y que representa un punto estrat\u00e9gico en nuestra red de rutas\u201d, se\u00f1al\u00f3 Fernanda Pereda, gerente de Ventas y Desarrollo de Mercados USA de Volaris.<\/p>\n\n\n\n<p>\u201cQueremos expresar nuestro reconocimiento a la Agencia de Promoci\u00f3n Tur\u00edstica de Centroam\u00e9rica (CATA) y a la feria World Travel Expo, cuyo respaldo ha sido fundamental para impulsar el turismo y los viajes entre Florida y nuestras ciudades hermanas en M\u00e9xico y Centroam\u00e9rica. Gracias a este esfuerzo conjunto, nuestros clientes podr\u00e1n acceder a m\u00e1s y mejores opciones de conectividad\u201d, a\u00f1adi\u00f3 Fernanda Pereda. (<a href=\"https:\/\/nitu.mx\/index.php\/2025\/09\/09\/volaris-presenta-su-avion-150-y-anuncia-5-nuevas-rutas-desde-guadalajara\/\">Volaris presenta su avi\u00f3n 150 y anuncia 5 nuevas rutas desde Guadalajara<\/a>).<\/p>\n","protected":false},"excerpt":{"rendered":"<p>Volaris particip\u00f3 el 17 y 18 de septiembre, en la ciudad de Miami, Florida, en el \u201cWorld Travel Expo(WTE)\u201d, una de las ferias m\u00e1s importantes que promueven el desarrollo de las industrias de la aviaci\u00f3n y el turismo a nivel mundial. En esta edici\u00f3n participaron m\u00e1s de 500 expositores y 5 mil profesionales de la [&hellip;]<\/p>\n","protected":false},"author":17,"featured_media":80446,"comment_status":"closed","ping_status":"closed","sticky":false,"template":"","format":"standard","meta":{"footnotes":""},"categories":[29],"tags":[27688,154,131,27689],"yoast_head":"<!-- This site is optimized with the Yoast SEO plugin v22.2 - https:\/\/yoast.com\/wordpress\/plugins\/seo\/ -->\n<title>Volaris resalta su papel en la conectividad internacional durante la \u201cWorld Travel Expo\u201d en Miami - Nitu - Noticias de la Industria Turistica<\/title>\n<meta name=\"robots\" content=\"index, follow, max-snippet:-1, max-image-preview:large, max-video-preview:-1\" \/>\n<link rel=\"canonical\" href=\"https:\/\/nitu.mx\/index.php\/2025\/09\/18\/volaris-resalta-su-papel-en-la-conectividad-internacional-durante-la-world-travel-expo-en-miami\/\" \/>\n<meta name=\"twitter:card\" content=\"summary_large_image\" \/>\n<meta name=\"twitter:title\" content=\"Volaris resalta su papel en la conectividad internacional durante la \u201cWorld Travel Expo\u201d en Miami - Nitu - Noticias de la Industria Turistica\" \/>\n<meta name=\"twitter:description\" content=\"Volaris particip\u00f3 el 17 y 18 de septiembre, en la ciudad de Miami, Florida, en el \u201cWorld Travel Expo(WTE)\u201d, una de las ferias m\u00e1s importantes que promueven el desarrollo de las industrias de la aviaci\u00f3n y el turismo a nivel mundial. En esta edici\u00f3n participaron m\u00e1s de 500 expositores y 5 mil profesionales de la [&hellip;]\" \/>\n<meta name=\"twitter:image\" content=\"https:\/\/nitu.mx\/wp-content\/uploads\/2025\/04\/Aeropuerto-DFW-vuelo-de-Monterrey-Volaris.jpg\" \/>\n<meta name=\"twitter:creator\" content=\"@NITUmx\" \/>\n<meta name=\"twitter:site\" content=\"@Arturo_Medina_G\" \/>\n<meta name=\"twitter:label1\" content=\"Escrito por\" \/>\n\t<meta name=\"twitter:data1\" content=\"Redacci\u00f3n\" \/>\n\t<meta name=\"twitter:label2\" content=\"Tiempo de lectura\" \/>\n\t<meta name=\"twitter:data2\" content=\"2 minutos\" \/>\n<script type=\"application\/ld+json\" class=\"yoast-schema-graph\">{\"@context\":\"https:\/\/schema.org\",\"@graph\":[{\"@type\":\"Article\",\"@id\":\"https:\/\/nitu.mx\/index.php\/2025\/09\/18\/volaris-resalta-su-papel-en-la-conectividad-internacional-durante-la-world-travel-expo-en-miami\/#article\",\"isPartOf\":{\"@id\":\"https:\/\/nitu.mx\/index.php\/2025\/09\/18\/volaris-resalta-su-papel-en-la-conectividad-internacional-durante-la-world-travel-expo-en-miami\/\"},\"author\":{\"name\":\"Redacci\u00f3n\",\"@id\":\"https:\/\/nitu.mx\/#\/schema\/person\/4a28fe9bd65924f7c90623773daf1b0b\"},\"headline\":\"Volaris resalta su papel en la conectividad internacional durante la \u201cWorld Travel Expo\u201d en Miami\",\"datePublished\":\"2025-09-19T03:00:00+00:00\",\"dateModified\":\"2025-09-19T01:30:14+00:00\",\"mainEntityOfPage\":{\"@id\":\"https:\/\/nitu.mx\/index.php\/2025\/09\/18\/volaris-resalta-su-papel-en-la-conectividad-internacional-durante-la-world-travel-expo-en-miami\/\"},\"wordCount\":356,\"publisher\":{\"@id\":\"https:\/\/nitu.mx\/#\/schema\/person\/ae7a53426417292d3dd07b45a33e01bc\"},\"image\":{\"@id\":\"https:\/\/nitu.mx\/index.php\/2025\/09\/18\/volaris-resalta-su-papel-en-la-conectividad-internacional-durante-la-world-travel-expo-en-miami\/#primaryimage\"},\"thumbnailUrl\":\"https:\/\/nitu.mx\/wp-content\/uploads\/2025\/04\/Aeropuerto-DFW-vuelo-de-Monterrey-Volaris.jpg\",\"keywords\":[\"Fernanda Pereda\",\"Miami\",\"Volaris\",\"World Travel Expo\"],\"articleSection\":[\"Aerol\u00edneas\"],\"inLanguage\":\"es-MX\"},{\"@type\":\"WebPage\",\"@id\":\"https:\/\/nitu.mx\/index.php\/2025\/09\/18\/volaris-resalta-su-papel-en-la-conectividad-internacional-durante-la-world-travel-expo-en-miami\/\",\"url\":\"https:\/\/nitu.mx\/index.php\/2025\/09\/18\/volaris-resalta-su-papel-en-la-conectividad-internacional-durante-la-world-travel-expo-en-miami\/\",\"name\":\"Volaris resalta su papel en la conectividad internacional durante la \u201cWorld Travel Expo\u201d en Miami - Nitu - Noticias de la Industria Turistica\",\"isPartOf\":{\"@id\":\"https:\/\/nitu.mx\/#website\"},\"primaryImageOfPage\":{\"@id\":\"https:\/\/nitu.mx\/index.php\/2025\/09\/18\/volaris-resalta-su-papel-en-la-conectividad-internacional-durante-la-world-travel-expo-en-miami\/#primaryimage\"},\"image\":{\"@id\":\"https:\/\/nitu.mx\/index.php\/2025\/09\/18\/volaris-resalta-su-papel-en-la-conectividad-internacional-durante-la-world-travel-expo-en-miami\/#primaryimage\"},\"thumbnailUrl\":\"https:\/\/nitu.mx\/wp-content\/uploads\/2025\/04\/Aeropuerto-DFW-vuelo-de-Monterrey-Volaris.jpg\",\"datePublished\":\"2025-09-19T03:00:00+00:00\",\"dateModified\":\"2025-09-19T01:30:14+00:00\",\"breadcrumb\":{\"@id\":\"https:\/\/nitu.mx\/index.php\/2025\/09\/18\/volaris-resalta-su-papel-en-la-conectividad-internacional-durante-la-world-travel-expo-en-miami\/#breadcrumb\"},\"inLanguage\":\"es-MX\",\"potentialAction\":[{\"@type\":\"ReadAction\",\"target\":[\"https:\/\/nitu.mx\/index.php\/2025\/09\/18\/volaris-resalta-su-papel-en-la-conectividad-internacional-durante-la-world-travel-expo-en-miami\/\"]}]},{\"@type\":\"ImageObject\",\"inLanguage\":\"es-MX\",\"@id\":\"https:\/\/nitu.mx\/index.php\/2025\/09\/18\/volaris-resalta-su-papel-en-la-conectividad-internacional-durante-la-world-travel-expo-en-miami\/#primaryimage\",\"url\":\"https:\/\/nitu.mx\/wp-content\/uploads\/2025\/04\/Aeropuerto-DFW-vuelo-de-Monterrey-Volaris.jpg\",\"contentUrl\":\"https:\/\/nitu.mx\/wp-content\/uploads\/2025\/04\/Aeropuerto-DFW-vuelo-de-Monterrey-Volaris.jpg\",\"width\":1200,\"height\":675,\"caption\":\"Aeropuerto DFW vuelo de Monterrey Volaris\"},{\"@type\":\"BreadcrumbList\",\"@id\":\"https:\/\/nitu.mx\/index.php\/2025\/09\/18\/volaris-resalta-su-papel-en-la-conectividad-internacional-durante-la-world-travel-expo-en-miami\/#breadcrumb\",\"itemListElement\":[{\"@type\":\"ListItem\",\"position\":1,\"name\":\"Inicio\",\"item\":\"https:\/\/nitu.mx\/\"},{\"@type\":\"ListItem\",\"position\":2,\"name\":\"Volaris resalta su papel en la conectividad internacional durante la \u201cWorld Travel Expo\u201d en Miami\"}]},{\"@type\":\"WebSite\",\"@id\":\"https:\/\/nitu.mx\/#website\",\"url\":\"https:\/\/nitu.mx\/\",\"name\":\"Nitu - Noticias de la Industria Turistica\",\"description\":\"Noticias de la Industria Turistica\",\"publisher\":{\"@id\":\"https:\/\/nitu.mx\/#\/schema\/person\/ae7a53426417292d3dd07b45a33e01bc\"},\"alternateName\":\"Noticias de la Industria Turistica\",\"potentialAction\":[{\"@type\":\"SearchAction\",\"target\":{\"@type\":\"EntryPoint\",\"urlTemplate\":\"https:\/\/nitu.mx\/?s={search_term_string}\"},\"query-input\":\"required name=search_term_string\"}],\"inLanguage\":\"es-MX\"},{\"@type\":[\"Person\",\"Organization\"],\"@id\":\"https:\/\/nitu.mx\/#\/schema\/person\/ae7a53426417292d3dd07b45a33e01bc\",\"name\":\"Arturo Medina\",\"image\":{\"@type\":\"ImageObject\",\"inLanguage\":\"es-MX\",\"@id\":\"https:\/\/nitu.mx\/#\/schema\/person\/image\/\",\"url\":\"https:\/\/nitu.mx\/wp-content\/uploads\/2024\/04\/4A315622-1904-4D5C-B022-878CDC840E04-90x90-1.jpeg\",\"contentUrl\":\"https:\/\/nitu.mx\/wp-content\/uploads\/2024\/04\/4A315622-1904-4D5C-B022-878CDC840E04-90x90-1.jpeg\",\"width\":90,\"height\":90,\"caption\":\"Arturo Medina\"},\"logo\":{\"@id\":\"https:\/\/nitu.mx\/#\/schema\/person\/image\/\"},\"description\":\"Director NITU.mx, Egresado de la Escuela de Periodismo Carlos Septi\u00e9n Garc\u00eda. Periodista y analista especializado en turismo desde hace 35 a\u00f1os, radicado en Canc\u00fan Q.Roo. arturo@nitu.mx\",\"sameAs\":[\"https:\/\/nitu.mx\",\"https:\/\/www.facebook.com\/NITUmx\/\",\"medinacancun\",\"https:\/\/twitter.com\/@Arturo_Medina_G\"]},{\"@type\":\"Person\",\"@id\":\"https:\/\/nitu.mx\/#\/schema\/person\/4a28fe9bd65924f7c90623773daf1b0b\",\"name\":\"Redacci\u00f3n\",\"image\":{\"@type\":\"ImageObject\",\"inLanguage\":\"es-MX\",\"@id\":\"https:\/\/nitu.mx\/#\/schema\/person\/image\/\",\"url\":\"https:\/\/secure.gravatar.com\/avatar\/5dd011c8ccfc5cd7e4c81e42252aab38?s=96&d=mm&r=g\",\"contentUrl\":\"https:\/\/secure.gravatar.com\/avatar\/5dd011c8ccfc5cd7e4c81e42252aab38?s=96&d=mm&r=g\",\"caption\":\"Redacci\u00f3n\"},\"url\":\"https:\/\/nitu.mx\/index.php\/author\/redaccion\/\"}]}<\/script>\n<!-- \/ Yoast SEO plugin. -->","yoast_head_json":{"title":"Volaris resalta su papel en la conectividad internacional durante la \u201cWorld Travel Expo\u201d en Miami - Nitu - Noticias de la Industria Turistica","robots":{"index":"index","follow":"follow","max-snippet":"max-snippet:-1","max-image-preview":"max-image-preview:large","max-video-preview":"max-video-preview:-1"},"canonical":"https:\/\/nitu.mx\/index.php\/2025\/09\/18\/volaris-resalta-su-papel-en-la-conectividad-internacional-durante-la-world-travel-expo-en-miami\/","twitter_card":"summary_large_image","twitter_title":"Volaris resalta su papel en la conectividad internacional durante la \u201cWorld Travel Expo\u201d en Miami - Nitu - Noticias de la Industria Turistica","twitter_description":"Volaris particip\u00f3 el 17 y 18 de septiembre, en la ciudad de Miami, Florida, en el \u201cWorld Travel Expo(WTE)\u201d, una de las ferias m\u00e1s importantes que promueven el desarrollo de las industrias de la aviaci\u00f3n y el turismo a nivel mundial. En esta edici\u00f3n participaron m\u00e1s de 500 expositores y 5 mil profesionales de la [&hellip;]","twitter_image":"https:\/\/nitu.mx\/wp-content\/uploads\/2025\/04\/Aeropuerto-DFW-vuelo-de-Monterrey-Volaris.jpg","twitter_creator":"@NITUmx","twitter_site":"@Arturo_Medina_G","twitter_misc":{"Escrito por":"Redacci\u00f3n","Tiempo de lectura":"2 minutos"},"schema":{"@context":"https:\/\/schema.org","@graph":[{"@type":"Article","@id":"https:\/\/nitu.mx\/index.php\/2025\/09\/18\/volaris-resalta-su-papel-en-la-conectividad-internacional-durante-la-world-travel-expo-en-miami\/#article","isPartOf":{"@id":"https:\/\/nitu.mx\/index.php\/2025\/09\/18\/volaris-resalta-su-papel-en-la-conectividad-internacional-durante-la-world-travel-expo-en-miami\/"},"author":{"name":"Redacci\u00f3n","@id":"https:\/\/nitu.mx\/#\/schema\/person\/4a28fe9bd65924f7c90623773daf1b0b"},"headline":"Volaris resalta su papel en la conectividad internacional durante la \u201cWorld Travel Expo\u201d en Miami","datePublished":"2025-09-19T03:00:00+00:00","dateModified":"2025-09-19T01:30:14+00:00","mainEntityOfPage":{"@id":"https:\/\/nitu.mx\/index.php\/2025\/09\/18\/volaris-resalta-su-papel-en-la-conectividad-internacional-durante-la-world-travel-expo-en-miami\/"},"wordCount":356,"publisher":{"@id":"https:\/\/nitu.mx\/#\/schema\/person\/ae7a53426417292d3dd07b45a33e01bc"},"image":{"@id":"https:\/\/nitu.mx\/index.php\/2025\/09\/18\/volaris-resalta-su-papel-en-la-conectividad-internacional-durante-la-world-travel-expo-en-miami\/#primaryimage"},"thumbnailUrl":"https:\/\/nitu.mx\/wp-content\/uploads\/2025\/04\/Aeropuerto-DFW-vuelo-de-Monterrey-Volaris.jpg","keywords":["Fernanda Pereda","Miami","Volaris","World Travel Expo"],"articleSection":["Aerol\u00edneas"],"inLanguage":"es-MX"},{"@type":"WebPage","@id":"https:\/\/nitu.mx\/index.php\/2025\/09\/18\/volaris-resalta-su-papel-en-la-conectividad-internacional-durante-la-world-travel-expo-en-miami\/","url":"https:\/\/nitu.mx\/index.php\/2025\/09\/18\/volaris-resalta-su-papel-en-la-conectividad-internacional-durante-la-world-travel-expo-en-miami\/","name":"Volaris resalta su papel en la conectividad internacional durante la \u201cWorld Travel Expo\u201d en Miami - Nitu - Noticias de la Industria Turistica","isPartOf":{"@id":"https:\/\/nitu.mx\/#website"},"primaryImageOfPage":{"@id":"https:\/\/nitu.mx\/index.php\/2025\/09\/18\/volaris-resalta-su-papel-en-la-conectividad-internacional-durante-la-world-travel-expo-en-miami\/#primaryimage"},"image":{"@id":"https:\/\/nitu.mx\/index.php\/2025\/09\/18\/volaris-resalta-su-papel-en-la-conectividad-internacional-durante-la-world-travel-expo-en-miami\/#primaryimage"},"thumbnailUrl":"https:\/\/nitu.mx\/wp-content\/uploads\/2025\/04\/Aeropuerto-DFW-vuelo-de-Monterrey-Volaris.jpg","datePublished":"2025-09-19T03:00:00+00:00","dateModified":"2025-09-19T01:30:14+00:00","breadcrumb":{"@id":"https:\/\/nitu.mx\/index.php\/2025\/09\/18\/volaris-resalta-su-papel-en-la-conectividad-internacional-durante-la-world-travel-expo-en-miami\/#breadcrumb"},"inLanguage":"es-MX","potentialAction":[{"@type":"ReadAction","target":["https:\/\/nitu.mx\/index.php\/2025\/09\/18\/volaris-resalta-su-papel-en-la-conectividad-internacional-durante-la-world-travel-expo-en-miami\/"]}]},{"@type":"ImageObject","inLanguage":"es-MX","@id":"https:\/\/nitu.mx\/index.php\/2025\/09\/18\/volaris-resalta-su-papel-en-la-conectividad-internacional-durante-la-world-travel-expo-en-miami\/#primaryimage","url":"https:\/\/nitu.mx\/wp-content\/uploads\/2025\/04\/Aeropuerto-DFW-vuelo-de-Monterrey-Volaris.jpg","contentUrl":"https:\/\/nitu.mx\/wp-content\/uploads\/2025\/04\/Aeropuerto-DFW-vuelo-de-Monterrey-Volaris.jpg","width":1200,"height":675,"caption":"Aeropuerto DFW vuelo de Monterrey Volaris"},{"@type":"BreadcrumbList","@id":"https:\/\/nitu.mx\/index.php\/2025\/09\/18\/volaris-resalta-su-papel-en-la-conectividad-internacional-durante-la-world-travel-expo-en-miami\/#breadcrumb","itemListElement":[{"@type":"ListItem","position":1,"name":"Inicio","item":"https:\/\/nitu.mx\/"},{"@type":"ListItem","position":2,"name":"Volaris resalta su papel en la conectividad internacional durante la \u201cWorld Travel Expo\u201d en Miami"}]},{"@type":"WebSite","@id":"https:\/\/nitu.mx\/#website","url":"https:\/\/nitu.mx\/","name":"Nitu - Noticias de la Industria Turistica","description":"Noticias de la Industria Turistica","publisher":{"@id":"https:\/\/nitu.mx\/#\/schema\/person\/ae7a53426417292d3dd07b45a33e01bc"},"alternateName":"Noticias de la Industria Turistica","potentialAction":[{"@type":"SearchAction","target":{"@type":"EntryPoint","urlTemplate":"https:\/\/nitu.mx\/?s={search_term_string}"},"query-input":"required name=search_term_string"}],"inLanguage":"es-MX"},{"@type":["Person","Organization"],"@id":"https:\/\/nitu.mx\/#\/schema\/person\/ae7a53426417292d3dd07b45a33e01bc","name":"Arturo Medina","image":{"@type":"ImageObject","inLanguage":"es-MX","@id":"https:\/\/nitu.mx\/#\/schema\/person\/image\/","url":"https:\/\/nitu.mx\/wp-content\/uploads\/2024\/04\/4A315622-1904-4D5C-B022-878CDC840E04-90x90-1.jpeg","contentUrl":"https:\/\/nitu.mx\/wp-content\/uploads\/2024\/04\/4A315622-1904-4D5C-B022-878CDC840E04-90x90-1.jpeg","width":90,"height":90,"caption":"Arturo Medina"},"logo":{"@id":"https:\/\/nitu.mx\/#\/schema\/person\/image\/"},"description":"Director NITU.mx, Egresado de la Escuela de Periodismo Carlos Septi\u00e9n Garc\u00eda. Periodista y analista especializado en turismo desde hace 35 a\u00f1os, radicado en Canc\u00fan Q.Roo. arturo@nitu.mx","sameAs":["https:\/\/nitu.mx","https:\/\/www.facebook.com\/NITUmx\/","medinacancun","https:\/\/twitter.com\/@Arturo_Medina_G"]},{"@type":"Person","@id":"https:\/\/nitu.mx\/#\/schema\/person\/4a28fe9bd65924f7c90623773daf1b0b","name":"Redacci\u00f3n","image":{"@type":"ImageObject","inLanguage":"es-MX","@id":"https:\/\/nitu.mx\/#\/schema\/person\/image\/","url":"https:\/\/secure.gravatar.com\/avatar\/5dd011c8ccfc5cd7e4c81e42252aab38?s=96&d=mm&r=g","contentUrl":"https:\/\/secure.gravatar.com\/avatar\/5dd011c8ccfc5cd7e4c81e42252aab38?s=96&d=mm&r=g","caption":"Redacci\u00f3n"},"url":"https:\/\/nitu.mx\/index.php\/author\/redaccion\/"}]}},"views":495,"_links":{"self":[{"href":"https:\/\/nitu.mx\/index.php\/wp-json\/wp\/v2\/posts\/83544"}],"collection":[{"href":"https:\/\/nitu.mx\/index.php\/wp-json\/wp\/v2\/posts"}],"about":[{"href":"https:\/\/nitu.mx\/index.php\/wp-json\/wp\/v2\/types\/post"}],"author":[{"embeddable":true,"href":"https:\/\/nitu.mx\/index.php\/wp-json\/wp\/v2\/users\/17"}],"replies":[{"embeddable":true,"href":"https:\/\/nitu.mx\/index.php\/wp-json\/wp\/v2\/comments?post=83544"}],"version-history":[{"count":1,"href":"https:\/\/nitu.mx\/index.php\/wp-json\/wp\/v2\/posts\/83544\/revisions"}],"predecessor-version":[{"id":83546,"href":"https:\/\/nitu.mx\/index.php\/wp-json\/wp\/v2\/posts\/83544\/revisions\/83546"}],"wp:featuredmedia":[{"embeddable":true,"href":"https:\/\/nitu.mx\/index.php\/wp-json\/wp\/v2\/media\/80446"}],"wp:attachment":[{"href":"https:\/\/nitu.mx\/index.php\/wp-json\/wp\/v2\/media?parent=83544"}],"wp:term":[{"taxonomy":"category","embeddable":true,"href":"https:\/\/nitu.mx\/index.php\/wp-json\/wp\/v2\/categories?post=83544"},{"taxonomy":"post_tag","embeddable":true,"href":"https:\/\/nitu.mx\/index.php\/wp-json\/wp\/v2\/tags?post=83544"}],"curies":[{"name":"wp","href":"https:\/\/api.w.org\/{rel}","templated":true}]}}