{"id":83538,"date":"2025-09-18T20:00:00","date_gmt":"2025-09-19T02:00:00","guid":{"rendered":"https:\/\/nitu.mx\/?p=83538"},"modified":"2025-09-18T19:23:33","modified_gmt":"2025-09-19T01:23:33","slug":"los-cabos-sede-del-simposio-de-viajes-lgbtq-de-iglta-destaca-crecimiento-del-turismo-inclusivo","status":"publish","type":"post","link":"https:\/\/nitu.mx\/index.php\/2025\/09\/18\/los-cabos-sede-del-simposio-de-viajes-lgbtq-de-iglta-destaca-crecimiento-del-turismo-inclusivo\/","title":{"rendered":"Los Cabos, sede del Simposio de Viajes LGBTQ+ de IGLTA, destaca crecimiento del turismo inclusivo"},"content":{"rendered":"\n<p>La Asociaci\u00f3n Internacional de Viajes LGBTQ+ (IGLTA) celebr\u00f3 su Simposio de Viajes LGBTQ+ en Los Cabos, Baja California Sur. El evento re\u00fane a l\u00edderes de la industria, autoridades y profesionales de viajes para explorar el creciente potencial del turismo LGBTQ+ y el liderazgo emergente de M\u00e9xico como destino global inclusivo.<\/p>\n\n\n\n<p>El simposio destaca a Los Cabos como un destino moderno, seguro y acogedor, celebrando su diversidad y compromiso con la inclusi\u00f3n. En colaboraci\u00f3n con organizaciones como The Culturist Group, DT Latina y Equality Institute, el evento presentar\u00e1 perspectivas sobre las tendencias del mercado, las pr\u00e1cticas de viajes inclusivos y el impacto econ\u00f3mico de recibir a personas viajeras LGBTQ+. La jornada concluy\u00f3 con una recepci\u00f3n para networking, con la actuaci\u00f3n de una destacada artista drag.<\/p>\n\n\n\n<p>&#8220;Dado que se espera que el mercado de viajes LGBTQ+ experimente un crecimiento significativo en los pr\u00f3ximos a\u00f1os, invertir en pol\u00edticas inclusivas y estrategias de marketing no solo es lo correcto, sino una decisi\u00f3n empresarial relevante para el destino&#8221;, se\u00f1al\u00f3 Virginia Arana, representante de IGLTA en M\u00e9xico. <\/p>\n\n\n\n<p>\u201cEl sector tur\u00edstico mexicano est\u00e1 bien posicionado para aprovechar este crecimiento, con fuertes centros de viajes LGBTQ+ y un creciente apoyo al turismo inclusivo. Eventos como este simposio brindan herramientas esenciales e inspiraci\u00f3n para que profesionales del sector interact\u00faen aut\u00e9nticamente con la comunidad LGBTQ+ e impulsen el \u00e9xito econ\u00f3mico\u201d, a\u00f1adi\u00f3.<\/p>\n\n\n\n<p>Se proyecta que el mercado global de viajes LGBTQ+ supere los 568 mil millones de d\u00f3lares estadounidenses para 2030, lo que lo convierte en uno de los segmentos de mayor crecimiento en la industria tur\u00edstica. Con su s\u00f3lida infraestructura tur\u00edstica, esp\u00edritu inclusivo y diverso atractivo cultural, Los Cabos se encuentra en una posici\u00f3n privilegiada para consolidar su papel como destino tur\u00edstico LGBTQ+ de primer nivel, elevando su estatus como referente de la hospitalidad.<\/p>\n\n\n\n<p>\u201cCelebramos que Los Cabos sea sede del Simposio de Viajes LGBTQ+. Actualmente, 1 de cada 5 turistas en el destino se identifica como integrante de la comunidad LGBTQ+, un aumento notable del 21% en 2024 frente al 13% registrado en 2023. Este segmento, mayoritariamente compuesto por personas extranjeras (73%), representa una fuente clave para la generaci\u00f3n de divisas\u201d, mencion\u00f3 Rodrigo Esponda, director general del Fideicomiso de Turismo de Los Cabos (Fiturca). <\/p>\n\n\n\n<p>\u201cSu estancia promedio de 6.4 noches supera la del turismo general, y su gasto promedio de $6,190 posiciona a este mercado como una oportunidad estrat\u00e9gica de fidelizaci\u00f3n. Incluir es crecer; apostar por el turismo LGBTQ+ es apostar por el futuro y la prosperidad de Los Cabos\u201d, agreg\u00f3.<\/p>\n\n\n\n<p>Como parte de la agenda del simposio, Virginia Arana, representante de IGLTA en M\u00e9xico, ofreci\u00f3 un \u201cPanorama global sobre el Turismo LGBTQ+\u201d. <\/p>\n\n\n\n<p>Por la tarde se realizaron las siguientes presentaciones: \u201cDiversidad, equidad, inclusi\u00f3n y accesibilidad en el sector tur\u00edstico\u201d, por Esmeralda Araiza, CEO de DT Latina; \u201cEl profundo significado de las bodas igualitarias para las personas parejas LGBTQ+ y la profesionalizaci\u00f3n en Queer Weddings\u201d, a cargo de Dagyi Rivera, Investigadora y Coach de Negocios del Equality Institute; as\u00ed como \u201cImpulsando el marketing de destinos multiculturales e inclusivos\u201d, presentada por Danny Guerrero, CEO y Fundador de The Culturist Group y miembro del Consejo Directivo de IGLTA.<\/p>\n\n\n\n<p>El evento fue posible gracias al apoyo de socios estrat\u00e9gicos como: Breathless Cabo San Lucas Resort &amp; Spa, The Main Event Cabo, Del Cabo Events, Encore, Cactus Tours y Aria Vera. (<a href=\"https:\/\/nitu.mx\/index.php\/2025\/09\/02\/fiturca-impulsa-el-turismo-europeo-con-la-segunda-temporada-del-vuelo-francfort-los-cabos\/\">FITURCA impulsa el turismo europeo con la segunda temporada del vuelo Fr\u00e1ncfort \u2013 Los Cabos<\/a>).<\/p>\n","protected":false},"excerpt":{"rendered":"<p>La Asociaci\u00f3n Internacional de Viajes LGBTQ+ (IGLTA) celebr\u00f3 su Simposio de Viajes LGBTQ+ en Los Cabos, Baja California Sur. El evento re\u00fane a l\u00edderes de la industria, autoridades y profesionales de viajes para explorar el creciente potencial del turismo LGBTQ+ y el liderazgo emergente de M\u00e9xico como destino global inclusivo. El simposio destaca a Los [&hellip;]<\/p>\n","protected":false},"author":17,"featured_media":83542,"comment_status":"closed","ping_status":"closed","sticky":false,"template":"","format":"standard","meta":{"footnotes":""},"categories":[5],"tags":[1443,23463,24075,130,1028,22576],"yoast_head":"<!-- This site is optimized with the Yoast SEO plugin v22.2 - https:\/\/yoast.com\/wordpress\/plugins\/seo\/ -->\n<title>Los Cabos, sede del Simposio de Viajes LGBTQ+ de IGLTA, destaca crecimiento del turismo inclusivo - Nitu - Noticias de la Industria Turistica<\/title>\n<meta name=\"robots\" content=\"index, follow, max-snippet:-1, max-image-preview:large, max-video-preview:-1\" \/>\n<link rel=\"canonical\" href=\"https:\/\/nitu.mx\/index.php\/2025\/09\/18\/los-cabos-sede-del-simposio-de-viajes-lgbtq-de-iglta-destaca-crecimiento-del-turismo-inclusivo\/\" \/>\n<meta name=\"twitter:card\" content=\"summary_large_image\" \/>\n<meta name=\"twitter:title\" content=\"Los Cabos, sede del Simposio de Viajes LGBTQ+ de IGLTA, destaca crecimiento del turismo inclusivo - Nitu - Noticias de la Industria Turistica\" \/>\n<meta name=\"twitter:description\" content=\"La Asociaci\u00f3n Internacional de Viajes LGBTQ+ (IGLTA) celebr\u00f3 su Simposio de Viajes LGBTQ+ en Los Cabos, Baja California Sur. El evento re\u00fane a l\u00edderes de la industria, autoridades y profesionales de viajes para explorar el creciente potencial del turismo LGBTQ+ y el liderazgo emergente de M\u00e9xico como destino global inclusivo. El simposio destaca a Los [&hellip;]\" \/>\n<meta name=\"twitter:image\" content=\"https:\/\/nitu.mx\/wp-content\/uploads\/2025\/09\/Los-Cabos-LGBTQ-ILGTA.jpg\" \/>\n<meta name=\"twitter:creator\" content=\"@NITUmx\" \/>\n<meta name=\"twitter:site\" content=\"@Arturo_Medina_G\" \/>\n<meta name=\"twitter:label1\" content=\"Escrito por\" \/>\n\t<meta name=\"twitter:data1\" content=\"Redacci\u00f3n\" \/>\n\t<meta name=\"twitter:label2\" content=\"Tiempo de lectura\" \/>\n\t<meta name=\"twitter:data2\" content=\"3 minutos\" \/>\n<script type=\"application\/ld+json\" class=\"yoast-schema-graph\">{\"@context\":\"https:\/\/schema.org\",\"@graph\":[{\"@type\":\"Article\",\"@id\":\"https:\/\/nitu.mx\/index.php\/2025\/09\/18\/los-cabos-sede-del-simposio-de-viajes-lgbtq-de-iglta-destaca-crecimiento-del-turismo-inclusivo\/#article\",\"isPartOf\":{\"@id\":\"https:\/\/nitu.mx\/index.php\/2025\/09\/18\/los-cabos-sede-del-simposio-de-viajes-lgbtq-de-iglta-destaca-crecimiento-del-turismo-inclusivo\/\"},\"author\":{\"name\":\"Redacci\u00f3n\",\"@id\":\"https:\/\/nitu.mx\/#\/schema\/person\/4a28fe9bd65924f7c90623773daf1b0b\"},\"headline\":\"Los Cabos, sede del Simposio de Viajes LGBTQ+ de IGLTA, destaca crecimiento del turismo inclusivo\",\"datePublished\":\"2025-09-19T02:00:00+00:00\",\"dateModified\":\"2025-09-19T01:23:33+00:00\",\"mainEntityOfPage\":{\"@id\":\"https:\/\/nitu.mx\/index.php\/2025\/09\/18\/los-cabos-sede-del-simposio-de-viajes-lgbtq-de-iglta-destaca-crecimiento-del-turismo-inclusivo\/\"},\"wordCount\":604,\"publisher\":{\"@id\":\"https:\/\/nitu.mx\/#\/schema\/person\/ae7a53426417292d3dd07b45a33e01bc\"},\"image\":{\"@id\":\"https:\/\/nitu.mx\/index.php\/2025\/09\/18\/los-cabos-sede-del-simposio-de-viajes-lgbtq-de-iglta-destaca-crecimiento-del-turismo-inclusivo\/#primaryimage\"},\"thumbnailUrl\":\"https:\/\/nitu.mx\/wp-content\/uploads\/2025\/09\/Los-Cabos-LGBTQ-ILGTA.jpg\",\"keywords\":[\"Fiturca\",\"IGLTA\",\"LGBTQ+\",\"Los Cabos\",\"Rodrigo Esponda\",\"turismo inclusivo\"],\"articleSection\":[\"Destinos\"],\"inLanguage\":\"es-MX\"},{\"@type\":\"WebPage\",\"@id\":\"https:\/\/nitu.mx\/index.php\/2025\/09\/18\/los-cabos-sede-del-simposio-de-viajes-lgbtq-de-iglta-destaca-crecimiento-del-turismo-inclusivo\/\",\"url\":\"https:\/\/nitu.mx\/index.php\/2025\/09\/18\/los-cabos-sede-del-simposio-de-viajes-lgbtq-de-iglta-destaca-crecimiento-del-turismo-inclusivo\/\",\"name\":\"Los Cabos, sede del Simposio de Viajes LGBTQ+ de IGLTA, destaca crecimiento del turismo inclusivo - Nitu - Noticias de la Industria Turistica\",\"isPartOf\":{\"@id\":\"https:\/\/nitu.mx\/#website\"},\"primaryImageOfPage\":{\"@id\":\"https:\/\/nitu.mx\/index.php\/2025\/09\/18\/los-cabos-sede-del-simposio-de-viajes-lgbtq-de-iglta-destaca-crecimiento-del-turismo-inclusivo\/#primaryimage\"},\"image\":{\"@id\":\"https:\/\/nitu.mx\/index.php\/2025\/09\/18\/los-cabos-sede-del-simposio-de-viajes-lgbtq-de-iglta-destaca-crecimiento-del-turismo-inclusivo\/#primaryimage\"},\"thumbnailUrl\":\"https:\/\/nitu.mx\/wp-content\/uploads\/2025\/09\/Los-Cabos-LGBTQ-ILGTA.jpg\",\"datePublished\":\"2025-09-19T02:00:00+00:00\",\"dateModified\":\"2025-09-19T01:23:33+00:00\",\"breadcrumb\":{\"@id\":\"https:\/\/nitu.mx\/index.php\/2025\/09\/18\/los-cabos-sede-del-simposio-de-viajes-lgbtq-de-iglta-destaca-crecimiento-del-turismo-inclusivo\/#breadcrumb\"},\"inLanguage\":\"es-MX\",\"potentialAction\":[{\"@type\":\"ReadAction\",\"target\":[\"https:\/\/nitu.mx\/index.php\/2025\/09\/18\/los-cabos-sede-del-simposio-de-viajes-lgbtq-de-iglta-destaca-crecimiento-del-turismo-inclusivo\/\"]}]},{\"@type\":\"ImageObject\",\"inLanguage\":\"es-MX\",\"@id\":\"https:\/\/nitu.mx\/index.php\/2025\/09\/18\/los-cabos-sede-del-simposio-de-viajes-lgbtq-de-iglta-destaca-crecimiento-del-turismo-inclusivo\/#primaryimage\",\"url\":\"https:\/\/nitu.mx\/wp-content\/uploads\/2025\/09\/Los-Cabos-LGBTQ-ILGTA.jpg\",\"contentUrl\":\"https:\/\/nitu.mx\/wp-content\/uploads\/2025\/09\/Los-Cabos-LGBTQ-ILGTA.jpg\",\"width\":1200,\"height\":675,\"caption\":\"Los Cabos LGBTQ+ ILGTA\"},{\"@type\":\"BreadcrumbList\",\"@id\":\"https:\/\/nitu.mx\/index.php\/2025\/09\/18\/los-cabos-sede-del-simposio-de-viajes-lgbtq-de-iglta-destaca-crecimiento-del-turismo-inclusivo\/#breadcrumb\",\"itemListElement\":[{\"@type\":\"ListItem\",\"position\":1,\"name\":\"Inicio\",\"item\":\"https:\/\/nitu.mx\/\"},{\"@type\":\"ListItem\",\"position\":2,\"name\":\"Los Cabos, sede del Simposio de Viajes LGBTQ+ de IGLTA, destaca crecimiento del turismo inclusivo\"}]},{\"@type\":\"WebSite\",\"@id\":\"https:\/\/nitu.mx\/#website\",\"url\":\"https:\/\/nitu.mx\/\",\"name\":\"Nitu - Noticias de la Industria Turistica\",\"description\":\"Noticias de la Industria Turistica\",\"publisher\":{\"@id\":\"https:\/\/nitu.mx\/#\/schema\/person\/ae7a53426417292d3dd07b45a33e01bc\"},\"alternateName\":\"Noticias de la Industria Turistica\",\"potentialAction\":[{\"@type\":\"SearchAction\",\"target\":{\"@type\":\"EntryPoint\",\"urlTemplate\":\"https:\/\/nitu.mx\/?s={search_term_string}\"},\"query-input\":\"required name=search_term_string\"}],\"inLanguage\":\"es-MX\"},{\"@type\":[\"Person\",\"Organization\"],\"@id\":\"https:\/\/nitu.mx\/#\/schema\/person\/ae7a53426417292d3dd07b45a33e01bc\",\"name\":\"Arturo Medina\",\"image\":{\"@type\":\"ImageObject\",\"inLanguage\":\"es-MX\",\"@id\":\"https:\/\/nitu.mx\/#\/schema\/person\/image\/\",\"url\":\"https:\/\/nitu.mx\/wp-content\/uploads\/2024\/04\/4A315622-1904-4D5C-B022-878CDC840E04-90x90-1.jpeg\",\"contentUrl\":\"https:\/\/nitu.mx\/wp-content\/uploads\/2024\/04\/4A315622-1904-4D5C-B022-878CDC840E04-90x90-1.jpeg\",\"width\":90,\"height\":90,\"caption\":\"Arturo Medina\"},\"logo\":{\"@id\":\"https:\/\/nitu.mx\/#\/schema\/person\/image\/\"},\"description\":\"Director NITU.mx, Egresado de la Escuela de Periodismo Carlos Septi\u00e9n Garc\u00eda. Periodista y analista especializado en turismo desde hace 35 a\u00f1os, radicado en Canc\u00fan Q.Roo. arturo@nitu.mx\",\"sameAs\":[\"https:\/\/nitu.mx\",\"https:\/\/www.facebook.com\/NITUmx\/\",\"medinacancun\",\"https:\/\/twitter.com\/@Arturo_Medina_G\"]},{\"@type\":\"Person\",\"@id\":\"https:\/\/nitu.mx\/#\/schema\/person\/4a28fe9bd65924f7c90623773daf1b0b\",\"name\":\"Redacci\u00f3n\",\"image\":{\"@type\":\"ImageObject\",\"inLanguage\":\"es-MX\",\"@id\":\"https:\/\/nitu.mx\/#\/schema\/person\/image\/\",\"url\":\"https:\/\/secure.gravatar.com\/avatar\/5dd011c8ccfc5cd7e4c81e42252aab38?s=96&d=mm&r=g\",\"contentUrl\":\"https:\/\/secure.gravatar.com\/avatar\/5dd011c8ccfc5cd7e4c81e42252aab38?s=96&d=mm&r=g\",\"caption\":\"Redacci\u00f3n\"},\"url\":\"https:\/\/nitu.mx\/index.php\/author\/redaccion\/\"}]}<\/script>\n<!-- \/ Yoast SEO plugin. -->","yoast_head_json":{"title":"Los Cabos, sede del Simposio de Viajes LGBTQ+ de IGLTA, destaca crecimiento del turismo inclusivo - Nitu - Noticias de la Industria Turistica","robots":{"index":"index","follow":"follow","max-snippet":"max-snippet:-1","max-image-preview":"max-image-preview:large","max-video-preview":"max-video-preview:-1"},"canonical":"https:\/\/nitu.mx\/index.php\/2025\/09\/18\/los-cabos-sede-del-simposio-de-viajes-lgbtq-de-iglta-destaca-crecimiento-del-turismo-inclusivo\/","twitter_card":"summary_large_image","twitter_title":"Los Cabos, sede del Simposio de Viajes LGBTQ+ de IGLTA, destaca crecimiento del turismo inclusivo - Nitu - Noticias de la Industria Turistica","twitter_description":"La Asociaci\u00f3n Internacional de Viajes LGBTQ+ (IGLTA) celebr\u00f3 su Simposio de Viajes LGBTQ+ en Los Cabos, Baja California Sur. El evento re\u00fane a l\u00edderes de la industria, autoridades y profesionales de viajes para explorar el creciente potencial del turismo LGBTQ+ y el liderazgo emergente de M\u00e9xico como destino global inclusivo. El simposio destaca a Los [&hellip;]","twitter_image":"https:\/\/nitu.mx\/wp-content\/uploads\/2025\/09\/Los-Cabos-LGBTQ-ILGTA.jpg","twitter_creator":"@NITUmx","twitter_site":"@Arturo_Medina_G","twitter_misc":{"Escrito por":"Redacci\u00f3n","Tiempo de lectura":"3 minutos"},"schema":{"@context":"https:\/\/schema.org","@graph":[{"@type":"Article","@id":"https:\/\/nitu.mx\/index.php\/2025\/09\/18\/los-cabos-sede-del-simposio-de-viajes-lgbtq-de-iglta-destaca-crecimiento-del-turismo-inclusivo\/#article","isPartOf":{"@id":"https:\/\/nitu.mx\/index.php\/2025\/09\/18\/los-cabos-sede-del-simposio-de-viajes-lgbtq-de-iglta-destaca-crecimiento-del-turismo-inclusivo\/"},"author":{"name":"Redacci\u00f3n","@id":"https:\/\/nitu.mx\/#\/schema\/person\/4a28fe9bd65924f7c90623773daf1b0b"},"headline":"Los Cabos, sede del Simposio de Viajes LGBTQ+ de IGLTA, destaca crecimiento del turismo inclusivo","datePublished":"2025-09-19T02:00:00+00:00","dateModified":"2025-09-19T01:23:33+00:00","mainEntityOfPage":{"@id":"https:\/\/nitu.mx\/index.php\/2025\/09\/18\/los-cabos-sede-del-simposio-de-viajes-lgbtq-de-iglta-destaca-crecimiento-del-turismo-inclusivo\/"},"wordCount":604,"publisher":{"@id":"https:\/\/nitu.mx\/#\/schema\/person\/ae7a53426417292d3dd07b45a33e01bc"},"image":{"@id":"https:\/\/nitu.mx\/index.php\/2025\/09\/18\/los-cabos-sede-del-simposio-de-viajes-lgbtq-de-iglta-destaca-crecimiento-del-turismo-inclusivo\/#primaryimage"},"thumbnailUrl":"https:\/\/nitu.mx\/wp-content\/uploads\/2025\/09\/Los-Cabos-LGBTQ-ILGTA.jpg","keywords":["Fiturca","IGLTA","LGBTQ+","Los Cabos","Rodrigo Esponda","turismo inclusivo"],"articleSection":["Destinos"],"inLanguage":"es-MX"},{"@type":"WebPage","@id":"https:\/\/nitu.mx\/index.php\/2025\/09\/18\/los-cabos-sede-del-simposio-de-viajes-lgbtq-de-iglta-destaca-crecimiento-del-turismo-inclusivo\/","url":"https:\/\/nitu.mx\/index.php\/2025\/09\/18\/los-cabos-sede-del-simposio-de-viajes-lgbtq-de-iglta-destaca-crecimiento-del-turismo-inclusivo\/","name":"Los Cabos, sede del Simposio de Viajes LGBTQ+ de IGLTA, destaca crecimiento del turismo inclusivo - Nitu - Noticias de la Industria Turistica","isPartOf":{"@id":"https:\/\/nitu.mx\/#website"},"primaryImageOfPage":{"@id":"https:\/\/nitu.mx\/index.php\/2025\/09\/18\/los-cabos-sede-del-simposio-de-viajes-lgbtq-de-iglta-destaca-crecimiento-del-turismo-inclusivo\/#primaryimage"},"image":{"@id":"https:\/\/nitu.mx\/index.php\/2025\/09\/18\/los-cabos-sede-del-simposio-de-viajes-lgbtq-de-iglta-destaca-crecimiento-del-turismo-inclusivo\/#primaryimage"},"thumbnailUrl":"https:\/\/nitu.mx\/wp-content\/uploads\/2025\/09\/Los-Cabos-LGBTQ-ILGTA.jpg","datePublished":"2025-09-19T02:00:00+00:00","dateModified":"2025-09-19T01:23:33+00:00","breadcrumb":{"@id":"https:\/\/nitu.mx\/index.php\/2025\/09\/18\/los-cabos-sede-del-simposio-de-viajes-lgbtq-de-iglta-destaca-crecimiento-del-turismo-inclusivo\/#breadcrumb"},"inLanguage":"es-MX","potentialAction":[{"@type":"ReadAction","target":["https:\/\/nitu.mx\/index.php\/2025\/09\/18\/los-cabos-sede-del-simposio-de-viajes-lgbtq-de-iglta-destaca-crecimiento-del-turismo-inclusivo\/"]}]},{"@type":"ImageObject","inLanguage":"es-MX","@id":"https:\/\/nitu.mx\/index.php\/2025\/09\/18\/los-cabos-sede-del-simposio-de-viajes-lgbtq-de-iglta-destaca-crecimiento-del-turismo-inclusivo\/#primaryimage","url":"https:\/\/nitu.mx\/wp-content\/uploads\/2025\/09\/Los-Cabos-LGBTQ-ILGTA.jpg","contentUrl":"https:\/\/nitu.mx\/wp-content\/uploads\/2025\/09\/Los-Cabos-LGBTQ-ILGTA.jpg","width":1200,"height":675,"caption":"Los Cabos LGBTQ+ ILGTA"},{"@type":"BreadcrumbList","@id":"https:\/\/nitu.mx\/index.php\/2025\/09\/18\/los-cabos-sede-del-simposio-de-viajes-lgbtq-de-iglta-destaca-crecimiento-del-turismo-inclusivo\/#breadcrumb","itemListElement":[{"@type":"ListItem","position":1,"name":"Inicio","item":"https:\/\/nitu.mx\/"},{"@type":"ListItem","position":2,"name":"Los Cabos, sede del Simposio de Viajes LGBTQ+ de IGLTA, destaca crecimiento del turismo inclusivo"}]},{"@type":"WebSite","@id":"https:\/\/nitu.mx\/#website","url":"https:\/\/nitu.mx\/","name":"Nitu - Noticias de la Industria Turistica","description":"Noticias de la Industria Turistica","publisher":{"@id":"https:\/\/nitu.mx\/#\/schema\/person\/ae7a53426417292d3dd07b45a33e01bc"},"alternateName":"Noticias de la Industria Turistica","potentialAction":[{"@type":"SearchAction","target":{"@type":"EntryPoint","urlTemplate":"https:\/\/nitu.mx\/?s={search_term_string}"},"query-input":"required name=search_term_string"}],"inLanguage":"es-MX"},{"@type":["Person","Organization"],"@id":"https:\/\/nitu.mx\/#\/schema\/person\/ae7a53426417292d3dd07b45a33e01bc","name":"Arturo Medina","image":{"@type":"ImageObject","inLanguage":"es-MX","@id":"https:\/\/nitu.mx\/#\/schema\/person\/image\/","url":"https:\/\/nitu.mx\/wp-content\/uploads\/2024\/04\/4A315622-1904-4D5C-B022-878CDC840E04-90x90-1.jpeg","contentUrl":"https:\/\/nitu.mx\/wp-content\/uploads\/2024\/04\/4A315622-1904-4D5C-B022-878CDC840E04-90x90-1.jpeg","width":90,"height":90,"caption":"Arturo Medina"},"logo":{"@id":"https:\/\/nitu.mx\/#\/schema\/person\/image\/"},"description":"Director NITU.mx, Egresado de la Escuela de Periodismo Carlos Septi\u00e9n Garc\u00eda. Periodista y analista especializado en turismo desde hace 35 a\u00f1os, radicado en Canc\u00fan Q.Roo. arturo@nitu.mx","sameAs":["https:\/\/nitu.mx","https:\/\/www.facebook.com\/NITUmx\/","medinacancun","https:\/\/twitter.com\/@Arturo_Medina_G"]},{"@type":"Person","@id":"https:\/\/nitu.mx\/#\/schema\/person\/4a28fe9bd65924f7c90623773daf1b0b","name":"Redacci\u00f3n","image":{"@type":"ImageObject","inLanguage":"es-MX","@id":"https:\/\/nitu.mx\/#\/schema\/person\/image\/","url":"https:\/\/secure.gravatar.com\/avatar\/5dd011c8ccfc5cd7e4c81e42252aab38?s=96&d=mm&r=g","contentUrl":"https:\/\/secure.gravatar.com\/avatar\/5dd011c8ccfc5cd7e4c81e42252aab38?s=96&d=mm&r=g","caption":"Redacci\u00f3n"},"url":"https:\/\/nitu.mx\/index.php\/author\/redaccion\/"}]}},"views":701,"_links":{"self":[{"href":"https:\/\/nitu.mx\/index.php\/wp-json\/wp\/v2\/posts\/83538"}],"collection":[{"href":"https:\/\/nitu.mx\/index.php\/wp-json\/wp\/v2\/posts"}],"about":[{"href":"https:\/\/nitu.mx\/index.php\/wp-json\/wp\/v2\/types\/post"}],"author":[{"embeddable":true,"href":"https:\/\/nitu.mx\/index.php\/wp-json\/wp\/v2\/users\/17"}],"replies":[{"embeddable":true,"href":"https:\/\/nitu.mx\/index.php\/wp-json\/wp\/v2\/comments?post=83538"}],"version-history":[{"count":2,"href":"https:\/\/nitu.mx\/index.php\/wp-json\/wp\/v2\/posts\/83538\/revisions"}],"predecessor-version":[{"id":83543,"href":"https:\/\/nitu.mx\/index.php\/wp-json\/wp\/v2\/posts\/83538\/revisions\/83543"}],"wp:featuredmedia":[{"embeddable":true,"href":"https:\/\/nitu.mx\/index.php\/wp-json\/wp\/v2\/media\/83542"}],"wp:attachment":[{"href":"https:\/\/nitu.mx\/index.php\/wp-json\/wp\/v2\/media?parent=83538"}],"wp:term":[{"taxonomy":"category","embeddable":true,"href":"https:\/\/nitu.mx\/index.php\/wp-json\/wp\/v2\/categories?post=83538"},{"taxonomy":"post_tag","embeddable":true,"href":"https:\/\/nitu.mx\/index.php\/wp-json\/wp\/v2\/tags?post=83538"}],"curies":[{"name":"wp","href":"https:\/\/api.w.org\/{rel}","templated":true}]}}