{"id":83502,"date":"2025-09-17T13:05:05","date_gmt":"2025-09-17T19:05:05","guid":{"rendered":"https:\/\/nitu.mx\/?p=83502"},"modified":"2025-09-17T13:11:20","modified_gmt":"2025-09-17T19:11:20","slug":"wyndham-nombra-a-ariadna-lopez-como-directora-de-ventas-globales-en-mexico","status":"publish","type":"post","link":"https:\/\/nitu.mx\/index.php\/2025\/09\/17\/wyndham-nombra-a-ariadna-lopez-como-directora-de-ventas-globales-en-mexico\/","title":{"rendered":"Wyndham nombra a Ariadna L\u00f3pez como Directora de Ventas Globales en M\u00e9xico"},"content":{"rendered":"\n<p>Wyndham Hotels &amp; Resorts, la compa\u00f1\u00eda de franquicias hoteleras m\u00e1s grande del mundo con aproximadamente 8,300 hoteles en m\u00e1s de 100 pa\u00edses, anunci\u00f3 el nombramiento de Ariadna L\u00f3pez como Directora de Ventas Globales para su equipo corporativo en M\u00e9xico.<br>\u00a0<br>De esta manera, el equipo de Ventas Globales para Latinoam\u00e9rica y el Caribe de Wyndham Hotels &amp; Resorts, refuerza su estrategia y consolida su plan de crecimiento en ventas para los hoteles que forman parte del amplio portafolio de la compa\u00f1\u00eda.<br>\u00a0<br>Ariadna L\u00f3pez, licenciada en Administraci\u00f3n de Empresas Tur\u00edsticas, cuenta con m\u00e1s de 25 a\u00f1os de experiencia en la industria hotelera. A lo largo de su trayectoria ha colaborado con compa\u00f1\u00edas de prestigio internacional, siempre motivada por la creaci\u00f3n de v\u00ednculos s\u00f3lidos con socios estrat\u00e9gicos y clientes, y con un firme compromiso hacia el desarrollo del sector.<br>\u00a0<br>En Latinoam\u00e9rica y el Caribe, Wyndham Hotels &amp; Resorts opera actualmente m\u00e1s de 275 hoteles, y M\u00e9xico se posiciona como su principal mercado en la regi\u00f3n, con 85 propiedades bajo un portafolio de 15 marcas diferentes, tales como Registry Collection, Wyndham, Trademark Collection, Wyndham Alltra y TRYP by Wyndham, as\u00ed como Ramada, Wyndham Garden, La Quinta by Wyndham, Howard Johnson, entre otros.<br><br>&#8220;Es un orgullo dar la bienvenida a una profesional como Ariadna para dirigir nuestro equipo en M\u00e9xico, un mercado altamente estrat\u00e9gico para Wyndham Hotels &amp; Resorts, que presenta importantes oportunidades de desarrollo. Sin duda, la experiencia, vocaci\u00f3n y compromiso son piezas fundamentales para potenciar nuestras iniciativas y resultados positivos de ventas&#8221;, coment\u00f3 Andr\u00e9s Bernal,\u00a0Senior Director, Global &amp; Field Sales para Latinoam\u00e9rica y el Caribe.<\/p>\n\n\n\n<p>Dentro de sus funciones en la compa\u00f1\u00eda, Ariadna liderar\u00e1 la estrategia comercial a nivel internacional, dise\u00f1ando planes de ventas que maximicen ingresos y refuercen la presencia de la marca en mercados clave. Asimismo, identificar\u00e1 oportunidades de crecimiento, analizar\u00e1 tendencias globales y coordinar\u00e1 con los equipos regionales para garantizar una ejecuci\u00f3n consistente y efectiva de los objetivos comerciales.<br><br>Adem\u00e1s, ser\u00e1 la responsable de generar y mantener relaciones s\u00f3lidas con clientes corporativos y socios estrat\u00e9gicos. Gracias a su visi\u00f3n estrat\u00e9gica y liderazgo, fortalecer\u00e1 el posicionamiento de Wyndham Hotels &amp; Resorts, y de sus diferentes marcas, optimizando el desempe\u00f1o en ventas y contribuyendo al crecimiento sostenido de la empresa.<br><br>&#8220;Es un gran honor poder sumarme al equipo de Wyndham Hotels &amp; Resorts, la mayor empresa de franquicias hoteleras del mundo con gran presencia en M\u00e9xico. Hoy, desde mi experiencia, deseo contribuir para obtener mejores resultados, respaldada por un equipo de trabajo altamente calificado para impulsar el desarrollo de la compa\u00f1\u00eda en nuestro pa\u00eds&#8221;, Ariadna L\u00f3pez, Directora de Ventas Globales para M\u00e9xico.<\/p>\n\n\n\n<p>Este nombramiento refleja el compromiso de la compa\u00f1\u00eda por reforzar su presencia a nivel nacional e internacional, a trav\u00e9s de talento de primer nivel para seguir brindando experiencias excepcionales a los clientes y hu\u00e9spedes, y as\u00ed, seguir generando valor para socios y propietarios. (<a href=\"https:\/\/nitu.mx\/index.php\/2025\/09\/04\/wyndham-se-expande-en-la-costa-de-yucatan-con-2-nuevos-desarrollos\/\">Wyndham se expande en la costa de Yucat\u00e1n con 2 nuevos desarrollos<\/a>).<\/p>\n","protected":false},"excerpt":{"rendered":"<p>Wyndham Hotels &amp; Resorts, la compa\u00f1\u00eda de franquicias hoteleras m\u00e1s grande del mundo con aproximadamente 8,300 hoteles en m\u00e1s de 100 pa\u00edses, anunci\u00f3 el nombramiento de Ariadna L\u00f3pez como Directora de Ventas Globales para su equipo corporativo en M\u00e9xico.\u00a0De esta manera, el equipo de Ventas Globales para Latinoam\u00e9rica y el Caribe de Wyndham Hotels &amp; [&hellip;]<\/p>\n","protected":false},"author":17,"featured_media":83505,"comment_status":"closed","ping_status":"closed","sticky":false,"template":"","format":"standard","meta":{"footnotes":""},"categories":[2],"tags":[27683,10533],"yoast_head":"<!-- This site is optimized with the Yoast SEO plugin v22.2 - https:\/\/yoast.com\/wordpress\/plugins\/seo\/ -->\n<title>Wyndham nombra a Ariadna L\u00f3pez como Directora de Ventas Globales en M\u00e9xico - Nitu - Noticias de la Industria Turistica<\/title>\n<meta name=\"robots\" content=\"index, follow, max-snippet:-1, max-image-preview:large, max-video-preview:-1\" \/>\n<link rel=\"canonical\" href=\"https:\/\/nitu.mx\/index.php\/2025\/09\/17\/wyndham-nombra-a-ariadna-lopez-como-directora-de-ventas-globales-en-mexico\/\" \/>\n<meta name=\"twitter:card\" content=\"summary_large_image\" \/>\n<meta name=\"twitter:title\" content=\"Wyndham nombra a Ariadna L\u00f3pez como Directora de Ventas Globales en M\u00e9xico - Nitu - Noticias de la Industria Turistica\" \/>\n<meta name=\"twitter:description\" content=\"Wyndham Hotels &amp; Resorts, la compa\u00f1\u00eda de franquicias hoteleras m\u00e1s grande del mundo con aproximadamente 8,300 hoteles en m\u00e1s de 100 pa\u00edses, anunci\u00f3 el nombramiento de Ariadna L\u00f3pez como Directora de Ventas Globales para su equipo corporativo en M\u00e9xico.\u00a0De esta manera, el equipo de Ventas Globales para Latinoam\u00e9rica y el Caribe de Wyndham Hotels &amp; [&hellip;]\" \/>\n<meta name=\"twitter:image\" content=\"https:\/\/nitu.mx\/wp-content\/uploads\/2025\/09\/Wyndham-Hotels-Ariadna-Lopez.jpg\" \/>\n<meta name=\"twitter:creator\" content=\"@NITUmx\" \/>\n<meta name=\"twitter:site\" content=\"@Arturo_Medina_G\" \/>\n<meta name=\"twitter:label1\" content=\"Escrito por\" \/>\n\t<meta name=\"twitter:data1\" content=\"Redacci\u00f3n\" \/>\n\t<meta name=\"twitter:label2\" content=\"Tiempo de lectura\" \/>\n\t<meta name=\"twitter:data2\" content=\"3 minutos\" \/>\n<script type=\"application\/ld+json\" class=\"yoast-schema-graph\">{\"@context\":\"https:\/\/schema.org\",\"@graph\":[{\"@type\":\"Article\",\"@id\":\"https:\/\/nitu.mx\/index.php\/2025\/09\/17\/wyndham-nombra-a-ariadna-lopez-como-directora-de-ventas-globales-en-mexico\/#article\",\"isPartOf\":{\"@id\":\"https:\/\/nitu.mx\/index.php\/2025\/09\/17\/wyndham-nombra-a-ariadna-lopez-como-directora-de-ventas-globales-en-mexico\/\"},\"author\":{\"name\":\"Redacci\u00f3n\",\"@id\":\"https:\/\/nitu.mx\/#\/schema\/person\/4a28fe9bd65924f7c90623773daf1b0b\"},\"headline\":\"Wyndham nombra a Ariadna L\u00f3pez como Directora de Ventas Globales en M\u00e9xico\",\"datePublished\":\"2025-09-17T19:05:05+00:00\",\"dateModified\":\"2025-09-17T19:11:20+00:00\",\"mainEntityOfPage\":{\"@id\":\"https:\/\/nitu.mx\/index.php\/2025\/09\/17\/wyndham-nombra-a-ariadna-lopez-como-directora-de-ventas-globales-en-mexico\/\"},\"wordCount\":538,\"publisher\":{\"@id\":\"https:\/\/nitu.mx\/#\/schema\/person\/ae7a53426417292d3dd07b45a33e01bc\"},\"image\":{\"@id\":\"https:\/\/nitu.mx\/index.php\/2025\/09\/17\/wyndham-nombra-a-ariadna-lopez-como-directora-de-ventas-globales-en-mexico\/#primaryimage\"},\"thumbnailUrl\":\"https:\/\/nitu.mx\/wp-content\/uploads\/2025\/09\/Wyndham-Hotels-Ariadna-Lopez.jpg\",\"keywords\":[\"Ariadna L\u00f3pez\",\"Wyndham Hotels &amp; Resorts\"],\"articleSection\":[\"Hoteles\"],\"inLanguage\":\"es-MX\"},{\"@type\":\"WebPage\",\"@id\":\"https:\/\/nitu.mx\/index.php\/2025\/09\/17\/wyndham-nombra-a-ariadna-lopez-como-directora-de-ventas-globales-en-mexico\/\",\"url\":\"https:\/\/nitu.mx\/index.php\/2025\/09\/17\/wyndham-nombra-a-ariadna-lopez-como-directora-de-ventas-globales-en-mexico\/\",\"name\":\"Wyndham nombra a Ariadna L\u00f3pez como Directora de Ventas Globales en M\u00e9xico - Nitu - Noticias de la Industria Turistica\",\"isPartOf\":{\"@id\":\"https:\/\/nitu.mx\/#website\"},\"primaryImageOfPage\":{\"@id\":\"https:\/\/nitu.mx\/index.php\/2025\/09\/17\/wyndham-nombra-a-ariadna-lopez-como-directora-de-ventas-globales-en-mexico\/#primaryimage\"},\"image\":{\"@id\":\"https:\/\/nitu.mx\/index.php\/2025\/09\/17\/wyndham-nombra-a-ariadna-lopez-como-directora-de-ventas-globales-en-mexico\/#primaryimage\"},\"thumbnailUrl\":\"https:\/\/nitu.mx\/wp-content\/uploads\/2025\/09\/Wyndham-Hotels-Ariadna-Lopez.jpg\",\"datePublished\":\"2025-09-17T19:05:05+00:00\",\"dateModified\":\"2025-09-17T19:11:20+00:00\",\"breadcrumb\":{\"@id\":\"https:\/\/nitu.mx\/index.php\/2025\/09\/17\/wyndham-nombra-a-ariadna-lopez-como-directora-de-ventas-globales-en-mexico\/#breadcrumb\"},\"inLanguage\":\"es-MX\",\"potentialAction\":[{\"@type\":\"ReadAction\",\"target\":[\"https:\/\/nitu.mx\/index.php\/2025\/09\/17\/wyndham-nombra-a-ariadna-lopez-como-directora-de-ventas-globales-en-mexico\/\"]}]},{\"@type\":\"ImageObject\",\"inLanguage\":\"es-MX\",\"@id\":\"https:\/\/nitu.mx\/index.php\/2025\/09\/17\/wyndham-nombra-a-ariadna-lopez-como-directora-de-ventas-globales-en-mexico\/#primaryimage\",\"url\":\"https:\/\/nitu.mx\/wp-content\/uploads\/2025\/09\/Wyndham-Hotels-Ariadna-Lopez.jpg\",\"contentUrl\":\"https:\/\/nitu.mx\/wp-content\/uploads\/2025\/09\/Wyndham-Hotels-Ariadna-Lopez.jpg\",\"width\":1200,\"height\":675,\"caption\":\"Wyndham Hotels Ariadna L\u00f3pez\"},{\"@type\":\"BreadcrumbList\",\"@id\":\"https:\/\/nitu.mx\/index.php\/2025\/09\/17\/wyndham-nombra-a-ariadna-lopez-como-directora-de-ventas-globales-en-mexico\/#breadcrumb\",\"itemListElement\":[{\"@type\":\"ListItem\",\"position\":1,\"name\":\"Inicio\",\"item\":\"https:\/\/nitu.mx\/\"},{\"@type\":\"ListItem\",\"position\":2,\"name\":\"Wyndham nombra a Ariadna L\u00f3pez como Directora de Ventas Globales en M\u00e9xico\"}]},{\"@type\":\"WebSite\",\"@id\":\"https:\/\/nitu.mx\/#website\",\"url\":\"https:\/\/nitu.mx\/\",\"name\":\"Nitu - Noticias de la Industria Turistica\",\"description\":\"Noticias de la Industria Turistica\",\"publisher\":{\"@id\":\"https:\/\/nitu.mx\/#\/schema\/person\/ae7a53426417292d3dd07b45a33e01bc\"},\"alternateName\":\"Noticias de la Industria Turistica\",\"potentialAction\":[{\"@type\":\"SearchAction\",\"target\":{\"@type\":\"EntryPoint\",\"urlTemplate\":\"https:\/\/nitu.mx\/?s={search_term_string}\"},\"query-input\":\"required name=search_term_string\"}],\"inLanguage\":\"es-MX\"},{\"@type\":[\"Person\",\"Organization\"],\"@id\":\"https:\/\/nitu.mx\/#\/schema\/person\/ae7a53426417292d3dd07b45a33e01bc\",\"name\":\"Arturo Medina\",\"image\":{\"@type\":\"ImageObject\",\"inLanguage\":\"es-MX\",\"@id\":\"https:\/\/nitu.mx\/#\/schema\/person\/image\/\",\"url\":\"https:\/\/nitu.mx\/wp-content\/uploads\/2024\/04\/4A315622-1904-4D5C-B022-878CDC840E04-90x90-1.jpeg\",\"contentUrl\":\"https:\/\/nitu.mx\/wp-content\/uploads\/2024\/04\/4A315622-1904-4D5C-B022-878CDC840E04-90x90-1.jpeg\",\"width\":90,\"height\":90,\"caption\":\"Arturo Medina\"},\"logo\":{\"@id\":\"https:\/\/nitu.mx\/#\/schema\/person\/image\/\"},\"description\":\"Director NITU.mx, Egresado de la Escuela de Periodismo Carlos Septi\u00e9n Garc\u00eda. Periodista y analista especializado en turismo desde hace 35 a\u00f1os, radicado en Canc\u00fan Q.Roo. arturo@nitu.mx\",\"sameAs\":[\"https:\/\/nitu.mx\",\"https:\/\/www.facebook.com\/NITUmx\/\",\"medinacancun\",\"https:\/\/twitter.com\/@Arturo_Medina_G\"]},{\"@type\":\"Person\",\"@id\":\"https:\/\/nitu.mx\/#\/schema\/person\/4a28fe9bd65924f7c90623773daf1b0b\",\"name\":\"Redacci\u00f3n\",\"image\":{\"@type\":\"ImageObject\",\"inLanguage\":\"es-MX\",\"@id\":\"https:\/\/nitu.mx\/#\/schema\/person\/image\/\",\"url\":\"https:\/\/secure.gravatar.com\/avatar\/5dd011c8ccfc5cd7e4c81e42252aab38?s=96&d=mm&r=g\",\"contentUrl\":\"https:\/\/secure.gravatar.com\/avatar\/5dd011c8ccfc5cd7e4c81e42252aab38?s=96&d=mm&r=g\",\"caption\":\"Redacci\u00f3n\"},\"url\":\"https:\/\/nitu.mx\/index.php\/author\/redaccion\/\"}]}<\/script>\n<!-- \/ Yoast SEO plugin. -->","yoast_head_json":{"title":"Wyndham nombra a Ariadna L\u00f3pez como Directora de Ventas Globales en M\u00e9xico - Nitu - Noticias de la Industria Turistica","robots":{"index":"index","follow":"follow","max-snippet":"max-snippet:-1","max-image-preview":"max-image-preview:large","max-video-preview":"max-video-preview:-1"},"canonical":"https:\/\/nitu.mx\/index.php\/2025\/09\/17\/wyndham-nombra-a-ariadna-lopez-como-directora-de-ventas-globales-en-mexico\/","twitter_card":"summary_large_image","twitter_title":"Wyndham nombra a Ariadna L\u00f3pez como Directora de Ventas Globales en M\u00e9xico - Nitu - Noticias de la Industria Turistica","twitter_description":"Wyndham Hotels &amp; Resorts, la compa\u00f1\u00eda de franquicias hoteleras m\u00e1s grande del mundo con aproximadamente 8,300 hoteles en m\u00e1s de 100 pa\u00edses, anunci\u00f3 el nombramiento de Ariadna L\u00f3pez como Directora de Ventas Globales para su equipo corporativo en M\u00e9xico.\u00a0De esta manera, el equipo de Ventas Globales para Latinoam\u00e9rica y el Caribe de Wyndham Hotels &amp; [&hellip;]","twitter_image":"https:\/\/nitu.mx\/wp-content\/uploads\/2025\/09\/Wyndham-Hotels-Ariadna-Lopez.jpg","twitter_creator":"@NITUmx","twitter_site":"@Arturo_Medina_G","twitter_misc":{"Escrito por":"Redacci\u00f3n","Tiempo de lectura":"3 minutos"},"schema":{"@context":"https:\/\/schema.org","@graph":[{"@type":"Article","@id":"https:\/\/nitu.mx\/index.php\/2025\/09\/17\/wyndham-nombra-a-ariadna-lopez-como-directora-de-ventas-globales-en-mexico\/#article","isPartOf":{"@id":"https:\/\/nitu.mx\/index.php\/2025\/09\/17\/wyndham-nombra-a-ariadna-lopez-como-directora-de-ventas-globales-en-mexico\/"},"author":{"name":"Redacci\u00f3n","@id":"https:\/\/nitu.mx\/#\/schema\/person\/4a28fe9bd65924f7c90623773daf1b0b"},"headline":"Wyndham nombra a Ariadna L\u00f3pez como Directora de Ventas Globales en M\u00e9xico","datePublished":"2025-09-17T19:05:05+00:00","dateModified":"2025-09-17T19:11:20+00:00","mainEntityOfPage":{"@id":"https:\/\/nitu.mx\/index.php\/2025\/09\/17\/wyndham-nombra-a-ariadna-lopez-como-directora-de-ventas-globales-en-mexico\/"},"wordCount":538,"publisher":{"@id":"https:\/\/nitu.mx\/#\/schema\/person\/ae7a53426417292d3dd07b45a33e01bc"},"image":{"@id":"https:\/\/nitu.mx\/index.php\/2025\/09\/17\/wyndham-nombra-a-ariadna-lopez-como-directora-de-ventas-globales-en-mexico\/#primaryimage"},"thumbnailUrl":"https:\/\/nitu.mx\/wp-content\/uploads\/2025\/09\/Wyndham-Hotels-Ariadna-Lopez.jpg","keywords":["Ariadna L\u00f3pez","Wyndham Hotels &amp; Resorts"],"articleSection":["Hoteles"],"inLanguage":"es-MX"},{"@type":"WebPage","@id":"https:\/\/nitu.mx\/index.php\/2025\/09\/17\/wyndham-nombra-a-ariadna-lopez-como-directora-de-ventas-globales-en-mexico\/","url":"https:\/\/nitu.mx\/index.php\/2025\/09\/17\/wyndham-nombra-a-ariadna-lopez-como-directora-de-ventas-globales-en-mexico\/","name":"Wyndham nombra a Ariadna L\u00f3pez como Directora de Ventas Globales en M\u00e9xico - Nitu - Noticias de la Industria Turistica","isPartOf":{"@id":"https:\/\/nitu.mx\/#website"},"primaryImageOfPage":{"@id":"https:\/\/nitu.mx\/index.php\/2025\/09\/17\/wyndham-nombra-a-ariadna-lopez-como-directora-de-ventas-globales-en-mexico\/#primaryimage"},"image":{"@id":"https:\/\/nitu.mx\/index.php\/2025\/09\/17\/wyndham-nombra-a-ariadna-lopez-como-directora-de-ventas-globales-en-mexico\/#primaryimage"},"thumbnailUrl":"https:\/\/nitu.mx\/wp-content\/uploads\/2025\/09\/Wyndham-Hotels-Ariadna-Lopez.jpg","datePublished":"2025-09-17T19:05:05+00:00","dateModified":"2025-09-17T19:11:20+00:00","breadcrumb":{"@id":"https:\/\/nitu.mx\/index.php\/2025\/09\/17\/wyndham-nombra-a-ariadna-lopez-como-directora-de-ventas-globales-en-mexico\/#breadcrumb"},"inLanguage":"es-MX","potentialAction":[{"@type":"ReadAction","target":["https:\/\/nitu.mx\/index.php\/2025\/09\/17\/wyndham-nombra-a-ariadna-lopez-como-directora-de-ventas-globales-en-mexico\/"]}]},{"@type":"ImageObject","inLanguage":"es-MX","@id":"https:\/\/nitu.mx\/index.php\/2025\/09\/17\/wyndham-nombra-a-ariadna-lopez-como-directora-de-ventas-globales-en-mexico\/#primaryimage","url":"https:\/\/nitu.mx\/wp-content\/uploads\/2025\/09\/Wyndham-Hotels-Ariadna-Lopez.jpg","contentUrl":"https:\/\/nitu.mx\/wp-content\/uploads\/2025\/09\/Wyndham-Hotels-Ariadna-Lopez.jpg","width":1200,"height":675,"caption":"Wyndham Hotels Ariadna L\u00f3pez"},{"@type":"BreadcrumbList","@id":"https:\/\/nitu.mx\/index.php\/2025\/09\/17\/wyndham-nombra-a-ariadna-lopez-como-directora-de-ventas-globales-en-mexico\/#breadcrumb","itemListElement":[{"@type":"ListItem","position":1,"name":"Inicio","item":"https:\/\/nitu.mx\/"},{"@type":"ListItem","position":2,"name":"Wyndham nombra a Ariadna L\u00f3pez como Directora de Ventas Globales en M\u00e9xico"}]},{"@type":"WebSite","@id":"https:\/\/nitu.mx\/#website","url":"https:\/\/nitu.mx\/","name":"Nitu - Noticias de la Industria Turistica","description":"Noticias de la Industria Turistica","publisher":{"@id":"https:\/\/nitu.mx\/#\/schema\/person\/ae7a53426417292d3dd07b45a33e01bc"},"alternateName":"Noticias de la Industria Turistica","potentialAction":[{"@type":"SearchAction","target":{"@type":"EntryPoint","urlTemplate":"https:\/\/nitu.mx\/?s={search_term_string}"},"query-input":"required name=search_term_string"}],"inLanguage":"es-MX"},{"@type":["Person","Organization"],"@id":"https:\/\/nitu.mx\/#\/schema\/person\/ae7a53426417292d3dd07b45a33e01bc","name":"Arturo Medina","image":{"@type":"ImageObject","inLanguage":"es-MX","@id":"https:\/\/nitu.mx\/#\/schema\/person\/image\/","url":"https:\/\/nitu.mx\/wp-content\/uploads\/2024\/04\/4A315622-1904-4D5C-B022-878CDC840E04-90x90-1.jpeg","contentUrl":"https:\/\/nitu.mx\/wp-content\/uploads\/2024\/04\/4A315622-1904-4D5C-B022-878CDC840E04-90x90-1.jpeg","width":90,"height":90,"caption":"Arturo Medina"},"logo":{"@id":"https:\/\/nitu.mx\/#\/schema\/person\/image\/"},"description":"Director NITU.mx, Egresado de la Escuela de Periodismo Carlos Septi\u00e9n Garc\u00eda. Periodista y analista especializado en turismo desde hace 35 a\u00f1os, radicado en Canc\u00fan Q.Roo. arturo@nitu.mx","sameAs":["https:\/\/nitu.mx","https:\/\/www.facebook.com\/NITUmx\/","medinacancun","https:\/\/twitter.com\/@Arturo_Medina_G"]},{"@type":"Person","@id":"https:\/\/nitu.mx\/#\/schema\/person\/4a28fe9bd65924f7c90623773daf1b0b","name":"Redacci\u00f3n","image":{"@type":"ImageObject","inLanguage":"es-MX","@id":"https:\/\/nitu.mx\/#\/schema\/person\/image\/","url":"https:\/\/secure.gravatar.com\/avatar\/5dd011c8ccfc5cd7e4c81e42252aab38?s=96&d=mm&r=g","contentUrl":"https:\/\/secure.gravatar.com\/avatar\/5dd011c8ccfc5cd7e4c81e42252aab38?s=96&d=mm&r=g","caption":"Redacci\u00f3n"},"url":"https:\/\/nitu.mx\/index.php\/author\/redaccion\/"}]}},"views":748,"_links":{"self":[{"href":"https:\/\/nitu.mx\/index.php\/wp-json\/wp\/v2\/posts\/83502"}],"collection":[{"href":"https:\/\/nitu.mx\/index.php\/wp-json\/wp\/v2\/posts"}],"about":[{"href":"https:\/\/nitu.mx\/index.php\/wp-json\/wp\/v2\/types\/post"}],"author":[{"embeddable":true,"href":"https:\/\/nitu.mx\/index.php\/wp-json\/wp\/v2\/users\/17"}],"replies":[{"embeddable":true,"href":"https:\/\/nitu.mx\/index.php\/wp-json\/wp\/v2\/comments?post=83502"}],"version-history":[{"count":2,"href":"https:\/\/nitu.mx\/index.php\/wp-json\/wp\/v2\/posts\/83502\/revisions"}],"predecessor-version":[{"id":83509,"href":"https:\/\/nitu.mx\/index.php\/wp-json\/wp\/v2\/posts\/83502\/revisions\/83509"}],"wp:featuredmedia":[{"embeddable":true,"href":"https:\/\/nitu.mx\/index.php\/wp-json\/wp\/v2\/media\/83505"}],"wp:attachment":[{"href":"https:\/\/nitu.mx\/index.php\/wp-json\/wp\/v2\/media?parent=83502"}],"wp:term":[{"taxonomy":"category","embeddable":true,"href":"https:\/\/nitu.mx\/index.php\/wp-json\/wp\/v2\/categories?post=83502"},{"taxonomy":"post_tag","embeddable":true,"href":"https:\/\/nitu.mx\/index.php\/wp-json\/wp\/v2\/tags?post=83502"}],"curies":[{"name":"wp","href":"https:\/\/api.w.org\/{rel}","templated":true}]}}