{"id":83490,"date":"2025-09-16T22:41:04","date_gmt":"2025-09-17T04:41:04","guid":{"rendered":"https:\/\/nitu.mx\/?p=83490"},"modified":"2025-09-16T22:41:04","modified_gmt":"2025-09-17T04:41:04","slug":"iberia-prepara-un-invierno-con-nuevas-rutas-y-mas-frecuencias-en-america","status":"publish","type":"post","link":"https:\/\/nitu.mx\/index.php\/2025\/09\/16\/iberia-prepara-un-invierno-con-nuevas-rutas-y-mas-frecuencias-en-america\/","title":{"rendered":"Iberia prepara un invierno con nuevas rutas y m\u00e1s frecuencias en Am\u00e9rica"},"content":{"rendered":"\n<p>Iberia estrena la temporada de invierno (26 de octubre de 2025 al 28 de marzo de 2026) con nuevas rutas, el incremento de frecuencias a destinos de Am\u00e9rica Latina, Norteam\u00e9rica y Europa, as\u00ed como la puesta en marcha de las rutas estacionales propias de esta \u00e9poca del a\u00f1o.\u00a0Una atractiva propuesta de destinos con la que los clientes de la compa\u00f1\u00eda podr\u00e1n planificar sus escapadas de los pr\u00f3ximos meses.<\/p>\n\n\n\n<p>Una de las principales novedades de la temporada de invierno es la inauguraci\u00f3n de tres nuevas rutas internacionales de largo radio: Orlando en Estados Unidos, y Recife y Fortaleza en Brasil. A partir del 26 de octubre, la aerol\u00ednea estrenar\u00e1 vuelos directos entre Madrid y Orlando (Estados Unidos), con cuatro frecuencias semanales operadas con aviones A330 de 292 plazas. Con esta nueva ruta, Iberia ofrecer\u00e1 ya 9 destinos directos en Estados Unidos, consolidando su liderazgo entre Espa\u00f1a y Norteam\u00e9rica.<\/p>\n\n\n\n<p>En Brasil, Iberia refuerza su presencia con dos nuevos destinos. El 13 de diciembre comenzar\u00e1n los vuelos directos a Recife, con tres frecuencias semanales, y el 19 de enero se sumar\u00e1 Fortaleza, tambi\u00e9n con tres frecuencias semanales. Ambas rutas ser\u00e1n operadas con los innovadores Airbus A321XLR, del que Iberia fue aerol\u00ednea lanzadora mundial a finales del pasado a\u00f1o.<\/p>\n\n\n\n<p>Estos nuevos destinos forman parte del Plan de Vuelo 2030 de Iberia, la hoja de ruta de crecimiento de la compa\u00f1\u00eda para los pr\u00f3ximos a\u00f1os. El objetivo de este plan es fortalecer la posici\u00f3n de Iberia en los mercados estrat\u00e9gicos, incrementando la conectividad en Am\u00e9rica y Europa.<\/p>\n\n\n\n<p>Junto a los nuevos destinos, Iberia va a incrementar frecuencias en mercados clave de Am\u00e9rica Latina y Norteam\u00e9rica durante los pr\u00f3ximos meses. <\/p>\n\n\n\n<p>En Rep\u00fablica Dominicana y Puerto Rico, la aerol\u00ednea alcanzar\u00e1 un r\u00e9cord hist\u00f3rico de frecuencias, con un aumento significativo en ambos destinos. La ruta Madrid- Santo Domingo se ver\u00e1 incrementada con hasta cuatro frecuencias semanales m\u00e1s, llegando a tener dos vuelos diarios, y la ruta Madrid-San Juan de Puerto Rico contar\u00e1 con hasta siete frecuencias m\u00e1s con respecto a la pasada temporada de invierno, llegando hasta las 14 semanales.<\/p>\n\n\n\n<p>El incremento de frecuencias tambi\u00e9n se ver\u00e1 reflejado en R\u00edo de Janeiro, que alcanzar\u00e1 siete vuelos semanales en el mes de febrero, coincidiendo con la \u00e9poca del carnaval. Asimismo, Santiago de Chile pasar\u00e1 de diez a doce frecuencias semanales y Lima llegar\u00e1 a las 14, una m\u00e1s que el invierno pasado.<\/p>\n\n\n\n<p>En Norteam\u00e9rica tambi\u00e9n se ver\u00e1 incrementada la operativa de Iberia. Nueva York, uno de los destinos m\u00e1s demandados, contar\u00e1 con dos vuelos diarios durante todo el invierno. La ruta Madrid-Boston ver\u00e1 duplicada sus operaciones, con hasta dos vuelos diarios, operados por el A321XLR. Y Washington se consolida como destino anual, con tres vuelos semanales programados durante el invierno.<\/p>\n\n\n\n<p>\u201cEste invierno seguimos creciendo para conectar Am\u00e9rica Latina, y Norteam\u00e9rica con Europa a trav\u00e9s de nuestro hub de Madrid. Am\u00e9rica Latina forma parte del ADN de Iberia y por eso seguimos invirtiendo en este mercado. Lo demuestra la apertura de dos nuevas rutas: Recife y Fortaleza en Brasil. Adem\u00e1s, este invierno alcanzamos un r\u00e9cord hist\u00f3rico de frecuencias en Rep\u00fablica Dominicana y Puerto Rico, y reforzamos destinos como Santiago de Chile, Lima o R\u00edo de Janeiro, para responder a la fuerte demanda de viajes entre ambas orillas del Atl\u00e1ntico. Y en Estados Unidos, adem\u00e1s de estrenar una nueva ruta en octubre, con vuelos directos a Orlando, reforzamos las frecuencias con Nueva York, Boston y Washington, consolidando nuestra posici\u00f3n como la aerol\u00ednea l\u00edder en el tr\u00e1fico entre Espa\u00f1a y Norteam\u00e9rica&#8221;, asegura Mar\u00eda Jes\u00fas L\u00f3pez Sol\u00e1s, directora Comercial, Desarrollo de Red y Alianzas. (<a href=\"https:\/\/nitu.mx\/index.php\/2025\/08\/10\/iberia-rompe-record-de-capacidad-con-america-latina-con-5-5-millones-de-asientos-en-2025\/\">Iberia rompe r\u00e9cord de capacidad con Am\u00e9rica Latina con 5.5 millones de asientos en 2025<\/a>).<\/p>\n","protected":false},"excerpt":{"rendered":"<p>Iberia estrena la temporada de invierno (26 de octubre de 2025 al 28 de marzo de 2026) con nuevas rutas, el incremento de frecuencias a destinos de Am\u00e9rica Latina, Norteam\u00e9rica y Europa, as\u00ed como la puesta en marcha de las rutas estacionales propias de esta \u00e9poca del a\u00f1o.\u00a0Una atractiva propuesta de destinos con la que [&hellip;]<\/p>\n","protected":false},"author":17,"featured_media":60679,"comment_status":"closed","ping_status":"closed","sticky":false,"template":"","format":"standard","meta":{"footnotes":""},"categories":[29],"tags":[3953,1304,7124,69,24436],"yoast_head":"<!-- This site is optimized with the Yoast SEO plugin v22.2 - https:\/\/yoast.com\/wordpress\/plugins\/seo\/ -->\n<title>Iberia prepara un invierno con nuevas rutas y m\u00e1s frecuencias en Am\u00e9rica - Nitu - Noticias de la Industria Turistica<\/title>\n<meta name=\"robots\" content=\"index, follow, max-snippet:-1, max-image-preview:large, max-video-preview:-1\" \/>\n<link rel=\"canonical\" href=\"https:\/\/nitu.mx\/index.php\/2025\/09\/16\/iberia-prepara-un-invierno-con-nuevas-rutas-y-mas-frecuencias-en-america\/\" \/>\n<meta name=\"twitter:card\" content=\"summary_large_image\" \/>\n<meta name=\"twitter:title\" content=\"Iberia prepara un invierno con nuevas rutas y m\u00e1s frecuencias en Am\u00e9rica - Nitu - Noticias de la Industria Turistica\" \/>\n<meta name=\"twitter:description\" content=\"Iberia estrena la temporada de invierno (26 de octubre de 2025 al 28 de marzo de 2026) con nuevas rutas, el incremento de frecuencias a destinos de Am\u00e9rica Latina, Norteam\u00e9rica y Europa, as\u00ed como la puesta en marcha de las rutas estacionales propias de esta \u00e9poca del a\u00f1o.\u00a0Una atractiva propuesta de destinos con la que [&hellip;]\" \/>\n<meta name=\"twitter:image\" content=\"https:\/\/nitu.mx\/wp-content\/uploads\/2022\/08\/Iberia-invierno.jpg\" \/>\n<meta name=\"twitter:creator\" content=\"@NITUmx\" \/>\n<meta name=\"twitter:site\" content=\"@Arturo_Medina_G\" \/>\n<meta name=\"twitter:label1\" content=\"Escrito por\" \/>\n\t<meta name=\"twitter:data1\" content=\"Redacci\u00f3n\" \/>\n\t<meta name=\"twitter:label2\" content=\"Tiempo de lectura\" \/>\n\t<meta name=\"twitter:data2\" content=\"3 minutos\" \/>\n<script type=\"application\/ld+json\" class=\"yoast-schema-graph\">{\"@context\":\"https:\/\/schema.org\",\"@graph\":[{\"@type\":\"Article\",\"@id\":\"https:\/\/nitu.mx\/index.php\/2025\/09\/16\/iberia-prepara-un-invierno-con-nuevas-rutas-y-mas-frecuencias-en-america\/#article\",\"isPartOf\":{\"@id\":\"https:\/\/nitu.mx\/index.php\/2025\/09\/16\/iberia-prepara-un-invierno-con-nuevas-rutas-y-mas-frecuencias-en-america\/\"},\"author\":{\"name\":\"Redacci\u00f3n\",\"@id\":\"https:\/\/nitu.mx\/#\/schema\/person\/4a28fe9bd65924f7c90623773daf1b0b\"},\"headline\":\"Iberia prepara un invierno con nuevas rutas y m\u00e1s frecuencias en Am\u00e9rica\",\"datePublished\":\"2025-09-17T04:41:04+00:00\",\"dateModified\":\"2025-09-17T04:41:04+00:00\",\"mainEntityOfPage\":{\"@id\":\"https:\/\/nitu.mx\/index.php\/2025\/09\/16\/iberia-prepara-un-invierno-con-nuevas-rutas-y-mas-frecuencias-en-america\/\"},\"wordCount\":668,\"publisher\":{\"@id\":\"https:\/\/nitu.mx\/#\/schema\/person\/ae7a53426417292d3dd07b45a33e01bc\"},\"image\":{\"@id\":\"https:\/\/nitu.mx\/index.php\/2025\/09\/16\/iberia-prepara-un-invierno-con-nuevas-rutas-y-mas-frecuencias-en-america\/#primaryimage\"},\"thumbnailUrl\":\"https:\/\/nitu.mx\/wp-content\/uploads\/2022\/08\/Iberia-invierno.jpg\",\"keywords\":[\"conectividad\",\"Iberia\",\"invierno\",\"Latinoam\u00e9rica\",\"Mar\u00eda Jes\u00fas L\u00f3pez Sol\u00e1s\"],\"articleSection\":[\"Aerol\u00edneas\"],\"inLanguage\":\"es-MX\"},{\"@type\":\"WebPage\",\"@id\":\"https:\/\/nitu.mx\/index.php\/2025\/09\/16\/iberia-prepara-un-invierno-con-nuevas-rutas-y-mas-frecuencias-en-america\/\",\"url\":\"https:\/\/nitu.mx\/index.php\/2025\/09\/16\/iberia-prepara-un-invierno-con-nuevas-rutas-y-mas-frecuencias-en-america\/\",\"name\":\"Iberia prepara un invierno con nuevas rutas y m\u00e1s frecuencias en Am\u00e9rica - Nitu - Noticias de la Industria Turistica\",\"isPartOf\":{\"@id\":\"https:\/\/nitu.mx\/#website\"},\"primaryImageOfPage\":{\"@id\":\"https:\/\/nitu.mx\/index.php\/2025\/09\/16\/iberia-prepara-un-invierno-con-nuevas-rutas-y-mas-frecuencias-en-america\/#primaryimage\"},\"image\":{\"@id\":\"https:\/\/nitu.mx\/index.php\/2025\/09\/16\/iberia-prepara-un-invierno-con-nuevas-rutas-y-mas-frecuencias-en-america\/#primaryimage\"},\"thumbnailUrl\":\"https:\/\/nitu.mx\/wp-content\/uploads\/2022\/08\/Iberia-invierno.jpg\",\"datePublished\":\"2025-09-17T04:41:04+00:00\",\"dateModified\":\"2025-09-17T04:41:04+00:00\",\"breadcrumb\":{\"@id\":\"https:\/\/nitu.mx\/index.php\/2025\/09\/16\/iberia-prepara-un-invierno-con-nuevas-rutas-y-mas-frecuencias-en-america\/#breadcrumb\"},\"inLanguage\":\"es-MX\",\"potentialAction\":[{\"@type\":\"ReadAction\",\"target\":[\"https:\/\/nitu.mx\/index.php\/2025\/09\/16\/iberia-prepara-un-invierno-con-nuevas-rutas-y-mas-frecuencias-en-america\/\"]}]},{\"@type\":\"ImageObject\",\"inLanguage\":\"es-MX\",\"@id\":\"https:\/\/nitu.mx\/index.php\/2025\/09\/16\/iberia-prepara-un-invierno-con-nuevas-rutas-y-mas-frecuencias-en-america\/#primaryimage\",\"url\":\"https:\/\/nitu.mx\/wp-content\/uploads\/2022\/08\/Iberia-invierno.jpg\",\"contentUrl\":\"https:\/\/nitu.mx\/wp-content\/uploads\/2022\/08\/Iberia-invierno.jpg\",\"width\":1200,\"height\":675,\"caption\":\"Iberia\"},{\"@type\":\"BreadcrumbList\",\"@id\":\"https:\/\/nitu.mx\/index.php\/2025\/09\/16\/iberia-prepara-un-invierno-con-nuevas-rutas-y-mas-frecuencias-en-america\/#breadcrumb\",\"itemListElement\":[{\"@type\":\"ListItem\",\"position\":1,\"name\":\"Inicio\",\"item\":\"https:\/\/nitu.mx\/\"},{\"@type\":\"ListItem\",\"position\":2,\"name\":\"Iberia prepara un invierno con nuevas rutas y m\u00e1s frecuencias en Am\u00e9rica\"}]},{\"@type\":\"WebSite\",\"@id\":\"https:\/\/nitu.mx\/#website\",\"url\":\"https:\/\/nitu.mx\/\",\"name\":\"Nitu - Noticias de la Industria Turistica\",\"description\":\"Noticias de la Industria Turistica\",\"publisher\":{\"@id\":\"https:\/\/nitu.mx\/#\/schema\/person\/ae7a53426417292d3dd07b45a33e01bc\"},\"alternateName\":\"Noticias de la Industria Turistica\",\"potentialAction\":[{\"@type\":\"SearchAction\",\"target\":{\"@type\":\"EntryPoint\",\"urlTemplate\":\"https:\/\/nitu.mx\/?s={search_term_string}\"},\"query-input\":\"required name=search_term_string\"}],\"inLanguage\":\"es-MX\"},{\"@type\":[\"Person\",\"Organization\"],\"@id\":\"https:\/\/nitu.mx\/#\/schema\/person\/ae7a53426417292d3dd07b45a33e01bc\",\"name\":\"Arturo Medina\",\"image\":{\"@type\":\"ImageObject\",\"inLanguage\":\"es-MX\",\"@id\":\"https:\/\/nitu.mx\/#\/schema\/person\/image\/\",\"url\":\"https:\/\/nitu.mx\/wp-content\/uploads\/2024\/04\/4A315622-1904-4D5C-B022-878CDC840E04-90x90-1.jpeg\",\"contentUrl\":\"https:\/\/nitu.mx\/wp-content\/uploads\/2024\/04\/4A315622-1904-4D5C-B022-878CDC840E04-90x90-1.jpeg\",\"width\":90,\"height\":90,\"caption\":\"Arturo Medina\"},\"logo\":{\"@id\":\"https:\/\/nitu.mx\/#\/schema\/person\/image\/\"},\"description\":\"Director NITU.mx, Egresado de la Escuela de Periodismo Carlos Septi\u00e9n Garc\u00eda. Periodista y analista especializado en turismo desde hace 35 a\u00f1os, radicado en Canc\u00fan Q.Roo. arturo@nitu.mx\",\"sameAs\":[\"https:\/\/nitu.mx\",\"https:\/\/www.facebook.com\/NITUmx\/\",\"medinacancun\",\"https:\/\/twitter.com\/@Arturo_Medina_G\"]},{\"@type\":\"Person\",\"@id\":\"https:\/\/nitu.mx\/#\/schema\/person\/4a28fe9bd65924f7c90623773daf1b0b\",\"name\":\"Redacci\u00f3n\",\"image\":{\"@type\":\"ImageObject\",\"inLanguage\":\"es-MX\",\"@id\":\"https:\/\/nitu.mx\/#\/schema\/person\/image\/\",\"url\":\"https:\/\/secure.gravatar.com\/avatar\/5dd011c8ccfc5cd7e4c81e42252aab38?s=96&d=mm&r=g\",\"contentUrl\":\"https:\/\/secure.gravatar.com\/avatar\/5dd011c8ccfc5cd7e4c81e42252aab38?s=96&d=mm&r=g\",\"caption\":\"Redacci\u00f3n\"},\"url\":\"https:\/\/nitu.mx\/index.php\/author\/redaccion\/\"}]}<\/script>\n<!-- \/ Yoast SEO plugin. -->","yoast_head_json":{"title":"Iberia prepara un invierno con nuevas rutas y m\u00e1s frecuencias en Am\u00e9rica - Nitu - Noticias de la Industria Turistica","robots":{"index":"index","follow":"follow","max-snippet":"max-snippet:-1","max-image-preview":"max-image-preview:large","max-video-preview":"max-video-preview:-1"},"canonical":"https:\/\/nitu.mx\/index.php\/2025\/09\/16\/iberia-prepara-un-invierno-con-nuevas-rutas-y-mas-frecuencias-en-america\/","twitter_card":"summary_large_image","twitter_title":"Iberia prepara un invierno con nuevas rutas y m\u00e1s frecuencias en Am\u00e9rica - Nitu - Noticias de la Industria Turistica","twitter_description":"Iberia estrena la temporada de invierno (26 de octubre de 2025 al 28 de marzo de 2026) con nuevas rutas, el incremento de frecuencias a destinos de Am\u00e9rica Latina, Norteam\u00e9rica y Europa, as\u00ed como la puesta en marcha de las rutas estacionales propias de esta \u00e9poca del a\u00f1o.\u00a0Una atractiva propuesta de destinos con la que [&hellip;]","twitter_image":"https:\/\/nitu.mx\/wp-content\/uploads\/2022\/08\/Iberia-invierno.jpg","twitter_creator":"@NITUmx","twitter_site":"@Arturo_Medina_G","twitter_misc":{"Escrito por":"Redacci\u00f3n","Tiempo de lectura":"3 minutos"},"schema":{"@context":"https:\/\/schema.org","@graph":[{"@type":"Article","@id":"https:\/\/nitu.mx\/index.php\/2025\/09\/16\/iberia-prepara-un-invierno-con-nuevas-rutas-y-mas-frecuencias-en-america\/#article","isPartOf":{"@id":"https:\/\/nitu.mx\/index.php\/2025\/09\/16\/iberia-prepara-un-invierno-con-nuevas-rutas-y-mas-frecuencias-en-america\/"},"author":{"name":"Redacci\u00f3n","@id":"https:\/\/nitu.mx\/#\/schema\/person\/4a28fe9bd65924f7c90623773daf1b0b"},"headline":"Iberia prepara un invierno con nuevas rutas y m\u00e1s frecuencias en Am\u00e9rica","datePublished":"2025-09-17T04:41:04+00:00","dateModified":"2025-09-17T04:41:04+00:00","mainEntityOfPage":{"@id":"https:\/\/nitu.mx\/index.php\/2025\/09\/16\/iberia-prepara-un-invierno-con-nuevas-rutas-y-mas-frecuencias-en-america\/"},"wordCount":668,"publisher":{"@id":"https:\/\/nitu.mx\/#\/schema\/person\/ae7a53426417292d3dd07b45a33e01bc"},"image":{"@id":"https:\/\/nitu.mx\/index.php\/2025\/09\/16\/iberia-prepara-un-invierno-con-nuevas-rutas-y-mas-frecuencias-en-america\/#primaryimage"},"thumbnailUrl":"https:\/\/nitu.mx\/wp-content\/uploads\/2022\/08\/Iberia-invierno.jpg","keywords":["conectividad","Iberia","invierno","Latinoam\u00e9rica","Mar\u00eda Jes\u00fas L\u00f3pez Sol\u00e1s"],"articleSection":["Aerol\u00edneas"],"inLanguage":"es-MX"},{"@type":"WebPage","@id":"https:\/\/nitu.mx\/index.php\/2025\/09\/16\/iberia-prepara-un-invierno-con-nuevas-rutas-y-mas-frecuencias-en-america\/","url":"https:\/\/nitu.mx\/index.php\/2025\/09\/16\/iberia-prepara-un-invierno-con-nuevas-rutas-y-mas-frecuencias-en-america\/","name":"Iberia prepara un invierno con nuevas rutas y m\u00e1s frecuencias en Am\u00e9rica - Nitu - Noticias de la Industria Turistica","isPartOf":{"@id":"https:\/\/nitu.mx\/#website"},"primaryImageOfPage":{"@id":"https:\/\/nitu.mx\/index.php\/2025\/09\/16\/iberia-prepara-un-invierno-con-nuevas-rutas-y-mas-frecuencias-en-america\/#primaryimage"},"image":{"@id":"https:\/\/nitu.mx\/index.php\/2025\/09\/16\/iberia-prepara-un-invierno-con-nuevas-rutas-y-mas-frecuencias-en-america\/#primaryimage"},"thumbnailUrl":"https:\/\/nitu.mx\/wp-content\/uploads\/2022\/08\/Iberia-invierno.jpg","datePublished":"2025-09-17T04:41:04+00:00","dateModified":"2025-09-17T04:41:04+00:00","breadcrumb":{"@id":"https:\/\/nitu.mx\/index.php\/2025\/09\/16\/iberia-prepara-un-invierno-con-nuevas-rutas-y-mas-frecuencias-en-america\/#breadcrumb"},"inLanguage":"es-MX","potentialAction":[{"@type":"ReadAction","target":["https:\/\/nitu.mx\/index.php\/2025\/09\/16\/iberia-prepara-un-invierno-con-nuevas-rutas-y-mas-frecuencias-en-america\/"]}]},{"@type":"ImageObject","inLanguage":"es-MX","@id":"https:\/\/nitu.mx\/index.php\/2025\/09\/16\/iberia-prepara-un-invierno-con-nuevas-rutas-y-mas-frecuencias-en-america\/#primaryimage","url":"https:\/\/nitu.mx\/wp-content\/uploads\/2022\/08\/Iberia-invierno.jpg","contentUrl":"https:\/\/nitu.mx\/wp-content\/uploads\/2022\/08\/Iberia-invierno.jpg","width":1200,"height":675,"caption":"Iberia"},{"@type":"BreadcrumbList","@id":"https:\/\/nitu.mx\/index.php\/2025\/09\/16\/iberia-prepara-un-invierno-con-nuevas-rutas-y-mas-frecuencias-en-america\/#breadcrumb","itemListElement":[{"@type":"ListItem","position":1,"name":"Inicio","item":"https:\/\/nitu.mx\/"},{"@type":"ListItem","position":2,"name":"Iberia prepara un invierno con nuevas rutas y m\u00e1s frecuencias en Am\u00e9rica"}]},{"@type":"WebSite","@id":"https:\/\/nitu.mx\/#website","url":"https:\/\/nitu.mx\/","name":"Nitu - Noticias de la Industria Turistica","description":"Noticias de la Industria Turistica","publisher":{"@id":"https:\/\/nitu.mx\/#\/schema\/person\/ae7a53426417292d3dd07b45a33e01bc"},"alternateName":"Noticias de la Industria Turistica","potentialAction":[{"@type":"SearchAction","target":{"@type":"EntryPoint","urlTemplate":"https:\/\/nitu.mx\/?s={search_term_string}"},"query-input":"required name=search_term_string"}],"inLanguage":"es-MX"},{"@type":["Person","Organization"],"@id":"https:\/\/nitu.mx\/#\/schema\/person\/ae7a53426417292d3dd07b45a33e01bc","name":"Arturo Medina","image":{"@type":"ImageObject","inLanguage":"es-MX","@id":"https:\/\/nitu.mx\/#\/schema\/person\/image\/","url":"https:\/\/nitu.mx\/wp-content\/uploads\/2024\/04\/4A315622-1904-4D5C-B022-878CDC840E04-90x90-1.jpeg","contentUrl":"https:\/\/nitu.mx\/wp-content\/uploads\/2024\/04\/4A315622-1904-4D5C-B022-878CDC840E04-90x90-1.jpeg","width":90,"height":90,"caption":"Arturo Medina"},"logo":{"@id":"https:\/\/nitu.mx\/#\/schema\/person\/image\/"},"description":"Director NITU.mx, Egresado de la Escuela de Periodismo Carlos Septi\u00e9n Garc\u00eda. Periodista y analista especializado en turismo desde hace 35 a\u00f1os, radicado en Canc\u00fan Q.Roo. arturo@nitu.mx","sameAs":["https:\/\/nitu.mx","https:\/\/www.facebook.com\/NITUmx\/","medinacancun","https:\/\/twitter.com\/@Arturo_Medina_G"]},{"@type":"Person","@id":"https:\/\/nitu.mx\/#\/schema\/person\/4a28fe9bd65924f7c90623773daf1b0b","name":"Redacci\u00f3n","image":{"@type":"ImageObject","inLanguage":"es-MX","@id":"https:\/\/nitu.mx\/#\/schema\/person\/image\/","url":"https:\/\/secure.gravatar.com\/avatar\/5dd011c8ccfc5cd7e4c81e42252aab38?s=96&d=mm&r=g","contentUrl":"https:\/\/secure.gravatar.com\/avatar\/5dd011c8ccfc5cd7e4c81e42252aab38?s=96&d=mm&r=g","caption":"Redacci\u00f3n"},"url":"https:\/\/nitu.mx\/index.php\/author\/redaccion\/"}]}},"views":481,"_links":{"self":[{"href":"https:\/\/nitu.mx\/index.php\/wp-json\/wp\/v2\/posts\/83490"}],"collection":[{"href":"https:\/\/nitu.mx\/index.php\/wp-json\/wp\/v2\/posts"}],"about":[{"href":"https:\/\/nitu.mx\/index.php\/wp-json\/wp\/v2\/types\/post"}],"author":[{"embeddable":true,"href":"https:\/\/nitu.mx\/index.php\/wp-json\/wp\/v2\/users\/17"}],"replies":[{"embeddable":true,"href":"https:\/\/nitu.mx\/index.php\/wp-json\/wp\/v2\/comments?post=83490"}],"version-history":[{"count":2,"href":"https:\/\/nitu.mx\/index.php\/wp-json\/wp\/v2\/posts\/83490\/revisions"}],"predecessor-version":[{"id":83494,"href":"https:\/\/nitu.mx\/index.php\/wp-json\/wp\/v2\/posts\/83490\/revisions\/83494"}],"wp:featuredmedia":[{"embeddable":true,"href":"https:\/\/nitu.mx\/index.php\/wp-json\/wp\/v2\/media\/60679"}],"wp:attachment":[{"href":"https:\/\/nitu.mx\/index.php\/wp-json\/wp\/v2\/media?parent=83490"}],"wp:term":[{"taxonomy":"category","embeddable":true,"href":"https:\/\/nitu.mx\/index.php\/wp-json\/wp\/v2\/categories?post=83490"},{"taxonomy":"post_tag","embeddable":true,"href":"https:\/\/nitu.mx\/index.php\/wp-json\/wp\/v2\/tags?post=83490"}],"curies":[{"name":"wp","href":"https:\/\/api.w.org\/{rel}","templated":true}]}}