{"id":83485,"date":"2025-09-16T22:14:59","date_gmt":"2025-09-17T04:14:59","guid":{"rendered":"https:\/\/nitu.mx\/?p=83485"},"modified":"2025-09-16T22:15:00","modified_gmt":"2025-09-17T04:15:00","slug":"mexico-supera-los-72-millones-de-pasajeros-aereos-entre-enero-y-julio-de-2025","status":"publish","type":"post","link":"https:\/\/nitu.mx\/index.php\/2025\/09\/16\/mexico-supera-los-72-millones-de-pasajeros-aereos-entre-enero-y-julio-de-2025\/","title":{"rendered":"M\u00e9xico supera los 72 millones de pasajeros a\u00e9reos entre enero y julio de 2025"},"content":{"rendered":"\n<p>La secretaria de Turismo federal, Josefina Rodr\u00edguez Zamora, dio a conocer que entre enero y julio de 2025, se registraron 36 millones 490 mil pasajeros transportados en vuelos nacionales, un incremento del 4 por ciento con respecto al mismo periodo de 2024 y de 19.3 por ciento en comparaci\u00f3n con 2019.<\/p>\n\n\n\n<p>La titular de la Sectur, refiri\u00f3 que de acuerdo con informaci\u00f3n de la Agencia Federal de Aviaci\u00f3n Civil (AFAC) de la Secretar\u00eda de Infraestructura, Comunicaciones y Transportes (SICT), la actividad tur\u00edstica en M\u00e9xico contin\u00faa en ascenso y 2025 apunta a ser otro a\u00f1o hist\u00f3rico para el turismo en nuestro pa\u00eds.<\/p>\n\n\n\n<p>Subray\u00f3 que, en vuelos nacionales, las aerol\u00edneas con mayor flujo de pasajeros en los primeros siete meses del a\u00f1o fueron Viva Aerobus y Volaris, que en su conjunto transportaron 26 millones 710 mil pasajeros, 7.7 por ciento m\u00e1s a lo observado en 2024.<\/p>\n\n\n\n<p>Por otra parte, entre enero y julio de 2025, se transportaron 35 millones 677 mil pasajeros en vuelos internacionales, es decir, 1.7 y 23.1 por ciento m\u00e1s en comparaci\u00f3n con 2024 y 2019, respectivamente.<\/p>\n\n\n\n<p>En ese sentido, las principales aerol\u00edneas mexicanas que transportaron pasajeros en vuelos internacionales en este periodo fueron Aerom\u00e9xico y Volaris con 8 millones 182 mil pasajeros, 4.3 por ciento m\u00e1s que en 2024. Tambi\u00e9n, las aerol\u00edneas estadounidenses que en estos siete meses tuvieron el mayor flujo de pasajeros fueron American Airlines y United Airlines, con 8 millones 57 mil pasajeros transportados. (<a href=\"https:\/\/nitu.mx\/index.php\/2025\/08\/04\/mexico-registra-mas-de-61-millones-de-pasajeros-aereos-en-el-primer-semestre-de-2025\/\">M\u00e9xico registra m\u00e1s de 61 millones de pasajeros a\u00e9reos en el primer semestre de 2025<\/a>).<\/p>\n","protected":false},"excerpt":{"rendered":"<p>La secretaria de Turismo federal, Josefina Rodr\u00edguez Zamora, dio a conocer que entre enero y julio de 2025, se registraron 36 millones 490 mil pasajeros transportados en vuelos nacionales, un incremento del 4 por ciento con respecto al mismo periodo de 2024 y de 19.3 por ciento en comparaci\u00f3n con 2019. La titular de la [&hellip;]<\/p>\n","protected":false},"author":17,"featured_media":83488,"comment_status":"closed","ping_status":"closed","sticky":false,"template":"","format":"standard","meta":{"footnotes":""},"categories":[29],"tags":[14341,25659,5692,93,23003],"yoast_head":"<!-- This site is optimized with the Yoast SEO plugin v22.2 - https:\/\/yoast.com\/wordpress\/plugins\/seo\/ -->\n<title>M\u00e9xico supera los 72 millones de pasajeros a\u00e9reos entre enero y julio de 2025 - Nitu - Noticias de la Industria Turistica<\/title>\n<meta name=\"robots\" content=\"index, follow, max-snippet:-1, max-image-preview:large, max-video-preview:-1\" \/>\n<link rel=\"canonical\" href=\"https:\/\/nitu.mx\/index.php\/2025\/09\/16\/mexico-supera-los-72-millones-de-pasajeros-aereos-entre-enero-y-julio-de-2025\/\" \/>\n<meta name=\"twitter:card\" content=\"summary_large_image\" \/>\n<meta name=\"twitter:title\" content=\"M\u00e9xico supera los 72 millones de pasajeros a\u00e9reos entre enero y julio de 2025 - Nitu - Noticias de la Industria Turistica\" \/>\n<meta name=\"twitter:description\" content=\"La secretaria de Turismo federal, Josefina Rodr\u00edguez Zamora, dio a conocer que entre enero y julio de 2025, se registraron 36 millones 490 mil pasajeros transportados en vuelos nacionales, un incremento del 4 por ciento con respecto al mismo periodo de 2024 y de 19.3 por ciento en comparaci\u00f3n con 2019. La titular de la [&hellip;]\" \/>\n<meta name=\"twitter:image\" content=\"https:\/\/nitu.mx\/wp-content\/uploads\/2025\/09\/Aeropuerto-de-Cancun-2024.jpg\" \/>\n<meta name=\"twitter:creator\" content=\"@NITUmx\" \/>\n<meta name=\"twitter:site\" content=\"@Arturo_Medina_G\" \/>\n<meta name=\"twitter:label1\" content=\"Escrito por\" \/>\n\t<meta name=\"twitter:data1\" content=\"Redacci\u00f3n\" \/>\n\t<meta name=\"twitter:label2\" content=\"Tiempo de lectura\" \/>\n\t<meta name=\"twitter:data2\" content=\"1 minuto\" \/>\n<script type=\"application\/ld+json\" class=\"yoast-schema-graph\">{\"@context\":\"https:\/\/schema.org\",\"@graph\":[{\"@type\":\"Article\",\"@id\":\"https:\/\/nitu.mx\/index.php\/2025\/09\/16\/mexico-supera-los-72-millones-de-pasajeros-aereos-entre-enero-y-julio-de-2025\/#article\",\"isPartOf\":{\"@id\":\"https:\/\/nitu.mx\/index.php\/2025\/09\/16\/mexico-supera-los-72-millones-de-pasajeros-aereos-entre-enero-y-julio-de-2025\/\"},\"author\":{\"name\":\"Redacci\u00f3n\",\"@id\":\"https:\/\/nitu.mx\/#\/schema\/person\/4a28fe9bd65924f7c90623773daf1b0b\"},\"headline\":\"M\u00e9xico supera los 72 millones de pasajeros a\u00e9reos entre enero y julio de 2025\",\"datePublished\":\"2025-09-17T04:14:59+00:00\",\"dateModified\":\"2025-09-17T04:15:00+00:00\",\"mainEntityOfPage\":{\"@id\":\"https:\/\/nitu.mx\/index.php\/2025\/09\/16\/mexico-supera-los-72-millones-de-pasajeros-aereos-entre-enero-y-julio-de-2025\/\"},\"wordCount\":265,\"publisher\":{\"@id\":\"https:\/\/nitu.mx\/#\/schema\/person\/ae7a53426417292d3dd07b45a33e01bc\"},\"image\":{\"@id\":\"https:\/\/nitu.mx\/index.php\/2025\/09\/16\/mexico-supera-los-72-millones-de-pasajeros-aereos-entre-enero-y-julio-de-2025\/#primaryimage\"},\"thumbnailUrl\":\"https:\/\/nitu.mx\/wp-content\/uploads\/2025\/09\/Aeropuerto-de-Cancun-2024.jpg\",\"keywords\":[\"AFAC\",\"Josefina Rodr\u00edguez\",\"pasajeros a\u00e9reos\",\"Sectur\",\"SICT\"],\"articleSection\":[\"Aerol\u00edneas\"],\"inLanguage\":\"es-MX\"},{\"@type\":\"WebPage\",\"@id\":\"https:\/\/nitu.mx\/index.php\/2025\/09\/16\/mexico-supera-los-72-millones-de-pasajeros-aereos-entre-enero-y-julio-de-2025\/\",\"url\":\"https:\/\/nitu.mx\/index.php\/2025\/09\/16\/mexico-supera-los-72-millones-de-pasajeros-aereos-entre-enero-y-julio-de-2025\/\",\"name\":\"M\u00e9xico supera los 72 millones de pasajeros a\u00e9reos entre enero y julio de 2025 - Nitu - Noticias de la Industria Turistica\",\"isPartOf\":{\"@id\":\"https:\/\/nitu.mx\/#website\"},\"primaryImageOfPage\":{\"@id\":\"https:\/\/nitu.mx\/index.php\/2025\/09\/16\/mexico-supera-los-72-millones-de-pasajeros-aereos-entre-enero-y-julio-de-2025\/#primaryimage\"},\"image\":{\"@id\":\"https:\/\/nitu.mx\/index.php\/2025\/09\/16\/mexico-supera-los-72-millones-de-pasajeros-aereos-entre-enero-y-julio-de-2025\/#primaryimage\"},\"thumbnailUrl\":\"https:\/\/nitu.mx\/wp-content\/uploads\/2025\/09\/Aeropuerto-de-Cancun-2024.jpg\",\"datePublished\":\"2025-09-17T04:14:59+00:00\",\"dateModified\":\"2025-09-17T04:15:00+00:00\",\"breadcrumb\":{\"@id\":\"https:\/\/nitu.mx\/index.php\/2025\/09\/16\/mexico-supera-los-72-millones-de-pasajeros-aereos-entre-enero-y-julio-de-2025\/#breadcrumb\"},\"inLanguage\":\"es-MX\",\"potentialAction\":[{\"@type\":\"ReadAction\",\"target\":[\"https:\/\/nitu.mx\/index.php\/2025\/09\/16\/mexico-supera-los-72-millones-de-pasajeros-aereos-entre-enero-y-julio-de-2025\/\"]}]},{\"@type\":\"ImageObject\",\"inLanguage\":\"es-MX\",\"@id\":\"https:\/\/nitu.mx\/index.php\/2025\/09\/16\/mexico-supera-los-72-millones-de-pasajeros-aereos-entre-enero-y-julio-de-2025\/#primaryimage\",\"url\":\"https:\/\/nitu.mx\/wp-content\/uploads\/2025\/09\/Aeropuerto-de-Cancun-2024.jpg\",\"contentUrl\":\"https:\/\/nitu.mx\/wp-content\/uploads\/2025\/09\/Aeropuerto-de-Cancun-2024.jpg\",\"width\":1200,\"height\":675,\"caption\":\"Aeropuerto de Canc\u00fan 2024\"},{\"@type\":\"BreadcrumbList\",\"@id\":\"https:\/\/nitu.mx\/index.php\/2025\/09\/16\/mexico-supera-los-72-millones-de-pasajeros-aereos-entre-enero-y-julio-de-2025\/#breadcrumb\",\"itemListElement\":[{\"@type\":\"ListItem\",\"position\":1,\"name\":\"Inicio\",\"item\":\"https:\/\/nitu.mx\/\"},{\"@type\":\"ListItem\",\"position\":2,\"name\":\"M\u00e9xico supera los 72 millones de pasajeros a\u00e9reos entre enero y julio de 2025\"}]},{\"@type\":\"WebSite\",\"@id\":\"https:\/\/nitu.mx\/#website\",\"url\":\"https:\/\/nitu.mx\/\",\"name\":\"Nitu - Noticias de la Industria Turistica\",\"description\":\"Noticias de la Industria Turistica\",\"publisher\":{\"@id\":\"https:\/\/nitu.mx\/#\/schema\/person\/ae7a53426417292d3dd07b45a33e01bc\"},\"alternateName\":\"Noticias de la Industria Turistica\",\"potentialAction\":[{\"@type\":\"SearchAction\",\"target\":{\"@type\":\"EntryPoint\",\"urlTemplate\":\"https:\/\/nitu.mx\/?s={search_term_string}\"},\"query-input\":\"required name=search_term_string\"}],\"inLanguage\":\"es-MX\"},{\"@type\":[\"Person\",\"Organization\"],\"@id\":\"https:\/\/nitu.mx\/#\/schema\/person\/ae7a53426417292d3dd07b45a33e01bc\",\"name\":\"Arturo Medina\",\"image\":{\"@type\":\"ImageObject\",\"inLanguage\":\"es-MX\",\"@id\":\"https:\/\/nitu.mx\/#\/schema\/person\/image\/\",\"url\":\"https:\/\/nitu.mx\/wp-content\/uploads\/2024\/04\/4A315622-1904-4D5C-B022-878CDC840E04-90x90-1.jpeg\",\"contentUrl\":\"https:\/\/nitu.mx\/wp-content\/uploads\/2024\/04\/4A315622-1904-4D5C-B022-878CDC840E04-90x90-1.jpeg\",\"width\":90,\"height\":90,\"caption\":\"Arturo Medina\"},\"logo\":{\"@id\":\"https:\/\/nitu.mx\/#\/schema\/person\/image\/\"},\"description\":\"Director NITU.mx, Egresado de la Escuela de Periodismo Carlos Septi\u00e9n Garc\u00eda. Periodista y analista especializado en turismo desde hace 35 a\u00f1os, radicado en Canc\u00fan Q.Roo. arturo@nitu.mx\",\"sameAs\":[\"https:\/\/nitu.mx\",\"https:\/\/www.facebook.com\/NITUmx\/\",\"medinacancun\",\"https:\/\/twitter.com\/@Arturo_Medina_G\"]},{\"@type\":\"Person\",\"@id\":\"https:\/\/nitu.mx\/#\/schema\/person\/4a28fe9bd65924f7c90623773daf1b0b\",\"name\":\"Redacci\u00f3n\",\"image\":{\"@type\":\"ImageObject\",\"inLanguage\":\"es-MX\",\"@id\":\"https:\/\/nitu.mx\/#\/schema\/person\/image\/\",\"url\":\"https:\/\/secure.gravatar.com\/avatar\/5dd011c8ccfc5cd7e4c81e42252aab38?s=96&d=mm&r=g\",\"contentUrl\":\"https:\/\/secure.gravatar.com\/avatar\/5dd011c8ccfc5cd7e4c81e42252aab38?s=96&d=mm&r=g\",\"caption\":\"Redacci\u00f3n\"},\"url\":\"https:\/\/nitu.mx\/index.php\/author\/redaccion\/\"}]}<\/script>\n<!-- \/ Yoast SEO plugin. -->","yoast_head_json":{"title":"M\u00e9xico supera los 72 millones de pasajeros a\u00e9reos entre enero y julio de 2025 - Nitu - Noticias de la Industria Turistica","robots":{"index":"index","follow":"follow","max-snippet":"max-snippet:-1","max-image-preview":"max-image-preview:large","max-video-preview":"max-video-preview:-1"},"canonical":"https:\/\/nitu.mx\/index.php\/2025\/09\/16\/mexico-supera-los-72-millones-de-pasajeros-aereos-entre-enero-y-julio-de-2025\/","twitter_card":"summary_large_image","twitter_title":"M\u00e9xico supera los 72 millones de pasajeros a\u00e9reos entre enero y julio de 2025 - Nitu - Noticias de la Industria Turistica","twitter_description":"La secretaria de Turismo federal, Josefina Rodr\u00edguez Zamora, dio a conocer que entre enero y julio de 2025, se registraron 36 millones 490 mil pasajeros transportados en vuelos nacionales, un incremento del 4 por ciento con respecto al mismo periodo de 2024 y de 19.3 por ciento en comparaci\u00f3n con 2019. La titular de la [&hellip;]","twitter_image":"https:\/\/nitu.mx\/wp-content\/uploads\/2025\/09\/Aeropuerto-de-Cancun-2024.jpg","twitter_creator":"@NITUmx","twitter_site":"@Arturo_Medina_G","twitter_misc":{"Escrito por":"Redacci\u00f3n","Tiempo de lectura":"1 minuto"},"schema":{"@context":"https:\/\/schema.org","@graph":[{"@type":"Article","@id":"https:\/\/nitu.mx\/index.php\/2025\/09\/16\/mexico-supera-los-72-millones-de-pasajeros-aereos-entre-enero-y-julio-de-2025\/#article","isPartOf":{"@id":"https:\/\/nitu.mx\/index.php\/2025\/09\/16\/mexico-supera-los-72-millones-de-pasajeros-aereos-entre-enero-y-julio-de-2025\/"},"author":{"name":"Redacci\u00f3n","@id":"https:\/\/nitu.mx\/#\/schema\/person\/4a28fe9bd65924f7c90623773daf1b0b"},"headline":"M\u00e9xico supera los 72 millones de pasajeros a\u00e9reos entre enero y julio de 2025","datePublished":"2025-09-17T04:14:59+00:00","dateModified":"2025-09-17T04:15:00+00:00","mainEntityOfPage":{"@id":"https:\/\/nitu.mx\/index.php\/2025\/09\/16\/mexico-supera-los-72-millones-de-pasajeros-aereos-entre-enero-y-julio-de-2025\/"},"wordCount":265,"publisher":{"@id":"https:\/\/nitu.mx\/#\/schema\/person\/ae7a53426417292d3dd07b45a33e01bc"},"image":{"@id":"https:\/\/nitu.mx\/index.php\/2025\/09\/16\/mexico-supera-los-72-millones-de-pasajeros-aereos-entre-enero-y-julio-de-2025\/#primaryimage"},"thumbnailUrl":"https:\/\/nitu.mx\/wp-content\/uploads\/2025\/09\/Aeropuerto-de-Cancun-2024.jpg","keywords":["AFAC","Josefina Rodr\u00edguez","pasajeros a\u00e9reos","Sectur","SICT"],"articleSection":["Aerol\u00edneas"],"inLanguage":"es-MX"},{"@type":"WebPage","@id":"https:\/\/nitu.mx\/index.php\/2025\/09\/16\/mexico-supera-los-72-millones-de-pasajeros-aereos-entre-enero-y-julio-de-2025\/","url":"https:\/\/nitu.mx\/index.php\/2025\/09\/16\/mexico-supera-los-72-millones-de-pasajeros-aereos-entre-enero-y-julio-de-2025\/","name":"M\u00e9xico supera los 72 millones de pasajeros a\u00e9reos entre enero y julio de 2025 - Nitu - Noticias de la Industria Turistica","isPartOf":{"@id":"https:\/\/nitu.mx\/#website"},"primaryImageOfPage":{"@id":"https:\/\/nitu.mx\/index.php\/2025\/09\/16\/mexico-supera-los-72-millones-de-pasajeros-aereos-entre-enero-y-julio-de-2025\/#primaryimage"},"image":{"@id":"https:\/\/nitu.mx\/index.php\/2025\/09\/16\/mexico-supera-los-72-millones-de-pasajeros-aereos-entre-enero-y-julio-de-2025\/#primaryimage"},"thumbnailUrl":"https:\/\/nitu.mx\/wp-content\/uploads\/2025\/09\/Aeropuerto-de-Cancun-2024.jpg","datePublished":"2025-09-17T04:14:59+00:00","dateModified":"2025-09-17T04:15:00+00:00","breadcrumb":{"@id":"https:\/\/nitu.mx\/index.php\/2025\/09\/16\/mexico-supera-los-72-millones-de-pasajeros-aereos-entre-enero-y-julio-de-2025\/#breadcrumb"},"inLanguage":"es-MX","potentialAction":[{"@type":"ReadAction","target":["https:\/\/nitu.mx\/index.php\/2025\/09\/16\/mexico-supera-los-72-millones-de-pasajeros-aereos-entre-enero-y-julio-de-2025\/"]}]},{"@type":"ImageObject","inLanguage":"es-MX","@id":"https:\/\/nitu.mx\/index.php\/2025\/09\/16\/mexico-supera-los-72-millones-de-pasajeros-aereos-entre-enero-y-julio-de-2025\/#primaryimage","url":"https:\/\/nitu.mx\/wp-content\/uploads\/2025\/09\/Aeropuerto-de-Cancun-2024.jpg","contentUrl":"https:\/\/nitu.mx\/wp-content\/uploads\/2025\/09\/Aeropuerto-de-Cancun-2024.jpg","width":1200,"height":675,"caption":"Aeropuerto de Canc\u00fan 2024"},{"@type":"BreadcrumbList","@id":"https:\/\/nitu.mx\/index.php\/2025\/09\/16\/mexico-supera-los-72-millones-de-pasajeros-aereos-entre-enero-y-julio-de-2025\/#breadcrumb","itemListElement":[{"@type":"ListItem","position":1,"name":"Inicio","item":"https:\/\/nitu.mx\/"},{"@type":"ListItem","position":2,"name":"M\u00e9xico supera los 72 millones de pasajeros a\u00e9reos entre enero y julio de 2025"}]},{"@type":"WebSite","@id":"https:\/\/nitu.mx\/#website","url":"https:\/\/nitu.mx\/","name":"Nitu - Noticias de la Industria Turistica","description":"Noticias de la Industria Turistica","publisher":{"@id":"https:\/\/nitu.mx\/#\/schema\/person\/ae7a53426417292d3dd07b45a33e01bc"},"alternateName":"Noticias de la Industria Turistica","potentialAction":[{"@type":"SearchAction","target":{"@type":"EntryPoint","urlTemplate":"https:\/\/nitu.mx\/?s={search_term_string}"},"query-input":"required name=search_term_string"}],"inLanguage":"es-MX"},{"@type":["Person","Organization"],"@id":"https:\/\/nitu.mx\/#\/schema\/person\/ae7a53426417292d3dd07b45a33e01bc","name":"Arturo Medina","image":{"@type":"ImageObject","inLanguage":"es-MX","@id":"https:\/\/nitu.mx\/#\/schema\/person\/image\/","url":"https:\/\/nitu.mx\/wp-content\/uploads\/2024\/04\/4A315622-1904-4D5C-B022-878CDC840E04-90x90-1.jpeg","contentUrl":"https:\/\/nitu.mx\/wp-content\/uploads\/2024\/04\/4A315622-1904-4D5C-B022-878CDC840E04-90x90-1.jpeg","width":90,"height":90,"caption":"Arturo Medina"},"logo":{"@id":"https:\/\/nitu.mx\/#\/schema\/person\/image\/"},"description":"Director NITU.mx, Egresado de la Escuela de Periodismo Carlos Septi\u00e9n Garc\u00eda. Periodista y analista especializado en turismo desde hace 35 a\u00f1os, radicado en Canc\u00fan Q.Roo. arturo@nitu.mx","sameAs":["https:\/\/nitu.mx","https:\/\/www.facebook.com\/NITUmx\/","medinacancun","https:\/\/twitter.com\/@Arturo_Medina_G"]},{"@type":"Person","@id":"https:\/\/nitu.mx\/#\/schema\/person\/4a28fe9bd65924f7c90623773daf1b0b","name":"Redacci\u00f3n","image":{"@type":"ImageObject","inLanguage":"es-MX","@id":"https:\/\/nitu.mx\/#\/schema\/person\/image\/","url":"https:\/\/secure.gravatar.com\/avatar\/5dd011c8ccfc5cd7e4c81e42252aab38?s=96&d=mm&r=g","contentUrl":"https:\/\/secure.gravatar.com\/avatar\/5dd011c8ccfc5cd7e4c81e42252aab38?s=96&d=mm&r=g","caption":"Redacci\u00f3n"},"url":"https:\/\/nitu.mx\/index.php\/author\/redaccion\/"}]}},"views":662,"_links":{"self":[{"href":"https:\/\/nitu.mx\/index.php\/wp-json\/wp\/v2\/posts\/83485"}],"collection":[{"href":"https:\/\/nitu.mx\/index.php\/wp-json\/wp\/v2\/posts"}],"about":[{"href":"https:\/\/nitu.mx\/index.php\/wp-json\/wp\/v2\/types\/post"}],"author":[{"embeddable":true,"href":"https:\/\/nitu.mx\/index.php\/wp-json\/wp\/v2\/users\/17"}],"replies":[{"embeddable":true,"href":"https:\/\/nitu.mx\/index.php\/wp-json\/wp\/v2\/comments?post=83485"}],"version-history":[{"count":1,"href":"https:\/\/nitu.mx\/index.php\/wp-json\/wp\/v2\/posts\/83485\/revisions"}],"predecessor-version":[{"id":83489,"href":"https:\/\/nitu.mx\/index.php\/wp-json\/wp\/v2\/posts\/83485\/revisions\/83489"}],"wp:featuredmedia":[{"embeddable":true,"href":"https:\/\/nitu.mx\/index.php\/wp-json\/wp\/v2\/media\/83488"}],"wp:attachment":[{"href":"https:\/\/nitu.mx\/index.php\/wp-json\/wp\/v2\/media?parent=83485"}],"wp:term":[{"taxonomy":"category","embeddable":true,"href":"https:\/\/nitu.mx\/index.php\/wp-json\/wp\/v2\/categories?post=83485"},{"taxonomy":"post_tag","embeddable":true,"href":"https:\/\/nitu.mx\/index.php\/wp-json\/wp\/v2\/tags?post=83485"}],"curies":[{"name":"wp","href":"https:\/\/api.w.org\/{rel}","templated":true}]}}