{"id":83480,"date":"2025-09-16T21:58:27","date_gmt":"2025-09-17T03:58:27","guid":{"rendered":"https:\/\/nitu.mx\/?p=83480"},"modified":"2025-09-16T21:58:27","modified_gmt":"2025-09-17T03:58:27","slug":"aeromexico-y-delta-air-lines-responden-a-decision-del-dot-de-acabar-con-su-alianza","status":"publish","type":"post","link":"https:\/\/nitu.mx\/index.php\/2025\/09\/16\/aeromexico-y-delta-air-lines-responden-a-decision-del-dot-de-acabar-con-su-alianza\/","title":{"rendered":"Aerom\u00e9xico y Delta Air Lines responden a decisi\u00f3n del DOT de acabar con su alianza"},"content":{"rendered":"\n<p>Como informamos en <strong><em>NITU<\/em><\/strong>.<strong><em>mx<\/em><\/strong>, el Departamento del Transporte de Estados Unidos (DOT) ha decidido retirar la inmunidad antimonopolio de la alianza estrat\u00e9gica entre Aerom\u00e9xico y Delta Air Lines, a partir del 1 de enero de 2026, ante lo cual, las aerol\u00edneas en cuesti\u00f3n fijaron su postura. (<a href=\"https:\/\/nitu.mx\/index.php\/2025\/09\/16\/golpe-a-la-aviacion-trump-disuelve-alianza-delta-aeromexico\/\">Golpe a la aviaci\u00f3n: Trump disuelve alianza Delta-Aerom\u00e9xico<\/a>).<\/p>\n\n\n\n<p>Aerom\u00e9xico lamenta esta decisi\u00f3n, la cual pasa por alto los beneficios que la alianza ha brindado a la conectividad, el turismo y a los consumidores en M\u00e9xico. <\/p>\n\n\n\n<p>Esta medida no afecta a nuestros clientes. Los acuerdos de c\u00f3digo compartido entre Aerom\u00e9xico y Delta siguen y seguir\u00e1n vigentes, lo que garantiza que los pasajeros continuar\u00e1n disfrutando de la red de conectividad de ambas aerol\u00edneas. <\/p>\n\n\n\n<p>Asimismo, la reciprocidad de los programas de viajero frecuente contin\u00faa sin cambios, por lo que los clientes seguir\u00e1n acumulando y canjeando puntos normalmente. <\/p>\n\n\n\n<p>Aerom\u00e9xico y Delta est\u00e1n evaluando la orden emitida por el DOT para establecer los siguientes pasos de la alianza. Mientras tanto, continuar\u00e1n trabajando para ofrecer a los clientes la mejor conectividad, servicio y experiencia que los caracteriza.<\/p>\n\n\n\n<p>En tanto, Delta Air Lines comunic\u00f3: &#8220;Nos decepciona que el Departamento de Transporte haya decidido rescindir la aprobaci\u00f3n de la alianza estrat\u00e9gica y procompetitiva entre Delta y Aerom\u00e9xico, una decisi\u00f3n que perjudicar\u00e1 significativamente el empleo, las comunidades y los consumidores estadounidenses que viajan entre Estados Unidos y M\u00e9xico. Estamos revisando la orden del Departamento y considerando los pr\u00f3ximos pasos&#8221;.<\/p>\n\n\n\n<p>Afirm\u00f3 que todos los vuelos continuar\u00e1n operando con normalidad, a menos que Delta comunique lo contrario.<\/p>\n","protected":false},"excerpt":{"rendered":"<p>Como informamos en NITU.mx, el Departamento del Transporte de Estados Unidos (DOT) ha decidido retirar la inmunidad antimonopolio de la alianza estrat\u00e9gica entre Aerom\u00e9xico y Delta Air Lines, a partir del 1 de enero de 2026, ante lo cual, las aerol\u00edneas en cuesti\u00f3n fijaron su postura. (Golpe a la aviaci\u00f3n: Trump disuelve alianza Delta-Aerom\u00e9xico). Aerom\u00e9xico [&hellip;]<\/p>\n","protected":false},"author":17,"featured_media":7241,"comment_status":"closed","ping_status":"closed","sticky":false,"template":"","format":"standard","meta":{"footnotes":""},"categories":[29],"tags":[30,7050,1520,1737],"yoast_head":"<!-- This site is optimized with the Yoast SEO plugin v22.2 - https:\/\/yoast.com\/wordpress\/plugins\/seo\/ -->\n<title>Aerom\u00e9xico y Delta Air Lines responden a decisi\u00f3n del DOT de acabar con su alianza - Nitu - Noticias de la Industria Turistica<\/title>\n<meta name=\"robots\" content=\"index, follow, max-snippet:-1, max-image-preview:large, max-video-preview:-1\" \/>\n<link rel=\"canonical\" href=\"https:\/\/nitu.mx\/index.php\/2025\/09\/16\/aeromexico-y-delta-air-lines-responden-a-decision-del-dot-de-acabar-con-su-alianza\/\" \/>\n<meta name=\"twitter:card\" content=\"summary_large_image\" \/>\n<meta name=\"twitter:title\" content=\"Aerom\u00e9xico y Delta Air Lines responden a decisi\u00f3n del DOT de acabar con su alianza - Nitu - Noticias de la Industria Turistica\" \/>\n<meta name=\"twitter:description\" content=\"Como informamos en NITU.mx, el Departamento del Transporte de Estados Unidos (DOT) ha decidido retirar la inmunidad antimonopolio de la alianza estrat\u00e9gica entre Aerom\u00e9xico y Delta Air Lines, a partir del 1 de enero de 2026, ante lo cual, las aerol\u00edneas en cuesti\u00f3n fijaron su postura. (Golpe a la aviaci\u00f3n: Trump disuelve alianza Delta-Aerom\u00e9xico). Aerom\u00e9xico [&hellip;]\" \/>\n<meta name=\"twitter:image\" content=\"https:\/\/nitu.mx\/wp-content\/uploads\/2017\/02\/Alianza-Aerom\u00e9xico-Delta.jpg\" \/>\n<meta name=\"twitter:creator\" content=\"@NITUmx\" \/>\n<meta name=\"twitter:site\" content=\"@Arturo_Medina_G\" \/>\n<meta name=\"twitter:label1\" content=\"Escrito por\" \/>\n\t<meta name=\"twitter:data1\" content=\"Redacci\u00f3n\" \/>\n\t<meta name=\"twitter:label2\" content=\"Tiempo de lectura\" \/>\n\t<meta name=\"twitter:data2\" content=\"1 minuto\" \/>\n<script type=\"application\/ld+json\" class=\"yoast-schema-graph\">{\"@context\":\"https:\/\/schema.org\",\"@graph\":[{\"@type\":\"Article\",\"@id\":\"https:\/\/nitu.mx\/index.php\/2025\/09\/16\/aeromexico-y-delta-air-lines-responden-a-decision-del-dot-de-acabar-con-su-alianza\/#article\",\"isPartOf\":{\"@id\":\"https:\/\/nitu.mx\/index.php\/2025\/09\/16\/aeromexico-y-delta-air-lines-responden-a-decision-del-dot-de-acabar-con-su-alianza\/\"},\"author\":{\"name\":\"Redacci\u00f3n\",\"@id\":\"https:\/\/nitu.mx\/#\/schema\/person\/4a28fe9bd65924f7c90623773daf1b0b\"},\"headline\":\"Aerom\u00e9xico y Delta Air Lines responden a decisi\u00f3n del DOT de acabar con su alianza\",\"datePublished\":\"2025-09-17T03:58:27+00:00\",\"dateModified\":\"2025-09-17T03:58:27+00:00\",\"mainEntityOfPage\":{\"@id\":\"https:\/\/nitu.mx\/index.php\/2025\/09\/16\/aeromexico-y-delta-air-lines-responden-a-decision-del-dot-de-acabar-con-su-alianza\/\"},\"wordCount\":294,\"publisher\":{\"@id\":\"https:\/\/nitu.mx\/#\/schema\/person\/ae7a53426417292d3dd07b45a33e01bc\"},\"image\":{\"@id\":\"https:\/\/nitu.mx\/index.php\/2025\/09\/16\/aeromexico-y-delta-air-lines-responden-a-decision-del-dot-de-acabar-con-su-alianza\/#primaryimage\"},\"thumbnailUrl\":\"https:\/\/nitu.mx\/wp-content\/uploads\/2017\/02\/Alianza-Aerom\u00e9xico-Delta.jpg\",\"keywords\":[\"Aerom\u00e9xico\",\"alianza\",\"Delta Air Lines\",\"DOT\"],\"articleSection\":[\"Aerol\u00edneas\"],\"inLanguage\":\"es-MX\"},{\"@type\":\"WebPage\",\"@id\":\"https:\/\/nitu.mx\/index.php\/2025\/09\/16\/aeromexico-y-delta-air-lines-responden-a-decision-del-dot-de-acabar-con-su-alianza\/\",\"url\":\"https:\/\/nitu.mx\/index.php\/2025\/09\/16\/aeromexico-y-delta-air-lines-responden-a-decision-del-dot-de-acabar-con-su-alianza\/\",\"name\":\"Aerom\u00e9xico y Delta Air Lines responden a decisi\u00f3n del DOT de acabar con su alianza - Nitu - Noticias de la Industria Turistica\",\"isPartOf\":{\"@id\":\"https:\/\/nitu.mx\/#website\"},\"primaryImageOfPage\":{\"@id\":\"https:\/\/nitu.mx\/index.php\/2025\/09\/16\/aeromexico-y-delta-air-lines-responden-a-decision-del-dot-de-acabar-con-su-alianza\/#primaryimage\"},\"image\":{\"@id\":\"https:\/\/nitu.mx\/index.php\/2025\/09\/16\/aeromexico-y-delta-air-lines-responden-a-decision-del-dot-de-acabar-con-su-alianza\/#primaryimage\"},\"thumbnailUrl\":\"https:\/\/nitu.mx\/wp-content\/uploads\/2017\/02\/Alianza-Aerom\u00e9xico-Delta.jpg\",\"datePublished\":\"2025-09-17T03:58:27+00:00\",\"dateModified\":\"2025-09-17T03:58:27+00:00\",\"breadcrumb\":{\"@id\":\"https:\/\/nitu.mx\/index.php\/2025\/09\/16\/aeromexico-y-delta-air-lines-responden-a-decision-del-dot-de-acabar-con-su-alianza\/#breadcrumb\"},\"inLanguage\":\"es-MX\",\"potentialAction\":[{\"@type\":\"ReadAction\",\"target\":[\"https:\/\/nitu.mx\/index.php\/2025\/09\/16\/aeromexico-y-delta-air-lines-responden-a-decision-del-dot-de-acabar-con-su-alianza\/\"]}]},{\"@type\":\"ImageObject\",\"inLanguage\":\"es-MX\",\"@id\":\"https:\/\/nitu.mx\/index.php\/2025\/09\/16\/aeromexico-y-delta-air-lines-responden-a-decision-del-dot-de-acabar-con-su-alianza\/#primaryimage\",\"url\":\"https:\/\/nitu.mx\/wp-content\/uploads\/2017\/02\/Alianza-Aerom\u00e9xico-Delta.jpg\",\"contentUrl\":\"https:\/\/nitu.mx\/wp-content\/uploads\/2017\/02\/Alianza-Aerom\u00e9xico-Delta.jpg\",\"width\":850,\"height\":480,\"caption\":\"Aerom\u00e9xico Cofece Delta y Aerom\u00e9xico\"},{\"@type\":\"BreadcrumbList\",\"@id\":\"https:\/\/nitu.mx\/index.php\/2025\/09\/16\/aeromexico-y-delta-air-lines-responden-a-decision-del-dot-de-acabar-con-su-alianza\/#breadcrumb\",\"itemListElement\":[{\"@type\":\"ListItem\",\"position\":1,\"name\":\"Inicio\",\"item\":\"https:\/\/nitu.mx\/\"},{\"@type\":\"ListItem\",\"position\":2,\"name\":\"Aerom\u00e9xico y Delta Air Lines responden a decisi\u00f3n del DOT de acabar con su alianza\"}]},{\"@type\":\"WebSite\",\"@id\":\"https:\/\/nitu.mx\/#website\",\"url\":\"https:\/\/nitu.mx\/\",\"name\":\"Nitu - Noticias de la Industria Turistica\",\"description\":\"Noticias de la Industria Turistica\",\"publisher\":{\"@id\":\"https:\/\/nitu.mx\/#\/schema\/person\/ae7a53426417292d3dd07b45a33e01bc\"},\"alternateName\":\"Noticias de la Industria Turistica\",\"potentialAction\":[{\"@type\":\"SearchAction\",\"target\":{\"@type\":\"EntryPoint\",\"urlTemplate\":\"https:\/\/nitu.mx\/?s={search_term_string}\"},\"query-input\":\"required name=search_term_string\"}],\"inLanguage\":\"es-MX\"},{\"@type\":[\"Person\",\"Organization\"],\"@id\":\"https:\/\/nitu.mx\/#\/schema\/person\/ae7a53426417292d3dd07b45a33e01bc\",\"name\":\"Arturo Medina\",\"image\":{\"@type\":\"ImageObject\",\"inLanguage\":\"es-MX\",\"@id\":\"https:\/\/nitu.mx\/#\/schema\/person\/image\/\",\"url\":\"https:\/\/nitu.mx\/wp-content\/uploads\/2024\/04\/4A315622-1904-4D5C-B022-878CDC840E04-90x90-1.jpeg\",\"contentUrl\":\"https:\/\/nitu.mx\/wp-content\/uploads\/2024\/04\/4A315622-1904-4D5C-B022-878CDC840E04-90x90-1.jpeg\",\"width\":90,\"height\":90,\"caption\":\"Arturo Medina\"},\"logo\":{\"@id\":\"https:\/\/nitu.mx\/#\/schema\/person\/image\/\"},\"description\":\"Director NITU.mx, Egresado de la Escuela de Periodismo Carlos Septi\u00e9n Garc\u00eda. Periodista y analista especializado en turismo desde hace 35 a\u00f1os, radicado en Canc\u00fan Q.Roo. arturo@nitu.mx\",\"sameAs\":[\"https:\/\/nitu.mx\",\"https:\/\/www.facebook.com\/NITUmx\/\",\"medinacancun\",\"https:\/\/twitter.com\/@Arturo_Medina_G\"]},{\"@type\":\"Person\",\"@id\":\"https:\/\/nitu.mx\/#\/schema\/person\/4a28fe9bd65924f7c90623773daf1b0b\",\"name\":\"Redacci\u00f3n\",\"image\":{\"@type\":\"ImageObject\",\"inLanguage\":\"es-MX\",\"@id\":\"https:\/\/nitu.mx\/#\/schema\/person\/image\/\",\"url\":\"https:\/\/secure.gravatar.com\/avatar\/5dd011c8ccfc5cd7e4c81e42252aab38?s=96&d=mm&r=g\",\"contentUrl\":\"https:\/\/secure.gravatar.com\/avatar\/5dd011c8ccfc5cd7e4c81e42252aab38?s=96&d=mm&r=g\",\"caption\":\"Redacci\u00f3n\"},\"url\":\"https:\/\/nitu.mx\/index.php\/author\/redaccion\/\"}]}<\/script>\n<!-- \/ Yoast SEO plugin. -->","yoast_head_json":{"title":"Aerom\u00e9xico y Delta Air Lines responden a decisi\u00f3n del DOT de acabar con su alianza - Nitu - Noticias de la Industria Turistica","robots":{"index":"index","follow":"follow","max-snippet":"max-snippet:-1","max-image-preview":"max-image-preview:large","max-video-preview":"max-video-preview:-1"},"canonical":"https:\/\/nitu.mx\/index.php\/2025\/09\/16\/aeromexico-y-delta-air-lines-responden-a-decision-del-dot-de-acabar-con-su-alianza\/","twitter_card":"summary_large_image","twitter_title":"Aerom\u00e9xico y Delta Air Lines responden a decisi\u00f3n del DOT de acabar con su alianza - Nitu - Noticias de la Industria Turistica","twitter_description":"Como informamos en NITU.mx, el Departamento del Transporte de Estados Unidos (DOT) ha decidido retirar la inmunidad antimonopolio de la alianza estrat\u00e9gica entre Aerom\u00e9xico y Delta Air Lines, a partir del 1 de enero de 2026, ante lo cual, las aerol\u00edneas en cuesti\u00f3n fijaron su postura. (Golpe a la aviaci\u00f3n: Trump disuelve alianza Delta-Aerom\u00e9xico). Aerom\u00e9xico [&hellip;]","twitter_image":"https:\/\/nitu.mx\/wp-content\/uploads\/2017\/02\/Alianza-Aerom\u00e9xico-Delta.jpg","twitter_creator":"@NITUmx","twitter_site":"@Arturo_Medina_G","twitter_misc":{"Escrito por":"Redacci\u00f3n","Tiempo de lectura":"1 minuto"},"schema":{"@context":"https:\/\/schema.org","@graph":[{"@type":"Article","@id":"https:\/\/nitu.mx\/index.php\/2025\/09\/16\/aeromexico-y-delta-air-lines-responden-a-decision-del-dot-de-acabar-con-su-alianza\/#article","isPartOf":{"@id":"https:\/\/nitu.mx\/index.php\/2025\/09\/16\/aeromexico-y-delta-air-lines-responden-a-decision-del-dot-de-acabar-con-su-alianza\/"},"author":{"name":"Redacci\u00f3n","@id":"https:\/\/nitu.mx\/#\/schema\/person\/4a28fe9bd65924f7c90623773daf1b0b"},"headline":"Aerom\u00e9xico y Delta Air Lines responden a decisi\u00f3n del DOT de acabar con su alianza","datePublished":"2025-09-17T03:58:27+00:00","dateModified":"2025-09-17T03:58:27+00:00","mainEntityOfPage":{"@id":"https:\/\/nitu.mx\/index.php\/2025\/09\/16\/aeromexico-y-delta-air-lines-responden-a-decision-del-dot-de-acabar-con-su-alianza\/"},"wordCount":294,"publisher":{"@id":"https:\/\/nitu.mx\/#\/schema\/person\/ae7a53426417292d3dd07b45a33e01bc"},"image":{"@id":"https:\/\/nitu.mx\/index.php\/2025\/09\/16\/aeromexico-y-delta-air-lines-responden-a-decision-del-dot-de-acabar-con-su-alianza\/#primaryimage"},"thumbnailUrl":"https:\/\/nitu.mx\/wp-content\/uploads\/2017\/02\/Alianza-Aerom\u00e9xico-Delta.jpg","keywords":["Aerom\u00e9xico","alianza","Delta Air Lines","DOT"],"articleSection":["Aerol\u00edneas"],"inLanguage":"es-MX"},{"@type":"WebPage","@id":"https:\/\/nitu.mx\/index.php\/2025\/09\/16\/aeromexico-y-delta-air-lines-responden-a-decision-del-dot-de-acabar-con-su-alianza\/","url":"https:\/\/nitu.mx\/index.php\/2025\/09\/16\/aeromexico-y-delta-air-lines-responden-a-decision-del-dot-de-acabar-con-su-alianza\/","name":"Aerom\u00e9xico y Delta Air Lines responden a decisi\u00f3n del DOT de acabar con su alianza - Nitu - Noticias de la Industria Turistica","isPartOf":{"@id":"https:\/\/nitu.mx\/#website"},"primaryImageOfPage":{"@id":"https:\/\/nitu.mx\/index.php\/2025\/09\/16\/aeromexico-y-delta-air-lines-responden-a-decision-del-dot-de-acabar-con-su-alianza\/#primaryimage"},"image":{"@id":"https:\/\/nitu.mx\/index.php\/2025\/09\/16\/aeromexico-y-delta-air-lines-responden-a-decision-del-dot-de-acabar-con-su-alianza\/#primaryimage"},"thumbnailUrl":"https:\/\/nitu.mx\/wp-content\/uploads\/2017\/02\/Alianza-Aerom\u00e9xico-Delta.jpg","datePublished":"2025-09-17T03:58:27+00:00","dateModified":"2025-09-17T03:58:27+00:00","breadcrumb":{"@id":"https:\/\/nitu.mx\/index.php\/2025\/09\/16\/aeromexico-y-delta-air-lines-responden-a-decision-del-dot-de-acabar-con-su-alianza\/#breadcrumb"},"inLanguage":"es-MX","potentialAction":[{"@type":"ReadAction","target":["https:\/\/nitu.mx\/index.php\/2025\/09\/16\/aeromexico-y-delta-air-lines-responden-a-decision-del-dot-de-acabar-con-su-alianza\/"]}]},{"@type":"ImageObject","inLanguage":"es-MX","@id":"https:\/\/nitu.mx\/index.php\/2025\/09\/16\/aeromexico-y-delta-air-lines-responden-a-decision-del-dot-de-acabar-con-su-alianza\/#primaryimage","url":"https:\/\/nitu.mx\/wp-content\/uploads\/2017\/02\/Alianza-Aerom\u00e9xico-Delta.jpg","contentUrl":"https:\/\/nitu.mx\/wp-content\/uploads\/2017\/02\/Alianza-Aerom\u00e9xico-Delta.jpg","width":850,"height":480,"caption":"Aerom\u00e9xico Cofece Delta y Aerom\u00e9xico"},{"@type":"BreadcrumbList","@id":"https:\/\/nitu.mx\/index.php\/2025\/09\/16\/aeromexico-y-delta-air-lines-responden-a-decision-del-dot-de-acabar-con-su-alianza\/#breadcrumb","itemListElement":[{"@type":"ListItem","position":1,"name":"Inicio","item":"https:\/\/nitu.mx\/"},{"@type":"ListItem","position":2,"name":"Aerom\u00e9xico y Delta Air Lines responden a decisi\u00f3n del DOT de acabar con su alianza"}]},{"@type":"WebSite","@id":"https:\/\/nitu.mx\/#website","url":"https:\/\/nitu.mx\/","name":"Nitu - Noticias de la Industria Turistica","description":"Noticias de la Industria Turistica","publisher":{"@id":"https:\/\/nitu.mx\/#\/schema\/person\/ae7a53426417292d3dd07b45a33e01bc"},"alternateName":"Noticias de la Industria Turistica","potentialAction":[{"@type":"SearchAction","target":{"@type":"EntryPoint","urlTemplate":"https:\/\/nitu.mx\/?s={search_term_string}"},"query-input":"required name=search_term_string"}],"inLanguage":"es-MX"},{"@type":["Person","Organization"],"@id":"https:\/\/nitu.mx\/#\/schema\/person\/ae7a53426417292d3dd07b45a33e01bc","name":"Arturo Medina","image":{"@type":"ImageObject","inLanguage":"es-MX","@id":"https:\/\/nitu.mx\/#\/schema\/person\/image\/","url":"https:\/\/nitu.mx\/wp-content\/uploads\/2024\/04\/4A315622-1904-4D5C-B022-878CDC840E04-90x90-1.jpeg","contentUrl":"https:\/\/nitu.mx\/wp-content\/uploads\/2024\/04\/4A315622-1904-4D5C-B022-878CDC840E04-90x90-1.jpeg","width":90,"height":90,"caption":"Arturo Medina"},"logo":{"@id":"https:\/\/nitu.mx\/#\/schema\/person\/image\/"},"description":"Director NITU.mx, Egresado de la Escuela de Periodismo Carlos Septi\u00e9n Garc\u00eda. Periodista y analista especializado en turismo desde hace 35 a\u00f1os, radicado en Canc\u00fan Q.Roo. arturo@nitu.mx","sameAs":["https:\/\/nitu.mx","https:\/\/www.facebook.com\/NITUmx\/","medinacancun","https:\/\/twitter.com\/@Arturo_Medina_G"]},{"@type":"Person","@id":"https:\/\/nitu.mx\/#\/schema\/person\/4a28fe9bd65924f7c90623773daf1b0b","name":"Redacci\u00f3n","image":{"@type":"ImageObject","inLanguage":"es-MX","@id":"https:\/\/nitu.mx\/#\/schema\/person\/image\/","url":"https:\/\/secure.gravatar.com\/avatar\/5dd011c8ccfc5cd7e4c81e42252aab38?s=96&d=mm&r=g","contentUrl":"https:\/\/secure.gravatar.com\/avatar\/5dd011c8ccfc5cd7e4c81e42252aab38?s=96&d=mm&r=g","caption":"Redacci\u00f3n"},"url":"https:\/\/nitu.mx\/index.php\/author\/redaccion\/"}]}},"views":582,"_links":{"self":[{"href":"https:\/\/nitu.mx\/index.php\/wp-json\/wp\/v2\/posts\/83480"}],"collection":[{"href":"https:\/\/nitu.mx\/index.php\/wp-json\/wp\/v2\/posts"}],"about":[{"href":"https:\/\/nitu.mx\/index.php\/wp-json\/wp\/v2\/types\/post"}],"author":[{"embeddable":true,"href":"https:\/\/nitu.mx\/index.php\/wp-json\/wp\/v2\/users\/17"}],"replies":[{"embeddable":true,"href":"https:\/\/nitu.mx\/index.php\/wp-json\/wp\/v2\/comments?post=83480"}],"version-history":[{"count":1,"href":"https:\/\/nitu.mx\/index.php\/wp-json\/wp\/v2\/posts\/83480\/revisions"}],"predecessor-version":[{"id":83484,"href":"https:\/\/nitu.mx\/index.php\/wp-json\/wp\/v2\/posts\/83480\/revisions\/83484"}],"wp:featuredmedia":[{"embeddable":true,"href":"https:\/\/nitu.mx\/index.php\/wp-json\/wp\/v2\/media\/7241"}],"wp:attachment":[{"href":"https:\/\/nitu.mx\/index.php\/wp-json\/wp\/v2\/media?parent=83480"}],"wp:term":[{"taxonomy":"category","embeddable":true,"href":"https:\/\/nitu.mx\/index.php\/wp-json\/wp\/v2\/categories?post=83480"},{"taxonomy":"post_tag","embeddable":true,"href":"https:\/\/nitu.mx\/index.php\/wp-json\/wp\/v2\/tags?post=83480"}],"curies":[{"name":"wp","href":"https:\/\/api.w.org\/{rel}","templated":true}]}}