{"id":83477,"date":"2025-09-16T21:48:07","date_gmt":"2025-09-17T03:48:07","guid":{"rendered":"https:\/\/nitu.mx\/?p=83477"},"modified":"2025-09-16T21:59:41","modified_gmt":"2025-09-17T03:59:41","slug":"golpe-a-la-aviacion-trump-disuelve-alianza-delta-aeromexico","status":"publish","type":"post","link":"https:\/\/nitu.mx\/index.php\/2025\/09\/16\/golpe-a-la-aviacion-trump-disuelve-alianza-delta-aeromexico\/","title":{"rendered":"Golpe a la aviaci\u00f3n: Trump disuelve alianza Delta-Aerom\u00e9xico"},"content":{"rendered":"\n<p>El secretario de Transporte de los Estados Unidos, Sean P. Duffy, anunci\u00f3 que el Departamento de Transporte (USDOT por sus siglas en ingl\u00e9s) dio por terminada la aprobaci\u00f3n del acuerdo de empresa conjunta entre Delta Air Lines y Aerom\u00e9xico y retir\u00f3 la inmunidad antimonopolio. <\/p>\n\n\n\n<p>La dependencia asevera que desde que el Secretario Duffy actu\u00f3 en&nbsp;julio&nbsp;para proteger a los consumidores, M\u00e9xico no ha tomado medidas significativas para remediar su incumplimiento del Acuerdo de Transporte A\u00e9reo entre Estados Unidos y M\u00e9xico de 2015. El incumplimiento de M\u00e9xico interviene en el mercado para proporcionar una ventaja injusta a Delta y Aerom\u00e9xico, quienes operaban una empresa conjunta de fijaci\u00f3n de precios y capacidad con la aprobaci\u00f3n condicional del USDOT.&nbsp;<br>\u202f&nbsp;<br>&#8220;Las promesas vac\u00edas no significan nada. Despu\u00e9s de a\u00f1os de aprovecharse de los Estados Unidos y nuestras aerol\u00edneas, necesitamos ver una acci\u00f3n definitiva por parte de M\u00e9xico que nivele el campo de juego y restablezca la equidad&#8221;,&nbsp;dijo&nbsp;el secretario de Transporte de los Estados Unidos, Sean P. Duffy&nbsp;.&nbsp;&#8220;Bajo el liderazgo del presidente Trump, continuaremos poniendo a Estados Unidos primero y haremos que cualquier pa\u00eds que piense que puede distorsionar las reglas rinda cuentas&#8221;.&nbsp;<br>\u202f&nbsp;<br>La inmunidad antimonopolio para los acuerdos de empresas conjuntas es una autoridad extraordinaria, no un derecho, que el USDOT s\u00f3lo apoya cuando los pa\u00edses extranjeros respetan los principios b\u00e1sicos de equidad, libre mercado y competencia.<\/p>\n\n\n\n<p>La empresa conjunta debe disolverse antes del 1 de enero de 2026. Delta\/Aerom\u00e9xico deber\u00e1 suspender actividades competitivamente sensibles, como la fijaci\u00f3n de precios comunes, la gesti\u00f3n de capacidad y el reparto de ingresos, que requieren inmunidad antimonopolio. <\/p>\n\n\n\n<p>Esto comienza a nivelar, de acuerdo con el USDOT, el terreno para otras aerol\u00edneas. Delta y Aerom\u00e9xico podr\u00e1n continuar su colaboraci\u00f3n mediante actividades de libre competencia, como c\u00f3digos compartidos, marketing y cooperaci\u00f3n para viajeros frecuentes. Delta Air Lines tambi\u00e9n podr\u00e1 conservar su participaci\u00f3n accionaria en Aerom\u00e9xico y ambas aerol\u00edneas podr\u00e1n mantener sin restricciones todos sus vuelos actuales en el mercado estadounidense-mexicano.  (<a href=\"https:\/\/nitu.mx\/index.php\/2025\/01\/02\/dot-condiciona-alianza-aeromexico-delta-a-avances-en-infraestructura-del-aicm-y-aifa\/\">DOT condiciona alianza Aerom\u00e9xico-Delta a avances en infraestructura del AICM y AIFA<\/a>).<\/p>\n\n\n\n<p>El USDOT reitera que M\u00e9xico no ha cumplido con el acuerdo bilateral desde 2022, cuando rescindi\u00f3 abruptamente los slots y oblig\u00f3 a las aerol\u00edneas estadounidenses de carga a reubicar sus operaciones. <\/p>\n\n\n\n<p>M\u00e9xico aleg\u00f3 que su objetivo era permitir la construcci\u00f3n de obras para aliviar la congesti\u00f3n en el Aeropuerto Internacional Benito Ju\u00e1rez (AICM), obras que a\u00fan no se han materializado tres a\u00f1os despu\u00e9s. <\/p>\n\n\n\n<p>Al restringir los slots y obligar a las operaciones de carga a trasladarse fuera del AICM, M\u00e9xico ha incumplido su promesa, ha perturbado el mercado y ha dejado a las empresas estadounidenses con las manos vac\u00edas por un aumento de costos millonario.<\/p>\n\n\n\n<p>&#8220;El presidente Trump y el secretario Duffy est\u00e1n tomando nota de que muchos otros pa\u00edses est\u00e1n incumpliendo los t\u00e9rminos de nuestros acuerdos de transporte a\u00e9reo. Por ejemplo, estamos monitoreando a los Estados europeos para asegurar que apliquen el proceso de Enfoque Equilibrado para la reducci\u00f3n del ruido en sus aeropuertos y no implementen restricciones operativas injustificadas. El Departamento se compromete a hacer cumplir nuestros acuerdos para garantizar que los mercados de la aviaci\u00f3n sean justos y procompetitivos&#8221;, concluye el mensaje del DOT. (<a href=\"https:\/\/nitu.mx\/index.php\/2025\/09\/16\/aeromexico-y-delta-air-lines-responden-a-decision-del-dot-de-acabar-con-su-alianza\/\">Aerom\u00e9xico y Delta Air Lines responden a decisi\u00f3n del DOT de acabar con su alianza<\/a>).<\/p>\n","protected":false},"excerpt":{"rendered":"<p>El secretario de Transporte de los Estados Unidos, Sean P. Duffy, anunci\u00f3 que el Departamento de Transporte (USDOT por sus siglas en ingl\u00e9s) dio por terminada la aprobaci\u00f3n del acuerdo de empresa conjunta entre Delta Air Lines y Aerom\u00e9xico y retir\u00f3 la inmunidad antimonopolio. La dependencia asevera que desde que el Secretario Duffy actu\u00f3 en&nbsp;julio&nbsp;para [&hellip;]<\/p>\n","protected":false},"author":17,"featured_media":20386,"comment_status":"closed","ping_status":"closed","sticky":false,"template":"","format":"standard","meta":{"footnotes":""},"categories":[29],"tags":[30,5868,1520,1737,100],"yoast_head":"<!-- This site is optimized with the Yoast SEO plugin v22.2 - https:\/\/yoast.com\/wordpress\/plugins\/seo\/ -->\n<title>Golpe a la aviaci\u00f3n: Trump disuelve alianza Delta-Aerom\u00e9xico - Nitu - Noticias de la Industria Turistica<\/title>\n<meta name=\"robots\" content=\"index, follow, max-snippet:-1, max-image-preview:large, max-video-preview:-1\" \/>\n<link rel=\"canonical\" href=\"https:\/\/nitu.mx\/index.php\/2025\/09\/16\/golpe-a-la-aviacion-trump-disuelve-alianza-delta-aeromexico\/\" \/>\n<meta name=\"twitter:card\" content=\"summary_large_image\" \/>\n<meta name=\"twitter:title\" content=\"Golpe a la aviaci\u00f3n: Trump disuelve alianza Delta-Aerom\u00e9xico - Nitu - Noticias de la Industria Turistica\" \/>\n<meta name=\"twitter:description\" content=\"El secretario de Transporte de los Estados Unidos, Sean P. Duffy, anunci\u00f3 que el Departamento de Transporte (USDOT por sus siglas en ingl\u00e9s) dio por terminada la aprobaci\u00f3n del acuerdo de empresa conjunta entre Delta Air Lines y Aerom\u00e9xico y retir\u00f3 la inmunidad antimonopolio. La dependencia asevera que desde que el Secretario Duffy actu\u00f3 en&nbsp;julio&nbsp;para [&hellip;]\" \/>\n<meta name=\"twitter:image\" content=\"https:\/\/nitu.mx\/wp-content\/uploads\/2018\/05\/aeromexico-delta.jpg\" \/>\n<meta name=\"twitter:creator\" content=\"@NITUmx\" \/>\n<meta name=\"twitter:site\" content=\"@Arturo_Medina_G\" \/>\n<meta name=\"twitter:label1\" content=\"Escrito por\" \/>\n\t<meta name=\"twitter:data1\" content=\"Redacci\u00f3n\" \/>\n\t<meta name=\"twitter:label2\" content=\"Tiempo de lectura\" \/>\n\t<meta name=\"twitter:data2\" content=\"3 minutos\" \/>\n<script type=\"application\/ld+json\" class=\"yoast-schema-graph\">{\"@context\":\"https:\/\/schema.org\",\"@graph\":[{\"@type\":\"Article\",\"@id\":\"https:\/\/nitu.mx\/index.php\/2025\/09\/16\/golpe-a-la-aviacion-trump-disuelve-alianza-delta-aeromexico\/#article\",\"isPartOf\":{\"@id\":\"https:\/\/nitu.mx\/index.php\/2025\/09\/16\/golpe-a-la-aviacion-trump-disuelve-alianza-delta-aeromexico\/\"},\"author\":{\"name\":\"Redacci\u00f3n\",\"@id\":\"https:\/\/nitu.mx\/#\/schema\/person\/4a28fe9bd65924f7c90623773daf1b0b\"},\"headline\":\"Golpe a la aviaci\u00f3n: Trump disuelve alianza Delta-Aerom\u00e9xico\",\"datePublished\":\"2025-09-17T03:48:07+00:00\",\"dateModified\":\"2025-09-17T03:59:41+00:00\",\"mainEntityOfPage\":{\"@id\":\"https:\/\/nitu.mx\/index.php\/2025\/09\/16\/golpe-a-la-aviacion-trump-disuelve-alianza-delta-aeromexico\/\"},\"wordCount\":611,\"publisher\":{\"@id\":\"https:\/\/nitu.mx\/#\/schema\/person\/ae7a53426417292d3dd07b45a33e01bc\"},\"image\":{\"@id\":\"https:\/\/nitu.mx\/index.php\/2025\/09\/16\/golpe-a-la-aviacion-trump-disuelve-alianza-delta-aeromexico\/#primaryimage\"},\"thumbnailUrl\":\"https:\/\/nitu.mx\/wp-content\/uploads\/2018\/05\/aeromexico-delta.jpg\",\"keywords\":[\"Aerom\u00e9xico\",\"aviaci\u00f3n\",\"Delta Air Lines\",\"DOT\",\"Estados Unidos\"],\"articleSection\":[\"Aerol\u00edneas\"],\"inLanguage\":\"es-MX\"},{\"@type\":\"WebPage\",\"@id\":\"https:\/\/nitu.mx\/index.php\/2025\/09\/16\/golpe-a-la-aviacion-trump-disuelve-alianza-delta-aeromexico\/\",\"url\":\"https:\/\/nitu.mx\/index.php\/2025\/09\/16\/golpe-a-la-aviacion-trump-disuelve-alianza-delta-aeromexico\/\",\"name\":\"Golpe a la aviaci\u00f3n: Trump disuelve alianza Delta-Aerom\u00e9xico - Nitu - Noticias de la Industria Turistica\",\"isPartOf\":{\"@id\":\"https:\/\/nitu.mx\/#website\"},\"primaryImageOfPage\":{\"@id\":\"https:\/\/nitu.mx\/index.php\/2025\/09\/16\/golpe-a-la-aviacion-trump-disuelve-alianza-delta-aeromexico\/#primaryimage\"},\"image\":{\"@id\":\"https:\/\/nitu.mx\/index.php\/2025\/09\/16\/golpe-a-la-aviacion-trump-disuelve-alianza-delta-aeromexico\/#primaryimage\"},\"thumbnailUrl\":\"https:\/\/nitu.mx\/wp-content\/uploads\/2018\/05\/aeromexico-delta.jpg\",\"datePublished\":\"2025-09-17T03:48:07+00:00\",\"dateModified\":\"2025-09-17T03:59:41+00:00\",\"breadcrumb\":{\"@id\":\"https:\/\/nitu.mx\/index.php\/2025\/09\/16\/golpe-a-la-aviacion-trump-disuelve-alianza-delta-aeromexico\/#breadcrumb\"},\"inLanguage\":\"es-MX\",\"potentialAction\":[{\"@type\":\"ReadAction\",\"target\":[\"https:\/\/nitu.mx\/index.php\/2025\/09\/16\/golpe-a-la-aviacion-trump-disuelve-alianza-delta-aeromexico\/\"]}]},{\"@type\":\"ImageObject\",\"inLanguage\":\"es-MX\",\"@id\":\"https:\/\/nitu.mx\/index.php\/2025\/09\/16\/golpe-a-la-aviacion-trump-disuelve-alianza-delta-aeromexico\/#primaryimage\",\"url\":\"https:\/\/nitu.mx\/wp-content\/uploads\/2018\/05\/aeromexico-delta.jpg\",\"contentUrl\":\"https:\/\/nitu.mx\/wp-content\/uploads\/2018\/05\/aeromexico-delta.jpg\",\"width\":850,\"height\":480,\"caption\":\"aerom\u00e9xico delta\"},{\"@type\":\"BreadcrumbList\",\"@id\":\"https:\/\/nitu.mx\/index.php\/2025\/09\/16\/golpe-a-la-aviacion-trump-disuelve-alianza-delta-aeromexico\/#breadcrumb\",\"itemListElement\":[{\"@type\":\"ListItem\",\"position\":1,\"name\":\"Inicio\",\"item\":\"https:\/\/nitu.mx\/\"},{\"@type\":\"ListItem\",\"position\":2,\"name\":\"Golpe a la aviaci\u00f3n: Trump disuelve alianza Delta-Aerom\u00e9xico\"}]},{\"@type\":\"WebSite\",\"@id\":\"https:\/\/nitu.mx\/#website\",\"url\":\"https:\/\/nitu.mx\/\",\"name\":\"Nitu - Noticias de la Industria Turistica\",\"description\":\"Noticias de la Industria Turistica\",\"publisher\":{\"@id\":\"https:\/\/nitu.mx\/#\/schema\/person\/ae7a53426417292d3dd07b45a33e01bc\"},\"alternateName\":\"Noticias de la Industria Turistica\",\"potentialAction\":[{\"@type\":\"SearchAction\",\"target\":{\"@type\":\"EntryPoint\",\"urlTemplate\":\"https:\/\/nitu.mx\/?s={search_term_string}\"},\"query-input\":\"required name=search_term_string\"}],\"inLanguage\":\"es-MX\"},{\"@type\":[\"Person\",\"Organization\"],\"@id\":\"https:\/\/nitu.mx\/#\/schema\/person\/ae7a53426417292d3dd07b45a33e01bc\",\"name\":\"Arturo Medina\",\"image\":{\"@type\":\"ImageObject\",\"inLanguage\":\"es-MX\",\"@id\":\"https:\/\/nitu.mx\/#\/schema\/person\/image\/\",\"url\":\"https:\/\/nitu.mx\/wp-content\/uploads\/2024\/04\/4A315622-1904-4D5C-B022-878CDC840E04-90x90-1.jpeg\",\"contentUrl\":\"https:\/\/nitu.mx\/wp-content\/uploads\/2024\/04\/4A315622-1904-4D5C-B022-878CDC840E04-90x90-1.jpeg\",\"width\":90,\"height\":90,\"caption\":\"Arturo Medina\"},\"logo\":{\"@id\":\"https:\/\/nitu.mx\/#\/schema\/person\/image\/\"},\"description\":\"Director NITU.mx, Egresado de la Escuela de Periodismo Carlos Septi\u00e9n Garc\u00eda. Periodista y analista especializado en turismo desde hace 35 a\u00f1os, radicado en Canc\u00fan Q.Roo. arturo@nitu.mx\",\"sameAs\":[\"https:\/\/nitu.mx\",\"https:\/\/www.facebook.com\/NITUmx\/\",\"medinacancun\",\"https:\/\/twitter.com\/@Arturo_Medina_G\"]},{\"@type\":\"Person\",\"@id\":\"https:\/\/nitu.mx\/#\/schema\/person\/4a28fe9bd65924f7c90623773daf1b0b\",\"name\":\"Redacci\u00f3n\",\"image\":{\"@type\":\"ImageObject\",\"inLanguage\":\"es-MX\",\"@id\":\"https:\/\/nitu.mx\/#\/schema\/person\/image\/\",\"url\":\"https:\/\/secure.gravatar.com\/avatar\/5dd011c8ccfc5cd7e4c81e42252aab38?s=96&d=mm&r=g\",\"contentUrl\":\"https:\/\/secure.gravatar.com\/avatar\/5dd011c8ccfc5cd7e4c81e42252aab38?s=96&d=mm&r=g\",\"caption\":\"Redacci\u00f3n\"},\"url\":\"https:\/\/nitu.mx\/index.php\/author\/redaccion\/\"}]}<\/script>\n<!-- \/ Yoast SEO plugin. -->","yoast_head_json":{"title":"Golpe a la aviaci\u00f3n: Trump disuelve alianza Delta-Aerom\u00e9xico - Nitu - Noticias de la Industria Turistica","robots":{"index":"index","follow":"follow","max-snippet":"max-snippet:-1","max-image-preview":"max-image-preview:large","max-video-preview":"max-video-preview:-1"},"canonical":"https:\/\/nitu.mx\/index.php\/2025\/09\/16\/golpe-a-la-aviacion-trump-disuelve-alianza-delta-aeromexico\/","twitter_card":"summary_large_image","twitter_title":"Golpe a la aviaci\u00f3n: Trump disuelve alianza Delta-Aerom\u00e9xico - Nitu - Noticias de la Industria Turistica","twitter_description":"El secretario de Transporte de los Estados Unidos, Sean P. Duffy, anunci\u00f3 que el Departamento de Transporte (USDOT por sus siglas en ingl\u00e9s) dio por terminada la aprobaci\u00f3n del acuerdo de empresa conjunta entre Delta Air Lines y Aerom\u00e9xico y retir\u00f3 la inmunidad antimonopolio. La dependencia asevera que desde que el Secretario Duffy actu\u00f3 en&nbsp;julio&nbsp;para [&hellip;]","twitter_image":"https:\/\/nitu.mx\/wp-content\/uploads\/2018\/05\/aeromexico-delta.jpg","twitter_creator":"@NITUmx","twitter_site":"@Arturo_Medina_G","twitter_misc":{"Escrito por":"Redacci\u00f3n","Tiempo de lectura":"3 minutos"},"schema":{"@context":"https:\/\/schema.org","@graph":[{"@type":"Article","@id":"https:\/\/nitu.mx\/index.php\/2025\/09\/16\/golpe-a-la-aviacion-trump-disuelve-alianza-delta-aeromexico\/#article","isPartOf":{"@id":"https:\/\/nitu.mx\/index.php\/2025\/09\/16\/golpe-a-la-aviacion-trump-disuelve-alianza-delta-aeromexico\/"},"author":{"name":"Redacci\u00f3n","@id":"https:\/\/nitu.mx\/#\/schema\/person\/4a28fe9bd65924f7c90623773daf1b0b"},"headline":"Golpe a la aviaci\u00f3n: Trump disuelve alianza Delta-Aerom\u00e9xico","datePublished":"2025-09-17T03:48:07+00:00","dateModified":"2025-09-17T03:59:41+00:00","mainEntityOfPage":{"@id":"https:\/\/nitu.mx\/index.php\/2025\/09\/16\/golpe-a-la-aviacion-trump-disuelve-alianza-delta-aeromexico\/"},"wordCount":611,"publisher":{"@id":"https:\/\/nitu.mx\/#\/schema\/person\/ae7a53426417292d3dd07b45a33e01bc"},"image":{"@id":"https:\/\/nitu.mx\/index.php\/2025\/09\/16\/golpe-a-la-aviacion-trump-disuelve-alianza-delta-aeromexico\/#primaryimage"},"thumbnailUrl":"https:\/\/nitu.mx\/wp-content\/uploads\/2018\/05\/aeromexico-delta.jpg","keywords":["Aerom\u00e9xico","aviaci\u00f3n","Delta Air Lines","DOT","Estados Unidos"],"articleSection":["Aerol\u00edneas"],"inLanguage":"es-MX"},{"@type":"WebPage","@id":"https:\/\/nitu.mx\/index.php\/2025\/09\/16\/golpe-a-la-aviacion-trump-disuelve-alianza-delta-aeromexico\/","url":"https:\/\/nitu.mx\/index.php\/2025\/09\/16\/golpe-a-la-aviacion-trump-disuelve-alianza-delta-aeromexico\/","name":"Golpe a la aviaci\u00f3n: Trump disuelve alianza Delta-Aerom\u00e9xico - Nitu - Noticias de la Industria Turistica","isPartOf":{"@id":"https:\/\/nitu.mx\/#website"},"primaryImageOfPage":{"@id":"https:\/\/nitu.mx\/index.php\/2025\/09\/16\/golpe-a-la-aviacion-trump-disuelve-alianza-delta-aeromexico\/#primaryimage"},"image":{"@id":"https:\/\/nitu.mx\/index.php\/2025\/09\/16\/golpe-a-la-aviacion-trump-disuelve-alianza-delta-aeromexico\/#primaryimage"},"thumbnailUrl":"https:\/\/nitu.mx\/wp-content\/uploads\/2018\/05\/aeromexico-delta.jpg","datePublished":"2025-09-17T03:48:07+00:00","dateModified":"2025-09-17T03:59:41+00:00","breadcrumb":{"@id":"https:\/\/nitu.mx\/index.php\/2025\/09\/16\/golpe-a-la-aviacion-trump-disuelve-alianza-delta-aeromexico\/#breadcrumb"},"inLanguage":"es-MX","potentialAction":[{"@type":"ReadAction","target":["https:\/\/nitu.mx\/index.php\/2025\/09\/16\/golpe-a-la-aviacion-trump-disuelve-alianza-delta-aeromexico\/"]}]},{"@type":"ImageObject","inLanguage":"es-MX","@id":"https:\/\/nitu.mx\/index.php\/2025\/09\/16\/golpe-a-la-aviacion-trump-disuelve-alianza-delta-aeromexico\/#primaryimage","url":"https:\/\/nitu.mx\/wp-content\/uploads\/2018\/05\/aeromexico-delta.jpg","contentUrl":"https:\/\/nitu.mx\/wp-content\/uploads\/2018\/05\/aeromexico-delta.jpg","width":850,"height":480,"caption":"aerom\u00e9xico delta"},{"@type":"BreadcrumbList","@id":"https:\/\/nitu.mx\/index.php\/2025\/09\/16\/golpe-a-la-aviacion-trump-disuelve-alianza-delta-aeromexico\/#breadcrumb","itemListElement":[{"@type":"ListItem","position":1,"name":"Inicio","item":"https:\/\/nitu.mx\/"},{"@type":"ListItem","position":2,"name":"Golpe a la aviaci\u00f3n: Trump disuelve alianza Delta-Aerom\u00e9xico"}]},{"@type":"WebSite","@id":"https:\/\/nitu.mx\/#website","url":"https:\/\/nitu.mx\/","name":"Nitu - Noticias de la Industria Turistica","description":"Noticias de la Industria Turistica","publisher":{"@id":"https:\/\/nitu.mx\/#\/schema\/person\/ae7a53426417292d3dd07b45a33e01bc"},"alternateName":"Noticias de la Industria Turistica","potentialAction":[{"@type":"SearchAction","target":{"@type":"EntryPoint","urlTemplate":"https:\/\/nitu.mx\/?s={search_term_string}"},"query-input":"required name=search_term_string"}],"inLanguage":"es-MX"},{"@type":["Person","Organization"],"@id":"https:\/\/nitu.mx\/#\/schema\/person\/ae7a53426417292d3dd07b45a33e01bc","name":"Arturo Medina","image":{"@type":"ImageObject","inLanguage":"es-MX","@id":"https:\/\/nitu.mx\/#\/schema\/person\/image\/","url":"https:\/\/nitu.mx\/wp-content\/uploads\/2024\/04\/4A315622-1904-4D5C-B022-878CDC840E04-90x90-1.jpeg","contentUrl":"https:\/\/nitu.mx\/wp-content\/uploads\/2024\/04\/4A315622-1904-4D5C-B022-878CDC840E04-90x90-1.jpeg","width":90,"height":90,"caption":"Arturo Medina"},"logo":{"@id":"https:\/\/nitu.mx\/#\/schema\/person\/image\/"},"description":"Director NITU.mx, Egresado de la Escuela de Periodismo Carlos Septi\u00e9n Garc\u00eda. Periodista y analista especializado en turismo desde hace 35 a\u00f1os, radicado en Canc\u00fan Q.Roo. arturo@nitu.mx","sameAs":["https:\/\/nitu.mx","https:\/\/www.facebook.com\/NITUmx\/","medinacancun","https:\/\/twitter.com\/@Arturo_Medina_G"]},{"@type":"Person","@id":"https:\/\/nitu.mx\/#\/schema\/person\/4a28fe9bd65924f7c90623773daf1b0b","name":"Redacci\u00f3n","image":{"@type":"ImageObject","inLanguage":"es-MX","@id":"https:\/\/nitu.mx\/#\/schema\/person\/image\/","url":"https:\/\/secure.gravatar.com\/avatar\/5dd011c8ccfc5cd7e4c81e42252aab38?s=96&d=mm&r=g","contentUrl":"https:\/\/secure.gravatar.com\/avatar\/5dd011c8ccfc5cd7e4c81e42252aab38?s=96&d=mm&r=g","caption":"Redacci\u00f3n"},"url":"https:\/\/nitu.mx\/index.php\/author\/redaccion\/"}]}},"views":551,"_links":{"self":[{"href":"https:\/\/nitu.mx\/index.php\/wp-json\/wp\/v2\/posts\/83477"}],"collection":[{"href":"https:\/\/nitu.mx\/index.php\/wp-json\/wp\/v2\/posts"}],"about":[{"href":"https:\/\/nitu.mx\/index.php\/wp-json\/wp\/v2\/types\/post"}],"author":[{"embeddable":true,"href":"https:\/\/nitu.mx\/index.php\/wp-json\/wp\/v2\/users\/17"}],"replies":[{"embeddable":true,"href":"https:\/\/nitu.mx\/index.php\/wp-json\/wp\/v2\/comments?post=83477"}],"version-history":[{"count":3,"href":"https:\/\/nitu.mx\/index.php\/wp-json\/wp\/v2\/posts\/83477\/revisions"}],"predecessor-version":[{"id":83487,"href":"https:\/\/nitu.mx\/index.php\/wp-json\/wp\/v2\/posts\/83477\/revisions\/83487"}],"wp:featuredmedia":[{"embeddable":true,"href":"https:\/\/nitu.mx\/index.php\/wp-json\/wp\/v2\/media\/20386"}],"wp:attachment":[{"href":"https:\/\/nitu.mx\/index.php\/wp-json\/wp\/v2\/media?parent=83477"}],"wp:term":[{"taxonomy":"category","embeddable":true,"href":"https:\/\/nitu.mx\/index.php\/wp-json\/wp\/v2\/categories?post=83477"},{"taxonomy":"post_tag","embeddable":true,"href":"https:\/\/nitu.mx\/index.php\/wp-json\/wp\/v2\/tags?post=83477"}],"curies":[{"name":"wp","href":"https:\/\/api.w.org\/{rel}","templated":true}]}}