{"id":83473,"date":"2025-09-15T13:30:14","date_gmt":"2025-09-15T19:30:14","guid":{"rendered":"https:\/\/nitu.mx\/?p=83473"},"modified":"2025-09-15T13:30:14","modified_gmt":"2025-09-15T19:30:14","slug":"plan-viajero-de-ultimo-momento-vive-mexico-con-civitatis","status":"publish","type":"post","link":"https:\/\/nitu.mx\/index.php\/2025\/09\/15\/plan-viajero-de-ultimo-momento-vive-mexico-con-civitatis\/","title":{"rendered":"\u00bfPlan viajero de \u00faltimo momento? Vive M\u00e9xico con Civitatis"},"content":{"rendered":"\n<p>Estos d\u00edas deja las series y viaja a los lugares donde la Independencia de M\u00e9xico cobr\u00f3 vida. Con Civitatis puedes explorar los rincones hist\u00f3ricos en estas ciudades del pa\u00eds y sumergirte en el esp\u00edritu insurgente del siglo XIX.<\/p>\n\n\n\n<p>Quer\u00e9taro<\/p>\n\n\n\n<p>En tranv\u00eda o en un coche cl\u00e1sico recorre esta capital escenario de las conspiraciones insurgentes y Patrimonio Cultural de la Humanidad. De la mano de gu\u00edas expertos pasea por su Centro Hist\u00f3rico lleno de casonas coloniales y visita la Casa de la Corregidora.<\/p>\n\n\n\n<p>Guanajuato<\/p>\n\n\n\n<p>Un tour guiado por las calles de esta ciudad colonial en el coraz\u00f3n de M\u00e9xico hace revivir 1810 en la Alh\u00f3ndiga de Granaditas, un edificio clave en el inicio de la lucha de Independencia.<\/p>\n\n\n\n<p>San Miguel de Allende<\/p>\n\n\n\n<p>No te pierdas el Santuario de Atotonilco, de donde Miguel Hidalgo tom\u00f3 el estandarte de la Virgen de Guadalupe. \u00bfSab\u00edas que el santuario de Jes\u00fas Nazareno de Atotonilco, est\u00e1 considerado la Capilla Sixtina mexicana? Por eso est\u00e1 considerado monumento Patrimonio de la Humanidad.<\/p>\n\n\n\n<p>Morelia<\/p>\n\n\n\n<p>Cuna de h\u00e9roes. Visita el Museo Casa Natal de Morelos y descubre la arquitectura de sus plazas que reflejan el esp\u00edritu insurgente del siglo XIX.<\/p>\n\n\n\n<p>Veracruz<\/p>\n\n\n\n<p>Puerto estrat\u00e9gico en la Independencia de M\u00e9xico. El centro hist\u00f3rico, el malec\u00f3n, el puerto de esta ciudad y el Fuerte de San Juan de Ul\u00faa est\u00e1n llenos de historias, solo hay que alistarse para escucharlas.<\/p>\n\n\n\n<p>Ciudad de M\u00e9xico<\/p>\n\n\n\n<p>El centro hist\u00f3rico es el epicentro de las celebraciones patrias. Disfruta de un paseo por el Z\u00f3calo, y admira la campana de Dolores en el balc\u00f3n central de Palacio Nacional. Sigue hacia Paseo de Reforma para contemplar el \u00c1ngel de la Independencia, no sin antes hacer una escala en el Antiguo Palacio de Iturbide sobre la calle Madero. (<a href=\"https:\/\/nitu.mx\/index.php\/2025\/08\/06\/civitatis-creators-nueva-plataforma-para-creadores-de-contenido-de-viajes-supera-los-1000-afiliados\/\">Civitatis creators, nueva plataforma para creadores de contenido de viajes supera los 1000 afiliados<\/a>).<\/p>\n","protected":false},"excerpt":{"rendered":"<p>Estos d\u00edas deja las series y viaja a los lugares donde la Independencia de M\u00e9xico cobr\u00f3 vida. Con Civitatis puedes explorar los rincones hist\u00f3ricos en estas ciudades del pa\u00eds y sumergirte en el esp\u00edritu insurgente del siglo XIX. Quer\u00e9taro En tranv\u00eda o en un coche cl\u00e1sico recorre esta capital escenario de las conspiraciones insurgentes y [&hellip;]<\/p>\n","protected":false},"author":17,"featured_media":83475,"comment_status":"closed","ping_status":"closed","sticky":false,"template":"","format":"standard","meta":{"footnotes":""},"categories":[3],"tags":[587,22134,5935,511,61],"yoast_head":"<!-- This site is optimized with the Yoast SEO plugin v22.2 - https:\/\/yoast.com\/wordpress\/plugins\/seo\/ -->\n<title>\u00bfPlan viajero de \u00faltimo momento? Vive M\u00e9xico con Civitatis - Nitu - Noticias de la Industria Turistica<\/title>\n<meta name=\"robots\" content=\"index, follow, max-snippet:-1, max-image-preview:large, max-video-preview:-1\" \/>\n<link rel=\"canonical\" href=\"https:\/\/nitu.mx\/index.php\/2025\/09\/15\/plan-viajero-de-ultimo-momento-vive-mexico-con-civitatis\/\" \/>\n<meta name=\"twitter:card\" content=\"summary_large_image\" \/>\n<meta name=\"twitter:title\" content=\"\u00bfPlan viajero de \u00faltimo momento? Vive M\u00e9xico con Civitatis - Nitu - Noticias de la Industria Turistica\" \/>\n<meta name=\"twitter:description\" content=\"Estos d\u00edas deja las series y viaja a los lugares donde la Independencia de M\u00e9xico cobr\u00f3 vida. Con Civitatis puedes explorar los rincones hist\u00f3ricos en estas ciudades del pa\u00eds y sumergirte en el esp\u00edritu insurgente del siglo XIX. Quer\u00e9taro En tranv\u00eda o en un coche cl\u00e1sico recorre esta capital escenario de las conspiraciones insurgentes y [&hellip;]\" \/>\n<meta name=\"twitter:image\" content=\"https:\/\/nitu.mx\/wp-content\/uploads\/2025\/09\/Civitatis-Fiestas-Patrias-2025.jpg\" \/>\n<meta name=\"twitter:creator\" content=\"@NITUmx\" \/>\n<meta name=\"twitter:site\" content=\"@Arturo_Medina_G\" \/>\n<meta name=\"twitter:label1\" content=\"Escrito por\" \/>\n\t<meta name=\"twitter:data1\" content=\"Redacci\u00f3n\" \/>\n\t<meta name=\"twitter:label2\" content=\"Tiempo de lectura\" \/>\n\t<meta name=\"twitter:data2\" content=\"2 minutos\" \/>\n<script type=\"application\/ld+json\" class=\"yoast-schema-graph\">{\"@context\":\"https:\/\/schema.org\",\"@graph\":[{\"@type\":\"Article\",\"@id\":\"https:\/\/nitu.mx\/index.php\/2025\/09\/15\/plan-viajero-de-ultimo-momento-vive-mexico-con-civitatis\/#article\",\"isPartOf\":{\"@id\":\"https:\/\/nitu.mx\/index.php\/2025\/09\/15\/plan-viajero-de-ultimo-momento-vive-mexico-con-civitatis\/\"},\"author\":{\"name\":\"Redacci\u00f3n\",\"@id\":\"https:\/\/nitu.mx\/#\/schema\/person\/4a28fe9bd65924f7c90623773daf1b0b\"},\"headline\":\"\u00bfPlan viajero de \u00faltimo momento? Vive M\u00e9xico con Civitatis\",\"datePublished\":\"2025-09-15T19:30:14+00:00\",\"dateModified\":\"2025-09-15T19:30:14+00:00\",\"mainEntityOfPage\":{\"@id\":\"https:\/\/nitu.mx\/index.php\/2025\/09\/15\/plan-viajero-de-ultimo-momento-vive-mexico-con-civitatis\/\"},\"wordCount\":336,\"publisher\":{\"@id\":\"https:\/\/nitu.mx\/#\/schema\/person\/ae7a53426417292d3dd07b45a33e01bc\"},\"image\":{\"@id\":\"https:\/\/nitu.mx\/index.php\/2025\/09\/15\/plan-viajero-de-ultimo-momento-vive-mexico-con-civitatis\/#primaryimage\"},\"thumbnailUrl\":\"https:\/\/nitu.mx\/wp-content\/uploads\/2025\/09\/Civitatis-Fiestas-Patrias-2025.jpg\",\"keywords\":[\"CDMX\",\"Civitatis\",\"Fiestas Patrias\",\"Guanajuato\",\"Quer\u00e9taro\"],\"articleSection\":[\"Agencias de Viajes\"],\"inLanguage\":\"es-MX\"},{\"@type\":\"WebPage\",\"@id\":\"https:\/\/nitu.mx\/index.php\/2025\/09\/15\/plan-viajero-de-ultimo-momento-vive-mexico-con-civitatis\/\",\"url\":\"https:\/\/nitu.mx\/index.php\/2025\/09\/15\/plan-viajero-de-ultimo-momento-vive-mexico-con-civitatis\/\",\"name\":\"\u00bfPlan viajero de \u00faltimo momento? Vive M\u00e9xico con Civitatis - Nitu - Noticias de la Industria Turistica\",\"isPartOf\":{\"@id\":\"https:\/\/nitu.mx\/#website\"},\"primaryImageOfPage\":{\"@id\":\"https:\/\/nitu.mx\/index.php\/2025\/09\/15\/plan-viajero-de-ultimo-momento-vive-mexico-con-civitatis\/#primaryimage\"},\"image\":{\"@id\":\"https:\/\/nitu.mx\/index.php\/2025\/09\/15\/plan-viajero-de-ultimo-momento-vive-mexico-con-civitatis\/#primaryimage\"},\"thumbnailUrl\":\"https:\/\/nitu.mx\/wp-content\/uploads\/2025\/09\/Civitatis-Fiestas-Patrias-2025.jpg\",\"datePublished\":\"2025-09-15T19:30:14+00:00\",\"dateModified\":\"2025-09-15T19:30:14+00:00\",\"breadcrumb\":{\"@id\":\"https:\/\/nitu.mx\/index.php\/2025\/09\/15\/plan-viajero-de-ultimo-momento-vive-mexico-con-civitatis\/#breadcrumb\"},\"inLanguage\":\"es-MX\",\"potentialAction\":[{\"@type\":\"ReadAction\",\"target\":[\"https:\/\/nitu.mx\/index.php\/2025\/09\/15\/plan-viajero-de-ultimo-momento-vive-mexico-con-civitatis\/\"]}]},{\"@type\":\"ImageObject\",\"inLanguage\":\"es-MX\",\"@id\":\"https:\/\/nitu.mx\/index.php\/2025\/09\/15\/plan-viajero-de-ultimo-momento-vive-mexico-con-civitatis\/#primaryimage\",\"url\":\"https:\/\/nitu.mx\/wp-content\/uploads\/2025\/09\/Civitatis-Fiestas-Patrias-2025.jpg\",\"contentUrl\":\"https:\/\/nitu.mx\/wp-content\/uploads\/2025\/09\/Civitatis-Fiestas-Patrias-2025.jpg\",\"width\":1200,\"height\":675,\"caption\":\"Civitatis Fiestas Patrias 2025\"},{\"@type\":\"BreadcrumbList\",\"@id\":\"https:\/\/nitu.mx\/index.php\/2025\/09\/15\/plan-viajero-de-ultimo-momento-vive-mexico-con-civitatis\/#breadcrumb\",\"itemListElement\":[{\"@type\":\"ListItem\",\"position\":1,\"name\":\"Inicio\",\"item\":\"https:\/\/nitu.mx\/\"},{\"@type\":\"ListItem\",\"position\":2,\"name\":\"\u00bfPlan viajero de \u00faltimo momento? Vive M\u00e9xico con Civitatis\"}]},{\"@type\":\"WebSite\",\"@id\":\"https:\/\/nitu.mx\/#website\",\"url\":\"https:\/\/nitu.mx\/\",\"name\":\"Nitu - Noticias de la Industria Turistica\",\"description\":\"Noticias de la Industria Turistica\",\"publisher\":{\"@id\":\"https:\/\/nitu.mx\/#\/schema\/person\/ae7a53426417292d3dd07b45a33e01bc\"},\"alternateName\":\"Noticias de la Industria Turistica\",\"potentialAction\":[{\"@type\":\"SearchAction\",\"target\":{\"@type\":\"EntryPoint\",\"urlTemplate\":\"https:\/\/nitu.mx\/?s={search_term_string}\"},\"query-input\":\"required name=search_term_string\"}],\"inLanguage\":\"es-MX\"},{\"@type\":[\"Person\",\"Organization\"],\"@id\":\"https:\/\/nitu.mx\/#\/schema\/person\/ae7a53426417292d3dd07b45a33e01bc\",\"name\":\"Arturo Medina\",\"image\":{\"@type\":\"ImageObject\",\"inLanguage\":\"es-MX\",\"@id\":\"https:\/\/nitu.mx\/#\/schema\/person\/image\/\",\"url\":\"https:\/\/nitu.mx\/wp-content\/uploads\/2024\/04\/4A315622-1904-4D5C-B022-878CDC840E04-90x90-1.jpeg\",\"contentUrl\":\"https:\/\/nitu.mx\/wp-content\/uploads\/2024\/04\/4A315622-1904-4D5C-B022-878CDC840E04-90x90-1.jpeg\",\"width\":90,\"height\":90,\"caption\":\"Arturo Medina\"},\"logo\":{\"@id\":\"https:\/\/nitu.mx\/#\/schema\/person\/image\/\"},\"description\":\"Director NITU.mx, Egresado de la Escuela de Periodismo Carlos Septi\u00e9n Garc\u00eda. Periodista y analista especializado en turismo desde hace 35 a\u00f1os, radicado en Canc\u00fan Q.Roo. arturo@nitu.mx\",\"sameAs\":[\"https:\/\/nitu.mx\",\"https:\/\/www.facebook.com\/NITUmx\/\",\"medinacancun\",\"https:\/\/twitter.com\/@Arturo_Medina_G\"]},{\"@type\":\"Person\",\"@id\":\"https:\/\/nitu.mx\/#\/schema\/person\/4a28fe9bd65924f7c90623773daf1b0b\",\"name\":\"Redacci\u00f3n\",\"image\":{\"@type\":\"ImageObject\",\"inLanguage\":\"es-MX\",\"@id\":\"https:\/\/nitu.mx\/#\/schema\/person\/image\/\",\"url\":\"https:\/\/secure.gravatar.com\/avatar\/5dd011c8ccfc5cd7e4c81e42252aab38?s=96&d=mm&r=g\",\"contentUrl\":\"https:\/\/secure.gravatar.com\/avatar\/5dd011c8ccfc5cd7e4c81e42252aab38?s=96&d=mm&r=g\",\"caption\":\"Redacci\u00f3n\"},\"url\":\"https:\/\/nitu.mx\/index.php\/author\/redaccion\/\"}]}<\/script>\n<!-- \/ Yoast SEO plugin. -->","yoast_head_json":{"title":"\u00bfPlan viajero de \u00faltimo momento? Vive M\u00e9xico con Civitatis - Nitu - Noticias de la Industria Turistica","robots":{"index":"index","follow":"follow","max-snippet":"max-snippet:-1","max-image-preview":"max-image-preview:large","max-video-preview":"max-video-preview:-1"},"canonical":"https:\/\/nitu.mx\/index.php\/2025\/09\/15\/plan-viajero-de-ultimo-momento-vive-mexico-con-civitatis\/","twitter_card":"summary_large_image","twitter_title":"\u00bfPlan viajero de \u00faltimo momento? Vive M\u00e9xico con Civitatis - Nitu - Noticias de la Industria Turistica","twitter_description":"Estos d\u00edas deja las series y viaja a los lugares donde la Independencia de M\u00e9xico cobr\u00f3 vida. Con Civitatis puedes explorar los rincones hist\u00f3ricos en estas ciudades del pa\u00eds y sumergirte en el esp\u00edritu insurgente del siglo XIX. Quer\u00e9taro En tranv\u00eda o en un coche cl\u00e1sico recorre esta capital escenario de las conspiraciones insurgentes y [&hellip;]","twitter_image":"https:\/\/nitu.mx\/wp-content\/uploads\/2025\/09\/Civitatis-Fiestas-Patrias-2025.jpg","twitter_creator":"@NITUmx","twitter_site":"@Arturo_Medina_G","twitter_misc":{"Escrito por":"Redacci\u00f3n","Tiempo de lectura":"2 minutos"},"schema":{"@context":"https:\/\/schema.org","@graph":[{"@type":"Article","@id":"https:\/\/nitu.mx\/index.php\/2025\/09\/15\/plan-viajero-de-ultimo-momento-vive-mexico-con-civitatis\/#article","isPartOf":{"@id":"https:\/\/nitu.mx\/index.php\/2025\/09\/15\/plan-viajero-de-ultimo-momento-vive-mexico-con-civitatis\/"},"author":{"name":"Redacci\u00f3n","@id":"https:\/\/nitu.mx\/#\/schema\/person\/4a28fe9bd65924f7c90623773daf1b0b"},"headline":"\u00bfPlan viajero de \u00faltimo momento? Vive M\u00e9xico con Civitatis","datePublished":"2025-09-15T19:30:14+00:00","dateModified":"2025-09-15T19:30:14+00:00","mainEntityOfPage":{"@id":"https:\/\/nitu.mx\/index.php\/2025\/09\/15\/plan-viajero-de-ultimo-momento-vive-mexico-con-civitatis\/"},"wordCount":336,"publisher":{"@id":"https:\/\/nitu.mx\/#\/schema\/person\/ae7a53426417292d3dd07b45a33e01bc"},"image":{"@id":"https:\/\/nitu.mx\/index.php\/2025\/09\/15\/plan-viajero-de-ultimo-momento-vive-mexico-con-civitatis\/#primaryimage"},"thumbnailUrl":"https:\/\/nitu.mx\/wp-content\/uploads\/2025\/09\/Civitatis-Fiestas-Patrias-2025.jpg","keywords":["CDMX","Civitatis","Fiestas Patrias","Guanajuato","Quer\u00e9taro"],"articleSection":["Agencias de Viajes"],"inLanguage":"es-MX"},{"@type":"WebPage","@id":"https:\/\/nitu.mx\/index.php\/2025\/09\/15\/plan-viajero-de-ultimo-momento-vive-mexico-con-civitatis\/","url":"https:\/\/nitu.mx\/index.php\/2025\/09\/15\/plan-viajero-de-ultimo-momento-vive-mexico-con-civitatis\/","name":"\u00bfPlan viajero de \u00faltimo momento? Vive M\u00e9xico con Civitatis - Nitu - Noticias de la Industria Turistica","isPartOf":{"@id":"https:\/\/nitu.mx\/#website"},"primaryImageOfPage":{"@id":"https:\/\/nitu.mx\/index.php\/2025\/09\/15\/plan-viajero-de-ultimo-momento-vive-mexico-con-civitatis\/#primaryimage"},"image":{"@id":"https:\/\/nitu.mx\/index.php\/2025\/09\/15\/plan-viajero-de-ultimo-momento-vive-mexico-con-civitatis\/#primaryimage"},"thumbnailUrl":"https:\/\/nitu.mx\/wp-content\/uploads\/2025\/09\/Civitatis-Fiestas-Patrias-2025.jpg","datePublished":"2025-09-15T19:30:14+00:00","dateModified":"2025-09-15T19:30:14+00:00","breadcrumb":{"@id":"https:\/\/nitu.mx\/index.php\/2025\/09\/15\/plan-viajero-de-ultimo-momento-vive-mexico-con-civitatis\/#breadcrumb"},"inLanguage":"es-MX","potentialAction":[{"@type":"ReadAction","target":["https:\/\/nitu.mx\/index.php\/2025\/09\/15\/plan-viajero-de-ultimo-momento-vive-mexico-con-civitatis\/"]}]},{"@type":"ImageObject","inLanguage":"es-MX","@id":"https:\/\/nitu.mx\/index.php\/2025\/09\/15\/plan-viajero-de-ultimo-momento-vive-mexico-con-civitatis\/#primaryimage","url":"https:\/\/nitu.mx\/wp-content\/uploads\/2025\/09\/Civitatis-Fiestas-Patrias-2025.jpg","contentUrl":"https:\/\/nitu.mx\/wp-content\/uploads\/2025\/09\/Civitatis-Fiestas-Patrias-2025.jpg","width":1200,"height":675,"caption":"Civitatis Fiestas Patrias 2025"},{"@type":"BreadcrumbList","@id":"https:\/\/nitu.mx\/index.php\/2025\/09\/15\/plan-viajero-de-ultimo-momento-vive-mexico-con-civitatis\/#breadcrumb","itemListElement":[{"@type":"ListItem","position":1,"name":"Inicio","item":"https:\/\/nitu.mx\/"},{"@type":"ListItem","position":2,"name":"\u00bfPlan viajero de \u00faltimo momento? Vive M\u00e9xico con Civitatis"}]},{"@type":"WebSite","@id":"https:\/\/nitu.mx\/#website","url":"https:\/\/nitu.mx\/","name":"Nitu - Noticias de la Industria Turistica","description":"Noticias de la Industria Turistica","publisher":{"@id":"https:\/\/nitu.mx\/#\/schema\/person\/ae7a53426417292d3dd07b45a33e01bc"},"alternateName":"Noticias de la Industria Turistica","potentialAction":[{"@type":"SearchAction","target":{"@type":"EntryPoint","urlTemplate":"https:\/\/nitu.mx\/?s={search_term_string}"},"query-input":"required name=search_term_string"}],"inLanguage":"es-MX"},{"@type":["Person","Organization"],"@id":"https:\/\/nitu.mx\/#\/schema\/person\/ae7a53426417292d3dd07b45a33e01bc","name":"Arturo Medina","image":{"@type":"ImageObject","inLanguage":"es-MX","@id":"https:\/\/nitu.mx\/#\/schema\/person\/image\/","url":"https:\/\/nitu.mx\/wp-content\/uploads\/2024\/04\/4A315622-1904-4D5C-B022-878CDC840E04-90x90-1.jpeg","contentUrl":"https:\/\/nitu.mx\/wp-content\/uploads\/2024\/04\/4A315622-1904-4D5C-B022-878CDC840E04-90x90-1.jpeg","width":90,"height":90,"caption":"Arturo Medina"},"logo":{"@id":"https:\/\/nitu.mx\/#\/schema\/person\/image\/"},"description":"Director NITU.mx, Egresado de la Escuela de Periodismo Carlos Septi\u00e9n Garc\u00eda. Periodista y analista especializado en turismo desde hace 35 a\u00f1os, radicado en Canc\u00fan Q.Roo. arturo@nitu.mx","sameAs":["https:\/\/nitu.mx","https:\/\/www.facebook.com\/NITUmx\/","medinacancun","https:\/\/twitter.com\/@Arturo_Medina_G"]},{"@type":"Person","@id":"https:\/\/nitu.mx\/#\/schema\/person\/4a28fe9bd65924f7c90623773daf1b0b","name":"Redacci\u00f3n","image":{"@type":"ImageObject","inLanguage":"es-MX","@id":"https:\/\/nitu.mx\/#\/schema\/person\/image\/","url":"https:\/\/secure.gravatar.com\/avatar\/5dd011c8ccfc5cd7e4c81e42252aab38?s=96&d=mm&r=g","contentUrl":"https:\/\/secure.gravatar.com\/avatar\/5dd011c8ccfc5cd7e4c81e42252aab38?s=96&d=mm&r=g","caption":"Redacci\u00f3n"},"url":"https:\/\/nitu.mx\/index.php\/author\/redaccion\/"}]}},"views":772,"_links":{"self":[{"href":"https:\/\/nitu.mx\/index.php\/wp-json\/wp\/v2\/posts\/83473"}],"collection":[{"href":"https:\/\/nitu.mx\/index.php\/wp-json\/wp\/v2\/posts"}],"about":[{"href":"https:\/\/nitu.mx\/index.php\/wp-json\/wp\/v2\/types\/post"}],"author":[{"embeddable":true,"href":"https:\/\/nitu.mx\/index.php\/wp-json\/wp\/v2\/users\/17"}],"replies":[{"embeddable":true,"href":"https:\/\/nitu.mx\/index.php\/wp-json\/wp\/v2\/comments?post=83473"}],"version-history":[{"count":1,"href":"https:\/\/nitu.mx\/index.php\/wp-json\/wp\/v2\/posts\/83473\/revisions"}],"predecessor-version":[{"id":83476,"href":"https:\/\/nitu.mx\/index.php\/wp-json\/wp\/v2\/posts\/83473\/revisions\/83476"}],"wp:featuredmedia":[{"embeddable":true,"href":"https:\/\/nitu.mx\/index.php\/wp-json\/wp\/v2\/media\/83475"}],"wp:attachment":[{"href":"https:\/\/nitu.mx\/index.php\/wp-json\/wp\/v2\/media?parent=83473"}],"wp:term":[{"taxonomy":"category","embeddable":true,"href":"https:\/\/nitu.mx\/index.php\/wp-json\/wp\/v2\/categories?post=83473"},{"taxonomy":"post_tag","embeddable":true,"href":"https:\/\/nitu.mx\/index.php\/wp-json\/wp\/v2\/tags?post=83473"}],"curies":[{"name":"wp","href":"https:\/\/api.w.org\/{rel}","templated":true}]}}